{"id":98513,"date":"2023-12-02T23:36:23","date_gmt":"2023-12-03T02:36:23","guid":{"rendered":"https:\/\/regiaonews.net.br\/2022\/?p=98513"},"modified":"2023-12-02T23:36:23","modified_gmt":"2023-12-03T02:36:23","slug":"corinthians-perde-na-arena-na-despedida-de-fabio-santos","status":"publish","type":"post","link":"https:\/\/regiaonews.net.br\/2022\/2023\/12\/02\/corinthians-perde-na-arena-na-despedida-de-fabio-santos\/","title":{"rendered":"Corinthians perde na Arena na despedida de F\u00e1bio Santos"},"content":{"rendered":"<figure id=\"imagem_principal\" class=\"imagem_intext creditada\"><figcaption>\n<p class=\"legenda\">\n<\/figcaption><\/figure>\n<article id=\"noticia\" class=\"default\">\n<div id=\"container_placar\" class=\"placar_geral futebol\">\n<div id=\"box_checkin\">\n<div class=\"botoes_controle_jogo\" data-idjogo=\"7659\" data-show-confirmados=\"1\"><\/div>\n<\/div>\n<\/div>\n<div class=\"texto\">\n<p>Foto &#8211; Jhony In\u00e1cio<\/p>\n<p>Neste s\u00e1bado, o <a class=\"hotword\" href=\"https:\/\/www.meutimao.com.br\/\" target=\"_blank\" rel=\"noopener\">Corinthians<\/a>\u00a0enfrentou o Internacional pela pen\u00faltima rodada do Brasileir\u00e3o. Com direito a homenagem no pr\u00e9-jogo,\u00a0<a href=\"https:\/\/www.meutimao.com.br\/noticias-do-corinthians\/465883\/homenagem-do-corinthians-a-fabio-santos-conta-com-emocao-de-renato-augusto-veja-imagens\">a partida marcou a despedida oficial de F\u00e1bio Santos da Neo Qu\u00edmica Arena<\/a>\u00a0, j\u00e1 que o lateral faz sua \u00faltima temporada como jogador de futebol em 2023.\u00a0<strong>O time alvinegro n\u00e3o fez valer a celebra\u00e7\u00e3o e perdeu por 2 a 1 para o rival.<\/strong><\/p>\n<div class=\"pbmt publicidade_300x250 pbmt_container \">\n<div class=\"pbmt\">\n<div class=\"pbmt publicidade_arroba publicidade_300x250\">\n<div id=\"place_gam_28\" data-prebid=\"true\" data-aps=\"true\" data-google-query-id=\"CPWis8yL8oIDFZ-WlQIdvtULcg\">\n<div class=\"teads-inread xs-screen\">\n<div>\n<div class=\"teads-ui-components-label\"><\/div>\n<\/div>\n<\/div>\n<\/div>\n<\/div>\n<\/div>\n<\/div>\n<p>No primeiro tempo, as equipes se estudaram bastante nos minutos iniciais e pouco chegaram assustaram as defesas. Apesar do jogo morno, o Internacional chegou ao gol com Maur\u00edcio e foi ao intervalo com 1 a 0 no placar. O Tim\u00e3o quase n\u00e3o preocupou o rival em campo.<\/p>\n<p>A segunda etapa foi melhor para o Corinthians. O time alvinegro cresceu no jogo e conseguiu o empate logo no in\u00edcio com Romero. Apesar do bom come\u00e7o, o Internacional voltou a atacar e marcou mais um. No final, o Tim\u00e3o n\u00e3o conseguiu reagir e perdeu a partida.<\/p>\n<p><a href=\"https:\/\/www.meutimao.com.br\/noticias-do-corinthians\/465733\/corinthians-confirma-data-da-estreia-de-camisa-criada-pela-torcida\">O jogo ainda marcou a estreia do uniforme IV do Corinthians na temporada, o \u201cOrigens\u201d<\/a>\u00a0. A camisa, feita pela pr\u00f3pria torcida por meio de campanha do clube com a Nike, \u00e9 beje com o antigo escudo do Corinthians na parte central do peito.<\/p>\n<div class=\"pbmt publicidade_300x250 pbmt_container \">\n<div class=\"pbmt\">\n<div class=\"pbmt publicidade_arroba publicidade_300x250\">\n<div class=\"teads-inread xs-screen\">\n<div class=\"teads-ui-components-adchoices\"><\/div>\n<div class=\"teads-ui-components-label\"><\/div>\n<div id=\"teads0\" class=\"teads-player\">O pr\u00f3ximo compromisso da\u00a0 equipe alvinegra \u00e9 com\u00a0 o Coritiba, pela \u00faltima rodada do campeonato nacional. O Tim\u00e3o vai ao Couto Pereira, no Paran\u00e1, na quarta-feira, dia 6, para encerrar a temporada.<\/div>\n<\/div>\n<\/div>\n<\/div>\n<\/div>\n<\/div>\n<\/article>\n","protected":false},"excerpt":{"rendered":"<p>Foto &#8211; Jhony In\u00e1cio Neste s\u00e1bado, o Corinthians\u00a0enfrentou o Internacional<\/p>\n","protected":false},"author":2,"featured_media":98514,"comment_status":"open","ping_status":"open","sticky":false,"template":"","format":"standard","meta":{"footnotes":""},"categories":[127,21],"tags":[],"class_list":["post-98513","post","type-post","status-publish","format-standard","has-post-thumbnail","hentry","category-brasileirao","category-esporte"],"yoast_head":"<!-- This site is optimized with the Yoast SEO plugin v27.4 - https:\/\/yoast.com\/product\/yoast-seo-wordpress\/ -->\n<title>Corinthians perde na Arena na despedida de F\u00e1bio Santos - Regi\u00e3o News<\/title>\n<meta name=\"robots\" content=\"index, follow, max-snippet:-1, max-image-preview:large, max-video-preview:-1\" \/>\n<link rel=\"canonical\" href=\"https:\/\/regiaonews.net.br\/2022\/2023\/12\/02\/corinthians-perde-na-arena-na-despedida-de-fabio-santos\/\" \/>\n<meta property=\"og:locale\" content=\"pt_BR\" \/>\n<meta property=\"og:type\" content=\"article\" \/>\n<meta property=\"og:title\" content=\"Corinthians perde na Arena na despedida de F\u00e1bio Santos - Regi\u00e3o News\" \/>\n<meta property=\"og:description\" content=\"Foto &#8211; Jhony In\u00e1cio Neste s\u00e1bado, o Corinthians\u00a0enfrentou o Internacional\" \/>\n<meta property=\"og:url\" content=\"https:\/\/regiaonews.net.br\/2022\/2023\/12\/02\/corinthians-perde-na-arena-na-despedida-de-fabio-santos\/\" \/>\n<meta property=\"og:site_name\" content=\"Regi\u00e3o News\" \/>\n<meta property=\"article:published_time\" content=\"2023-12-03T02:36:23+00:00\" \/>\n<meta property=\"og:image\" content=\"https:\/\/regiaonews.net.br\/2022\/wp-content\/uploads\/2023\/12\/fabio_santos_em_acao_contra_o_internacional_ucmi.jpg\" \/>\n\t<meta property=\"og:image:width\" content=\"614\" \/>\n\t<meta property=\"og:image:height\" content=\"409\" \/>\n\t<meta property=\"og:image:type\" content=\"image\/jpeg\" \/>\n<meta name=\"author\" content=\"Roberto\" \/>\n<meta name=\"twitter:card\" content=\"summary_large_image\" \/>\n<meta name=\"twitter:label1\" content=\"Escrito por\" \/>\n\t<meta name=\"twitter:data1\" content=\"Roberto\" \/>\n\t<meta name=\"twitter:label2\" content=\"Est. tempo de leitura\" \/>\n\t<meta name=\"twitter:data2\" content=\"2 minutos\" \/>\n<script type=\"application\/ld+json\" class=\"yoast-schema-graph\">{\"@context\":\"https:\\\/\\\/schema.org\",\"@graph\":[{\"@type\":\"Article\",\"@id\":\"https:\\\/\\\/regiaonews.net.br\\\/2022\\\/2023\\\/12\\\/02\\\/corinthians-perde-na-arena-na-despedida-de-fabio-santos\\\/#article\",\"isPartOf\":{\"@id\":\"https:\\\/\\\/regiaonews.net.br\\\/2022\\\/2023\\\/12\\\/02\\\/corinthians-perde-na-arena-na-despedida-de-fabio-santos\\\/\"},\"author\":{\"name\":\"Roberto\",\"@id\":\"https:\\\/\\\/regiaonews.net.br\\\/2022\\\/#\\\/schema\\\/person\\\/2d205a608a5aa97ac279d7a5e6d89ad8\"},\"headline\":\"Corinthians perde na Arena na despedida de F\u00e1bio Santos\",\"datePublished\":\"2023-12-03T02:36:23+00:00\",\"mainEntityOfPage\":{\"@id\":\"https:\\\/\\\/regiaonews.net.br\\\/2022\\\/2023\\\/12\\\/02\\\/corinthians-perde-na-arena-na-despedida-de-fabio-santos\\\/\"},\"wordCount\":256,\"commentCount\":0,\"publisher\":{\"@id\":\"https:\\\/\\\/regiaonews.net.br\\\/2022\\\/#organization\"},\"image\":{\"@id\":\"https:\\\/\\\/regiaonews.net.br\\\/2022\\\/2023\\\/12\\\/02\\\/corinthians-perde-na-arena-na-despedida-de-fabio-santos\\\/#primaryimage\"},\"thumbnailUrl\":\"https:\\\/\\\/regiaonews.net.br\\\/2022\\\/wp-content\\\/uploads\\\/2023\\\/12\\\/fabio_santos_em_acao_contra_o_internacional_ucmi.jpg\",\"articleSection\":[\"Brasileir\u00e3o\",\"Esporte\"],\"inLanguage\":\"pt-BR\",\"potentialAction\":[{\"@type\":\"CommentAction\",\"name\":\"Comment\",\"target\":[\"https:\\\/\\\/regiaonews.net.br\\\/2022\\\/2023\\\/12\\\/02\\\/corinthians-perde-na-arena-na-despedida-de-fabio-santos\\\/#respond\"]}]},{\"@type\":\"WebPage\",\"@id\":\"https:\\\/\\\/regiaonews.net.br\\\/2022\\\/2023\\\/12\\\/02\\\/corinthians-perde-na-arena-na-despedida-de-fabio-santos\\\/\",\"url\":\"https:\\\/\\\/regiaonews.net.br\\\/2022\\\/2023\\\/12\\\/02\\\/corinthians-perde-na-arena-na-despedida-de-fabio-santos\\\/\",\"name\":\"Corinthians perde na Arena na despedida de F\u00e1bio Santos - Regi\u00e3o News\",\"isPartOf\":{\"@id\":\"https:\\\/\\\/regiaonews.net.br\\\/2022\\\/#website\"},\"primaryImageOfPage\":{\"@id\":\"https:\\\/\\\/regiaonews.net.br\\\/2022\\\/2023\\\/12\\\/02\\\/corinthians-perde-na-arena-na-despedida-de-fabio-santos\\\/#primaryimage\"},\"image\":{\"@id\":\"https:\\\/\\\/regiaonews.net.br\\\/2022\\\/2023\\\/12\\\/02\\\/corinthians-perde-na-arena-na-despedida-de-fabio-santos\\\/#primaryimage\"},\"thumbnailUrl\":\"https:\\\/\\\/regiaonews.net.br\\\/2022\\\/wp-content\\\/uploads\\\/2023\\\/12\\\/fabio_santos_em_acao_contra_o_internacional_ucmi.jpg\",\"datePublished\":\"2023-12-03T02:36:23+00:00\",\"breadcrumb\":{\"@id\":\"https:\\\/\\\/regiaonews.net.br\\\/2022\\\/2023\\\/12\\\/02\\\/corinthians-perde-na-arena-na-despedida-de-fabio-santos\\\/#breadcrumb\"},\"inLanguage\":\"pt-BR\",\"potentialAction\":[{\"@type\":\"ReadAction\",\"target\":[\"https:\\\/\\\/regiaonews.net.br\\\/2022\\\/2023\\\/12\\\/02\\\/corinthians-perde-na-arena-na-despedida-de-fabio-santos\\\/\"]}]},{\"@type\":\"ImageObject\",\"inLanguage\":\"pt-BR\",\"@id\":\"https:\\\/\\\/regiaonews.net.br\\\/2022\\\/2023\\\/12\\\/02\\\/corinthians-perde-na-arena-na-despedida-de-fabio-santos\\\/#primaryimage\",\"url\":\"https:\\\/\\\/regiaonews.net.br\\\/2022\\\/wp-content\\\/uploads\\\/2023\\\/12\\\/fabio_santos_em_acao_contra_o_internacional_ucmi.jpg\",\"contentUrl\":\"https:\\\/\\\/regiaonews.net.br\\\/2022\\\/wp-content\\\/uploads\\\/2023\\\/12\\\/fabio_santos_em_acao_contra_o_internacional_ucmi.jpg\",\"width\":614,\"height\":409},{\"@type\":\"BreadcrumbList\",\"@id\":\"https:\\\/\\\/regiaonews.net.br\\\/2022\\\/2023\\\/12\\\/02\\\/corinthians-perde-na-arena-na-despedida-de-fabio-santos\\\/#breadcrumb\",\"itemListElement\":[{\"@type\":\"ListItem\",\"position\":1,\"name\":\"In\u00edcio\",\"item\":\"https:\\\/\\\/regiaonews.net.br\\\/2022\\\/\"},{\"@type\":\"ListItem\",\"position\":2,\"name\":\"Corinthians perde na Arena na despedida de F\u00e1bio Santos\"}]},{\"@type\":\"WebSite\",\"@id\":\"https:\\\/\\\/regiaonews.net.br\\\/2022\\\/#website\",\"url\":\"https:\\\/\\\/regiaonews.net.br\\\/2022\\\/\",\"name\":\"Regi\u00e3o News\",\"description\":\"Site de Not\u00edcias de Barretos e regi\u00e3o\",\"publisher\":{\"@id\":\"https:\\\/\\\/regiaonews.net.br\\\/2022\\\/#organization\"},\"potentialAction\":[{\"@type\":\"SearchAction\",\"target\":{\"@type\":\"EntryPoint\",\"urlTemplate\":\"https:\\\/\\\/regiaonews.net.br\\\/2022\\\/?s={search_term_string}\"},\"query-input\":{\"@type\":\"PropertyValueSpecification\",\"valueRequired\":true,\"valueName\":\"search_term_string\"}}],\"inLanguage\":\"pt-BR\"},{\"@type\":\"Organization\",\"@id\":\"https:\\\/\\\/regiaonews.net.br\\\/2022\\\/#organization\",\"name\":\"Regi\u00e3o News\",\"url\":\"https:\\\/\\\/regiaonews.net.br\\\/2022\\\/\",\"logo\":{\"@type\":\"ImageObject\",\"inLanguage\":\"pt-BR\",\"@id\":\"https:\\\/\\\/regiaonews.net.br\\\/2022\\\/#\\\/schema\\\/logo\\\/image\\\/\",\"url\":\"https:\\\/\\\/regiaonews.net.br\\\/2022\\\/wp-content\\\/uploads\\\/2026\\\/03\\\/regiao-13-anos-scaled.jpg\",\"contentUrl\":\"https:\\\/\\\/regiaonews.net.br\\\/2022\\\/wp-content\\\/uploads\\\/2026\\\/03\\\/regiao-13-anos-scaled.jpg\",\"width\":2560,\"height\":635,\"caption\":\"Regi\u00e3o News\"},\"image\":{\"@id\":\"https:\\\/\\\/regiaonews.net.br\\\/2022\\\/#\\\/schema\\\/logo\\\/image\\\/\"}},{\"@type\":\"Person\",\"@id\":\"https:\\\/\\\/regiaonews.net.br\\\/2022\\\/#\\\/schema\\\/person\\\/2d205a608a5aa97ac279d7a5e6d89ad8\",\"name\":\"Roberto\",\"image\":{\"@type\":\"ImageObject\",\"inLanguage\":\"pt-BR\",\"@id\":\"https:\\\/\\\/secure.gravatar.com\\\/avatar\\\/42749d8b712ff9d59ca93dc150494e5b55a44134482993f5baeb97e61b7ecc89?s=96&d=mm&r=g\",\"url\":\"https:\\\/\\\/secure.gravatar.com\\\/avatar\\\/42749d8b712ff9d59ca93dc150494e5b55a44134482993f5baeb97e61b7ecc89?s=96&d=mm&r=g\",\"contentUrl\":\"https:\\\/\\\/secure.gravatar.com\\\/avatar\\\/42749d8b712ff9d59ca93dc150494e5b55a44134482993f5baeb97e61b7ecc89?s=96&d=mm&r=g\",\"caption\":\"Roberto\"},\"url\":\"https:\\\/\\\/regiaonews.net.br\\\/2022\\\/author\\\/roberto\\\/\"}]}<\/script>\n<!-- \/ Yoast SEO plugin. -->","yoast_head_json":{"title":"Corinthians perde na Arena na despedida de F\u00e1bio Santos - Regi\u00e3o News","robots":{"index":"index","follow":"follow","max-snippet":"max-snippet:-1","max-image-preview":"max-image-preview:large","max-video-preview":"max-video-preview:-1"},"canonical":"https:\/\/regiaonews.net.br\/2022\/2023\/12\/02\/corinthians-perde-na-arena-na-despedida-de-fabio-santos\/","og_locale":"pt_BR","og_type":"article","og_title":"Corinthians perde na Arena na despedida de F\u00e1bio Santos - Regi\u00e3o News","og_description":"Foto &#8211; Jhony In\u00e1cio Neste s\u00e1bado, o Corinthians\u00a0enfrentou o Internacional","og_url":"https:\/\/regiaonews.net.br\/2022\/2023\/12\/02\/corinthians-perde-na-arena-na-despedida-de-fabio-santos\/","og_site_name":"Regi\u00e3o News","article_published_time":"2023-12-03T02:36:23+00:00","og_image":[{"width":614,"height":409,"url":"https:\/\/regiaonews.net.br\/2022\/wp-content\/uploads\/2023\/12\/fabio_santos_em_acao_contra_o_internacional_ucmi.jpg","type":"image\/jpeg"}],"author":"Roberto","twitter_card":"summary_large_image","twitter_misc":{"Escrito por":"Roberto","Est. tempo de leitura":"2 minutos"},"schema":{"@context":"https:\/\/schema.org","@graph":[{"@type":"Article","@id":"https:\/\/regiaonews.net.br\/2022\/2023\/12\/02\/corinthians-perde-na-arena-na-despedida-de-fabio-santos\/#article","isPartOf":{"@id":"https:\/\/regiaonews.net.br\/2022\/2023\/12\/02\/corinthians-perde-na-arena-na-despedida-de-fabio-santos\/"},"author":{"name":"Roberto","@id":"https:\/\/regiaonews.net.br\/2022\/#\/schema\/person\/2d205a608a5aa97ac279d7a5e6d89ad8"},"headline":"Corinthians perde na Arena na despedida de F\u00e1bio Santos","datePublished":"2023-12-03T02:36:23+00:00","mainEntityOfPage":{"@id":"https:\/\/regiaonews.net.br\/2022\/2023\/12\/02\/corinthians-perde-na-arena-na-despedida-de-fabio-santos\/"},"wordCount":256,"commentCount":0,"publisher":{"@id":"https:\/\/regiaonews.net.br\/2022\/#organization"},"image":{"@id":"https:\/\/regiaonews.net.br\/2022\/2023\/12\/02\/corinthians-perde-na-arena-na-despedida-de-fabio-santos\/#primaryimage"},"thumbnailUrl":"https:\/\/regiaonews.net.br\/2022\/wp-content\/uploads\/2023\/12\/fabio_santos_em_acao_contra_o_internacional_ucmi.jpg","articleSection":["Brasileir\u00e3o","Esporte"],"inLanguage":"pt-BR","potentialAction":[{"@type":"CommentAction","name":"Comment","target":["https:\/\/regiaonews.net.br\/2022\/2023\/12\/02\/corinthians-perde-na-arena-na-despedida-de-fabio-santos\/#respond"]}]},{"@type":"WebPage","@id":"https:\/\/regiaonews.net.br\/2022\/2023\/12\/02\/corinthians-perde-na-arena-na-despedida-de-fabio-santos\/","url":"https:\/\/regiaonews.net.br\/2022\/2023\/12\/02\/corinthians-perde-na-arena-na-despedida-de-fabio-santos\/","name":"Corinthians perde na Arena na despedida de F\u00e1bio Santos - Regi\u00e3o News","isPartOf":{"@id":"https:\/\/regiaonews.net.br\/2022\/#website"},"primaryImageOfPage":{"@id":"https:\/\/regiaonews.net.br\/2022\/2023\/12\/02\/corinthians-perde-na-arena-na-despedida-de-fabio-santos\/#primaryimage"},"image":{"@id":"https:\/\/regiaonews.net.br\/2022\/2023\/12\/02\/corinthians-perde-na-arena-na-despedida-de-fabio-santos\/#primaryimage"},"thumbnailUrl":"https:\/\/regiaonews.net.br\/2022\/wp-content\/uploads\/2023\/12\/fabio_santos_em_acao_contra_o_internacional_ucmi.jpg","datePublished":"2023-12-03T02:36:23+00:00","breadcrumb":{"@id":"https:\/\/regiaonews.net.br\/2022\/2023\/12\/02\/corinthians-perde-na-arena-na-despedida-de-fabio-santos\/#breadcrumb"},"inLanguage":"pt-BR","potentialAction":[{"@type":"ReadAction","target":["https:\/\/regiaonews.net.br\/2022\/2023\/12\/02\/corinthians-perde-na-arena-na-despedida-de-fabio-santos\/"]}]},{"@type":"ImageObject","inLanguage":"pt-BR","@id":"https:\/\/regiaonews.net.br\/2022\/2023\/12\/02\/corinthians-perde-na-arena-na-despedida-de-fabio-santos\/#primaryimage","url":"https:\/\/regiaonews.net.br\/2022\/wp-content\/uploads\/2023\/12\/fabio_santos_em_acao_contra_o_internacional_ucmi.jpg","contentUrl":"https:\/\/regiaonews.net.br\/2022\/wp-content\/uploads\/2023\/12\/fabio_santos_em_acao_contra_o_internacional_ucmi.jpg","width":614,"height":409},{"@type":"BreadcrumbList","@id":"https:\/\/regiaonews.net.br\/2022\/2023\/12\/02\/corinthians-perde-na-arena-na-despedida-de-fabio-santos\/#breadcrumb","itemListElement":[{"@type":"ListItem","position":1,"name":"In\u00edcio","item":"https:\/\/regiaonews.net.br\/2022\/"},{"@type":"ListItem","position":2,"name":"Corinthians perde na Arena na despedida de F\u00e1bio Santos"}]},{"@type":"WebSite","@id":"https:\/\/regiaonews.net.br\/2022\/#website","url":"https:\/\/regiaonews.net.br\/2022\/","name":"Regi\u00e3o News","description":"Site de Not\u00edcias de Barretos e regi\u00e3o","publisher":{"@id":"https:\/\/regiaonews.net.br\/2022\/#organization"},"potentialAction":[{"@type":"SearchAction","target":{"@type":"EntryPoint","urlTemplate":"https:\/\/regiaonews.net.br\/2022\/?s={search_term_string}"},"query-input":{"@type":"PropertyValueSpecification","valueRequired":true,"valueName":"search_term_string"}}],"inLanguage":"pt-BR"},{"@type":"Organization","@id":"https:\/\/regiaonews.net.br\/2022\/#organization","name":"Regi\u00e3o News","url":"https:\/\/regiaonews.net.br\/2022\/","logo":{"@type":"ImageObject","inLanguage":"pt-BR","@id":"https:\/\/regiaonews.net.br\/2022\/#\/schema\/logo\/image\/","url":"https:\/\/regiaonews.net.br\/2022\/wp-content\/uploads\/2026\/03\/regiao-13-anos-scaled.jpg","contentUrl":"https:\/\/regiaonews.net.br\/2022\/wp-content\/uploads\/2026\/03\/regiao-13-anos-scaled.jpg","width":2560,"height":635,"caption":"Regi\u00e3o News"},"image":{"@id":"https:\/\/regiaonews.net.br\/2022\/#\/schema\/logo\/image\/"}},{"@type":"Person","@id":"https:\/\/regiaonews.net.br\/2022\/#\/schema\/person\/2d205a608a5aa97ac279d7a5e6d89ad8","name":"Roberto","image":{"@type":"ImageObject","inLanguage":"pt-BR","@id":"https:\/\/secure.gravatar.com\/avatar\/42749d8b712ff9d59ca93dc150494e5b55a44134482993f5baeb97e61b7ecc89?s=96&d=mm&r=g","url":"https:\/\/secure.gravatar.com\/avatar\/42749d8b712ff9d59ca93dc150494e5b55a44134482993f5baeb97e61b7ecc89?s=96&d=mm&r=g","contentUrl":"https:\/\/secure.gravatar.com\/avatar\/42749d8b712ff9d59ca93dc150494e5b55a44134482993f5baeb97e61b7ecc89?s=96&d=mm&r=g","caption":"Roberto"},"url":"https:\/\/regiaonews.net.br\/2022\/author\/roberto\/"}]}},"publishpress_future_action":{"enabled":false,"date":"2026-05-04 17:27:18","action":"change-status","newStatus":"draft","terms":[],"taxonomy":"category","extraData":[]},"publishpress_future_workflow_manual_trigger":{"enabledWorkflows":[]},"_links":{"self":[{"href":"https:\/\/regiaonews.net.br\/2022\/wp-json\/wp\/v2\/posts\/98513","targetHints":{"allow":["GET"]}}],"collection":[{"href":"https:\/\/regiaonews.net.br\/2022\/wp-json\/wp\/v2\/posts"}],"about":[{"href":"https:\/\/regiaonews.net.br\/2022\/wp-json\/wp\/v2\/types\/post"}],"author":[{"embeddable":true,"href":"https:\/\/regiaonews.net.br\/2022\/wp-json\/wp\/v2\/users\/2"}],"replies":[{"embeddable":true,"href":"https:\/\/regiaonews.net.br\/2022\/wp-json\/wp\/v2\/comments?post=98513"}],"version-history":[{"count":1,"href":"https:\/\/regiaonews.net.br\/2022\/wp-json\/wp\/v2\/posts\/98513\/revisions"}],"predecessor-version":[{"id":98515,"href":"https:\/\/regiaonews.net.br\/2022\/wp-json\/wp\/v2\/posts\/98513\/revisions\/98515"}],"wp:featuredmedia":[{"embeddable":true,"href":"https:\/\/regiaonews.net.br\/2022\/wp-json\/wp\/v2\/media\/98514"}],"wp:attachment":[{"href":"https:\/\/regiaonews.net.br\/2022\/wp-json\/wp\/v2\/media?parent=98513"}],"wp:term":[{"taxonomy":"category","embeddable":true,"href":"https:\/\/regiaonews.net.br\/2022\/wp-json\/wp\/v2\/categories?post=98513"},{"taxonomy":"post_tag","embeddable":true,"href":"https:\/\/regiaonews.net.br\/2022\/wp-json\/wp\/v2\/tags?post=98513"}],"curies":[{"name":"wp","href":"https:\/\/api.w.org\/{rel}","templated":true}]}}