{"id":98494,"date":"2023-12-01T21:08:47","date_gmt":"2023-12-02T00:08:47","guid":{"rendered":"https:\/\/regiaonews.net.br\/2022\/?p=98494"},"modified":"2023-12-01T21:31:14","modified_gmt":"2023-12-02T00:31:14","slug":"north-shopping-barretos-celebra-13-anos-na-proxima-semana","status":"publish","type":"post","link":"https:\/\/regiaonews.net.br\/2022\/2023\/12\/01\/north-shopping-barretos-celebra-13-anos-na-proxima-semana\/","title":{"rendered":"North Shopping Barretos celebra 13 anos na pr\u00f3xima semana\u00a0"},"content":{"rendered":"<div>\n<table role=\"presentation\" border=\"0\" cellspacing=\"0\" cellpadding=\"0\" align=\"center\">\n<tbody>\n<tr>\n<td>\n<div class=\"x_m_4061354355127389311mj-column-per-100\">\n<table role=\"presentation\" border=\"0\" width=\"100%\" cellspacing=\"0\" cellpadding=\"0\">\n<tbody>\n<tr>\n<td>\n<table role=\"presentation\" border=\"0\" width=\"100%\" cellspacing=\"0\" cellpadding=\"0\">\n<tbody>\n<tr>\n<td align=\"left\"><\/td>\n<\/tr>\n<tr>\n<td align=\"left\">\n<div>\n<p><em>Homenagens, cerim\u00f4nia ecum\u00eanica, apresenta\u00e7\u00f5es musicais e o tradicional parab\u00e9ns marcam o anivers\u00e1rio do shopping\u00a0<\/em><\/p>\n<\/div>\n<\/td>\n<\/tr>\n<tr>\n<td align=\"left\">\n<div>\n<p>Uma programa\u00e7\u00e3o especial, repleta de homenagens e apresenta\u00e7\u00f5es musicais, foi preparada para as comemora\u00e7\u00f5es dos 13 anos de hist\u00f3ria do North Shopping Barretos, a serem completados na pr\u00f3xima ter\u00e7a, dia 5 de dezembro.<\/p>\n<p>\u201cParece que foi ontem que mais de 35 mil pessoas esperavam no estacionamento do North Shopping a t\u00e3o sonhada inaugura\u00e7\u00e3o, foi algo emocionante e indescrit\u00edvel. Atualmente, o centro de compras conta com mais de 90 opera\u00e7\u00f5es, est\u00e1 crescendo cada dia mais, oferecendo o que h\u00e1 de melhor para o consumo dos nossos clientes, realmente uma refer\u00eancia para outros shoppings centers da regi\u00e3o\u201d, afirma Ricardo Martins Marques, gerente geral do North Shopping Barretos.<\/p>\n<p>J\u00e1 na segunda, dia 4, acontece, \u00e0s 19h30, acontece a solenidade de entrega das homenagens aos \u201cClientes do Ano\u201d e \u201cLojista do Ano\u201d, seguida de apresenta\u00e7\u00e3o musical, no estilo Piano Bar, com Brav\u00edssimo Cultura &amp; Evento. Tudo no palco montado na Pra\u00e7a de Alimenta\u00e7\u00e3o, aberta ao p\u00fablico.<\/p>\n<p>No dia 5 de dezembro, data de anivers\u00e1rio do shopping, as atra\u00e7\u00f5es come\u00e7am logo cedo, \u00e0s 8h45, com a solenidade festiva que inclui um Culto Ecum\u00eanico em A\u00e7\u00e3o de Gra\u00e7as pelos 13 anos do centro de compras, a entrega das homenagens aos \u201cColaboradores do Ano\u201d e o tradicional \u201cParab\u00e9ns ao North Shopping Barretos\u201d, tamb\u00e9m no palco da Pra\u00e7a de Alimenta\u00e7\u00e3o, para convidados e colaboradores.<\/p>\n<p>Das 12h \u00e0s 13h tem distribui\u00e7\u00e3o de bexigas com a \u201cTrupe Natalina\u201d, nos corredores do North Shopping e das\u00a014h \u00e0s 20h acontece a distribui\u00e7\u00e3o de pipoca no Acesso B, pr\u00f3ximo ao Chiquinho Sorvetes.<\/p>\n<p>\u00c0 partir das 15h tem sess\u00e3o de fotos com os personagens \u201cMickey &amp; Minnie\u201d, j\u00e1 em ritmo de Natal, pelos corredores do shopping, e das 18h \u00e0s 20h ser\u00e3o distribu\u00eddos doces e guloseimas aos presentes.<\/p>\n<p>No Palco da Pra\u00e7a de Alimenta\u00e7\u00e3o a apresenta\u00e7\u00e3o \u201cChristimas Band Show\u201d, com Brav\u00edssimo Cultura &amp; Eventos, das 20h \u00e0s 21h30.<\/p>\n<p>Tudo para demonstrar a alegria de comemorar 13 anos do empreendimento na cidade, que se consolidou como o centro de compras, lazer e cultura preferido da regi\u00e3o e que em abril inaugura um mega unidade da rede C&amp;A, uma das mais importantes do varejo brasileiro.<\/p>\n<p><strong><em>Cr\u00e9dito da Foto a\u00e9rea do North Shopping Barretos: Neto Drone<\/em><\/strong><\/p>\n<\/div>\n<\/td>\n<\/tr>\n<\/tbody>\n<\/table>\n<\/td>\n<\/tr>\n<\/tbody>\n<\/table>\n<\/div>\n<\/td>\n<\/tr>\n<\/tbody>\n<\/table>\n<\/div>\n<div>\n<div>\n<table role=\"presentation\" border=\"0\" cellspacing=\"0\" cellpadding=\"0\" align=\"center\">\n<tbody>\n<tr>\n<td>\n<div class=\"x_m_4061354355127389311mj-column-per-100\">\n<table role=\"presentation\" border=\"0\" width=\"100%\" cellspacing=\"0\" cellpadding=\"0\">\n<tbody>\n<tr>\n<td><\/td>\n<\/tr>\n<\/tbody>\n<\/table>\n<\/div>\n<\/td>\n<\/tr>\n<\/tbody>\n<\/table>\n<\/div>\n<\/div>\n","protected":false},"excerpt":{"rendered":"<p>Homenagens, cerim\u00f4nia ecum\u00eanica, apresenta\u00e7\u00f5es musicais e o tradicional parab\u00e9ns marcam<\/p>\n","protected":false},"author":2,"featured_media":98495,"comment_status":"open","ping_status":"open","sticky":false,"template":"","format":"standard","meta":{"footnotes":""},"categories":[14],"tags":[],"class_list":["post-98494","post","type-post","status-publish","format-standard","has-post-thumbnail","hentry","category-barretos"],"yoast_head":"<!-- This site is optimized with the Yoast SEO plugin v27.4 - https:\/\/yoast.com\/product\/yoast-seo-wordpress\/ -->\n<title>North Shopping Barretos celebra 13 anos na pr\u00f3xima semana\u00a0 - Regi\u00e3o News<\/title>\n<meta name=\"robots\" content=\"index, follow, max-snippet:-1, max-image-preview:large, max-video-preview:-1\" \/>\n<link rel=\"canonical\" href=\"https:\/\/regiaonews.net.br\/2022\/2023\/12\/01\/north-shopping-barretos-celebra-13-anos-na-proxima-semana\/\" \/>\n<meta property=\"og:locale\" content=\"pt_BR\" \/>\n<meta property=\"og:type\" content=\"article\" \/>\n<meta property=\"og:title\" content=\"North Shopping Barretos celebra 13 anos na pr\u00f3xima semana\u00a0 - Regi\u00e3o News\" \/>\n<meta property=\"og:description\" content=\"Homenagens, cerim\u00f4nia ecum\u00eanica, apresenta\u00e7\u00f5es musicais e o tradicional parab\u00e9ns marcam\" \/>\n<meta property=\"og:url\" content=\"https:\/\/regiaonews.net.br\/2022\/2023\/12\/01\/north-shopping-barretos-celebra-13-anos-na-proxima-semana\/\" \/>\n<meta property=\"og:site_name\" content=\"Regi\u00e3o News\" \/>\n<meta property=\"article:published_time\" content=\"2023-12-02T00:08:47+00:00\" \/>\n<meta property=\"article:modified_time\" content=\"2023-12-02T00:31:14+00:00\" \/>\n<meta property=\"og:image\" content=\"https:\/\/regiaonews.net.br\/2022\/wp-content\/uploads\/2023\/12\/154a1096-670d-4f80-8362-a6adf9b10db1.jpeg\" \/>\n\t<meta property=\"og:image:width\" content=\"960\" \/>\n\t<meta property=\"og:image:height\" content=\"720\" \/>\n\t<meta property=\"og:image:type\" content=\"image\/jpeg\" \/>\n<meta name=\"author\" content=\"Roberto\" \/>\n<meta name=\"twitter:card\" content=\"summary_large_image\" \/>\n<meta name=\"twitter:label1\" content=\"Escrito por\" \/>\n\t<meta name=\"twitter:data1\" content=\"Roberto\" \/>\n\t<meta name=\"twitter:label2\" content=\"Est. tempo de leitura\" \/>\n\t<meta name=\"twitter:data2\" content=\"3 minutos\" \/>\n<script type=\"application\/ld+json\" class=\"yoast-schema-graph\">{\"@context\":\"https:\\\/\\\/schema.org\",\"@graph\":[{\"@type\":\"Article\",\"@id\":\"https:\\\/\\\/regiaonews.net.br\\\/2022\\\/2023\\\/12\\\/01\\\/north-shopping-barretos-celebra-13-anos-na-proxima-semana\\\/#article\",\"isPartOf\":{\"@id\":\"https:\\\/\\\/regiaonews.net.br\\\/2022\\\/2023\\\/12\\\/01\\\/north-shopping-barretos-celebra-13-anos-na-proxima-semana\\\/\"},\"author\":{\"name\":\"Roberto\",\"@id\":\"https:\\\/\\\/regiaonews.net.br\\\/2022\\\/#\\\/schema\\\/person\\\/2d205a608a5aa97ac279d7a5e6d89ad8\"},\"headline\":\"North Shopping Barretos celebra 13 anos na pr\u00f3xima semana\u00a0\",\"datePublished\":\"2023-12-02T00:08:47+00:00\",\"dateModified\":\"2023-12-02T00:31:14+00:00\",\"mainEntityOfPage\":{\"@id\":\"https:\\\/\\\/regiaonews.net.br\\\/2022\\\/2023\\\/12\\\/01\\\/north-shopping-barretos-celebra-13-anos-na-proxima-semana\\\/\"},\"wordCount\":421,\"commentCount\":0,\"publisher\":{\"@id\":\"https:\\\/\\\/regiaonews.net.br\\\/2022\\\/#organization\"},\"image\":{\"@id\":\"https:\\\/\\\/regiaonews.net.br\\\/2022\\\/2023\\\/12\\\/01\\\/north-shopping-barretos-celebra-13-anos-na-proxima-semana\\\/#primaryimage\"},\"thumbnailUrl\":\"https:\\\/\\\/regiaonews.net.br\\\/2022\\\/wp-content\\\/uploads\\\/2023\\\/12\\\/154a1096-670d-4f80-8362-a6adf9b10db1.jpeg\",\"articleSection\":[\"Barretos\"],\"inLanguage\":\"pt-BR\",\"potentialAction\":[{\"@type\":\"CommentAction\",\"name\":\"Comment\",\"target\":[\"https:\\\/\\\/regiaonews.net.br\\\/2022\\\/2023\\\/12\\\/01\\\/north-shopping-barretos-celebra-13-anos-na-proxima-semana\\\/#respond\"]}]},{\"@type\":\"WebPage\",\"@id\":\"https:\\\/\\\/regiaonews.net.br\\\/2022\\\/2023\\\/12\\\/01\\\/north-shopping-barretos-celebra-13-anos-na-proxima-semana\\\/\",\"url\":\"https:\\\/\\\/regiaonews.net.br\\\/2022\\\/2023\\\/12\\\/01\\\/north-shopping-barretos-celebra-13-anos-na-proxima-semana\\\/\",\"name\":\"North Shopping Barretos celebra 13 anos na pr\u00f3xima semana\u00a0 - Regi\u00e3o News\",\"isPartOf\":{\"@id\":\"https:\\\/\\\/regiaonews.net.br\\\/2022\\\/#website\"},\"primaryImageOfPage\":{\"@id\":\"https:\\\/\\\/regiaonews.net.br\\\/2022\\\/2023\\\/12\\\/01\\\/north-shopping-barretos-celebra-13-anos-na-proxima-semana\\\/#primaryimage\"},\"image\":{\"@id\":\"https:\\\/\\\/regiaonews.net.br\\\/2022\\\/2023\\\/12\\\/01\\\/north-shopping-barretos-celebra-13-anos-na-proxima-semana\\\/#primaryimage\"},\"thumbnailUrl\":\"https:\\\/\\\/regiaonews.net.br\\\/2022\\\/wp-content\\\/uploads\\\/2023\\\/12\\\/154a1096-670d-4f80-8362-a6adf9b10db1.jpeg\",\"datePublished\":\"2023-12-02T00:08:47+00:00\",\"dateModified\":\"2023-12-02T00:31:14+00:00\",\"breadcrumb\":{\"@id\":\"https:\\\/\\\/regiaonews.net.br\\\/2022\\\/2023\\\/12\\\/01\\\/north-shopping-barretos-celebra-13-anos-na-proxima-semana\\\/#breadcrumb\"},\"inLanguage\":\"pt-BR\",\"potentialAction\":[{\"@type\":\"ReadAction\",\"target\":[\"https:\\\/\\\/regiaonews.net.br\\\/2022\\\/2023\\\/12\\\/01\\\/north-shopping-barretos-celebra-13-anos-na-proxima-semana\\\/\"]}]},{\"@type\":\"ImageObject\",\"inLanguage\":\"pt-BR\",\"@id\":\"https:\\\/\\\/regiaonews.net.br\\\/2022\\\/2023\\\/12\\\/01\\\/north-shopping-barretos-celebra-13-anos-na-proxima-semana\\\/#primaryimage\",\"url\":\"https:\\\/\\\/regiaonews.net.br\\\/2022\\\/wp-content\\\/uploads\\\/2023\\\/12\\\/154a1096-670d-4f80-8362-a6adf9b10db1.jpeg\",\"contentUrl\":\"https:\\\/\\\/regiaonews.net.br\\\/2022\\\/wp-content\\\/uploads\\\/2023\\\/12\\\/154a1096-670d-4f80-8362-a6adf9b10db1.jpeg\",\"width\":960,\"height\":720},{\"@type\":\"BreadcrumbList\",\"@id\":\"https:\\\/\\\/regiaonews.net.br\\\/2022\\\/2023\\\/12\\\/01\\\/north-shopping-barretos-celebra-13-anos-na-proxima-semana\\\/#breadcrumb\",\"itemListElement\":[{\"@type\":\"ListItem\",\"position\":1,\"name\":\"In\u00edcio\",\"item\":\"https:\\\/\\\/regiaonews.net.br\\\/2022\\\/\"},{\"@type\":\"ListItem\",\"position\":2,\"name\":\"North Shopping Barretos celebra 13 anos na pr\u00f3xima semana\u00a0\"}]},{\"@type\":\"WebSite\",\"@id\":\"https:\\\/\\\/regiaonews.net.br\\\/2022\\\/#website\",\"url\":\"https:\\\/\\\/regiaonews.net.br\\\/2022\\\/\",\"name\":\"Regi\u00e3o News\",\"description\":\"Site de Not\u00edcias de Barretos e regi\u00e3o\",\"publisher\":{\"@id\":\"https:\\\/\\\/regiaonews.net.br\\\/2022\\\/#organization\"},\"potentialAction\":[{\"@type\":\"SearchAction\",\"target\":{\"@type\":\"EntryPoint\",\"urlTemplate\":\"https:\\\/\\\/regiaonews.net.br\\\/2022\\\/?s={search_term_string}\"},\"query-input\":{\"@type\":\"PropertyValueSpecification\",\"valueRequired\":true,\"valueName\":\"search_term_string\"}}],\"inLanguage\":\"pt-BR\"},{\"@type\":\"Organization\",\"@id\":\"https:\\\/\\\/regiaonews.net.br\\\/2022\\\/#organization\",\"name\":\"Regi\u00e3o News\",\"url\":\"https:\\\/\\\/regiaonews.net.br\\\/2022\\\/\",\"logo\":{\"@type\":\"ImageObject\",\"inLanguage\":\"pt-BR\",\"@id\":\"https:\\\/\\\/regiaonews.net.br\\\/2022\\\/#\\\/schema\\\/logo\\\/image\\\/\",\"url\":\"https:\\\/\\\/regiaonews.net.br\\\/2022\\\/wp-content\\\/uploads\\\/2026\\\/03\\\/regiao-13-anos-scaled.jpg\",\"contentUrl\":\"https:\\\/\\\/regiaonews.net.br\\\/2022\\\/wp-content\\\/uploads\\\/2026\\\/03\\\/regiao-13-anos-scaled.jpg\",\"width\":2560,\"height\":635,\"caption\":\"Regi\u00e3o News\"},\"image\":{\"@id\":\"https:\\\/\\\/regiaonews.net.br\\\/2022\\\/#\\\/schema\\\/logo\\\/image\\\/\"}},{\"@type\":\"Person\",\"@id\":\"https:\\\/\\\/regiaonews.net.br\\\/2022\\\/#\\\/schema\\\/person\\\/2d205a608a5aa97ac279d7a5e6d89ad8\",\"name\":\"Roberto\",\"image\":{\"@type\":\"ImageObject\",\"inLanguage\":\"pt-BR\",\"@id\":\"https:\\\/\\\/secure.gravatar.com\\\/avatar\\\/42749d8b712ff9d59ca93dc150494e5b55a44134482993f5baeb97e61b7ecc89?s=96&d=mm&r=g\",\"url\":\"https:\\\/\\\/secure.gravatar.com\\\/avatar\\\/42749d8b712ff9d59ca93dc150494e5b55a44134482993f5baeb97e61b7ecc89?s=96&d=mm&r=g\",\"contentUrl\":\"https:\\\/\\\/secure.gravatar.com\\\/avatar\\\/42749d8b712ff9d59ca93dc150494e5b55a44134482993f5baeb97e61b7ecc89?s=96&d=mm&r=g\",\"caption\":\"Roberto\"},\"url\":\"https:\\\/\\\/regiaonews.net.br\\\/2022\\\/author\\\/roberto\\\/\"}]}<\/script>\n<!-- \/ Yoast SEO plugin. -->","yoast_head_json":{"title":"North Shopping Barretos celebra 13 anos na pr\u00f3xima semana\u00a0 - Regi\u00e3o News","robots":{"index":"index","follow":"follow","max-snippet":"max-snippet:-1","max-image-preview":"max-image-preview:large","max-video-preview":"max-video-preview:-1"},"canonical":"https:\/\/regiaonews.net.br\/2022\/2023\/12\/01\/north-shopping-barretos-celebra-13-anos-na-proxima-semana\/","og_locale":"pt_BR","og_type":"article","og_title":"North Shopping Barretos celebra 13 anos na pr\u00f3xima semana\u00a0 - Regi\u00e3o News","og_description":"Homenagens, cerim\u00f4nia ecum\u00eanica, apresenta\u00e7\u00f5es musicais e o tradicional parab\u00e9ns marcam","og_url":"https:\/\/regiaonews.net.br\/2022\/2023\/12\/01\/north-shopping-barretos-celebra-13-anos-na-proxima-semana\/","og_site_name":"Regi\u00e3o News","article_published_time":"2023-12-02T00:08:47+00:00","article_modified_time":"2023-12-02T00:31:14+00:00","og_image":[{"width":960,"height":720,"url":"https:\/\/regiaonews.net.br\/2022\/wp-content\/uploads\/2023\/12\/154a1096-670d-4f80-8362-a6adf9b10db1.jpeg","type":"image\/jpeg"}],"author":"Roberto","twitter_card":"summary_large_image","twitter_misc":{"Escrito por":"Roberto","Est. tempo de leitura":"3 minutos"},"schema":{"@context":"https:\/\/schema.org","@graph":[{"@type":"Article","@id":"https:\/\/regiaonews.net.br\/2022\/2023\/12\/01\/north-shopping-barretos-celebra-13-anos-na-proxima-semana\/#article","isPartOf":{"@id":"https:\/\/regiaonews.net.br\/2022\/2023\/12\/01\/north-shopping-barretos-celebra-13-anos-na-proxima-semana\/"},"author":{"name":"Roberto","@id":"https:\/\/regiaonews.net.br\/2022\/#\/schema\/person\/2d205a608a5aa97ac279d7a5e6d89ad8"},"headline":"North Shopping Barretos celebra 13 anos na pr\u00f3xima semana\u00a0","datePublished":"2023-12-02T00:08:47+00:00","dateModified":"2023-12-02T00:31:14+00:00","mainEntityOfPage":{"@id":"https:\/\/regiaonews.net.br\/2022\/2023\/12\/01\/north-shopping-barretos-celebra-13-anos-na-proxima-semana\/"},"wordCount":421,"commentCount":0,"publisher":{"@id":"https:\/\/regiaonews.net.br\/2022\/#organization"},"image":{"@id":"https:\/\/regiaonews.net.br\/2022\/2023\/12\/01\/north-shopping-barretos-celebra-13-anos-na-proxima-semana\/#primaryimage"},"thumbnailUrl":"https:\/\/regiaonews.net.br\/2022\/wp-content\/uploads\/2023\/12\/154a1096-670d-4f80-8362-a6adf9b10db1.jpeg","articleSection":["Barretos"],"inLanguage":"pt-BR","potentialAction":[{"@type":"CommentAction","name":"Comment","target":["https:\/\/regiaonews.net.br\/2022\/2023\/12\/01\/north-shopping-barretos-celebra-13-anos-na-proxima-semana\/#respond"]}]},{"@type":"WebPage","@id":"https:\/\/regiaonews.net.br\/2022\/2023\/12\/01\/north-shopping-barretos-celebra-13-anos-na-proxima-semana\/","url":"https:\/\/regiaonews.net.br\/2022\/2023\/12\/01\/north-shopping-barretos-celebra-13-anos-na-proxima-semana\/","name":"North Shopping Barretos celebra 13 anos na pr\u00f3xima semana\u00a0 - Regi\u00e3o News","isPartOf":{"@id":"https:\/\/regiaonews.net.br\/2022\/#website"},"primaryImageOfPage":{"@id":"https:\/\/regiaonews.net.br\/2022\/2023\/12\/01\/north-shopping-barretos-celebra-13-anos-na-proxima-semana\/#primaryimage"},"image":{"@id":"https:\/\/regiaonews.net.br\/2022\/2023\/12\/01\/north-shopping-barretos-celebra-13-anos-na-proxima-semana\/#primaryimage"},"thumbnailUrl":"https:\/\/regiaonews.net.br\/2022\/wp-content\/uploads\/2023\/12\/154a1096-670d-4f80-8362-a6adf9b10db1.jpeg","datePublished":"2023-12-02T00:08:47+00:00","dateModified":"2023-12-02T00:31:14+00:00","breadcrumb":{"@id":"https:\/\/regiaonews.net.br\/2022\/2023\/12\/01\/north-shopping-barretos-celebra-13-anos-na-proxima-semana\/#breadcrumb"},"inLanguage":"pt-BR","potentialAction":[{"@type":"ReadAction","target":["https:\/\/regiaonews.net.br\/2022\/2023\/12\/01\/north-shopping-barretos-celebra-13-anos-na-proxima-semana\/"]}]},{"@type":"ImageObject","inLanguage":"pt-BR","@id":"https:\/\/regiaonews.net.br\/2022\/2023\/12\/01\/north-shopping-barretos-celebra-13-anos-na-proxima-semana\/#primaryimage","url":"https:\/\/regiaonews.net.br\/2022\/wp-content\/uploads\/2023\/12\/154a1096-670d-4f80-8362-a6adf9b10db1.jpeg","contentUrl":"https:\/\/regiaonews.net.br\/2022\/wp-content\/uploads\/2023\/12\/154a1096-670d-4f80-8362-a6adf9b10db1.jpeg","width":960,"height":720},{"@type":"BreadcrumbList","@id":"https:\/\/regiaonews.net.br\/2022\/2023\/12\/01\/north-shopping-barretos-celebra-13-anos-na-proxima-semana\/#breadcrumb","itemListElement":[{"@type":"ListItem","position":1,"name":"In\u00edcio","item":"https:\/\/regiaonews.net.br\/2022\/"},{"@type":"ListItem","position":2,"name":"North Shopping Barretos celebra 13 anos na pr\u00f3xima semana\u00a0"}]},{"@type":"WebSite","@id":"https:\/\/regiaonews.net.br\/2022\/#website","url":"https:\/\/regiaonews.net.br\/2022\/","name":"Regi\u00e3o News","description":"Site de Not\u00edcias de Barretos e regi\u00e3o","publisher":{"@id":"https:\/\/regiaonews.net.br\/2022\/#organization"},"potentialAction":[{"@type":"SearchAction","target":{"@type":"EntryPoint","urlTemplate":"https:\/\/regiaonews.net.br\/2022\/?s={search_term_string}"},"query-input":{"@type":"PropertyValueSpecification","valueRequired":true,"valueName":"search_term_string"}}],"inLanguage":"pt-BR"},{"@type":"Organization","@id":"https:\/\/regiaonews.net.br\/2022\/#organization","name":"Regi\u00e3o News","url":"https:\/\/regiaonews.net.br\/2022\/","logo":{"@type":"ImageObject","inLanguage":"pt-BR","@id":"https:\/\/regiaonews.net.br\/2022\/#\/schema\/logo\/image\/","url":"https:\/\/regiaonews.net.br\/2022\/wp-content\/uploads\/2026\/03\/regiao-13-anos-scaled.jpg","contentUrl":"https:\/\/regiaonews.net.br\/2022\/wp-content\/uploads\/2026\/03\/regiao-13-anos-scaled.jpg","width":2560,"height":635,"caption":"Regi\u00e3o News"},"image":{"@id":"https:\/\/regiaonews.net.br\/2022\/#\/schema\/logo\/image\/"}},{"@type":"Person","@id":"https:\/\/regiaonews.net.br\/2022\/#\/schema\/person\/2d205a608a5aa97ac279d7a5e6d89ad8","name":"Roberto","image":{"@type":"ImageObject","inLanguage":"pt-BR","@id":"https:\/\/secure.gravatar.com\/avatar\/42749d8b712ff9d59ca93dc150494e5b55a44134482993f5baeb97e61b7ecc89?s=96&d=mm&r=g","url":"https:\/\/secure.gravatar.com\/avatar\/42749d8b712ff9d59ca93dc150494e5b55a44134482993f5baeb97e61b7ecc89?s=96&d=mm&r=g","contentUrl":"https:\/\/secure.gravatar.com\/avatar\/42749d8b712ff9d59ca93dc150494e5b55a44134482993f5baeb97e61b7ecc89?s=96&d=mm&r=g","caption":"Roberto"},"url":"https:\/\/regiaonews.net.br\/2022\/author\/roberto\/"}]}},"publishpress_future_action":{"enabled":false,"date":"2026-05-04 13:01:32","action":"change-status","newStatus":"draft","terms":[],"taxonomy":"category","extraData":[]},"publishpress_future_workflow_manual_trigger":{"enabledWorkflows":[]},"_links":{"self":[{"href":"https:\/\/regiaonews.net.br\/2022\/wp-json\/wp\/v2\/posts\/98494","targetHints":{"allow":["GET"]}}],"collection":[{"href":"https:\/\/regiaonews.net.br\/2022\/wp-json\/wp\/v2\/posts"}],"about":[{"href":"https:\/\/regiaonews.net.br\/2022\/wp-json\/wp\/v2\/types\/post"}],"author":[{"embeddable":true,"href":"https:\/\/regiaonews.net.br\/2022\/wp-json\/wp\/v2\/users\/2"}],"replies":[{"embeddable":true,"href":"https:\/\/regiaonews.net.br\/2022\/wp-json\/wp\/v2\/comments?post=98494"}],"version-history":[{"count":2,"href":"https:\/\/regiaonews.net.br\/2022\/wp-json\/wp\/v2\/posts\/98494\/revisions"}],"predecessor-version":[{"id":98497,"href":"https:\/\/regiaonews.net.br\/2022\/wp-json\/wp\/v2\/posts\/98494\/revisions\/98497"}],"wp:featuredmedia":[{"embeddable":true,"href":"https:\/\/regiaonews.net.br\/2022\/wp-json\/wp\/v2\/media\/98495"}],"wp:attachment":[{"href":"https:\/\/regiaonews.net.br\/2022\/wp-json\/wp\/v2\/media?parent=98494"}],"wp:term":[{"taxonomy":"category","embeddable":true,"href":"https:\/\/regiaonews.net.br\/2022\/wp-json\/wp\/v2\/categories?post=98494"},{"taxonomy":"post_tag","embeddable":true,"href":"https:\/\/regiaonews.net.br\/2022\/wp-json\/wp\/v2\/tags?post=98494"}],"curies":[{"name":"wp","href":"https:\/\/api.w.org\/{rel}","templated":true}]}}