{"id":98489,"date":"2023-12-01T20:48:40","date_gmt":"2023-12-01T23:48:40","guid":{"rendered":"https:\/\/regiaonews.net.br\/2022\/?p=98489"},"modified":"2023-12-01T20:48:40","modified_gmt":"2023-12-01T23:48:40","slug":"publicitario-e-artista-plastico-valter-corcino-de-souza-e-cidadao-honorario-de-barretos","status":"publish","type":"post","link":"https:\/\/regiaonews.net.br\/2022\/2023\/12\/01\/publicitario-e-artista-plastico-valter-corcino-de-souza-e-cidadao-honorario-de-barretos\/","title":{"rendered":"Publicit\u00e1rio e Artista Pl\u00e1stico Valter Corcino de Souza \u00e9 Cidad\u00e3o Honor\u00e1rio de Barretos"},"content":{"rendered":"<p>O Publicit\u00e1rio e Artista Pl\u00e1stico,\u00a0<strong>Valter Corcino de Souza<\/strong>, recebeu o\u00a0<strong>T\u00edtulo de Cidad\u00e3o Honor\u00e1rio da Est\u00e2ncia Tur\u00edstica de Barretos<\/strong>\u00a0durante\u00a0<strong>Sess\u00e3o Solene<\/strong>\u00a0realizada nesta\u00a0<strong>quinta-feira (30\/nov)<\/strong>, na\u00a0C\u00e2mara.<\/p>\n<p>&nbsp;<\/p>\n<p>A homenagem\u00a0foi proposta pelo vereador\u00a0<strong>Prof. Adilson\u00a0(PL)<\/strong>, por meio do\u00a0<a title=\"\" href=\"http:\/\/consulta.camarabarretos.sp.gov.br\/Documentos\/Documento\/399426\" target=\"_blank\" rel=\"noopener\" data-original-title=\"\"><strong>Projeto de Decreto Legislativo n\u00ba 42\/2023<\/strong>\u00a0<\/a>aprovado por todos os vereadores.<\/p>\n<p>&nbsp;<\/p>\n<p>A solenidade foi conduzida pelo\u00a0vereador autor das homenagens,<strong>\u00a0Prof. Adilson (PL)\u00a0<\/strong>e contou com a presen\u00e7a do 2\u00ba Secret\u00e1rio da C\u00e2mara, vereador\u00a0<strong>Juninho Bandeira (PL)<\/strong>; do Diretor Financeiro da Associa\u00e7\u00e3o &#8220;Os Independentes&#8221;,\u00a0<strong>Jer\u00f4nimo Luiz Muzetti<\/strong>; do Diretor Adjunto de Marketing da Associa\u00e7\u00e3o &#8220;Os Independentes&#8221;,\u00a0<strong>Marcos Murta<\/strong>; do publicit\u00e1rio e representante da Associa\u00e7\u00e3o &#8220;Filhos da P\u00e1tria&#8221;,\u00a0<strong>Marcelo Murta;<\/strong>\u00a0da Diretora do Instituto Marks,\u00a0<strong>Ju\u00e7ara Carbonaro<\/strong>; e da Coordenadora da Casa Afro Barretos,<strong>\u00a0Ana Paula Ferreira &#8220;Febates&#8221;<\/strong>.<\/p>\n<p>&nbsp;<\/p>\n<p>Tamb\u00e9m estiveram presentes\u00a0o empres\u00e1rio e representante da ACIB (Associa\u00e7\u00e3o Comercial e Industrial de Barretos),\u00a0<strong>Andr\u00e9 Luiz Peroni Angelo<\/strong>; da empres\u00e1ria<strong>\u00a0Maria Arlete Peroni Angelo;<\/strong>\u00a0do Presidente da COMPPIR (Coordenadoria de Pol\u00edticas P\u00fablicas de Igualdade Racial),\u00a0<strong>Francisco Salviano &#8220;Tico&#8221; Miranda<\/strong>; e da representanda da Associa\u00e7\u00e3o Cultural &#8220;Aruanda Brasil&#8221;,\u00a0<strong>Rabs Miranda<\/strong>.<\/p>\n<p>&nbsp;<\/p>\n<p>Familiares e amigos do artista pl\u00e1stico\u00a0<a title=\"\" href=\"https:\/\/youtu.be\/mkq0ImAdsVg?t=3792\" target=\"_blank\" rel=\"noopener\" data-original-title=\"\">gravaram depoimentos que foram exibidos a todos no tel\u00e3o<\/a>. Entre eles, o do Presidente da Associa\u00e7\u00e3o Os Independentes,\u00a0<strong>Husseim Gemha Junior<\/strong>; do amigo\u00a0<strong>Luciano Tavares<\/strong>; da amiga\u00a0<strong>Elisa Lucas<\/strong>; do publicit\u00e1rio e amigo,<strong>\u00a0Ab\u00edlio Batista Silva<\/strong>; da filha e jornalista\u00a0<strong>Marcela Corcino<\/strong>; e da esposa\u00a0<strong>Luzia.<\/strong><\/p>\n<p>&nbsp;<\/p>\n<p>Durante a homenagem, professora e alunos da Escola Municipal Dr. Jo\u00e3o Ferreira Lopes fizeram\u00a0<a title=\"\" href=\"https:\/\/youtu.be\/mkq0ImAdsVg?t=6575\" target=\"_blank\" rel=\"noopener\" data-original-title=\"\">apresenta\u00e7\u00e3o de<\/a><strong><a title=\"\" href=\"https:\/\/youtu.be\/mkq0ImAdsVg?t=6575\" target=\"_blank\" rel=\"noopener\" data-original-title=\"\">\u00a0toque do berrante<\/a>\u00a0<\/strong>e\u00a0<a title=\"\" href=\"https:\/\/youtu.be\/mkq0ImAdsVg?t=6415\" target=\"_blank\" rel=\"noopener\" data-original-title=\"\"><strong>declama\u00e7\u00e3o de um poema no estilo locu\u00e7\u00e3o de rodeio<\/strong><\/a>. Os mesmos alunos presentearam Valter Corcino com uma tela pintada com o desenho do &#8220;Jerom\u00e3o&#8221;\u00a0 (monumento em homenagem ao pe\u00e3o de boaideiro instalado no Parque do Pe\u00e3o de Barretos) &#8211;\u00a0um dos trabalhos mais conhecidos do homenageado.\u00a0 E o\u00a0cantor\u00a0<a title=\"\" href=\"https:\/\/youtu.be\/mkq0ImAdsVg?t=6633\" target=\"_blank\" rel=\"noopener\" data-original-title=\"\">Mateus Lousano\u00a0<\/a>fez uma\u00a0<strong>apresenta\u00e7\u00e3o de toque de viola.<\/strong><\/p>\n<p>&nbsp;<\/p>\n<p>No discurso de agradecimento, &#8220;Valtinho&#8221; presenteou a esposa Luzia com um buqu\u00ea de flores.<\/p>\n<p>&nbsp;<\/p>\n<p>Por fim, o\u00a0<strong>pastor Daiton<\/strong>\u00a0fez uma ora\u00e7\u00e3o de encerramento.<\/p>\n<p>&nbsp;<\/p>\n<p>A TV C\u00e2mara Barretos\u00a0transmitiu a solenidade ao vivo pelo canal 31.3, Facebook, Youtube e site.<\/p>\n<p>&nbsp;<\/p>\n","protected":false},"excerpt":{"rendered":"<p>O Publicit\u00e1rio e Artista Pl\u00e1stico,\u00a0Valter Corcino de Souza, recebeu o\u00a0T\u00edtulo<\/p>\n","protected":false},"author":2,"featured_media":98490,"comment_status":"open","ping_status":"open","sticky":false,"template":"","format":"standard","meta":{"footnotes":""},"categories":[14,25],"tags":[],"class_list":["post-98489","post","type-post","status-publish","format-standard","has-post-thumbnail","hentry","category-barretos","category-cidades"],"yoast_head":"<!-- This site is optimized with the Yoast SEO plugin v27.4 - https:\/\/yoast.com\/product\/yoast-seo-wordpress\/ -->\n<title>Publicit\u00e1rio e Artista Pl\u00e1stico Valter Corcino de Souza \u00e9 Cidad\u00e3o Honor\u00e1rio de Barretos - Regi\u00e3o News<\/title>\n<meta name=\"robots\" content=\"index, follow, max-snippet:-1, max-image-preview:large, max-video-preview:-1\" \/>\n<link rel=\"canonical\" href=\"https:\/\/regiaonews.net.br\/2022\/2023\/12\/01\/publicitario-e-artista-plastico-valter-corcino-de-souza-e-cidadao-honorario-de-barretos\/\" \/>\n<meta property=\"og:locale\" content=\"pt_BR\" \/>\n<meta property=\"og:type\" content=\"article\" \/>\n<meta property=\"og:title\" content=\"Publicit\u00e1rio e Artista Pl\u00e1stico Valter Corcino de Souza \u00e9 Cidad\u00e3o Honor\u00e1rio de Barretos - Regi\u00e3o News\" \/>\n<meta property=\"og:description\" content=\"O Publicit\u00e1rio e Artista Pl\u00e1stico,\u00a0Valter Corcino de Souza, recebeu o\u00a0T\u00edtulo\" \/>\n<meta property=\"og:url\" content=\"https:\/\/regiaonews.net.br\/2022\/2023\/12\/01\/publicitario-e-artista-plastico-valter-corcino-de-souza-e-cidadao-honorario-de-barretos\/\" \/>\n<meta property=\"og:site_name\" content=\"Regi\u00e3o News\" \/>\n<meta property=\"article:published_time\" content=\"2023-12-01T23:48:40+00:00\" \/>\n<meta property=\"og:image\" content=\"https:\/\/regiaonews.net.br\/2022\/wp-content\/uploads\/2023\/12\/alta_170139561065693c9ab6c9e-1.jpg\" \/>\n\t<meta property=\"og:image:width\" content=\"1280\" \/>\n\t<meta property=\"og:image:height\" content=\"720\" \/>\n\t<meta property=\"og:image:type\" content=\"image\/jpeg\" \/>\n<meta name=\"author\" content=\"Roberto\" \/>\n<meta name=\"twitter:card\" content=\"summary_large_image\" \/>\n<meta name=\"twitter:label1\" content=\"Escrito por\" \/>\n\t<meta name=\"twitter:data1\" content=\"Roberto\" \/>\n\t<meta name=\"twitter:label2\" content=\"Est. tempo de leitura\" \/>\n\t<meta name=\"twitter:data2\" content=\"2 minutos\" \/>\n<script type=\"application\/ld+json\" class=\"yoast-schema-graph\">{\"@context\":\"https:\\\/\\\/schema.org\",\"@graph\":[{\"@type\":\"Article\",\"@id\":\"https:\\\/\\\/regiaonews.net.br\\\/2022\\\/2023\\\/12\\\/01\\\/publicitario-e-artista-plastico-valter-corcino-de-souza-e-cidadao-honorario-de-barretos\\\/#article\",\"isPartOf\":{\"@id\":\"https:\\\/\\\/regiaonews.net.br\\\/2022\\\/2023\\\/12\\\/01\\\/publicitario-e-artista-plastico-valter-corcino-de-souza-e-cidadao-honorario-de-barretos\\\/\"},\"author\":{\"name\":\"Roberto\",\"@id\":\"https:\\\/\\\/regiaonews.net.br\\\/2022\\\/#\\\/schema\\\/person\\\/2d205a608a5aa97ac279d7a5e6d89ad8\"},\"headline\":\"Publicit\u00e1rio e Artista Pl\u00e1stico Valter Corcino de Souza \u00e9 Cidad\u00e3o Honor\u00e1rio de Barretos\",\"datePublished\":\"2023-12-01T23:48:40+00:00\",\"mainEntityOfPage\":{\"@id\":\"https:\\\/\\\/regiaonews.net.br\\\/2022\\\/2023\\\/12\\\/01\\\/publicitario-e-artista-plastico-valter-corcino-de-souza-e-cidadao-honorario-de-barretos\\\/\"},\"wordCount\":411,\"commentCount\":0,\"publisher\":{\"@id\":\"https:\\\/\\\/regiaonews.net.br\\\/2022\\\/#organization\"},\"image\":{\"@id\":\"https:\\\/\\\/regiaonews.net.br\\\/2022\\\/2023\\\/12\\\/01\\\/publicitario-e-artista-plastico-valter-corcino-de-souza-e-cidadao-honorario-de-barretos\\\/#primaryimage\"},\"thumbnailUrl\":\"https:\\\/\\\/regiaonews.net.br\\\/2022\\\/wp-content\\\/uploads\\\/2023\\\/12\\\/alta_170139561065693c9ab6c9e-1.jpg\",\"articleSection\":[\"Barretos\",\"Cidades\"],\"inLanguage\":\"pt-BR\",\"potentialAction\":[{\"@type\":\"CommentAction\",\"name\":\"Comment\",\"target\":[\"https:\\\/\\\/regiaonews.net.br\\\/2022\\\/2023\\\/12\\\/01\\\/publicitario-e-artista-plastico-valter-corcino-de-souza-e-cidadao-honorario-de-barretos\\\/#respond\"]}]},{\"@type\":\"WebPage\",\"@id\":\"https:\\\/\\\/regiaonews.net.br\\\/2022\\\/2023\\\/12\\\/01\\\/publicitario-e-artista-plastico-valter-corcino-de-souza-e-cidadao-honorario-de-barretos\\\/\",\"url\":\"https:\\\/\\\/regiaonews.net.br\\\/2022\\\/2023\\\/12\\\/01\\\/publicitario-e-artista-plastico-valter-corcino-de-souza-e-cidadao-honorario-de-barretos\\\/\",\"name\":\"Publicit\u00e1rio e Artista Pl\u00e1stico Valter Corcino de Souza \u00e9 Cidad\u00e3o Honor\u00e1rio de Barretos - Regi\u00e3o News\",\"isPartOf\":{\"@id\":\"https:\\\/\\\/regiaonews.net.br\\\/2022\\\/#website\"},\"primaryImageOfPage\":{\"@id\":\"https:\\\/\\\/regiaonews.net.br\\\/2022\\\/2023\\\/12\\\/01\\\/publicitario-e-artista-plastico-valter-corcino-de-souza-e-cidadao-honorario-de-barretos\\\/#primaryimage\"},\"image\":{\"@id\":\"https:\\\/\\\/regiaonews.net.br\\\/2022\\\/2023\\\/12\\\/01\\\/publicitario-e-artista-plastico-valter-corcino-de-souza-e-cidadao-honorario-de-barretos\\\/#primaryimage\"},\"thumbnailUrl\":\"https:\\\/\\\/regiaonews.net.br\\\/2022\\\/wp-content\\\/uploads\\\/2023\\\/12\\\/alta_170139561065693c9ab6c9e-1.jpg\",\"datePublished\":\"2023-12-01T23:48:40+00:00\",\"breadcrumb\":{\"@id\":\"https:\\\/\\\/regiaonews.net.br\\\/2022\\\/2023\\\/12\\\/01\\\/publicitario-e-artista-plastico-valter-corcino-de-souza-e-cidadao-honorario-de-barretos\\\/#breadcrumb\"},\"inLanguage\":\"pt-BR\",\"potentialAction\":[{\"@type\":\"ReadAction\",\"target\":[\"https:\\\/\\\/regiaonews.net.br\\\/2022\\\/2023\\\/12\\\/01\\\/publicitario-e-artista-plastico-valter-corcino-de-souza-e-cidadao-honorario-de-barretos\\\/\"]}]},{\"@type\":\"ImageObject\",\"inLanguage\":\"pt-BR\",\"@id\":\"https:\\\/\\\/regiaonews.net.br\\\/2022\\\/2023\\\/12\\\/01\\\/publicitario-e-artista-plastico-valter-corcino-de-souza-e-cidadao-honorario-de-barretos\\\/#primaryimage\",\"url\":\"https:\\\/\\\/regiaonews.net.br\\\/2022\\\/wp-content\\\/uploads\\\/2023\\\/12\\\/alta_170139561065693c9ab6c9e-1.jpg\",\"contentUrl\":\"https:\\\/\\\/regiaonews.net.br\\\/2022\\\/wp-content\\\/uploads\\\/2023\\\/12\\\/alta_170139561065693c9ab6c9e-1.jpg\",\"width\":1280,\"height\":720},{\"@type\":\"BreadcrumbList\",\"@id\":\"https:\\\/\\\/regiaonews.net.br\\\/2022\\\/2023\\\/12\\\/01\\\/publicitario-e-artista-plastico-valter-corcino-de-souza-e-cidadao-honorario-de-barretos\\\/#breadcrumb\",\"itemListElement\":[{\"@type\":\"ListItem\",\"position\":1,\"name\":\"In\u00edcio\",\"item\":\"https:\\\/\\\/regiaonews.net.br\\\/2022\\\/\"},{\"@type\":\"ListItem\",\"position\":2,\"name\":\"Publicit\u00e1rio e Artista Pl\u00e1stico Valter Corcino de Souza \u00e9 Cidad\u00e3o Honor\u00e1rio de Barretos\"}]},{\"@type\":\"WebSite\",\"@id\":\"https:\\\/\\\/regiaonews.net.br\\\/2022\\\/#website\",\"url\":\"https:\\\/\\\/regiaonews.net.br\\\/2022\\\/\",\"name\":\"Regi\u00e3o News\",\"description\":\"Site de Not\u00edcias de Barretos e regi\u00e3o\",\"publisher\":{\"@id\":\"https:\\\/\\\/regiaonews.net.br\\\/2022\\\/#organization\"},\"potentialAction\":[{\"@type\":\"SearchAction\",\"target\":{\"@type\":\"EntryPoint\",\"urlTemplate\":\"https:\\\/\\\/regiaonews.net.br\\\/2022\\\/?s={search_term_string}\"},\"query-input\":{\"@type\":\"PropertyValueSpecification\",\"valueRequired\":true,\"valueName\":\"search_term_string\"}}],\"inLanguage\":\"pt-BR\"},{\"@type\":\"Organization\",\"@id\":\"https:\\\/\\\/regiaonews.net.br\\\/2022\\\/#organization\",\"name\":\"Regi\u00e3o News\",\"url\":\"https:\\\/\\\/regiaonews.net.br\\\/2022\\\/\",\"logo\":{\"@type\":\"ImageObject\",\"inLanguage\":\"pt-BR\",\"@id\":\"https:\\\/\\\/regiaonews.net.br\\\/2022\\\/#\\\/schema\\\/logo\\\/image\\\/\",\"url\":\"https:\\\/\\\/regiaonews.net.br\\\/2022\\\/wp-content\\\/uploads\\\/2026\\\/03\\\/regiao-13-anos-scaled.jpg\",\"contentUrl\":\"https:\\\/\\\/regiaonews.net.br\\\/2022\\\/wp-content\\\/uploads\\\/2026\\\/03\\\/regiao-13-anos-scaled.jpg\",\"width\":2560,\"height\":635,\"caption\":\"Regi\u00e3o News\"},\"image\":{\"@id\":\"https:\\\/\\\/regiaonews.net.br\\\/2022\\\/#\\\/schema\\\/logo\\\/image\\\/\"}},{\"@type\":\"Person\",\"@id\":\"https:\\\/\\\/regiaonews.net.br\\\/2022\\\/#\\\/schema\\\/person\\\/2d205a608a5aa97ac279d7a5e6d89ad8\",\"name\":\"Roberto\",\"image\":{\"@type\":\"ImageObject\",\"inLanguage\":\"pt-BR\",\"@id\":\"https:\\\/\\\/secure.gravatar.com\\\/avatar\\\/42749d8b712ff9d59ca93dc150494e5b55a44134482993f5baeb97e61b7ecc89?s=96&d=mm&r=g\",\"url\":\"https:\\\/\\\/secure.gravatar.com\\\/avatar\\\/42749d8b712ff9d59ca93dc150494e5b55a44134482993f5baeb97e61b7ecc89?s=96&d=mm&r=g\",\"contentUrl\":\"https:\\\/\\\/secure.gravatar.com\\\/avatar\\\/42749d8b712ff9d59ca93dc150494e5b55a44134482993f5baeb97e61b7ecc89?s=96&d=mm&r=g\",\"caption\":\"Roberto\"},\"url\":\"https:\\\/\\\/regiaonews.net.br\\\/2022\\\/author\\\/roberto\\\/\"}]}<\/script>\n<!-- \/ Yoast SEO plugin. -->","yoast_head_json":{"title":"Publicit\u00e1rio e Artista Pl\u00e1stico Valter Corcino de Souza \u00e9 Cidad\u00e3o Honor\u00e1rio de Barretos - Regi\u00e3o News","robots":{"index":"index","follow":"follow","max-snippet":"max-snippet:-1","max-image-preview":"max-image-preview:large","max-video-preview":"max-video-preview:-1"},"canonical":"https:\/\/regiaonews.net.br\/2022\/2023\/12\/01\/publicitario-e-artista-plastico-valter-corcino-de-souza-e-cidadao-honorario-de-barretos\/","og_locale":"pt_BR","og_type":"article","og_title":"Publicit\u00e1rio e Artista Pl\u00e1stico Valter Corcino de Souza \u00e9 Cidad\u00e3o Honor\u00e1rio de Barretos - Regi\u00e3o News","og_description":"O Publicit\u00e1rio e Artista Pl\u00e1stico,\u00a0Valter Corcino de Souza, recebeu o\u00a0T\u00edtulo","og_url":"https:\/\/regiaonews.net.br\/2022\/2023\/12\/01\/publicitario-e-artista-plastico-valter-corcino-de-souza-e-cidadao-honorario-de-barretos\/","og_site_name":"Regi\u00e3o News","article_published_time":"2023-12-01T23:48:40+00:00","og_image":[{"width":1280,"height":720,"url":"https:\/\/regiaonews.net.br\/2022\/wp-content\/uploads\/2023\/12\/alta_170139561065693c9ab6c9e-1.jpg","type":"image\/jpeg"}],"author":"Roberto","twitter_card":"summary_large_image","twitter_misc":{"Escrito por":"Roberto","Est. tempo de leitura":"2 minutos"},"schema":{"@context":"https:\/\/schema.org","@graph":[{"@type":"Article","@id":"https:\/\/regiaonews.net.br\/2022\/2023\/12\/01\/publicitario-e-artista-plastico-valter-corcino-de-souza-e-cidadao-honorario-de-barretos\/#article","isPartOf":{"@id":"https:\/\/regiaonews.net.br\/2022\/2023\/12\/01\/publicitario-e-artista-plastico-valter-corcino-de-souza-e-cidadao-honorario-de-barretos\/"},"author":{"name":"Roberto","@id":"https:\/\/regiaonews.net.br\/2022\/#\/schema\/person\/2d205a608a5aa97ac279d7a5e6d89ad8"},"headline":"Publicit\u00e1rio e Artista Pl\u00e1stico Valter Corcino de Souza \u00e9 Cidad\u00e3o Honor\u00e1rio de Barretos","datePublished":"2023-12-01T23:48:40+00:00","mainEntityOfPage":{"@id":"https:\/\/regiaonews.net.br\/2022\/2023\/12\/01\/publicitario-e-artista-plastico-valter-corcino-de-souza-e-cidadao-honorario-de-barretos\/"},"wordCount":411,"commentCount":0,"publisher":{"@id":"https:\/\/regiaonews.net.br\/2022\/#organization"},"image":{"@id":"https:\/\/regiaonews.net.br\/2022\/2023\/12\/01\/publicitario-e-artista-plastico-valter-corcino-de-souza-e-cidadao-honorario-de-barretos\/#primaryimage"},"thumbnailUrl":"https:\/\/regiaonews.net.br\/2022\/wp-content\/uploads\/2023\/12\/alta_170139561065693c9ab6c9e-1.jpg","articleSection":["Barretos","Cidades"],"inLanguage":"pt-BR","potentialAction":[{"@type":"CommentAction","name":"Comment","target":["https:\/\/regiaonews.net.br\/2022\/2023\/12\/01\/publicitario-e-artista-plastico-valter-corcino-de-souza-e-cidadao-honorario-de-barretos\/#respond"]}]},{"@type":"WebPage","@id":"https:\/\/regiaonews.net.br\/2022\/2023\/12\/01\/publicitario-e-artista-plastico-valter-corcino-de-souza-e-cidadao-honorario-de-barretos\/","url":"https:\/\/regiaonews.net.br\/2022\/2023\/12\/01\/publicitario-e-artista-plastico-valter-corcino-de-souza-e-cidadao-honorario-de-barretos\/","name":"Publicit\u00e1rio e Artista Pl\u00e1stico Valter Corcino de Souza \u00e9 Cidad\u00e3o Honor\u00e1rio de Barretos - Regi\u00e3o News","isPartOf":{"@id":"https:\/\/regiaonews.net.br\/2022\/#website"},"primaryImageOfPage":{"@id":"https:\/\/regiaonews.net.br\/2022\/2023\/12\/01\/publicitario-e-artista-plastico-valter-corcino-de-souza-e-cidadao-honorario-de-barretos\/#primaryimage"},"image":{"@id":"https:\/\/regiaonews.net.br\/2022\/2023\/12\/01\/publicitario-e-artista-plastico-valter-corcino-de-souza-e-cidadao-honorario-de-barretos\/#primaryimage"},"thumbnailUrl":"https:\/\/regiaonews.net.br\/2022\/wp-content\/uploads\/2023\/12\/alta_170139561065693c9ab6c9e-1.jpg","datePublished":"2023-12-01T23:48:40+00:00","breadcrumb":{"@id":"https:\/\/regiaonews.net.br\/2022\/2023\/12\/01\/publicitario-e-artista-plastico-valter-corcino-de-souza-e-cidadao-honorario-de-barretos\/#breadcrumb"},"inLanguage":"pt-BR","potentialAction":[{"@type":"ReadAction","target":["https:\/\/regiaonews.net.br\/2022\/2023\/12\/01\/publicitario-e-artista-plastico-valter-corcino-de-souza-e-cidadao-honorario-de-barretos\/"]}]},{"@type":"ImageObject","inLanguage":"pt-BR","@id":"https:\/\/regiaonews.net.br\/2022\/2023\/12\/01\/publicitario-e-artista-plastico-valter-corcino-de-souza-e-cidadao-honorario-de-barretos\/#primaryimage","url":"https:\/\/regiaonews.net.br\/2022\/wp-content\/uploads\/2023\/12\/alta_170139561065693c9ab6c9e-1.jpg","contentUrl":"https:\/\/regiaonews.net.br\/2022\/wp-content\/uploads\/2023\/12\/alta_170139561065693c9ab6c9e-1.jpg","width":1280,"height":720},{"@type":"BreadcrumbList","@id":"https:\/\/regiaonews.net.br\/2022\/2023\/12\/01\/publicitario-e-artista-plastico-valter-corcino-de-souza-e-cidadao-honorario-de-barretos\/#breadcrumb","itemListElement":[{"@type":"ListItem","position":1,"name":"In\u00edcio","item":"https:\/\/regiaonews.net.br\/2022\/"},{"@type":"ListItem","position":2,"name":"Publicit\u00e1rio e Artista Pl\u00e1stico Valter Corcino de Souza \u00e9 Cidad\u00e3o Honor\u00e1rio de Barretos"}]},{"@type":"WebSite","@id":"https:\/\/regiaonews.net.br\/2022\/#website","url":"https:\/\/regiaonews.net.br\/2022\/","name":"Regi\u00e3o News","description":"Site de Not\u00edcias de Barretos e regi\u00e3o","publisher":{"@id":"https:\/\/regiaonews.net.br\/2022\/#organization"},"potentialAction":[{"@type":"SearchAction","target":{"@type":"EntryPoint","urlTemplate":"https:\/\/regiaonews.net.br\/2022\/?s={search_term_string}"},"query-input":{"@type":"PropertyValueSpecification","valueRequired":true,"valueName":"search_term_string"}}],"inLanguage":"pt-BR"},{"@type":"Organization","@id":"https:\/\/regiaonews.net.br\/2022\/#organization","name":"Regi\u00e3o News","url":"https:\/\/regiaonews.net.br\/2022\/","logo":{"@type":"ImageObject","inLanguage":"pt-BR","@id":"https:\/\/regiaonews.net.br\/2022\/#\/schema\/logo\/image\/","url":"https:\/\/regiaonews.net.br\/2022\/wp-content\/uploads\/2026\/03\/regiao-13-anos-scaled.jpg","contentUrl":"https:\/\/regiaonews.net.br\/2022\/wp-content\/uploads\/2026\/03\/regiao-13-anos-scaled.jpg","width":2560,"height":635,"caption":"Regi\u00e3o News"},"image":{"@id":"https:\/\/regiaonews.net.br\/2022\/#\/schema\/logo\/image\/"}},{"@type":"Person","@id":"https:\/\/regiaonews.net.br\/2022\/#\/schema\/person\/2d205a608a5aa97ac279d7a5e6d89ad8","name":"Roberto","image":{"@type":"ImageObject","inLanguage":"pt-BR","@id":"https:\/\/secure.gravatar.com\/avatar\/42749d8b712ff9d59ca93dc150494e5b55a44134482993f5baeb97e61b7ecc89?s=96&d=mm&r=g","url":"https:\/\/secure.gravatar.com\/avatar\/42749d8b712ff9d59ca93dc150494e5b55a44134482993f5baeb97e61b7ecc89?s=96&d=mm&r=g","contentUrl":"https:\/\/secure.gravatar.com\/avatar\/42749d8b712ff9d59ca93dc150494e5b55a44134482993f5baeb97e61b7ecc89?s=96&d=mm&r=g","caption":"Roberto"},"url":"https:\/\/regiaonews.net.br\/2022\/author\/roberto\/"}]}},"publishpress_future_action":{"enabled":false,"date":"2026-05-04 11:37:24","action":"change-status","newStatus":"draft","terms":[],"taxonomy":"category","extraData":[]},"publishpress_future_workflow_manual_trigger":{"enabledWorkflows":[]},"_links":{"self":[{"href":"https:\/\/regiaonews.net.br\/2022\/wp-json\/wp\/v2\/posts\/98489","targetHints":{"allow":["GET"]}}],"collection":[{"href":"https:\/\/regiaonews.net.br\/2022\/wp-json\/wp\/v2\/posts"}],"about":[{"href":"https:\/\/regiaonews.net.br\/2022\/wp-json\/wp\/v2\/types\/post"}],"author":[{"embeddable":true,"href":"https:\/\/regiaonews.net.br\/2022\/wp-json\/wp\/v2\/users\/2"}],"replies":[{"embeddable":true,"href":"https:\/\/regiaonews.net.br\/2022\/wp-json\/wp\/v2\/comments?post=98489"}],"version-history":[{"count":1,"href":"https:\/\/regiaonews.net.br\/2022\/wp-json\/wp\/v2\/posts\/98489\/revisions"}],"predecessor-version":[{"id":98491,"href":"https:\/\/regiaonews.net.br\/2022\/wp-json\/wp\/v2\/posts\/98489\/revisions\/98491"}],"wp:featuredmedia":[{"embeddable":true,"href":"https:\/\/regiaonews.net.br\/2022\/wp-json\/wp\/v2\/media\/98490"}],"wp:attachment":[{"href":"https:\/\/regiaonews.net.br\/2022\/wp-json\/wp\/v2\/media?parent=98489"}],"wp:term":[{"taxonomy":"category","embeddable":true,"href":"https:\/\/regiaonews.net.br\/2022\/wp-json\/wp\/v2\/categories?post=98489"},{"taxonomy":"post_tag","embeddable":true,"href":"https:\/\/regiaonews.net.br\/2022\/wp-json\/wp\/v2\/tags?post=98489"}],"curies":[{"name":"wp","href":"https:\/\/api.w.org\/{rel}","templated":true}]}}