{"id":98487,"date":"2023-12-01T20:45:43","date_gmt":"2023-12-01T23:45:43","guid":{"rendered":"https:\/\/regiaonews.net.br\/2022\/?p=98487"},"modified":"2023-12-01T21:49:17","modified_gmt":"2023-12-02T00:49:17","slug":"fabio-santos-faz-jogo-de-despedida-do-corinthians-diante-do-internacional","status":"publish","type":"post","link":"https:\/\/regiaonews.net.br\/2022\/2023\/12\/01\/fabio-santos-faz-jogo-de-despedida-do-corinthians-diante-do-internacional\/","title":{"rendered":"F\u00e1bio Santos faz jogo de despedida do Corinthians diante do Internacional"},"content":{"rendered":"<p>Foto &#8211; F\u00e1bio Santos &#8211; Rodrigo Coca\/Ag. Corinthians<\/p>\n<p>A partida deste s\u00e1bado (2), \u00e0s 18h30, entre Corinthians e Internacional vai marcar a despedida do lateral esquerdo F\u00e1bio Santos dos gramados. O atleta vai colocar um ponto final em sua hist\u00f3ria como jogador de futebol na abertura da pen\u00faltima rodada do Campeonato Brasileiro. Aos 38 anos, ele n\u00e3o ir\u00e1 para Curitiba, na \u00faltima rodada contra o Coritiba.<br \/>\nNo Corinthians, Fabio Santos conquistou seis t\u00edtulos, entre eles, os Brasileiros de 2011 e 2015; Paulist\u00e3o de 2013; Libertadores e Mundial de 2012 e Recopa de 2013. O atleta deixa o clube com 374 jogos disputados, na condi\u00e7\u00e3o de 22\u00ba jogador com mais partidas disputadas na hist\u00f3ria do clube. Muito identificado, F\u00e1bio receber\u00e1 homenagens em sua despedida na Arena. Confira os demais jogos da rodada:<br \/>\nS\u00e1bado<br \/>\n18h00 \u2013 Corinthians x Internacional<br \/>\n21h00 \u2013 Atl\u00e9tico-MG x S\u00e3o Paulo<br \/>\nDomingo<br \/>\n16h00 \u2013 Flamengo x Cuiab\u00e1<br \/>\n16h00 \u2013 Palmeiras x Fluminense<br \/>\n18h30 \u2013 Botafogo x Cruzeiro<br \/>\n18h30 \u2013 Am\u00e9rica-MG x Bahia<br \/>\n18h30 \u2013 Fortaleza x Goi\u00e1s<br \/>\n18h30 \u2013 Bragantino x Coritiba<br \/>\n18h30 \u2013 Gr\u00eamio x Vasco<br \/>\n18h30 \u2013 Athletico-PR x Santos<\/p>\n","protected":false},"excerpt":{"rendered":"<p>Foto &#8211; F\u00e1bio Santos &#8211; Rodrigo Coca\/Ag. Corinthians A partida<\/p>\n","protected":false},"author":2,"featured_media":98498,"comment_status":"open","ping_status":"open","sticky":false,"template":"","format":"standard","meta":{"footnotes":""},"categories":[127,21],"tags":[],"class_list":["post-98487","post","type-post","status-publish","format-standard","has-post-thumbnail","hentry","category-brasileirao","category-esporte"],"yoast_head":"<!-- This site is optimized with the Yoast SEO plugin v27.4 - https:\/\/yoast.com\/product\/yoast-seo-wordpress\/ -->\n<title>F\u00e1bio Santos faz jogo de despedida do Corinthians<\/title>\n<meta name=\"robots\" content=\"index, follow, max-snippet:-1, max-image-preview:large, max-video-preview:-1\" \/>\n<link rel=\"canonical\" href=\"https:\/\/regiaonews.net.br\/2022\/2023\/12\/01\/fabio-santos-faz-jogo-de-despedida-do-corinthians-diante-do-internacional\/\" \/>\n<meta property=\"og:locale\" content=\"pt_BR\" \/>\n<meta property=\"og:type\" content=\"article\" \/>\n<meta property=\"og:title\" content=\"F\u00e1bio Santos faz jogo de despedida do Corinthians\" \/>\n<meta property=\"og:description\" content=\"Foto &#8211; F\u00e1bio Santos &#8211; Rodrigo Coca\/Ag. Corinthians A partida\" \/>\n<meta property=\"og:url\" content=\"https:\/\/regiaonews.net.br\/2022\/2023\/12\/01\/fabio-santos-faz-jogo-de-despedida-do-corinthians-diante-do-internacional\/\" \/>\n<meta property=\"og:site_name\" content=\"Regi\u00e3o News\" \/>\n<meta property=\"article:published_time\" content=\"2023-12-01T23:45:43+00:00\" \/>\n<meta property=\"article:modified_time\" content=\"2023-12-02T00:49:17+00:00\" \/>\n<meta property=\"og:image\" content=\"https:\/\/regiaonews.net.br\/2022\/wp-content\/uploads\/2023\/12\/Fabio-Santos.jpg\" \/>\n\t<meta property=\"og:image:width\" content=\"1338\" \/>\n\t<meta property=\"og:image:height\" content=\"1003\" \/>\n\t<meta property=\"og:image:type\" content=\"image\/jpeg\" \/>\n<meta name=\"author\" content=\"Roberto\" \/>\n<meta name=\"twitter:card\" content=\"summary_large_image\" \/>\n<meta name=\"twitter:label1\" content=\"Escrito por\" \/>\n\t<meta name=\"twitter:data1\" content=\"Roberto\" \/>\n\t<meta name=\"twitter:label2\" content=\"Est. tempo de leitura\" \/>\n\t<meta name=\"twitter:data2\" content=\"1 minuto\" \/>\n<script type=\"application\/ld+json\" class=\"yoast-schema-graph\">{\"@context\":\"https:\\\/\\\/schema.org\",\"@graph\":[{\"@type\":\"Article\",\"@id\":\"https:\\\/\\\/regiaonews.net.br\\\/2022\\\/2023\\\/12\\\/01\\\/fabio-santos-faz-jogo-de-despedida-do-corinthians-diante-do-internacional\\\/#article\",\"isPartOf\":{\"@id\":\"https:\\\/\\\/regiaonews.net.br\\\/2022\\\/2023\\\/12\\\/01\\\/fabio-santos-faz-jogo-de-despedida-do-corinthians-diante-do-internacional\\\/\"},\"author\":{\"name\":\"Roberto\",\"@id\":\"https:\\\/\\\/regiaonews.net.br\\\/2022\\\/#\\\/schema\\\/person\\\/2d205a608a5aa97ac279d7a5e6d89ad8\"},\"headline\":\"F\u00e1bio Santos faz jogo de despedida do Corinthians diante do Internacional\",\"datePublished\":\"2023-12-01T23:45:43+00:00\",\"dateModified\":\"2023-12-02T00:49:17+00:00\",\"mainEntityOfPage\":{\"@id\":\"https:\\\/\\\/regiaonews.net.br\\\/2022\\\/2023\\\/12\\\/01\\\/fabio-santos-faz-jogo-de-despedida-do-corinthians-diante-do-internacional\\\/\"},\"wordCount\":195,\"commentCount\":0,\"publisher\":{\"@id\":\"https:\\\/\\\/regiaonews.net.br\\\/2022\\\/#organization\"},\"image\":{\"@id\":\"https:\\\/\\\/regiaonews.net.br\\\/2022\\\/2023\\\/12\\\/01\\\/fabio-santos-faz-jogo-de-despedida-do-corinthians-diante-do-internacional\\\/#primaryimage\"},\"thumbnailUrl\":\"https:\\\/\\\/regiaonews.net.br\\\/2022\\\/wp-content\\\/uploads\\\/2023\\\/12\\\/Fabio-Santos.jpg\",\"articleSection\":[\"Brasileir\u00e3o\",\"Esporte\"],\"inLanguage\":\"pt-BR\",\"potentialAction\":[{\"@type\":\"CommentAction\",\"name\":\"Comment\",\"target\":[\"https:\\\/\\\/regiaonews.net.br\\\/2022\\\/2023\\\/12\\\/01\\\/fabio-santos-faz-jogo-de-despedida-do-corinthians-diante-do-internacional\\\/#respond\"]}]},{\"@type\":\"WebPage\",\"@id\":\"https:\\\/\\\/regiaonews.net.br\\\/2022\\\/2023\\\/12\\\/01\\\/fabio-santos-faz-jogo-de-despedida-do-corinthians-diante-do-internacional\\\/\",\"url\":\"https:\\\/\\\/regiaonews.net.br\\\/2022\\\/2023\\\/12\\\/01\\\/fabio-santos-faz-jogo-de-despedida-do-corinthians-diante-do-internacional\\\/\",\"name\":\"F\u00e1bio Santos faz jogo de despedida do Corinthians\",\"isPartOf\":{\"@id\":\"https:\\\/\\\/regiaonews.net.br\\\/2022\\\/#website\"},\"primaryImageOfPage\":{\"@id\":\"https:\\\/\\\/regiaonews.net.br\\\/2022\\\/2023\\\/12\\\/01\\\/fabio-santos-faz-jogo-de-despedida-do-corinthians-diante-do-internacional\\\/#primaryimage\"},\"image\":{\"@id\":\"https:\\\/\\\/regiaonews.net.br\\\/2022\\\/2023\\\/12\\\/01\\\/fabio-santos-faz-jogo-de-despedida-do-corinthians-diante-do-internacional\\\/#primaryimage\"},\"thumbnailUrl\":\"https:\\\/\\\/regiaonews.net.br\\\/2022\\\/wp-content\\\/uploads\\\/2023\\\/12\\\/Fabio-Santos.jpg\",\"datePublished\":\"2023-12-01T23:45:43+00:00\",\"dateModified\":\"2023-12-02T00:49:17+00:00\",\"breadcrumb\":{\"@id\":\"https:\\\/\\\/regiaonews.net.br\\\/2022\\\/2023\\\/12\\\/01\\\/fabio-santos-faz-jogo-de-despedida-do-corinthians-diante-do-internacional\\\/#breadcrumb\"},\"inLanguage\":\"pt-BR\",\"potentialAction\":[{\"@type\":\"ReadAction\",\"target\":[\"https:\\\/\\\/regiaonews.net.br\\\/2022\\\/2023\\\/12\\\/01\\\/fabio-santos-faz-jogo-de-despedida-do-corinthians-diante-do-internacional\\\/\"]}]},{\"@type\":\"ImageObject\",\"inLanguage\":\"pt-BR\",\"@id\":\"https:\\\/\\\/regiaonews.net.br\\\/2022\\\/2023\\\/12\\\/01\\\/fabio-santos-faz-jogo-de-despedida-do-corinthians-diante-do-internacional\\\/#primaryimage\",\"url\":\"https:\\\/\\\/regiaonews.net.br\\\/2022\\\/wp-content\\\/uploads\\\/2023\\\/12\\\/Fabio-Santos.jpg\",\"contentUrl\":\"https:\\\/\\\/regiaonews.net.br\\\/2022\\\/wp-content\\\/uploads\\\/2023\\\/12\\\/Fabio-Santos.jpg\",\"width\":1338,\"height\":1003},{\"@type\":\"BreadcrumbList\",\"@id\":\"https:\\\/\\\/regiaonews.net.br\\\/2022\\\/2023\\\/12\\\/01\\\/fabio-santos-faz-jogo-de-despedida-do-corinthians-diante-do-internacional\\\/#breadcrumb\",\"itemListElement\":[{\"@type\":\"ListItem\",\"position\":1,\"name\":\"In\u00edcio\",\"item\":\"https:\\\/\\\/regiaonews.net.br\\\/2022\\\/\"},{\"@type\":\"ListItem\",\"position\":2,\"name\":\"F\u00e1bio Santos faz jogo de despedida do Corinthians diante do Internacional\"}]},{\"@type\":\"WebSite\",\"@id\":\"https:\\\/\\\/regiaonews.net.br\\\/2022\\\/#website\",\"url\":\"https:\\\/\\\/regiaonews.net.br\\\/2022\\\/\",\"name\":\"Regi\u00e3o News\",\"description\":\"Site de Not\u00edcias de Barretos e regi\u00e3o\",\"publisher\":{\"@id\":\"https:\\\/\\\/regiaonews.net.br\\\/2022\\\/#organization\"},\"potentialAction\":[{\"@type\":\"SearchAction\",\"target\":{\"@type\":\"EntryPoint\",\"urlTemplate\":\"https:\\\/\\\/regiaonews.net.br\\\/2022\\\/?s={search_term_string}\"},\"query-input\":{\"@type\":\"PropertyValueSpecification\",\"valueRequired\":true,\"valueName\":\"search_term_string\"}}],\"inLanguage\":\"pt-BR\"},{\"@type\":\"Organization\",\"@id\":\"https:\\\/\\\/regiaonews.net.br\\\/2022\\\/#organization\",\"name\":\"Regi\u00e3o News\",\"url\":\"https:\\\/\\\/regiaonews.net.br\\\/2022\\\/\",\"logo\":{\"@type\":\"ImageObject\",\"inLanguage\":\"pt-BR\",\"@id\":\"https:\\\/\\\/regiaonews.net.br\\\/2022\\\/#\\\/schema\\\/logo\\\/image\\\/\",\"url\":\"https:\\\/\\\/regiaonews.net.br\\\/2022\\\/wp-content\\\/uploads\\\/2026\\\/03\\\/regiao-13-anos-scaled.jpg\",\"contentUrl\":\"https:\\\/\\\/regiaonews.net.br\\\/2022\\\/wp-content\\\/uploads\\\/2026\\\/03\\\/regiao-13-anos-scaled.jpg\",\"width\":2560,\"height\":635,\"caption\":\"Regi\u00e3o News\"},\"image\":{\"@id\":\"https:\\\/\\\/regiaonews.net.br\\\/2022\\\/#\\\/schema\\\/logo\\\/image\\\/\"}},{\"@type\":\"Person\",\"@id\":\"https:\\\/\\\/regiaonews.net.br\\\/2022\\\/#\\\/schema\\\/person\\\/2d205a608a5aa97ac279d7a5e6d89ad8\",\"name\":\"Roberto\",\"image\":{\"@type\":\"ImageObject\",\"inLanguage\":\"pt-BR\",\"@id\":\"https:\\\/\\\/secure.gravatar.com\\\/avatar\\\/42749d8b712ff9d59ca93dc150494e5b55a44134482993f5baeb97e61b7ecc89?s=96&d=mm&r=g\",\"url\":\"https:\\\/\\\/secure.gravatar.com\\\/avatar\\\/42749d8b712ff9d59ca93dc150494e5b55a44134482993f5baeb97e61b7ecc89?s=96&d=mm&r=g\",\"contentUrl\":\"https:\\\/\\\/secure.gravatar.com\\\/avatar\\\/42749d8b712ff9d59ca93dc150494e5b55a44134482993f5baeb97e61b7ecc89?s=96&d=mm&r=g\",\"caption\":\"Roberto\"},\"url\":\"https:\\\/\\\/regiaonews.net.br\\\/2022\\\/author\\\/roberto\\\/\"}]}<\/script>\n<!-- \/ Yoast SEO plugin. -->","yoast_head_json":{"title":"F\u00e1bio Santos faz jogo de despedida do Corinthians","robots":{"index":"index","follow":"follow","max-snippet":"max-snippet:-1","max-image-preview":"max-image-preview:large","max-video-preview":"max-video-preview:-1"},"canonical":"https:\/\/regiaonews.net.br\/2022\/2023\/12\/01\/fabio-santos-faz-jogo-de-despedida-do-corinthians-diante-do-internacional\/","og_locale":"pt_BR","og_type":"article","og_title":"F\u00e1bio Santos faz jogo de despedida do Corinthians","og_description":"Foto &#8211; F\u00e1bio Santos &#8211; Rodrigo Coca\/Ag. Corinthians A partida","og_url":"https:\/\/regiaonews.net.br\/2022\/2023\/12\/01\/fabio-santos-faz-jogo-de-despedida-do-corinthians-diante-do-internacional\/","og_site_name":"Regi\u00e3o News","article_published_time":"2023-12-01T23:45:43+00:00","article_modified_time":"2023-12-02T00:49:17+00:00","og_image":[{"width":1338,"height":1003,"url":"https:\/\/regiaonews.net.br\/2022\/wp-content\/uploads\/2023\/12\/Fabio-Santos.jpg","type":"image\/jpeg"}],"author":"Roberto","twitter_card":"summary_large_image","twitter_misc":{"Escrito por":"Roberto","Est. tempo de leitura":"1 minuto"},"schema":{"@context":"https:\/\/schema.org","@graph":[{"@type":"Article","@id":"https:\/\/regiaonews.net.br\/2022\/2023\/12\/01\/fabio-santos-faz-jogo-de-despedida-do-corinthians-diante-do-internacional\/#article","isPartOf":{"@id":"https:\/\/regiaonews.net.br\/2022\/2023\/12\/01\/fabio-santos-faz-jogo-de-despedida-do-corinthians-diante-do-internacional\/"},"author":{"name":"Roberto","@id":"https:\/\/regiaonews.net.br\/2022\/#\/schema\/person\/2d205a608a5aa97ac279d7a5e6d89ad8"},"headline":"F\u00e1bio Santos faz jogo de despedida do Corinthians diante do Internacional","datePublished":"2023-12-01T23:45:43+00:00","dateModified":"2023-12-02T00:49:17+00:00","mainEntityOfPage":{"@id":"https:\/\/regiaonews.net.br\/2022\/2023\/12\/01\/fabio-santos-faz-jogo-de-despedida-do-corinthians-diante-do-internacional\/"},"wordCount":195,"commentCount":0,"publisher":{"@id":"https:\/\/regiaonews.net.br\/2022\/#organization"},"image":{"@id":"https:\/\/regiaonews.net.br\/2022\/2023\/12\/01\/fabio-santos-faz-jogo-de-despedida-do-corinthians-diante-do-internacional\/#primaryimage"},"thumbnailUrl":"https:\/\/regiaonews.net.br\/2022\/wp-content\/uploads\/2023\/12\/Fabio-Santos.jpg","articleSection":["Brasileir\u00e3o","Esporte"],"inLanguage":"pt-BR","potentialAction":[{"@type":"CommentAction","name":"Comment","target":["https:\/\/regiaonews.net.br\/2022\/2023\/12\/01\/fabio-santos-faz-jogo-de-despedida-do-corinthians-diante-do-internacional\/#respond"]}]},{"@type":"WebPage","@id":"https:\/\/regiaonews.net.br\/2022\/2023\/12\/01\/fabio-santos-faz-jogo-de-despedida-do-corinthians-diante-do-internacional\/","url":"https:\/\/regiaonews.net.br\/2022\/2023\/12\/01\/fabio-santos-faz-jogo-de-despedida-do-corinthians-diante-do-internacional\/","name":"F\u00e1bio Santos faz jogo de despedida do Corinthians","isPartOf":{"@id":"https:\/\/regiaonews.net.br\/2022\/#website"},"primaryImageOfPage":{"@id":"https:\/\/regiaonews.net.br\/2022\/2023\/12\/01\/fabio-santos-faz-jogo-de-despedida-do-corinthians-diante-do-internacional\/#primaryimage"},"image":{"@id":"https:\/\/regiaonews.net.br\/2022\/2023\/12\/01\/fabio-santos-faz-jogo-de-despedida-do-corinthians-diante-do-internacional\/#primaryimage"},"thumbnailUrl":"https:\/\/regiaonews.net.br\/2022\/wp-content\/uploads\/2023\/12\/Fabio-Santos.jpg","datePublished":"2023-12-01T23:45:43+00:00","dateModified":"2023-12-02T00:49:17+00:00","breadcrumb":{"@id":"https:\/\/regiaonews.net.br\/2022\/2023\/12\/01\/fabio-santos-faz-jogo-de-despedida-do-corinthians-diante-do-internacional\/#breadcrumb"},"inLanguage":"pt-BR","potentialAction":[{"@type":"ReadAction","target":["https:\/\/regiaonews.net.br\/2022\/2023\/12\/01\/fabio-santos-faz-jogo-de-despedida-do-corinthians-diante-do-internacional\/"]}]},{"@type":"ImageObject","inLanguage":"pt-BR","@id":"https:\/\/regiaonews.net.br\/2022\/2023\/12\/01\/fabio-santos-faz-jogo-de-despedida-do-corinthians-diante-do-internacional\/#primaryimage","url":"https:\/\/regiaonews.net.br\/2022\/wp-content\/uploads\/2023\/12\/Fabio-Santos.jpg","contentUrl":"https:\/\/regiaonews.net.br\/2022\/wp-content\/uploads\/2023\/12\/Fabio-Santos.jpg","width":1338,"height":1003},{"@type":"BreadcrumbList","@id":"https:\/\/regiaonews.net.br\/2022\/2023\/12\/01\/fabio-santos-faz-jogo-de-despedida-do-corinthians-diante-do-internacional\/#breadcrumb","itemListElement":[{"@type":"ListItem","position":1,"name":"In\u00edcio","item":"https:\/\/regiaonews.net.br\/2022\/"},{"@type":"ListItem","position":2,"name":"F\u00e1bio Santos faz jogo de despedida do Corinthians diante do Internacional"}]},{"@type":"WebSite","@id":"https:\/\/regiaonews.net.br\/2022\/#website","url":"https:\/\/regiaonews.net.br\/2022\/","name":"Regi\u00e3o News","description":"Site de Not\u00edcias de Barretos e regi\u00e3o","publisher":{"@id":"https:\/\/regiaonews.net.br\/2022\/#organization"},"potentialAction":[{"@type":"SearchAction","target":{"@type":"EntryPoint","urlTemplate":"https:\/\/regiaonews.net.br\/2022\/?s={search_term_string}"},"query-input":{"@type":"PropertyValueSpecification","valueRequired":true,"valueName":"search_term_string"}}],"inLanguage":"pt-BR"},{"@type":"Organization","@id":"https:\/\/regiaonews.net.br\/2022\/#organization","name":"Regi\u00e3o News","url":"https:\/\/regiaonews.net.br\/2022\/","logo":{"@type":"ImageObject","inLanguage":"pt-BR","@id":"https:\/\/regiaonews.net.br\/2022\/#\/schema\/logo\/image\/","url":"https:\/\/regiaonews.net.br\/2022\/wp-content\/uploads\/2026\/03\/regiao-13-anos-scaled.jpg","contentUrl":"https:\/\/regiaonews.net.br\/2022\/wp-content\/uploads\/2026\/03\/regiao-13-anos-scaled.jpg","width":2560,"height":635,"caption":"Regi\u00e3o News"},"image":{"@id":"https:\/\/regiaonews.net.br\/2022\/#\/schema\/logo\/image\/"}},{"@type":"Person","@id":"https:\/\/regiaonews.net.br\/2022\/#\/schema\/person\/2d205a608a5aa97ac279d7a5e6d89ad8","name":"Roberto","image":{"@type":"ImageObject","inLanguage":"pt-BR","@id":"https:\/\/secure.gravatar.com\/avatar\/42749d8b712ff9d59ca93dc150494e5b55a44134482993f5baeb97e61b7ecc89?s=96&d=mm&r=g","url":"https:\/\/secure.gravatar.com\/avatar\/42749d8b712ff9d59ca93dc150494e5b55a44134482993f5baeb97e61b7ecc89?s=96&d=mm&r=g","contentUrl":"https:\/\/secure.gravatar.com\/avatar\/42749d8b712ff9d59ca93dc150494e5b55a44134482993f5baeb97e61b7ecc89?s=96&d=mm&r=g","caption":"Roberto"},"url":"https:\/\/regiaonews.net.br\/2022\/author\/roberto\/"}]}},"publishpress_future_action":{"enabled":false,"date":"2026-05-04 10:06:57","action":"change-status","newStatus":"draft","terms":[],"taxonomy":"category","extraData":[]},"publishpress_future_workflow_manual_trigger":{"enabledWorkflows":[]},"_links":{"self":[{"href":"https:\/\/regiaonews.net.br\/2022\/wp-json\/wp\/v2\/posts\/98487","targetHints":{"allow":["GET"]}}],"collection":[{"href":"https:\/\/regiaonews.net.br\/2022\/wp-json\/wp\/v2\/posts"}],"about":[{"href":"https:\/\/regiaonews.net.br\/2022\/wp-json\/wp\/v2\/types\/post"}],"author":[{"embeddable":true,"href":"https:\/\/regiaonews.net.br\/2022\/wp-json\/wp\/v2\/users\/2"}],"replies":[{"embeddable":true,"href":"https:\/\/regiaonews.net.br\/2022\/wp-json\/wp\/v2\/comments?post=98487"}],"version-history":[{"count":3,"href":"https:\/\/regiaonews.net.br\/2022\/wp-json\/wp\/v2\/posts\/98487\/revisions"}],"predecessor-version":[{"id":98500,"href":"https:\/\/regiaonews.net.br\/2022\/wp-json\/wp\/v2\/posts\/98487\/revisions\/98500"}],"wp:featuredmedia":[{"embeddable":true,"href":"https:\/\/regiaonews.net.br\/2022\/wp-json\/wp\/v2\/media\/98498"}],"wp:attachment":[{"href":"https:\/\/regiaonews.net.br\/2022\/wp-json\/wp\/v2\/media?parent=98487"}],"wp:term":[{"taxonomy":"category","embeddable":true,"href":"https:\/\/regiaonews.net.br\/2022\/wp-json\/wp\/v2\/categories?post=98487"},{"taxonomy":"post_tag","embeddable":true,"href":"https:\/\/regiaonews.net.br\/2022\/wp-json\/wp\/v2\/tags?post=98487"}],"curies":[{"name":"wp","href":"https:\/\/api.w.org\/{rel}","templated":true}]}}