{"id":98470,"date":"2023-12-01T16:59:31","date_gmt":"2023-12-01T19:59:31","guid":{"rendered":"https:\/\/regiaonews.net.br\/2022\/?p=98470"},"modified":"2023-12-01T17:17:13","modified_gmt":"2023-12-01T20:17:13","slug":"governador-visita-guaira-e-guaraci-neste-sabado-para-entrega-de-moradias","status":"publish","type":"post","link":"https:\/\/regiaonews.net.br\/2022\/2023\/12\/01\/governador-visita-guaira-e-guaraci-neste-sabado-para-entrega-de-moradias\/","title":{"rendered":"Governador visita Gua\u00edra, Guaraci e Jaborandi neste s\u00e1bado para entrega\u00a0de\u00a0moradias"},"content":{"rendered":"<p>O governador Tarc\u00edsio de Freitas estar\u00e1 na regi\u00e3o de Barretos ao longo deste s\u00e1bado (2) para entregas habitacionais em quatro cidades. \u00c0s 10h, 130 fam\u00edlias de Gua\u00edra recebem as chaves de suas novas moradias na solenidade com o governador. \u00c0s 12h30, mais 107 habita\u00e7\u00f5es ser\u00e3o entregues por Tarc\u00edsio a moradores de Guaraci. \u00c0s 15h, ser\u00e1 a vez de 143 fam\u00edlias de Sever\u00ednia receberem as chaves de seus im\u00f3veis. Por fim, \u00e0s 17h, Tarc\u00edsio estar\u00e1 em Jaborandi para contemplar mais 71 fam\u00edlias com habita\u00e7\u00f5es constru\u00eddas sob supervis\u00e3o da Companhia de Desenvolvimento Habitacional Urbano (CDHU). O investimento estadual nos quatro munic\u00edpios ultrapassou R$ 82 milh\u00f5es.<\/p>\n<p>Agenda<br \/>\nEntrega de moradias da CDHU em Gua\u00edra<br \/>\nData: s\u00e1bado, 2 de dezembro de 2023<br \/>\nHor\u00e1rio: 10h<br \/>\nLocal: Conjunto Habitacional Ant\u00f4nio Nogueira Lelis &#8211; Avenida 21, altura do n\u00ba 2.300, bairro Jo\u00e3o Vaccaro &#8211; Gua\u00edra\/SP<\/p>\n<p>Entrega de moradias da CDHU em Guaraci<br \/>\nHor\u00e1rio: 12h30<br \/>\nLocal:\u00a0Conjunto Habitacional Nova Era &#8211; Rua Lhen Nicolau, s\/n\u00ba, bairro Nova Era &#8211; Guaraci\/SP<\/p>\n<p>Entrega de moradias da CDHU em Sever\u00ednea<br \/>\nHor\u00e1rio: 15h<br \/>\nLocal:\u00a0Conjunto Habitacional Carmensita S\u00f4nia Lujan Scatolin &#8211; Rua Zilda Ferreira Camacho, s\/n\u00ba, Centro &#8211; Sever\u00ednia\/SP<\/p>\n<p>Entrega de moradias da CDHU em Jaborandi<br \/>\nHor\u00e1rio: 17h<br \/>\nLocal:\u00a0Conjunto Habitacional Ronan Sales Cardozo &#8211; Rua Assad Kalil Chabrour, s\/n\u00ba, Centro &#8211; Jaborandi\/SP<\/p>\n<p>&nbsp;<\/p>\n","protected":false},"excerpt":{"rendered":"<p>O governador Tarc\u00edsio de Freitas estar\u00e1 na regi\u00e3o de Barretos<\/p>\n","protected":false},"author":2,"featured_media":83825,"comment_status":"open","ping_status":"open","sticky":false,"template":"","format":"standard","meta":{"footnotes":""},"categories":[25,30],"tags":[],"class_list":["post-98470","post","type-post","status-publish","format-standard","has-post-thumbnail","hentry","category-cidades","category-regiao"],"yoast_head":"<!-- This site is optimized with the Yoast SEO plugin v27.4 - https:\/\/yoast.com\/product\/yoast-seo-wordpress\/ -->\n<title>Governador visita Gua\u00edra, Guaraci e Jaborandi neste s\u00e1bado para entrega\u00a0de\u00a0moradias - Regi\u00e3o News<\/title>\n<meta name=\"robots\" content=\"index, follow, max-snippet:-1, max-image-preview:large, max-video-preview:-1\" \/>\n<link rel=\"canonical\" href=\"https:\/\/regiaonews.net.br\/2022\/2023\/12\/01\/governador-visita-guaira-e-guaraci-neste-sabado-para-entrega-de-moradias\/\" \/>\n<meta property=\"og:locale\" content=\"pt_BR\" \/>\n<meta property=\"og:type\" content=\"article\" \/>\n<meta property=\"og:title\" content=\"Governador visita Gua\u00edra, Guaraci e Jaborandi neste s\u00e1bado para entrega\u00a0de\u00a0moradias - Regi\u00e3o News\" \/>\n<meta property=\"og:description\" content=\"O governador Tarc\u00edsio de Freitas estar\u00e1 na regi\u00e3o de Barretos\" \/>\n<meta property=\"og:url\" content=\"https:\/\/regiaonews.net.br\/2022\/2023\/12\/01\/governador-visita-guaira-e-guaraci-neste-sabado-para-entrega-de-moradias\/\" \/>\n<meta property=\"og:site_name\" content=\"Regi\u00e3o News\" \/>\n<meta property=\"article:published_time\" content=\"2023-12-01T19:59:31+00:00\" \/>\n<meta property=\"article:modified_time\" content=\"2023-12-01T20:17:13+00:00\" \/>\n<meta property=\"og:image\" content=\"https:\/\/regiaonews.net.br\/2022\/wp-content\/uploads\/2023\/02\/tarcisio-de-freitas.jpg\" \/>\n\t<meta property=\"og:image:width\" content=\"2047\" \/>\n\t<meta property=\"og:image:height\" content=\"1365\" \/>\n\t<meta property=\"og:image:type\" content=\"image\/jpeg\" \/>\n<meta name=\"author\" content=\"Roberto\" \/>\n<meta name=\"twitter:card\" content=\"summary_large_image\" \/>\n<meta name=\"twitter:label1\" content=\"Escrito por\" \/>\n\t<meta name=\"twitter:data1\" content=\"Roberto\" \/>\n\t<meta name=\"twitter:label2\" content=\"Est. tempo de leitura\" \/>\n\t<meta name=\"twitter:data2\" content=\"2 minutos\" \/>\n<script type=\"application\/ld+json\" class=\"yoast-schema-graph\">{\"@context\":\"https:\\\/\\\/schema.org\",\"@graph\":[{\"@type\":\"Article\",\"@id\":\"https:\\\/\\\/regiaonews.net.br\\\/2022\\\/2023\\\/12\\\/01\\\/governador-visita-guaira-e-guaraci-neste-sabado-para-entrega-de-moradias\\\/#article\",\"isPartOf\":{\"@id\":\"https:\\\/\\\/regiaonews.net.br\\\/2022\\\/2023\\\/12\\\/01\\\/governador-visita-guaira-e-guaraci-neste-sabado-para-entrega-de-moradias\\\/\"},\"author\":{\"name\":\"Roberto\",\"@id\":\"https:\\\/\\\/regiaonews.net.br\\\/2022\\\/#\\\/schema\\\/person\\\/2d205a608a5aa97ac279d7a5e6d89ad8\"},\"headline\":\"Governador visita Gua\u00edra, Guaraci e Jaborandi neste s\u00e1bado para entrega\u00a0de\u00a0moradias\",\"datePublished\":\"2023-12-01T19:59:31+00:00\",\"dateModified\":\"2023-12-01T20:17:13+00:00\",\"mainEntityOfPage\":{\"@id\":\"https:\\\/\\\/regiaonews.net.br\\\/2022\\\/2023\\\/12\\\/01\\\/governador-visita-guaira-e-guaraci-neste-sabado-para-entrega-de-moradias\\\/\"},\"wordCount\":253,\"commentCount\":0,\"publisher\":{\"@id\":\"https:\\\/\\\/regiaonews.net.br\\\/2022\\\/#organization\"},\"image\":{\"@id\":\"https:\\\/\\\/regiaonews.net.br\\\/2022\\\/2023\\\/12\\\/01\\\/governador-visita-guaira-e-guaraci-neste-sabado-para-entrega-de-moradias\\\/#primaryimage\"},\"thumbnailUrl\":\"https:\\\/\\\/regiaonews.net.br\\\/2022\\\/wp-content\\\/uploads\\\/2023\\\/02\\\/tarcisio-de-freitas.jpg\",\"articleSection\":[\"Cidades\",\"Regi\u00e3o\"],\"inLanguage\":\"pt-BR\",\"potentialAction\":[{\"@type\":\"CommentAction\",\"name\":\"Comment\",\"target\":[\"https:\\\/\\\/regiaonews.net.br\\\/2022\\\/2023\\\/12\\\/01\\\/governador-visita-guaira-e-guaraci-neste-sabado-para-entrega-de-moradias\\\/#respond\"]}]},{\"@type\":\"WebPage\",\"@id\":\"https:\\\/\\\/regiaonews.net.br\\\/2022\\\/2023\\\/12\\\/01\\\/governador-visita-guaira-e-guaraci-neste-sabado-para-entrega-de-moradias\\\/\",\"url\":\"https:\\\/\\\/regiaonews.net.br\\\/2022\\\/2023\\\/12\\\/01\\\/governador-visita-guaira-e-guaraci-neste-sabado-para-entrega-de-moradias\\\/\",\"name\":\"Governador visita Gua\u00edra, Guaraci e Jaborandi neste s\u00e1bado para entrega\u00a0de\u00a0moradias - Regi\u00e3o News\",\"isPartOf\":{\"@id\":\"https:\\\/\\\/regiaonews.net.br\\\/2022\\\/#website\"},\"primaryImageOfPage\":{\"@id\":\"https:\\\/\\\/regiaonews.net.br\\\/2022\\\/2023\\\/12\\\/01\\\/governador-visita-guaira-e-guaraci-neste-sabado-para-entrega-de-moradias\\\/#primaryimage\"},\"image\":{\"@id\":\"https:\\\/\\\/regiaonews.net.br\\\/2022\\\/2023\\\/12\\\/01\\\/governador-visita-guaira-e-guaraci-neste-sabado-para-entrega-de-moradias\\\/#primaryimage\"},\"thumbnailUrl\":\"https:\\\/\\\/regiaonews.net.br\\\/2022\\\/wp-content\\\/uploads\\\/2023\\\/02\\\/tarcisio-de-freitas.jpg\",\"datePublished\":\"2023-12-01T19:59:31+00:00\",\"dateModified\":\"2023-12-01T20:17:13+00:00\",\"breadcrumb\":{\"@id\":\"https:\\\/\\\/regiaonews.net.br\\\/2022\\\/2023\\\/12\\\/01\\\/governador-visita-guaira-e-guaraci-neste-sabado-para-entrega-de-moradias\\\/#breadcrumb\"},\"inLanguage\":\"pt-BR\",\"potentialAction\":[{\"@type\":\"ReadAction\",\"target\":[\"https:\\\/\\\/regiaonews.net.br\\\/2022\\\/2023\\\/12\\\/01\\\/governador-visita-guaira-e-guaraci-neste-sabado-para-entrega-de-moradias\\\/\"]}]},{\"@type\":\"ImageObject\",\"inLanguage\":\"pt-BR\",\"@id\":\"https:\\\/\\\/regiaonews.net.br\\\/2022\\\/2023\\\/12\\\/01\\\/governador-visita-guaira-e-guaraci-neste-sabado-para-entrega-de-moradias\\\/#primaryimage\",\"url\":\"https:\\\/\\\/regiaonews.net.br\\\/2022\\\/wp-content\\\/uploads\\\/2023\\\/02\\\/tarcisio-de-freitas.jpg\",\"contentUrl\":\"https:\\\/\\\/regiaonews.net.br\\\/2022\\\/wp-content\\\/uploads\\\/2023\\\/02\\\/tarcisio-de-freitas.jpg\",\"width\":2047,\"height\":1365},{\"@type\":\"BreadcrumbList\",\"@id\":\"https:\\\/\\\/regiaonews.net.br\\\/2022\\\/2023\\\/12\\\/01\\\/governador-visita-guaira-e-guaraci-neste-sabado-para-entrega-de-moradias\\\/#breadcrumb\",\"itemListElement\":[{\"@type\":\"ListItem\",\"position\":1,\"name\":\"In\u00edcio\",\"item\":\"https:\\\/\\\/regiaonews.net.br\\\/2022\\\/\"},{\"@type\":\"ListItem\",\"position\":2,\"name\":\"Governador visita Gua\u00edra, Guaraci e Jaborandi neste s\u00e1bado para entrega\u00a0de\u00a0moradias\"}]},{\"@type\":\"WebSite\",\"@id\":\"https:\\\/\\\/regiaonews.net.br\\\/2022\\\/#website\",\"url\":\"https:\\\/\\\/regiaonews.net.br\\\/2022\\\/\",\"name\":\"Regi\u00e3o News\",\"description\":\"Site de Not\u00edcias de Barretos e regi\u00e3o\",\"publisher\":{\"@id\":\"https:\\\/\\\/regiaonews.net.br\\\/2022\\\/#organization\"},\"potentialAction\":[{\"@type\":\"SearchAction\",\"target\":{\"@type\":\"EntryPoint\",\"urlTemplate\":\"https:\\\/\\\/regiaonews.net.br\\\/2022\\\/?s={search_term_string}\"},\"query-input\":{\"@type\":\"PropertyValueSpecification\",\"valueRequired\":true,\"valueName\":\"search_term_string\"}}],\"inLanguage\":\"pt-BR\"},{\"@type\":\"Organization\",\"@id\":\"https:\\\/\\\/regiaonews.net.br\\\/2022\\\/#organization\",\"name\":\"Regi\u00e3o News\",\"url\":\"https:\\\/\\\/regiaonews.net.br\\\/2022\\\/\",\"logo\":{\"@type\":\"ImageObject\",\"inLanguage\":\"pt-BR\",\"@id\":\"https:\\\/\\\/regiaonews.net.br\\\/2022\\\/#\\\/schema\\\/logo\\\/image\\\/\",\"url\":\"https:\\\/\\\/regiaonews.net.br\\\/2022\\\/wp-content\\\/uploads\\\/2026\\\/03\\\/regiao-13-anos-scaled.jpg\",\"contentUrl\":\"https:\\\/\\\/regiaonews.net.br\\\/2022\\\/wp-content\\\/uploads\\\/2026\\\/03\\\/regiao-13-anos-scaled.jpg\",\"width\":2560,\"height\":635,\"caption\":\"Regi\u00e3o News\"},\"image\":{\"@id\":\"https:\\\/\\\/regiaonews.net.br\\\/2022\\\/#\\\/schema\\\/logo\\\/image\\\/\"}},{\"@type\":\"Person\",\"@id\":\"https:\\\/\\\/regiaonews.net.br\\\/2022\\\/#\\\/schema\\\/person\\\/2d205a608a5aa97ac279d7a5e6d89ad8\",\"name\":\"Roberto\",\"image\":{\"@type\":\"ImageObject\",\"inLanguage\":\"pt-BR\",\"@id\":\"https:\\\/\\\/secure.gravatar.com\\\/avatar\\\/42749d8b712ff9d59ca93dc150494e5b55a44134482993f5baeb97e61b7ecc89?s=96&d=mm&r=g\",\"url\":\"https:\\\/\\\/secure.gravatar.com\\\/avatar\\\/42749d8b712ff9d59ca93dc150494e5b55a44134482993f5baeb97e61b7ecc89?s=96&d=mm&r=g\",\"contentUrl\":\"https:\\\/\\\/secure.gravatar.com\\\/avatar\\\/42749d8b712ff9d59ca93dc150494e5b55a44134482993f5baeb97e61b7ecc89?s=96&d=mm&r=g\",\"caption\":\"Roberto\"},\"url\":\"https:\\\/\\\/regiaonews.net.br\\\/2022\\\/author\\\/roberto\\\/\"}]}<\/script>\n<!-- \/ Yoast SEO plugin. -->","yoast_head_json":{"title":"Governador visita Gua\u00edra, Guaraci e Jaborandi neste s\u00e1bado para entrega\u00a0de\u00a0moradias - Regi\u00e3o News","robots":{"index":"index","follow":"follow","max-snippet":"max-snippet:-1","max-image-preview":"max-image-preview:large","max-video-preview":"max-video-preview:-1"},"canonical":"https:\/\/regiaonews.net.br\/2022\/2023\/12\/01\/governador-visita-guaira-e-guaraci-neste-sabado-para-entrega-de-moradias\/","og_locale":"pt_BR","og_type":"article","og_title":"Governador visita Gua\u00edra, Guaraci e Jaborandi neste s\u00e1bado para entrega\u00a0de\u00a0moradias - Regi\u00e3o News","og_description":"O governador Tarc\u00edsio de Freitas estar\u00e1 na regi\u00e3o de Barretos","og_url":"https:\/\/regiaonews.net.br\/2022\/2023\/12\/01\/governador-visita-guaira-e-guaraci-neste-sabado-para-entrega-de-moradias\/","og_site_name":"Regi\u00e3o News","article_published_time":"2023-12-01T19:59:31+00:00","article_modified_time":"2023-12-01T20:17:13+00:00","og_image":[{"width":2047,"height":1365,"url":"https:\/\/regiaonews.net.br\/2022\/wp-content\/uploads\/2023\/02\/tarcisio-de-freitas.jpg","type":"image\/jpeg"}],"author":"Roberto","twitter_card":"summary_large_image","twitter_misc":{"Escrito por":"Roberto","Est. tempo de leitura":"2 minutos"},"schema":{"@context":"https:\/\/schema.org","@graph":[{"@type":"Article","@id":"https:\/\/regiaonews.net.br\/2022\/2023\/12\/01\/governador-visita-guaira-e-guaraci-neste-sabado-para-entrega-de-moradias\/#article","isPartOf":{"@id":"https:\/\/regiaonews.net.br\/2022\/2023\/12\/01\/governador-visita-guaira-e-guaraci-neste-sabado-para-entrega-de-moradias\/"},"author":{"name":"Roberto","@id":"https:\/\/regiaonews.net.br\/2022\/#\/schema\/person\/2d205a608a5aa97ac279d7a5e6d89ad8"},"headline":"Governador visita Gua\u00edra, Guaraci e Jaborandi neste s\u00e1bado para entrega\u00a0de\u00a0moradias","datePublished":"2023-12-01T19:59:31+00:00","dateModified":"2023-12-01T20:17:13+00:00","mainEntityOfPage":{"@id":"https:\/\/regiaonews.net.br\/2022\/2023\/12\/01\/governador-visita-guaira-e-guaraci-neste-sabado-para-entrega-de-moradias\/"},"wordCount":253,"commentCount":0,"publisher":{"@id":"https:\/\/regiaonews.net.br\/2022\/#organization"},"image":{"@id":"https:\/\/regiaonews.net.br\/2022\/2023\/12\/01\/governador-visita-guaira-e-guaraci-neste-sabado-para-entrega-de-moradias\/#primaryimage"},"thumbnailUrl":"https:\/\/regiaonews.net.br\/2022\/wp-content\/uploads\/2023\/02\/tarcisio-de-freitas.jpg","articleSection":["Cidades","Regi\u00e3o"],"inLanguage":"pt-BR","potentialAction":[{"@type":"CommentAction","name":"Comment","target":["https:\/\/regiaonews.net.br\/2022\/2023\/12\/01\/governador-visita-guaira-e-guaraci-neste-sabado-para-entrega-de-moradias\/#respond"]}]},{"@type":"WebPage","@id":"https:\/\/regiaonews.net.br\/2022\/2023\/12\/01\/governador-visita-guaira-e-guaraci-neste-sabado-para-entrega-de-moradias\/","url":"https:\/\/regiaonews.net.br\/2022\/2023\/12\/01\/governador-visita-guaira-e-guaraci-neste-sabado-para-entrega-de-moradias\/","name":"Governador visita Gua\u00edra, Guaraci e Jaborandi neste s\u00e1bado para entrega\u00a0de\u00a0moradias - Regi\u00e3o News","isPartOf":{"@id":"https:\/\/regiaonews.net.br\/2022\/#website"},"primaryImageOfPage":{"@id":"https:\/\/regiaonews.net.br\/2022\/2023\/12\/01\/governador-visita-guaira-e-guaraci-neste-sabado-para-entrega-de-moradias\/#primaryimage"},"image":{"@id":"https:\/\/regiaonews.net.br\/2022\/2023\/12\/01\/governador-visita-guaira-e-guaraci-neste-sabado-para-entrega-de-moradias\/#primaryimage"},"thumbnailUrl":"https:\/\/regiaonews.net.br\/2022\/wp-content\/uploads\/2023\/02\/tarcisio-de-freitas.jpg","datePublished":"2023-12-01T19:59:31+00:00","dateModified":"2023-12-01T20:17:13+00:00","breadcrumb":{"@id":"https:\/\/regiaonews.net.br\/2022\/2023\/12\/01\/governador-visita-guaira-e-guaraci-neste-sabado-para-entrega-de-moradias\/#breadcrumb"},"inLanguage":"pt-BR","potentialAction":[{"@type":"ReadAction","target":["https:\/\/regiaonews.net.br\/2022\/2023\/12\/01\/governador-visita-guaira-e-guaraci-neste-sabado-para-entrega-de-moradias\/"]}]},{"@type":"ImageObject","inLanguage":"pt-BR","@id":"https:\/\/regiaonews.net.br\/2022\/2023\/12\/01\/governador-visita-guaira-e-guaraci-neste-sabado-para-entrega-de-moradias\/#primaryimage","url":"https:\/\/regiaonews.net.br\/2022\/wp-content\/uploads\/2023\/02\/tarcisio-de-freitas.jpg","contentUrl":"https:\/\/regiaonews.net.br\/2022\/wp-content\/uploads\/2023\/02\/tarcisio-de-freitas.jpg","width":2047,"height":1365},{"@type":"BreadcrumbList","@id":"https:\/\/regiaonews.net.br\/2022\/2023\/12\/01\/governador-visita-guaira-e-guaraci-neste-sabado-para-entrega-de-moradias\/#breadcrumb","itemListElement":[{"@type":"ListItem","position":1,"name":"In\u00edcio","item":"https:\/\/regiaonews.net.br\/2022\/"},{"@type":"ListItem","position":2,"name":"Governador visita Gua\u00edra, Guaraci e Jaborandi neste s\u00e1bado para entrega\u00a0de\u00a0moradias"}]},{"@type":"WebSite","@id":"https:\/\/regiaonews.net.br\/2022\/#website","url":"https:\/\/regiaonews.net.br\/2022\/","name":"Regi\u00e3o News","description":"Site de Not\u00edcias de Barretos e regi\u00e3o","publisher":{"@id":"https:\/\/regiaonews.net.br\/2022\/#organization"},"potentialAction":[{"@type":"SearchAction","target":{"@type":"EntryPoint","urlTemplate":"https:\/\/regiaonews.net.br\/2022\/?s={search_term_string}"},"query-input":{"@type":"PropertyValueSpecification","valueRequired":true,"valueName":"search_term_string"}}],"inLanguage":"pt-BR"},{"@type":"Organization","@id":"https:\/\/regiaonews.net.br\/2022\/#organization","name":"Regi\u00e3o News","url":"https:\/\/regiaonews.net.br\/2022\/","logo":{"@type":"ImageObject","inLanguage":"pt-BR","@id":"https:\/\/regiaonews.net.br\/2022\/#\/schema\/logo\/image\/","url":"https:\/\/regiaonews.net.br\/2022\/wp-content\/uploads\/2026\/03\/regiao-13-anos-scaled.jpg","contentUrl":"https:\/\/regiaonews.net.br\/2022\/wp-content\/uploads\/2026\/03\/regiao-13-anos-scaled.jpg","width":2560,"height":635,"caption":"Regi\u00e3o News"},"image":{"@id":"https:\/\/regiaonews.net.br\/2022\/#\/schema\/logo\/image\/"}},{"@type":"Person","@id":"https:\/\/regiaonews.net.br\/2022\/#\/schema\/person\/2d205a608a5aa97ac279d7a5e6d89ad8","name":"Roberto","image":{"@type":"ImageObject","inLanguage":"pt-BR","@id":"https:\/\/secure.gravatar.com\/avatar\/42749d8b712ff9d59ca93dc150494e5b55a44134482993f5baeb97e61b7ecc89?s=96&d=mm&r=g","url":"https:\/\/secure.gravatar.com\/avatar\/42749d8b712ff9d59ca93dc150494e5b55a44134482993f5baeb97e61b7ecc89?s=96&d=mm&r=g","contentUrl":"https:\/\/secure.gravatar.com\/avatar\/42749d8b712ff9d59ca93dc150494e5b55a44134482993f5baeb97e61b7ecc89?s=96&d=mm&r=g","caption":"Roberto"},"url":"https:\/\/regiaonews.net.br\/2022\/author\/roberto\/"}]}},"publishpress_future_action":{"enabled":false,"date":"2026-05-04 07:25:10","action":"change-status","newStatus":"draft","terms":[],"taxonomy":"category","extraData":[]},"publishpress_future_workflow_manual_trigger":{"enabledWorkflows":[]},"_links":{"self":[{"href":"https:\/\/regiaonews.net.br\/2022\/wp-json\/wp\/v2\/posts\/98470","targetHints":{"allow":["GET"]}}],"collection":[{"href":"https:\/\/regiaonews.net.br\/2022\/wp-json\/wp\/v2\/posts"}],"about":[{"href":"https:\/\/regiaonews.net.br\/2022\/wp-json\/wp\/v2\/types\/post"}],"author":[{"embeddable":true,"href":"https:\/\/regiaonews.net.br\/2022\/wp-json\/wp\/v2\/users\/2"}],"replies":[{"embeddable":true,"href":"https:\/\/regiaonews.net.br\/2022\/wp-json\/wp\/v2\/comments?post=98470"}],"version-history":[{"count":2,"href":"https:\/\/regiaonews.net.br\/2022\/wp-json\/wp\/v2\/posts\/98470\/revisions"}],"predecessor-version":[{"id":98475,"href":"https:\/\/regiaonews.net.br\/2022\/wp-json\/wp\/v2\/posts\/98470\/revisions\/98475"}],"wp:featuredmedia":[{"embeddable":true,"href":"https:\/\/regiaonews.net.br\/2022\/wp-json\/wp\/v2\/media\/83825"}],"wp:attachment":[{"href":"https:\/\/regiaonews.net.br\/2022\/wp-json\/wp\/v2\/media?parent=98470"}],"wp:term":[{"taxonomy":"category","embeddable":true,"href":"https:\/\/regiaonews.net.br\/2022\/wp-json\/wp\/v2\/categories?post=98470"},{"taxonomy":"post_tag","embeddable":true,"href":"https:\/\/regiaonews.net.br\/2022\/wp-json\/wp\/v2\/tags?post=98470"}],"curies":[{"name":"wp","href":"https:\/\/api.w.org\/{rel}","templated":true}]}}