{"id":98456,"date":"2023-12-01T13:46:38","date_gmt":"2023-12-01T16:46:38","guid":{"rendered":"https:\/\/regiaonews.net.br\/2022\/?p=98456"},"modified":"2023-12-01T13:46:38","modified_gmt":"2023-12-01T16:46:38","slug":"prefeitura-de-barretos-entrega-mais-quatro-veiculos-novos-a-secretaria-de-saude","status":"publish","type":"post","link":"https:\/\/regiaonews.net.br\/2022\/2023\/12\/01\/prefeitura-de-barretos-entrega-mais-quatro-veiculos-novos-a-secretaria-de-saude\/","title":{"rendered":"Prefeitura de Barretos entrega mais quatro ve\u00edculos novos \u00e0 Secretaria de Sa\u00fade"},"content":{"rendered":"<p>As tr\u00eas ambul\u00e2ncias e uma Spin chegam para ampliar os atendimentos no servi\u00e7o \u2018Leva e Traz\u2019, transporte intermunicipal e o deslocamento para o Ambulat\u00f3rio de Curativos Especiais; mais de 36 mil pacientes s\u00e3o transportados anualmente<\/p>\n<p>A prefeita da Est\u00e2ncia Tur\u00edstica de Barretos, Paula Lemos, realizou a entrega de tr\u00eas ambul\u00e2ncias e de um ve\u00edculo utilit\u00e1rio Spin para a Secretaria Municipal de Sa\u00fade (SMS) nesta semana. S\u00e3o tr\u00eas ambul\u00e2ncias Renault Master, sendo que uma ser\u00e1 destinada \u00e0 refor\u00e7o no servi\u00e7o \u2018Leva e Traz\u2019, que realiza o transporte de pacientes eletivos dentro de Barretos, e duas ser\u00e3o disponibilizadas para o transporte intermunicipal. Juntas, as tr\u00eas representam investimento de R$ 710.999,97.<br \/>\nCada uma das tr\u00eas ambul\u00e2ncias comporta at\u00e9 cinco pacientes sentados e um deitado. J\u00e1 o ve\u00edculo Spin, que foi destinado ao transporte, por agendamento, dos pacientes do Ambulat\u00f3rio de Curativos Especiais, com dificuldade para se locomover, representa investimento de R$ 114.150,00 e comporta at\u00e9 seis pessoas.<br \/>\n\u201c\u00c9 importante a gente ter a verdade. Estamos trabalhando a cada dia para melhorar a sa\u00fade da popula\u00e7\u00e3o barretense. Junto com apoio de homens de bens, que lutam para a melhoria da vida das pessoas, que est\u00e3o colaborando para termos mais ve\u00edculos. Enquanto vereadora, fiz oposi\u00e7\u00e3o da verdade e consegui duas ambul\u00e2ncias para a cidade\u201d, afirmou a prefeita Paula ao realizar a entrega das ambul\u00e2ncias no p\u00e1tio da Prefeitura. Ela agradeceu ao ent\u00e3o deputado Coronel Tadeu, que, por meio de emenda parlamentar, destinou os recursos para as tr\u00eas ambul\u00e2ncias.<br \/>\nO chefe da frota da Sa\u00fade, Adilson de Lima, esteve ao lado de Paula na entrega e lembrou que a Administra\u00e7\u00e3o Municipal tem o dever de cumprir tr\u00e2mites entre a chegada do ve\u00edculo para o munic\u00edpio e o in\u00edcio das atividades. Adilson destacou que a documenta\u00e7\u00e3o das tr\u00eas ambul\u00e2ncias ficou pronta, sendo os ve\u00edculos ent\u00e3o encaminhados para se colocar a identifica\u00e7\u00e3o com rela\u00e7\u00e3o \u00e0 qual servi\u00e7o est\u00e1 destinado, estando previsto que entrem em opera\u00e7\u00e3o na segunda-feira, dia 4. \u201cA gente trabalha com a verdade. Todos os ve\u00edculos s\u00e3o equipados com ar condicionado, ofertando transporte com dignidade para a popula\u00e7\u00e3o\u201d ressaltou.<\/p>\n<p>Servi\u00e7o \u201cLeva e Traz\u201d e transporte intermunicipal<br \/>\nA SMS aponta que o servi\u00e7o \u201cLeva e Traz\u201d transporta duas mil pessoas ao m\u00eas em Barretos, atendendo ao longo do ano cerca de 24 mil pessoas. J\u00e1 em viagens intermunicipais e estaduais para atendimento m\u00e9dico-hospitalar s\u00e3o transportados cerca de 12.600 pacientes ao ano, totalizando mais de 36 mil passageiros transportados por ano.<\/p>\n<p>Spin para o Ambulat\u00f3rio de Curativos<br \/>\nA prefeita Paula foi at\u00e9 o Ambulat\u00f3rio de Curativos Especiais na quarta-feira, dia 29, para a entrega do ve\u00edculo utilit\u00e1rio Spin para locomo\u00e7\u00e3o de pacientes at\u00e9 o ambulat\u00f3rio. \u201cMais uma \u00f3tima not\u00edcia para a Sa\u00fade. Vim at\u00e9 aqui com o vereador Paulo Correa porque ele foi paciente do doutor George e da enfermeira Carol aqui no Ambulat\u00f3rio, conhece o excelente trabalho que a equipe daqui realiza e fez o interm\u00e9dio que permitiu que esse ve\u00edculo estivesse aqui hoje, para proporcionar mais conforto para os pacientes. Isso foi poss\u00edvel gra\u00e7as a uma emenda do Andr\u00e9 do Prado e \u00e0 sensibilidade do Paulo. Ent\u00e3o, quero agradecer muito a voc\u00eas dois, que assim como n\u00f3s lutam diariamente para melhorar a vida das pessoas na \u00e1rea da sa\u00fade\u201d, destacou.<br \/>\nO vereador Paulo Correa, que tem diabetes, contou sobre sua experi\u00eancia enquanto paciente no Ambulat\u00f3rio. \u201cFoi muito importante para mim quando o doutor George me encaminhou para a Santa Casa. L\u00e1 tamb\u00e9m fui muito bem atendido pelo SUS e, para os curativos, fui encaminhado aqui para o Ambulat\u00f3rio\u201d, contou. Ele teve ent\u00e3o a oportunidade de acompanhar de perto e ouvir que itens proporcionariam melhorias para o Ambulat\u00f3rio. \u201cConversei com o Andr\u00e9 do Prado, que trabalha junto com o deputado M\u00e1rcio Alvino, e ele conseguiu uma emenda para proporcionar materiais mais avan\u00e7ados para os pacientes. Tamb\u00e9m foi atendida a demanda por sapatos com palmilhas diferentes. Hoje estamos aqui com essa Spin, que tem sete lugares. O paciente que estiver em casa e n\u00e3o conseguir se locomover vai ter o agendamento para vir at\u00e9 aqui\u201d, ressaltou.<br \/>\nTamb\u00e9m acompanharam a entrega o m\u00e9dico cirurgi\u00e3o vascular George Kalil Ferreira, a enfermeira estomaterapeuta Carolina Arantes de Souza e o chefe de frota, Adilson. A Secretaria de Sa\u00fade ressalta que o ve\u00edculo Spin passar\u00e1 pelos tr\u00e2mites de documenta\u00e7\u00e3o e identifica\u00e7\u00e3o visual, conforme as normas exigem, para depois disso entrar em opera\u00e7\u00e3o.<\/p>\n<p><strong>O Ambulat\u00f3rio<\/strong><\/p>\n<p>O Ambulat\u00f3rio de Curativos Especiais tem como objetivo oferecer aos pacientes atendimento qualificado na atua\u00e7\u00e3o multidisciplinar por meio de conhecimentos t\u00e9cnico-cient\u00edfico atualizados, qualificando a assist\u00eancia de enfermagem na realiza\u00e7\u00e3o de curativos, al\u00e9m de proporcionar o bem-estar do paciente. Busca propor tratamentos e executar interven\u00e7\u00f5es para a cicatriza\u00e7\u00e3o de modo acelerado de \u00falceras venosas, arteriais, neurop\u00e1ticas, traum\u00e1ticas e por press\u00e3o, motivando o autocuidado (higiene, hidrata\u00e7\u00e3o e integridade cut\u00e2nea). No local, s\u00e3o atendidos em m\u00e9dia 90 pacientes por m\u00eas.<\/p>\n<p>Fotos: Tininho Jr. e Nivaldo Jr.<\/p>\n","protected":false},"excerpt":{"rendered":"<p>As tr\u00eas ambul\u00e2ncias e uma Spin chegam para ampliar os<\/p>\n","protected":false},"author":2,"featured_media":98457,"comment_status":"open","ping_status":"open","sticky":false,"template":"","format":"standard","meta":{"footnotes":""},"categories":[14,3],"tags":[],"class_list":["post-98456","post","type-post","status-publish","format-standard","has-post-thumbnail","hentry","category-barretos","category-geral"],"yoast_head":"<!-- This site is optimized with the Yoast SEO plugin v27.4 - https:\/\/yoast.com\/product\/yoast-seo-wordpress\/ -->\n<title>Prefeitura de Barretos entrega mais quatro ve\u00edculos novos \u00e0 Secretaria de Sa\u00fade - Regi\u00e3o News<\/title>\n<meta name=\"robots\" content=\"index, follow, max-snippet:-1, max-image-preview:large, max-video-preview:-1\" \/>\n<link rel=\"canonical\" href=\"https:\/\/regiaonews.net.br\/2022\/2023\/12\/01\/prefeitura-de-barretos-entrega-mais-quatro-veiculos-novos-a-secretaria-de-saude\/\" \/>\n<meta property=\"og:locale\" content=\"pt_BR\" \/>\n<meta property=\"og:type\" content=\"article\" \/>\n<meta property=\"og:title\" content=\"Prefeitura de Barretos entrega mais quatro ve\u00edculos novos \u00e0 Secretaria de Sa\u00fade - Regi\u00e3o News\" \/>\n<meta property=\"og:description\" content=\"As tr\u00eas ambul\u00e2ncias e uma Spin chegam para ampliar os\" \/>\n<meta property=\"og:url\" content=\"https:\/\/regiaonews.net.br\/2022\/2023\/12\/01\/prefeitura-de-barretos-entrega-mais-quatro-veiculos-novos-a-secretaria-de-saude\/\" \/>\n<meta property=\"og:site_name\" content=\"Regi\u00e3o News\" \/>\n<meta property=\"article:published_time\" content=\"2023-12-01T16:46:38+00:00\" \/>\n<meta property=\"og:image\" content=\"https:\/\/regiaonews.net.br\/2022\/wp-content\/uploads\/2023\/12\/Imagem-do-WhatsApp-de-2023-12-01-as-13.00.06_f40516d8.jpg\" \/>\n\t<meta property=\"og:image:width\" content=\"1592\" \/>\n\t<meta property=\"og:image:height\" content=\"1060\" \/>\n\t<meta property=\"og:image:type\" content=\"image\/jpeg\" \/>\n<meta name=\"author\" content=\"Roberto\" \/>\n<meta name=\"twitter:card\" content=\"summary_large_image\" \/>\n<meta name=\"twitter:label1\" content=\"Escrito por\" \/>\n\t<meta name=\"twitter:data1\" content=\"Roberto\" \/>\n\t<meta name=\"twitter:label2\" content=\"Est. tempo de leitura\" \/>\n\t<meta name=\"twitter:data2\" content=\"5 minutos\" \/>\n<script type=\"application\/ld+json\" class=\"yoast-schema-graph\">{\"@context\":\"https:\\\/\\\/schema.org\",\"@graph\":[{\"@type\":\"Article\",\"@id\":\"https:\\\/\\\/regiaonews.net.br\\\/2022\\\/2023\\\/12\\\/01\\\/prefeitura-de-barretos-entrega-mais-quatro-veiculos-novos-a-secretaria-de-saude\\\/#article\",\"isPartOf\":{\"@id\":\"https:\\\/\\\/regiaonews.net.br\\\/2022\\\/2023\\\/12\\\/01\\\/prefeitura-de-barretos-entrega-mais-quatro-veiculos-novos-a-secretaria-de-saude\\\/\"},\"author\":{\"name\":\"Roberto\",\"@id\":\"https:\\\/\\\/regiaonews.net.br\\\/2022\\\/#\\\/schema\\\/person\\\/2d205a608a5aa97ac279d7a5e6d89ad8\"},\"headline\":\"Prefeitura de Barretos entrega mais quatro ve\u00edculos novos \u00e0 Secretaria de Sa\u00fade\",\"datePublished\":\"2023-12-01T16:46:38+00:00\",\"mainEntityOfPage\":{\"@id\":\"https:\\\/\\\/regiaonews.net.br\\\/2022\\\/2023\\\/12\\\/01\\\/prefeitura-de-barretos-entrega-mais-quatro-veiculos-novos-a-secretaria-de-saude\\\/\"},\"wordCount\":915,\"commentCount\":0,\"publisher\":{\"@id\":\"https:\\\/\\\/regiaonews.net.br\\\/2022\\\/#organization\"},\"image\":{\"@id\":\"https:\\\/\\\/regiaonews.net.br\\\/2022\\\/2023\\\/12\\\/01\\\/prefeitura-de-barretos-entrega-mais-quatro-veiculos-novos-a-secretaria-de-saude\\\/#primaryimage\"},\"thumbnailUrl\":\"https:\\\/\\\/regiaonews.net.br\\\/2022\\\/wp-content\\\/uploads\\\/2023\\\/12\\\/Imagem-do-WhatsApp-de-2023-12-01-as-13.00.06_f40516d8.jpg\",\"articleSection\":[\"Barretos\",\"Geral\"],\"inLanguage\":\"pt-BR\",\"potentialAction\":[{\"@type\":\"CommentAction\",\"name\":\"Comment\",\"target\":[\"https:\\\/\\\/regiaonews.net.br\\\/2022\\\/2023\\\/12\\\/01\\\/prefeitura-de-barretos-entrega-mais-quatro-veiculos-novos-a-secretaria-de-saude\\\/#respond\"]}]},{\"@type\":\"WebPage\",\"@id\":\"https:\\\/\\\/regiaonews.net.br\\\/2022\\\/2023\\\/12\\\/01\\\/prefeitura-de-barretos-entrega-mais-quatro-veiculos-novos-a-secretaria-de-saude\\\/\",\"url\":\"https:\\\/\\\/regiaonews.net.br\\\/2022\\\/2023\\\/12\\\/01\\\/prefeitura-de-barretos-entrega-mais-quatro-veiculos-novos-a-secretaria-de-saude\\\/\",\"name\":\"Prefeitura de Barretos entrega mais quatro ve\u00edculos novos \u00e0 Secretaria de Sa\u00fade - Regi\u00e3o News\",\"isPartOf\":{\"@id\":\"https:\\\/\\\/regiaonews.net.br\\\/2022\\\/#website\"},\"primaryImageOfPage\":{\"@id\":\"https:\\\/\\\/regiaonews.net.br\\\/2022\\\/2023\\\/12\\\/01\\\/prefeitura-de-barretos-entrega-mais-quatro-veiculos-novos-a-secretaria-de-saude\\\/#primaryimage\"},\"image\":{\"@id\":\"https:\\\/\\\/regiaonews.net.br\\\/2022\\\/2023\\\/12\\\/01\\\/prefeitura-de-barretos-entrega-mais-quatro-veiculos-novos-a-secretaria-de-saude\\\/#primaryimage\"},\"thumbnailUrl\":\"https:\\\/\\\/regiaonews.net.br\\\/2022\\\/wp-content\\\/uploads\\\/2023\\\/12\\\/Imagem-do-WhatsApp-de-2023-12-01-as-13.00.06_f40516d8.jpg\",\"datePublished\":\"2023-12-01T16:46:38+00:00\",\"breadcrumb\":{\"@id\":\"https:\\\/\\\/regiaonews.net.br\\\/2022\\\/2023\\\/12\\\/01\\\/prefeitura-de-barretos-entrega-mais-quatro-veiculos-novos-a-secretaria-de-saude\\\/#breadcrumb\"},\"inLanguage\":\"pt-BR\",\"potentialAction\":[{\"@type\":\"ReadAction\",\"target\":[\"https:\\\/\\\/regiaonews.net.br\\\/2022\\\/2023\\\/12\\\/01\\\/prefeitura-de-barretos-entrega-mais-quatro-veiculos-novos-a-secretaria-de-saude\\\/\"]}]},{\"@type\":\"ImageObject\",\"inLanguage\":\"pt-BR\",\"@id\":\"https:\\\/\\\/regiaonews.net.br\\\/2022\\\/2023\\\/12\\\/01\\\/prefeitura-de-barretos-entrega-mais-quatro-veiculos-novos-a-secretaria-de-saude\\\/#primaryimage\",\"url\":\"https:\\\/\\\/regiaonews.net.br\\\/2022\\\/wp-content\\\/uploads\\\/2023\\\/12\\\/Imagem-do-WhatsApp-de-2023-12-01-as-13.00.06_f40516d8.jpg\",\"contentUrl\":\"https:\\\/\\\/regiaonews.net.br\\\/2022\\\/wp-content\\\/uploads\\\/2023\\\/12\\\/Imagem-do-WhatsApp-de-2023-12-01-as-13.00.06_f40516d8.jpg\",\"width\":1592,\"height\":1060},{\"@type\":\"BreadcrumbList\",\"@id\":\"https:\\\/\\\/regiaonews.net.br\\\/2022\\\/2023\\\/12\\\/01\\\/prefeitura-de-barretos-entrega-mais-quatro-veiculos-novos-a-secretaria-de-saude\\\/#breadcrumb\",\"itemListElement\":[{\"@type\":\"ListItem\",\"position\":1,\"name\":\"In\u00edcio\",\"item\":\"https:\\\/\\\/regiaonews.net.br\\\/2022\\\/\"},{\"@type\":\"ListItem\",\"position\":2,\"name\":\"Prefeitura de Barretos entrega mais quatro ve\u00edculos novos \u00e0 Secretaria de Sa\u00fade\"}]},{\"@type\":\"WebSite\",\"@id\":\"https:\\\/\\\/regiaonews.net.br\\\/2022\\\/#website\",\"url\":\"https:\\\/\\\/regiaonews.net.br\\\/2022\\\/\",\"name\":\"Regi\u00e3o News\",\"description\":\"Site de Not\u00edcias de Barretos e regi\u00e3o\",\"publisher\":{\"@id\":\"https:\\\/\\\/regiaonews.net.br\\\/2022\\\/#organization\"},\"potentialAction\":[{\"@type\":\"SearchAction\",\"target\":{\"@type\":\"EntryPoint\",\"urlTemplate\":\"https:\\\/\\\/regiaonews.net.br\\\/2022\\\/?s={search_term_string}\"},\"query-input\":{\"@type\":\"PropertyValueSpecification\",\"valueRequired\":true,\"valueName\":\"search_term_string\"}}],\"inLanguage\":\"pt-BR\"},{\"@type\":\"Organization\",\"@id\":\"https:\\\/\\\/regiaonews.net.br\\\/2022\\\/#organization\",\"name\":\"Regi\u00e3o News\",\"url\":\"https:\\\/\\\/regiaonews.net.br\\\/2022\\\/\",\"logo\":{\"@type\":\"ImageObject\",\"inLanguage\":\"pt-BR\",\"@id\":\"https:\\\/\\\/regiaonews.net.br\\\/2022\\\/#\\\/schema\\\/logo\\\/image\\\/\",\"url\":\"https:\\\/\\\/regiaonews.net.br\\\/2022\\\/wp-content\\\/uploads\\\/2026\\\/03\\\/regiao-13-anos-scaled.jpg\",\"contentUrl\":\"https:\\\/\\\/regiaonews.net.br\\\/2022\\\/wp-content\\\/uploads\\\/2026\\\/03\\\/regiao-13-anos-scaled.jpg\",\"width\":2560,\"height\":635,\"caption\":\"Regi\u00e3o News\"},\"image\":{\"@id\":\"https:\\\/\\\/regiaonews.net.br\\\/2022\\\/#\\\/schema\\\/logo\\\/image\\\/\"}},{\"@type\":\"Person\",\"@id\":\"https:\\\/\\\/regiaonews.net.br\\\/2022\\\/#\\\/schema\\\/person\\\/2d205a608a5aa97ac279d7a5e6d89ad8\",\"name\":\"Roberto\",\"image\":{\"@type\":\"ImageObject\",\"inLanguage\":\"pt-BR\",\"@id\":\"https:\\\/\\\/secure.gravatar.com\\\/avatar\\\/42749d8b712ff9d59ca93dc150494e5b55a44134482993f5baeb97e61b7ecc89?s=96&d=mm&r=g\",\"url\":\"https:\\\/\\\/secure.gravatar.com\\\/avatar\\\/42749d8b712ff9d59ca93dc150494e5b55a44134482993f5baeb97e61b7ecc89?s=96&d=mm&r=g\",\"contentUrl\":\"https:\\\/\\\/secure.gravatar.com\\\/avatar\\\/42749d8b712ff9d59ca93dc150494e5b55a44134482993f5baeb97e61b7ecc89?s=96&d=mm&r=g\",\"caption\":\"Roberto\"},\"url\":\"https:\\\/\\\/regiaonews.net.br\\\/2022\\\/author\\\/roberto\\\/\"}]}<\/script>\n<!-- \/ Yoast SEO plugin. -->","yoast_head_json":{"title":"Prefeitura de Barretos entrega mais quatro ve\u00edculos novos \u00e0 Secretaria de Sa\u00fade - Regi\u00e3o News","robots":{"index":"index","follow":"follow","max-snippet":"max-snippet:-1","max-image-preview":"max-image-preview:large","max-video-preview":"max-video-preview:-1"},"canonical":"https:\/\/regiaonews.net.br\/2022\/2023\/12\/01\/prefeitura-de-barretos-entrega-mais-quatro-veiculos-novos-a-secretaria-de-saude\/","og_locale":"pt_BR","og_type":"article","og_title":"Prefeitura de Barretos entrega mais quatro ve\u00edculos novos \u00e0 Secretaria de Sa\u00fade - Regi\u00e3o News","og_description":"As tr\u00eas ambul\u00e2ncias e uma Spin chegam para ampliar os","og_url":"https:\/\/regiaonews.net.br\/2022\/2023\/12\/01\/prefeitura-de-barretos-entrega-mais-quatro-veiculos-novos-a-secretaria-de-saude\/","og_site_name":"Regi\u00e3o News","article_published_time":"2023-12-01T16:46:38+00:00","og_image":[{"width":1592,"height":1060,"url":"https:\/\/regiaonews.net.br\/2022\/wp-content\/uploads\/2023\/12\/Imagem-do-WhatsApp-de-2023-12-01-as-13.00.06_f40516d8.jpg","type":"image\/jpeg"}],"author":"Roberto","twitter_card":"summary_large_image","twitter_misc":{"Escrito por":"Roberto","Est. tempo de leitura":"5 minutos"},"schema":{"@context":"https:\/\/schema.org","@graph":[{"@type":"Article","@id":"https:\/\/regiaonews.net.br\/2022\/2023\/12\/01\/prefeitura-de-barretos-entrega-mais-quatro-veiculos-novos-a-secretaria-de-saude\/#article","isPartOf":{"@id":"https:\/\/regiaonews.net.br\/2022\/2023\/12\/01\/prefeitura-de-barretos-entrega-mais-quatro-veiculos-novos-a-secretaria-de-saude\/"},"author":{"name":"Roberto","@id":"https:\/\/regiaonews.net.br\/2022\/#\/schema\/person\/2d205a608a5aa97ac279d7a5e6d89ad8"},"headline":"Prefeitura de Barretos entrega mais quatro ve\u00edculos novos \u00e0 Secretaria de Sa\u00fade","datePublished":"2023-12-01T16:46:38+00:00","mainEntityOfPage":{"@id":"https:\/\/regiaonews.net.br\/2022\/2023\/12\/01\/prefeitura-de-barretos-entrega-mais-quatro-veiculos-novos-a-secretaria-de-saude\/"},"wordCount":915,"commentCount":0,"publisher":{"@id":"https:\/\/regiaonews.net.br\/2022\/#organization"},"image":{"@id":"https:\/\/regiaonews.net.br\/2022\/2023\/12\/01\/prefeitura-de-barretos-entrega-mais-quatro-veiculos-novos-a-secretaria-de-saude\/#primaryimage"},"thumbnailUrl":"https:\/\/regiaonews.net.br\/2022\/wp-content\/uploads\/2023\/12\/Imagem-do-WhatsApp-de-2023-12-01-as-13.00.06_f40516d8.jpg","articleSection":["Barretos","Geral"],"inLanguage":"pt-BR","potentialAction":[{"@type":"CommentAction","name":"Comment","target":["https:\/\/regiaonews.net.br\/2022\/2023\/12\/01\/prefeitura-de-barretos-entrega-mais-quatro-veiculos-novos-a-secretaria-de-saude\/#respond"]}]},{"@type":"WebPage","@id":"https:\/\/regiaonews.net.br\/2022\/2023\/12\/01\/prefeitura-de-barretos-entrega-mais-quatro-veiculos-novos-a-secretaria-de-saude\/","url":"https:\/\/regiaonews.net.br\/2022\/2023\/12\/01\/prefeitura-de-barretos-entrega-mais-quatro-veiculos-novos-a-secretaria-de-saude\/","name":"Prefeitura de Barretos entrega mais quatro ve\u00edculos novos \u00e0 Secretaria de Sa\u00fade - Regi\u00e3o News","isPartOf":{"@id":"https:\/\/regiaonews.net.br\/2022\/#website"},"primaryImageOfPage":{"@id":"https:\/\/regiaonews.net.br\/2022\/2023\/12\/01\/prefeitura-de-barretos-entrega-mais-quatro-veiculos-novos-a-secretaria-de-saude\/#primaryimage"},"image":{"@id":"https:\/\/regiaonews.net.br\/2022\/2023\/12\/01\/prefeitura-de-barretos-entrega-mais-quatro-veiculos-novos-a-secretaria-de-saude\/#primaryimage"},"thumbnailUrl":"https:\/\/regiaonews.net.br\/2022\/wp-content\/uploads\/2023\/12\/Imagem-do-WhatsApp-de-2023-12-01-as-13.00.06_f40516d8.jpg","datePublished":"2023-12-01T16:46:38+00:00","breadcrumb":{"@id":"https:\/\/regiaonews.net.br\/2022\/2023\/12\/01\/prefeitura-de-barretos-entrega-mais-quatro-veiculos-novos-a-secretaria-de-saude\/#breadcrumb"},"inLanguage":"pt-BR","potentialAction":[{"@type":"ReadAction","target":["https:\/\/regiaonews.net.br\/2022\/2023\/12\/01\/prefeitura-de-barretos-entrega-mais-quatro-veiculos-novos-a-secretaria-de-saude\/"]}]},{"@type":"ImageObject","inLanguage":"pt-BR","@id":"https:\/\/regiaonews.net.br\/2022\/2023\/12\/01\/prefeitura-de-barretos-entrega-mais-quatro-veiculos-novos-a-secretaria-de-saude\/#primaryimage","url":"https:\/\/regiaonews.net.br\/2022\/wp-content\/uploads\/2023\/12\/Imagem-do-WhatsApp-de-2023-12-01-as-13.00.06_f40516d8.jpg","contentUrl":"https:\/\/regiaonews.net.br\/2022\/wp-content\/uploads\/2023\/12\/Imagem-do-WhatsApp-de-2023-12-01-as-13.00.06_f40516d8.jpg","width":1592,"height":1060},{"@type":"BreadcrumbList","@id":"https:\/\/regiaonews.net.br\/2022\/2023\/12\/01\/prefeitura-de-barretos-entrega-mais-quatro-veiculos-novos-a-secretaria-de-saude\/#breadcrumb","itemListElement":[{"@type":"ListItem","position":1,"name":"In\u00edcio","item":"https:\/\/regiaonews.net.br\/2022\/"},{"@type":"ListItem","position":2,"name":"Prefeitura de Barretos entrega mais quatro ve\u00edculos novos \u00e0 Secretaria de Sa\u00fade"}]},{"@type":"WebSite","@id":"https:\/\/regiaonews.net.br\/2022\/#website","url":"https:\/\/regiaonews.net.br\/2022\/","name":"Regi\u00e3o News","description":"Site de Not\u00edcias de Barretos e regi\u00e3o","publisher":{"@id":"https:\/\/regiaonews.net.br\/2022\/#organization"},"potentialAction":[{"@type":"SearchAction","target":{"@type":"EntryPoint","urlTemplate":"https:\/\/regiaonews.net.br\/2022\/?s={search_term_string}"},"query-input":{"@type":"PropertyValueSpecification","valueRequired":true,"valueName":"search_term_string"}}],"inLanguage":"pt-BR"},{"@type":"Organization","@id":"https:\/\/regiaonews.net.br\/2022\/#organization","name":"Regi\u00e3o News","url":"https:\/\/regiaonews.net.br\/2022\/","logo":{"@type":"ImageObject","inLanguage":"pt-BR","@id":"https:\/\/regiaonews.net.br\/2022\/#\/schema\/logo\/image\/","url":"https:\/\/regiaonews.net.br\/2022\/wp-content\/uploads\/2026\/03\/regiao-13-anos-scaled.jpg","contentUrl":"https:\/\/regiaonews.net.br\/2022\/wp-content\/uploads\/2026\/03\/regiao-13-anos-scaled.jpg","width":2560,"height":635,"caption":"Regi\u00e3o News"},"image":{"@id":"https:\/\/regiaonews.net.br\/2022\/#\/schema\/logo\/image\/"}},{"@type":"Person","@id":"https:\/\/regiaonews.net.br\/2022\/#\/schema\/person\/2d205a608a5aa97ac279d7a5e6d89ad8","name":"Roberto","image":{"@type":"ImageObject","inLanguage":"pt-BR","@id":"https:\/\/secure.gravatar.com\/avatar\/42749d8b712ff9d59ca93dc150494e5b55a44134482993f5baeb97e61b7ecc89?s=96&d=mm&r=g","url":"https:\/\/secure.gravatar.com\/avatar\/42749d8b712ff9d59ca93dc150494e5b55a44134482993f5baeb97e61b7ecc89?s=96&d=mm&r=g","contentUrl":"https:\/\/secure.gravatar.com\/avatar\/42749d8b712ff9d59ca93dc150494e5b55a44134482993f5baeb97e61b7ecc89?s=96&d=mm&r=g","caption":"Roberto"},"url":"https:\/\/regiaonews.net.br\/2022\/author\/roberto\/"}]}},"publishpress_future_action":{"enabled":false,"date":"2026-05-04 07:26:25","action":"change-status","newStatus":"draft","terms":[],"taxonomy":"category","extraData":[]},"publishpress_future_workflow_manual_trigger":{"enabledWorkflows":[]},"_links":{"self":[{"href":"https:\/\/regiaonews.net.br\/2022\/wp-json\/wp\/v2\/posts\/98456","targetHints":{"allow":["GET"]}}],"collection":[{"href":"https:\/\/regiaonews.net.br\/2022\/wp-json\/wp\/v2\/posts"}],"about":[{"href":"https:\/\/regiaonews.net.br\/2022\/wp-json\/wp\/v2\/types\/post"}],"author":[{"embeddable":true,"href":"https:\/\/regiaonews.net.br\/2022\/wp-json\/wp\/v2\/users\/2"}],"replies":[{"embeddable":true,"href":"https:\/\/regiaonews.net.br\/2022\/wp-json\/wp\/v2\/comments?post=98456"}],"version-history":[{"count":1,"href":"https:\/\/regiaonews.net.br\/2022\/wp-json\/wp\/v2\/posts\/98456\/revisions"}],"predecessor-version":[{"id":98458,"href":"https:\/\/regiaonews.net.br\/2022\/wp-json\/wp\/v2\/posts\/98456\/revisions\/98458"}],"wp:featuredmedia":[{"embeddable":true,"href":"https:\/\/regiaonews.net.br\/2022\/wp-json\/wp\/v2\/media\/98457"}],"wp:attachment":[{"href":"https:\/\/regiaonews.net.br\/2022\/wp-json\/wp\/v2\/media?parent=98456"}],"wp:term":[{"taxonomy":"category","embeddable":true,"href":"https:\/\/regiaonews.net.br\/2022\/wp-json\/wp\/v2\/categories?post=98456"},{"taxonomy":"post_tag","embeddable":true,"href":"https:\/\/regiaonews.net.br\/2022\/wp-json\/wp\/v2\/tags?post=98456"}],"curies":[{"name":"wp","href":"https:\/\/api.w.org\/{rel}","templated":true}]}}