{"id":98453,"date":"2023-12-01T13:45:28","date_gmt":"2023-12-01T16:45:28","guid":{"rendered":"https:\/\/regiaonews.net.br\/2022\/?p=98453"},"modified":"2023-12-01T13:45:28","modified_gmt":"2023-12-01T16:45:28","slug":"semana-senac-de-inclusao-e-diversidade-convida-comunidade-para-discutir-uma-sociedade-igualitaria-e-inclusiva","status":"publish","type":"post","link":"https:\/\/regiaonews.net.br\/2022\/2023\/12\/01\/semana-senac-de-inclusao-e-diversidade-convida-comunidade-para-discutir-uma-sociedade-igualitaria-e-inclusiva\/","title":{"rendered":"Semana Senac de Inclus\u00e3o e Diversidade convida comunidade para discutir uma sociedade igualit\u00e1ria e inclusiva"},"content":{"rendered":"<h3 style=\"text-align: center;\">Em Barretos, haver\u00e1 programa\u00e7\u00e3o gratuita, aberta ao p\u00fablico, com palestras e workshop.<\/h3>\n<p>Sociedades democr\u00e1ticas, mais justas e igualit\u00e1rias, reconhecem que todas as pessoas devem ter oportunidades e direitos iguais. Com o intuito de fomentar essa discuss\u00e3o e ampliar a percep\u00e7\u00e3o de que as diferen\u00e7as n\u00e3o podem ser fatores de exclus\u00e3o, o Senac S\u00e3o Paulo realizar\u00e1 a<strong> Semana Senac de Inclus\u00e3o e Diversidade<\/strong>.<\/p>\n<p>No Senac Barretos, o evento acontece de 4 a 7 de dezembro, com atividades gratuitas e abertas ao p\u00fablico, como palestras, rodas de conversa, exposi\u00e7\u00f5es, cine debate e outras.\u00a0A organiza\u00e7\u00e3o da Semana \u00e9 do Grupo de Inclus\u00e3o e Diversidade do Senac. \u201cN\u00f3s entendemos que se trata de um evento necess\u00e1rio para abrir caminhos para uma sociedade inclusiva e plural, garantindo n\u00e3o apenas espa\u00e7os, mas tamb\u00e9m vidas comunit\u00e1rias mais justas, mais saud\u00e1veis e satisfat\u00f3rias\u201d, explica Renan Furlani, representante do Grupo de Inclus\u00e3o e Diversidade do Senac Barretos.<\/p>\n<p>&nbsp;<\/p>\n<p>A grande convidada desta edi\u00e7\u00e3o \u00e9 a escritora, professora e ativista ind\u00edgena, Eliane Potiguara, considerada a primeira escritora ind\u00edgena do Brasil e embaixadora Universal da Paz em Genebra (Cercle Universel des Ambassadeurs de la Paix \u2013 Genebra \u2013 Su\u00ed\u00e7a). Ela participar\u00e1 da palestra <strong>Hist\u00f3ria de Nossas Lutas: avan\u00e7os e conquistas<\/strong>, on-line e aberta gratuitamente ao p\u00fablico, que acontece na ter\u00e7a-feira, dia 5, das 14h30 \u00e0s 16h. Para assistir, basta se inscrever no<a href=\"https:\/\/eventos.sp.senac.br\/evento\/semana-senac-de-inclusao-e-diversidade\/\"> site<\/a> e acessar o canal do<a href=\"https:\/\/www.youtube.com\/@senacsaopaulo\"> Senac S\u00e3o Paulo no YouTube<\/a>. A media\u00e7\u00e3o da conversa ser\u00e1 feita pela pedagoga, p\u00f3s-graduada em Gest\u00e3o P\u00fablica, Ive de Goes S\u00e1.<\/p>\n<p>Mais informa\u00e7\u00f5es sobre a programa\u00e7\u00e3o da <strong>Semana Senac de Inclus\u00e3o e Diversidade<\/strong> podem ser conferidas no site: <a href=\"https:\/\/eventos.sp.senac.br\/evento\/semana-senac-de-inclusao-e-diversidade\/\">https:\/\/eventos.sp.senac.br\/evento\/semana-senac-de-inclusao-e-diversidade\/<\/a>.<\/p>\n<p>&nbsp;<\/p>\n<p><strong>Programa\u00e7\u00e3o da Semana de Inclus\u00e3o e Diversidade do Senac Barretos:<\/strong><\/p>\n<ul>\n<li><strong>Dia 5\/12, das 19h \u00e0s 20h30, e 6\/12, das 10h \u00e0s 11h30 e das 16h \u00e0s 17h30\u00a0<\/strong><\/li>\n<\/ul>\n<p>Palestra <strong>Corpos livres de padr\u00f5es: Celebrando a diversidade f\u00edsica e a aceita\u00e7\u00e3o pessoal<\/strong>, com a convidada Danielle Barg, autora do livro Al\u00e9m do Like.<\/p>\n<ul>\n<li><strong>Dia 5\/12, \u00e0s 17h, Roda de Conversa: A rela\u00e7\u00e3o entre corporeidade, racismo e representatividade com a ativista Ana Paula Ferreira, presidente da casa Afro de Barretos. <\/strong>Abertura com interven\u00e7\u00f5es art\u00edsticas de alunos da unidade, bal\u00e9 e street dance.<\/li>\n<li><strong>7\/12, das 16h \u00e0s 17h e das 19h30 \u00e0s 20h45\u00a0<\/strong><\/li>\n<\/ul>\n<p>Workshop <strong>Identidade de g\u00eanero e express\u00e3o de g\u00eanero<\/strong>, com as convidadas Emy Mateus e Dandara Detrana.<\/p>\n<p>&nbsp;<\/p>\n<p><strong>Servi\u00e7o:<\/strong><\/p>\n<p><strong>Semana Senac de Inclus\u00e3o e Diversidade\u00a0<\/strong><\/p>\n<p><strong>Senac Barretos\u00a0<\/strong><\/p>\n<p><strong>Data: <\/strong>de 5 a 7\/12<\/p>\n<p><strong>Endere\u00e7o:<\/strong> Avenida 21, 087 \u2013 Centro \u2013 Barretos\/SP<strong>\u00a0<\/strong><\/p>\n<p><strong>Site:<\/strong><a href=\"http:\/\/www.sp.senac.br\/senac-barretos\"> www.sp.senac.br\/senac-barretos<\/a><\/p>\n<p><strong>\u00a0<\/strong><\/p>\n<p><strong>Informa\u00e7\u00f5es \u00e0 imprensa:<\/strong><\/p>\n<p><strong>Idee Informa\u00e7\u00e3o Corporativa<\/strong><\/p>\n<p>Maur\u00edcio Andrade<\/p>\n<p><a href=\"mailto:mauricio@ideecorporativa.com.br\">mauricio@ideecorporativa.com.br<\/a><\/p>\n<p>(16) 98190-7827<\/p>\n<p>&nbsp;<\/p>\n<p>Christine Xavier<\/p>\n<p>christine@ideecorporativa.com.br<\/p>\n<p>(15) 98828-5458<\/p>\n<p><strong>Dezembro\/2023<\/strong><\/p>\n","protected":false},"excerpt":{"rendered":"<p>Em Barretos, haver\u00e1 programa\u00e7\u00e3o gratuita, aberta ao p\u00fablico, com palestras<\/p>\n","protected":false},"author":2,"featured_media":98454,"comment_status":"open","ping_status":"open","sticky":false,"template":"","format":"standard","meta":{"footnotes":""},"categories":[14,3],"tags":[],"class_list":["post-98453","post","type-post","status-publish","format-standard","has-post-thumbnail","hentry","category-barretos","category-geral"],"yoast_head":"<!-- This site is optimized with the Yoast SEO plugin v27.4 - https:\/\/yoast.com\/product\/yoast-seo-wordpress\/ -->\n<title>Semana Senac de Inclus\u00e3o e Diversidade convida comunidade para discutir uma sociedade igualit\u00e1ria e inclusiva - Regi\u00e3o News<\/title>\n<meta name=\"robots\" content=\"index, follow, max-snippet:-1, max-image-preview:large, max-video-preview:-1\" \/>\n<link rel=\"canonical\" href=\"https:\/\/regiaonews.net.br\/2022\/2023\/12\/01\/semana-senac-de-inclusao-e-diversidade-convida-comunidade-para-discutir-uma-sociedade-igualitaria-e-inclusiva\/\" \/>\n<meta property=\"og:locale\" content=\"pt_BR\" \/>\n<meta property=\"og:type\" content=\"article\" \/>\n<meta property=\"og:title\" content=\"Semana Senac de Inclus\u00e3o e Diversidade convida comunidade para discutir uma sociedade igualit\u00e1ria e inclusiva - Regi\u00e3o News\" \/>\n<meta property=\"og:description\" content=\"Em Barretos, haver\u00e1 programa\u00e7\u00e3o gratuita, aberta ao p\u00fablico, com palestras\" \/>\n<meta property=\"og:url\" content=\"https:\/\/regiaonews.net.br\/2022\/2023\/12\/01\/semana-senac-de-inclusao-e-diversidade-convida-comunidade-para-discutir-uma-sociedade-igualitaria-e-inclusiva\/\" \/>\n<meta property=\"og:site_name\" content=\"Regi\u00e3o News\" \/>\n<meta property=\"article:published_time\" content=\"2023-12-01T16:45:28+00:00\" \/>\n<meta property=\"og:image\" content=\"https:\/\/regiaonews.net.br\/2022\/wp-content\/uploads\/2023\/12\/Imagem-do-WhatsApp-de-2023-12-01-as-10.55.58_d88a8592.jpg\" \/>\n\t<meta property=\"og:image:width\" content=\"412\" \/>\n\t<meta property=\"og:image:height\" content=\"578\" \/>\n\t<meta property=\"og:image:type\" content=\"image\/jpeg\" \/>\n<meta name=\"author\" content=\"Roberto\" \/>\n<meta name=\"twitter:card\" content=\"summary_large_image\" \/>\n<meta name=\"twitter:label1\" content=\"Escrito por\" \/>\n\t<meta name=\"twitter:data1\" content=\"Roberto\" \/>\n\t<meta name=\"twitter:label2\" content=\"Est. tempo de leitura\" \/>\n\t<meta name=\"twitter:data2\" content=\"3 minutos\" \/>\n<script type=\"application\/ld+json\" class=\"yoast-schema-graph\">{\"@context\":\"https:\\\/\\\/schema.org\",\"@graph\":[{\"@type\":\"Article\",\"@id\":\"https:\\\/\\\/regiaonews.net.br\\\/2022\\\/2023\\\/12\\\/01\\\/semana-senac-de-inclusao-e-diversidade-convida-comunidade-para-discutir-uma-sociedade-igualitaria-e-inclusiva\\\/#article\",\"isPartOf\":{\"@id\":\"https:\\\/\\\/regiaonews.net.br\\\/2022\\\/2023\\\/12\\\/01\\\/semana-senac-de-inclusao-e-diversidade-convida-comunidade-para-discutir-uma-sociedade-igualitaria-e-inclusiva\\\/\"},\"author\":{\"name\":\"Roberto\",\"@id\":\"https:\\\/\\\/regiaonews.net.br\\\/2022\\\/#\\\/schema\\\/person\\\/2d205a608a5aa97ac279d7a5e6d89ad8\"},\"headline\":\"Semana Senac de Inclus\u00e3o e Diversidade convida comunidade para discutir uma sociedade igualit\u00e1ria e inclusiva\",\"datePublished\":\"2023-12-01T16:45:28+00:00\",\"mainEntityOfPage\":{\"@id\":\"https:\\\/\\\/regiaonews.net.br\\\/2022\\\/2023\\\/12\\\/01\\\/semana-senac-de-inclusao-e-diversidade-convida-comunidade-para-discutir-uma-sociedade-igualitaria-e-inclusiva\\\/\"},\"wordCount\":498,\"commentCount\":0,\"publisher\":{\"@id\":\"https:\\\/\\\/regiaonews.net.br\\\/2022\\\/#organization\"},\"image\":{\"@id\":\"https:\\\/\\\/regiaonews.net.br\\\/2022\\\/2023\\\/12\\\/01\\\/semana-senac-de-inclusao-e-diversidade-convida-comunidade-para-discutir-uma-sociedade-igualitaria-e-inclusiva\\\/#primaryimage\"},\"thumbnailUrl\":\"https:\\\/\\\/regiaonews.net.br\\\/2022\\\/wp-content\\\/uploads\\\/2023\\\/12\\\/Imagem-do-WhatsApp-de-2023-12-01-as-10.55.58_d88a8592.jpg\",\"articleSection\":[\"Barretos\",\"Geral\"],\"inLanguage\":\"pt-BR\",\"potentialAction\":[{\"@type\":\"CommentAction\",\"name\":\"Comment\",\"target\":[\"https:\\\/\\\/regiaonews.net.br\\\/2022\\\/2023\\\/12\\\/01\\\/semana-senac-de-inclusao-e-diversidade-convida-comunidade-para-discutir-uma-sociedade-igualitaria-e-inclusiva\\\/#respond\"]}]},{\"@type\":\"WebPage\",\"@id\":\"https:\\\/\\\/regiaonews.net.br\\\/2022\\\/2023\\\/12\\\/01\\\/semana-senac-de-inclusao-e-diversidade-convida-comunidade-para-discutir-uma-sociedade-igualitaria-e-inclusiva\\\/\",\"url\":\"https:\\\/\\\/regiaonews.net.br\\\/2022\\\/2023\\\/12\\\/01\\\/semana-senac-de-inclusao-e-diversidade-convida-comunidade-para-discutir-uma-sociedade-igualitaria-e-inclusiva\\\/\",\"name\":\"Semana Senac de Inclus\u00e3o e Diversidade convida comunidade para discutir uma sociedade igualit\u00e1ria e inclusiva - Regi\u00e3o News\",\"isPartOf\":{\"@id\":\"https:\\\/\\\/regiaonews.net.br\\\/2022\\\/#website\"},\"primaryImageOfPage\":{\"@id\":\"https:\\\/\\\/regiaonews.net.br\\\/2022\\\/2023\\\/12\\\/01\\\/semana-senac-de-inclusao-e-diversidade-convida-comunidade-para-discutir-uma-sociedade-igualitaria-e-inclusiva\\\/#primaryimage\"},\"image\":{\"@id\":\"https:\\\/\\\/regiaonews.net.br\\\/2022\\\/2023\\\/12\\\/01\\\/semana-senac-de-inclusao-e-diversidade-convida-comunidade-para-discutir-uma-sociedade-igualitaria-e-inclusiva\\\/#primaryimage\"},\"thumbnailUrl\":\"https:\\\/\\\/regiaonews.net.br\\\/2022\\\/wp-content\\\/uploads\\\/2023\\\/12\\\/Imagem-do-WhatsApp-de-2023-12-01-as-10.55.58_d88a8592.jpg\",\"datePublished\":\"2023-12-01T16:45:28+00:00\",\"breadcrumb\":{\"@id\":\"https:\\\/\\\/regiaonews.net.br\\\/2022\\\/2023\\\/12\\\/01\\\/semana-senac-de-inclusao-e-diversidade-convida-comunidade-para-discutir-uma-sociedade-igualitaria-e-inclusiva\\\/#breadcrumb\"},\"inLanguage\":\"pt-BR\",\"potentialAction\":[{\"@type\":\"ReadAction\",\"target\":[\"https:\\\/\\\/regiaonews.net.br\\\/2022\\\/2023\\\/12\\\/01\\\/semana-senac-de-inclusao-e-diversidade-convida-comunidade-para-discutir-uma-sociedade-igualitaria-e-inclusiva\\\/\"]}]},{\"@type\":\"ImageObject\",\"inLanguage\":\"pt-BR\",\"@id\":\"https:\\\/\\\/regiaonews.net.br\\\/2022\\\/2023\\\/12\\\/01\\\/semana-senac-de-inclusao-e-diversidade-convida-comunidade-para-discutir-uma-sociedade-igualitaria-e-inclusiva\\\/#primaryimage\",\"url\":\"https:\\\/\\\/regiaonews.net.br\\\/2022\\\/wp-content\\\/uploads\\\/2023\\\/12\\\/Imagem-do-WhatsApp-de-2023-12-01-as-10.55.58_d88a8592.jpg\",\"contentUrl\":\"https:\\\/\\\/regiaonews.net.br\\\/2022\\\/wp-content\\\/uploads\\\/2023\\\/12\\\/Imagem-do-WhatsApp-de-2023-12-01-as-10.55.58_d88a8592.jpg\",\"width\":412,\"height\":578},{\"@type\":\"BreadcrumbList\",\"@id\":\"https:\\\/\\\/regiaonews.net.br\\\/2022\\\/2023\\\/12\\\/01\\\/semana-senac-de-inclusao-e-diversidade-convida-comunidade-para-discutir-uma-sociedade-igualitaria-e-inclusiva\\\/#breadcrumb\",\"itemListElement\":[{\"@type\":\"ListItem\",\"position\":1,\"name\":\"In\u00edcio\",\"item\":\"https:\\\/\\\/regiaonews.net.br\\\/2022\\\/\"},{\"@type\":\"ListItem\",\"position\":2,\"name\":\"Semana Senac de Inclus\u00e3o e Diversidade convida comunidade para discutir uma sociedade igualit\u00e1ria e inclusiva\"}]},{\"@type\":\"WebSite\",\"@id\":\"https:\\\/\\\/regiaonews.net.br\\\/2022\\\/#website\",\"url\":\"https:\\\/\\\/regiaonews.net.br\\\/2022\\\/\",\"name\":\"Regi\u00e3o News\",\"description\":\"Site de Not\u00edcias de Barretos e regi\u00e3o\",\"publisher\":{\"@id\":\"https:\\\/\\\/regiaonews.net.br\\\/2022\\\/#organization\"},\"potentialAction\":[{\"@type\":\"SearchAction\",\"target\":{\"@type\":\"EntryPoint\",\"urlTemplate\":\"https:\\\/\\\/regiaonews.net.br\\\/2022\\\/?s={search_term_string}\"},\"query-input\":{\"@type\":\"PropertyValueSpecification\",\"valueRequired\":true,\"valueName\":\"search_term_string\"}}],\"inLanguage\":\"pt-BR\"},{\"@type\":\"Organization\",\"@id\":\"https:\\\/\\\/regiaonews.net.br\\\/2022\\\/#organization\",\"name\":\"Regi\u00e3o News\",\"url\":\"https:\\\/\\\/regiaonews.net.br\\\/2022\\\/\",\"logo\":{\"@type\":\"ImageObject\",\"inLanguage\":\"pt-BR\",\"@id\":\"https:\\\/\\\/regiaonews.net.br\\\/2022\\\/#\\\/schema\\\/logo\\\/image\\\/\",\"url\":\"https:\\\/\\\/regiaonews.net.br\\\/2022\\\/wp-content\\\/uploads\\\/2026\\\/03\\\/regiao-13-anos-scaled.jpg\",\"contentUrl\":\"https:\\\/\\\/regiaonews.net.br\\\/2022\\\/wp-content\\\/uploads\\\/2026\\\/03\\\/regiao-13-anos-scaled.jpg\",\"width\":2560,\"height\":635,\"caption\":\"Regi\u00e3o News\"},\"image\":{\"@id\":\"https:\\\/\\\/regiaonews.net.br\\\/2022\\\/#\\\/schema\\\/logo\\\/image\\\/\"}},{\"@type\":\"Person\",\"@id\":\"https:\\\/\\\/regiaonews.net.br\\\/2022\\\/#\\\/schema\\\/person\\\/2d205a608a5aa97ac279d7a5e6d89ad8\",\"name\":\"Roberto\",\"image\":{\"@type\":\"ImageObject\",\"inLanguage\":\"pt-BR\",\"@id\":\"https:\\\/\\\/secure.gravatar.com\\\/avatar\\\/42749d8b712ff9d59ca93dc150494e5b55a44134482993f5baeb97e61b7ecc89?s=96&d=mm&r=g\",\"url\":\"https:\\\/\\\/secure.gravatar.com\\\/avatar\\\/42749d8b712ff9d59ca93dc150494e5b55a44134482993f5baeb97e61b7ecc89?s=96&d=mm&r=g\",\"contentUrl\":\"https:\\\/\\\/secure.gravatar.com\\\/avatar\\\/42749d8b712ff9d59ca93dc150494e5b55a44134482993f5baeb97e61b7ecc89?s=96&d=mm&r=g\",\"caption\":\"Roberto\"},\"url\":\"https:\\\/\\\/regiaonews.net.br\\\/2022\\\/author\\\/roberto\\\/\"}]}<\/script>\n<!-- \/ Yoast SEO plugin. -->","yoast_head_json":{"title":"Semana Senac de Inclus\u00e3o e Diversidade convida comunidade para discutir uma sociedade igualit\u00e1ria e inclusiva - Regi\u00e3o News","robots":{"index":"index","follow":"follow","max-snippet":"max-snippet:-1","max-image-preview":"max-image-preview:large","max-video-preview":"max-video-preview:-1"},"canonical":"https:\/\/regiaonews.net.br\/2022\/2023\/12\/01\/semana-senac-de-inclusao-e-diversidade-convida-comunidade-para-discutir-uma-sociedade-igualitaria-e-inclusiva\/","og_locale":"pt_BR","og_type":"article","og_title":"Semana Senac de Inclus\u00e3o e Diversidade convida comunidade para discutir uma sociedade igualit\u00e1ria e inclusiva - Regi\u00e3o News","og_description":"Em Barretos, haver\u00e1 programa\u00e7\u00e3o gratuita, aberta ao p\u00fablico, com palestras","og_url":"https:\/\/regiaonews.net.br\/2022\/2023\/12\/01\/semana-senac-de-inclusao-e-diversidade-convida-comunidade-para-discutir-uma-sociedade-igualitaria-e-inclusiva\/","og_site_name":"Regi\u00e3o News","article_published_time":"2023-12-01T16:45:28+00:00","og_image":[{"width":412,"height":578,"url":"https:\/\/regiaonews.net.br\/2022\/wp-content\/uploads\/2023\/12\/Imagem-do-WhatsApp-de-2023-12-01-as-10.55.58_d88a8592.jpg","type":"image\/jpeg"}],"author":"Roberto","twitter_card":"summary_large_image","twitter_misc":{"Escrito por":"Roberto","Est. tempo de leitura":"3 minutos"},"schema":{"@context":"https:\/\/schema.org","@graph":[{"@type":"Article","@id":"https:\/\/regiaonews.net.br\/2022\/2023\/12\/01\/semana-senac-de-inclusao-e-diversidade-convida-comunidade-para-discutir-uma-sociedade-igualitaria-e-inclusiva\/#article","isPartOf":{"@id":"https:\/\/regiaonews.net.br\/2022\/2023\/12\/01\/semana-senac-de-inclusao-e-diversidade-convida-comunidade-para-discutir-uma-sociedade-igualitaria-e-inclusiva\/"},"author":{"name":"Roberto","@id":"https:\/\/regiaonews.net.br\/2022\/#\/schema\/person\/2d205a608a5aa97ac279d7a5e6d89ad8"},"headline":"Semana Senac de Inclus\u00e3o e Diversidade convida comunidade para discutir uma sociedade igualit\u00e1ria e inclusiva","datePublished":"2023-12-01T16:45:28+00:00","mainEntityOfPage":{"@id":"https:\/\/regiaonews.net.br\/2022\/2023\/12\/01\/semana-senac-de-inclusao-e-diversidade-convida-comunidade-para-discutir-uma-sociedade-igualitaria-e-inclusiva\/"},"wordCount":498,"commentCount":0,"publisher":{"@id":"https:\/\/regiaonews.net.br\/2022\/#organization"},"image":{"@id":"https:\/\/regiaonews.net.br\/2022\/2023\/12\/01\/semana-senac-de-inclusao-e-diversidade-convida-comunidade-para-discutir-uma-sociedade-igualitaria-e-inclusiva\/#primaryimage"},"thumbnailUrl":"https:\/\/regiaonews.net.br\/2022\/wp-content\/uploads\/2023\/12\/Imagem-do-WhatsApp-de-2023-12-01-as-10.55.58_d88a8592.jpg","articleSection":["Barretos","Geral"],"inLanguage":"pt-BR","potentialAction":[{"@type":"CommentAction","name":"Comment","target":["https:\/\/regiaonews.net.br\/2022\/2023\/12\/01\/semana-senac-de-inclusao-e-diversidade-convida-comunidade-para-discutir-uma-sociedade-igualitaria-e-inclusiva\/#respond"]}]},{"@type":"WebPage","@id":"https:\/\/regiaonews.net.br\/2022\/2023\/12\/01\/semana-senac-de-inclusao-e-diversidade-convida-comunidade-para-discutir-uma-sociedade-igualitaria-e-inclusiva\/","url":"https:\/\/regiaonews.net.br\/2022\/2023\/12\/01\/semana-senac-de-inclusao-e-diversidade-convida-comunidade-para-discutir-uma-sociedade-igualitaria-e-inclusiva\/","name":"Semana Senac de Inclus\u00e3o e Diversidade convida comunidade para discutir uma sociedade igualit\u00e1ria e inclusiva - Regi\u00e3o News","isPartOf":{"@id":"https:\/\/regiaonews.net.br\/2022\/#website"},"primaryImageOfPage":{"@id":"https:\/\/regiaonews.net.br\/2022\/2023\/12\/01\/semana-senac-de-inclusao-e-diversidade-convida-comunidade-para-discutir-uma-sociedade-igualitaria-e-inclusiva\/#primaryimage"},"image":{"@id":"https:\/\/regiaonews.net.br\/2022\/2023\/12\/01\/semana-senac-de-inclusao-e-diversidade-convida-comunidade-para-discutir-uma-sociedade-igualitaria-e-inclusiva\/#primaryimage"},"thumbnailUrl":"https:\/\/regiaonews.net.br\/2022\/wp-content\/uploads\/2023\/12\/Imagem-do-WhatsApp-de-2023-12-01-as-10.55.58_d88a8592.jpg","datePublished":"2023-12-01T16:45:28+00:00","breadcrumb":{"@id":"https:\/\/regiaonews.net.br\/2022\/2023\/12\/01\/semana-senac-de-inclusao-e-diversidade-convida-comunidade-para-discutir-uma-sociedade-igualitaria-e-inclusiva\/#breadcrumb"},"inLanguage":"pt-BR","potentialAction":[{"@type":"ReadAction","target":["https:\/\/regiaonews.net.br\/2022\/2023\/12\/01\/semana-senac-de-inclusao-e-diversidade-convida-comunidade-para-discutir-uma-sociedade-igualitaria-e-inclusiva\/"]}]},{"@type":"ImageObject","inLanguage":"pt-BR","@id":"https:\/\/regiaonews.net.br\/2022\/2023\/12\/01\/semana-senac-de-inclusao-e-diversidade-convida-comunidade-para-discutir-uma-sociedade-igualitaria-e-inclusiva\/#primaryimage","url":"https:\/\/regiaonews.net.br\/2022\/wp-content\/uploads\/2023\/12\/Imagem-do-WhatsApp-de-2023-12-01-as-10.55.58_d88a8592.jpg","contentUrl":"https:\/\/regiaonews.net.br\/2022\/wp-content\/uploads\/2023\/12\/Imagem-do-WhatsApp-de-2023-12-01-as-10.55.58_d88a8592.jpg","width":412,"height":578},{"@type":"BreadcrumbList","@id":"https:\/\/regiaonews.net.br\/2022\/2023\/12\/01\/semana-senac-de-inclusao-e-diversidade-convida-comunidade-para-discutir-uma-sociedade-igualitaria-e-inclusiva\/#breadcrumb","itemListElement":[{"@type":"ListItem","position":1,"name":"In\u00edcio","item":"https:\/\/regiaonews.net.br\/2022\/"},{"@type":"ListItem","position":2,"name":"Semana Senac de Inclus\u00e3o e Diversidade convida comunidade para discutir uma sociedade igualit\u00e1ria e inclusiva"}]},{"@type":"WebSite","@id":"https:\/\/regiaonews.net.br\/2022\/#website","url":"https:\/\/regiaonews.net.br\/2022\/","name":"Regi\u00e3o News","description":"Site de Not\u00edcias de Barretos e regi\u00e3o","publisher":{"@id":"https:\/\/regiaonews.net.br\/2022\/#organization"},"potentialAction":[{"@type":"SearchAction","target":{"@type":"EntryPoint","urlTemplate":"https:\/\/regiaonews.net.br\/2022\/?s={search_term_string}"},"query-input":{"@type":"PropertyValueSpecification","valueRequired":true,"valueName":"search_term_string"}}],"inLanguage":"pt-BR"},{"@type":"Organization","@id":"https:\/\/regiaonews.net.br\/2022\/#organization","name":"Regi\u00e3o News","url":"https:\/\/regiaonews.net.br\/2022\/","logo":{"@type":"ImageObject","inLanguage":"pt-BR","@id":"https:\/\/regiaonews.net.br\/2022\/#\/schema\/logo\/image\/","url":"https:\/\/regiaonews.net.br\/2022\/wp-content\/uploads\/2026\/03\/regiao-13-anos-scaled.jpg","contentUrl":"https:\/\/regiaonews.net.br\/2022\/wp-content\/uploads\/2026\/03\/regiao-13-anos-scaled.jpg","width":2560,"height":635,"caption":"Regi\u00e3o News"},"image":{"@id":"https:\/\/regiaonews.net.br\/2022\/#\/schema\/logo\/image\/"}},{"@type":"Person","@id":"https:\/\/regiaonews.net.br\/2022\/#\/schema\/person\/2d205a608a5aa97ac279d7a5e6d89ad8","name":"Roberto","image":{"@type":"ImageObject","inLanguage":"pt-BR","@id":"https:\/\/secure.gravatar.com\/avatar\/42749d8b712ff9d59ca93dc150494e5b55a44134482993f5baeb97e61b7ecc89?s=96&d=mm&r=g","url":"https:\/\/secure.gravatar.com\/avatar\/42749d8b712ff9d59ca93dc150494e5b55a44134482993f5baeb97e61b7ecc89?s=96&d=mm&r=g","contentUrl":"https:\/\/secure.gravatar.com\/avatar\/42749d8b712ff9d59ca93dc150494e5b55a44134482993f5baeb97e61b7ecc89?s=96&d=mm&r=g","caption":"Roberto"},"url":"https:\/\/regiaonews.net.br\/2022\/author\/roberto\/"}]}},"publishpress_future_action":{"enabled":false,"date":"2026-05-04 10:06:57","action":"change-status","newStatus":"draft","terms":[],"taxonomy":"category","extraData":[]},"publishpress_future_workflow_manual_trigger":{"enabledWorkflows":[]},"_links":{"self":[{"href":"https:\/\/regiaonews.net.br\/2022\/wp-json\/wp\/v2\/posts\/98453","targetHints":{"allow":["GET"]}}],"collection":[{"href":"https:\/\/regiaonews.net.br\/2022\/wp-json\/wp\/v2\/posts"}],"about":[{"href":"https:\/\/regiaonews.net.br\/2022\/wp-json\/wp\/v2\/types\/post"}],"author":[{"embeddable":true,"href":"https:\/\/regiaonews.net.br\/2022\/wp-json\/wp\/v2\/users\/2"}],"replies":[{"embeddable":true,"href":"https:\/\/regiaonews.net.br\/2022\/wp-json\/wp\/v2\/comments?post=98453"}],"version-history":[{"count":1,"href":"https:\/\/regiaonews.net.br\/2022\/wp-json\/wp\/v2\/posts\/98453\/revisions"}],"predecessor-version":[{"id":98455,"href":"https:\/\/regiaonews.net.br\/2022\/wp-json\/wp\/v2\/posts\/98453\/revisions\/98455"}],"wp:featuredmedia":[{"embeddable":true,"href":"https:\/\/regiaonews.net.br\/2022\/wp-json\/wp\/v2\/media\/98454"}],"wp:attachment":[{"href":"https:\/\/regiaonews.net.br\/2022\/wp-json\/wp\/v2\/media?parent=98453"}],"wp:term":[{"taxonomy":"category","embeddable":true,"href":"https:\/\/regiaonews.net.br\/2022\/wp-json\/wp\/v2\/categories?post=98453"},{"taxonomy":"post_tag","embeddable":true,"href":"https:\/\/regiaonews.net.br\/2022\/wp-json\/wp\/v2\/tags?post=98453"}],"curies":[{"name":"wp","href":"https:\/\/api.w.org\/{rel}","templated":true}]}}