{"id":98439,"date":"2023-11-30T19:24:25","date_gmt":"2023-11-30T22:24:25","guid":{"rendered":"https:\/\/regiaonews.net.br\/2022\/?p=98439"},"modified":"2023-11-30T19:24:25","modified_gmt":"2023-11-30T22:24:25","slug":"santa-casa-de-barretos-conclui-projeto-lean-do-ministerio-da-saude","status":"publish","type":"post","link":"https:\/\/regiaonews.net.br\/2022\/2023\/11\/30\/santa-casa-de-barretos-conclui-projeto-lean-do-ministerio-da-saude\/","title":{"rendered":"Santa Casa de Barretos conclui projeto Lean do Minist\u00e9rio da Sa\u00fade\u00a0"},"content":{"rendered":"<table role=\"presentation\" border=\"0\" width=\"100%\" cellspacing=\"0\" cellpadding=\"0\">\n<tbody>\n<tr>\n<td align=\"left\"><\/td>\n<\/tr>\n<tr>\n<td align=\"left\">\n<div>\n<p><em>Hospital adotou a metodologia proposta pelo Minist\u00e9rio da Sa\u00fade para assegurar fluxos cont\u00ednuos, racionaliza\u00e7\u00e3o do tempo e qualidade nos servi\u00e7os prestados<\/em><\/p>\n<\/div>\n<\/td>\n<\/tr>\n<tr>\n<td align=\"left\">\n<div>\n<p>Na \u00faltima semana, l\u00edderes de setores da Santa Casa de Miseric\u00f3rdia de Barretos, sob coordena\u00e7\u00e3o do Time GAPE (Gest\u00e3o de Alta Performance em Emerg\u00eancia), celebraram junto aos consultores, o encerramento do projeto \u201cLean nas Emerg\u00eancias\u201d, desenvolvido por meio do Programa de Apoio ao Desenvolvimento Institucional do SUS \u2013 PROADI\/SUS.<\/p>\n<p>O Lean se desenvolve de maneira colaborativa entre os hospitais Real e Benem\u00e9rita Associa\u00e7\u00e3o Portuguesa de Benefic\u00eancia (BP), Hospital S\u00edrio-Liban\u00eas (HSL) e Hospital Moinhos de Vento (HMV), com o Minist\u00e9rio da Sa\u00fade. Aplicado na Santa Casa de Barretos por cinco meses consecutivos, entre visitas presenciais e reuni\u00f5es online com objetivo que vai desde a revis\u00e3o de processos administrativos at\u00e9 a redu\u00e7\u00e3o de riscos \u00e0 sa\u00fade de pacientes e profissionais de sa\u00fade, com otimiza\u00e7\u00e3o dos fluxos de atendimento, utilizando a metodologia Lean Healthcare.<\/p>\n<p>Coordenadora do Escrit\u00f3rio de Qualidade da Santa Casa, Claudia Alves de Oliveira comentou que \u201cos resultados da ado\u00e7\u00e3o do Lean puderam ser vistos j\u00e1 na aplica\u00e7\u00e3o do projeto, pois impactam diretamente a rela\u00e7\u00e3o com pacientes e profissionais da sa\u00fade, de maneira bem positiva\u201d, diz ela. E complementa \u201cestamos sempre buscando, na Santa Casa, realizar benchamarking com institui\u00e7\u00f5es p\u00fablicas ou privadas para avan\u00e7ar na busca pela qualidade no atendimento de maneira integrada em todos os setores do hospital, um trabalho cont\u00ednuo que tem frutos percebidos pelos pacientes e familiares de pacientes que por aqui passam\u201d, finaliza.<\/p>\n<p>A Santa Casa de Miseric\u00f3rdia de Barretos \u00e9 o hospital refer\u00eancia de atendimento para 19 munic\u00edpios da regi\u00e3o. Atualmente tem gest\u00e3o da Funda\u00e7\u00e3o Pio XII.<\/p>\n<\/div>\n<\/td>\n<\/tr>\n<\/tbody>\n<\/table>\n","protected":false},"excerpt":{"rendered":"<p>Hospital adotou a metodologia proposta pelo Minist\u00e9rio da Sa\u00fade para<\/p>\n","protected":false},"author":2,"featured_media":98440,"comment_status":"open","ping_status":"open","sticky":false,"template":"","format":"standard","meta":{"footnotes":""},"categories":[14,25],"tags":[],"class_list":["post-98439","post","type-post","status-publish","format-standard","has-post-thumbnail","hentry","category-barretos","category-cidades"],"yoast_head":"<!-- This site is optimized with the Yoast SEO plugin v27.4 - https:\/\/yoast.com\/product\/yoast-seo-wordpress\/ -->\n<title>Santa Casa de Barretos conclui projeto Lean do Minist\u00e9rio da Sa\u00fade\u00a0 - Regi\u00e3o News<\/title>\n<meta name=\"robots\" content=\"index, follow, max-snippet:-1, max-image-preview:large, max-video-preview:-1\" \/>\n<link rel=\"canonical\" href=\"https:\/\/regiaonews.net.br\/2022\/2023\/11\/30\/santa-casa-de-barretos-conclui-projeto-lean-do-ministerio-da-saude\/\" \/>\n<meta property=\"og:locale\" content=\"pt_BR\" \/>\n<meta property=\"og:type\" content=\"article\" \/>\n<meta property=\"og:title\" content=\"Santa Casa de Barretos conclui projeto Lean do Minist\u00e9rio da Sa\u00fade\u00a0 - Regi\u00e3o News\" \/>\n<meta property=\"og:description\" content=\"Hospital adotou a metodologia proposta pelo Minist\u00e9rio da Sa\u00fade para\" \/>\n<meta property=\"og:url\" content=\"https:\/\/regiaonews.net.br\/2022\/2023\/11\/30\/santa-casa-de-barretos-conclui-projeto-lean-do-ministerio-da-saude\/\" \/>\n<meta property=\"og:site_name\" content=\"Regi\u00e3o News\" \/>\n<meta property=\"article:published_time\" content=\"2023-11-30T22:24:25+00:00\" \/>\n<meta property=\"og:image\" content=\"https:\/\/regiaonews.net.br\/2022\/wp-content\/uploads\/2023\/11\/06708321-3993-4d7f-ab9e-7e171602990e.jpeg\" \/>\n\t<meta property=\"og:image:width\" content=\"1195\" \/>\n\t<meta property=\"og:image:height\" content=\"530\" \/>\n\t<meta property=\"og:image:type\" content=\"image\/jpeg\" \/>\n<meta name=\"author\" content=\"Roberto\" \/>\n<meta name=\"twitter:card\" content=\"summary_large_image\" \/>\n<meta name=\"twitter:label1\" content=\"Escrito por\" \/>\n\t<meta name=\"twitter:data1\" content=\"Roberto\" \/>\n\t<meta name=\"twitter:label2\" content=\"Est. tempo de leitura\" \/>\n\t<meta name=\"twitter:data2\" content=\"2 minutos\" \/>\n<script type=\"application\/ld+json\" class=\"yoast-schema-graph\">{\"@context\":\"https:\\\/\\\/schema.org\",\"@graph\":[{\"@type\":\"Article\",\"@id\":\"https:\\\/\\\/regiaonews.net.br\\\/2022\\\/2023\\\/11\\\/30\\\/santa-casa-de-barretos-conclui-projeto-lean-do-ministerio-da-saude\\\/#article\",\"isPartOf\":{\"@id\":\"https:\\\/\\\/regiaonews.net.br\\\/2022\\\/2023\\\/11\\\/30\\\/santa-casa-de-barretos-conclui-projeto-lean-do-ministerio-da-saude\\\/\"},\"author\":{\"name\":\"Roberto\",\"@id\":\"https:\\\/\\\/regiaonews.net.br\\\/2022\\\/#\\\/schema\\\/person\\\/2d205a608a5aa97ac279d7a5e6d89ad8\"},\"headline\":\"Santa Casa de Barretos conclui projeto Lean do Minist\u00e9rio da Sa\u00fade\u00a0\",\"datePublished\":\"2023-11-30T22:24:25+00:00\",\"mainEntityOfPage\":{\"@id\":\"https:\\\/\\\/regiaonews.net.br\\\/2022\\\/2023\\\/11\\\/30\\\/santa-casa-de-barretos-conclui-projeto-lean-do-ministerio-da-saude\\\/\"},\"wordCount\":321,\"commentCount\":0,\"publisher\":{\"@id\":\"https:\\\/\\\/regiaonews.net.br\\\/2022\\\/#organization\"},\"image\":{\"@id\":\"https:\\\/\\\/regiaonews.net.br\\\/2022\\\/2023\\\/11\\\/30\\\/santa-casa-de-barretos-conclui-projeto-lean-do-ministerio-da-saude\\\/#primaryimage\"},\"thumbnailUrl\":\"https:\\\/\\\/regiaonews.net.br\\\/2022\\\/wp-content\\\/uploads\\\/2023\\\/11\\\/06708321-3993-4d7f-ab9e-7e171602990e.jpeg\",\"articleSection\":[\"Barretos\",\"Cidades\"],\"inLanguage\":\"pt-BR\",\"potentialAction\":[{\"@type\":\"CommentAction\",\"name\":\"Comment\",\"target\":[\"https:\\\/\\\/regiaonews.net.br\\\/2022\\\/2023\\\/11\\\/30\\\/santa-casa-de-barretos-conclui-projeto-lean-do-ministerio-da-saude\\\/#respond\"]}]},{\"@type\":\"WebPage\",\"@id\":\"https:\\\/\\\/regiaonews.net.br\\\/2022\\\/2023\\\/11\\\/30\\\/santa-casa-de-barretos-conclui-projeto-lean-do-ministerio-da-saude\\\/\",\"url\":\"https:\\\/\\\/regiaonews.net.br\\\/2022\\\/2023\\\/11\\\/30\\\/santa-casa-de-barretos-conclui-projeto-lean-do-ministerio-da-saude\\\/\",\"name\":\"Santa Casa de Barretos conclui projeto Lean do Minist\u00e9rio da Sa\u00fade\u00a0 - Regi\u00e3o News\",\"isPartOf\":{\"@id\":\"https:\\\/\\\/regiaonews.net.br\\\/2022\\\/#website\"},\"primaryImageOfPage\":{\"@id\":\"https:\\\/\\\/regiaonews.net.br\\\/2022\\\/2023\\\/11\\\/30\\\/santa-casa-de-barretos-conclui-projeto-lean-do-ministerio-da-saude\\\/#primaryimage\"},\"image\":{\"@id\":\"https:\\\/\\\/regiaonews.net.br\\\/2022\\\/2023\\\/11\\\/30\\\/santa-casa-de-barretos-conclui-projeto-lean-do-ministerio-da-saude\\\/#primaryimage\"},\"thumbnailUrl\":\"https:\\\/\\\/regiaonews.net.br\\\/2022\\\/wp-content\\\/uploads\\\/2023\\\/11\\\/06708321-3993-4d7f-ab9e-7e171602990e.jpeg\",\"datePublished\":\"2023-11-30T22:24:25+00:00\",\"breadcrumb\":{\"@id\":\"https:\\\/\\\/regiaonews.net.br\\\/2022\\\/2023\\\/11\\\/30\\\/santa-casa-de-barretos-conclui-projeto-lean-do-ministerio-da-saude\\\/#breadcrumb\"},\"inLanguage\":\"pt-BR\",\"potentialAction\":[{\"@type\":\"ReadAction\",\"target\":[\"https:\\\/\\\/regiaonews.net.br\\\/2022\\\/2023\\\/11\\\/30\\\/santa-casa-de-barretos-conclui-projeto-lean-do-ministerio-da-saude\\\/\"]}]},{\"@type\":\"ImageObject\",\"inLanguage\":\"pt-BR\",\"@id\":\"https:\\\/\\\/regiaonews.net.br\\\/2022\\\/2023\\\/11\\\/30\\\/santa-casa-de-barretos-conclui-projeto-lean-do-ministerio-da-saude\\\/#primaryimage\",\"url\":\"https:\\\/\\\/regiaonews.net.br\\\/2022\\\/wp-content\\\/uploads\\\/2023\\\/11\\\/06708321-3993-4d7f-ab9e-7e171602990e.jpeg\",\"contentUrl\":\"https:\\\/\\\/regiaonews.net.br\\\/2022\\\/wp-content\\\/uploads\\\/2023\\\/11\\\/06708321-3993-4d7f-ab9e-7e171602990e.jpeg\",\"width\":1195,\"height\":530},{\"@type\":\"BreadcrumbList\",\"@id\":\"https:\\\/\\\/regiaonews.net.br\\\/2022\\\/2023\\\/11\\\/30\\\/santa-casa-de-barretos-conclui-projeto-lean-do-ministerio-da-saude\\\/#breadcrumb\",\"itemListElement\":[{\"@type\":\"ListItem\",\"position\":1,\"name\":\"In\u00edcio\",\"item\":\"https:\\\/\\\/regiaonews.net.br\\\/2022\\\/\"},{\"@type\":\"ListItem\",\"position\":2,\"name\":\"Santa Casa de Barretos conclui projeto Lean do Minist\u00e9rio da Sa\u00fade\u00a0\"}]},{\"@type\":\"WebSite\",\"@id\":\"https:\\\/\\\/regiaonews.net.br\\\/2022\\\/#website\",\"url\":\"https:\\\/\\\/regiaonews.net.br\\\/2022\\\/\",\"name\":\"Regi\u00e3o News\",\"description\":\"Site de Not\u00edcias de Barretos e regi\u00e3o\",\"publisher\":{\"@id\":\"https:\\\/\\\/regiaonews.net.br\\\/2022\\\/#organization\"},\"potentialAction\":[{\"@type\":\"SearchAction\",\"target\":{\"@type\":\"EntryPoint\",\"urlTemplate\":\"https:\\\/\\\/regiaonews.net.br\\\/2022\\\/?s={search_term_string}\"},\"query-input\":{\"@type\":\"PropertyValueSpecification\",\"valueRequired\":true,\"valueName\":\"search_term_string\"}}],\"inLanguage\":\"pt-BR\"},{\"@type\":\"Organization\",\"@id\":\"https:\\\/\\\/regiaonews.net.br\\\/2022\\\/#organization\",\"name\":\"Regi\u00e3o News\",\"url\":\"https:\\\/\\\/regiaonews.net.br\\\/2022\\\/\",\"logo\":{\"@type\":\"ImageObject\",\"inLanguage\":\"pt-BR\",\"@id\":\"https:\\\/\\\/regiaonews.net.br\\\/2022\\\/#\\\/schema\\\/logo\\\/image\\\/\",\"url\":\"https:\\\/\\\/regiaonews.net.br\\\/2022\\\/wp-content\\\/uploads\\\/2026\\\/03\\\/regiao-13-anos-scaled.jpg\",\"contentUrl\":\"https:\\\/\\\/regiaonews.net.br\\\/2022\\\/wp-content\\\/uploads\\\/2026\\\/03\\\/regiao-13-anos-scaled.jpg\",\"width\":2560,\"height\":635,\"caption\":\"Regi\u00e3o News\"},\"image\":{\"@id\":\"https:\\\/\\\/regiaonews.net.br\\\/2022\\\/#\\\/schema\\\/logo\\\/image\\\/\"}},{\"@type\":\"Person\",\"@id\":\"https:\\\/\\\/regiaonews.net.br\\\/2022\\\/#\\\/schema\\\/person\\\/2d205a608a5aa97ac279d7a5e6d89ad8\",\"name\":\"Roberto\",\"image\":{\"@type\":\"ImageObject\",\"inLanguage\":\"pt-BR\",\"@id\":\"https:\\\/\\\/secure.gravatar.com\\\/avatar\\\/42749d8b712ff9d59ca93dc150494e5b55a44134482993f5baeb97e61b7ecc89?s=96&d=mm&r=g\",\"url\":\"https:\\\/\\\/secure.gravatar.com\\\/avatar\\\/42749d8b712ff9d59ca93dc150494e5b55a44134482993f5baeb97e61b7ecc89?s=96&d=mm&r=g\",\"contentUrl\":\"https:\\\/\\\/secure.gravatar.com\\\/avatar\\\/42749d8b712ff9d59ca93dc150494e5b55a44134482993f5baeb97e61b7ecc89?s=96&d=mm&r=g\",\"caption\":\"Roberto\"},\"url\":\"https:\\\/\\\/regiaonews.net.br\\\/2022\\\/author\\\/roberto\\\/\"}]}<\/script>\n<!-- \/ Yoast SEO plugin. -->","yoast_head_json":{"title":"Santa Casa de Barretos conclui projeto Lean do Minist\u00e9rio da Sa\u00fade\u00a0 - Regi\u00e3o News","robots":{"index":"index","follow":"follow","max-snippet":"max-snippet:-1","max-image-preview":"max-image-preview:large","max-video-preview":"max-video-preview:-1"},"canonical":"https:\/\/regiaonews.net.br\/2022\/2023\/11\/30\/santa-casa-de-barretos-conclui-projeto-lean-do-ministerio-da-saude\/","og_locale":"pt_BR","og_type":"article","og_title":"Santa Casa de Barretos conclui projeto Lean do Minist\u00e9rio da Sa\u00fade\u00a0 - Regi\u00e3o News","og_description":"Hospital adotou a metodologia proposta pelo Minist\u00e9rio da Sa\u00fade para","og_url":"https:\/\/regiaonews.net.br\/2022\/2023\/11\/30\/santa-casa-de-barretos-conclui-projeto-lean-do-ministerio-da-saude\/","og_site_name":"Regi\u00e3o News","article_published_time":"2023-11-30T22:24:25+00:00","og_image":[{"width":1195,"height":530,"url":"https:\/\/regiaonews.net.br\/2022\/wp-content\/uploads\/2023\/11\/06708321-3993-4d7f-ab9e-7e171602990e.jpeg","type":"image\/jpeg"}],"author":"Roberto","twitter_card":"summary_large_image","twitter_misc":{"Escrito por":"Roberto","Est. tempo de leitura":"2 minutos"},"schema":{"@context":"https:\/\/schema.org","@graph":[{"@type":"Article","@id":"https:\/\/regiaonews.net.br\/2022\/2023\/11\/30\/santa-casa-de-barretos-conclui-projeto-lean-do-ministerio-da-saude\/#article","isPartOf":{"@id":"https:\/\/regiaonews.net.br\/2022\/2023\/11\/30\/santa-casa-de-barretos-conclui-projeto-lean-do-ministerio-da-saude\/"},"author":{"name":"Roberto","@id":"https:\/\/regiaonews.net.br\/2022\/#\/schema\/person\/2d205a608a5aa97ac279d7a5e6d89ad8"},"headline":"Santa Casa de Barretos conclui projeto Lean do Minist\u00e9rio da Sa\u00fade\u00a0","datePublished":"2023-11-30T22:24:25+00:00","mainEntityOfPage":{"@id":"https:\/\/regiaonews.net.br\/2022\/2023\/11\/30\/santa-casa-de-barretos-conclui-projeto-lean-do-ministerio-da-saude\/"},"wordCount":321,"commentCount":0,"publisher":{"@id":"https:\/\/regiaonews.net.br\/2022\/#organization"},"image":{"@id":"https:\/\/regiaonews.net.br\/2022\/2023\/11\/30\/santa-casa-de-barretos-conclui-projeto-lean-do-ministerio-da-saude\/#primaryimage"},"thumbnailUrl":"https:\/\/regiaonews.net.br\/2022\/wp-content\/uploads\/2023\/11\/06708321-3993-4d7f-ab9e-7e171602990e.jpeg","articleSection":["Barretos","Cidades"],"inLanguage":"pt-BR","potentialAction":[{"@type":"CommentAction","name":"Comment","target":["https:\/\/regiaonews.net.br\/2022\/2023\/11\/30\/santa-casa-de-barretos-conclui-projeto-lean-do-ministerio-da-saude\/#respond"]}]},{"@type":"WebPage","@id":"https:\/\/regiaonews.net.br\/2022\/2023\/11\/30\/santa-casa-de-barretos-conclui-projeto-lean-do-ministerio-da-saude\/","url":"https:\/\/regiaonews.net.br\/2022\/2023\/11\/30\/santa-casa-de-barretos-conclui-projeto-lean-do-ministerio-da-saude\/","name":"Santa Casa de Barretos conclui projeto Lean do Minist\u00e9rio da Sa\u00fade\u00a0 - Regi\u00e3o News","isPartOf":{"@id":"https:\/\/regiaonews.net.br\/2022\/#website"},"primaryImageOfPage":{"@id":"https:\/\/regiaonews.net.br\/2022\/2023\/11\/30\/santa-casa-de-barretos-conclui-projeto-lean-do-ministerio-da-saude\/#primaryimage"},"image":{"@id":"https:\/\/regiaonews.net.br\/2022\/2023\/11\/30\/santa-casa-de-barretos-conclui-projeto-lean-do-ministerio-da-saude\/#primaryimage"},"thumbnailUrl":"https:\/\/regiaonews.net.br\/2022\/wp-content\/uploads\/2023\/11\/06708321-3993-4d7f-ab9e-7e171602990e.jpeg","datePublished":"2023-11-30T22:24:25+00:00","breadcrumb":{"@id":"https:\/\/regiaonews.net.br\/2022\/2023\/11\/30\/santa-casa-de-barretos-conclui-projeto-lean-do-ministerio-da-saude\/#breadcrumb"},"inLanguage":"pt-BR","potentialAction":[{"@type":"ReadAction","target":["https:\/\/regiaonews.net.br\/2022\/2023\/11\/30\/santa-casa-de-barretos-conclui-projeto-lean-do-ministerio-da-saude\/"]}]},{"@type":"ImageObject","inLanguage":"pt-BR","@id":"https:\/\/regiaonews.net.br\/2022\/2023\/11\/30\/santa-casa-de-barretos-conclui-projeto-lean-do-ministerio-da-saude\/#primaryimage","url":"https:\/\/regiaonews.net.br\/2022\/wp-content\/uploads\/2023\/11\/06708321-3993-4d7f-ab9e-7e171602990e.jpeg","contentUrl":"https:\/\/regiaonews.net.br\/2022\/wp-content\/uploads\/2023\/11\/06708321-3993-4d7f-ab9e-7e171602990e.jpeg","width":1195,"height":530},{"@type":"BreadcrumbList","@id":"https:\/\/regiaonews.net.br\/2022\/2023\/11\/30\/santa-casa-de-barretos-conclui-projeto-lean-do-ministerio-da-saude\/#breadcrumb","itemListElement":[{"@type":"ListItem","position":1,"name":"In\u00edcio","item":"https:\/\/regiaonews.net.br\/2022\/"},{"@type":"ListItem","position":2,"name":"Santa Casa de Barretos conclui projeto Lean do Minist\u00e9rio da Sa\u00fade\u00a0"}]},{"@type":"WebSite","@id":"https:\/\/regiaonews.net.br\/2022\/#website","url":"https:\/\/regiaonews.net.br\/2022\/","name":"Regi\u00e3o News","description":"Site de Not\u00edcias de Barretos e regi\u00e3o","publisher":{"@id":"https:\/\/regiaonews.net.br\/2022\/#organization"},"potentialAction":[{"@type":"SearchAction","target":{"@type":"EntryPoint","urlTemplate":"https:\/\/regiaonews.net.br\/2022\/?s={search_term_string}"},"query-input":{"@type":"PropertyValueSpecification","valueRequired":true,"valueName":"search_term_string"}}],"inLanguage":"pt-BR"},{"@type":"Organization","@id":"https:\/\/regiaonews.net.br\/2022\/#organization","name":"Regi\u00e3o News","url":"https:\/\/regiaonews.net.br\/2022\/","logo":{"@type":"ImageObject","inLanguage":"pt-BR","@id":"https:\/\/regiaonews.net.br\/2022\/#\/schema\/logo\/image\/","url":"https:\/\/regiaonews.net.br\/2022\/wp-content\/uploads\/2026\/03\/regiao-13-anos-scaled.jpg","contentUrl":"https:\/\/regiaonews.net.br\/2022\/wp-content\/uploads\/2026\/03\/regiao-13-anos-scaled.jpg","width":2560,"height":635,"caption":"Regi\u00e3o News"},"image":{"@id":"https:\/\/regiaonews.net.br\/2022\/#\/schema\/logo\/image\/"}},{"@type":"Person","@id":"https:\/\/regiaonews.net.br\/2022\/#\/schema\/person\/2d205a608a5aa97ac279d7a5e6d89ad8","name":"Roberto","image":{"@type":"ImageObject","inLanguage":"pt-BR","@id":"https:\/\/secure.gravatar.com\/avatar\/42749d8b712ff9d59ca93dc150494e5b55a44134482993f5baeb97e61b7ecc89?s=96&d=mm&r=g","url":"https:\/\/secure.gravatar.com\/avatar\/42749d8b712ff9d59ca93dc150494e5b55a44134482993f5baeb97e61b7ecc89?s=96&d=mm&r=g","contentUrl":"https:\/\/secure.gravatar.com\/avatar\/42749d8b712ff9d59ca93dc150494e5b55a44134482993f5baeb97e61b7ecc89?s=96&d=mm&r=g","caption":"Roberto"},"url":"https:\/\/regiaonews.net.br\/2022\/author\/roberto\/"}]}},"publishpress_future_action":{"enabled":false,"date":"2026-05-04 10:17:55","action":"change-status","newStatus":"draft","terms":[],"taxonomy":"category","extraData":[]},"publishpress_future_workflow_manual_trigger":{"enabledWorkflows":[]},"_links":{"self":[{"href":"https:\/\/regiaonews.net.br\/2022\/wp-json\/wp\/v2\/posts\/98439","targetHints":{"allow":["GET"]}}],"collection":[{"href":"https:\/\/regiaonews.net.br\/2022\/wp-json\/wp\/v2\/posts"}],"about":[{"href":"https:\/\/regiaonews.net.br\/2022\/wp-json\/wp\/v2\/types\/post"}],"author":[{"embeddable":true,"href":"https:\/\/regiaonews.net.br\/2022\/wp-json\/wp\/v2\/users\/2"}],"replies":[{"embeddable":true,"href":"https:\/\/regiaonews.net.br\/2022\/wp-json\/wp\/v2\/comments?post=98439"}],"version-history":[{"count":1,"href":"https:\/\/regiaonews.net.br\/2022\/wp-json\/wp\/v2\/posts\/98439\/revisions"}],"predecessor-version":[{"id":98441,"href":"https:\/\/regiaonews.net.br\/2022\/wp-json\/wp\/v2\/posts\/98439\/revisions\/98441"}],"wp:featuredmedia":[{"embeddable":true,"href":"https:\/\/regiaonews.net.br\/2022\/wp-json\/wp\/v2\/media\/98440"}],"wp:attachment":[{"href":"https:\/\/regiaonews.net.br\/2022\/wp-json\/wp\/v2\/media?parent=98439"}],"wp:term":[{"taxonomy":"category","embeddable":true,"href":"https:\/\/regiaonews.net.br\/2022\/wp-json\/wp\/v2\/categories?post=98439"},{"taxonomy":"post_tag","embeddable":true,"href":"https:\/\/regiaonews.net.br\/2022\/wp-json\/wp\/v2\/tags?post=98439"}],"curies":[{"name":"wp","href":"https:\/\/api.w.org\/{rel}","templated":true}]}}