{"id":98434,"date":"2023-11-30T19:21:44","date_gmt":"2023-11-30T22:21:44","guid":{"rendered":"https:\/\/regiaonews.net.br\/2022\/?p=98434"},"modified":"2023-11-30T19:21:44","modified_gmt":"2023-11-30T22:21:44","slug":"bazar-solidario-para-o-clube-das-maezinhas-acontece-na-primeira-quinzena-de-dezembro","status":"publish","type":"post","link":"https:\/\/regiaonews.net.br\/2022\/2023\/11\/30\/bazar-solidario-para-o-clube-das-maezinhas-acontece-na-primeira-quinzena-de-dezembro\/","title":{"rendered":"Bazar solid\u00e1rio para o Clube das M\u00e3ezinhas acontece na primeira quinzena de dezembro"},"content":{"rendered":"<div>\n<div><\/div>\n<\/div>\n<div><\/div>\n<table role=\"presentation\" border=\"0\" width=\"100%\" cellspacing=\"0\" cellpadding=\"0\">\n<tbody>\n<tr>\n<td align=\"left\">\n<div>\n<div><\/div>\n<\/div>\n<\/td>\n<\/tr>\n<tr>\n<td align=\"left\">&nbsp;<\/td>\n<\/tr>\n<tr>\n<td align=\"left\">\n<div>\n<p>De 1\u00ba a 15 de dezembro, acontece no North Shopping Barretos mais uma edi\u00e7\u00e3o do Bazar Solid\u00e1rio de 2023, com parte da renda destinada \u00e0 creche &#8216;Clube das M\u00e3ezinhas&#8217;.<\/p>\n<p>Os visitantes podem, inclusive, adquirir presentes de final de ano, comk pe\u00e7as em MDF, em madeira de demoli\u00e7\u00e3o, vasos de suculentas, artigos religiosos, itens para decora\u00e7\u00e3o, bonecas, balas de coco, pe\u00e7as em croch\u00ea, bordados, artes em pedrarias, aromatizadores, artes com materiais sustent\u00e1veis e muito mais.<\/p>\n<p>O &#8216;Clube das M\u00e3ezinhas&#8217;\u00a0\u00e9 uma institui\u00e7\u00e3o barretense, com 70 anos de hist\u00f3ria, que realiza atendimentos di\u00e1rios a 70 crian\u00e7as, com idade \u00e0 partir dos 6 meses at\u00e9 os 4 anos.<\/p>\n<p>\u201cGostar\u00edamos de agradecer \u00e0s artes\u00e3s e ao Ricardo Martins Marques do North Shopping, por nos permitir realizar este bazar de final de ano e tamb\u00e9m as outras institui\u00e7\u00f5es, que precisam, e o shopping sempre ajuda com suas portas abertas\u201d, afirmou a presidente da entidade &#8216;Clube das M\u00e3ezinhas, Silvia Helena Marin Saraceni.<\/p>\n<p>O bazar pode ser visitado no Espa\u00e7o de Eventos, ao lado do Sal\u00e3o Dona Flor, do shopping.<\/p>\n<p>Todas as pe\u00e7as de artesanatos foram produzidas em parceria com as profissionais: Angela Cesari, Angela Maria, Carolina Rodrigues, Ieda Uehara Tsushida, Lu Duarte, Gema Mouccy, M\u00e1rcia Claire, Luzia Camolese, Maria Helena Seg\u00f3via, Silvania Frigo e Sheila Gandolfi.<\/p>\n<\/div>\n<\/td>\n<\/tr>\n<\/tbody>\n<\/table>\n","protected":false},"excerpt":{"rendered":"<p>&nbsp; De 1\u00ba a 15 de dezembro, acontece no North<\/p>\n","protected":false},"author":2,"featured_media":98436,"comment_status":"open","ping_status":"open","sticky":false,"template":"","format":"standard","meta":{"footnotes":""},"categories":[14,25],"tags":[],"class_list":["post-98434","post","type-post","status-publish","format-standard","has-post-thumbnail","hentry","category-barretos","category-cidades"],"yoast_head":"<!-- This site is optimized with the Yoast SEO plugin v27.4 - https:\/\/yoast.com\/product\/yoast-seo-wordpress\/ -->\n<title>Bazar solid\u00e1rio para o Clube das M\u00e3ezinhas acontece na primeira quinzena de dezembro - Regi\u00e3o News<\/title>\n<meta name=\"robots\" content=\"index, follow, max-snippet:-1, max-image-preview:large, max-video-preview:-1\" \/>\n<link rel=\"canonical\" href=\"https:\/\/regiaonews.net.br\/2022\/2023\/11\/30\/bazar-solidario-para-o-clube-das-maezinhas-acontece-na-primeira-quinzena-de-dezembro\/\" \/>\n<meta property=\"og:locale\" content=\"pt_BR\" \/>\n<meta property=\"og:type\" content=\"article\" \/>\n<meta property=\"og:title\" content=\"Bazar solid\u00e1rio para o Clube das M\u00e3ezinhas acontece na primeira quinzena de dezembro - Regi\u00e3o News\" \/>\n<meta property=\"og:description\" content=\"&nbsp; De 1\u00ba a 15 de dezembro, acontece no North\" \/>\n<meta property=\"og:url\" content=\"https:\/\/regiaonews.net.br\/2022\/2023\/11\/30\/bazar-solidario-para-o-clube-das-maezinhas-acontece-na-primeira-quinzena-de-dezembro\/\" \/>\n<meta property=\"og:site_name\" content=\"Regi\u00e3o News\" \/>\n<meta property=\"article:published_time\" content=\"2023-11-30T22:21:44+00:00\" \/>\n<meta property=\"og:image\" content=\"https:\/\/regiaonews.net.br\/2022\/wp-content\/uploads\/2023\/11\/0e207fee-e56d-42ce-9345-03cc08f3d513.jpeg\" \/>\n\t<meta property=\"og:image:width\" content=\"1080\" \/>\n\t<meta property=\"og:image:height\" content=\"1080\" \/>\n\t<meta property=\"og:image:type\" content=\"image\/jpeg\" \/>\n<meta name=\"author\" content=\"Roberto\" \/>\n<meta name=\"twitter:card\" content=\"summary_large_image\" \/>\n<meta name=\"twitter:label1\" content=\"Escrito por\" \/>\n\t<meta name=\"twitter:data1\" content=\"Roberto\" \/>\n\t<meta name=\"twitter:label2\" content=\"Est. tempo de leitura\" \/>\n\t<meta name=\"twitter:data2\" content=\"2 minutos\" \/>\n<script type=\"application\/ld+json\" class=\"yoast-schema-graph\">{\"@context\":\"https:\\\/\\\/schema.org\",\"@graph\":[{\"@type\":\"Article\",\"@id\":\"https:\\\/\\\/regiaonews.net.br\\\/2022\\\/2023\\\/11\\\/30\\\/bazar-solidario-para-o-clube-das-maezinhas-acontece-na-primeira-quinzena-de-dezembro\\\/#article\",\"isPartOf\":{\"@id\":\"https:\\\/\\\/regiaonews.net.br\\\/2022\\\/2023\\\/11\\\/30\\\/bazar-solidario-para-o-clube-das-maezinhas-acontece-na-primeira-quinzena-de-dezembro\\\/\"},\"author\":{\"name\":\"Roberto\",\"@id\":\"https:\\\/\\\/regiaonews.net.br\\\/2022\\\/#\\\/schema\\\/person\\\/2d205a608a5aa97ac279d7a5e6d89ad8\"},\"headline\":\"Bazar solid\u00e1rio para o Clube das M\u00e3ezinhas acontece na primeira quinzena de dezembro\",\"datePublished\":\"2023-11-30T22:21:44+00:00\",\"mainEntityOfPage\":{\"@id\":\"https:\\\/\\\/regiaonews.net.br\\\/2022\\\/2023\\\/11\\\/30\\\/bazar-solidario-para-o-clube-das-maezinhas-acontece-na-primeira-quinzena-de-dezembro\\\/\"},\"wordCount\":239,\"commentCount\":0,\"publisher\":{\"@id\":\"https:\\\/\\\/regiaonews.net.br\\\/2022\\\/#organization\"},\"image\":{\"@id\":\"https:\\\/\\\/regiaonews.net.br\\\/2022\\\/2023\\\/11\\\/30\\\/bazar-solidario-para-o-clube-das-maezinhas-acontece-na-primeira-quinzena-de-dezembro\\\/#primaryimage\"},\"thumbnailUrl\":\"https:\\\/\\\/regiaonews.net.br\\\/2022\\\/wp-content\\\/uploads\\\/2023\\\/11\\\/0e207fee-e56d-42ce-9345-03cc08f3d513.jpeg\",\"articleSection\":[\"Barretos\",\"Cidades\"],\"inLanguage\":\"pt-BR\",\"potentialAction\":[{\"@type\":\"CommentAction\",\"name\":\"Comment\",\"target\":[\"https:\\\/\\\/regiaonews.net.br\\\/2022\\\/2023\\\/11\\\/30\\\/bazar-solidario-para-o-clube-das-maezinhas-acontece-na-primeira-quinzena-de-dezembro\\\/#respond\"]}]},{\"@type\":\"WebPage\",\"@id\":\"https:\\\/\\\/regiaonews.net.br\\\/2022\\\/2023\\\/11\\\/30\\\/bazar-solidario-para-o-clube-das-maezinhas-acontece-na-primeira-quinzena-de-dezembro\\\/\",\"url\":\"https:\\\/\\\/regiaonews.net.br\\\/2022\\\/2023\\\/11\\\/30\\\/bazar-solidario-para-o-clube-das-maezinhas-acontece-na-primeira-quinzena-de-dezembro\\\/\",\"name\":\"Bazar solid\u00e1rio para o Clube das M\u00e3ezinhas acontece na primeira quinzena de dezembro - Regi\u00e3o News\",\"isPartOf\":{\"@id\":\"https:\\\/\\\/regiaonews.net.br\\\/2022\\\/#website\"},\"primaryImageOfPage\":{\"@id\":\"https:\\\/\\\/regiaonews.net.br\\\/2022\\\/2023\\\/11\\\/30\\\/bazar-solidario-para-o-clube-das-maezinhas-acontece-na-primeira-quinzena-de-dezembro\\\/#primaryimage\"},\"image\":{\"@id\":\"https:\\\/\\\/regiaonews.net.br\\\/2022\\\/2023\\\/11\\\/30\\\/bazar-solidario-para-o-clube-das-maezinhas-acontece-na-primeira-quinzena-de-dezembro\\\/#primaryimage\"},\"thumbnailUrl\":\"https:\\\/\\\/regiaonews.net.br\\\/2022\\\/wp-content\\\/uploads\\\/2023\\\/11\\\/0e207fee-e56d-42ce-9345-03cc08f3d513.jpeg\",\"datePublished\":\"2023-11-30T22:21:44+00:00\",\"breadcrumb\":{\"@id\":\"https:\\\/\\\/regiaonews.net.br\\\/2022\\\/2023\\\/11\\\/30\\\/bazar-solidario-para-o-clube-das-maezinhas-acontece-na-primeira-quinzena-de-dezembro\\\/#breadcrumb\"},\"inLanguage\":\"pt-BR\",\"potentialAction\":[{\"@type\":\"ReadAction\",\"target\":[\"https:\\\/\\\/regiaonews.net.br\\\/2022\\\/2023\\\/11\\\/30\\\/bazar-solidario-para-o-clube-das-maezinhas-acontece-na-primeira-quinzena-de-dezembro\\\/\"]}]},{\"@type\":\"ImageObject\",\"inLanguage\":\"pt-BR\",\"@id\":\"https:\\\/\\\/regiaonews.net.br\\\/2022\\\/2023\\\/11\\\/30\\\/bazar-solidario-para-o-clube-das-maezinhas-acontece-na-primeira-quinzena-de-dezembro\\\/#primaryimage\",\"url\":\"https:\\\/\\\/regiaonews.net.br\\\/2022\\\/wp-content\\\/uploads\\\/2023\\\/11\\\/0e207fee-e56d-42ce-9345-03cc08f3d513.jpeg\",\"contentUrl\":\"https:\\\/\\\/regiaonews.net.br\\\/2022\\\/wp-content\\\/uploads\\\/2023\\\/11\\\/0e207fee-e56d-42ce-9345-03cc08f3d513.jpeg\",\"width\":1080,\"height\":1080},{\"@type\":\"BreadcrumbList\",\"@id\":\"https:\\\/\\\/regiaonews.net.br\\\/2022\\\/2023\\\/11\\\/30\\\/bazar-solidario-para-o-clube-das-maezinhas-acontece-na-primeira-quinzena-de-dezembro\\\/#breadcrumb\",\"itemListElement\":[{\"@type\":\"ListItem\",\"position\":1,\"name\":\"In\u00edcio\",\"item\":\"https:\\\/\\\/regiaonews.net.br\\\/2022\\\/\"},{\"@type\":\"ListItem\",\"position\":2,\"name\":\"Bazar solid\u00e1rio para o Clube das M\u00e3ezinhas acontece na primeira quinzena de dezembro\"}]},{\"@type\":\"WebSite\",\"@id\":\"https:\\\/\\\/regiaonews.net.br\\\/2022\\\/#website\",\"url\":\"https:\\\/\\\/regiaonews.net.br\\\/2022\\\/\",\"name\":\"Regi\u00e3o News\",\"description\":\"Site de Not\u00edcias de Barretos e regi\u00e3o\",\"publisher\":{\"@id\":\"https:\\\/\\\/regiaonews.net.br\\\/2022\\\/#organization\"},\"potentialAction\":[{\"@type\":\"SearchAction\",\"target\":{\"@type\":\"EntryPoint\",\"urlTemplate\":\"https:\\\/\\\/regiaonews.net.br\\\/2022\\\/?s={search_term_string}\"},\"query-input\":{\"@type\":\"PropertyValueSpecification\",\"valueRequired\":true,\"valueName\":\"search_term_string\"}}],\"inLanguage\":\"pt-BR\"},{\"@type\":\"Organization\",\"@id\":\"https:\\\/\\\/regiaonews.net.br\\\/2022\\\/#organization\",\"name\":\"Regi\u00e3o News\",\"url\":\"https:\\\/\\\/regiaonews.net.br\\\/2022\\\/\",\"logo\":{\"@type\":\"ImageObject\",\"inLanguage\":\"pt-BR\",\"@id\":\"https:\\\/\\\/regiaonews.net.br\\\/2022\\\/#\\\/schema\\\/logo\\\/image\\\/\",\"url\":\"https:\\\/\\\/regiaonews.net.br\\\/2022\\\/wp-content\\\/uploads\\\/2026\\\/03\\\/regiao-13-anos-scaled.jpg\",\"contentUrl\":\"https:\\\/\\\/regiaonews.net.br\\\/2022\\\/wp-content\\\/uploads\\\/2026\\\/03\\\/regiao-13-anos-scaled.jpg\",\"width\":2560,\"height\":635,\"caption\":\"Regi\u00e3o News\"},\"image\":{\"@id\":\"https:\\\/\\\/regiaonews.net.br\\\/2022\\\/#\\\/schema\\\/logo\\\/image\\\/\"}},{\"@type\":\"Person\",\"@id\":\"https:\\\/\\\/regiaonews.net.br\\\/2022\\\/#\\\/schema\\\/person\\\/2d205a608a5aa97ac279d7a5e6d89ad8\",\"name\":\"Roberto\",\"image\":{\"@type\":\"ImageObject\",\"inLanguage\":\"pt-BR\",\"@id\":\"https:\\\/\\\/secure.gravatar.com\\\/avatar\\\/42749d8b712ff9d59ca93dc150494e5b55a44134482993f5baeb97e61b7ecc89?s=96&d=mm&r=g\",\"url\":\"https:\\\/\\\/secure.gravatar.com\\\/avatar\\\/42749d8b712ff9d59ca93dc150494e5b55a44134482993f5baeb97e61b7ecc89?s=96&d=mm&r=g\",\"contentUrl\":\"https:\\\/\\\/secure.gravatar.com\\\/avatar\\\/42749d8b712ff9d59ca93dc150494e5b55a44134482993f5baeb97e61b7ecc89?s=96&d=mm&r=g\",\"caption\":\"Roberto\"},\"url\":\"https:\\\/\\\/regiaonews.net.br\\\/2022\\\/author\\\/roberto\\\/\"}]}<\/script>\n<!-- \/ Yoast SEO plugin. -->","yoast_head_json":{"title":"Bazar solid\u00e1rio para o Clube das M\u00e3ezinhas acontece na primeira quinzena de dezembro - Regi\u00e3o News","robots":{"index":"index","follow":"follow","max-snippet":"max-snippet:-1","max-image-preview":"max-image-preview:large","max-video-preview":"max-video-preview:-1"},"canonical":"https:\/\/regiaonews.net.br\/2022\/2023\/11\/30\/bazar-solidario-para-o-clube-das-maezinhas-acontece-na-primeira-quinzena-de-dezembro\/","og_locale":"pt_BR","og_type":"article","og_title":"Bazar solid\u00e1rio para o Clube das M\u00e3ezinhas acontece na primeira quinzena de dezembro - Regi\u00e3o News","og_description":"&nbsp; De 1\u00ba a 15 de dezembro, acontece no North","og_url":"https:\/\/regiaonews.net.br\/2022\/2023\/11\/30\/bazar-solidario-para-o-clube-das-maezinhas-acontece-na-primeira-quinzena-de-dezembro\/","og_site_name":"Regi\u00e3o News","article_published_time":"2023-11-30T22:21:44+00:00","og_image":[{"width":1080,"height":1080,"url":"https:\/\/regiaonews.net.br\/2022\/wp-content\/uploads\/2023\/11\/0e207fee-e56d-42ce-9345-03cc08f3d513.jpeg","type":"image\/jpeg"}],"author":"Roberto","twitter_card":"summary_large_image","twitter_misc":{"Escrito por":"Roberto","Est. tempo de leitura":"2 minutos"},"schema":{"@context":"https:\/\/schema.org","@graph":[{"@type":"Article","@id":"https:\/\/regiaonews.net.br\/2022\/2023\/11\/30\/bazar-solidario-para-o-clube-das-maezinhas-acontece-na-primeira-quinzena-de-dezembro\/#article","isPartOf":{"@id":"https:\/\/regiaonews.net.br\/2022\/2023\/11\/30\/bazar-solidario-para-o-clube-das-maezinhas-acontece-na-primeira-quinzena-de-dezembro\/"},"author":{"name":"Roberto","@id":"https:\/\/regiaonews.net.br\/2022\/#\/schema\/person\/2d205a608a5aa97ac279d7a5e6d89ad8"},"headline":"Bazar solid\u00e1rio para o Clube das M\u00e3ezinhas acontece na primeira quinzena de dezembro","datePublished":"2023-11-30T22:21:44+00:00","mainEntityOfPage":{"@id":"https:\/\/regiaonews.net.br\/2022\/2023\/11\/30\/bazar-solidario-para-o-clube-das-maezinhas-acontece-na-primeira-quinzena-de-dezembro\/"},"wordCount":239,"commentCount":0,"publisher":{"@id":"https:\/\/regiaonews.net.br\/2022\/#organization"},"image":{"@id":"https:\/\/regiaonews.net.br\/2022\/2023\/11\/30\/bazar-solidario-para-o-clube-das-maezinhas-acontece-na-primeira-quinzena-de-dezembro\/#primaryimage"},"thumbnailUrl":"https:\/\/regiaonews.net.br\/2022\/wp-content\/uploads\/2023\/11\/0e207fee-e56d-42ce-9345-03cc08f3d513.jpeg","articleSection":["Barretos","Cidades"],"inLanguage":"pt-BR","potentialAction":[{"@type":"CommentAction","name":"Comment","target":["https:\/\/regiaonews.net.br\/2022\/2023\/11\/30\/bazar-solidario-para-o-clube-das-maezinhas-acontece-na-primeira-quinzena-de-dezembro\/#respond"]}]},{"@type":"WebPage","@id":"https:\/\/regiaonews.net.br\/2022\/2023\/11\/30\/bazar-solidario-para-o-clube-das-maezinhas-acontece-na-primeira-quinzena-de-dezembro\/","url":"https:\/\/regiaonews.net.br\/2022\/2023\/11\/30\/bazar-solidario-para-o-clube-das-maezinhas-acontece-na-primeira-quinzena-de-dezembro\/","name":"Bazar solid\u00e1rio para o Clube das M\u00e3ezinhas acontece na primeira quinzena de dezembro - Regi\u00e3o News","isPartOf":{"@id":"https:\/\/regiaonews.net.br\/2022\/#website"},"primaryImageOfPage":{"@id":"https:\/\/regiaonews.net.br\/2022\/2023\/11\/30\/bazar-solidario-para-o-clube-das-maezinhas-acontece-na-primeira-quinzena-de-dezembro\/#primaryimage"},"image":{"@id":"https:\/\/regiaonews.net.br\/2022\/2023\/11\/30\/bazar-solidario-para-o-clube-das-maezinhas-acontece-na-primeira-quinzena-de-dezembro\/#primaryimage"},"thumbnailUrl":"https:\/\/regiaonews.net.br\/2022\/wp-content\/uploads\/2023\/11\/0e207fee-e56d-42ce-9345-03cc08f3d513.jpeg","datePublished":"2023-11-30T22:21:44+00:00","breadcrumb":{"@id":"https:\/\/regiaonews.net.br\/2022\/2023\/11\/30\/bazar-solidario-para-o-clube-das-maezinhas-acontece-na-primeira-quinzena-de-dezembro\/#breadcrumb"},"inLanguage":"pt-BR","potentialAction":[{"@type":"ReadAction","target":["https:\/\/regiaonews.net.br\/2022\/2023\/11\/30\/bazar-solidario-para-o-clube-das-maezinhas-acontece-na-primeira-quinzena-de-dezembro\/"]}]},{"@type":"ImageObject","inLanguage":"pt-BR","@id":"https:\/\/regiaonews.net.br\/2022\/2023\/11\/30\/bazar-solidario-para-o-clube-das-maezinhas-acontece-na-primeira-quinzena-de-dezembro\/#primaryimage","url":"https:\/\/regiaonews.net.br\/2022\/wp-content\/uploads\/2023\/11\/0e207fee-e56d-42ce-9345-03cc08f3d513.jpeg","contentUrl":"https:\/\/regiaonews.net.br\/2022\/wp-content\/uploads\/2023\/11\/0e207fee-e56d-42ce-9345-03cc08f3d513.jpeg","width":1080,"height":1080},{"@type":"BreadcrumbList","@id":"https:\/\/regiaonews.net.br\/2022\/2023\/11\/30\/bazar-solidario-para-o-clube-das-maezinhas-acontece-na-primeira-quinzena-de-dezembro\/#breadcrumb","itemListElement":[{"@type":"ListItem","position":1,"name":"In\u00edcio","item":"https:\/\/regiaonews.net.br\/2022\/"},{"@type":"ListItem","position":2,"name":"Bazar solid\u00e1rio para o Clube das M\u00e3ezinhas acontece na primeira quinzena de dezembro"}]},{"@type":"WebSite","@id":"https:\/\/regiaonews.net.br\/2022\/#website","url":"https:\/\/regiaonews.net.br\/2022\/","name":"Regi\u00e3o News","description":"Site de Not\u00edcias de Barretos e regi\u00e3o","publisher":{"@id":"https:\/\/regiaonews.net.br\/2022\/#organization"},"potentialAction":[{"@type":"SearchAction","target":{"@type":"EntryPoint","urlTemplate":"https:\/\/regiaonews.net.br\/2022\/?s={search_term_string}"},"query-input":{"@type":"PropertyValueSpecification","valueRequired":true,"valueName":"search_term_string"}}],"inLanguage":"pt-BR"},{"@type":"Organization","@id":"https:\/\/regiaonews.net.br\/2022\/#organization","name":"Regi\u00e3o News","url":"https:\/\/regiaonews.net.br\/2022\/","logo":{"@type":"ImageObject","inLanguage":"pt-BR","@id":"https:\/\/regiaonews.net.br\/2022\/#\/schema\/logo\/image\/","url":"https:\/\/regiaonews.net.br\/2022\/wp-content\/uploads\/2026\/03\/regiao-13-anos-scaled.jpg","contentUrl":"https:\/\/regiaonews.net.br\/2022\/wp-content\/uploads\/2026\/03\/regiao-13-anos-scaled.jpg","width":2560,"height":635,"caption":"Regi\u00e3o News"},"image":{"@id":"https:\/\/regiaonews.net.br\/2022\/#\/schema\/logo\/image\/"}},{"@type":"Person","@id":"https:\/\/regiaonews.net.br\/2022\/#\/schema\/person\/2d205a608a5aa97ac279d7a5e6d89ad8","name":"Roberto","image":{"@type":"ImageObject","inLanguage":"pt-BR","@id":"https:\/\/secure.gravatar.com\/avatar\/42749d8b712ff9d59ca93dc150494e5b55a44134482993f5baeb97e61b7ecc89?s=96&d=mm&r=g","url":"https:\/\/secure.gravatar.com\/avatar\/42749d8b712ff9d59ca93dc150494e5b55a44134482993f5baeb97e61b7ecc89?s=96&d=mm&r=g","contentUrl":"https:\/\/secure.gravatar.com\/avatar\/42749d8b712ff9d59ca93dc150494e5b55a44134482993f5baeb97e61b7ecc89?s=96&d=mm&r=g","caption":"Roberto"},"url":"https:\/\/regiaonews.net.br\/2022\/author\/roberto\/"}]}},"publishpress_future_action":{"enabled":false,"date":"2026-05-04 10:29:06","action":"change-status","newStatus":"draft","terms":[],"taxonomy":"category","extraData":[]},"publishpress_future_workflow_manual_trigger":{"enabledWorkflows":[]},"_links":{"self":[{"href":"https:\/\/regiaonews.net.br\/2022\/wp-json\/wp\/v2\/posts\/98434","targetHints":{"allow":["GET"]}}],"collection":[{"href":"https:\/\/regiaonews.net.br\/2022\/wp-json\/wp\/v2\/posts"}],"about":[{"href":"https:\/\/regiaonews.net.br\/2022\/wp-json\/wp\/v2\/types\/post"}],"author":[{"embeddable":true,"href":"https:\/\/regiaonews.net.br\/2022\/wp-json\/wp\/v2\/users\/2"}],"replies":[{"embeddable":true,"href":"https:\/\/regiaonews.net.br\/2022\/wp-json\/wp\/v2\/comments?post=98434"}],"version-history":[{"count":1,"href":"https:\/\/regiaonews.net.br\/2022\/wp-json\/wp\/v2\/posts\/98434\/revisions"}],"predecessor-version":[{"id":98437,"href":"https:\/\/regiaonews.net.br\/2022\/wp-json\/wp\/v2\/posts\/98434\/revisions\/98437"}],"wp:featuredmedia":[{"embeddable":true,"href":"https:\/\/regiaonews.net.br\/2022\/wp-json\/wp\/v2\/media\/98436"}],"wp:attachment":[{"href":"https:\/\/regiaonews.net.br\/2022\/wp-json\/wp\/v2\/media?parent=98434"}],"wp:term":[{"taxonomy":"category","embeddable":true,"href":"https:\/\/regiaonews.net.br\/2022\/wp-json\/wp\/v2\/categories?post=98434"},{"taxonomy":"post_tag","embeddable":true,"href":"https:\/\/regiaonews.net.br\/2022\/wp-json\/wp\/v2\/tags?post=98434"}],"curies":[{"name":"wp","href":"https:\/\/api.w.org\/{rel}","templated":true}]}}