{"id":98431,"date":"2023-11-30T19:18:53","date_gmt":"2023-11-30T22:18:53","guid":{"rendered":"https:\/\/regiaonews.net.br\/2022\/?p=98431"},"modified":"2023-11-30T19:18:53","modified_gmt":"2023-11-30T22:18:53","slug":"secretaria-da-seguranca-publica-doa-armas-para-gcms-de-conchal-cruzeiro-e-monte-alto","status":"publish","type":"post","link":"https:\/\/regiaonews.net.br\/2022\/2023\/11\/30\/secretaria-da-seguranca-publica-doa-armas-para-gcms-de-conchal-cruzeiro-e-monte-alto\/","title":{"rendered":"Secretaria da Seguran\u00e7a P\u00fablica doa armas para GCMs de Conchal, Cruzeiro e Monte Alto"},"content":{"rendered":"<div class=\"col-lg-12 mt-4 justify\">\n<h3 class=\"justify\"><\/h3>\n<\/div>\n<div class=\"col-lg-12 justify\">\n<p>&nbsp;<\/p>\n<\/div>\n<div class=\"col-lg-12 mt-2 justify\">\n<h5 class=\"justify\">Ao todo, 205 pistolas Imbel calibre .40 ser\u00e3o doadas<\/h5>\n<\/div>\n<div class=\"col-lg-12 mt-3 justify\">\n<div>\n<div>A secretaria da Seguran\u00e7a P\u00fablica do Estado de S\u00e3o Paulo (SSP) entregou, nesta quinta-feira (30), 205 armas doadas para as Guardas Civis Municipais das cidades de Conchal, Cruzeiro e Monte Alto. Durante evento realizado no audit\u00f3rio da SSP, o armamento foi entregue para os prefeitos das cidades junto com representantes das GCMs. S\u00e3o todas pistolas Imbel calibre .40, no valor total de R$ 333.040.<\/div>\n<div><\/div>\n<div>\u201cFortalecer o sistema de seguran\u00e7a p\u00fablica, n\u00e3o s\u00f3 Pol\u00edcia Militar, Pol\u00edcia Civil, mas tamb\u00e9m os guardas municipais. O que importa \u00e9 que essas armas estar\u00e3o nas m\u00e3os da GCM para defender a popula\u00e7\u00e3o\u201d, citou o secret\u00e1rio da Seguran\u00e7a P\u00fablica, Guilherme Derrite, durante evento de entrega das armas.<\/div>\n<div><\/div>\n<div>Os processos para as doa\u00e7\u00f5es das armas j\u00e1 foram finalizados e publicados no Di\u00e1rio Oficial. Foram 46 armas para a cidade de Conchal, no valor de R$ 113.180; 70 para Cruzeiro, de R$ 74.420, e 90 para Monte Alto, de R$ 145.440.<\/div>\n<div><\/div>\n<div>O principal motivo da doa\u00e7\u00e3o \u00e9 a substitui\u00e7\u00e3o das armas da Pol\u00edcia Civil, que est\u00e3o sendo trocadas gradativamente. A corpora\u00e7\u00e3o mudou a padroniza\u00e7\u00e3o do armamento e est\u00e1 substituindo as pistolas .40 por armas de calibre 9 mil\u00edmetros. As pistolas em condi\u00e7\u00f5es de uso s\u00e3o doadas \u00e0s Guardas Municipais paulistas. A entrega ficou por conta do Departamento de Administra\u00e7\u00e3o e Planejamento (DAP) da Pol\u00edcia Civil.<\/div>\n<\/div>\n<\/div>\n","protected":false},"excerpt":{"rendered":"<p>&nbsp; Ao todo, 205 pistolas Imbel calibre .40 ser\u00e3o doadas<\/p>\n","protected":false},"author":2,"featured_media":98432,"comment_status":"open","ping_status":"open","sticky":false,"template":"","format":"standard","meta":{"footnotes":""},"categories":[7],"tags":[],"class_list":["post-98431","post","type-post","status-publish","format-standard","has-post-thumbnail","hentry","category-estado-de-sao-paulo"],"yoast_head":"<!-- This site is optimized with the Yoast SEO plugin v27.4 - https:\/\/yoast.com\/product\/yoast-seo-wordpress\/ -->\n<title>Secretaria da Seguran\u00e7a P\u00fablica doa armas para GCMs de Conchal, Cruzeiro e Monte Alto - Regi\u00e3o News<\/title>\n<meta name=\"robots\" content=\"index, follow, max-snippet:-1, max-image-preview:large, max-video-preview:-1\" \/>\n<link rel=\"canonical\" href=\"https:\/\/regiaonews.net.br\/2022\/2023\/11\/30\/secretaria-da-seguranca-publica-doa-armas-para-gcms-de-conchal-cruzeiro-e-monte-alto\/\" \/>\n<meta property=\"og:locale\" content=\"pt_BR\" \/>\n<meta property=\"og:type\" content=\"article\" \/>\n<meta property=\"og:title\" content=\"Secretaria da Seguran\u00e7a P\u00fablica doa armas para GCMs de Conchal, Cruzeiro e Monte Alto - Regi\u00e3o News\" \/>\n<meta property=\"og:description\" content=\"&nbsp; Ao todo, 205 pistolas Imbel calibre .40 ser\u00e3o doadas\" \/>\n<meta property=\"og:url\" content=\"https:\/\/regiaonews.net.br\/2022\/2023\/11\/30\/secretaria-da-seguranca-publica-doa-armas-para-gcms-de-conchal-cruzeiro-e-monte-alto\/\" \/>\n<meta property=\"og:site_name\" content=\"Regi\u00e3o News\" \/>\n<meta property=\"article:published_time\" content=\"2023-11-30T22:18:53+00:00\" \/>\n<meta name=\"author\" content=\"Roberto\" \/>\n<meta name=\"twitter:card\" content=\"summary_large_image\" \/>\n<meta name=\"twitter:label1\" content=\"Escrito por\" \/>\n\t<meta name=\"twitter:data1\" content=\"Roberto\" \/>\n\t<meta name=\"twitter:label2\" content=\"Est. tempo de leitura\" \/>\n\t<meta name=\"twitter:data2\" content=\"2 minutos\" \/>\n<script type=\"application\/ld+json\" class=\"yoast-schema-graph\">{\"@context\":\"https:\\\/\\\/schema.org\",\"@graph\":[{\"@type\":\"Article\",\"@id\":\"https:\\\/\\\/regiaonews.net.br\\\/2022\\\/2023\\\/11\\\/30\\\/secretaria-da-seguranca-publica-doa-armas-para-gcms-de-conchal-cruzeiro-e-monte-alto\\\/#article\",\"isPartOf\":{\"@id\":\"https:\\\/\\\/regiaonews.net.br\\\/2022\\\/2023\\\/11\\\/30\\\/secretaria-da-seguranca-publica-doa-armas-para-gcms-de-conchal-cruzeiro-e-monte-alto\\\/\"},\"author\":{\"name\":\"Roberto\",\"@id\":\"https:\\\/\\\/regiaonews.net.br\\\/2022\\\/#\\\/schema\\\/person\\\/2d205a608a5aa97ac279d7a5e6d89ad8\"},\"headline\":\"Secretaria da Seguran\u00e7a P\u00fablica doa armas para GCMs de Conchal, Cruzeiro e Monte Alto\",\"datePublished\":\"2023-11-30T22:18:53+00:00\",\"mainEntityOfPage\":{\"@id\":\"https:\\\/\\\/regiaonews.net.br\\\/2022\\\/2023\\\/11\\\/30\\\/secretaria-da-seguranca-publica-doa-armas-para-gcms-de-conchal-cruzeiro-e-monte-alto\\\/\"},\"wordCount\":258,\"commentCount\":0,\"publisher\":{\"@id\":\"https:\\\/\\\/regiaonews.net.br\\\/2022\\\/#organization\"},\"image\":{\"@id\":\"https:\\\/\\\/regiaonews.net.br\\\/2022\\\/2023\\\/11\\\/30\\\/secretaria-da-seguranca-publica-doa-armas-para-gcms-de-conchal-cruzeiro-e-monte-alto\\\/#primaryimage\"},\"thumbnailUrl\":\"https:\\\/\\\/regiaonews.net.br\\\/2022\\\/wp-content\\\/uploads\\\/2023\\\/11\\\/00052276.bmp\",\"articleSection\":[\"Estado de S\u00e3o Paulo\"],\"inLanguage\":\"pt-BR\",\"potentialAction\":[{\"@type\":\"CommentAction\",\"name\":\"Comment\",\"target\":[\"https:\\\/\\\/regiaonews.net.br\\\/2022\\\/2023\\\/11\\\/30\\\/secretaria-da-seguranca-publica-doa-armas-para-gcms-de-conchal-cruzeiro-e-monte-alto\\\/#respond\"]}]},{\"@type\":\"WebPage\",\"@id\":\"https:\\\/\\\/regiaonews.net.br\\\/2022\\\/2023\\\/11\\\/30\\\/secretaria-da-seguranca-publica-doa-armas-para-gcms-de-conchal-cruzeiro-e-monte-alto\\\/\",\"url\":\"https:\\\/\\\/regiaonews.net.br\\\/2022\\\/2023\\\/11\\\/30\\\/secretaria-da-seguranca-publica-doa-armas-para-gcms-de-conchal-cruzeiro-e-monte-alto\\\/\",\"name\":\"Secretaria da Seguran\u00e7a P\u00fablica doa armas para GCMs de Conchal, Cruzeiro e Monte Alto - Regi\u00e3o News\",\"isPartOf\":{\"@id\":\"https:\\\/\\\/regiaonews.net.br\\\/2022\\\/#website\"},\"primaryImageOfPage\":{\"@id\":\"https:\\\/\\\/regiaonews.net.br\\\/2022\\\/2023\\\/11\\\/30\\\/secretaria-da-seguranca-publica-doa-armas-para-gcms-de-conchal-cruzeiro-e-monte-alto\\\/#primaryimage\"},\"image\":{\"@id\":\"https:\\\/\\\/regiaonews.net.br\\\/2022\\\/2023\\\/11\\\/30\\\/secretaria-da-seguranca-publica-doa-armas-para-gcms-de-conchal-cruzeiro-e-monte-alto\\\/#primaryimage\"},\"thumbnailUrl\":\"https:\\\/\\\/regiaonews.net.br\\\/2022\\\/wp-content\\\/uploads\\\/2023\\\/11\\\/00052276.bmp\",\"datePublished\":\"2023-11-30T22:18:53+00:00\",\"breadcrumb\":{\"@id\":\"https:\\\/\\\/regiaonews.net.br\\\/2022\\\/2023\\\/11\\\/30\\\/secretaria-da-seguranca-publica-doa-armas-para-gcms-de-conchal-cruzeiro-e-monte-alto\\\/#breadcrumb\"},\"inLanguage\":\"pt-BR\",\"potentialAction\":[{\"@type\":\"ReadAction\",\"target\":[\"https:\\\/\\\/regiaonews.net.br\\\/2022\\\/2023\\\/11\\\/30\\\/secretaria-da-seguranca-publica-doa-armas-para-gcms-de-conchal-cruzeiro-e-monte-alto\\\/\"]}]},{\"@type\":\"ImageObject\",\"inLanguage\":\"pt-BR\",\"@id\":\"https:\\\/\\\/regiaonews.net.br\\\/2022\\\/2023\\\/11\\\/30\\\/secretaria-da-seguranca-publica-doa-armas-para-gcms-de-conchal-cruzeiro-e-monte-alto\\\/#primaryimage\",\"url\":\"https:\\\/\\\/regiaonews.net.br\\\/2022\\\/wp-content\\\/uploads\\\/2023\\\/11\\\/00052276.bmp\",\"contentUrl\":\"https:\\\/\\\/regiaonews.net.br\\\/2022\\\/wp-content\\\/uploads\\\/2023\\\/11\\\/00052276.bmp\",\"width\":380,\"height\":285},{\"@type\":\"BreadcrumbList\",\"@id\":\"https:\\\/\\\/regiaonews.net.br\\\/2022\\\/2023\\\/11\\\/30\\\/secretaria-da-seguranca-publica-doa-armas-para-gcms-de-conchal-cruzeiro-e-monte-alto\\\/#breadcrumb\",\"itemListElement\":[{\"@type\":\"ListItem\",\"position\":1,\"name\":\"In\u00edcio\",\"item\":\"https:\\\/\\\/regiaonews.net.br\\\/2022\\\/\"},{\"@type\":\"ListItem\",\"position\":2,\"name\":\"Secretaria da Seguran\u00e7a P\u00fablica doa armas para GCMs de Conchal, Cruzeiro e Monte Alto\"}]},{\"@type\":\"WebSite\",\"@id\":\"https:\\\/\\\/regiaonews.net.br\\\/2022\\\/#website\",\"url\":\"https:\\\/\\\/regiaonews.net.br\\\/2022\\\/\",\"name\":\"Regi\u00e3o News\",\"description\":\"Site de Not\u00edcias de Barretos e regi\u00e3o\",\"publisher\":{\"@id\":\"https:\\\/\\\/regiaonews.net.br\\\/2022\\\/#organization\"},\"potentialAction\":[{\"@type\":\"SearchAction\",\"target\":{\"@type\":\"EntryPoint\",\"urlTemplate\":\"https:\\\/\\\/regiaonews.net.br\\\/2022\\\/?s={search_term_string}\"},\"query-input\":{\"@type\":\"PropertyValueSpecification\",\"valueRequired\":true,\"valueName\":\"search_term_string\"}}],\"inLanguage\":\"pt-BR\"},{\"@type\":\"Organization\",\"@id\":\"https:\\\/\\\/regiaonews.net.br\\\/2022\\\/#organization\",\"name\":\"Regi\u00e3o News\",\"url\":\"https:\\\/\\\/regiaonews.net.br\\\/2022\\\/\",\"logo\":{\"@type\":\"ImageObject\",\"inLanguage\":\"pt-BR\",\"@id\":\"https:\\\/\\\/regiaonews.net.br\\\/2022\\\/#\\\/schema\\\/logo\\\/image\\\/\",\"url\":\"https:\\\/\\\/regiaonews.net.br\\\/2022\\\/wp-content\\\/uploads\\\/2026\\\/03\\\/regiao-13-anos-scaled.jpg\",\"contentUrl\":\"https:\\\/\\\/regiaonews.net.br\\\/2022\\\/wp-content\\\/uploads\\\/2026\\\/03\\\/regiao-13-anos-scaled.jpg\",\"width\":2560,\"height\":635,\"caption\":\"Regi\u00e3o News\"},\"image\":{\"@id\":\"https:\\\/\\\/regiaonews.net.br\\\/2022\\\/#\\\/schema\\\/logo\\\/image\\\/\"}},{\"@type\":\"Person\",\"@id\":\"https:\\\/\\\/regiaonews.net.br\\\/2022\\\/#\\\/schema\\\/person\\\/2d205a608a5aa97ac279d7a5e6d89ad8\",\"name\":\"Roberto\",\"image\":{\"@type\":\"ImageObject\",\"inLanguage\":\"pt-BR\",\"@id\":\"https:\\\/\\\/secure.gravatar.com\\\/avatar\\\/42749d8b712ff9d59ca93dc150494e5b55a44134482993f5baeb97e61b7ecc89?s=96&d=mm&r=g\",\"url\":\"https:\\\/\\\/secure.gravatar.com\\\/avatar\\\/42749d8b712ff9d59ca93dc150494e5b55a44134482993f5baeb97e61b7ecc89?s=96&d=mm&r=g\",\"contentUrl\":\"https:\\\/\\\/secure.gravatar.com\\\/avatar\\\/42749d8b712ff9d59ca93dc150494e5b55a44134482993f5baeb97e61b7ecc89?s=96&d=mm&r=g\",\"caption\":\"Roberto\"},\"url\":\"https:\\\/\\\/regiaonews.net.br\\\/2022\\\/author\\\/roberto\\\/\"}]}<\/script>\n<!-- \/ Yoast SEO plugin. -->","yoast_head_json":{"title":"Secretaria da Seguran\u00e7a P\u00fablica doa armas para GCMs de Conchal, Cruzeiro e Monte Alto - Regi\u00e3o News","robots":{"index":"index","follow":"follow","max-snippet":"max-snippet:-1","max-image-preview":"max-image-preview:large","max-video-preview":"max-video-preview:-1"},"canonical":"https:\/\/regiaonews.net.br\/2022\/2023\/11\/30\/secretaria-da-seguranca-publica-doa-armas-para-gcms-de-conchal-cruzeiro-e-monte-alto\/","og_locale":"pt_BR","og_type":"article","og_title":"Secretaria da Seguran\u00e7a P\u00fablica doa armas para GCMs de Conchal, Cruzeiro e Monte Alto - Regi\u00e3o News","og_description":"&nbsp; Ao todo, 205 pistolas Imbel calibre .40 ser\u00e3o doadas","og_url":"https:\/\/regiaonews.net.br\/2022\/2023\/11\/30\/secretaria-da-seguranca-publica-doa-armas-para-gcms-de-conchal-cruzeiro-e-monte-alto\/","og_site_name":"Regi\u00e3o News","article_published_time":"2023-11-30T22:18:53+00:00","author":"Roberto","twitter_card":"summary_large_image","twitter_misc":{"Escrito por":"Roberto","Est. tempo de leitura":"2 minutos"},"schema":{"@context":"https:\/\/schema.org","@graph":[{"@type":"Article","@id":"https:\/\/regiaonews.net.br\/2022\/2023\/11\/30\/secretaria-da-seguranca-publica-doa-armas-para-gcms-de-conchal-cruzeiro-e-monte-alto\/#article","isPartOf":{"@id":"https:\/\/regiaonews.net.br\/2022\/2023\/11\/30\/secretaria-da-seguranca-publica-doa-armas-para-gcms-de-conchal-cruzeiro-e-monte-alto\/"},"author":{"name":"Roberto","@id":"https:\/\/regiaonews.net.br\/2022\/#\/schema\/person\/2d205a608a5aa97ac279d7a5e6d89ad8"},"headline":"Secretaria da Seguran\u00e7a P\u00fablica doa armas para GCMs de Conchal, Cruzeiro e Monte Alto","datePublished":"2023-11-30T22:18:53+00:00","mainEntityOfPage":{"@id":"https:\/\/regiaonews.net.br\/2022\/2023\/11\/30\/secretaria-da-seguranca-publica-doa-armas-para-gcms-de-conchal-cruzeiro-e-monte-alto\/"},"wordCount":258,"commentCount":0,"publisher":{"@id":"https:\/\/regiaonews.net.br\/2022\/#organization"},"image":{"@id":"https:\/\/regiaonews.net.br\/2022\/2023\/11\/30\/secretaria-da-seguranca-publica-doa-armas-para-gcms-de-conchal-cruzeiro-e-monte-alto\/#primaryimage"},"thumbnailUrl":"https:\/\/regiaonews.net.br\/2022\/wp-content\/uploads\/2023\/11\/00052276.bmp","articleSection":["Estado de S\u00e3o Paulo"],"inLanguage":"pt-BR","potentialAction":[{"@type":"CommentAction","name":"Comment","target":["https:\/\/regiaonews.net.br\/2022\/2023\/11\/30\/secretaria-da-seguranca-publica-doa-armas-para-gcms-de-conchal-cruzeiro-e-monte-alto\/#respond"]}]},{"@type":"WebPage","@id":"https:\/\/regiaonews.net.br\/2022\/2023\/11\/30\/secretaria-da-seguranca-publica-doa-armas-para-gcms-de-conchal-cruzeiro-e-monte-alto\/","url":"https:\/\/regiaonews.net.br\/2022\/2023\/11\/30\/secretaria-da-seguranca-publica-doa-armas-para-gcms-de-conchal-cruzeiro-e-monte-alto\/","name":"Secretaria da Seguran\u00e7a P\u00fablica doa armas para GCMs de Conchal, Cruzeiro e Monte Alto - Regi\u00e3o News","isPartOf":{"@id":"https:\/\/regiaonews.net.br\/2022\/#website"},"primaryImageOfPage":{"@id":"https:\/\/regiaonews.net.br\/2022\/2023\/11\/30\/secretaria-da-seguranca-publica-doa-armas-para-gcms-de-conchal-cruzeiro-e-monte-alto\/#primaryimage"},"image":{"@id":"https:\/\/regiaonews.net.br\/2022\/2023\/11\/30\/secretaria-da-seguranca-publica-doa-armas-para-gcms-de-conchal-cruzeiro-e-monte-alto\/#primaryimage"},"thumbnailUrl":"https:\/\/regiaonews.net.br\/2022\/wp-content\/uploads\/2023\/11\/00052276.bmp","datePublished":"2023-11-30T22:18:53+00:00","breadcrumb":{"@id":"https:\/\/regiaonews.net.br\/2022\/2023\/11\/30\/secretaria-da-seguranca-publica-doa-armas-para-gcms-de-conchal-cruzeiro-e-monte-alto\/#breadcrumb"},"inLanguage":"pt-BR","potentialAction":[{"@type":"ReadAction","target":["https:\/\/regiaonews.net.br\/2022\/2023\/11\/30\/secretaria-da-seguranca-publica-doa-armas-para-gcms-de-conchal-cruzeiro-e-monte-alto\/"]}]},{"@type":"ImageObject","inLanguage":"pt-BR","@id":"https:\/\/regiaonews.net.br\/2022\/2023\/11\/30\/secretaria-da-seguranca-publica-doa-armas-para-gcms-de-conchal-cruzeiro-e-monte-alto\/#primaryimage","url":"https:\/\/regiaonews.net.br\/2022\/wp-content\/uploads\/2023\/11\/00052276.bmp","contentUrl":"https:\/\/regiaonews.net.br\/2022\/wp-content\/uploads\/2023\/11\/00052276.bmp","width":380,"height":285},{"@type":"BreadcrumbList","@id":"https:\/\/regiaonews.net.br\/2022\/2023\/11\/30\/secretaria-da-seguranca-publica-doa-armas-para-gcms-de-conchal-cruzeiro-e-monte-alto\/#breadcrumb","itemListElement":[{"@type":"ListItem","position":1,"name":"In\u00edcio","item":"https:\/\/regiaonews.net.br\/2022\/"},{"@type":"ListItem","position":2,"name":"Secretaria da Seguran\u00e7a P\u00fablica doa armas para GCMs de Conchal, Cruzeiro e Monte Alto"}]},{"@type":"WebSite","@id":"https:\/\/regiaonews.net.br\/2022\/#website","url":"https:\/\/regiaonews.net.br\/2022\/","name":"Regi\u00e3o News","description":"Site de Not\u00edcias de Barretos e regi\u00e3o","publisher":{"@id":"https:\/\/regiaonews.net.br\/2022\/#organization"},"potentialAction":[{"@type":"SearchAction","target":{"@type":"EntryPoint","urlTemplate":"https:\/\/regiaonews.net.br\/2022\/?s={search_term_string}"},"query-input":{"@type":"PropertyValueSpecification","valueRequired":true,"valueName":"search_term_string"}}],"inLanguage":"pt-BR"},{"@type":"Organization","@id":"https:\/\/regiaonews.net.br\/2022\/#organization","name":"Regi\u00e3o News","url":"https:\/\/regiaonews.net.br\/2022\/","logo":{"@type":"ImageObject","inLanguage":"pt-BR","@id":"https:\/\/regiaonews.net.br\/2022\/#\/schema\/logo\/image\/","url":"https:\/\/regiaonews.net.br\/2022\/wp-content\/uploads\/2026\/03\/regiao-13-anos-scaled.jpg","contentUrl":"https:\/\/regiaonews.net.br\/2022\/wp-content\/uploads\/2026\/03\/regiao-13-anos-scaled.jpg","width":2560,"height":635,"caption":"Regi\u00e3o News"},"image":{"@id":"https:\/\/regiaonews.net.br\/2022\/#\/schema\/logo\/image\/"}},{"@type":"Person","@id":"https:\/\/regiaonews.net.br\/2022\/#\/schema\/person\/2d205a608a5aa97ac279d7a5e6d89ad8","name":"Roberto","image":{"@type":"ImageObject","inLanguage":"pt-BR","@id":"https:\/\/secure.gravatar.com\/avatar\/42749d8b712ff9d59ca93dc150494e5b55a44134482993f5baeb97e61b7ecc89?s=96&d=mm&r=g","url":"https:\/\/secure.gravatar.com\/avatar\/42749d8b712ff9d59ca93dc150494e5b55a44134482993f5baeb97e61b7ecc89?s=96&d=mm&r=g","contentUrl":"https:\/\/secure.gravatar.com\/avatar\/42749d8b712ff9d59ca93dc150494e5b55a44134482993f5baeb97e61b7ecc89?s=96&d=mm&r=g","caption":"Roberto"},"url":"https:\/\/regiaonews.net.br\/2022\/author\/roberto\/"}]}},"publishpress_future_action":{"enabled":false,"date":"2026-05-04 08:56:10","action":"change-status","newStatus":"draft","terms":[],"taxonomy":"category","extraData":[]},"publishpress_future_workflow_manual_trigger":{"enabledWorkflows":[]},"_links":{"self":[{"href":"https:\/\/regiaonews.net.br\/2022\/wp-json\/wp\/v2\/posts\/98431","targetHints":{"allow":["GET"]}}],"collection":[{"href":"https:\/\/regiaonews.net.br\/2022\/wp-json\/wp\/v2\/posts"}],"about":[{"href":"https:\/\/regiaonews.net.br\/2022\/wp-json\/wp\/v2\/types\/post"}],"author":[{"embeddable":true,"href":"https:\/\/regiaonews.net.br\/2022\/wp-json\/wp\/v2\/users\/2"}],"replies":[{"embeddable":true,"href":"https:\/\/regiaonews.net.br\/2022\/wp-json\/wp\/v2\/comments?post=98431"}],"version-history":[{"count":1,"href":"https:\/\/regiaonews.net.br\/2022\/wp-json\/wp\/v2\/posts\/98431\/revisions"}],"predecessor-version":[{"id":98433,"href":"https:\/\/regiaonews.net.br\/2022\/wp-json\/wp\/v2\/posts\/98431\/revisions\/98433"}],"wp:featuredmedia":[{"embeddable":true,"href":"https:\/\/regiaonews.net.br\/2022\/wp-json\/wp\/v2\/media\/98432"}],"wp:attachment":[{"href":"https:\/\/regiaonews.net.br\/2022\/wp-json\/wp\/v2\/media?parent=98431"}],"wp:term":[{"taxonomy":"category","embeddable":true,"href":"https:\/\/regiaonews.net.br\/2022\/wp-json\/wp\/v2\/categories?post=98431"},{"taxonomy":"post_tag","embeddable":true,"href":"https:\/\/regiaonews.net.br\/2022\/wp-json\/wp\/v2\/tags?post=98431"}],"curies":[{"name":"wp","href":"https:\/\/api.w.org\/{rel}","templated":true}]}}