{"id":98414,"date":"2023-11-30T17:43:40","date_gmt":"2023-11-30T20:43:40","guid":{"rendered":"https:\/\/regiaonews.net.br\/2022\/?p=98414"},"modified":"2023-11-30T17:43:40","modified_gmt":"2023-11-30T20:43:40","slug":"prefeito-de-ribeirao-e-eleito-para-comissao-executiva-nacional-do-psdb","status":"publish","type":"post","link":"https:\/\/regiaonews.net.br\/2022\/2023\/11\/30\/prefeito-de-ribeirao-e-eleito-para-comissao-executiva-nacional-do-psdb\/","title":{"rendered":"Prefeito de Ribeir\u00e3o \u00e9 eleito para  Comiss\u00e3o Executiva Nacional do PSDB"},"content":{"rendered":"<p>Prefeito de Ribeir\u00e3o Preto, Duarte Nogueira, \u00e9 eleito 2\u00ba vice-presidente (Foto &#8211; Guilherme Sircili)<\/p>\n<p>Nesta quinta-feira, 30, a Comiss\u00e3o Executiva Nacional do PSDB elegeu sua nova lideran\u00e7a para o bi\u00eanio 2023\/2025, e entre os destacados membros est\u00e1 Duarte Nogueira, prefeito de Ribeir\u00e3o Preto, que assume a posi\u00e7\u00e3o de 2\u00ba Vice-Presidente.<br \/>\nEleitos<br \/>\nO ex-Presidente da Rep\u00fablica, Fernando Henrique Cardoso, assume como Presidente de Honra, enquanto Marconi Ferreira Perillo assume a presid\u00eancia.<br \/>\nOs membros eleitos incluem a 1\u00aa Vice-Presidente, Paula Mascarenhas, e o 2\u00ba Vice-Presidente, Duarte Nogueira, atual prefeito de Ribeir\u00e3o Preto. A lideran\u00e7a se estende com not\u00e1veis nomes como Eduardo Leite, Eduardo Riedel, Raquel Lyra, Beto Richa, Geovania de S\u00e1 e Marcos Vieira.<br \/>\nA Secretaria-Geral fica a cargo de Paulo Abi-Akel, com Pedro Cunha Lima e Savio Neves como 1\u00ba e 2\u00ba Secret\u00e1rios, respectivamente. Reinaldo Azambuja assume como Tesoureiro, tendo Micheli Petri como Tesoureiro Adjunto.<br \/>\nA representatividade na C\u00e2mara dos Deputados \u00e9 confiado a Dep. Adolfo Viana como L\u00edder. Entre os Membros Efetivos da Executiva est\u00e3o Izalci Lucas, Plinio Valerio, Paulo Serra, Nilson Leit\u00e3o, Hildon Chaves, Lena Pinto, Sebasti\u00e3o Madeira, Pedro Vilela, Debora Louse e Luiz Carlos.<br \/>\nA tradi\u00e7\u00e3o e experi\u00eancia s\u00e3o mantidas com a presen\u00e7a de ex-Presidentes como Fernando Henrique Cardoso, Pimenta da Veiga, Teot\u00f4nio Vilela, Jos\u00e9 An\u00edbal, Jos\u00e9 Serra, Eduardo Azeredo, Tasso Jereissati, A\u00e9cio Neves, Bruno Ara\u00fajo e Eduardo Leite.<br \/>\nOs suplentes incluem Luiz Paulo Veloso Lucas, Thelma Oliveira, Moema S\u00e3o Thiago, Ava Santiago, Luciano Neves, Sergio Fernandes Ferreira e Virg\u00edlio Melo.<br \/>\nNo Secretariado, destaca-se Cinthia Ribeiro que assume o Secretariado Nacional PSDB\/Mulher, Rodrigo Rizzo na Juventude, Gabriela Cruz no Tucanafro, e Edgar de Souza na pasta de Diversidade.<\/p>\n","protected":false},"excerpt":{"rendered":"<p>Prefeito de Ribeir\u00e3o Preto, Duarte Nogueira, \u00e9 eleito 2\u00ba vice-presidente<\/p>\n","protected":false},"author":2,"featured_media":98415,"comment_status":"open","ping_status":"open","sticky":false,"template":"","format":"standard","meta":{"footnotes":""},"categories":[24,22],"tags":[],"class_list":["post-98414","post","type-post","status-publish","format-standard","has-post-thumbnail","hentry","category-brasil","category-politica"],"yoast_head":"<!-- This site is optimized with the Yoast SEO plugin v27.4 - https:\/\/yoast.com\/product\/yoast-seo-wordpress\/ -->\n<title>Prefeito de Ribeir\u00e3o \u00e9 eleito para Comiss\u00e3o Executiva Nacional<\/title>\n<meta name=\"description\" content=\"Nesta quinta-feira, 30, a Comiss\u00e3o Executiva Nacional do PSDB elegeu sua nova lideran\u00e7a para o bi\u00eanio 2023\/2025, e entre os destacados\" \/>\n<meta name=\"robots\" content=\"index, follow, max-snippet:-1, max-image-preview:large, max-video-preview:-1\" \/>\n<link rel=\"canonical\" href=\"https:\/\/regiaonews.net.br\/2022\/2023\/11\/30\/prefeito-de-ribeirao-e-eleito-para-comissao-executiva-nacional-do-psdb\/\" \/>\n<meta property=\"og:locale\" content=\"pt_BR\" \/>\n<meta property=\"og:type\" content=\"article\" \/>\n<meta property=\"og:title\" content=\"Prefeito de Ribeir\u00e3o \u00e9 eleito para Comiss\u00e3o Executiva Nacional\" \/>\n<meta property=\"og:description\" content=\"Nesta quinta-feira, 30, a Comiss\u00e3o Executiva Nacional do PSDB elegeu sua nova lideran\u00e7a para o bi\u00eanio 2023\/2025, e entre os destacados\" \/>\n<meta property=\"og:url\" content=\"https:\/\/regiaonews.net.br\/2022\/2023\/11\/30\/prefeito-de-ribeirao-e-eleito-para-comissao-executiva-nacional-do-psdb\/\" \/>\n<meta property=\"og:site_name\" content=\"Regi\u00e3o News\" \/>\n<meta property=\"article:published_time\" content=\"2023-11-30T20:43:40+00:00\" \/>\n<meta property=\"og:image\" content=\"https:\/\/regiaonews.net.br\/2022\/wp-content\/uploads\/2023\/11\/PALESTRA-PREFEITO-Foto-Guilherme-Sircili-scaled.jpg\" \/>\n\t<meta property=\"og:image:width\" content=\"2560\" \/>\n\t<meta property=\"og:image:height\" content=\"1703\" \/>\n\t<meta property=\"og:image:type\" content=\"image\/jpeg\" \/>\n<meta name=\"author\" content=\"Roberto\" \/>\n<meta name=\"twitter:card\" content=\"summary_large_image\" \/>\n<meta name=\"twitter:label1\" content=\"Escrito por\" \/>\n\t<meta name=\"twitter:data1\" content=\"Roberto\" \/>\n\t<meta name=\"twitter:label2\" content=\"Est. tempo de leitura\" \/>\n\t<meta name=\"twitter:data2\" content=\"2 minutos\" \/>\n<script type=\"application\/ld+json\" class=\"yoast-schema-graph\">{\"@context\":\"https:\\\/\\\/schema.org\",\"@graph\":[{\"@type\":\"Article\",\"@id\":\"https:\\\/\\\/regiaonews.net.br\\\/2022\\\/2023\\\/11\\\/30\\\/prefeito-de-ribeirao-e-eleito-para-comissao-executiva-nacional-do-psdb\\\/#article\",\"isPartOf\":{\"@id\":\"https:\\\/\\\/regiaonews.net.br\\\/2022\\\/2023\\\/11\\\/30\\\/prefeito-de-ribeirao-e-eleito-para-comissao-executiva-nacional-do-psdb\\\/\"},\"author\":{\"name\":\"Roberto\",\"@id\":\"https:\\\/\\\/regiaonews.net.br\\\/2022\\\/#\\\/schema\\\/person\\\/2d205a608a5aa97ac279d7a5e6d89ad8\"},\"headline\":\"Prefeito de Ribeir\u00e3o \u00e9 eleito para Comiss\u00e3o Executiva Nacional do PSDB\",\"datePublished\":\"2023-11-30T20:43:40+00:00\",\"mainEntityOfPage\":{\"@id\":\"https:\\\/\\\/regiaonews.net.br\\\/2022\\\/2023\\\/11\\\/30\\\/prefeito-de-ribeirao-e-eleito-para-comissao-executiva-nacional-do-psdb\\\/\"},\"wordCount\":300,\"commentCount\":0,\"publisher\":{\"@id\":\"https:\\\/\\\/regiaonews.net.br\\\/2022\\\/#organization\"},\"image\":{\"@id\":\"https:\\\/\\\/regiaonews.net.br\\\/2022\\\/2023\\\/11\\\/30\\\/prefeito-de-ribeirao-e-eleito-para-comissao-executiva-nacional-do-psdb\\\/#primaryimage\"},\"thumbnailUrl\":\"https:\\\/\\\/regiaonews.net.br\\\/2022\\\/wp-content\\\/uploads\\\/2023\\\/11\\\/PALESTRA-PREFEITO-Foto-Guilherme-Sircili-scaled.jpg\",\"articleSection\":[\"Brasil\",\"Pol\u00edtica\"],\"inLanguage\":\"pt-BR\",\"potentialAction\":[{\"@type\":\"CommentAction\",\"name\":\"Comment\",\"target\":[\"https:\\\/\\\/regiaonews.net.br\\\/2022\\\/2023\\\/11\\\/30\\\/prefeito-de-ribeirao-e-eleito-para-comissao-executiva-nacional-do-psdb\\\/#respond\"]}]},{\"@type\":\"WebPage\",\"@id\":\"https:\\\/\\\/regiaonews.net.br\\\/2022\\\/2023\\\/11\\\/30\\\/prefeito-de-ribeirao-e-eleito-para-comissao-executiva-nacional-do-psdb\\\/\",\"url\":\"https:\\\/\\\/regiaonews.net.br\\\/2022\\\/2023\\\/11\\\/30\\\/prefeito-de-ribeirao-e-eleito-para-comissao-executiva-nacional-do-psdb\\\/\",\"name\":\"Prefeito de Ribeir\u00e3o \u00e9 eleito para Comiss\u00e3o Executiva Nacional\",\"isPartOf\":{\"@id\":\"https:\\\/\\\/regiaonews.net.br\\\/2022\\\/#website\"},\"primaryImageOfPage\":{\"@id\":\"https:\\\/\\\/regiaonews.net.br\\\/2022\\\/2023\\\/11\\\/30\\\/prefeito-de-ribeirao-e-eleito-para-comissao-executiva-nacional-do-psdb\\\/#primaryimage\"},\"image\":{\"@id\":\"https:\\\/\\\/regiaonews.net.br\\\/2022\\\/2023\\\/11\\\/30\\\/prefeito-de-ribeirao-e-eleito-para-comissao-executiva-nacional-do-psdb\\\/#primaryimage\"},\"thumbnailUrl\":\"https:\\\/\\\/regiaonews.net.br\\\/2022\\\/wp-content\\\/uploads\\\/2023\\\/11\\\/PALESTRA-PREFEITO-Foto-Guilherme-Sircili-scaled.jpg\",\"datePublished\":\"2023-11-30T20:43:40+00:00\",\"description\":\"Nesta quinta-feira, 30, a Comiss\u00e3o Executiva Nacional do PSDB elegeu sua nova lideran\u00e7a para o bi\u00eanio 2023\\\/2025, e entre os destacados\",\"breadcrumb\":{\"@id\":\"https:\\\/\\\/regiaonews.net.br\\\/2022\\\/2023\\\/11\\\/30\\\/prefeito-de-ribeirao-e-eleito-para-comissao-executiva-nacional-do-psdb\\\/#breadcrumb\"},\"inLanguage\":\"pt-BR\",\"potentialAction\":[{\"@type\":\"ReadAction\",\"target\":[\"https:\\\/\\\/regiaonews.net.br\\\/2022\\\/2023\\\/11\\\/30\\\/prefeito-de-ribeirao-e-eleito-para-comissao-executiva-nacional-do-psdb\\\/\"]}]},{\"@type\":\"ImageObject\",\"inLanguage\":\"pt-BR\",\"@id\":\"https:\\\/\\\/regiaonews.net.br\\\/2022\\\/2023\\\/11\\\/30\\\/prefeito-de-ribeirao-e-eleito-para-comissao-executiva-nacional-do-psdb\\\/#primaryimage\",\"url\":\"https:\\\/\\\/regiaonews.net.br\\\/2022\\\/wp-content\\\/uploads\\\/2023\\\/11\\\/PALESTRA-PREFEITO-Foto-Guilherme-Sircili-scaled.jpg\",\"contentUrl\":\"https:\\\/\\\/regiaonews.net.br\\\/2022\\\/wp-content\\\/uploads\\\/2023\\\/11\\\/PALESTRA-PREFEITO-Foto-Guilherme-Sircili-scaled.jpg\",\"width\":2560,\"height\":1703},{\"@type\":\"BreadcrumbList\",\"@id\":\"https:\\\/\\\/regiaonews.net.br\\\/2022\\\/2023\\\/11\\\/30\\\/prefeito-de-ribeirao-e-eleito-para-comissao-executiva-nacional-do-psdb\\\/#breadcrumb\",\"itemListElement\":[{\"@type\":\"ListItem\",\"position\":1,\"name\":\"In\u00edcio\",\"item\":\"https:\\\/\\\/regiaonews.net.br\\\/2022\\\/\"},{\"@type\":\"ListItem\",\"position\":2,\"name\":\"Prefeito de Ribeir\u00e3o \u00e9 eleito para Comiss\u00e3o Executiva Nacional do PSDB\"}]},{\"@type\":\"WebSite\",\"@id\":\"https:\\\/\\\/regiaonews.net.br\\\/2022\\\/#website\",\"url\":\"https:\\\/\\\/regiaonews.net.br\\\/2022\\\/\",\"name\":\"Regi\u00e3o News\",\"description\":\"Site de Not\u00edcias de Barretos e regi\u00e3o\",\"publisher\":{\"@id\":\"https:\\\/\\\/regiaonews.net.br\\\/2022\\\/#organization\"},\"potentialAction\":[{\"@type\":\"SearchAction\",\"target\":{\"@type\":\"EntryPoint\",\"urlTemplate\":\"https:\\\/\\\/regiaonews.net.br\\\/2022\\\/?s={search_term_string}\"},\"query-input\":{\"@type\":\"PropertyValueSpecification\",\"valueRequired\":true,\"valueName\":\"search_term_string\"}}],\"inLanguage\":\"pt-BR\"},{\"@type\":\"Organization\",\"@id\":\"https:\\\/\\\/regiaonews.net.br\\\/2022\\\/#organization\",\"name\":\"Regi\u00e3o News\",\"url\":\"https:\\\/\\\/regiaonews.net.br\\\/2022\\\/\",\"logo\":{\"@type\":\"ImageObject\",\"inLanguage\":\"pt-BR\",\"@id\":\"https:\\\/\\\/regiaonews.net.br\\\/2022\\\/#\\\/schema\\\/logo\\\/image\\\/\",\"url\":\"https:\\\/\\\/regiaonews.net.br\\\/2022\\\/wp-content\\\/uploads\\\/2026\\\/03\\\/regiao-13-anos-scaled.jpg\",\"contentUrl\":\"https:\\\/\\\/regiaonews.net.br\\\/2022\\\/wp-content\\\/uploads\\\/2026\\\/03\\\/regiao-13-anos-scaled.jpg\",\"width\":2560,\"height\":635,\"caption\":\"Regi\u00e3o News\"},\"image\":{\"@id\":\"https:\\\/\\\/regiaonews.net.br\\\/2022\\\/#\\\/schema\\\/logo\\\/image\\\/\"}},{\"@type\":\"Person\",\"@id\":\"https:\\\/\\\/regiaonews.net.br\\\/2022\\\/#\\\/schema\\\/person\\\/2d205a608a5aa97ac279d7a5e6d89ad8\",\"name\":\"Roberto\",\"image\":{\"@type\":\"ImageObject\",\"inLanguage\":\"pt-BR\",\"@id\":\"https:\\\/\\\/secure.gravatar.com\\\/avatar\\\/42749d8b712ff9d59ca93dc150494e5b55a44134482993f5baeb97e61b7ecc89?s=96&d=mm&r=g\",\"url\":\"https:\\\/\\\/secure.gravatar.com\\\/avatar\\\/42749d8b712ff9d59ca93dc150494e5b55a44134482993f5baeb97e61b7ecc89?s=96&d=mm&r=g\",\"contentUrl\":\"https:\\\/\\\/secure.gravatar.com\\\/avatar\\\/42749d8b712ff9d59ca93dc150494e5b55a44134482993f5baeb97e61b7ecc89?s=96&d=mm&r=g\",\"caption\":\"Roberto\"},\"url\":\"https:\\\/\\\/regiaonews.net.br\\\/2022\\\/author\\\/roberto\\\/\"}]}<\/script>\n<!-- \/ Yoast SEO plugin. -->","yoast_head_json":{"title":"Prefeito de Ribeir\u00e3o \u00e9 eleito para Comiss\u00e3o Executiva Nacional","description":"Nesta quinta-feira, 30, a Comiss\u00e3o Executiva Nacional do PSDB elegeu sua nova lideran\u00e7a para o bi\u00eanio 2023\/2025, e entre os destacados","robots":{"index":"index","follow":"follow","max-snippet":"max-snippet:-1","max-image-preview":"max-image-preview:large","max-video-preview":"max-video-preview:-1"},"canonical":"https:\/\/regiaonews.net.br\/2022\/2023\/11\/30\/prefeito-de-ribeirao-e-eleito-para-comissao-executiva-nacional-do-psdb\/","og_locale":"pt_BR","og_type":"article","og_title":"Prefeito de Ribeir\u00e3o \u00e9 eleito para Comiss\u00e3o Executiva Nacional","og_description":"Nesta quinta-feira, 30, a Comiss\u00e3o Executiva Nacional do PSDB elegeu sua nova lideran\u00e7a para o bi\u00eanio 2023\/2025, e entre os destacados","og_url":"https:\/\/regiaonews.net.br\/2022\/2023\/11\/30\/prefeito-de-ribeirao-e-eleito-para-comissao-executiva-nacional-do-psdb\/","og_site_name":"Regi\u00e3o News","article_published_time":"2023-11-30T20:43:40+00:00","og_image":[{"width":2560,"height":1703,"url":"https:\/\/regiaonews.net.br\/2022\/wp-content\/uploads\/2023\/11\/PALESTRA-PREFEITO-Foto-Guilherme-Sircili-scaled.jpg","type":"image\/jpeg"}],"author":"Roberto","twitter_card":"summary_large_image","twitter_misc":{"Escrito por":"Roberto","Est. tempo de leitura":"2 minutos"},"schema":{"@context":"https:\/\/schema.org","@graph":[{"@type":"Article","@id":"https:\/\/regiaonews.net.br\/2022\/2023\/11\/30\/prefeito-de-ribeirao-e-eleito-para-comissao-executiva-nacional-do-psdb\/#article","isPartOf":{"@id":"https:\/\/regiaonews.net.br\/2022\/2023\/11\/30\/prefeito-de-ribeirao-e-eleito-para-comissao-executiva-nacional-do-psdb\/"},"author":{"name":"Roberto","@id":"https:\/\/regiaonews.net.br\/2022\/#\/schema\/person\/2d205a608a5aa97ac279d7a5e6d89ad8"},"headline":"Prefeito de Ribeir\u00e3o \u00e9 eleito para Comiss\u00e3o Executiva Nacional do PSDB","datePublished":"2023-11-30T20:43:40+00:00","mainEntityOfPage":{"@id":"https:\/\/regiaonews.net.br\/2022\/2023\/11\/30\/prefeito-de-ribeirao-e-eleito-para-comissao-executiva-nacional-do-psdb\/"},"wordCount":300,"commentCount":0,"publisher":{"@id":"https:\/\/regiaonews.net.br\/2022\/#organization"},"image":{"@id":"https:\/\/regiaonews.net.br\/2022\/2023\/11\/30\/prefeito-de-ribeirao-e-eleito-para-comissao-executiva-nacional-do-psdb\/#primaryimage"},"thumbnailUrl":"https:\/\/regiaonews.net.br\/2022\/wp-content\/uploads\/2023\/11\/PALESTRA-PREFEITO-Foto-Guilherme-Sircili-scaled.jpg","articleSection":["Brasil","Pol\u00edtica"],"inLanguage":"pt-BR","potentialAction":[{"@type":"CommentAction","name":"Comment","target":["https:\/\/regiaonews.net.br\/2022\/2023\/11\/30\/prefeito-de-ribeirao-e-eleito-para-comissao-executiva-nacional-do-psdb\/#respond"]}]},{"@type":"WebPage","@id":"https:\/\/regiaonews.net.br\/2022\/2023\/11\/30\/prefeito-de-ribeirao-e-eleito-para-comissao-executiva-nacional-do-psdb\/","url":"https:\/\/regiaonews.net.br\/2022\/2023\/11\/30\/prefeito-de-ribeirao-e-eleito-para-comissao-executiva-nacional-do-psdb\/","name":"Prefeito de Ribeir\u00e3o \u00e9 eleito para Comiss\u00e3o Executiva Nacional","isPartOf":{"@id":"https:\/\/regiaonews.net.br\/2022\/#website"},"primaryImageOfPage":{"@id":"https:\/\/regiaonews.net.br\/2022\/2023\/11\/30\/prefeito-de-ribeirao-e-eleito-para-comissao-executiva-nacional-do-psdb\/#primaryimage"},"image":{"@id":"https:\/\/regiaonews.net.br\/2022\/2023\/11\/30\/prefeito-de-ribeirao-e-eleito-para-comissao-executiva-nacional-do-psdb\/#primaryimage"},"thumbnailUrl":"https:\/\/regiaonews.net.br\/2022\/wp-content\/uploads\/2023\/11\/PALESTRA-PREFEITO-Foto-Guilherme-Sircili-scaled.jpg","datePublished":"2023-11-30T20:43:40+00:00","description":"Nesta quinta-feira, 30, a Comiss\u00e3o Executiva Nacional do PSDB elegeu sua nova lideran\u00e7a para o bi\u00eanio 2023\/2025, e entre os destacados","breadcrumb":{"@id":"https:\/\/regiaonews.net.br\/2022\/2023\/11\/30\/prefeito-de-ribeirao-e-eleito-para-comissao-executiva-nacional-do-psdb\/#breadcrumb"},"inLanguage":"pt-BR","potentialAction":[{"@type":"ReadAction","target":["https:\/\/regiaonews.net.br\/2022\/2023\/11\/30\/prefeito-de-ribeirao-e-eleito-para-comissao-executiva-nacional-do-psdb\/"]}]},{"@type":"ImageObject","inLanguage":"pt-BR","@id":"https:\/\/regiaonews.net.br\/2022\/2023\/11\/30\/prefeito-de-ribeirao-e-eleito-para-comissao-executiva-nacional-do-psdb\/#primaryimage","url":"https:\/\/regiaonews.net.br\/2022\/wp-content\/uploads\/2023\/11\/PALESTRA-PREFEITO-Foto-Guilherme-Sircili-scaled.jpg","contentUrl":"https:\/\/regiaonews.net.br\/2022\/wp-content\/uploads\/2023\/11\/PALESTRA-PREFEITO-Foto-Guilherme-Sircili-scaled.jpg","width":2560,"height":1703},{"@type":"BreadcrumbList","@id":"https:\/\/regiaonews.net.br\/2022\/2023\/11\/30\/prefeito-de-ribeirao-e-eleito-para-comissao-executiva-nacional-do-psdb\/#breadcrumb","itemListElement":[{"@type":"ListItem","position":1,"name":"In\u00edcio","item":"https:\/\/regiaonews.net.br\/2022\/"},{"@type":"ListItem","position":2,"name":"Prefeito de Ribeir\u00e3o \u00e9 eleito para Comiss\u00e3o Executiva Nacional do PSDB"}]},{"@type":"WebSite","@id":"https:\/\/regiaonews.net.br\/2022\/#website","url":"https:\/\/regiaonews.net.br\/2022\/","name":"Regi\u00e3o News","description":"Site de Not\u00edcias de Barretos e regi\u00e3o","publisher":{"@id":"https:\/\/regiaonews.net.br\/2022\/#organization"},"potentialAction":[{"@type":"SearchAction","target":{"@type":"EntryPoint","urlTemplate":"https:\/\/regiaonews.net.br\/2022\/?s={search_term_string}"},"query-input":{"@type":"PropertyValueSpecification","valueRequired":true,"valueName":"search_term_string"}}],"inLanguage":"pt-BR"},{"@type":"Organization","@id":"https:\/\/regiaonews.net.br\/2022\/#organization","name":"Regi\u00e3o News","url":"https:\/\/regiaonews.net.br\/2022\/","logo":{"@type":"ImageObject","inLanguage":"pt-BR","@id":"https:\/\/regiaonews.net.br\/2022\/#\/schema\/logo\/image\/","url":"https:\/\/regiaonews.net.br\/2022\/wp-content\/uploads\/2026\/03\/regiao-13-anos-scaled.jpg","contentUrl":"https:\/\/regiaonews.net.br\/2022\/wp-content\/uploads\/2026\/03\/regiao-13-anos-scaled.jpg","width":2560,"height":635,"caption":"Regi\u00e3o News"},"image":{"@id":"https:\/\/regiaonews.net.br\/2022\/#\/schema\/logo\/image\/"}},{"@type":"Person","@id":"https:\/\/regiaonews.net.br\/2022\/#\/schema\/person\/2d205a608a5aa97ac279d7a5e6d89ad8","name":"Roberto","image":{"@type":"ImageObject","inLanguage":"pt-BR","@id":"https:\/\/secure.gravatar.com\/avatar\/42749d8b712ff9d59ca93dc150494e5b55a44134482993f5baeb97e61b7ecc89?s=96&d=mm&r=g","url":"https:\/\/secure.gravatar.com\/avatar\/42749d8b712ff9d59ca93dc150494e5b55a44134482993f5baeb97e61b7ecc89?s=96&d=mm&r=g","contentUrl":"https:\/\/secure.gravatar.com\/avatar\/42749d8b712ff9d59ca93dc150494e5b55a44134482993f5baeb97e61b7ecc89?s=96&d=mm&r=g","caption":"Roberto"},"url":"https:\/\/regiaonews.net.br\/2022\/author\/roberto\/"}]}},"publishpress_future_action":{"enabled":false,"date":"2026-05-04 12:18:52","action":"change-status","newStatus":"draft","terms":[],"taxonomy":"category","extraData":[]},"publishpress_future_workflow_manual_trigger":{"enabledWorkflows":[]},"_links":{"self":[{"href":"https:\/\/regiaonews.net.br\/2022\/wp-json\/wp\/v2\/posts\/98414","targetHints":{"allow":["GET"]}}],"collection":[{"href":"https:\/\/regiaonews.net.br\/2022\/wp-json\/wp\/v2\/posts"}],"about":[{"href":"https:\/\/regiaonews.net.br\/2022\/wp-json\/wp\/v2\/types\/post"}],"author":[{"embeddable":true,"href":"https:\/\/regiaonews.net.br\/2022\/wp-json\/wp\/v2\/users\/2"}],"replies":[{"embeddable":true,"href":"https:\/\/regiaonews.net.br\/2022\/wp-json\/wp\/v2\/comments?post=98414"}],"version-history":[{"count":1,"href":"https:\/\/regiaonews.net.br\/2022\/wp-json\/wp\/v2\/posts\/98414\/revisions"}],"predecessor-version":[{"id":98417,"href":"https:\/\/regiaonews.net.br\/2022\/wp-json\/wp\/v2\/posts\/98414\/revisions\/98417"}],"wp:featuredmedia":[{"embeddable":true,"href":"https:\/\/regiaonews.net.br\/2022\/wp-json\/wp\/v2\/media\/98415"}],"wp:attachment":[{"href":"https:\/\/regiaonews.net.br\/2022\/wp-json\/wp\/v2\/media?parent=98414"}],"wp:term":[{"taxonomy":"category","embeddable":true,"href":"https:\/\/regiaonews.net.br\/2022\/wp-json\/wp\/v2\/categories?post=98414"},{"taxonomy":"post_tag","embeddable":true,"href":"https:\/\/regiaonews.net.br\/2022\/wp-json\/wp\/v2\/tags?post=98414"}],"curies":[{"name":"wp","href":"https:\/\/api.w.org\/{rel}","templated":true}]}}