{"id":98408,"date":"2023-11-30T13:18:34","date_gmt":"2023-11-30T16:18:34","guid":{"rendered":"https:\/\/regiaonews.net.br\/2022\/?p=98408"},"modified":"2023-11-30T13:18:34","modified_gmt":"2023-11-30T16:18:34","slug":"alguns-bairros-de-barretos-terao-novos-dias-de-coleta-seletiva-a-partir-do-dia-05-de-dezembro","status":"publish","type":"post","link":"https:\/\/regiaonews.net.br\/2022\/2023\/11\/30\/alguns-bairros-de-barretos-terao-novos-dias-de-coleta-seletiva-a-partir-do-dia-05-de-dezembro\/","title":{"rendered":"Alguns bairros de Barretos ter\u00e3o novos dias de Coleta Seletiva a partir do dia 05 de dezembro"},"content":{"rendered":"<h3 style=\"text-align: center;\">Novas rotas visam atender melhor a popula\u00e7\u00e3o.<\/h3>\n<p>O SAAE Barretos e a Seleta Ambiental, empresa respons\u00e1vel pela presta\u00e7\u00e3o de servi\u00e7os de coleta seletiva na Est\u00e2ncia Tur\u00edstica, estabeleceram um acordo estrat\u00e9gico para otimizar as rotas de coleta visando oferecer um servi\u00e7o mais eficiente \u00e0 comunidade. Com base nessa premissa, algumas mudan\u00e7as ser\u00e3o implementadas em diversos bairros da cidade a partir da pr\u00f3xima semana, iniciando-se na ter\u00e7a-feira, dia 05 de dezembro.<\/p>\n<p>Para facilitar o acesso \u00e0 informa\u00e7\u00e3o sobre as novas rotas de coleta seletiva, o cronograma detalhado estar\u00e1 dispon\u00edvel nos destaques do Instagram do SAAEB (@saaebarretos) e no site institucional: www.saaeb.com.br\/coleta-de-residuos\/.<\/p>\n<p>A import\u00e2ncia da separa\u00e7\u00e3o adequada de materiais recicl\u00e1veis do lixo org\u00e2nico e dos itens n\u00e3o recicl\u00e1veis \u00e9 um ponto crucial para promover a sustentabilidade e preserva\u00e7\u00e3o do meio ambiente.<\/p>\n<p>&#8220;Estamos buscando otimizar o servi\u00e7o de coleta seletiva para proporcionar um impacto positivo no meio ambiente e na qualidade de vida dos barretenses. A colabora\u00e7\u00e3o da popula\u00e7\u00e3o \u00e9 fundamental para o sucesso desse processo. Ao separarmos corretamente os materiais, contribu\u00edmos diretamente para um futuro mais sustent\u00e1vel para nossa cidade&#8221;, enfatiza o superintendente Marcelo Borges.<\/p>\n<p>Confira os bairros que ter\u00e3o novos dias da coleta seletiva:<\/p>\n<p>Ter\u00e7as-feiras: Ch\u00e1cara Feitoza; Ch\u00e1cara dos Ip\u00eas; Jardim Feitoza; Jardim Universit\u00e1rio; Jardim Soares; Nova Esplanada.<\/p>\n<p>Quartas-feiras: Alvorada; Boa Vista; Celina; Centen\u00e1rio; Jardim Allah; Jardim S\u00e3o Paulo; Mar\u00edlia.<\/p>\n<p>Quintas-feiras: Benedito Realindo Correa; Cidade Jardim; Conjunto Jos\u00e9 Faleiros; Grande Horizonte; Jardim Luis Spina; Jardim Vale do Verde; Nadir Kenan; Newton Sopa; Pedro Cavalini; Pereira; Residencial Menara.<\/p>\n<p>S\u00e1bados: Centro; Dom Bosco; Jardim dos Coqueiros; Nova Barretos; Nova Barretos II; Nova Barretos III; Vida Nova; Zona de uso Pedro Pinto Paix\u00e3o.<\/p>\n<p>A coleta seletiva nos demais bairros permanecer\u00e1 nos mesmos dias.<\/p>\n<p>www.saaeb.com.br<\/p>\n","protected":false},"excerpt":{"rendered":"<p>Novas rotas visam atender melhor a popula\u00e7\u00e3o. O SAAE Barretos<\/p>\n","protected":false},"author":2,"featured_media":98409,"comment_status":"open","ping_status":"open","sticky":false,"template":"","format":"standard","meta":{"footnotes":""},"categories":[14,3],"tags":[],"class_list":["post-98408","post","type-post","status-publish","format-standard","has-post-thumbnail","hentry","category-barretos","category-geral"],"yoast_head":"<!-- This site is optimized with the Yoast SEO plugin v27.4 - https:\/\/yoast.com\/product\/yoast-seo-wordpress\/ -->\n<title>Alguns bairros de Barretos ter\u00e3o novos dias de Coleta Seletiva a partir do dia 05 de dezembro - Regi\u00e3o News<\/title>\n<meta name=\"robots\" content=\"index, follow, max-snippet:-1, max-image-preview:large, max-video-preview:-1\" \/>\n<link rel=\"canonical\" href=\"https:\/\/regiaonews.net.br\/2022\/2023\/11\/30\/alguns-bairros-de-barretos-terao-novos-dias-de-coleta-seletiva-a-partir-do-dia-05-de-dezembro\/\" \/>\n<meta property=\"og:locale\" content=\"pt_BR\" \/>\n<meta property=\"og:type\" content=\"article\" \/>\n<meta property=\"og:title\" content=\"Alguns bairros de Barretos ter\u00e3o novos dias de Coleta Seletiva a partir do dia 05 de dezembro - Regi\u00e3o News\" \/>\n<meta property=\"og:description\" content=\"Novas rotas visam atender melhor a popula\u00e7\u00e3o. O SAAE Barretos\" \/>\n<meta property=\"og:url\" content=\"https:\/\/regiaonews.net.br\/2022\/2023\/11\/30\/alguns-bairros-de-barretos-terao-novos-dias-de-coleta-seletiva-a-partir-do-dia-05-de-dezembro\/\" \/>\n<meta property=\"og:site_name\" content=\"Regi\u00e3o News\" \/>\n<meta property=\"article:published_time\" content=\"2023-11-30T16:18:34+00:00\" \/>\n<meta property=\"og:image\" content=\"https:\/\/regiaonews.net.br\/2022\/wp-content\/uploads\/2023\/11\/Imagem-do-WhatsApp-de-2023-11-30-as-12.23.15_526ca951.jpg\" \/>\n\t<meta property=\"og:image:width\" content=\"1600\" \/>\n\t<meta property=\"og:image:height\" content=\"1204\" \/>\n\t<meta property=\"og:image:type\" content=\"image\/jpeg\" \/>\n<meta name=\"author\" content=\"Roberto\" \/>\n<meta name=\"twitter:card\" content=\"summary_large_image\" \/>\n<meta name=\"twitter:label1\" content=\"Escrito por\" \/>\n\t<meta name=\"twitter:data1\" content=\"Roberto\" \/>\n\t<meta name=\"twitter:label2\" content=\"Est. tempo de leitura\" \/>\n\t<meta name=\"twitter:data2\" content=\"2 minutos\" \/>\n<script type=\"application\/ld+json\" class=\"yoast-schema-graph\">{\"@context\":\"https:\\\/\\\/schema.org\",\"@graph\":[{\"@type\":\"Article\",\"@id\":\"https:\\\/\\\/regiaonews.net.br\\\/2022\\\/2023\\\/11\\\/30\\\/alguns-bairros-de-barretos-terao-novos-dias-de-coleta-seletiva-a-partir-do-dia-05-de-dezembro\\\/#article\",\"isPartOf\":{\"@id\":\"https:\\\/\\\/regiaonews.net.br\\\/2022\\\/2023\\\/11\\\/30\\\/alguns-bairros-de-barretos-terao-novos-dias-de-coleta-seletiva-a-partir-do-dia-05-de-dezembro\\\/\"},\"author\":{\"name\":\"Roberto\",\"@id\":\"https:\\\/\\\/regiaonews.net.br\\\/2022\\\/#\\\/schema\\\/person\\\/2d205a608a5aa97ac279d7a5e6d89ad8\"},\"headline\":\"Alguns bairros de Barretos ter\u00e3o novos dias de Coleta Seletiva a partir do dia 05 de dezembro\",\"datePublished\":\"2023-11-30T16:18:34+00:00\",\"mainEntityOfPage\":{\"@id\":\"https:\\\/\\\/regiaonews.net.br\\\/2022\\\/2023\\\/11\\\/30\\\/alguns-bairros-de-barretos-terao-novos-dias-de-coleta-seletiva-a-partir-do-dia-05-de-dezembro\\\/\"},\"wordCount\":335,\"commentCount\":0,\"publisher\":{\"@id\":\"https:\\\/\\\/regiaonews.net.br\\\/2022\\\/#organization\"},\"image\":{\"@id\":\"https:\\\/\\\/regiaonews.net.br\\\/2022\\\/2023\\\/11\\\/30\\\/alguns-bairros-de-barretos-terao-novos-dias-de-coleta-seletiva-a-partir-do-dia-05-de-dezembro\\\/#primaryimage\"},\"thumbnailUrl\":\"https:\\\/\\\/regiaonews.net.br\\\/2022\\\/wp-content\\\/uploads\\\/2023\\\/11\\\/Imagem-do-WhatsApp-de-2023-11-30-as-12.23.15_526ca951.jpg\",\"articleSection\":[\"Barretos\",\"Geral\"],\"inLanguage\":\"pt-BR\",\"potentialAction\":[{\"@type\":\"CommentAction\",\"name\":\"Comment\",\"target\":[\"https:\\\/\\\/regiaonews.net.br\\\/2022\\\/2023\\\/11\\\/30\\\/alguns-bairros-de-barretos-terao-novos-dias-de-coleta-seletiva-a-partir-do-dia-05-de-dezembro\\\/#respond\"]}]},{\"@type\":\"WebPage\",\"@id\":\"https:\\\/\\\/regiaonews.net.br\\\/2022\\\/2023\\\/11\\\/30\\\/alguns-bairros-de-barretos-terao-novos-dias-de-coleta-seletiva-a-partir-do-dia-05-de-dezembro\\\/\",\"url\":\"https:\\\/\\\/regiaonews.net.br\\\/2022\\\/2023\\\/11\\\/30\\\/alguns-bairros-de-barretos-terao-novos-dias-de-coleta-seletiva-a-partir-do-dia-05-de-dezembro\\\/\",\"name\":\"Alguns bairros de Barretos ter\u00e3o novos dias de Coleta Seletiva a partir do dia 05 de dezembro - Regi\u00e3o News\",\"isPartOf\":{\"@id\":\"https:\\\/\\\/regiaonews.net.br\\\/2022\\\/#website\"},\"primaryImageOfPage\":{\"@id\":\"https:\\\/\\\/regiaonews.net.br\\\/2022\\\/2023\\\/11\\\/30\\\/alguns-bairros-de-barretos-terao-novos-dias-de-coleta-seletiva-a-partir-do-dia-05-de-dezembro\\\/#primaryimage\"},\"image\":{\"@id\":\"https:\\\/\\\/regiaonews.net.br\\\/2022\\\/2023\\\/11\\\/30\\\/alguns-bairros-de-barretos-terao-novos-dias-de-coleta-seletiva-a-partir-do-dia-05-de-dezembro\\\/#primaryimage\"},\"thumbnailUrl\":\"https:\\\/\\\/regiaonews.net.br\\\/2022\\\/wp-content\\\/uploads\\\/2023\\\/11\\\/Imagem-do-WhatsApp-de-2023-11-30-as-12.23.15_526ca951.jpg\",\"datePublished\":\"2023-11-30T16:18:34+00:00\",\"breadcrumb\":{\"@id\":\"https:\\\/\\\/regiaonews.net.br\\\/2022\\\/2023\\\/11\\\/30\\\/alguns-bairros-de-barretos-terao-novos-dias-de-coleta-seletiva-a-partir-do-dia-05-de-dezembro\\\/#breadcrumb\"},\"inLanguage\":\"pt-BR\",\"potentialAction\":[{\"@type\":\"ReadAction\",\"target\":[\"https:\\\/\\\/regiaonews.net.br\\\/2022\\\/2023\\\/11\\\/30\\\/alguns-bairros-de-barretos-terao-novos-dias-de-coleta-seletiva-a-partir-do-dia-05-de-dezembro\\\/\"]}]},{\"@type\":\"ImageObject\",\"inLanguage\":\"pt-BR\",\"@id\":\"https:\\\/\\\/regiaonews.net.br\\\/2022\\\/2023\\\/11\\\/30\\\/alguns-bairros-de-barretos-terao-novos-dias-de-coleta-seletiva-a-partir-do-dia-05-de-dezembro\\\/#primaryimage\",\"url\":\"https:\\\/\\\/regiaonews.net.br\\\/2022\\\/wp-content\\\/uploads\\\/2023\\\/11\\\/Imagem-do-WhatsApp-de-2023-11-30-as-12.23.15_526ca951.jpg\",\"contentUrl\":\"https:\\\/\\\/regiaonews.net.br\\\/2022\\\/wp-content\\\/uploads\\\/2023\\\/11\\\/Imagem-do-WhatsApp-de-2023-11-30-as-12.23.15_526ca951.jpg\",\"width\":1600,\"height\":1204},{\"@type\":\"BreadcrumbList\",\"@id\":\"https:\\\/\\\/regiaonews.net.br\\\/2022\\\/2023\\\/11\\\/30\\\/alguns-bairros-de-barretos-terao-novos-dias-de-coleta-seletiva-a-partir-do-dia-05-de-dezembro\\\/#breadcrumb\",\"itemListElement\":[{\"@type\":\"ListItem\",\"position\":1,\"name\":\"In\u00edcio\",\"item\":\"https:\\\/\\\/regiaonews.net.br\\\/2022\\\/\"},{\"@type\":\"ListItem\",\"position\":2,\"name\":\"Alguns bairros de Barretos ter\u00e3o novos dias de Coleta Seletiva a partir do dia 05 de dezembro\"}]},{\"@type\":\"WebSite\",\"@id\":\"https:\\\/\\\/regiaonews.net.br\\\/2022\\\/#website\",\"url\":\"https:\\\/\\\/regiaonews.net.br\\\/2022\\\/\",\"name\":\"Regi\u00e3o News\",\"description\":\"Site de Not\u00edcias de Barretos e regi\u00e3o\",\"publisher\":{\"@id\":\"https:\\\/\\\/regiaonews.net.br\\\/2022\\\/#organization\"},\"potentialAction\":[{\"@type\":\"SearchAction\",\"target\":{\"@type\":\"EntryPoint\",\"urlTemplate\":\"https:\\\/\\\/regiaonews.net.br\\\/2022\\\/?s={search_term_string}\"},\"query-input\":{\"@type\":\"PropertyValueSpecification\",\"valueRequired\":true,\"valueName\":\"search_term_string\"}}],\"inLanguage\":\"pt-BR\"},{\"@type\":\"Organization\",\"@id\":\"https:\\\/\\\/regiaonews.net.br\\\/2022\\\/#organization\",\"name\":\"Regi\u00e3o News\",\"url\":\"https:\\\/\\\/regiaonews.net.br\\\/2022\\\/\",\"logo\":{\"@type\":\"ImageObject\",\"inLanguage\":\"pt-BR\",\"@id\":\"https:\\\/\\\/regiaonews.net.br\\\/2022\\\/#\\\/schema\\\/logo\\\/image\\\/\",\"url\":\"https:\\\/\\\/regiaonews.net.br\\\/2022\\\/wp-content\\\/uploads\\\/2026\\\/03\\\/regiao-13-anos-scaled.jpg\",\"contentUrl\":\"https:\\\/\\\/regiaonews.net.br\\\/2022\\\/wp-content\\\/uploads\\\/2026\\\/03\\\/regiao-13-anos-scaled.jpg\",\"width\":2560,\"height\":635,\"caption\":\"Regi\u00e3o News\"},\"image\":{\"@id\":\"https:\\\/\\\/regiaonews.net.br\\\/2022\\\/#\\\/schema\\\/logo\\\/image\\\/\"}},{\"@type\":\"Person\",\"@id\":\"https:\\\/\\\/regiaonews.net.br\\\/2022\\\/#\\\/schema\\\/person\\\/2d205a608a5aa97ac279d7a5e6d89ad8\",\"name\":\"Roberto\",\"image\":{\"@type\":\"ImageObject\",\"inLanguage\":\"pt-BR\",\"@id\":\"https:\\\/\\\/secure.gravatar.com\\\/avatar\\\/42749d8b712ff9d59ca93dc150494e5b55a44134482993f5baeb97e61b7ecc89?s=96&d=mm&r=g\",\"url\":\"https:\\\/\\\/secure.gravatar.com\\\/avatar\\\/42749d8b712ff9d59ca93dc150494e5b55a44134482993f5baeb97e61b7ecc89?s=96&d=mm&r=g\",\"contentUrl\":\"https:\\\/\\\/secure.gravatar.com\\\/avatar\\\/42749d8b712ff9d59ca93dc150494e5b55a44134482993f5baeb97e61b7ecc89?s=96&d=mm&r=g\",\"caption\":\"Roberto\"},\"url\":\"https:\\\/\\\/regiaonews.net.br\\\/2022\\\/author\\\/roberto\\\/\"}]}<\/script>\n<!-- \/ Yoast SEO plugin. -->","yoast_head_json":{"title":"Alguns bairros de Barretos ter\u00e3o novos dias de Coleta Seletiva a partir do dia 05 de dezembro - Regi\u00e3o News","robots":{"index":"index","follow":"follow","max-snippet":"max-snippet:-1","max-image-preview":"max-image-preview:large","max-video-preview":"max-video-preview:-1"},"canonical":"https:\/\/regiaonews.net.br\/2022\/2023\/11\/30\/alguns-bairros-de-barretos-terao-novos-dias-de-coleta-seletiva-a-partir-do-dia-05-de-dezembro\/","og_locale":"pt_BR","og_type":"article","og_title":"Alguns bairros de Barretos ter\u00e3o novos dias de Coleta Seletiva a partir do dia 05 de dezembro - Regi\u00e3o News","og_description":"Novas rotas visam atender melhor a popula\u00e7\u00e3o. O SAAE Barretos","og_url":"https:\/\/regiaonews.net.br\/2022\/2023\/11\/30\/alguns-bairros-de-barretos-terao-novos-dias-de-coleta-seletiva-a-partir-do-dia-05-de-dezembro\/","og_site_name":"Regi\u00e3o News","article_published_time":"2023-11-30T16:18:34+00:00","og_image":[{"width":1600,"height":1204,"url":"https:\/\/regiaonews.net.br\/2022\/wp-content\/uploads\/2023\/11\/Imagem-do-WhatsApp-de-2023-11-30-as-12.23.15_526ca951.jpg","type":"image\/jpeg"}],"author":"Roberto","twitter_card":"summary_large_image","twitter_misc":{"Escrito por":"Roberto","Est. tempo de leitura":"2 minutos"},"schema":{"@context":"https:\/\/schema.org","@graph":[{"@type":"Article","@id":"https:\/\/regiaonews.net.br\/2022\/2023\/11\/30\/alguns-bairros-de-barretos-terao-novos-dias-de-coleta-seletiva-a-partir-do-dia-05-de-dezembro\/#article","isPartOf":{"@id":"https:\/\/regiaonews.net.br\/2022\/2023\/11\/30\/alguns-bairros-de-barretos-terao-novos-dias-de-coleta-seletiva-a-partir-do-dia-05-de-dezembro\/"},"author":{"name":"Roberto","@id":"https:\/\/regiaonews.net.br\/2022\/#\/schema\/person\/2d205a608a5aa97ac279d7a5e6d89ad8"},"headline":"Alguns bairros de Barretos ter\u00e3o novos dias de Coleta Seletiva a partir do dia 05 de dezembro","datePublished":"2023-11-30T16:18:34+00:00","mainEntityOfPage":{"@id":"https:\/\/regiaonews.net.br\/2022\/2023\/11\/30\/alguns-bairros-de-barretos-terao-novos-dias-de-coleta-seletiva-a-partir-do-dia-05-de-dezembro\/"},"wordCount":335,"commentCount":0,"publisher":{"@id":"https:\/\/regiaonews.net.br\/2022\/#organization"},"image":{"@id":"https:\/\/regiaonews.net.br\/2022\/2023\/11\/30\/alguns-bairros-de-barretos-terao-novos-dias-de-coleta-seletiva-a-partir-do-dia-05-de-dezembro\/#primaryimage"},"thumbnailUrl":"https:\/\/regiaonews.net.br\/2022\/wp-content\/uploads\/2023\/11\/Imagem-do-WhatsApp-de-2023-11-30-as-12.23.15_526ca951.jpg","articleSection":["Barretos","Geral"],"inLanguage":"pt-BR","potentialAction":[{"@type":"CommentAction","name":"Comment","target":["https:\/\/regiaonews.net.br\/2022\/2023\/11\/30\/alguns-bairros-de-barretos-terao-novos-dias-de-coleta-seletiva-a-partir-do-dia-05-de-dezembro\/#respond"]}]},{"@type":"WebPage","@id":"https:\/\/regiaonews.net.br\/2022\/2023\/11\/30\/alguns-bairros-de-barretos-terao-novos-dias-de-coleta-seletiva-a-partir-do-dia-05-de-dezembro\/","url":"https:\/\/regiaonews.net.br\/2022\/2023\/11\/30\/alguns-bairros-de-barretos-terao-novos-dias-de-coleta-seletiva-a-partir-do-dia-05-de-dezembro\/","name":"Alguns bairros de Barretos ter\u00e3o novos dias de Coleta Seletiva a partir do dia 05 de dezembro - Regi\u00e3o News","isPartOf":{"@id":"https:\/\/regiaonews.net.br\/2022\/#website"},"primaryImageOfPage":{"@id":"https:\/\/regiaonews.net.br\/2022\/2023\/11\/30\/alguns-bairros-de-barretos-terao-novos-dias-de-coleta-seletiva-a-partir-do-dia-05-de-dezembro\/#primaryimage"},"image":{"@id":"https:\/\/regiaonews.net.br\/2022\/2023\/11\/30\/alguns-bairros-de-barretos-terao-novos-dias-de-coleta-seletiva-a-partir-do-dia-05-de-dezembro\/#primaryimage"},"thumbnailUrl":"https:\/\/regiaonews.net.br\/2022\/wp-content\/uploads\/2023\/11\/Imagem-do-WhatsApp-de-2023-11-30-as-12.23.15_526ca951.jpg","datePublished":"2023-11-30T16:18:34+00:00","breadcrumb":{"@id":"https:\/\/regiaonews.net.br\/2022\/2023\/11\/30\/alguns-bairros-de-barretos-terao-novos-dias-de-coleta-seletiva-a-partir-do-dia-05-de-dezembro\/#breadcrumb"},"inLanguage":"pt-BR","potentialAction":[{"@type":"ReadAction","target":["https:\/\/regiaonews.net.br\/2022\/2023\/11\/30\/alguns-bairros-de-barretos-terao-novos-dias-de-coleta-seletiva-a-partir-do-dia-05-de-dezembro\/"]}]},{"@type":"ImageObject","inLanguage":"pt-BR","@id":"https:\/\/regiaonews.net.br\/2022\/2023\/11\/30\/alguns-bairros-de-barretos-terao-novos-dias-de-coleta-seletiva-a-partir-do-dia-05-de-dezembro\/#primaryimage","url":"https:\/\/regiaonews.net.br\/2022\/wp-content\/uploads\/2023\/11\/Imagem-do-WhatsApp-de-2023-11-30-as-12.23.15_526ca951.jpg","contentUrl":"https:\/\/regiaonews.net.br\/2022\/wp-content\/uploads\/2023\/11\/Imagem-do-WhatsApp-de-2023-11-30-as-12.23.15_526ca951.jpg","width":1600,"height":1204},{"@type":"BreadcrumbList","@id":"https:\/\/regiaonews.net.br\/2022\/2023\/11\/30\/alguns-bairros-de-barretos-terao-novos-dias-de-coleta-seletiva-a-partir-do-dia-05-de-dezembro\/#breadcrumb","itemListElement":[{"@type":"ListItem","position":1,"name":"In\u00edcio","item":"https:\/\/regiaonews.net.br\/2022\/"},{"@type":"ListItem","position":2,"name":"Alguns bairros de Barretos ter\u00e3o novos dias de Coleta Seletiva a partir do dia 05 de dezembro"}]},{"@type":"WebSite","@id":"https:\/\/regiaonews.net.br\/2022\/#website","url":"https:\/\/regiaonews.net.br\/2022\/","name":"Regi\u00e3o News","description":"Site de Not\u00edcias de Barretos e regi\u00e3o","publisher":{"@id":"https:\/\/regiaonews.net.br\/2022\/#organization"},"potentialAction":[{"@type":"SearchAction","target":{"@type":"EntryPoint","urlTemplate":"https:\/\/regiaonews.net.br\/2022\/?s={search_term_string}"},"query-input":{"@type":"PropertyValueSpecification","valueRequired":true,"valueName":"search_term_string"}}],"inLanguage":"pt-BR"},{"@type":"Organization","@id":"https:\/\/regiaonews.net.br\/2022\/#organization","name":"Regi\u00e3o News","url":"https:\/\/regiaonews.net.br\/2022\/","logo":{"@type":"ImageObject","inLanguage":"pt-BR","@id":"https:\/\/regiaonews.net.br\/2022\/#\/schema\/logo\/image\/","url":"https:\/\/regiaonews.net.br\/2022\/wp-content\/uploads\/2026\/03\/regiao-13-anos-scaled.jpg","contentUrl":"https:\/\/regiaonews.net.br\/2022\/wp-content\/uploads\/2026\/03\/regiao-13-anos-scaled.jpg","width":2560,"height":635,"caption":"Regi\u00e3o News"},"image":{"@id":"https:\/\/regiaonews.net.br\/2022\/#\/schema\/logo\/image\/"}},{"@type":"Person","@id":"https:\/\/regiaonews.net.br\/2022\/#\/schema\/person\/2d205a608a5aa97ac279d7a5e6d89ad8","name":"Roberto","image":{"@type":"ImageObject","inLanguage":"pt-BR","@id":"https:\/\/secure.gravatar.com\/avatar\/42749d8b712ff9d59ca93dc150494e5b55a44134482993f5baeb97e61b7ecc89?s=96&d=mm&r=g","url":"https:\/\/secure.gravatar.com\/avatar\/42749d8b712ff9d59ca93dc150494e5b55a44134482993f5baeb97e61b7ecc89?s=96&d=mm&r=g","contentUrl":"https:\/\/secure.gravatar.com\/avatar\/42749d8b712ff9d59ca93dc150494e5b55a44134482993f5baeb97e61b7ecc89?s=96&d=mm&r=g","caption":"Roberto"},"url":"https:\/\/regiaonews.net.br\/2022\/author\/roberto\/"}]}},"publishpress_future_action":{"enabled":false,"date":"2026-05-04 15:28:48","action":"change-status","newStatus":"draft","terms":[],"taxonomy":"category","extraData":[]},"publishpress_future_workflow_manual_trigger":{"enabledWorkflows":[]},"_links":{"self":[{"href":"https:\/\/regiaonews.net.br\/2022\/wp-json\/wp\/v2\/posts\/98408","targetHints":{"allow":["GET"]}}],"collection":[{"href":"https:\/\/regiaonews.net.br\/2022\/wp-json\/wp\/v2\/posts"}],"about":[{"href":"https:\/\/regiaonews.net.br\/2022\/wp-json\/wp\/v2\/types\/post"}],"author":[{"embeddable":true,"href":"https:\/\/regiaonews.net.br\/2022\/wp-json\/wp\/v2\/users\/2"}],"replies":[{"embeddable":true,"href":"https:\/\/regiaonews.net.br\/2022\/wp-json\/wp\/v2\/comments?post=98408"}],"version-history":[{"count":1,"href":"https:\/\/regiaonews.net.br\/2022\/wp-json\/wp\/v2\/posts\/98408\/revisions"}],"predecessor-version":[{"id":98410,"href":"https:\/\/regiaonews.net.br\/2022\/wp-json\/wp\/v2\/posts\/98408\/revisions\/98410"}],"wp:featuredmedia":[{"embeddable":true,"href":"https:\/\/regiaonews.net.br\/2022\/wp-json\/wp\/v2\/media\/98409"}],"wp:attachment":[{"href":"https:\/\/regiaonews.net.br\/2022\/wp-json\/wp\/v2\/media?parent=98408"}],"wp:term":[{"taxonomy":"category","embeddable":true,"href":"https:\/\/regiaonews.net.br\/2022\/wp-json\/wp\/v2\/categories?post=98408"},{"taxonomy":"post_tag","embeddable":true,"href":"https:\/\/regiaonews.net.br\/2022\/wp-json\/wp\/v2\/tags?post=98408"}],"curies":[{"name":"wp","href":"https:\/\/api.w.org\/{rel}","templated":true}]}}