{"id":98395,"date":"2023-11-29T20:01:24","date_gmt":"2023-11-29T23:01:24","guid":{"rendered":"https:\/\/regiaonews.net.br\/2022\/?p=98395"},"modified":"2023-11-29T20:01:24","modified_gmt":"2023-11-29T23:01:24","slug":"prefeitura-de-barretos-lanca-programacao-para-o-natal-luz-2023","status":"publish","type":"post","link":"https:\/\/regiaonews.net.br\/2022\/2023\/11\/29\/prefeitura-de-barretos-lanca-programacao-para-o-natal-luz-2023\/","title":{"rendered":"Prefeitura de Barretos lan\u00e7a programa\u00e7\u00e3o para o Natal Luz 2023"},"content":{"rendered":"<p>&nbsp;<\/p>\n<p>&nbsp;<\/p>\n<p>Com eventos in\u00e9ditos, atra\u00e7\u00f5es ser\u00e3o realizadas de forma descentralizada; Bonde do Noel ir\u00e1 percorrer v\u00e1rios pontos da cidade<\/p>\n<p>&nbsp;<\/p>\n<p>&nbsp;<\/p>\n<p>A Prefeitura da Est\u00e2ncia Tur\u00edstica de Barretos, por meio da Secretaria Municipal de Cultura, lan\u00e7ou programa\u00e7\u00e3o do &#8216;Natal Luz 2023\u2019, durante coletiva realizada na manh\u00e3 desta quarta-feira, 29.<\/p>\n<p>&nbsp;<\/p>\n<p>Al\u00e9m das atra\u00e7\u00f5es tradicionais, a Prefeitura de Barretos inova ao ampliar as atividades e descentraliz\u00e1-las, levando-as para os bairros.<\/p>\n<p>&nbsp;<\/p>\n<p>O Bonde do Noel, uma das atra\u00e7\u00f5es in\u00e9ditas, ir\u00e1 percorrer v\u00e1rios pontos da cidade levando m\u00fasica, concursos culturais, programa\u00e7\u00e3o pet friendly, al\u00e9m dos personagens natalino. Uma a\u00e7\u00e3o de inclus\u00e3o, que permitir\u00e1 a participa\u00e7\u00e3o de todos.<\/p>\n<p>Outra novidade \u00e9 a \u201cVeneratta e Feira Gastron\u00f4mica\u201d que ser\u00e3o realizadas no cal\u00e7ad\u00e3o do centro comercial da cidade, com m\u00fasica tocada das sacadas das casas e lojas. O objetivo \u00e9 estimular a popula\u00e7\u00e3o a apreciar a arquitetura do local ao som de diversos ritmos musicais inspirados do Natal, al\u00e9m de saborear del\u00edcias natalinas.<\/p>\n<p>&nbsp;<\/p>\n<p>O \u201cChoro e Bossa\u201d tamb\u00e9m \u00e9 uma atra\u00e7\u00e3o in\u00e9dita, que prop\u00f5e um happy-hour no centro comercial da cidade com bandas de Choro e Bossa Nova tocando no cal\u00e7ad\u00e3o.<\/p>\n<p>A programa\u00e7\u00e3o inclui, tamb\u00e9m, a entrega da obra de revitaliza\u00e7\u00e3o da Pra\u00e7a Francisco Barreto, com o show gratuito da dupla Rio Negro e Solim\u00f5es. Uma parceria que tem o apoio do Governo do Estado e da iniciativa privada.<\/p>\n<p>&nbsp;<\/p>\n<p>Durante o lan\u00e7amento, a prefeita Paula Lemos destacou a entrega das obras de reforma da Pra\u00e7a Francisco Barreto \u201cEsse Natal vem de uma forma muito especial com a reinaugura\u00e7\u00e3o da nossa Pra\u00e7a Francisco Barreto, no dia 20, quando chega o 13\u00b0 sal\u00e1rio, ajudando muitos comerciantes. A pra\u00e7a este ano recebe a ilumina\u00e7\u00e3o, o centro tamb\u00e9m vai receber e temos o compromisso de fazer um Natal muito bonito\u201d, salientou.<\/p>\n<p>&nbsp;<\/p>\n<p>A prefeita tamb\u00e9m destacou as atra\u00e7\u00f5es in\u00e9ditas. \u201cEste ano inovamos com as atra\u00e7\u00f5es. A programa\u00e7\u00e3o tem m\u00fasica de natal, tem a Veneratta que vem para resgatar nossos espa\u00e7os coletivos. S\u00e3o artistas e apresenta\u00e7\u00e3o dos nossos casar\u00f5es, ressaltando a parte hist\u00f3rica, onde as pessoas poder\u00e3o assistir a uma programa\u00e7\u00e3o art\u00edstica consumindo produtos de Barretos. O Bonde do Noel levar\u00e1 o Natal para os bairros. Teremos ainda o concurso A Mais Bela Voz Kids, que j\u00e1 caiu no gosto da popula\u00e7\u00e3o, e a Parada de Natal, que este ano deve superar o sucesso da edi\u00e7\u00e3o anterior, com passagem pela Rua 20. Temos uma programa\u00e7\u00e3o completa de encantos e que far\u00e1 a magia do Natal acontecer&#8221;, detalhou.<\/p>\n<p>&nbsp;<\/p>\n<p>As parcerias para a realiza\u00e7\u00e3o dos eventos tamb\u00e9m foram evidenciadas. \u201c\u00c9 uma jun\u00e7\u00e3o de esfor\u00e7os. Agrade\u00e7o as parcerias, \u00e0 ACIB, pela casinha do Papai Noel e \u00e0s diversas empresas privadas que est\u00e3o nos ajudando na realiza\u00e7\u00e3o do show do Rio Negro e Solim\u00f5es. Natal \u00e9 um momento de renascimento, \u00e9 um compromisso Crist\u00e3o e tamb\u00e9m \u00e9 um investimento na economia. Nos tornamos Est\u00e2ncia Tur\u00edstica e a uni\u00e3o entre as iniciativas \u00e9 fundamental\u201d, concluiu.<\/p>\n<p>&nbsp;<\/p>\n<p>Rog\u00e9rio Teod\u00f3sio, secret\u00e1rio municipal de Cultura, explicou que a programa\u00e7\u00e3o foi planejada com o intuito de superar o sucesso do ano anterior, acrescentando a preocupa\u00e7\u00e3o em atender tamb\u00e9m os bairros da cidade \u201cA prefeita Paula Lemos tem olhado para o lado art\u00edstico com muita sensibilidade. Isso ajuda muito o trabalho na secretaria de cultura. Ano passado foi muito bom e ela s\u00f3 fez um pedido: que 2023 seja melhor. E ser\u00e1!&#8221;, afirmou.<\/p>\n<p>&nbsp;<\/p>\n<p>A presidente da ACIB, Jackelyne Rossini, enfatizou o quanto a programa\u00e7\u00e3o natalina contribui para o desenvolvimento do com\u00e9rcio nesta \u00e9poca do ano e elogiou as iniciativas \u201cEstamos muito felizes por conta da reforma da Pra\u00e7a e percebemos o quanto tudo est\u00e1 preparado com muito carinho para apoiar nossa cidade e nosso com\u00e9rcio. O Natal \u00e9 muito importante para o com\u00e9rcio e tenho certeza que a programa\u00e7\u00e3o vai somar e trazer pessoas da cidade e regi\u00e3o para o nosso com\u00e9rcio\u201d, destacou.<\/p>\n<p>&nbsp;<\/p>\n<p>Confira a programa\u00e7\u00e3o completa<\/p>\n<p>&nbsp;<\/p>\n<p>Programa\u00e7\u00e3o Natal Luz 2023<\/p>\n<p>&nbsp;<\/p>\n<p>De 8 a 22 de dezembro<\/p>\n<p>&nbsp;<\/p>\n<p>Parada de Natal e M\u00fasica Natalina<\/p>\n<p>Data: 8<\/p>\n<p>Apresenta\u00e7\u00e3o do Coral:<\/p>\n<p>19h \u2013 Coral na Sede da ALAB<\/p>\n<p>Local: Esq. Rua 18x Av. 23<\/p>\n<p>&nbsp;<\/p>\n<p>19h30- Parada de Natal<\/p>\n<p>Sa\u00edda: Sede da Secretaria Municipal de Cultura (Esq. Av. 15x Rua 18), seguindo pela Rua 20.<\/p>\n<p>Chegada: Rua 20 esq. Av. 21.<\/p>\n<p>&nbsp;<\/p>\n<p>Veneratta- M\u00fasica e Feira Gastron\u00f4mica<\/p>\n<p>Um happy hour no cal\u00e7ad\u00e3o do centro comercial da cidade, com m\u00fasica tocada das sacadas das casas e lojas do cal\u00e7ad\u00e3o. A Veneratta tem como objetivo venerar e apreciar a arquitetura do local e a m\u00fasica de diversos ritmos com a inspira\u00e7\u00e3o do Natal.<\/p>\n<p>Dia: 8<\/p>\n<p>Hor\u00e1rio :20h<\/p>\n<p>Local: Cal\u00e7ad\u00e3o da AV. 21, Ruas 18&#215;20.<\/p>\n<p>&nbsp;<\/p>\n<p>Dia: 15<\/p>\n<p>Hor\u00e1rio :20h<\/p>\n<p>Local: Cal\u00e7ad\u00e3o da AV. 17, Ruas 18&#215;20.<\/p>\n<p>&nbsp;<\/p>\n<p>Dia: 22<\/p>\n<p>Hor\u00e1rio :20h<\/p>\n<p>Local: Cal\u00e7ad\u00e3o da AV. 19, Ruas 18&#215;20.<\/p>\n<p>&nbsp;<\/p>\n<p>Choro e Bossa<\/p>\n<p>Happy Hour no centro comercial da cidade com bandas de Choro e Bossa Nova tocando no cal\u00e7ad\u00e3o.<\/p>\n<p>Dia: 9<\/p>\n<p>Hor\u00e1rio: 20h<\/p>\n<p>Local: Cal\u00e7ad\u00e3o da AV. 21, Ruas 18&#215;20.<\/p>\n<p>&nbsp;<\/p>\n<p>Dia: 16<\/p>\n<p>Hor\u00e1rio: 20h<\/p>\n<p>Local: Cal\u00e7ad\u00e3o da AV. 17, Ruas 18&#215;20.<\/p>\n<p>&nbsp;<\/p>\n<p>Bonde do Noel<\/p>\n<p>Programa\u00e7\u00e3o Natalina nos bairros da cidade.<\/p>\n<p>O Bonde do Noel sai em carreata natalina pelas ruas das diferentes regi\u00f5es da cidade levando M\u00fasica, concursos culturais, programa\u00e7\u00e3o pet friendly e os personagens preferidos das crian\u00e7as.<\/p>\n<p>&nbsp;<\/p>\n<p>Dia:11(segunda-feira)<\/p>\n<p>Sa\u00edda: Sede da Secretaria Municipal de Cultura (Esq. Av. 15x Rua 18)<\/p>\n<p>Chegada: Rotat\u00f3ria do Barretos II ( Em frente ao SAMU)<\/p>\n<p>Itiner\u00e1rio: Secretaria de Cultura, passando pelos bairros: Clementina, Pimenta, Santana Calif\u00f3rnia e Barretos II.<\/p>\n<p>&nbsp;<\/p>\n<p>&nbsp;<\/p>\n<p>Dia:12 (ter\u00e7a-feira)<\/p>\n<p>Sa\u00edda: Sede da Secretaria Municipal de Cultura (Esq. Av. 15x Rua 18)<\/p>\n<p>Chegada: Christiano Carvalho (R. C- Vinte, 402 &#8211; Cristiano de Carvalho &#8211; CEMEP)<\/p>\n<p>Itiner\u00e1rio: Secretaria de Cultura, passando pelos bairros: Gomes, Hussein GEMHA, BRZ, MRV, Mais Parque e Christiano Carvalho.<\/p>\n<p>&nbsp;<\/p>\n<p>&nbsp;<\/p>\n<p>Dia:13 (quarta-feira)<\/p>\n<p>Sa\u00edda: Sede da Secretaria Municipal de Cultura ( Esq. Av. 15x Rua 18)<\/p>\n<p>Chegada: Luiz Spina (Pra\u00e7a do Bairro Luiz Spina &#8211; R. Demerval de Almeida)<\/p>\n<p>Itiner\u00e1rio: Secretaria de Cultura, Pedro Cavalini, Cecap II, Benedito Correia, Newton Siqueira Sopa, Falleiros, Luiz Spina.<\/p>\n<p>&nbsp;<\/p>\n<p>Dia:14 (quinta-feira)<\/p>\n<p>Sa\u00edda: Sede da Secretaria Municipal de Cultura (Esq. Av. 15x Rua 18)<\/p>\n<p>Chegada: Bairro Vida Nova (E. M. Prof.\u00aa Ivone Diniz Junqueira\u201d &#8211; Av. VN 5 &#8211; Irlandino Netto Sandoval)<\/p>\n<p>Itiner\u00e1rio: Secretaria de Cultura, AV. Ibirapuera, Pereira, Bairro Ibirapuera, Nova Barretos, Vida Nova.<\/p>\n<p>&nbsp;<\/p>\n<p>Dia:17 (domingo)<\/p>\n<p>Sa\u00edda: Sede da Secretaria Municipal de Cultura (Esq. Av. 15x Rua 18)<\/p>\n<p>Chegada: Jardim Alvorada (Pra\u00e7a em frente Instituto Cesalpina R. Quarenta, 3050 &#8211; Jardim Alvorada)<\/p>\n<p>Itiner\u00e1rio: Secretaria de Cultura, Paulo Prata, Am\u00e9rica Vila Rios, Diva, Jardim Alvorada.<\/p>\n<p>&nbsp;<\/p>\n<p>Dia:18 (segunda-feira)<\/p>\n<p>Sa\u00edda: Sede da Secretaria Municipal de Cultura (Esq. Av. 15x Rua 18)<\/p>\n<p>Chegada: S\u00e3o Francisco (E.M. S\u00e3o Francisco &#8211; Rua SF-8, 1610 &#8211; S\u00e3o Francisco,)<\/p>\n<p>Itiner\u00e1rio: Secretaria de Cultura, Jockey, Derby, Los Angeles, Santa Cec\u00edlia, San Diego, Anast\u00e1cio, S\u00e3o Francisco<\/p>\n<p>&nbsp;<\/p>\n<p>Concurso \u201cA Mais Bela Voz \u2013 Kids\u201d (infantil e juvenil)<\/p>\n<p>Dia:19 (Ter\u00e7a-feira)<\/p>\n<p>Hor\u00e1rio: 20h<\/p>\n<p>Local: Pra\u00e7a Francisco Barreto<\/p>\n<p>Dia: 20<\/p>\n<p>&nbsp;<\/p>\n<p>Inaugura\u00e7\u00e3o das Obras de Reforma da Pra\u00e7a Francisco Barretos<\/p>\n<p>E Show com Rio Negro e Solim\u00f5es<\/p>\n<p>Dia: 20<\/p>\n<p>Hor\u00e1rio: 20h<\/p>\n<p>Local: Pra\u00e7a Francisco Barreto<\/p>\n<p>&nbsp;<\/p>\n<p>Dia:21<\/p>\n<p>Hor\u00e1rio: 19h30<\/p>\n<p>Sa\u00edda: Sede da Secretaria Municipal de Cultura (Esq. Av. 15xRua18), seguindo perla Rua 20.<\/p>\n<p>Chegada: Esq. Av21x Rua 20<\/p>\n<div><\/div>\n","protected":false},"excerpt":{"rendered":"<p>&nbsp; &nbsp; Com eventos in\u00e9ditos, atra\u00e7\u00f5es ser\u00e3o realizadas de forma<\/p>\n","protected":false},"author":2,"featured_media":98396,"comment_status":"open","ping_status":"open","sticky":false,"template":"","format":"standard","meta":{"footnotes":""},"categories":[14,25],"tags":[],"class_list":["post-98395","post","type-post","status-publish","format-standard","has-post-thumbnail","hentry","category-barretos","category-cidades"],"yoast_head":"<!-- This site is optimized with the Yoast SEO plugin v27.4 - https:\/\/yoast.com\/product\/yoast-seo-wordpress\/ -->\n<title>Prefeitura de Barretos lan\u00e7a programa\u00e7\u00e3o para o Natal Luz 2023 - Regi\u00e3o News<\/title>\n<meta name=\"robots\" content=\"index, follow, max-snippet:-1, max-image-preview:large, max-video-preview:-1\" \/>\n<link rel=\"canonical\" href=\"https:\/\/regiaonews.net.br\/2022\/2023\/11\/29\/prefeitura-de-barretos-lanca-programacao-para-o-natal-luz-2023\/\" \/>\n<meta property=\"og:locale\" content=\"pt_BR\" \/>\n<meta property=\"og:type\" content=\"article\" \/>\n<meta property=\"og:title\" content=\"Prefeitura de Barretos lan\u00e7a programa\u00e7\u00e3o para o Natal Luz 2023 - Regi\u00e3o News\" \/>\n<meta property=\"og:description\" content=\"&nbsp; &nbsp; Com eventos in\u00e9ditos, atra\u00e7\u00f5es ser\u00e3o realizadas de forma\" \/>\n<meta property=\"og:url\" content=\"https:\/\/regiaonews.net.br\/2022\/2023\/11\/29\/prefeitura-de-barretos-lanca-programacao-para-o-natal-luz-2023\/\" \/>\n<meta property=\"og:site_name\" content=\"Regi\u00e3o News\" \/>\n<meta property=\"article:published_time\" content=\"2023-11-29T23:01:24+00:00\" \/>\n<meta property=\"og:image\" content=\"https:\/\/regiaonews.net.br\/2022\/wp-content\/uploads\/2023\/11\/WhatsApp-Image-2023-11-29-at-17.50.56.jpeg\" \/>\n\t<meta property=\"og:image:width\" content=\"1600\" \/>\n\t<meta property=\"og:image:height\" content=\"1066\" \/>\n\t<meta property=\"og:image:type\" content=\"image\/jpeg\" \/>\n<meta name=\"author\" content=\"Roberto\" \/>\n<meta name=\"twitter:card\" content=\"summary_large_image\" \/>\n<meta name=\"twitter:label1\" content=\"Escrito por\" \/>\n\t<meta name=\"twitter:data1\" content=\"Roberto\" \/>\n\t<meta name=\"twitter:label2\" content=\"Est. tempo de leitura\" \/>\n\t<meta name=\"twitter:data2\" content=\"7 minutos\" \/>\n<script type=\"application\/ld+json\" class=\"yoast-schema-graph\">{\"@context\":\"https:\\\/\\\/schema.org\",\"@graph\":[{\"@type\":\"Article\",\"@id\":\"https:\\\/\\\/regiaonews.net.br\\\/2022\\\/2023\\\/11\\\/29\\\/prefeitura-de-barretos-lanca-programacao-para-o-natal-luz-2023\\\/#article\",\"isPartOf\":{\"@id\":\"https:\\\/\\\/regiaonews.net.br\\\/2022\\\/2023\\\/11\\\/29\\\/prefeitura-de-barretos-lanca-programacao-para-o-natal-luz-2023\\\/\"},\"author\":{\"name\":\"Roberto\",\"@id\":\"https:\\\/\\\/regiaonews.net.br\\\/2022\\\/#\\\/schema\\\/person\\\/2d205a608a5aa97ac279d7a5e6d89ad8\"},\"headline\":\"Prefeitura de Barretos lan\u00e7a programa\u00e7\u00e3o para o Natal Luz 2023\",\"datePublished\":\"2023-11-29T23:01:24+00:00\",\"mainEntityOfPage\":{\"@id\":\"https:\\\/\\\/regiaonews.net.br\\\/2022\\\/2023\\\/11\\\/29\\\/prefeitura-de-barretos-lanca-programacao-para-o-natal-luz-2023\\\/\"},\"wordCount\":1327,\"commentCount\":0,\"publisher\":{\"@id\":\"https:\\\/\\\/regiaonews.net.br\\\/2022\\\/#organization\"},\"image\":{\"@id\":\"https:\\\/\\\/regiaonews.net.br\\\/2022\\\/2023\\\/11\\\/29\\\/prefeitura-de-barretos-lanca-programacao-para-o-natal-luz-2023\\\/#primaryimage\"},\"thumbnailUrl\":\"https:\\\/\\\/regiaonews.net.br\\\/2022\\\/wp-content\\\/uploads\\\/2023\\\/11\\\/WhatsApp-Image-2023-11-29-at-17.50.56.jpeg\",\"articleSection\":[\"Barretos\",\"Cidades\"],\"inLanguage\":\"pt-BR\",\"potentialAction\":[{\"@type\":\"CommentAction\",\"name\":\"Comment\",\"target\":[\"https:\\\/\\\/regiaonews.net.br\\\/2022\\\/2023\\\/11\\\/29\\\/prefeitura-de-barretos-lanca-programacao-para-o-natal-luz-2023\\\/#respond\"]}]},{\"@type\":\"WebPage\",\"@id\":\"https:\\\/\\\/regiaonews.net.br\\\/2022\\\/2023\\\/11\\\/29\\\/prefeitura-de-barretos-lanca-programacao-para-o-natal-luz-2023\\\/\",\"url\":\"https:\\\/\\\/regiaonews.net.br\\\/2022\\\/2023\\\/11\\\/29\\\/prefeitura-de-barretos-lanca-programacao-para-o-natal-luz-2023\\\/\",\"name\":\"Prefeitura de Barretos lan\u00e7a programa\u00e7\u00e3o para o Natal Luz 2023 - Regi\u00e3o News\",\"isPartOf\":{\"@id\":\"https:\\\/\\\/regiaonews.net.br\\\/2022\\\/#website\"},\"primaryImageOfPage\":{\"@id\":\"https:\\\/\\\/regiaonews.net.br\\\/2022\\\/2023\\\/11\\\/29\\\/prefeitura-de-barretos-lanca-programacao-para-o-natal-luz-2023\\\/#primaryimage\"},\"image\":{\"@id\":\"https:\\\/\\\/regiaonews.net.br\\\/2022\\\/2023\\\/11\\\/29\\\/prefeitura-de-barretos-lanca-programacao-para-o-natal-luz-2023\\\/#primaryimage\"},\"thumbnailUrl\":\"https:\\\/\\\/regiaonews.net.br\\\/2022\\\/wp-content\\\/uploads\\\/2023\\\/11\\\/WhatsApp-Image-2023-11-29-at-17.50.56.jpeg\",\"datePublished\":\"2023-11-29T23:01:24+00:00\",\"breadcrumb\":{\"@id\":\"https:\\\/\\\/regiaonews.net.br\\\/2022\\\/2023\\\/11\\\/29\\\/prefeitura-de-barretos-lanca-programacao-para-o-natal-luz-2023\\\/#breadcrumb\"},\"inLanguage\":\"pt-BR\",\"potentialAction\":[{\"@type\":\"ReadAction\",\"target\":[\"https:\\\/\\\/regiaonews.net.br\\\/2022\\\/2023\\\/11\\\/29\\\/prefeitura-de-barretos-lanca-programacao-para-o-natal-luz-2023\\\/\"]}]},{\"@type\":\"ImageObject\",\"inLanguage\":\"pt-BR\",\"@id\":\"https:\\\/\\\/regiaonews.net.br\\\/2022\\\/2023\\\/11\\\/29\\\/prefeitura-de-barretos-lanca-programacao-para-o-natal-luz-2023\\\/#primaryimage\",\"url\":\"https:\\\/\\\/regiaonews.net.br\\\/2022\\\/wp-content\\\/uploads\\\/2023\\\/11\\\/WhatsApp-Image-2023-11-29-at-17.50.56.jpeg\",\"contentUrl\":\"https:\\\/\\\/regiaonews.net.br\\\/2022\\\/wp-content\\\/uploads\\\/2023\\\/11\\\/WhatsApp-Image-2023-11-29-at-17.50.56.jpeg\",\"width\":1600,\"height\":1066},{\"@type\":\"BreadcrumbList\",\"@id\":\"https:\\\/\\\/regiaonews.net.br\\\/2022\\\/2023\\\/11\\\/29\\\/prefeitura-de-barretos-lanca-programacao-para-o-natal-luz-2023\\\/#breadcrumb\",\"itemListElement\":[{\"@type\":\"ListItem\",\"position\":1,\"name\":\"In\u00edcio\",\"item\":\"https:\\\/\\\/regiaonews.net.br\\\/2022\\\/\"},{\"@type\":\"ListItem\",\"position\":2,\"name\":\"Prefeitura de Barretos lan\u00e7a programa\u00e7\u00e3o para o Natal Luz 2023\"}]},{\"@type\":\"WebSite\",\"@id\":\"https:\\\/\\\/regiaonews.net.br\\\/2022\\\/#website\",\"url\":\"https:\\\/\\\/regiaonews.net.br\\\/2022\\\/\",\"name\":\"Regi\u00e3o News\",\"description\":\"Site de Not\u00edcias de Barretos e regi\u00e3o\",\"publisher\":{\"@id\":\"https:\\\/\\\/regiaonews.net.br\\\/2022\\\/#organization\"},\"potentialAction\":[{\"@type\":\"SearchAction\",\"target\":{\"@type\":\"EntryPoint\",\"urlTemplate\":\"https:\\\/\\\/regiaonews.net.br\\\/2022\\\/?s={search_term_string}\"},\"query-input\":{\"@type\":\"PropertyValueSpecification\",\"valueRequired\":true,\"valueName\":\"search_term_string\"}}],\"inLanguage\":\"pt-BR\"},{\"@type\":\"Organization\",\"@id\":\"https:\\\/\\\/regiaonews.net.br\\\/2022\\\/#organization\",\"name\":\"Regi\u00e3o News\",\"url\":\"https:\\\/\\\/regiaonews.net.br\\\/2022\\\/\",\"logo\":{\"@type\":\"ImageObject\",\"inLanguage\":\"pt-BR\",\"@id\":\"https:\\\/\\\/regiaonews.net.br\\\/2022\\\/#\\\/schema\\\/logo\\\/image\\\/\",\"url\":\"https:\\\/\\\/regiaonews.net.br\\\/2022\\\/wp-content\\\/uploads\\\/2026\\\/03\\\/regiao-13-anos-scaled.jpg\",\"contentUrl\":\"https:\\\/\\\/regiaonews.net.br\\\/2022\\\/wp-content\\\/uploads\\\/2026\\\/03\\\/regiao-13-anos-scaled.jpg\",\"width\":2560,\"height\":635,\"caption\":\"Regi\u00e3o News\"},\"image\":{\"@id\":\"https:\\\/\\\/regiaonews.net.br\\\/2022\\\/#\\\/schema\\\/logo\\\/image\\\/\"}},{\"@type\":\"Person\",\"@id\":\"https:\\\/\\\/regiaonews.net.br\\\/2022\\\/#\\\/schema\\\/person\\\/2d205a608a5aa97ac279d7a5e6d89ad8\",\"name\":\"Roberto\",\"image\":{\"@type\":\"ImageObject\",\"inLanguage\":\"pt-BR\",\"@id\":\"https:\\\/\\\/secure.gravatar.com\\\/avatar\\\/42749d8b712ff9d59ca93dc150494e5b55a44134482993f5baeb97e61b7ecc89?s=96&d=mm&r=g\",\"url\":\"https:\\\/\\\/secure.gravatar.com\\\/avatar\\\/42749d8b712ff9d59ca93dc150494e5b55a44134482993f5baeb97e61b7ecc89?s=96&d=mm&r=g\",\"contentUrl\":\"https:\\\/\\\/secure.gravatar.com\\\/avatar\\\/42749d8b712ff9d59ca93dc150494e5b55a44134482993f5baeb97e61b7ecc89?s=96&d=mm&r=g\",\"caption\":\"Roberto\"},\"url\":\"https:\\\/\\\/regiaonews.net.br\\\/2022\\\/author\\\/roberto\\\/\"}]}<\/script>\n<!-- \/ Yoast SEO plugin. -->","yoast_head_json":{"title":"Prefeitura de Barretos lan\u00e7a programa\u00e7\u00e3o para o Natal Luz 2023 - Regi\u00e3o News","robots":{"index":"index","follow":"follow","max-snippet":"max-snippet:-1","max-image-preview":"max-image-preview:large","max-video-preview":"max-video-preview:-1"},"canonical":"https:\/\/regiaonews.net.br\/2022\/2023\/11\/29\/prefeitura-de-barretos-lanca-programacao-para-o-natal-luz-2023\/","og_locale":"pt_BR","og_type":"article","og_title":"Prefeitura de Barretos lan\u00e7a programa\u00e7\u00e3o para o Natal Luz 2023 - Regi\u00e3o News","og_description":"&nbsp; &nbsp; Com eventos in\u00e9ditos, atra\u00e7\u00f5es ser\u00e3o realizadas de forma","og_url":"https:\/\/regiaonews.net.br\/2022\/2023\/11\/29\/prefeitura-de-barretos-lanca-programacao-para-o-natal-luz-2023\/","og_site_name":"Regi\u00e3o News","article_published_time":"2023-11-29T23:01:24+00:00","og_image":[{"width":1600,"height":1066,"url":"https:\/\/regiaonews.net.br\/2022\/wp-content\/uploads\/2023\/11\/WhatsApp-Image-2023-11-29-at-17.50.56.jpeg","type":"image\/jpeg"}],"author":"Roberto","twitter_card":"summary_large_image","twitter_misc":{"Escrito por":"Roberto","Est. tempo de leitura":"7 minutos"},"schema":{"@context":"https:\/\/schema.org","@graph":[{"@type":"Article","@id":"https:\/\/regiaonews.net.br\/2022\/2023\/11\/29\/prefeitura-de-barretos-lanca-programacao-para-o-natal-luz-2023\/#article","isPartOf":{"@id":"https:\/\/regiaonews.net.br\/2022\/2023\/11\/29\/prefeitura-de-barretos-lanca-programacao-para-o-natal-luz-2023\/"},"author":{"name":"Roberto","@id":"https:\/\/regiaonews.net.br\/2022\/#\/schema\/person\/2d205a608a5aa97ac279d7a5e6d89ad8"},"headline":"Prefeitura de Barretos lan\u00e7a programa\u00e7\u00e3o para o Natal Luz 2023","datePublished":"2023-11-29T23:01:24+00:00","mainEntityOfPage":{"@id":"https:\/\/regiaonews.net.br\/2022\/2023\/11\/29\/prefeitura-de-barretos-lanca-programacao-para-o-natal-luz-2023\/"},"wordCount":1327,"commentCount":0,"publisher":{"@id":"https:\/\/regiaonews.net.br\/2022\/#organization"},"image":{"@id":"https:\/\/regiaonews.net.br\/2022\/2023\/11\/29\/prefeitura-de-barretos-lanca-programacao-para-o-natal-luz-2023\/#primaryimage"},"thumbnailUrl":"https:\/\/regiaonews.net.br\/2022\/wp-content\/uploads\/2023\/11\/WhatsApp-Image-2023-11-29-at-17.50.56.jpeg","articleSection":["Barretos","Cidades"],"inLanguage":"pt-BR","potentialAction":[{"@type":"CommentAction","name":"Comment","target":["https:\/\/regiaonews.net.br\/2022\/2023\/11\/29\/prefeitura-de-barretos-lanca-programacao-para-o-natal-luz-2023\/#respond"]}]},{"@type":"WebPage","@id":"https:\/\/regiaonews.net.br\/2022\/2023\/11\/29\/prefeitura-de-barretos-lanca-programacao-para-o-natal-luz-2023\/","url":"https:\/\/regiaonews.net.br\/2022\/2023\/11\/29\/prefeitura-de-barretos-lanca-programacao-para-o-natal-luz-2023\/","name":"Prefeitura de Barretos lan\u00e7a programa\u00e7\u00e3o para o Natal Luz 2023 - Regi\u00e3o News","isPartOf":{"@id":"https:\/\/regiaonews.net.br\/2022\/#website"},"primaryImageOfPage":{"@id":"https:\/\/regiaonews.net.br\/2022\/2023\/11\/29\/prefeitura-de-barretos-lanca-programacao-para-o-natal-luz-2023\/#primaryimage"},"image":{"@id":"https:\/\/regiaonews.net.br\/2022\/2023\/11\/29\/prefeitura-de-barretos-lanca-programacao-para-o-natal-luz-2023\/#primaryimage"},"thumbnailUrl":"https:\/\/regiaonews.net.br\/2022\/wp-content\/uploads\/2023\/11\/WhatsApp-Image-2023-11-29-at-17.50.56.jpeg","datePublished":"2023-11-29T23:01:24+00:00","breadcrumb":{"@id":"https:\/\/regiaonews.net.br\/2022\/2023\/11\/29\/prefeitura-de-barretos-lanca-programacao-para-o-natal-luz-2023\/#breadcrumb"},"inLanguage":"pt-BR","potentialAction":[{"@type":"ReadAction","target":["https:\/\/regiaonews.net.br\/2022\/2023\/11\/29\/prefeitura-de-barretos-lanca-programacao-para-o-natal-luz-2023\/"]}]},{"@type":"ImageObject","inLanguage":"pt-BR","@id":"https:\/\/regiaonews.net.br\/2022\/2023\/11\/29\/prefeitura-de-barretos-lanca-programacao-para-o-natal-luz-2023\/#primaryimage","url":"https:\/\/regiaonews.net.br\/2022\/wp-content\/uploads\/2023\/11\/WhatsApp-Image-2023-11-29-at-17.50.56.jpeg","contentUrl":"https:\/\/regiaonews.net.br\/2022\/wp-content\/uploads\/2023\/11\/WhatsApp-Image-2023-11-29-at-17.50.56.jpeg","width":1600,"height":1066},{"@type":"BreadcrumbList","@id":"https:\/\/regiaonews.net.br\/2022\/2023\/11\/29\/prefeitura-de-barretos-lanca-programacao-para-o-natal-luz-2023\/#breadcrumb","itemListElement":[{"@type":"ListItem","position":1,"name":"In\u00edcio","item":"https:\/\/regiaonews.net.br\/2022\/"},{"@type":"ListItem","position":2,"name":"Prefeitura de Barretos lan\u00e7a programa\u00e7\u00e3o para o Natal Luz 2023"}]},{"@type":"WebSite","@id":"https:\/\/regiaonews.net.br\/2022\/#website","url":"https:\/\/regiaonews.net.br\/2022\/","name":"Regi\u00e3o News","description":"Site de Not\u00edcias de Barretos e regi\u00e3o","publisher":{"@id":"https:\/\/regiaonews.net.br\/2022\/#organization"},"potentialAction":[{"@type":"SearchAction","target":{"@type":"EntryPoint","urlTemplate":"https:\/\/regiaonews.net.br\/2022\/?s={search_term_string}"},"query-input":{"@type":"PropertyValueSpecification","valueRequired":true,"valueName":"search_term_string"}}],"inLanguage":"pt-BR"},{"@type":"Organization","@id":"https:\/\/regiaonews.net.br\/2022\/#organization","name":"Regi\u00e3o News","url":"https:\/\/regiaonews.net.br\/2022\/","logo":{"@type":"ImageObject","inLanguage":"pt-BR","@id":"https:\/\/regiaonews.net.br\/2022\/#\/schema\/logo\/image\/","url":"https:\/\/regiaonews.net.br\/2022\/wp-content\/uploads\/2026\/03\/regiao-13-anos-scaled.jpg","contentUrl":"https:\/\/regiaonews.net.br\/2022\/wp-content\/uploads\/2026\/03\/regiao-13-anos-scaled.jpg","width":2560,"height":635,"caption":"Regi\u00e3o News"},"image":{"@id":"https:\/\/regiaonews.net.br\/2022\/#\/schema\/logo\/image\/"}},{"@type":"Person","@id":"https:\/\/regiaonews.net.br\/2022\/#\/schema\/person\/2d205a608a5aa97ac279d7a5e6d89ad8","name":"Roberto","image":{"@type":"ImageObject","inLanguage":"pt-BR","@id":"https:\/\/secure.gravatar.com\/avatar\/42749d8b712ff9d59ca93dc150494e5b55a44134482993f5baeb97e61b7ecc89?s=96&d=mm&r=g","url":"https:\/\/secure.gravatar.com\/avatar\/42749d8b712ff9d59ca93dc150494e5b55a44134482993f5baeb97e61b7ecc89?s=96&d=mm&r=g","contentUrl":"https:\/\/secure.gravatar.com\/avatar\/42749d8b712ff9d59ca93dc150494e5b55a44134482993f5baeb97e61b7ecc89?s=96&d=mm&r=g","caption":"Roberto"},"url":"https:\/\/regiaonews.net.br\/2022\/author\/roberto\/"}]}},"publishpress_future_action":{"enabled":false,"date":"2026-05-04 15:12:48","action":"change-status","newStatus":"draft","terms":[],"taxonomy":"category","extraData":[]},"publishpress_future_workflow_manual_trigger":{"enabledWorkflows":[]},"_links":{"self":[{"href":"https:\/\/regiaonews.net.br\/2022\/wp-json\/wp\/v2\/posts\/98395","targetHints":{"allow":["GET"]}}],"collection":[{"href":"https:\/\/regiaonews.net.br\/2022\/wp-json\/wp\/v2\/posts"}],"about":[{"href":"https:\/\/regiaonews.net.br\/2022\/wp-json\/wp\/v2\/types\/post"}],"author":[{"embeddable":true,"href":"https:\/\/regiaonews.net.br\/2022\/wp-json\/wp\/v2\/users\/2"}],"replies":[{"embeddable":true,"href":"https:\/\/regiaonews.net.br\/2022\/wp-json\/wp\/v2\/comments?post=98395"}],"version-history":[{"count":1,"href":"https:\/\/regiaonews.net.br\/2022\/wp-json\/wp\/v2\/posts\/98395\/revisions"}],"predecessor-version":[{"id":98397,"href":"https:\/\/regiaonews.net.br\/2022\/wp-json\/wp\/v2\/posts\/98395\/revisions\/98397"}],"wp:featuredmedia":[{"embeddable":true,"href":"https:\/\/regiaonews.net.br\/2022\/wp-json\/wp\/v2\/media\/98396"}],"wp:attachment":[{"href":"https:\/\/regiaonews.net.br\/2022\/wp-json\/wp\/v2\/media?parent=98395"}],"wp:term":[{"taxonomy":"category","embeddable":true,"href":"https:\/\/regiaonews.net.br\/2022\/wp-json\/wp\/v2\/categories?post=98395"},{"taxonomy":"post_tag","embeddable":true,"href":"https:\/\/regiaonews.net.br\/2022\/wp-json\/wp\/v2\/tags?post=98395"}],"curies":[{"name":"wp","href":"https:\/\/api.w.org\/{rel}","templated":true}]}}