{"id":98392,"date":"2023-11-29T16:43:02","date_gmt":"2023-11-29T19:43:02","guid":{"rendered":"https:\/\/regiaonews.net.br\/2022\/?p=98392"},"modified":"2023-11-29T16:43:02","modified_gmt":"2023-11-29T19:43:02","slug":"encontro-na-acib-discutiu-melhorias-para-a-cobranca-de-zona-azul-em-barretos","status":"publish","type":"post","link":"https:\/\/regiaonews.net.br\/2022\/2023\/11\/29\/encontro-na-acib-discutiu-melhorias-para-a-cobranca-de-zona-azul-em-barretos\/","title":{"rendered":"Encontro na ACIB discutiu melhorias para a cobran\u00e7a de Zona Azul em Barretos"},"content":{"rendered":"<h3 style=\"text-align: center;\">Pauta discutiu melhorias e a aplica\u00e7\u00e3o de placas de sinaliza\u00e7\u00e3o no local e nova campanha de comunica\u00e7\u00e3o com os usu\u00e1rios.<\/h3>\n<div>Representantes do com\u00e9rcio, poder p\u00fablico e setor privado t\u00eam levantado demandas e apontado melhorias para o estacionamento na regi\u00e3o central com o objetivo de buscar melhorias para Zona Azul em Barretos. Na quinta-feira, 23 de novembro\/2023, o grupo se reuniu presencialmente na sede da Associa\u00e7\u00e3o Comercial e Industrial de Barretos \u2013 ACIB Participaram da reuni\u00e3o o diretor da ACIB, Gustavo Miziar; o Secret\u00e1rio Municipal de Ordem P\u00fablica da Est\u00e2ncia Tur\u00edstica de Barretos, Luiz de Matos; a chefe do Departamento de Tr\u00e2nsito de Barretos, Regina Barbosa; o chefe do Departamento de Postura do Munic\u00edpio, M\u00e1rio de Oliveira; o gerente operacional Brasil da Serttel\u2013 respons\u00e1vel pelo estacionamento Zona Azul em Barretos,\u00a0 Marlon Valezi, e o coordenador de opera\u00e7\u00f5es da Serttel, Alexandre Dal Sasso.<\/div>\n<div>\u00a0Durante o encontro foram propostas melhorias e sugest\u00f5es apontadas por comerciantes das regi\u00f5es central e entorno da Santa Casa de Miseric\u00f3rdia de Barretos. Entre os principais apontamentos est\u00e3o a simplifica\u00e7\u00e3o do sistema de cobran\u00e7a de estacionamento na regi\u00e3o de zona azul; disponibiliza\u00e7\u00e3o de orienta\u00e7\u00f5es no local; e a falta de notifica\u00e7\u00e3o simplificada e em papel sobre a aplica\u00e7\u00e3o das multas.<\/div>\n<div>As solicita\u00e7\u00f5es foram levantadas pela ACIB e segundo Gustavo Miziara, o com\u00e9rcio no centro da cidade precisa de estacionamento zona azul, mas as reclama\u00e7\u00f5es n\u00e3o podem motivar a diminui\u00e7\u00e3o na movimenta\u00e7\u00e3o no local \u201cPrecisamos de estacionamento zona azul. Quando ficamos pela \u00faltima vez sem a cobran\u00e7a por um per\u00edodo de 45 dias o centro ficou um caos, mas queremos pedir o m\u00e1ximo de melhorias para trabalhar. Precisamos de ajustes para melhor atender nossos clientes. N\u00e3o queremos que pessoas da cidade deixem de frequentar o centro por essas reclama\u00e7\u00f5es e nem que pessoas de outras cidades n\u00e3o frequentem mais o nosso com\u00e9rcio\u201d, disse.<\/div>\n<div>Marlon Valezzi, da Serttel,\u00a0 disse que a empresa estudou melhorias e buscou formas de trabalho que pudessem atender as demandas da cidade \u201cQuando assumimos buscamos inovar com um m\u00e9todo de zona azul que fosse moderno. Antes n\u00e3o havia um sistema de zona azul na regi\u00e3o da Santa Casa atuando e nem atendimento no centro. Estudamos e buscamos solu\u00e7\u00f5es que fossem capazes de atender \u00e0s necessidades, disponibilizamos o aplicativo que nele voc\u00ea poder\u00e1 visualizar atrav\u00e9s de um mapa de calor indicando a possibilidade vagas bem como o usu\u00e1rio poder\u00e1 al\u00e9m de ver os pontos de vendas credenciados no mapa (s\u00e3o mais de 40 pontos credenciados), pode pesquisar tamb\u00e9m se h\u00e1 aviso de irregularidade em sua placa. Os avisos de irregularidades podem ser pagos pelo aplicativo, em pontos de vendas credenciados e pelo site.\u201d, disse. Alexandre Dal Sasso complementou que foram inclu\u00eddas no novo sistema o desmembramento das horas para a cobran\u00e7a e um mapa de fluxo do estacionamento.<\/div>\n<div>O secret\u00e1rio de Ordem P\u00fablica, Luiz de Matos, disse que a pasta, junto aos departamentos de tr\u00e2nsito e departamento de postura tem avaliado as solicita\u00e7\u00f5es e demandas e que junto \u00e0 empresa j\u00e1 trabalha na implementa\u00e7\u00e3o de melhorias, como a instala\u00e7\u00e3o de placas a partir de hoje e em nova campanha de orienta\u00e7\u00e3o aos mun\u00edcipes. Luiz tamb\u00e9m disse que haver\u00e1 mudan\u00e7as na regulariza\u00e7\u00e3o do estacionamento ap\u00f3s a campanha informativa \u201cEstamos trabalhando para melhorar o acesso \u00e0 regi\u00e3o e uso da zona azul, ouvindo as necessidades e j\u00e1 estamos trabalhando junto aos demais setores do poder p\u00fablico, empresa privada e representantes do com\u00e9rcio. Com as campanhas e orienta\u00e7\u00f5es no local buscamos diminuir as ocorr\u00eancias de multas e assim diminuir as reclama\u00e7\u00f5es.\u00a0 \u201d, finalizou.<\/div>\n<div>Principais d\u00favidas e esclarecimentos<\/div>\n<div>Mapa de calor do aplicativo:<\/div>\n<div>O aplicativo da Serttel permite identificar os locais com maior disponibilidade de mais vagas para estacionamento e pontos com maior movimenta\u00e7\u00e3o pelo mapa de calor. Ponto vermelhos sugerem maior movimenta\u00e7\u00e3o, pontos verdes indicam lugares mais calmos e menos movimentados.<\/div>\n<div><\/div>\n<div>Whatsapp<\/div>\n<div>A Serttel disponibiliza tamb\u00e9m a op\u00e7\u00e3o do WhatsApp, para aquisi\u00e7\u00e3o do t\u00edquete, pagamento,\u00a0 recebimento do aviso de irregularidade e informa\u00e7\u00f5es. Basta adicionar em seus contatos o n\u00famero 81-4003-1476 e seguir as orienta\u00e7\u00f5es.<\/div>\n<div>Regulariza\u00e7\u00e3o de pagamento e aplica\u00e7\u00e3o de multas<\/div>\n<div>Um carro com o agente de tr\u00e2nsito embarcado passa pelo local vistoriando as placas e \u00e9 respons\u00e1vel por identificar os carros com ou sem o t\u00edquete. Ap\u00f3s 15 minutos o carro passa novamente, dando ao usu\u00e1rio cerca de 15 min de toler\u00e2ncia at\u00e9 o envio da notifica\u00e7\u00e3o.<\/div>\n<div>\u00a0Em caso de estacionamento sem regulariza\u00e7\u00e3o de pagamento pela ativa\u00e7\u00e3o do t\u00edquete, o sistema primeiro envia uma notifica\u00e7\u00e3o via aplicativo, informando que a vistoria foi realizada, e posteriormente, ap\u00f3s a segunda vistoria \u00e9 gerado o aviso de irregularidade, tamb\u00e9m via aplicativo.<\/div>\n<div>Caso o condutor n\u00e3o tenha o aplicativo instalado,\u00a0 precisa ir a um ponto de venda mais pr\u00f3ximo e informar o n\u00famero da placa para saber se h\u00e1 irregularidade.<\/div>\n<div>Ap\u00f3s a notifica\u00e7\u00e3o de irregularidade, o condutor tem 7 (sete) dias para regularizar o pagamento, por R$19,50.<\/div>\n<div>Ultrapassado o per\u00edodo de sete dias da notifica\u00e7\u00e3o, o propriet\u00e1rio do ve\u00edculo \u00e9 autuado e receber\u00e1 uma notifica\u00e7\u00e3o\u00a0 de autua\u00e7\u00e3o e posteriormente de penalidade no valor de R$195,00. A aplica\u00e7\u00e3o de multas \u00e9 realizada pelo munic\u00edpio de acordo com o CTB ( C\u00f3digo de Tr\u00e2nsito Brasileiro)<\/div>\n<div>Instala\u00e7\u00e3o de placas informativas<\/div>\n<div>A partir de hoje est\u00e3o sendo instaladas placas de orienta\u00e7\u00e3o\u00a0 nos dois setores de zona azul em Barretos com orienta\u00e7\u00f5es de postura,\u00a0 QR code e n\u00famero de whatsapp para esclarecimento de d\u00favidas.<\/div>\n","protected":false},"excerpt":{"rendered":"<p>Pauta discutiu melhorias e a aplica\u00e7\u00e3o de placas de sinaliza\u00e7\u00e3o<\/p>\n","protected":false},"author":2,"featured_media":98393,"comment_status":"open","ping_status":"open","sticky":false,"template":"","format":"standard","meta":{"footnotes":""},"categories":[14,3],"tags":[],"class_list":["post-98392","post","type-post","status-publish","format-standard","has-post-thumbnail","hentry","category-barretos","category-geral"],"yoast_head":"<!-- This site is optimized with the Yoast SEO plugin v27.4 - https:\/\/yoast.com\/product\/yoast-seo-wordpress\/ -->\n<title>Encontro na ACIB discutiu melhorias para a cobran\u00e7a de Zona Azul em Barretos - Regi\u00e3o News<\/title>\n<meta name=\"robots\" content=\"index, follow, max-snippet:-1, max-image-preview:large, max-video-preview:-1\" \/>\n<link rel=\"canonical\" href=\"https:\/\/regiaonews.net.br\/2022\/2023\/11\/29\/encontro-na-acib-discutiu-melhorias-para-a-cobranca-de-zona-azul-em-barretos\/\" \/>\n<meta property=\"og:locale\" content=\"pt_BR\" \/>\n<meta property=\"og:type\" content=\"article\" \/>\n<meta property=\"og:title\" content=\"Encontro na ACIB discutiu melhorias para a cobran\u00e7a de Zona Azul em Barretos - Regi\u00e3o News\" \/>\n<meta property=\"og:description\" content=\"Pauta discutiu melhorias e a aplica\u00e7\u00e3o de placas de sinaliza\u00e7\u00e3o\" \/>\n<meta property=\"og:url\" content=\"https:\/\/regiaonews.net.br\/2022\/2023\/11\/29\/encontro-na-acib-discutiu-melhorias-para-a-cobranca-de-zona-azul-em-barretos\/\" \/>\n<meta property=\"og:site_name\" content=\"Regi\u00e3o News\" \/>\n<meta property=\"article:published_time\" content=\"2023-11-29T19:43:02+00:00\" \/>\n<meta property=\"og:image\" content=\"https:\/\/regiaonews.net.br\/2022\/wp-content\/uploads\/2023\/11\/Imagem-do-WhatsApp-de-2023-11-29-as-12.53.07_80f36644.jpg\" \/>\n\t<meta property=\"og:image:width\" content=\"1600\" \/>\n\t<meta property=\"og:image:height\" content=\"900\" \/>\n\t<meta property=\"og:image:type\" content=\"image\/jpeg\" \/>\n<meta name=\"author\" content=\"Roberto\" \/>\n<meta name=\"twitter:card\" content=\"summary_large_image\" \/>\n<meta name=\"twitter:label1\" content=\"Escrito por\" \/>\n\t<meta name=\"twitter:data1\" content=\"Roberto\" \/>\n\t<meta name=\"twitter:label2\" content=\"Est. tempo de leitura\" \/>\n\t<meta name=\"twitter:data2\" content=\"5 minutos\" \/>\n<script type=\"application\/ld+json\" class=\"yoast-schema-graph\">{\"@context\":\"https:\\\/\\\/schema.org\",\"@graph\":[{\"@type\":\"Article\",\"@id\":\"https:\\\/\\\/regiaonews.net.br\\\/2022\\\/2023\\\/11\\\/29\\\/encontro-na-acib-discutiu-melhorias-para-a-cobranca-de-zona-azul-em-barretos\\\/#article\",\"isPartOf\":{\"@id\":\"https:\\\/\\\/regiaonews.net.br\\\/2022\\\/2023\\\/11\\\/29\\\/encontro-na-acib-discutiu-melhorias-para-a-cobranca-de-zona-azul-em-barretos\\\/\"},\"author\":{\"name\":\"Roberto\",\"@id\":\"https:\\\/\\\/regiaonews.net.br\\\/2022\\\/#\\\/schema\\\/person\\\/2d205a608a5aa97ac279d7a5e6d89ad8\"},\"headline\":\"Encontro na ACIB discutiu melhorias para a cobran\u00e7a de Zona Azul em Barretos\",\"datePublished\":\"2023-11-29T19:43:02+00:00\",\"mainEntityOfPage\":{\"@id\":\"https:\\\/\\\/regiaonews.net.br\\\/2022\\\/2023\\\/11\\\/29\\\/encontro-na-acib-discutiu-melhorias-para-a-cobranca-de-zona-azul-em-barretos\\\/\"},\"wordCount\":1003,\"commentCount\":0,\"publisher\":{\"@id\":\"https:\\\/\\\/regiaonews.net.br\\\/2022\\\/#organization\"},\"image\":{\"@id\":\"https:\\\/\\\/regiaonews.net.br\\\/2022\\\/2023\\\/11\\\/29\\\/encontro-na-acib-discutiu-melhorias-para-a-cobranca-de-zona-azul-em-barretos\\\/#primaryimage\"},\"thumbnailUrl\":\"https:\\\/\\\/regiaonews.net.br\\\/2022\\\/wp-content\\\/uploads\\\/2023\\\/11\\\/Imagem-do-WhatsApp-de-2023-11-29-as-12.53.07_80f36644.jpg\",\"articleSection\":[\"Barretos\",\"Geral\"],\"inLanguage\":\"pt-BR\",\"potentialAction\":[{\"@type\":\"CommentAction\",\"name\":\"Comment\",\"target\":[\"https:\\\/\\\/regiaonews.net.br\\\/2022\\\/2023\\\/11\\\/29\\\/encontro-na-acib-discutiu-melhorias-para-a-cobranca-de-zona-azul-em-barretos\\\/#respond\"]}]},{\"@type\":\"WebPage\",\"@id\":\"https:\\\/\\\/regiaonews.net.br\\\/2022\\\/2023\\\/11\\\/29\\\/encontro-na-acib-discutiu-melhorias-para-a-cobranca-de-zona-azul-em-barretos\\\/\",\"url\":\"https:\\\/\\\/regiaonews.net.br\\\/2022\\\/2023\\\/11\\\/29\\\/encontro-na-acib-discutiu-melhorias-para-a-cobranca-de-zona-azul-em-barretos\\\/\",\"name\":\"Encontro na ACIB discutiu melhorias para a cobran\u00e7a de Zona Azul em Barretos - Regi\u00e3o News\",\"isPartOf\":{\"@id\":\"https:\\\/\\\/regiaonews.net.br\\\/2022\\\/#website\"},\"primaryImageOfPage\":{\"@id\":\"https:\\\/\\\/regiaonews.net.br\\\/2022\\\/2023\\\/11\\\/29\\\/encontro-na-acib-discutiu-melhorias-para-a-cobranca-de-zona-azul-em-barretos\\\/#primaryimage\"},\"image\":{\"@id\":\"https:\\\/\\\/regiaonews.net.br\\\/2022\\\/2023\\\/11\\\/29\\\/encontro-na-acib-discutiu-melhorias-para-a-cobranca-de-zona-azul-em-barretos\\\/#primaryimage\"},\"thumbnailUrl\":\"https:\\\/\\\/regiaonews.net.br\\\/2022\\\/wp-content\\\/uploads\\\/2023\\\/11\\\/Imagem-do-WhatsApp-de-2023-11-29-as-12.53.07_80f36644.jpg\",\"datePublished\":\"2023-11-29T19:43:02+00:00\",\"breadcrumb\":{\"@id\":\"https:\\\/\\\/regiaonews.net.br\\\/2022\\\/2023\\\/11\\\/29\\\/encontro-na-acib-discutiu-melhorias-para-a-cobranca-de-zona-azul-em-barretos\\\/#breadcrumb\"},\"inLanguage\":\"pt-BR\",\"potentialAction\":[{\"@type\":\"ReadAction\",\"target\":[\"https:\\\/\\\/regiaonews.net.br\\\/2022\\\/2023\\\/11\\\/29\\\/encontro-na-acib-discutiu-melhorias-para-a-cobranca-de-zona-azul-em-barretos\\\/\"]}]},{\"@type\":\"ImageObject\",\"inLanguage\":\"pt-BR\",\"@id\":\"https:\\\/\\\/regiaonews.net.br\\\/2022\\\/2023\\\/11\\\/29\\\/encontro-na-acib-discutiu-melhorias-para-a-cobranca-de-zona-azul-em-barretos\\\/#primaryimage\",\"url\":\"https:\\\/\\\/regiaonews.net.br\\\/2022\\\/wp-content\\\/uploads\\\/2023\\\/11\\\/Imagem-do-WhatsApp-de-2023-11-29-as-12.53.07_80f36644.jpg\",\"contentUrl\":\"https:\\\/\\\/regiaonews.net.br\\\/2022\\\/wp-content\\\/uploads\\\/2023\\\/11\\\/Imagem-do-WhatsApp-de-2023-11-29-as-12.53.07_80f36644.jpg\",\"width\":1600,\"height\":900},{\"@type\":\"BreadcrumbList\",\"@id\":\"https:\\\/\\\/regiaonews.net.br\\\/2022\\\/2023\\\/11\\\/29\\\/encontro-na-acib-discutiu-melhorias-para-a-cobranca-de-zona-azul-em-barretos\\\/#breadcrumb\",\"itemListElement\":[{\"@type\":\"ListItem\",\"position\":1,\"name\":\"In\u00edcio\",\"item\":\"https:\\\/\\\/regiaonews.net.br\\\/2022\\\/\"},{\"@type\":\"ListItem\",\"position\":2,\"name\":\"Encontro na ACIB discutiu melhorias para a cobran\u00e7a de Zona Azul em Barretos\"}]},{\"@type\":\"WebSite\",\"@id\":\"https:\\\/\\\/regiaonews.net.br\\\/2022\\\/#website\",\"url\":\"https:\\\/\\\/regiaonews.net.br\\\/2022\\\/\",\"name\":\"Regi\u00e3o News\",\"description\":\"Site de Not\u00edcias de Barretos e regi\u00e3o\",\"publisher\":{\"@id\":\"https:\\\/\\\/regiaonews.net.br\\\/2022\\\/#organization\"},\"potentialAction\":[{\"@type\":\"SearchAction\",\"target\":{\"@type\":\"EntryPoint\",\"urlTemplate\":\"https:\\\/\\\/regiaonews.net.br\\\/2022\\\/?s={search_term_string}\"},\"query-input\":{\"@type\":\"PropertyValueSpecification\",\"valueRequired\":true,\"valueName\":\"search_term_string\"}}],\"inLanguage\":\"pt-BR\"},{\"@type\":\"Organization\",\"@id\":\"https:\\\/\\\/regiaonews.net.br\\\/2022\\\/#organization\",\"name\":\"Regi\u00e3o News\",\"url\":\"https:\\\/\\\/regiaonews.net.br\\\/2022\\\/\",\"logo\":{\"@type\":\"ImageObject\",\"inLanguage\":\"pt-BR\",\"@id\":\"https:\\\/\\\/regiaonews.net.br\\\/2022\\\/#\\\/schema\\\/logo\\\/image\\\/\",\"url\":\"https:\\\/\\\/regiaonews.net.br\\\/2022\\\/wp-content\\\/uploads\\\/2026\\\/03\\\/regiao-13-anos-scaled.jpg\",\"contentUrl\":\"https:\\\/\\\/regiaonews.net.br\\\/2022\\\/wp-content\\\/uploads\\\/2026\\\/03\\\/regiao-13-anos-scaled.jpg\",\"width\":2560,\"height\":635,\"caption\":\"Regi\u00e3o News\"},\"image\":{\"@id\":\"https:\\\/\\\/regiaonews.net.br\\\/2022\\\/#\\\/schema\\\/logo\\\/image\\\/\"}},{\"@type\":\"Person\",\"@id\":\"https:\\\/\\\/regiaonews.net.br\\\/2022\\\/#\\\/schema\\\/person\\\/2d205a608a5aa97ac279d7a5e6d89ad8\",\"name\":\"Roberto\",\"image\":{\"@type\":\"ImageObject\",\"inLanguage\":\"pt-BR\",\"@id\":\"https:\\\/\\\/secure.gravatar.com\\\/avatar\\\/42749d8b712ff9d59ca93dc150494e5b55a44134482993f5baeb97e61b7ecc89?s=96&d=mm&r=g\",\"url\":\"https:\\\/\\\/secure.gravatar.com\\\/avatar\\\/42749d8b712ff9d59ca93dc150494e5b55a44134482993f5baeb97e61b7ecc89?s=96&d=mm&r=g\",\"contentUrl\":\"https:\\\/\\\/secure.gravatar.com\\\/avatar\\\/42749d8b712ff9d59ca93dc150494e5b55a44134482993f5baeb97e61b7ecc89?s=96&d=mm&r=g\",\"caption\":\"Roberto\"},\"url\":\"https:\\\/\\\/regiaonews.net.br\\\/2022\\\/author\\\/roberto\\\/\"}]}<\/script>\n<!-- \/ Yoast SEO plugin. -->","yoast_head_json":{"title":"Encontro na ACIB discutiu melhorias para a cobran\u00e7a de Zona Azul em Barretos - Regi\u00e3o News","robots":{"index":"index","follow":"follow","max-snippet":"max-snippet:-1","max-image-preview":"max-image-preview:large","max-video-preview":"max-video-preview:-1"},"canonical":"https:\/\/regiaonews.net.br\/2022\/2023\/11\/29\/encontro-na-acib-discutiu-melhorias-para-a-cobranca-de-zona-azul-em-barretos\/","og_locale":"pt_BR","og_type":"article","og_title":"Encontro na ACIB discutiu melhorias para a cobran\u00e7a de Zona Azul em Barretos - Regi\u00e3o News","og_description":"Pauta discutiu melhorias e a aplica\u00e7\u00e3o de placas de sinaliza\u00e7\u00e3o","og_url":"https:\/\/regiaonews.net.br\/2022\/2023\/11\/29\/encontro-na-acib-discutiu-melhorias-para-a-cobranca-de-zona-azul-em-barretos\/","og_site_name":"Regi\u00e3o News","article_published_time":"2023-11-29T19:43:02+00:00","og_image":[{"width":1600,"height":900,"url":"https:\/\/regiaonews.net.br\/2022\/wp-content\/uploads\/2023\/11\/Imagem-do-WhatsApp-de-2023-11-29-as-12.53.07_80f36644.jpg","type":"image\/jpeg"}],"author":"Roberto","twitter_card":"summary_large_image","twitter_misc":{"Escrito por":"Roberto","Est. tempo de leitura":"5 minutos"},"schema":{"@context":"https:\/\/schema.org","@graph":[{"@type":"Article","@id":"https:\/\/regiaonews.net.br\/2022\/2023\/11\/29\/encontro-na-acib-discutiu-melhorias-para-a-cobranca-de-zona-azul-em-barretos\/#article","isPartOf":{"@id":"https:\/\/regiaonews.net.br\/2022\/2023\/11\/29\/encontro-na-acib-discutiu-melhorias-para-a-cobranca-de-zona-azul-em-barretos\/"},"author":{"name":"Roberto","@id":"https:\/\/regiaonews.net.br\/2022\/#\/schema\/person\/2d205a608a5aa97ac279d7a5e6d89ad8"},"headline":"Encontro na ACIB discutiu melhorias para a cobran\u00e7a de Zona Azul em Barretos","datePublished":"2023-11-29T19:43:02+00:00","mainEntityOfPage":{"@id":"https:\/\/regiaonews.net.br\/2022\/2023\/11\/29\/encontro-na-acib-discutiu-melhorias-para-a-cobranca-de-zona-azul-em-barretos\/"},"wordCount":1003,"commentCount":0,"publisher":{"@id":"https:\/\/regiaonews.net.br\/2022\/#organization"},"image":{"@id":"https:\/\/regiaonews.net.br\/2022\/2023\/11\/29\/encontro-na-acib-discutiu-melhorias-para-a-cobranca-de-zona-azul-em-barretos\/#primaryimage"},"thumbnailUrl":"https:\/\/regiaonews.net.br\/2022\/wp-content\/uploads\/2023\/11\/Imagem-do-WhatsApp-de-2023-11-29-as-12.53.07_80f36644.jpg","articleSection":["Barretos","Geral"],"inLanguage":"pt-BR","potentialAction":[{"@type":"CommentAction","name":"Comment","target":["https:\/\/regiaonews.net.br\/2022\/2023\/11\/29\/encontro-na-acib-discutiu-melhorias-para-a-cobranca-de-zona-azul-em-barretos\/#respond"]}]},{"@type":"WebPage","@id":"https:\/\/regiaonews.net.br\/2022\/2023\/11\/29\/encontro-na-acib-discutiu-melhorias-para-a-cobranca-de-zona-azul-em-barretos\/","url":"https:\/\/regiaonews.net.br\/2022\/2023\/11\/29\/encontro-na-acib-discutiu-melhorias-para-a-cobranca-de-zona-azul-em-barretos\/","name":"Encontro na ACIB discutiu melhorias para a cobran\u00e7a de Zona Azul em Barretos - Regi\u00e3o News","isPartOf":{"@id":"https:\/\/regiaonews.net.br\/2022\/#website"},"primaryImageOfPage":{"@id":"https:\/\/regiaonews.net.br\/2022\/2023\/11\/29\/encontro-na-acib-discutiu-melhorias-para-a-cobranca-de-zona-azul-em-barretos\/#primaryimage"},"image":{"@id":"https:\/\/regiaonews.net.br\/2022\/2023\/11\/29\/encontro-na-acib-discutiu-melhorias-para-a-cobranca-de-zona-azul-em-barretos\/#primaryimage"},"thumbnailUrl":"https:\/\/regiaonews.net.br\/2022\/wp-content\/uploads\/2023\/11\/Imagem-do-WhatsApp-de-2023-11-29-as-12.53.07_80f36644.jpg","datePublished":"2023-11-29T19:43:02+00:00","breadcrumb":{"@id":"https:\/\/regiaonews.net.br\/2022\/2023\/11\/29\/encontro-na-acib-discutiu-melhorias-para-a-cobranca-de-zona-azul-em-barretos\/#breadcrumb"},"inLanguage":"pt-BR","potentialAction":[{"@type":"ReadAction","target":["https:\/\/regiaonews.net.br\/2022\/2023\/11\/29\/encontro-na-acib-discutiu-melhorias-para-a-cobranca-de-zona-azul-em-barretos\/"]}]},{"@type":"ImageObject","inLanguage":"pt-BR","@id":"https:\/\/regiaonews.net.br\/2022\/2023\/11\/29\/encontro-na-acib-discutiu-melhorias-para-a-cobranca-de-zona-azul-em-barretos\/#primaryimage","url":"https:\/\/regiaonews.net.br\/2022\/wp-content\/uploads\/2023\/11\/Imagem-do-WhatsApp-de-2023-11-29-as-12.53.07_80f36644.jpg","contentUrl":"https:\/\/regiaonews.net.br\/2022\/wp-content\/uploads\/2023\/11\/Imagem-do-WhatsApp-de-2023-11-29-as-12.53.07_80f36644.jpg","width":1600,"height":900},{"@type":"BreadcrumbList","@id":"https:\/\/regiaonews.net.br\/2022\/2023\/11\/29\/encontro-na-acib-discutiu-melhorias-para-a-cobranca-de-zona-azul-em-barretos\/#breadcrumb","itemListElement":[{"@type":"ListItem","position":1,"name":"In\u00edcio","item":"https:\/\/regiaonews.net.br\/2022\/"},{"@type":"ListItem","position":2,"name":"Encontro na ACIB discutiu melhorias para a cobran\u00e7a de Zona Azul em Barretos"}]},{"@type":"WebSite","@id":"https:\/\/regiaonews.net.br\/2022\/#website","url":"https:\/\/regiaonews.net.br\/2022\/","name":"Regi\u00e3o News","description":"Site de Not\u00edcias de Barretos e regi\u00e3o","publisher":{"@id":"https:\/\/regiaonews.net.br\/2022\/#organization"},"potentialAction":[{"@type":"SearchAction","target":{"@type":"EntryPoint","urlTemplate":"https:\/\/regiaonews.net.br\/2022\/?s={search_term_string}"},"query-input":{"@type":"PropertyValueSpecification","valueRequired":true,"valueName":"search_term_string"}}],"inLanguage":"pt-BR"},{"@type":"Organization","@id":"https:\/\/regiaonews.net.br\/2022\/#organization","name":"Regi\u00e3o News","url":"https:\/\/regiaonews.net.br\/2022\/","logo":{"@type":"ImageObject","inLanguage":"pt-BR","@id":"https:\/\/regiaonews.net.br\/2022\/#\/schema\/logo\/image\/","url":"https:\/\/regiaonews.net.br\/2022\/wp-content\/uploads\/2026\/03\/regiao-13-anos-scaled.jpg","contentUrl":"https:\/\/regiaonews.net.br\/2022\/wp-content\/uploads\/2026\/03\/regiao-13-anos-scaled.jpg","width":2560,"height":635,"caption":"Regi\u00e3o News"},"image":{"@id":"https:\/\/regiaonews.net.br\/2022\/#\/schema\/logo\/image\/"}},{"@type":"Person","@id":"https:\/\/regiaonews.net.br\/2022\/#\/schema\/person\/2d205a608a5aa97ac279d7a5e6d89ad8","name":"Roberto","image":{"@type":"ImageObject","inLanguage":"pt-BR","@id":"https:\/\/secure.gravatar.com\/avatar\/42749d8b712ff9d59ca93dc150494e5b55a44134482993f5baeb97e61b7ecc89?s=96&d=mm&r=g","url":"https:\/\/secure.gravatar.com\/avatar\/42749d8b712ff9d59ca93dc150494e5b55a44134482993f5baeb97e61b7ecc89?s=96&d=mm&r=g","contentUrl":"https:\/\/secure.gravatar.com\/avatar\/42749d8b712ff9d59ca93dc150494e5b55a44134482993f5baeb97e61b7ecc89?s=96&d=mm&r=g","caption":"Roberto"},"url":"https:\/\/regiaonews.net.br\/2022\/author\/roberto\/"}]}},"publishpress_future_action":{"enabled":false,"date":"2026-05-04 12:19:45","action":"change-status","newStatus":"draft","terms":[],"taxonomy":"category","extraData":[]},"publishpress_future_workflow_manual_trigger":{"enabledWorkflows":[]},"_links":{"self":[{"href":"https:\/\/regiaonews.net.br\/2022\/wp-json\/wp\/v2\/posts\/98392","targetHints":{"allow":["GET"]}}],"collection":[{"href":"https:\/\/regiaonews.net.br\/2022\/wp-json\/wp\/v2\/posts"}],"about":[{"href":"https:\/\/regiaonews.net.br\/2022\/wp-json\/wp\/v2\/types\/post"}],"author":[{"embeddable":true,"href":"https:\/\/regiaonews.net.br\/2022\/wp-json\/wp\/v2\/users\/2"}],"replies":[{"embeddable":true,"href":"https:\/\/regiaonews.net.br\/2022\/wp-json\/wp\/v2\/comments?post=98392"}],"version-history":[{"count":1,"href":"https:\/\/regiaonews.net.br\/2022\/wp-json\/wp\/v2\/posts\/98392\/revisions"}],"predecessor-version":[{"id":98394,"href":"https:\/\/regiaonews.net.br\/2022\/wp-json\/wp\/v2\/posts\/98392\/revisions\/98394"}],"wp:featuredmedia":[{"embeddable":true,"href":"https:\/\/regiaonews.net.br\/2022\/wp-json\/wp\/v2\/media\/98393"}],"wp:attachment":[{"href":"https:\/\/regiaonews.net.br\/2022\/wp-json\/wp\/v2\/media?parent=98392"}],"wp:term":[{"taxonomy":"category","embeddable":true,"href":"https:\/\/regiaonews.net.br\/2022\/wp-json\/wp\/v2\/categories?post=98392"},{"taxonomy":"post_tag","embeddable":true,"href":"https:\/\/regiaonews.net.br\/2022\/wp-json\/wp\/v2\/tags?post=98392"}],"curies":[{"name":"wp","href":"https:\/\/api.w.org\/{rel}","templated":true}]}}