{"id":98372,"date":"2023-11-29T11:37:22","date_gmt":"2023-11-29T14:37:22","guid":{"rendered":"https:\/\/regiaonews.net.br\/2022\/?p=98372"},"modified":"2023-11-29T14:58:29","modified_gmt":"2023-11-29T17:58:29","slug":"prefeitura-de-bebedouro-inaugura-iluminacao-de-natal-na-cidade","status":"publish","type":"post","link":"https:\/\/regiaonews.net.br\/2022\/2023\/11\/29\/prefeitura-de-bebedouro-inaugura-iluminacao-de-natal-na-cidade\/","title":{"rendered":"Prefeitura de Bebedouro inaugura ilumina\u00e7\u00e3o de natal na cidade"},"content":{"rendered":"<div class=\"xdj266r x11i5rnm xat24cr x1mh8g0r x1vvkbs x126k92a\">\n<div dir=\"auto\">A cidade de Bebedouro realizou no s\u00e1bado (25\/11), oficialmente, a inaugura\u00e7\u00e3o do Natal Luz 2023. O prefeito Lucas Seren e a vice-prefeita Sebastiana Tavares, lan\u00e7aram a nova ilumina\u00e7\u00e3o, decora\u00e7\u00e3o e as novidades natalinas na Pra\u00e7a da Concha.<\/div>\n<\/div>\n<div class=\"x11i5rnm xat24cr x1mh8g0r x1vvkbs xtlvy1s x126k92a\">\n<div dir=\"auto\">O evento registrou \u00e0 apresenta\u00e7\u00e3o musical do Coral Municipal \u201cPedro Pellegrino\u201d, juntamente com artistas da cidade, como Ana Canhoto, Pollyana Papel, Iris Martins, tecladista J\u00falio Zoty, Rafael Valverde e Banda Reprise.<\/div>\n<\/div>\n<div class=\"x11i5rnm xat24cr x1mh8g0r x1vvkbs xtlvy1s x126k92a\">\n<div dir=\"auto\">A programa\u00e7\u00e3o se estendeu no domingo (26\/11), com a inaugura\u00e7\u00e3o da \u00e1rvore de natal, localizada no Lago Artificial, que tem como idealizador o empres\u00e1rio, Roberto Campanelli. Al\u00e9m disso, na mesma regi\u00e3o, a pra\u00e7a Santa Paula Frassinetti, tamb\u00e9m foi decorada com ilumina\u00e7\u00e3o de natal.<\/div>\n<\/div>\n<div class=\"x11i5rnm xat24cr x1mh8g0r x1vvkbs xtlvy1s x126k92a\">\n<div dir=\"auto\">\u201cO natal \u00e9 um momento muito importante para as fam\u00edlias, um grande simbolismo de amor, uni\u00e3o e paz. Essas a\u00e7\u00f5es, realizadas na cidade, proporcionam o bem-estar, estimulam sonhos e as lembran\u00e7as de bons momentos\u201d, diz o prefeito Lucas Seren.<\/div>\n<\/div>\n","protected":false},"excerpt":{"rendered":"<p>A cidade de Bebedouro realizou no s\u00e1bado (25\/11), oficialmente, a<\/p>\n","protected":false},"author":2,"featured_media":98373,"comment_status":"open","ping_status":"open","sticky":false,"template":"","format":"standard","meta":{"footnotes":""},"categories":[4,3],"tags":[],"class_list":["post-98372","post","type-post","status-publish","format-standard","has-post-thumbnail","hentry","category-bebedouro","category-geral"],"yoast_head":"<!-- This site is optimized with the Yoast SEO plugin v27.4 - https:\/\/yoast.com\/product\/yoast-seo-wordpress\/ -->\n<title>Prefeitura de Bebedouro inaugura ilumina\u00e7\u00e3o de natal na cidade - Regi\u00e3o News<\/title>\n<meta name=\"robots\" content=\"index, follow, max-snippet:-1, max-image-preview:large, max-video-preview:-1\" \/>\n<link rel=\"canonical\" href=\"https:\/\/regiaonews.net.br\/2022\/2023\/11\/29\/prefeitura-de-bebedouro-inaugura-iluminacao-de-natal-na-cidade\/\" \/>\n<meta property=\"og:locale\" content=\"pt_BR\" \/>\n<meta property=\"og:type\" content=\"article\" \/>\n<meta property=\"og:title\" content=\"Prefeitura de Bebedouro inaugura ilumina\u00e7\u00e3o de natal na cidade - Regi\u00e3o News\" \/>\n<meta property=\"og:description\" content=\"A cidade de Bebedouro realizou no s\u00e1bado (25\/11), oficialmente, a\" \/>\n<meta property=\"og:url\" content=\"https:\/\/regiaonews.net.br\/2022\/2023\/11\/29\/prefeitura-de-bebedouro-inaugura-iluminacao-de-natal-na-cidade\/\" \/>\n<meta property=\"og:site_name\" content=\"Regi\u00e3o News\" \/>\n<meta property=\"article:published_time\" content=\"2023-11-29T14:37:22+00:00\" \/>\n<meta property=\"article:modified_time\" content=\"2023-11-29T17:58:29+00:00\" \/>\n<meta property=\"og:image\" content=\"https:\/\/regiaonews.net.br\/2022\/wp-content\/uploads\/2023\/11\/404677475_722712329890607_3952681380624933293_n.jpg\" \/>\n\t<meta property=\"og:image:width\" content=\"600\" \/>\n\t<meta property=\"og:image:height\" content=\"337\" \/>\n\t<meta property=\"og:image:type\" content=\"image\/jpeg\" \/>\n<meta name=\"author\" content=\"Roberto\" \/>\n<meta name=\"twitter:card\" content=\"summary_large_image\" \/>\n<meta name=\"twitter:label1\" content=\"Escrito por\" \/>\n\t<meta name=\"twitter:data1\" content=\"Roberto\" \/>\n\t<meta name=\"twitter:label2\" content=\"Est. tempo de leitura\" \/>\n\t<meta name=\"twitter:data2\" content=\"1 minuto\" \/>\n<script type=\"application\/ld+json\" class=\"yoast-schema-graph\">{\"@context\":\"https:\\\/\\\/schema.org\",\"@graph\":[{\"@type\":\"Article\",\"@id\":\"https:\\\/\\\/regiaonews.net.br\\\/2022\\\/2023\\\/11\\\/29\\\/prefeitura-de-bebedouro-inaugura-iluminacao-de-natal-na-cidade\\\/#article\",\"isPartOf\":{\"@id\":\"https:\\\/\\\/regiaonews.net.br\\\/2022\\\/2023\\\/11\\\/29\\\/prefeitura-de-bebedouro-inaugura-iluminacao-de-natal-na-cidade\\\/\"},\"author\":{\"name\":\"Roberto\",\"@id\":\"https:\\\/\\\/regiaonews.net.br\\\/2022\\\/#\\\/schema\\\/person\\\/2d205a608a5aa97ac279d7a5e6d89ad8\"},\"headline\":\"Prefeitura de Bebedouro inaugura ilumina\u00e7\u00e3o de natal na cidade\",\"datePublished\":\"2023-11-29T14:37:22+00:00\",\"dateModified\":\"2023-11-29T17:58:29+00:00\",\"mainEntityOfPage\":{\"@id\":\"https:\\\/\\\/regiaonews.net.br\\\/2022\\\/2023\\\/11\\\/29\\\/prefeitura-de-bebedouro-inaugura-iluminacao-de-natal-na-cidade\\\/\"},\"wordCount\":175,\"commentCount\":0,\"publisher\":{\"@id\":\"https:\\\/\\\/regiaonews.net.br\\\/2022\\\/#organization\"},\"image\":{\"@id\":\"https:\\\/\\\/regiaonews.net.br\\\/2022\\\/2023\\\/11\\\/29\\\/prefeitura-de-bebedouro-inaugura-iluminacao-de-natal-na-cidade\\\/#primaryimage\"},\"thumbnailUrl\":\"https:\\\/\\\/regiaonews.net.br\\\/2022\\\/wp-content\\\/uploads\\\/2023\\\/11\\\/404677475_722712329890607_3952681380624933293_n.jpg\",\"articleSection\":[\"Bebedouro\",\"Geral\"],\"inLanguage\":\"pt-BR\",\"potentialAction\":[{\"@type\":\"CommentAction\",\"name\":\"Comment\",\"target\":[\"https:\\\/\\\/regiaonews.net.br\\\/2022\\\/2023\\\/11\\\/29\\\/prefeitura-de-bebedouro-inaugura-iluminacao-de-natal-na-cidade\\\/#respond\"]}]},{\"@type\":\"WebPage\",\"@id\":\"https:\\\/\\\/regiaonews.net.br\\\/2022\\\/2023\\\/11\\\/29\\\/prefeitura-de-bebedouro-inaugura-iluminacao-de-natal-na-cidade\\\/\",\"url\":\"https:\\\/\\\/regiaonews.net.br\\\/2022\\\/2023\\\/11\\\/29\\\/prefeitura-de-bebedouro-inaugura-iluminacao-de-natal-na-cidade\\\/\",\"name\":\"Prefeitura de Bebedouro inaugura ilumina\u00e7\u00e3o de natal na cidade - Regi\u00e3o News\",\"isPartOf\":{\"@id\":\"https:\\\/\\\/regiaonews.net.br\\\/2022\\\/#website\"},\"primaryImageOfPage\":{\"@id\":\"https:\\\/\\\/regiaonews.net.br\\\/2022\\\/2023\\\/11\\\/29\\\/prefeitura-de-bebedouro-inaugura-iluminacao-de-natal-na-cidade\\\/#primaryimage\"},\"image\":{\"@id\":\"https:\\\/\\\/regiaonews.net.br\\\/2022\\\/2023\\\/11\\\/29\\\/prefeitura-de-bebedouro-inaugura-iluminacao-de-natal-na-cidade\\\/#primaryimage\"},\"thumbnailUrl\":\"https:\\\/\\\/regiaonews.net.br\\\/2022\\\/wp-content\\\/uploads\\\/2023\\\/11\\\/404677475_722712329890607_3952681380624933293_n.jpg\",\"datePublished\":\"2023-11-29T14:37:22+00:00\",\"dateModified\":\"2023-11-29T17:58:29+00:00\",\"breadcrumb\":{\"@id\":\"https:\\\/\\\/regiaonews.net.br\\\/2022\\\/2023\\\/11\\\/29\\\/prefeitura-de-bebedouro-inaugura-iluminacao-de-natal-na-cidade\\\/#breadcrumb\"},\"inLanguage\":\"pt-BR\",\"potentialAction\":[{\"@type\":\"ReadAction\",\"target\":[\"https:\\\/\\\/regiaonews.net.br\\\/2022\\\/2023\\\/11\\\/29\\\/prefeitura-de-bebedouro-inaugura-iluminacao-de-natal-na-cidade\\\/\"]}]},{\"@type\":\"ImageObject\",\"inLanguage\":\"pt-BR\",\"@id\":\"https:\\\/\\\/regiaonews.net.br\\\/2022\\\/2023\\\/11\\\/29\\\/prefeitura-de-bebedouro-inaugura-iluminacao-de-natal-na-cidade\\\/#primaryimage\",\"url\":\"https:\\\/\\\/regiaonews.net.br\\\/2022\\\/wp-content\\\/uploads\\\/2023\\\/11\\\/404677475_722712329890607_3952681380624933293_n.jpg\",\"contentUrl\":\"https:\\\/\\\/regiaonews.net.br\\\/2022\\\/wp-content\\\/uploads\\\/2023\\\/11\\\/404677475_722712329890607_3952681380624933293_n.jpg\",\"width\":600,\"height\":337},{\"@type\":\"BreadcrumbList\",\"@id\":\"https:\\\/\\\/regiaonews.net.br\\\/2022\\\/2023\\\/11\\\/29\\\/prefeitura-de-bebedouro-inaugura-iluminacao-de-natal-na-cidade\\\/#breadcrumb\",\"itemListElement\":[{\"@type\":\"ListItem\",\"position\":1,\"name\":\"In\u00edcio\",\"item\":\"https:\\\/\\\/regiaonews.net.br\\\/2022\\\/\"},{\"@type\":\"ListItem\",\"position\":2,\"name\":\"Prefeitura de Bebedouro inaugura ilumina\u00e7\u00e3o de natal na cidade\"}]},{\"@type\":\"WebSite\",\"@id\":\"https:\\\/\\\/regiaonews.net.br\\\/2022\\\/#website\",\"url\":\"https:\\\/\\\/regiaonews.net.br\\\/2022\\\/\",\"name\":\"Regi\u00e3o News\",\"description\":\"Site de Not\u00edcias de Barretos e regi\u00e3o\",\"publisher\":{\"@id\":\"https:\\\/\\\/regiaonews.net.br\\\/2022\\\/#organization\"},\"potentialAction\":[{\"@type\":\"SearchAction\",\"target\":{\"@type\":\"EntryPoint\",\"urlTemplate\":\"https:\\\/\\\/regiaonews.net.br\\\/2022\\\/?s={search_term_string}\"},\"query-input\":{\"@type\":\"PropertyValueSpecification\",\"valueRequired\":true,\"valueName\":\"search_term_string\"}}],\"inLanguage\":\"pt-BR\"},{\"@type\":\"Organization\",\"@id\":\"https:\\\/\\\/regiaonews.net.br\\\/2022\\\/#organization\",\"name\":\"Regi\u00e3o News\",\"url\":\"https:\\\/\\\/regiaonews.net.br\\\/2022\\\/\",\"logo\":{\"@type\":\"ImageObject\",\"inLanguage\":\"pt-BR\",\"@id\":\"https:\\\/\\\/regiaonews.net.br\\\/2022\\\/#\\\/schema\\\/logo\\\/image\\\/\",\"url\":\"https:\\\/\\\/regiaonews.net.br\\\/2022\\\/wp-content\\\/uploads\\\/2026\\\/03\\\/regiao-13-anos-scaled.jpg\",\"contentUrl\":\"https:\\\/\\\/regiaonews.net.br\\\/2022\\\/wp-content\\\/uploads\\\/2026\\\/03\\\/regiao-13-anos-scaled.jpg\",\"width\":2560,\"height\":635,\"caption\":\"Regi\u00e3o News\"},\"image\":{\"@id\":\"https:\\\/\\\/regiaonews.net.br\\\/2022\\\/#\\\/schema\\\/logo\\\/image\\\/\"}},{\"@type\":\"Person\",\"@id\":\"https:\\\/\\\/regiaonews.net.br\\\/2022\\\/#\\\/schema\\\/person\\\/2d205a608a5aa97ac279d7a5e6d89ad8\",\"name\":\"Roberto\",\"image\":{\"@type\":\"ImageObject\",\"inLanguage\":\"pt-BR\",\"@id\":\"https:\\\/\\\/secure.gravatar.com\\\/avatar\\\/42749d8b712ff9d59ca93dc150494e5b55a44134482993f5baeb97e61b7ecc89?s=96&d=mm&r=g\",\"url\":\"https:\\\/\\\/secure.gravatar.com\\\/avatar\\\/42749d8b712ff9d59ca93dc150494e5b55a44134482993f5baeb97e61b7ecc89?s=96&d=mm&r=g\",\"contentUrl\":\"https:\\\/\\\/secure.gravatar.com\\\/avatar\\\/42749d8b712ff9d59ca93dc150494e5b55a44134482993f5baeb97e61b7ecc89?s=96&d=mm&r=g\",\"caption\":\"Roberto\"},\"url\":\"https:\\\/\\\/regiaonews.net.br\\\/2022\\\/author\\\/roberto\\\/\"}]}<\/script>\n<!-- \/ Yoast SEO plugin. -->","yoast_head_json":{"title":"Prefeitura de Bebedouro inaugura ilumina\u00e7\u00e3o de natal na cidade - Regi\u00e3o News","robots":{"index":"index","follow":"follow","max-snippet":"max-snippet:-1","max-image-preview":"max-image-preview:large","max-video-preview":"max-video-preview:-1"},"canonical":"https:\/\/regiaonews.net.br\/2022\/2023\/11\/29\/prefeitura-de-bebedouro-inaugura-iluminacao-de-natal-na-cidade\/","og_locale":"pt_BR","og_type":"article","og_title":"Prefeitura de Bebedouro inaugura ilumina\u00e7\u00e3o de natal na cidade - Regi\u00e3o News","og_description":"A cidade de Bebedouro realizou no s\u00e1bado (25\/11), oficialmente, a","og_url":"https:\/\/regiaonews.net.br\/2022\/2023\/11\/29\/prefeitura-de-bebedouro-inaugura-iluminacao-de-natal-na-cidade\/","og_site_name":"Regi\u00e3o News","article_published_time":"2023-11-29T14:37:22+00:00","article_modified_time":"2023-11-29T17:58:29+00:00","og_image":[{"width":600,"height":337,"url":"https:\/\/regiaonews.net.br\/2022\/wp-content\/uploads\/2023\/11\/404677475_722712329890607_3952681380624933293_n.jpg","type":"image\/jpeg"}],"author":"Roberto","twitter_card":"summary_large_image","twitter_misc":{"Escrito por":"Roberto","Est. tempo de leitura":"1 minuto"},"schema":{"@context":"https:\/\/schema.org","@graph":[{"@type":"Article","@id":"https:\/\/regiaonews.net.br\/2022\/2023\/11\/29\/prefeitura-de-bebedouro-inaugura-iluminacao-de-natal-na-cidade\/#article","isPartOf":{"@id":"https:\/\/regiaonews.net.br\/2022\/2023\/11\/29\/prefeitura-de-bebedouro-inaugura-iluminacao-de-natal-na-cidade\/"},"author":{"name":"Roberto","@id":"https:\/\/regiaonews.net.br\/2022\/#\/schema\/person\/2d205a608a5aa97ac279d7a5e6d89ad8"},"headline":"Prefeitura de Bebedouro inaugura ilumina\u00e7\u00e3o de natal na cidade","datePublished":"2023-11-29T14:37:22+00:00","dateModified":"2023-11-29T17:58:29+00:00","mainEntityOfPage":{"@id":"https:\/\/regiaonews.net.br\/2022\/2023\/11\/29\/prefeitura-de-bebedouro-inaugura-iluminacao-de-natal-na-cidade\/"},"wordCount":175,"commentCount":0,"publisher":{"@id":"https:\/\/regiaonews.net.br\/2022\/#organization"},"image":{"@id":"https:\/\/regiaonews.net.br\/2022\/2023\/11\/29\/prefeitura-de-bebedouro-inaugura-iluminacao-de-natal-na-cidade\/#primaryimage"},"thumbnailUrl":"https:\/\/regiaonews.net.br\/2022\/wp-content\/uploads\/2023\/11\/404677475_722712329890607_3952681380624933293_n.jpg","articleSection":["Bebedouro","Geral"],"inLanguage":"pt-BR","potentialAction":[{"@type":"CommentAction","name":"Comment","target":["https:\/\/regiaonews.net.br\/2022\/2023\/11\/29\/prefeitura-de-bebedouro-inaugura-iluminacao-de-natal-na-cidade\/#respond"]}]},{"@type":"WebPage","@id":"https:\/\/regiaonews.net.br\/2022\/2023\/11\/29\/prefeitura-de-bebedouro-inaugura-iluminacao-de-natal-na-cidade\/","url":"https:\/\/regiaonews.net.br\/2022\/2023\/11\/29\/prefeitura-de-bebedouro-inaugura-iluminacao-de-natal-na-cidade\/","name":"Prefeitura de Bebedouro inaugura ilumina\u00e7\u00e3o de natal na cidade - Regi\u00e3o News","isPartOf":{"@id":"https:\/\/regiaonews.net.br\/2022\/#website"},"primaryImageOfPage":{"@id":"https:\/\/regiaonews.net.br\/2022\/2023\/11\/29\/prefeitura-de-bebedouro-inaugura-iluminacao-de-natal-na-cidade\/#primaryimage"},"image":{"@id":"https:\/\/regiaonews.net.br\/2022\/2023\/11\/29\/prefeitura-de-bebedouro-inaugura-iluminacao-de-natal-na-cidade\/#primaryimage"},"thumbnailUrl":"https:\/\/regiaonews.net.br\/2022\/wp-content\/uploads\/2023\/11\/404677475_722712329890607_3952681380624933293_n.jpg","datePublished":"2023-11-29T14:37:22+00:00","dateModified":"2023-11-29T17:58:29+00:00","breadcrumb":{"@id":"https:\/\/regiaonews.net.br\/2022\/2023\/11\/29\/prefeitura-de-bebedouro-inaugura-iluminacao-de-natal-na-cidade\/#breadcrumb"},"inLanguage":"pt-BR","potentialAction":[{"@type":"ReadAction","target":["https:\/\/regiaonews.net.br\/2022\/2023\/11\/29\/prefeitura-de-bebedouro-inaugura-iluminacao-de-natal-na-cidade\/"]}]},{"@type":"ImageObject","inLanguage":"pt-BR","@id":"https:\/\/regiaonews.net.br\/2022\/2023\/11\/29\/prefeitura-de-bebedouro-inaugura-iluminacao-de-natal-na-cidade\/#primaryimage","url":"https:\/\/regiaonews.net.br\/2022\/wp-content\/uploads\/2023\/11\/404677475_722712329890607_3952681380624933293_n.jpg","contentUrl":"https:\/\/regiaonews.net.br\/2022\/wp-content\/uploads\/2023\/11\/404677475_722712329890607_3952681380624933293_n.jpg","width":600,"height":337},{"@type":"BreadcrumbList","@id":"https:\/\/regiaonews.net.br\/2022\/2023\/11\/29\/prefeitura-de-bebedouro-inaugura-iluminacao-de-natal-na-cidade\/#breadcrumb","itemListElement":[{"@type":"ListItem","position":1,"name":"In\u00edcio","item":"https:\/\/regiaonews.net.br\/2022\/"},{"@type":"ListItem","position":2,"name":"Prefeitura de Bebedouro inaugura ilumina\u00e7\u00e3o de natal na cidade"}]},{"@type":"WebSite","@id":"https:\/\/regiaonews.net.br\/2022\/#website","url":"https:\/\/regiaonews.net.br\/2022\/","name":"Regi\u00e3o News","description":"Site de Not\u00edcias de Barretos e regi\u00e3o","publisher":{"@id":"https:\/\/regiaonews.net.br\/2022\/#organization"},"potentialAction":[{"@type":"SearchAction","target":{"@type":"EntryPoint","urlTemplate":"https:\/\/regiaonews.net.br\/2022\/?s={search_term_string}"},"query-input":{"@type":"PropertyValueSpecification","valueRequired":true,"valueName":"search_term_string"}}],"inLanguage":"pt-BR"},{"@type":"Organization","@id":"https:\/\/regiaonews.net.br\/2022\/#organization","name":"Regi\u00e3o News","url":"https:\/\/regiaonews.net.br\/2022\/","logo":{"@type":"ImageObject","inLanguage":"pt-BR","@id":"https:\/\/regiaonews.net.br\/2022\/#\/schema\/logo\/image\/","url":"https:\/\/regiaonews.net.br\/2022\/wp-content\/uploads\/2026\/03\/regiao-13-anos-scaled.jpg","contentUrl":"https:\/\/regiaonews.net.br\/2022\/wp-content\/uploads\/2026\/03\/regiao-13-anos-scaled.jpg","width":2560,"height":635,"caption":"Regi\u00e3o News"},"image":{"@id":"https:\/\/regiaonews.net.br\/2022\/#\/schema\/logo\/image\/"}},{"@type":"Person","@id":"https:\/\/regiaonews.net.br\/2022\/#\/schema\/person\/2d205a608a5aa97ac279d7a5e6d89ad8","name":"Roberto","image":{"@type":"ImageObject","inLanguage":"pt-BR","@id":"https:\/\/secure.gravatar.com\/avatar\/42749d8b712ff9d59ca93dc150494e5b55a44134482993f5baeb97e61b7ecc89?s=96&d=mm&r=g","url":"https:\/\/secure.gravatar.com\/avatar\/42749d8b712ff9d59ca93dc150494e5b55a44134482993f5baeb97e61b7ecc89?s=96&d=mm&r=g","contentUrl":"https:\/\/secure.gravatar.com\/avatar\/42749d8b712ff9d59ca93dc150494e5b55a44134482993f5baeb97e61b7ecc89?s=96&d=mm&r=g","caption":"Roberto"},"url":"https:\/\/regiaonews.net.br\/2022\/author\/roberto\/"}]}},"publishpress_future_action":{"enabled":false,"date":"2026-05-04 10:05:40","action":"change-status","newStatus":"draft","terms":[],"taxonomy":"category","extraData":[]},"publishpress_future_workflow_manual_trigger":{"enabledWorkflows":[]},"_links":{"self":[{"href":"https:\/\/regiaonews.net.br\/2022\/wp-json\/wp\/v2\/posts\/98372","targetHints":{"allow":["GET"]}}],"collection":[{"href":"https:\/\/regiaonews.net.br\/2022\/wp-json\/wp\/v2\/posts"}],"about":[{"href":"https:\/\/regiaonews.net.br\/2022\/wp-json\/wp\/v2\/types\/post"}],"author":[{"embeddable":true,"href":"https:\/\/regiaonews.net.br\/2022\/wp-json\/wp\/v2\/users\/2"}],"replies":[{"embeddable":true,"href":"https:\/\/regiaonews.net.br\/2022\/wp-json\/wp\/v2\/comments?post=98372"}],"version-history":[{"count":2,"href":"https:\/\/regiaonews.net.br\/2022\/wp-json\/wp\/v2\/posts\/98372\/revisions"}],"predecessor-version":[{"id":98390,"href":"https:\/\/regiaonews.net.br\/2022\/wp-json\/wp\/v2\/posts\/98372\/revisions\/98390"}],"wp:featuredmedia":[{"embeddable":true,"href":"https:\/\/regiaonews.net.br\/2022\/wp-json\/wp\/v2\/media\/98373"}],"wp:attachment":[{"href":"https:\/\/regiaonews.net.br\/2022\/wp-json\/wp\/v2\/media?parent=98372"}],"wp:term":[{"taxonomy":"category","embeddable":true,"href":"https:\/\/regiaonews.net.br\/2022\/wp-json\/wp\/v2\/categories?post=98372"},{"taxonomy":"post_tag","embeddable":true,"href":"https:\/\/regiaonews.net.br\/2022\/wp-json\/wp\/v2\/tags?post=98372"}],"curies":[{"name":"wp","href":"https:\/\/api.w.org\/{rel}","templated":true}]}}