{"id":98369,"date":"2023-11-29T11:36:28","date_gmt":"2023-11-29T14:36:28","guid":{"rendered":"https:\/\/regiaonews.net.br\/2022\/?p=98369"},"modified":"2023-11-29T14:59:45","modified_gmt":"2023-11-29T17:59:45","slug":"processo-seletivo-em-bebedouro-para-diversos-cargos-na-prefeitura","status":"publish","type":"post","link":"https:\/\/regiaonews.net.br\/2022\/2023\/11\/29\/processo-seletivo-em-bebedouro-para-diversos-cargos-na-prefeitura\/","title":{"rendered":"Processo Seletivo em Bebedouro para diversos cargos na Prefeitura"},"content":{"rendered":"<div class=\"xdj266r x11i5rnm xat24cr x1mh8g0r x1vvkbs x126k92a\">\n<div dir=\"auto\">A Prefeitura de Bebedouro abre inscri\u00e7\u00f5es para o Processo Seletivo para diversos cargos. As inscri\u00e7\u00f5es est\u00e3o abertas de segunda-feira (27\/11) at\u00e9 sexta-feira (01\/12), e ser\u00e3o feitas presencialmente no Departamento de Recursos Humanos da Prefeitura de Bebedouro, na Rua Coronel Conrado Caldeira n\u00ba 575, das 12h \u00e0s 16h.<\/div>\n<\/div>\n<div class=\"x11i5rnm xat24cr x1mh8g0r x1vvkbs xtlvy1s x126k92a\">\n<div dir=\"auto\">As diversas vagas oferecidas ser\u00e3o para os setores da Prefeitura de Bebedouro, de acordo com a necessidade imediata, ou forma\u00e7\u00e3o de cadastro de reserva.<\/div>\n<div dir=\"auto\">O contrato de trabalho ser\u00e1 por prazo determinado mediante contrato de presta\u00e7\u00e3o de servi\u00e7os, em regime administrativo, com prazo inicial de 12 (doze) meses, podendo ser prorrogado, desde que o contrato n\u00e3o ultrapasse dois anos ou no m\u00e1ximo por 06 (seis) meses, dependendo da fun\u00e7\u00e3o e enquadramento.<\/div>\n<\/div>\n<div class=\"x11i5rnm xat24cr x1mh8g0r x1vvkbs xtlvy1s x126k92a\">\n<div dir=\"auto\">Cargos dispon\u00edveis:<\/div>\n<div dir=\"auto\">Ajudante de Marcenaria<\/div>\n<div dir=\"auto\">Aplicador de Asfalto<\/div>\n<div dir=\"auto\">Coveiro<\/div>\n<div dir=\"auto\">Eletricista<\/div>\n<div dir=\"auto\">Engenheiro Civil<\/div>\n<div dir=\"auto\">Fonoaudi\u00f3logo<\/div>\n<div dir=\"auto\">Funileiro\/Pintor de Ve\u00edculos<\/div>\n<div dir=\"auto\">Marceneiro<\/div>\n<div dir=\"auto\">Mec\u00e2nico<\/div>\n<div dir=\"auto\">M\u00e9dico Cirurgi\u00e3o Geral<\/div>\n<div dir=\"auto\">M\u00e9dico Cirurgi\u00e3o Ginecol\u00f3gico (para o ARE)<\/div>\n<div dir=\"auto\">M\u00e9dico Cirurgi\u00e3o Vascular<\/div>\n<div dir=\"auto\">M\u00e9dico Dermatologista<\/div>\n<div dir=\"auto\">M\u00e9dico do Trabalho<\/div>\n<div dir=\"auto\">M\u00e9dico Endocrinologista<\/div>\n<div dir=\"auto\">M\u00e9dico Hematologista<\/div>\n<div dir=\"auto\">M\u00e9dico Nefrologista<\/div>\n<div dir=\"auto\">M\u00e9dico Neurologista<\/div>\n<div dir=\"auto\">M\u00e9dico Oftalmologista<\/div>\n<div dir=\"auto\">M\u00e9dico Ortopedista para Plant\u00f5es Presenciais<\/div>\n<div dir=\"auto\">M\u00e9dico Psiquiatra Infantil<\/div>\n<div dir=\"auto\">M\u00e9dico Radiologista<\/div>\n<div dir=\"auto\">M\u00e9dico Reumatologista<\/div>\n<div dir=\"auto\">M\u00e9dico Ultrassonografista<\/div>\n<div dir=\"auto\">M\u00e9dico Pneumologista<\/div>\n<div dir=\"auto\">Motorista<\/div>\n<div dir=\"auto\">Padeiro<\/div>\n<div dir=\"auto\">Pedreiro<\/div>\n<div dir=\"auto\">Pintor<\/div>\n<div dir=\"auto\">Servente de Pedreiro<\/div>\n<div dir=\"auto\">Tapeceiro de Ve\u00edculos<\/div>\n<div dir=\"auto\">T\u00e9cnico em Contabilidade<\/div>\n<div dir=\"auto\">T\u00e9cnico em Imobiliza\u00e7\u00e3o Ortop\u00e9dica<\/div>\n<div dir=\"auto\">T\u00e9cnico em R.X.<\/div>\n<div dir=\"auto\">T\u00e9cnico em Tecnologia da Informa\u00e7\u00e3o (TI)<\/div>\n<\/div>\n","protected":false},"excerpt":{"rendered":"<p>A Prefeitura de Bebedouro abre inscri\u00e7\u00f5es para o Processo Seletivo<\/p>\n","protected":false},"author":2,"featured_media":98370,"comment_status":"open","ping_status":"open","sticky":false,"template":"","format":"standard","meta":{"footnotes":""},"categories":[4,3],"tags":[],"class_list":["post-98369","post","type-post","status-publish","format-standard","has-post-thumbnail","hentry","category-bebedouro","category-geral"],"yoast_head":"<!-- This site is optimized with the Yoast SEO plugin v27.4 - https:\/\/yoast.com\/product\/yoast-seo-wordpress\/ -->\n<title>Processo Seletivo em Bebedouro para diversos cargos na Prefeitura - Regi\u00e3o News<\/title>\n<meta name=\"robots\" content=\"index, follow, max-snippet:-1, max-image-preview:large, max-video-preview:-1\" \/>\n<link rel=\"canonical\" href=\"https:\/\/regiaonews.net.br\/2022\/2023\/11\/29\/processo-seletivo-em-bebedouro-para-diversos-cargos-na-prefeitura\/\" \/>\n<meta property=\"og:locale\" content=\"pt_BR\" \/>\n<meta property=\"og:type\" content=\"article\" \/>\n<meta property=\"og:title\" content=\"Processo Seletivo em Bebedouro para diversos cargos na Prefeitura - Regi\u00e3o News\" \/>\n<meta property=\"og:description\" content=\"A Prefeitura de Bebedouro abre inscri\u00e7\u00f5es para o Processo Seletivo\" \/>\n<meta property=\"og:url\" content=\"https:\/\/regiaonews.net.br\/2022\/2023\/11\/29\/processo-seletivo-em-bebedouro-para-diversos-cargos-na-prefeitura\/\" \/>\n<meta property=\"og:site_name\" content=\"Regi\u00e3o News\" \/>\n<meta property=\"article:published_time\" content=\"2023-11-29T14:36:28+00:00\" \/>\n<meta property=\"article:modified_time\" content=\"2023-11-29T17:59:45+00:00\" \/>\n<meta property=\"og:image\" content=\"https:\/\/regiaonews.net.br\/2022\/wp-content\/uploads\/2023\/11\/404646271_722717173223456_2562542760726470406_n.jpg\" \/>\n\t<meta property=\"og:image:width\" content=\"526\" \/>\n\t<meta property=\"og:image:height\" content=\"526\" \/>\n\t<meta property=\"og:image:type\" content=\"image\/jpeg\" \/>\n<meta name=\"author\" content=\"Roberto\" \/>\n<meta name=\"twitter:card\" content=\"summary_large_image\" \/>\n<meta name=\"twitter:label1\" content=\"Escrito por\" \/>\n\t<meta name=\"twitter:data1\" content=\"Roberto\" \/>\n\t<meta name=\"twitter:label2\" content=\"Est. tempo de leitura\" \/>\n\t<meta name=\"twitter:data2\" content=\"2 minutos\" \/>\n<script type=\"application\/ld+json\" class=\"yoast-schema-graph\">{\"@context\":\"https:\\\/\\\/schema.org\",\"@graph\":[{\"@type\":\"Article\",\"@id\":\"https:\\\/\\\/regiaonews.net.br\\\/2022\\\/2023\\\/11\\\/29\\\/processo-seletivo-em-bebedouro-para-diversos-cargos-na-prefeitura\\\/#article\",\"isPartOf\":{\"@id\":\"https:\\\/\\\/regiaonews.net.br\\\/2022\\\/2023\\\/11\\\/29\\\/processo-seletivo-em-bebedouro-para-diversos-cargos-na-prefeitura\\\/\"},\"author\":{\"name\":\"Roberto\",\"@id\":\"https:\\\/\\\/regiaonews.net.br\\\/2022\\\/#\\\/schema\\\/person\\\/2d205a608a5aa97ac279d7a5e6d89ad8\"},\"headline\":\"Processo Seletivo em Bebedouro para diversos cargos na Prefeitura\",\"datePublished\":\"2023-11-29T14:36:28+00:00\",\"dateModified\":\"2023-11-29T17:59:45+00:00\",\"mainEntityOfPage\":{\"@id\":\"https:\\\/\\\/regiaonews.net.br\\\/2022\\\/2023\\\/11\\\/29\\\/processo-seletivo-em-bebedouro-para-diversos-cargos-na-prefeitura\\\/\"},\"wordCount\":255,\"commentCount\":0,\"publisher\":{\"@id\":\"https:\\\/\\\/regiaonews.net.br\\\/2022\\\/#organization\"},\"image\":{\"@id\":\"https:\\\/\\\/regiaonews.net.br\\\/2022\\\/2023\\\/11\\\/29\\\/processo-seletivo-em-bebedouro-para-diversos-cargos-na-prefeitura\\\/#primaryimage\"},\"thumbnailUrl\":\"https:\\\/\\\/regiaonews.net.br\\\/2022\\\/wp-content\\\/uploads\\\/2023\\\/11\\\/404646271_722717173223456_2562542760726470406_n.jpg\",\"articleSection\":[\"Bebedouro\",\"Geral\"],\"inLanguage\":\"pt-BR\",\"potentialAction\":[{\"@type\":\"CommentAction\",\"name\":\"Comment\",\"target\":[\"https:\\\/\\\/regiaonews.net.br\\\/2022\\\/2023\\\/11\\\/29\\\/processo-seletivo-em-bebedouro-para-diversos-cargos-na-prefeitura\\\/#respond\"]}]},{\"@type\":\"WebPage\",\"@id\":\"https:\\\/\\\/regiaonews.net.br\\\/2022\\\/2023\\\/11\\\/29\\\/processo-seletivo-em-bebedouro-para-diversos-cargos-na-prefeitura\\\/\",\"url\":\"https:\\\/\\\/regiaonews.net.br\\\/2022\\\/2023\\\/11\\\/29\\\/processo-seletivo-em-bebedouro-para-diversos-cargos-na-prefeitura\\\/\",\"name\":\"Processo Seletivo em Bebedouro para diversos cargos na Prefeitura - Regi\u00e3o News\",\"isPartOf\":{\"@id\":\"https:\\\/\\\/regiaonews.net.br\\\/2022\\\/#website\"},\"primaryImageOfPage\":{\"@id\":\"https:\\\/\\\/regiaonews.net.br\\\/2022\\\/2023\\\/11\\\/29\\\/processo-seletivo-em-bebedouro-para-diversos-cargos-na-prefeitura\\\/#primaryimage\"},\"image\":{\"@id\":\"https:\\\/\\\/regiaonews.net.br\\\/2022\\\/2023\\\/11\\\/29\\\/processo-seletivo-em-bebedouro-para-diversos-cargos-na-prefeitura\\\/#primaryimage\"},\"thumbnailUrl\":\"https:\\\/\\\/regiaonews.net.br\\\/2022\\\/wp-content\\\/uploads\\\/2023\\\/11\\\/404646271_722717173223456_2562542760726470406_n.jpg\",\"datePublished\":\"2023-11-29T14:36:28+00:00\",\"dateModified\":\"2023-11-29T17:59:45+00:00\",\"breadcrumb\":{\"@id\":\"https:\\\/\\\/regiaonews.net.br\\\/2022\\\/2023\\\/11\\\/29\\\/processo-seletivo-em-bebedouro-para-diversos-cargos-na-prefeitura\\\/#breadcrumb\"},\"inLanguage\":\"pt-BR\",\"potentialAction\":[{\"@type\":\"ReadAction\",\"target\":[\"https:\\\/\\\/regiaonews.net.br\\\/2022\\\/2023\\\/11\\\/29\\\/processo-seletivo-em-bebedouro-para-diversos-cargos-na-prefeitura\\\/\"]}]},{\"@type\":\"ImageObject\",\"inLanguage\":\"pt-BR\",\"@id\":\"https:\\\/\\\/regiaonews.net.br\\\/2022\\\/2023\\\/11\\\/29\\\/processo-seletivo-em-bebedouro-para-diversos-cargos-na-prefeitura\\\/#primaryimage\",\"url\":\"https:\\\/\\\/regiaonews.net.br\\\/2022\\\/wp-content\\\/uploads\\\/2023\\\/11\\\/404646271_722717173223456_2562542760726470406_n.jpg\",\"contentUrl\":\"https:\\\/\\\/regiaonews.net.br\\\/2022\\\/wp-content\\\/uploads\\\/2023\\\/11\\\/404646271_722717173223456_2562542760726470406_n.jpg\",\"width\":526,\"height\":526},{\"@type\":\"BreadcrumbList\",\"@id\":\"https:\\\/\\\/regiaonews.net.br\\\/2022\\\/2023\\\/11\\\/29\\\/processo-seletivo-em-bebedouro-para-diversos-cargos-na-prefeitura\\\/#breadcrumb\",\"itemListElement\":[{\"@type\":\"ListItem\",\"position\":1,\"name\":\"In\u00edcio\",\"item\":\"https:\\\/\\\/regiaonews.net.br\\\/2022\\\/\"},{\"@type\":\"ListItem\",\"position\":2,\"name\":\"Processo Seletivo em Bebedouro para diversos cargos na Prefeitura\"}]},{\"@type\":\"WebSite\",\"@id\":\"https:\\\/\\\/regiaonews.net.br\\\/2022\\\/#website\",\"url\":\"https:\\\/\\\/regiaonews.net.br\\\/2022\\\/\",\"name\":\"Regi\u00e3o News\",\"description\":\"Site de Not\u00edcias de Barretos e regi\u00e3o\",\"publisher\":{\"@id\":\"https:\\\/\\\/regiaonews.net.br\\\/2022\\\/#organization\"},\"potentialAction\":[{\"@type\":\"SearchAction\",\"target\":{\"@type\":\"EntryPoint\",\"urlTemplate\":\"https:\\\/\\\/regiaonews.net.br\\\/2022\\\/?s={search_term_string}\"},\"query-input\":{\"@type\":\"PropertyValueSpecification\",\"valueRequired\":true,\"valueName\":\"search_term_string\"}}],\"inLanguage\":\"pt-BR\"},{\"@type\":\"Organization\",\"@id\":\"https:\\\/\\\/regiaonews.net.br\\\/2022\\\/#organization\",\"name\":\"Regi\u00e3o News\",\"url\":\"https:\\\/\\\/regiaonews.net.br\\\/2022\\\/\",\"logo\":{\"@type\":\"ImageObject\",\"inLanguage\":\"pt-BR\",\"@id\":\"https:\\\/\\\/regiaonews.net.br\\\/2022\\\/#\\\/schema\\\/logo\\\/image\\\/\",\"url\":\"https:\\\/\\\/regiaonews.net.br\\\/2022\\\/wp-content\\\/uploads\\\/2026\\\/03\\\/regiao-13-anos-scaled.jpg\",\"contentUrl\":\"https:\\\/\\\/regiaonews.net.br\\\/2022\\\/wp-content\\\/uploads\\\/2026\\\/03\\\/regiao-13-anos-scaled.jpg\",\"width\":2560,\"height\":635,\"caption\":\"Regi\u00e3o News\"},\"image\":{\"@id\":\"https:\\\/\\\/regiaonews.net.br\\\/2022\\\/#\\\/schema\\\/logo\\\/image\\\/\"}},{\"@type\":\"Person\",\"@id\":\"https:\\\/\\\/regiaonews.net.br\\\/2022\\\/#\\\/schema\\\/person\\\/2d205a608a5aa97ac279d7a5e6d89ad8\",\"name\":\"Roberto\",\"image\":{\"@type\":\"ImageObject\",\"inLanguage\":\"pt-BR\",\"@id\":\"https:\\\/\\\/secure.gravatar.com\\\/avatar\\\/42749d8b712ff9d59ca93dc150494e5b55a44134482993f5baeb97e61b7ecc89?s=96&d=mm&r=g\",\"url\":\"https:\\\/\\\/secure.gravatar.com\\\/avatar\\\/42749d8b712ff9d59ca93dc150494e5b55a44134482993f5baeb97e61b7ecc89?s=96&d=mm&r=g\",\"contentUrl\":\"https:\\\/\\\/secure.gravatar.com\\\/avatar\\\/42749d8b712ff9d59ca93dc150494e5b55a44134482993f5baeb97e61b7ecc89?s=96&d=mm&r=g\",\"caption\":\"Roberto\"},\"url\":\"https:\\\/\\\/regiaonews.net.br\\\/2022\\\/author\\\/roberto\\\/\"}]}<\/script>\n<!-- \/ Yoast SEO plugin. -->","yoast_head_json":{"title":"Processo Seletivo em Bebedouro para diversos cargos na Prefeitura - Regi\u00e3o News","robots":{"index":"index","follow":"follow","max-snippet":"max-snippet:-1","max-image-preview":"max-image-preview:large","max-video-preview":"max-video-preview:-1"},"canonical":"https:\/\/regiaonews.net.br\/2022\/2023\/11\/29\/processo-seletivo-em-bebedouro-para-diversos-cargos-na-prefeitura\/","og_locale":"pt_BR","og_type":"article","og_title":"Processo Seletivo em Bebedouro para diversos cargos na Prefeitura - Regi\u00e3o News","og_description":"A Prefeitura de Bebedouro abre inscri\u00e7\u00f5es para o Processo Seletivo","og_url":"https:\/\/regiaonews.net.br\/2022\/2023\/11\/29\/processo-seletivo-em-bebedouro-para-diversos-cargos-na-prefeitura\/","og_site_name":"Regi\u00e3o News","article_published_time":"2023-11-29T14:36:28+00:00","article_modified_time":"2023-11-29T17:59:45+00:00","og_image":[{"width":526,"height":526,"url":"https:\/\/regiaonews.net.br\/2022\/wp-content\/uploads\/2023\/11\/404646271_722717173223456_2562542760726470406_n.jpg","type":"image\/jpeg"}],"author":"Roberto","twitter_card":"summary_large_image","twitter_misc":{"Escrito por":"Roberto","Est. tempo de leitura":"2 minutos"},"schema":{"@context":"https:\/\/schema.org","@graph":[{"@type":"Article","@id":"https:\/\/regiaonews.net.br\/2022\/2023\/11\/29\/processo-seletivo-em-bebedouro-para-diversos-cargos-na-prefeitura\/#article","isPartOf":{"@id":"https:\/\/regiaonews.net.br\/2022\/2023\/11\/29\/processo-seletivo-em-bebedouro-para-diversos-cargos-na-prefeitura\/"},"author":{"name":"Roberto","@id":"https:\/\/regiaonews.net.br\/2022\/#\/schema\/person\/2d205a608a5aa97ac279d7a5e6d89ad8"},"headline":"Processo Seletivo em Bebedouro para diversos cargos na Prefeitura","datePublished":"2023-11-29T14:36:28+00:00","dateModified":"2023-11-29T17:59:45+00:00","mainEntityOfPage":{"@id":"https:\/\/regiaonews.net.br\/2022\/2023\/11\/29\/processo-seletivo-em-bebedouro-para-diversos-cargos-na-prefeitura\/"},"wordCount":255,"commentCount":0,"publisher":{"@id":"https:\/\/regiaonews.net.br\/2022\/#organization"},"image":{"@id":"https:\/\/regiaonews.net.br\/2022\/2023\/11\/29\/processo-seletivo-em-bebedouro-para-diversos-cargos-na-prefeitura\/#primaryimage"},"thumbnailUrl":"https:\/\/regiaonews.net.br\/2022\/wp-content\/uploads\/2023\/11\/404646271_722717173223456_2562542760726470406_n.jpg","articleSection":["Bebedouro","Geral"],"inLanguage":"pt-BR","potentialAction":[{"@type":"CommentAction","name":"Comment","target":["https:\/\/regiaonews.net.br\/2022\/2023\/11\/29\/processo-seletivo-em-bebedouro-para-diversos-cargos-na-prefeitura\/#respond"]}]},{"@type":"WebPage","@id":"https:\/\/regiaonews.net.br\/2022\/2023\/11\/29\/processo-seletivo-em-bebedouro-para-diversos-cargos-na-prefeitura\/","url":"https:\/\/regiaonews.net.br\/2022\/2023\/11\/29\/processo-seletivo-em-bebedouro-para-diversos-cargos-na-prefeitura\/","name":"Processo Seletivo em Bebedouro para diversos cargos na Prefeitura - Regi\u00e3o News","isPartOf":{"@id":"https:\/\/regiaonews.net.br\/2022\/#website"},"primaryImageOfPage":{"@id":"https:\/\/regiaonews.net.br\/2022\/2023\/11\/29\/processo-seletivo-em-bebedouro-para-diversos-cargos-na-prefeitura\/#primaryimage"},"image":{"@id":"https:\/\/regiaonews.net.br\/2022\/2023\/11\/29\/processo-seletivo-em-bebedouro-para-diversos-cargos-na-prefeitura\/#primaryimage"},"thumbnailUrl":"https:\/\/regiaonews.net.br\/2022\/wp-content\/uploads\/2023\/11\/404646271_722717173223456_2562542760726470406_n.jpg","datePublished":"2023-11-29T14:36:28+00:00","dateModified":"2023-11-29T17:59:45+00:00","breadcrumb":{"@id":"https:\/\/regiaonews.net.br\/2022\/2023\/11\/29\/processo-seletivo-em-bebedouro-para-diversos-cargos-na-prefeitura\/#breadcrumb"},"inLanguage":"pt-BR","potentialAction":[{"@type":"ReadAction","target":["https:\/\/regiaonews.net.br\/2022\/2023\/11\/29\/processo-seletivo-em-bebedouro-para-diversos-cargos-na-prefeitura\/"]}]},{"@type":"ImageObject","inLanguage":"pt-BR","@id":"https:\/\/regiaonews.net.br\/2022\/2023\/11\/29\/processo-seletivo-em-bebedouro-para-diversos-cargos-na-prefeitura\/#primaryimage","url":"https:\/\/regiaonews.net.br\/2022\/wp-content\/uploads\/2023\/11\/404646271_722717173223456_2562542760726470406_n.jpg","contentUrl":"https:\/\/regiaonews.net.br\/2022\/wp-content\/uploads\/2023\/11\/404646271_722717173223456_2562542760726470406_n.jpg","width":526,"height":526},{"@type":"BreadcrumbList","@id":"https:\/\/regiaonews.net.br\/2022\/2023\/11\/29\/processo-seletivo-em-bebedouro-para-diversos-cargos-na-prefeitura\/#breadcrumb","itemListElement":[{"@type":"ListItem","position":1,"name":"In\u00edcio","item":"https:\/\/regiaonews.net.br\/2022\/"},{"@type":"ListItem","position":2,"name":"Processo Seletivo em Bebedouro para diversos cargos na Prefeitura"}]},{"@type":"WebSite","@id":"https:\/\/regiaonews.net.br\/2022\/#website","url":"https:\/\/regiaonews.net.br\/2022\/","name":"Regi\u00e3o News","description":"Site de Not\u00edcias de Barretos e regi\u00e3o","publisher":{"@id":"https:\/\/regiaonews.net.br\/2022\/#organization"},"potentialAction":[{"@type":"SearchAction","target":{"@type":"EntryPoint","urlTemplate":"https:\/\/regiaonews.net.br\/2022\/?s={search_term_string}"},"query-input":{"@type":"PropertyValueSpecification","valueRequired":true,"valueName":"search_term_string"}}],"inLanguage":"pt-BR"},{"@type":"Organization","@id":"https:\/\/regiaonews.net.br\/2022\/#organization","name":"Regi\u00e3o News","url":"https:\/\/regiaonews.net.br\/2022\/","logo":{"@type":"ImageObject","inLanguage":"pt-BR","@id":"https:\/\/regiaonews.net.br\/2022\/#\/schema\/logo\/image\/","url":"https:\/\/regiaonews.net.br\/2022\/wp-content\/uploads\/2026\/03\/regiao-13-anos-scaled.jpg","contentUrl":"https:\/\/regiaonews.net.br\/2022\/wp-content\/uploads\/2026\/03\/regiao-13-anos-scaled.jpg","width":2560,"height":635,"caption":"Regi\u00e3o News"},"image":{"@id":"https:\/\/regiaonews.net.br\/2022\/#\/schema\/logo\/image\/"}},{"@type":"Person","@id":"https:\/\/regiaonews.net.br\/2022\/#\/schema\/person\/2d205a608a5aa97ac279d7a5e6d89ad8","name":"Roberto","image":{"@type":"ImageObject","inLanguage":"pt-BR","@id":"https:\/\/secure.gravatar.com\/avatar\/42749d8b712ff9d59ca93dc150494e5b55a44134482993f5baeb97e61b7ecc89?s=96&d=mm&r=g","url":"https:\/\/secure.gravatar.com\/avatar\/42749d8b712ff9d59ca93dc150494e5b55a44134482993f5baeb97e61b7ecc89?s=96&d=mm&r=g","contentUrl":"https:\/\/secure.gravatar.com\/avatar\/42749d8b712ff9d59ca93dc150494e5b55a44134482993f5baeb97e61b7ecc89?s=96&d=mm&r=g","caption":"Roberto"},"url":"https:\/\/regiaonews.net.br\/2022\/author\/roberto\/"}]}},"publishpress_future_action":{"enabled":false,"date":"2026-05-04 10:20:14","action":"change-status","newStatus":"draft","terms":[],"taxonomy":"category","extraData":[]},"publishpress_future_workflow_manual_trigger":{"enabledWorkflows":[]},"_links":{"self":[{"href":"https:\/\/regiaonews.net.br\/2022\/wp-json\/wp\/v2\/posts\/98369","targetHints":{"allow":["GET"]}}],"collection":[{"href":"https:\/\/regiaonews.net.br\/2022\/wp-json\/wp\/v2\/posts"}],"about":[{"href":"https:\/\/regiaonews.net.br\/2022\/wp-json\/wp\/v2\/types\/post"}],"author":[{"embeddable":true,"href":"https:\/\/regiaonews.net.br\/2022\/wp-json\/wp\/v2\/users\/2"}],"replies":[{"embeddable":true,"href":"https:\/\/regiaonews.net.br\/2022\/wp-json\/wp\/v2\/comments?post=98369"}],"version-history":[{"count":2,"href":"https:\/\/regiaonews.net.br\/2022\/wp-json\/wp\/v2\/posts\/98369\/revisions"}],"predecessor-version":[{"id":98391,"href":"https:\/\/regiaonews.net.br\/2022\/wp-json\/wp\/v2\/posts\/98369\/revisions\/98391"}],"wp:featuredmedia":[{"embeddable":true,"href":"https:\/\/regiaonews.net.br\/2022\/wp-json\/wp\/v2\/media\/98370"}],"wp:attachment":[{"href":"https:\/\/regiaonews.net.br\/2022\/wp-json\/wp\/v2\/media?parent=98369"}],"wp:term":[{"taxonomy":"category","embeddable":true,"href":"https:\/\/regiaonews.net.br\/2022\/wp-json\/wp\/v2\/categories?post=98369"},{"taxonomy":"post_tag","embeddable":true,"href":"https:\/\/regiaonews.net.br\/2022\/wp-json\/wp\/v2\/tags?post=98369"}],"curies":[{"name":"wp","href":"https:\/\/api.w.org\/{rel}","templated":true}]}}