{"id":98358,"date":"2023-11-29T09:34:15","date_gmt":"2023-11-29T12:34:15","guid":{"rendered":"https:\/\/regiaonews.net.br\/2022\/?p=98358"},"modified":"2023-11-29T09:35:13","modified_gmt":"2023-11-29T12:35:13","slug":"contribuintes-tem-ate-20-de-dezembro-para-aderir-ao-retoma-ribeirao","status":"publish","type":"post","link":"https:\/\/regiaonews.net.br\/2022\/2023\/11\/29\/contribuintes-tem-ate-20-de-dezembro-para-aderir-ao-retoma-ribeirao\/","title":{"rendered":"Contribuintes tem at\u00e9 20 de dezembro para aderir ao Retoma Ribeir\u00e3o"},"content":{"rendered":"<h3><a href=\"https:\/\/regiaonews.net.br\/2022\/wp-content\/uploads\/2023\/11\/retoma_rp1.jpg\"><img loading=\"lazy\" decoding=\"async\" class=\"alignnone size-medium wp-image-98360\" src=\"https:\/\/regiaonews.net.br\/2022\/wp-content\/uploads\/2023\/11\/retoma_rp1-300x200.jpg\" alt=\"\" width=\"300\" height=\"200\" srcset=\"https:\/\/regiaonews.net.br\/2022\/wp-content\/uploads\/2023\/11\/retoma_rp1-300x200.jpg 300w, https:\/\/regiaonews.net.br\/2022\/wp-content\/uploads\/2023\/11\/retoma_rp1-768x511.jpg 768w, https:\/\/regiaonews.net.br\/2022\/wp-content\/uploads\/2023\/11\/retoma_rp1-250x167.jpg 250w, https:\/\/regiaonews.net.br\/2022\/wp-content\/uploads\/2023\/11\/retoma_rp1-900x600.jpg 900w, https:\/\/regiaonews.net.br\/2022\/wp-content\/uploads\/2023\/11\/retoma_rp1.jpg 1000w\" sizes=\"auto, (max-width: 300px) 100vw, 300px\" \/><\/a><\/h3>\n<p>Foto: Divulga\u00e7\u00e3o<\/p>\n<p>&nbsp;<\/p>\n<p>Lan\u00e7ado pela Prefeitura Municipal no dia 13 de novembro, o Retoma Ribeir\u00e3o visa incentivar contribuintes que est\u00e3o em d\u00e9bito com a Secretaria Municipal da Fazenda e Saerp a pagarem suas d\u00edvidas, e dessa forma, iniciarem um novo ano com as contas em dia.<\/p>\n<p>O Retoma Ribeir\u00e3o 2023 permite a quita\u00e7\u00e3o de\u00a0todos os tipos de impostos em atraso contra\u00eddos junto \u00e0 prefeitura como IPTU, ISS e ITBI, com exce\u00e7\u00e3o para multas ambientais ou contratuais.<\/p>\n<p>O contribuinte em d\u00e9bito pode optar pelo pagamento \u00e0 vista e ter\u00e1 redu\u00e7\u00e3o de 100% nos juros e 90% na multa morat\u00f3ria. Caso opte pelo parcelamento em at\u00e9 12 vezes ter\u00e1 redu\u00e7\u00e3o de 60% nos juros e 60% na multa morat\u00f3ria. Para parcelamento em at\u00e9 24 vezes, a redu\u00e7\u00e3o ser\u00e1 de 50% nos juros e 50% na multa morat\u00f3ria.<\/p>\n<p>No caso das multas por infra\u00e7\u00e3o \u00e0 lei ser\u00e3o atribu\u00eddos os seguintes descontos: no pagamento \u00e0 vista ter\u00e1 60% de desconto na multa por infra\u00e7\u00e3o e no pagamento parcelado em at\u00e9 24 meses, ser\u00e3o 40% de redu\u00e7\u00e3o na multa por infra\u00e7\u00e3o.<\/p>\n<p>Para o prefeito Duarte Nogueira, o programa foi criado como uma oportunidade de auxiliar os que mais precisam. \u201cNingu\u00e9m quer ficar devendo, o ribeir\u00e3o-pretano tem interesse em pagar suas contas, mas muitas vezes uma desestabilidade financeira prejudica essa inten\u00e7\u00e3o. Por isso, o Retoma vem ao encontro do desejo dessas pessoas, fazendo justi\u00e7a para todos e dando oportunidades, principalmente para os mais necessitados\u201d, explicou.<\/p>\n<p>Os contribuintes em d\u00e9bito com a Secretaria Municipal da Fazenda t\u00eam at\u00e9 dia 20 de dezembro para fazer a ades\u00e3o ao Programa. Os interessados devem acessar o banner do Retoma Ribeir\u00e3o no\u00a0<u><a href=\"https:\/\/www.ribeiraopreto.sp.gov.br\/portal\/\">portal da prefeitura<\/a>.<\/u><\/p>\n<p>&nbsp;<\/p>\n<p><strong>D\u00edvidas de \u00e1gua e esgoto &#8211; Saerp<\/strong><\/p>\n<p>Al\u00e9m da Secretaria da Fazenda, o Retoma Ribeir\u00e3o tamb\u00e9m prev\u00ea as renegocia\u00e7\u00f5es de d\u00edvidas junto \u00e0 Saerp, Secretaria de \u00c1gua e Esgoto.<\/p>\n<p>O programa prev\u00ea a redu\u00e7\u00e3o de at\u00e9 100% das multas e juros, com o pagamento \u00e0 vista, ou a 50% com atendimento 60 parcelas de no m\u00ednimo R$50,00.<\/p>\n<p>A regulariza\u00e7\u00e3o dos d\u00e9bitos junto \u00e0 Saerp pode ser realizada de forma presencial, nas unidades Poupatempo, regi\u00e3o Leste, e Para\u00edba, na regi\u00e3o Central:<\/p>\n<p><strong>Unidade Poupatempo<\/strong><\/p>\n<p>Av. Presidente Kennedy, n\u00ba\u00a01500<\/p>\n<p>De segunda a sexta-feira, das 9h \u00e0s 17h<\/p>\n<p>Do s\u00e1bado, das 9h \u00e0s 13h<\/p>\n<p>&nbsp;<\/p>\n<p><strong>Unidade Para\u00edba<\/strong><\/p>\n<p>Rua Para\u00edba, n\u00ba\u00a039, Campos El\u00edseos<\/p>\n<p>De segunda a sexta-feira, das 9h \u00e0s 16h.<\/p>\n","protected":false},"excerpt":{"rendered":"<p>Foto: Divulga\u00e7\u00e3o &nbsp; Lan\u00e7ado pela Prefeitura Municipal no dia 13<\/p>\n","protected":false},"author":2,"featured_media":98359,"comment_status":"open","ping_status":"open","sticky":false,"template":"","format":"standard","meta":{"footnotes":""},"categories":[111,32],"tags":[],"class_list":["post-98358","post","type-post","status-publish","format-standard","has-post-thumbnail","hentry","category-cotidiano","category-ribeirao-preto"],"yoast_head":"<!-- This site is optimized with the Yoast SEO plugin v27.4 - https:\/\/yoast.com\/product\/yoast-seo-wordpress\/ -->\n<title>Contribuintes tem at\u00e9 20 de dezembro para aderir ao Retoma<\/title>\n<meta name=\"description\" content=\"Lan\u00e7ado pela Prefeitura Municipal no dia 13 de novembro, o Retoma Ribeir\u00e3o visa incentivar contribuintes que est\u00e3o em d\u00e9bito com\" \/>\n<meta name=\"robots\" content=\"index, follow, max-snippet:-1, max-image-preview:large, max-video-preview:-1\" \/>\n<link rel=\"canonical\" href=\"https:\/\/regiaonews.net.br\/2022\/2023\/11\/29\/contribuintes-tem-ate-20-de-dezembro-para-aderir-ao-retoma-ribeirao\/\" \/>\n<meta property=\"og:locale\" content=\"pt_BR\" \/>\n<meta property=\"og:type\" content=\"article\" \/>\n<meta property=\"og:title\" content=\"Contribuintes tem at\u00e9 20 de dezembro para aderir ao Retoma\" \/>\n<meta property=\"og:description\" content=\"Lan\u00e7ado pela Prefeitura Municipal no dia 13 de novembro, o Retoma Ribeir\u00e3o visa incentivar contribuintes que est\u00e3o em d\u00e9bito com\" \/>\n<meta property=\"og:url\" content=\"https:\/\/regiaonews.net.br\/2022\/2023\/11\/29\/contribuintes-tem-ate-20-de-dezembro-para-aderir-ao-retoma-ribeirao\/\" \/>\n<meta property=\"og:site_name\" content=\"Regi\u00e3o News\" \/>\n<meta property=\"article:published_time\" content=\"2023-11-29T12:34:15+00:00\" \/>\n<meta property=\"article:modified_time\" content=\"2023-11-29T12:35:13+00:00\" \/>\n<meta property=\"og:image\" content=\"https:\/\/regiaonews.net.br\/2022\/wp-content\/uploads\/2023\/11\/Prefeitura-Ribeirao.jpg\" \/>\n\t<meta property=\"og:image:width\" content=\"728\" \/>\n\t<meta property=\"og:image:height\" content=\"535\" \/>\n\t<meta property=\"og:image:type\" content=\"image\/jpeg\" \/>\n<meta name=\"author\" content=\"Roberto\" \/>\n<meta name=\"twitter:card\" content=\"summary_large_image\" \/>\n<meta name=\"twitter:label1\" content=\"Escrito por\" \/>\n\t<meta name=\"twitter:data1\" content=\"Roberto\" \/>\n\t<meta name=\"twitter:label2\" content=\"Est. tempo de leitura\" \/>\n\t<meta name=\"twitter:data2\" content=\"3 minutos\" \/>\n<script type=\"application\/ld+json\" class=\"yoast-schema-graph\">{\"@context\":\"https:\\\/\\\/schema.org\",\"@graph\":[{\"@type\":\"Article\",\"@id\":\"https:\\\/\\\/regiaonews.net.br\\\/2022\\\/2023\\\/11\\\/29\\\/contribuintes-tem-ate-20-de-dezembro-para-aderir-ao-retoma-ribeirao\\\/#article\",\"isPartOf\":{\"@id\":\"https:\\\/\\\/regiaonews.net.br\\\/2022\\\/2023\\\/11\\\/29\\\/contribuintes-tem-ate-20-de-dezembro-para-aderir-ao-retoma-ribeirao\\\/\"},\"author\":{\"name\":\"Roberto\",\"@id\":\"https:\\\/\\\/regiaonews.net.br\\\/2022\\\/#\\\/schema\\\/person\\\/2d205a608a5aa97ac279d7a5e6d89ad8\"},\"headline\":\"Contribuintes tem at\u00e9 20 de dezembro para aderir ao Retoma Ribeir\u00e3o\",\"datePublished\":\"2023-11-29T12:34:15+00:00\",\"dateModified\":\"2023-11-29T12:35:13+00:00\",\"mainEntityOfPage\":{\"@id\":\"https:\\\/\\\/regiaonews.net.br\\\/2022\\\/2023\\\/11\\\/29\\\/contribuintes-tem-ate-20-de-dezembro-para-aderir-ao-retoma-ribeirao\\\/\"},\"wordCount\":428,\"commentCount\":0,\"publisher\":{\"@id\":\"https:\\\/\\\/regiaonews.net.br\\\/2022\\\/#organization\"},\"image\":{\"@id\":\"https:\\\/\\\/regiaonews.net.br\\\/2022\\\/2023\\\/11\\\/29\\\/contribuintes-tem-ate-20-de-dezembro-para-aderir-ao-retoma-ribeirao\\\/#primaryimage\"},\"thumbnailUrl\":\"https:\\\/\\\/regiaonews.net.br\\\/2022\\\/wp-content\\\/uploads\\\/2023\\\/11\\\/Prefeitura-Ribeirao.jpg\",\"articleSection\":[\"Cotidiano\",\"Ribeir\u00e3o Preto\"],\"inLanguage\":\"pt-BR\",\"potentialAction\":[{\"@type\":\"CommentAction\",\"name\":\"Comment\",\"target\":[\"https:\\\/\\\/regiaonews.net.br\\\/2022\\\/2023\\\/11\\\/29\\\/contribuintes-tem-ate-20-de-dezembro-para-aderir-ao-retoma-ribeirao\\\/#respond\"]}]},{\"@type\":\"WebPage\",\"@id\":\"https:\\\/\\\/regiaonews.net.br\\\/2022\\\/2023\\\/11\\\/29\\\/contribuintes-tem-ate-20-de-dezembro-para-aderir-ao-retoma-ribeirao\\\/\",\"url\":\"https:\\\/\\\/regiaonews.net.br\\\/2022\\\/2023\\\/11\\\/29\\\/contribuintes-tem-ate-20-de-dezembro-para-aderir-ao-retoma-ribeirao\\\/\",\"name\":\"Contribuintes tem at\u00e9 20 de dezembro para aderir ao Retoma\",\"isPartOf\":{\"@id\":\"https:\\\/\\\/regiaonews.net.br\\\/2022\\\/#website\"},\"primaryImageOfPage\":{\"@id\":\"https:\\\/\\\/regiaonews.net.br\\\/2022\\\/2023\\\/11\\\/29\\\/contribuintes-tem-ate-20-de-dezembro-para-aderir-ao-retoma-ribeirao\\\/#primaryimage\"},\"image\":{\"@id\":\"https:\\\/\\\/regiaonews.net.br\\\/2022\\\/2023\\\/11\\\/29\\\/contribuintes-tem-ate-20-de-dezembro-para-aderir-ao-retoma-ribeirao\\\/#primaryimage\"},\"thumbnailUrl\":\"https:\\\/\\\/regiaonews.net.br\\\/2022\\\/wp-content\\\/uploads\\\/2023\\\/11\\\/Prefeitura-Ribeirao.jpg\",\"datePublished\":\"2023-11-29T12:34:15+00:00\",\"dateModified\":\"2023-11-29T12:35:13+00:00\",\"description\":\"Lan\u00e7ado pela Prefeitura Municipal no dia 13 de novembro, o Retoma Ribeir\u00e3o visa incentivar contribuintes que est\u00e3o em d\u00e9bito com\",\"breadcrumb\":{\"@id\":\"https:\\\/\\\/regiaonews.net.br\\\/2022\\\/2023\\\/11\\\/29\\\/contribuintes-tem-ate-20-de-dezembro-para-aderir-ao-retoma-ribeirao\\\/#breadcrumb\"},\"inLanguage\":\"pt-BR\",\"potentialAction\":[{\"@type\":\"ReadAction\",\"target\":[\"https:\\\/\\\/regiaonews.net.br\\\/2022\\\/2023\\\/11\\\/29\\\/contribuintes-tem-ate-20-de-dezembro-para-aderir-ao-retoma-ribeirao\\\/\"]}]},{\"@type\":\"ImageObject\",\"inLanguage\":\"pt-BR\",\"@id\":\"https:\\\/\\\/regiaonews.net.br\\\/2022\\\/2023\\\/11\\\/29\\\/contribuintes-tem-ate-20-de-dezembro-para-aderir-ao-retoma-ribeirao\\\/#primaryimage\",\"url\":\"https:\\\/\\\/regiaonews.net.br\\\/2022\\\/wp-content\\\/uploads\\\/2023\\\/11\\\/Prefeitura-Ribeirao.jpg\",\"contentUrl\":\"https:\\\/\\\/regiaonews.net.br\\\/2022\\\/wp-content\\\/uploads\\\/2023\\\/11\\\/Prefeitura-Ribeirao.jpg\",\"width\":728,\"height\":535},{\"@type\":\"BreadcrumbList\",\"@id\":\"https:\\\/\\\/regiaonews.net.br\\\/2022\\\/2023\\\/11\\\/29\\\/contribuintes-tem-ate-20-de-dezembro-para-aderir-ao-retoma-ribeirao\\\/#breadcrumb\",\"itemListElement\":[{\"@type\":\"ListItem\",\"position\":1,\"name\":\"In\u00edcio\",\"item\":\"https:\\\/\\\/regiaonews.net.br\\\/2022\\\/\"},{\"@type\":\"ListItem\",\"position\":2,\"name\":\"Contribuintes tem at\u00e9 20 de dezembro para aderir ao Retoma Ribeir\u00e3o\"}]},{\"@type\":\"WebSite\",\"@id\":\"https:\\\/\\\/regiaonews.net.br\\\/2022\\\/#website\",\"url\":\"https:\\\/\\\/regiaonews.net.br\\\/2022\\\/\",\"name\":\"Regi\u00e3o News\",\"description\":\"Site de Not\u00edcias de Barretos e regi\u00e3o\",\"publisher\":{\"@id\":\"https:\\\/\\\/regiaonews.net.br\\\/2022\\\/#organization\"},\"potentialAction\":[{\"@type\":\"SearchAction\",\"target\":{\"@type\":\"EntryPoint\",\"urlTemplate\":\"https:\\\/\\\/regiaonews.net.br\\\/2022\\\/?s={search_term_string}\"},\"query-input\":{\"@type\":\"PropertyValueSpecification\",\"valueRequired\":true,\"valueName\":\"search_term_string\"}}],\"inLanguage\":\"pt-BR\"},{\"@type\":\"Organization\",\"@id\":\"https:\\\/\\\/regiaonews.net.br\\\/2022\\\/#organization\",\"name\":\"Regi\u00e3o News\",\"url\":\"https:\\\/\\\/regiaonews.net.br\\\/2022\\\/\",\"logo\":{\"@type\":\"ImageObject\",\"inLanguage\":\"pt-BR\",\"@id\":\"https:\\\/\\\/regiaonews.net.br\\\/2022\\\/#\\\/schema\\\/logo\\\/image\\\/\",\"url\":\"https:\\\/\\\/regiaonews.net.br\\\/2022\\\/wp-content\\\/uploads\\\/2026\\\/03\\\/regiao-13-anos-scaled.jpg\",\"contentUrl\":\"https:\\\/\\\/regiaonews.net.br\\\/2022\\\/wp-content\\\/uploads\\\/2026\\\/03\\\/regiao-13-anos-scaled.jpg\",\"width\":2560,\"height\":635,\"caption\":\"Regi\u00e3o News\"},\"image\":{\"@id\":\"https:\\\/\\\/regiaonews.net.br\\\/2022\\\/#\\\/schema\\\/logo\\\/image\\\/\"}},{\"@type\":\"Person\",\"@id\":\"https:\\\/\\\/regiaonews.net.br\\\/2022\\\/#\\\/schema\\\/person\\\/2d205a608a5aa97ac279d7a5e6d89ad8\",\"name\":\"Roberto\",\"image\":{\"@type\":\"ImageObject\",\"inLanguage\":\"pt-BR\",\"@id\":\"https:\\\/\\\/secure.gravatar.com\\\/avatar\\\/42749d8b712ff9d59ca93dc150494e5b55a44134482993f5baeb97e61b7ecc89?s=96&d=mm&r=g\",\"url\":\"https:\\\/\\\/secure.gravatar.com\\\/avatar\\\/42749d8b712ff9d59ca93dc150494e5b55a44134482993f5baeb97e61b7ecc89?s=96&d=mm&r=g\",\"contentUrl\":\"https:\\\/\\\/secure.gravatar.com\\\/avatar\\\/42749d8b712ff9d59ca93dc150494e5b55a44134482993f5baeb97e61b7ecc89?s=96&d=mm&r=g\",\"caption\":\"Roberto\"},\"url\":\"https:\\\/\\\/regiaonews.net.br\\\/2022\\\/author\\\/roberto\\\/\"}]}<\/script>\n<!-- \/ Yoast SEO plugin. -->","yoast_head_json":{"title":"Contribuintes tem at\u00e9 20 de dezembro para aderir ao Retoma","description":"Lan\u00e7ado pela Prefeitura Municipal no dia 13 de novembro, o Retoma Ribeir\u00e3o visa incentivar contribuintes que est\u00e3o em d\u00e9bito com","robots":{"index":"index","follow":"follow","max-snippet":"max-snippet:-1","max-image-preview":"max-image-preview:large","max-video-preview":"max-video-preview:-1"},"canonical":"https:\/\/regiaonews.net.br\/2022\/2023\/11\/29\/contribuintes-tem-ate-20-de-dezembro-para-aderir-ao-retoma-ribeirao\/","og_locale":"pt_BR","og_type":"article","og_title":"Contribuintes tem at\u00e9 20 de dezembro para aderir ao Retoma","og_description":"Lan\u00e7ado pela Prefeitura Municipal no dia 13 de novembro, o Retoma Ribeir\u00e3o visa incentivar contribuintes que est\u00e3o em d\u00e9bito com","og_url":"https:\/\/regiaonews.net.br\/2022\/2023\/11\/29\/contribuintes-tem-ate-20-de-dezembro-para-aderir-ao-retoma-ribeirao\/","og_site_name":"Regi\u00e3o News","article_published_time":"2023-11-29T12:34:15+00:00","article_modified_time":"2023-11-29T12:35:13+00:00","og_image":[{"width":728,"height":535,"url":"https:\/\/regiaonews.net.br\/2022\/wp-content\/uploads\/2023\/11\/Prefeitura-Ribeirao.jpg","type":"image\/jpeg"}],"author":"Roberto","twitter_card":"summary_large_image","twitter_misc":{"Escrito por":"Roberto","Est. tempo de leitura":"3 minutos"},"schema":{"@context":"https:\/\/schema.org","@graph":[{"@type":"Article","@id":"https:\/\/regiaonews.net.br\/2022\/2023\/11\/29\/contribuintes-tem-ate-20-de-dezembro-para-aderir-ao-retoma-ribeirao\/#article","isPartOf":{"@id":"https:\/\/regiaonews.net.br\/2022\/2023\/11\/29\/contribuintes-tem-ate-20-de-dezembro-para-aderir-ao-retoma-ribeirao\/"},"author":{"name":"Roberto","@id":"https:\/\/regiaonews.net.br\/2022\/#\/schema\/person\/2d205a608a5aa97ac279d7a5e6d89ad8"},"headline":"Contribuintes tem at\u00e9 20 de dezembro para aderir ao Retoma Ribeir\u00e3o","datePublished":"2023-11-29T12:34:15+00:00","dateModified":"2023-11-29T12:35:13+00:00","mainEntityOfPage":{"@id":"https:\/\/regiaonews.net.br\/2022\/2023\/11\/29\/contribuintes-tem-ate-20-de-dezembro-para-aderir-ao-retoma-ribeirao\/"},"wordCount":428,"commentCount":0,"publisher":{"@id":"https:\/\/regiaonews.net.br\/2022\/#organization"},"image":{"@id":"https:\/\/regiaonews.net.br\/2022\/2023\/11\/29\/contribuintes-tem-ate-20-de-dezembro-para-aderir-ao-retoma-ribeirao\/#primaryimage"},"thumbnailUrl":"https:\/\/regiaonews.net.br\/2022\/wp-content\/uploads\/2023\/11\/Prefeitura-Ribeirao.jpg","articleSection":["Cotidiano","Ribeir\u00e3o Preto"],"inLanguage":"pt-BR","potentialAction":[{"@type":"CommentAction","name":"Comment","target":["https:\/\/regiaonews.net.br\/2022\/2023\/11\/29\/contribuintes-tem-ate-20-de-dezembro-para-aderir-ao-retoma-ribeirao\/#respond"]}]},{"@type":"WebPage","@id":"https:\/\/regiaonews.net.br\/2022\/2023\/11\/29\/contribuintes-tem-ate-20-de-dezembro-para-aderir-ao-retoma-ribeirao\/","url":"https:\/\/regiaonews.net.br\/2022\/2023\/11\/29\/contribuintes-tem-ate-20-de-dezembro-para-aderir-ao-retoma-ribeirao\/","name":"Contribuintes tem at\u00e9 20 de dezembro para aderir ao Retoma","isPartOf":{"@id":"https:\/\/regiaonews.net.br\/2022\/#website"},"primaryImageOfPage":{"@id":"https:\/\/regiaonews.net.br\/2022\/2023\/11\/29\/contribuintes-tem-ate-20-de-dezembro-para-aderir-ao-retoma-ribeirao\/#primaryimage"},"image":{"@id":"https:\/\/regiaonews.net.br\/2022\/2023\/11\/29\/contribuintes-tem-ate-20-de-dezembro-para-aderir-ao-retoma-ribeirao\/#primaryimage"},"thumbnailUrl":"https:\/\/regiaonews.net.br\/2022\/wp-content\/uploads\/2023\/11\/Prefeitura-Ribeirao.jpg","datePublished":"2023-11-29T12:34:15+00:00","dateModified":"2023-11-29T12:35:13+00:00","description":"Lan\u00e7ado pela Prefeitura Municipal no dia 13 de novembro, o Retoma Ribeir\u00e3o visa incentivar contribuintes que est\u00e3o em d\u00e9bito com","breadcrumb":{"@id":"https:\/\/regiaonews.net.br\/2022\/2023\/11\/29\/contribuintes-tem-ate-20-de-dezembro-para-aderir-ao-retoma-ribeirao\/#breadcrumb"},"inLanguage":"pt-BR","potentialAction":[{"@type":"ReadAction","target":["https:\/\/regiaonews.net.br\/2022\/2023\/11\/29\/contribuintes-tem-ate-20-de-dezembro-para-aderir-ao-retoma-ribeirao\/"]}]},{"@type":"ImageObject","inLanguage":"pt-BR","@id":"https:\/\/regiaonews.net.br\/2022\/2023\/11\/29\/contribuintes-tem-ate-20-de-dezembro-para-aderir-ao-retoma-ribeirao\/#primaryimage","url":"https:\/\/regiaonews.net.br\/2022\/wp-content\/uploads\/2023\/11\/Prefeitura-Ribeirao.jpg","contentUrl":"https:\/\/regiaonews.net.br\/2022\/wp-content\/uploads\/2023\/11\/Prefeitura-Ribeirao.jpg","width":728,"height":535},{"@type":"BreadcrumbList","@id":"https:\/\/regiaonews.net.br\/2022\/2023\/11\/29\/contribuintes-tem-ate-20-de-dezembro-para-aderir-ao-retoma-ribeirao\/#breadcrumb","itemListElement":[{"@type":"ListItem","position":1,"name":"In\u00edcio","item":"https:\/\/regiaonews.net.br\/2022\/"},{"@type":"ListItem","position":2,"name":"Contribuintes tem at\u00e9 20 de dezembro para aderir ao Retoma Ribeir\u00e3o"}]},{"@type":"WebSite","@id":"https:\/\/regiaonews.net.br\/2022\/#website","url":"https:\/\/regiaonews.net.br\/2022\/","name":"Regi\u00e3o News","description":"Site de Not\u00edcias de Barretos e regi\u00e3o","publisher":{"@id":"https:\/\/regiaonews.net.br\/2022\/#organization"},"potentialAction":[{"@type":"SearchAction","target":{"@type":"EntryPoint","urlTemplate":"https:\/\/regiaonews.net.br\/2022\/?s={search_term_string}"},"query-input":{"@type":"PropertyValueSpecification","valueRequired":true,"valueName":"search_term_string"}}],"inLanguage":"pt-BR"},{"@type":"Organization","@id":"https:\/\/regiaonews.net.br\/2022\/#organization","name":"Regi\u00e3o News","url":"https:\/\/regiaonews.net.br\/2022\/","logo":{"@type":"ImageObject","inLanguage":"pt-BR","@id":"https:\/\/regiaonews.net.br\/2022\/#\/schema\/logo\/image\/","url":"https:\/\/regiaonews.net.br\/2022\/wp-content\/uploads\/2026\/03\/regiao-13-anos-scaled.jpg","contentUrl":"https:\/\/regiaonews.net.br\/2022\/wp-content\/uploads\/2026\/03\/regiao-13-anos-scaled.jpg","width":2560,"height":635,"caption":"Regi\u00e3o News"},"image":{"@id":"https:\/\/regiaonews.net.br\/2022\/#\/schema\/logo\/image\/"}},{"@type":"Person","@id":"https:\/\/regiaonews.net.br\/2022\/#\/schema\/person\/2d205a608a5aa97ac279d7a5e6d89ad8","name":"Roberto","image":{"@type":"ImageObject","inLanguage":"pt-BR","@id":"https:\/\/secure.gravatar.com\/avatar\/42749d8b712ff9d59ca93dc150494e5b55a44134482993f5baeb97e61b7ecc89?s=96&d=mm&r=g","url":"https:\/\/secure.gravatar.com\/avatar\/42749d8b712ff9d59ca93dc150494e5b55a44134482993f5baeb97e61b7ecc89?s=96&d=mm&r=g","contentUrl":"https:\/\/secure.gravatar.com\/avatar\/42749d8b712ff9d59ca93dc150494e5b55a44134482993f5baeb97e61b7ecc89?s=96&d=mm&r=g","caption":"Roberto"},"url":"https:\/\/regiaonews.net.br\/2022\/author\/roberto\/"}]}},"publishpress_future_action":{"enabled":false,"date":"2026-05-04 08:46:11","action":"change-status","newStatus":"draft","terms":[],"taxonomy":"category","extraData":[]},"publishpress_future_workflow_manual_trigger":{"enabledWorkflows":[]},"_links":{"self":[{"href":"https:\/\/regiaonews.net.br\/2022\/wp-json\/wp\/v2\/posts\/98358","targetHints":{"allow":["GET"]}}],"collection":[{"href":"https:\/\/regiaonews.net.br\/2022\/wp-json\/wp\/v2\/posts"}],"about":[{"href":"https:\/\/regiaonews.net.br\/2022\/wp-json\/wp\/v2\/types\/post"}],"author":[{"embeddable":true,"href":"https:\/\/regiaonews.net.br\/2022\/wp-json\/wp\/v2\/users\/2"}],"replies":[{"embeddable":true,"href":"https:\/\/regiaonews.net.br\/2022\/wp-json\/wp\/v2\/comments?post=98358"}],"version-history":[{"count":1,"href":"https:\/\/regiaonews.net.br\/2022\/wp-json\/wp\/v2\/posts\/98358\/revisions"}],"predecessor-version":[{"id":98361,"href":"https:\/\/regiaonews.net.br\/2022\/wp-json\/wp\/v2\/posts\/98358\/revisions\/98361"}],"wp:featuredmedia":[{"embeddable":true,"href":"https:\/\/regiaonews.net.br\/2022\/wp-json\/wp\/v2\/media\/98359"}],"wp:attachment":[{"href":"https:\/\/regiaonews.net.br\/2022\/wp-json\/wp\/v2\/media?parent=98358"}],"wp:term":[{"taxonomy":"category","embeddable":true,"href":"https:\/\/regiaonews.net.br\/2022\/wp-json\/wp\/v2\/categories?post=98358"},{"taxonomy":"post_tag","embeddable":true,"href":"https:\/\/regiaonews.net.br\/2022\/wp-json\/wp\/v2\/tags?post=98358"}],"curies":[{"name":"wp","href":"https:\/\/api.w.org\/{rel}","templated":true}]}}