{"id":98355,"date":"2023-11-29T09:28:08","date_gmt":"2023-11-29T12:28:08","guid":{"rendered":"https:\/\/regiaonews.net.br\/2022\/?p=98355"},"modified":"2023-11-29T09:28:08","modified_gmt":"2023-11-29T12:28:08","slug":"ame-ribeirao-preto-recebe-aparelho-de-tomografia","status":"publish","type":"post","link":"https:\/\/regiaonews.net.br\/2022\/2023\/11\/29\/ame-ribeirao-preto-recebe-aparelho-de-tomografia\/","title":{"rendered":"AME Ribeir\u00e3o Preto recebe aparelho de tomografia"},"content":{"rendered":"<p>Foto &#8211; Equipamento de tomografia computadorizada (Cr\u00e9dito &#8211; Guilherme Sircili)<\/p>\n<p>&nbsp;<\/p>\n<p>O AME Ribeir\u00e3o Preto \u2013 Ambulat\u00f3rio M\u00e9dico de Especialidades, recebeu nesta ter\u00e7a-feira (28), o aparelho de tomografia computadorizada,\u00a0procedimento n\u00e3o invasivo de diagn\u00f3stico por imagem\u00a0e iniciar\u00e1 os exames na especialidade em breve.<\/p>\n<p>J\u00e1 na\u00a0 segunda-feira, 27 de novembro, o equipamento iniciou o atendimento em duas especialidades m\u00e9dicas: cardiologia e dermatologia. Nesta ter\u00e7a-feira, (28), iniciou os atendimentos em urologia e no pr\u00f3ximo dia 4 de dezembro, em otorrinolarigologia e oftalmologia.<\/p>\n<p>No in\u00edcio de 2024, o Ame iniciar\u00e1 as cirurgias e de dois em dois meses, gradativamente a evolu\u00e7\u00e3o nos atendimentos, com previs\u00e3o de conclus\u00e3o de implanta\u00e7\u00e3o de todas as especialidades em 18 meses.<\/p>\n<p>Constru\u00eddo na Vila Virg\u00ednia com recursos da Prefeitura, com investimento de R$\u00a045.312.605,61,\u00a0o AME Ribeir\u00e3o Preto foi e entregue ao governo do Estado \u00a0\u00a0e come\u00e7a a atender gradativamente em 26 especialidades.\u00a0A respons\u00e1vel pela gest\u00e3o do hospital \u00e9 a Organiza\u00e7\u00e3o Social (OSS) &#8211; Funda\u00e7\u00e3o Santa Casa de Miseric\u00f3rdia<strong>\u00a0<\/strong>de Franca.<\/p>\n<p>O prefeito Duarte Nogueira, explicou que o governador do Estado, Tarc\u00edsio de Freitas vir\u00e1 \u00e0 Ribeir\u00e3o Preto para inaugurar o AME oficialmente, mas que o AME j\u00e1 iniciou os atendimentos. \u201cEntregamos o AME com tudo que foi programado para colocar \u00e0 disposi\u00e7\u00e3o da popula\u00e7\u00e3o de Ribeir\u00e3o Preto e regi\u00e3o, sa\u00fade de alta qualidade para atender com resolutividade, bem-estar e acolhimento. A partir de hoje o AME Ribeir\u00e3o Preto j\u00e1 est\u00e1 funcionando\u201d, comemorou.<\/p>\n<p>&nbsp;<\/p>\n<p><strong>Estrutura<\/strong><\/p>\n<p>O AME Ribeir\u00e3o Preto foi constru\u00eddo em um terreno com mais de 17 mil metros quadrados, localizado entre a avenida Monteiro Lobato e a rua Visconde de Inhomirim, na Vila Virg\u00ednia. O projeto arquitet\u00f4nico traz os moldes dos AMEs do Estado de S\u00e3o Paulo em dimens\u00f5es ampliadas para atender as necessidades de Ribeir\u00e3o Preto e regi\u00e3o.<\/p>\n<p>Com mais de 7,9 mil metros quadrados de \u00e1rea constru\u00edda, a estrutura do pr\u00e9dio conta com instala\u00e7\u00f5es hospitalares de primeiro mundo, equipamentos m\u00e9dicos de \u00faltima gera\u00e7\u00e3o e atender\u00e1, aproximadamente, 1,5 milh\u00e3o de pessoas de Ribeir\u00e3o Preto e regi\u00e3o.<\/p>\n<p>Tem capacidade em realizar mais de sete mil consultas m\u00e9dicas e n\u00e3o m\u00e9dicas por m\u00eas, em torno de 89 mil por ano, cerca de 37 mil procedimentos diagn\u00f3sticos (exames) por m\u00eas e 6,8 mil cirurgias em nove especialidades por ano.<\/p>\n<p>&nbsp;<\/p>\n<p><strong>Centros cir\u00fargicos<\/strong><\/p>\n<p>Quatro centros cir\u00fargicos atender\u00e3o as especialidades de cirurgia geral, dermatologia, cirurgia vascular, ortopedia, oftalmologia, mastologia e urologia.<\/p>\n<p><strong>Salas de exames<\/strong><\/p>\n<p>A estrutura do AME tem ainda 22 salas para exames, sendo quatro salas para ultrassom, duas para endoscopia\/broncoscopia, colonoscopia, uretrocistoscopia, urodin\u00e2mica, fobronasolaringoscopia, eletrocardiograma, ecocardiograma, mapa e holter, teste ergon\u00f4mico, duas salas para exames oftalmol\u00f3gicos, eletroneuromiografia, eletroencefalografia, exames de otorrinolaringologia, sala baritada para tomografia computadorizada, com sala de apoio e comando, cintilografia e espirometria.<\/p>\n<p><strong>Salas de apoio<\/strong><\/p>\n<p>22 salas de apoio para recupera\u00e7\u00e3o, observa\u00e7\u00e3o, curativos, pequenos procedimentos, guarda de material est\u00e9ril, sala de gesso, esteriliza\u00e7\u00e3o, medica\u00e7\u00e3o, medicamentos, de coleta, tr\u00eas salas t\u00e9cnicas, um arsenal, central de materiais e cinco salas de espera.<\/p>\n<p><strong>Centro administrativo<\/strong><\/p>\n<p>No centro administrativo, s\u00e3o 17 salas para abrigar diretoria, centro de recursos humanos, inform\u00e1tica, finan\u00e7as, compras, supervis\u00e3o de atendimento, farm\u00e1cia, SAC, Servi\u00e7o de Arquivo M\u00e9dico e Estat\u00edstica (SAME) e almoxarifado.<\/p>\n<p>Al\u00e9m disso, 25 banheiros, dois lavabos cir\u00fargicos, dois refeit\u00f3rios, tr\u00eas copas, seis vesti\u00e1rios, guarda macas, frald\u00e1rio, enfermagem, servi\u00e7o social e psicol\u00f3gico, fisioterapia, nutri\u00e7\u00e3o, fonoaudiologia, terapia ocupacional e amplo estacionamento para pacientes, familiares e funcion\u00e1rios.<\/p>\n<p>O pr\u00e9dio comporta 24 consult\u00f3rios, 40 salas de apoio e exames diagn\u00f3sticos, quatro centros cir\u00fargicos\u00a0com sala de recupera\u00e7\u00e3o para 15 camas e 5 poltronas, e ser\u00e1 equipado com aparelhos m\u00e9dicos para a realiza\u00e7\u00e3o de mais de 30 tipos de exames, dos mais simples aos mais complexos, com alta tecnologia e rapidez.<\/p>\n<p><strong>Especialidades m\u00e9dicas<\/strong><\/p>\n<p>As especialidades m\u00e9dicas oferecidas no AME Mais ser\u00e3o: alergia\/imunologia, anestesiologia, cardiologia adulto, cardiologia infantil, cirurgia de cabe\u00e7a e pesco\u00e7o, cirurgia geral, cirurgia pedi\u00e1trica, cirurgia pl\u00e1stica, cirurgia vascular, dermatologia, endocrinologia adulto, end\u00f3crino GO, gastroenterologia, ginecologia, infectologia, nefrologia, neurologia, neurologia infantil, obstetr\u00edcia \u2013 m\u00e9dio risco,\u00a0 oftalmologia, ortopedia, otorrinolaringologia, pneumologia, proctologia, reumatologia e urologia.<\/p>\n<p><strong>Especialidades n\u00e3o m\u00e9dicas<\/strong><\/p>\n<p>O AME Mais tamb\u00e9m oferecer\u00e1 especialidades n\u00e3o m\u00e9dicas, como enfermagem, odontologia, servi\u00e7o social, psicologia, nutri\u00e7\u00e3o, fonoaudiologia, fisioterapia e terapia ocupacional.<\/p>\n<p>&nbsp;<\/p>\n<p>&nbsp;<\/p>\n<p>&nbsp;<\/p>\n","protected":false},"excerpt":{"rendered":"<p>Foto &#8211; Equipamento de tomografia computadorizada (Cr\u00e9dito &#8211; Guilherme Sircili)<\/p>\n","protected":false},"author":2,"featured_media":98356,"comment_status":"open","ping_status":"open","sticky":false,"template":"","format":"standard","meta":{"footnotes":""},"categories":[111,32],"tags":[],"class_list":["post-98355","post","type-post","status-publish","format-standard","has-post-thumbnail","hentry","category-cotidiano","category-ribeirao-preto"],"yoast_head":"<!-- This site is optimized with the Yoast SEO plugin v27.4 - https:\/\/yoast.com\/product\/yoast-seo-wordpress\/ -->\n<title>AME Ribeir\u00e3o Preto recebe aparelho de tomografia - Regi\u00e3o News<\/title>\n<meta name=\"robots\" content=\"index, follow, max-snippet:-1, max-image-preview:large, max-video-preview:-1\" \/>\n<link rel=\"canonical\" href=\"https:\/\/regiaonews.net.br\/2022\/2023\/11\/29\/ame-ribeirao-preto-recebe-aparelho-de-tomografia\/\" \/>\n<meta property=\"og:locale\" content=\"pt_BR\" \/>\n<meta property=\"og:type\" content=\"article\" \/>\n<meta property=\"og:title\" content=\"AME Ribeir\u00e3o Preto recebe aparelho de tomografia - Regi\u00e3o News\" \/>\n<meta property=\"og:description\" content=\"Foto &#8211; Equipamento de tomografia computadorizada (Cr\u00e9dito &#8211; Guilherme Sircili)\" \/>\n<meta property=\"og:url\" content=\"https:\/\/regiaonews.net.br\/2022\/2023\/11\/29\/ame-ribeirao-preto-recebe-aparelho-de-tomografia\/\" \/>\n<meta property=\"og:site_name\" content=\"Regi\u00e3o News\" \/>\n<meta property=\"article:published_time\" content=\"2023-11-29T12:28:08+00:00\" \/>\n<meta property=\"og:image\" content=\"https:\/\/regiaonews.net.br\/2022\/wp-content\/uploads\/2023\/11\/maquina_tomografia_ame_-_foto_guilherme_sircili_5.jpg\" \/>\n\t<meta property=\"og:image:width\" content=\"1620\" \/>\n\t<meta property=\"og:image:height\" content=\"1080\" \/>\n\t<meta property=\"og:image:type\" content=\"image\/jpeg\" \/>\n<meta name=\"author\" content=\"Roberto\" \/>\n<meta name=\"twitter:card\" content=\"summary_large_image\" \/>\n<meta name=\"twitter:label1\" content=\"Escrito por\" \/>\n\t<meta name=\"twitter:data1\" content=\"Roberto\" \/>\n\t<meta name=\"twitter:label2\" content=\"Est. tempo de leitura\" \/>\n\t<meta name=\"twitter:data2\" content=\"4 minutos\" \/>\n<script type=\"application\/ld+json\" class=\"yoast-schema-graph\">{\"@context\":\"https:\\\/\\\/schema.org\",\"@graph\":[{\"@type\":\"Article\",\"@id\":\"https:\\\/\\\/regiaonews.net.br\\\/2022\\\/2023\\\/11\\\/29\\\/ame-ribeirao-preto-recebe-aparelho-de-tomografia\\\/#article\",\"isPartOf\":{\"@id\":\"https:\\\/\\\/regiaonews.net.br\\\/2022\\\/2023\\\/11\\\/29\\\/ame-ribeirao-preto-recebe-aparelho-de-tomografia\\\/\"},\"author\":{\"name\":\"Roberto\",\"@id\":\"https:\\\/\\\/regiaonews.net.br\\\/2022\\\/#\\\/schema\\\/person\\\/2d205a608a5aa97ac279d7a5e6d89ad8\"},\"headline\":\"AME Ribeir\u00e3o Preto recebe aparelho de tomografia\",\"datePublished\":\"2023-11-29T12:28:08+00:00\",\"mainEntityOfPage\":{\"@id\":\"https:\\\/\\\/regiaonews.net.br\\\/2022\\\/2023\\\/11\\\/29\\\/ame-ribeirao-preto-recebe-aparelho-de-tomografia\\\/\"},\"wordCount\":775,\"commentCount\":0,\"publisher\":{\"@id\":\"https:\\\/\\\/regiaonews.net.br\\\/2022\\\/#organization\"},\"image\":{\"@id\":\"https:\\\/\\\/regiaonews.net.br\\\/2022\\\/2023\\\/11\\\/29\\\/ame-ribeirao-preto-recebe-aparelho-de-tomografia\\\/#primaryimage\"},\"thumbnailUrl\":\"https:\\\/\\\/regiaonews.net.br\\\/2022\\\/wp-content\\\/uploads\\\/2023\\\/11\\\/maquina_tomografia_ame_-_foto_guilherme_sircili_5.jpg\",\"articleSection\":[\"Cotidiano\",\"Ribeir\u00e3o Preto\"],\"inLanguage\":\"pt-BR\",\"potentialAction\":[{\"@type\":\"CommentAction\",\"name\":\"Comment\",\"target\":[\"https:\\\/\\\/regiaonews.net.br\\\/2022\\\/2023\\\/11\\\/29\\\/ame-ribeirao-preto-recebe-aparelho-de-tomografia\\\/#respond\"]}]},{\"@type\":\"WebPage\",\"@id\":\"https:\\\/\\\/regiaonews.net.br\\\/2022\\\/2023\\\/11\\\/29\\\/ame-ribeirao-preto-recebe-aparelho-de-tomografia\\\/\",\"url\":\"https:\\\/\\\/regiaonews.net.br\\\/2022\\\/2023\\\/11\\\/29\\\/ame-ribeirao-preto-recebe-aparelho-de-tomografia\\\/\",\"name\":\"AME Ribeir\u00e3o Preto recebe aparelho de tomografia - Regi\u00e3o News\",\"isPartOf\":{\"@id\":\"https:\\\/\\\/regiaonews.net.br\\\/2022\\\/#website\"},\"primaryImageOfPage\":{\"@id\":\"https:\\\/\\\/regiaonews.net.br\\\/2022\\\/2023\\\/11\\\/29\\\/ame-ribeirao-preto-recebe-aparelho-de-tomografia\\\/#primaryimage\"},\"image\":{\"@id\":\"https:\\\/\\\/regiaonews.net.br\\\/2022\\\/2023\\\/11\\\/29\\\/ame-ribeirao-preto-recebe-aparelho-de-tomografia\\\/#primaryimage\"},\"thumbnailUrl\":\"https:\\\/\\\/regiaonews.net.br\\\/2022\\\/wp-content\\\/uploads\\\/2023\\\/11\\\/maquina_tomografia_ame_-_foto_guilherme_sircili_5.jpg\",\"datePublished\":\"2023-11-29T12:28:08+00:00\",\"breadcrumb\":{\"@id\":\"https:\\\/\\\/regiaonews.net.br\\\/2022\\\/2023\\\/11\\\/29\\\/ame-ribeirao-preto-recebe-aparelho-de-tomografia\\\/#breadcrumb\"},\"inLanguage\":\"pt-BR\",\"potentialAction\":[{\"@type\":\"ReadAction\",\"target\":[\"https:\\\/\\\/regiaonews.net.br\\\/2022\\\/2023\\\/11\\\/29\\\/ame-ribeirao-preto-recebe-aparelho-de-tomografia\\\/\"]}]},{\"@type\":\"ImageObject\",\"inLanguage\":\"pt-BR\",\"@id\":\"https:\\\/\\\/regiaonews.net.br\\\/2022\\\/2023\\\/11\\\/29\\\/ame-ribeirao-preto-recebe-aparelho-de-tomografia\\\/#primaryimage\",\"url\":\"https:\\\/\\\/regiaonews.net.br\\\/2022\\\/wp-content\\\/uploads\\\/2023\\\/11\\\/maquina_tomografia_ame_-_foto_guilherme_sircili_5.jpg\",\"contentUrl\":\"https:\\\/\\\/regiaonews.net.br\\\/2022\\\/wp-content\\\/uploads\\\/2023\\\/11\\\/maquina_tomografia_ame_-_foto_guilherme_sircili_5.jpg\",\"width\":1620,\"height\":1080},{\"@type\":\"BreadcrumbList\",\"@id\":\"https:\\\/\\\/regiaonews.net.br\\\/2022\\\/2023\\\/11\\\/29\\\/ame-ribeirao-preto-recebe-aparelho-de-tomografia\\\/#breadcrumb\",\"itemListElement\":[{\"@type\":\"ListItem\",\"position\":1,\"name\":\"In\u00edcio\",\"item\":\"https:\\\/\\\/regiaonews.net.br\\\/2022\\\/\"},{\"@type\":\"ListItem\",\"position\":2,\"name\":\"AME Ribeir\u00e3o Preto recebe aparelho de tomografia\"}]},{\"@type\":\"WebSite\",\"@id\":\"https:\\\/\\\/regiaonews.net.br\\\/2022\\\/#website\",\"url\":\"https:\\\/\\\/regiaonews.net.br\\\/2022\\\/\",\"name\":\"Regi\u00e3o News\",\"description\":\"Site de Not\u00edcias de Barretos e regi\u00e3o\",\"publisher\":{\"@id\":\"https:\\\/\\\/regiaonews.net.br\\\/2022\\\/#organization\"},\"potentialAction\":[{\"@type\":\"SearchAction\",\"target\":{\"@type\":\"EntryPoint\",\"urlTemplate\":\"https:\\\/\\\/regiaonews.net.br\\\/2022\\\/?s={search_term_string}\"},\"query-input\":{\"@type\":\"PropertyValueSpecification\",\"valueRequired\":true,\"valueName\":\"search_term_string\"}}],\"inLanguage\":\"pt-BR\"},{\"@type\":\"Organization\",\"@id\":\"https:\\\/\\\/regiaonews.net.br\\\/2022\\\/#organization\",\"name\":\"Regi\u00e3o News\",\"url\":\"https:\\\/\\\/regiaonews.net.br\\\/2022\\\/\",\"logo\":{\"@type\":\"ImageObject\",\"inLanguage\":\"pt-BR\",\"@id\":\"https:\\\/\\\/regiaonews.net.br\\\/2022\\\/#\\\/schema\\\/logo\\\/image\\\/\",\"url\":\"https:\\\/\\\/regiaonews.net.br\\\/2022\\\/wp-content\\\/uploads\\\/2026\\\/03\\\/regiao-13-anos-scaled.jpg\",\"contentUrl\":\"https:\\\/\\\/regiaonews.net.br\\\/2022\\\/wp-content\\\/uploads\\\/2026\\\/03\\\/regiao-13-anos-scaled.jpg\",\"width\":2560,\"height\":635,\"caption\":\"Regi\u00e3o News\"},\"image\":{\"@id\":\"https:\\\/\\\/regiaonews.net.br\\\/2022\\\/#\\\/schema\\\/logo\\\/image\\\/\"}},{\"@type\":\"Person\",\"@id\":\"https:\\\/\\\/regiaonews.net.br\\\/2022\\\/#\\\/schema\\\/person\\\/2d205a608a5aa97ac279d7a5e6d89ad8\",\"name\":\"Roberto\",\"image\":{\"@type\":\"ImageObject\",\"inLanguage\":\"pt-BR\",\"@id\":\"https:\\\/\\\/secure.gravatar.com\\\/avatar\\\/42749d8b712ff9d59ca93dc150494e5b55a44134482993f5baeb97e61b7ecc89?s=96&d=mm&r=g\",\"url\":\"https:\\\/\\\/secure.gravatar.com\\\/avatar\\\/42749d8b712ff9d59ca93dc150494e5b55a44134482993f5baeb97e61b7ecc89?s=96&d=mm&r=g\",\"contentUrl\":\"https:\\\/\\\/secure.gravatar.com\\\/avatar\\\/42749d8b712ff9d59ca93dc150494e5b55a44134482993f5baeb97e61b7ecc89?s=96&d=mm&r=g\",\"caption\":\"Roberto\"},\"url\":\"https:\\\/\\\/regiaonews.net.br\\\/2022\\\/author\\\/roberto\\\/\"}]}<\/script>\n<!-- \/ Yoast SEO plugin. -->","yoast_head_json":{"title":"AME Ribeir\u00e3o Preto recebe aparelho de tomografia - Regi\u00e3o News","robots":{"index":"index","follow":"follow","max-snippet":"max-snippet:-1","max-image-preview":"max-image-preview:large","max-video-preview":"max-video-preview:-1"},"canonical":"https:\/\/regiaonews.net.br\/2022\/2023\/11\/29\/ame-ribeirao-preto-recebe-aparelho-de-tomografia\/","og_locale":"pt_BR","og_type":"article","og_title":"AME Ribeir\u00e3o Preto recebe aparelho de tomografia - Regi\u00e3o News","og_description":"Foto &#8211; Equipamento de tomografia computadorizada (Cr\u00e9dito &#8211; Guilherme Sircili)","og_url":"https:\/\/regiaonews.net.br\/2022\/2023\/11\/29\/ame-ribeirao-preto-recebe-aparelho-de-tomografia\/","og_site_name":"Regi\u00e3o News","article_published_time":"2023-11-29T12:28:08+00:00","og_image":[{"width":1620,"height":1080,"url":"https:\/\/regiaonews.net.br\/2022\/wp-content\/uploads\/2023\/11\/maquina_tomografia_ame_-_foto_guilherme_sircili_5.jpg","type":"image\/jpeg"}],"author":"Roberto","twitter_card":"summary_large_image","twitter_misc":{"Escrito por":"Roberto","Est. tempo de leitura":"4 minutos"},"schema":{"@context":"https:\/\/schema.org","@graph":[{"@type":"Article","@id":"https:\/\/regiaonews.net.br\/2022\/2023\/11\/29\/ame-ribeirao-preto-recebe-aparelho-de-tomografia\/#article","isPartOf":{"@id":"https:\/\/regiaonews.net.br\/2022\/2023\/11\/29\/ame-ribeirao-preto-recebe-aparelho-de-tomografia\/"},"author":{"name":"Roberto","@id":"https:\/\/regiaonews.net.br\/2022\/#\/schema\/person\/2d205a608a5aa97ac279d7a5e6d89ad8"},"headline":"AME Ribeir\u00e3o Preto recebe aparelho de tomografia","datePublished":"2023-11-29T12:28:08+00:00","mainEntityOfPage":{"@id":"https:\/\/regiaonews.net.br\/2022\/2023\/11\/29\/ame-ribeirao-preto-recebe-aparelho-de-tomografia\/"},"wordCount":775,"commentCount":0,"publisher":{"@id":"https:\/\/regiaonews.net.br\/2022\/#organization"},"image":{"@id":"https:\/\/regiaonews.net.br\/2022\/2023\/11\/29\/ame-ribeirao-preto-recebe-aparelho-de-tomografia\/#primaryimage"},"thumbnailUrl":"https:\/\/regiaonews.net.br\/2022\/wp-content\/uploads\/2023\/11\/maquina_tomografia_ame_-_foto_guilherme_sircili_5.jpg","articleSection":["Cotidiano","Ribeir\u00e3o Preto"],"inLanguage":"pt-BR","potentialAction":[{"@type":"CommentAction","name":"Comment","target":["https:\/\/regiaonews.net.br\/2022\/2023\/11\/29\/ame-ribeirao-preto-recebe-aparelho-de-tomografia\/#respond"]}]},{"@type":"WebPage","@id":"https:\/\/regiaonews.net.br\/2022\/2023\/11\/29\/ame-ribeirao-preto-recebe-aparelho-de-tomografia\/","url":"https:\/\/regiaonews.net.br\/2022\/2023\/11\/29\/ame-ribeirao-preto-recebe-aparelho-de-tomografia\/","name":"AME Ribeir\u00e3o Preto recebe aparelho de tomografia - Regi\u00e3o News","isPartOf":{"@id":"https:\/\/regiaonews.net.br\/2022\/#website"},"primaryImageOfPage":{"@id":"https:\/\/regiaonews.net.br\/2022\/2023\/11\/29\/ame-ribeirao-preto-recebe-aparelho-de-tomografia\/#primaryimage"},"image":{"@id":"https:\/\/regiaonews.net.br\/2022\/2023\/11\/29\/ame-ribeirao-preto-recebe-aparelho-de-tomografia\/#primaryimage"},"thumbnailUrl":"https:\/\/regiaonews.net.br\/2022\/wp-content\/uploads\/2023\/11\/maquina_tomografia_ame_-_foto_guilherme_sircili_5.jpg","datePublished":"2023-11-29T12:28:08+00:00","breadcrumb":{"@id":"https:\/\/regiaonews.net.br\/2022\/2023\/11\/29\/ame-ribeirao-preto-recebe-aparelho-de-tomografia\/#breadcrumb"},"inLanguage":"pt-BR","potentialAction":[{"@type":"ReadAction","target":["https:\/\/regiaonews.net.br\/2022\/2023\/11\/29\/ame-ribeirao-preto-recebe-aparelho-de-tomografia\/"]}]},{"@type":"ImageObject","inLanguage":"pt-BR","@id":"https:\/\/regiaonews.net.br\/2022\/2023\/11\/29\/ame-ribeirao-preto-recebe-aparelho-de-tomografia\/#primaryimage","url":"https:\/\/regiaonews.net.br\/2022\/wp-content\/uploads\/2023\/11\/maquina_tomografia_ame_-_foto_guilherme_sircili_5.jpg","contentUrl":"https:\/\/regiaonews.net.br\/2022\/wp-content\/uploads\/2023\/11\/maquina_tomografia_ame_-_foto_guilherme_sircili_5.jpg","width":1620,"height":1080},{"@type":"BreadcrumbList","@id":"https:\/\/regiaonews.net.br\/2022\/2023\/11\/29\/ame-ribeirao-preto-recebe-aparelho-de-tomografia\/#breadcrumb","itemListElement":[{"@type":"ListItem","position":1,"name":"In\u00edcio","item":"https:\/\/regiaonews.net.br\/2022\/"},{"@type":"ListItem","position":2,"name":"AME Ribeir\u00e3o Preto recebe aparelho de tomografia"}]},{"@type":"WebSite","@id":"https:\/\/regiaonews.net.br\/2022\/#website","url":"https:\/\/regiaonews.net.br\/2022\/","name":"Regi\u00e3o News","description":"Site de Not\u00edcias de Barretos e regi\u00e3o","publisher":{"@id":"https:\/\/regiaonews.net.br\/2022\/#organization"},"potentialAction":[{"@type":"SearchAction","target":{"@type":"EntryPoint","urlTemplate":"https:\/\/regiaonews.net.br\/2022\/?s={search_term_string}"},"query-input":{"@type":"PropertyValueSpecification","valueRequired":true,"valueName":"search_term_string"}}],"inLanguage":"pt-BR"},{"@type":"Organization","@id":"https:\/\/regiaonews.net.br\/2022\/#organization","name":"Regi\u00e3o News","url":"https:\/\/regiaonews.net.br\/2022\/","logo":{"@type":"ImageObject","inLanguage":"pt-BR","@id":"https:\/\/regiaonews.net.br\/2022\/#\/schema\/logo\/image\/","url":"https:\/\/regiaonews.net.br\/2022\/wp-content\/uploads\/2026\/03\/regiao-13-anos-scaled.jpg","contentUrl":"https:\/\/regiaonews.net.br\/2022\/wp-content\/uploads\/2026\/03\/regiao-13-anos-scaled.jpg","width":2560,"height":635,"caption":"Regi\u00e3o News"},"image":{"@id":"https:\/\/regiaonews.net.br\/2022\/#\/schema\/logo\/image\/"}},{"@type":"Person","@id":"https:\/\/regiaonews.net.br\/2022\/#\/schema\/person\/2d205a608a5aa97ac279d7a5e6d89ad8","name":"Roberto","image":{"@type":"ImageObject","inLanguage":"pt-BR","@id":"https:\/\/secure.gravatar.com\/avatar\/42749d8b712ff9d59ca93dc150494e5b55a44134482993f5baeb97e61b7ecc89?s=96&d=mm&r=g","url":"https:\/\/secure.gravatar.com\/avatar\/42749d8b712ff9d59ca93dc150494e5b55a44134482993f5baeb97e61b7ecc89?s=96&d=mm&r=g","contentUrl":"https:\/\/secure.gravatar.com\/avatar\/42749d8b712ff9d59ca93dc150494e5b55a44134482993f5baeb97e61b7ecc89?s=96&d=mm&r=g","caption":"Roberto"},"url":"https:\/\/regiaonews.net.br\/2022\/author\/roberto\/"}]}},"publishpress_future_action":{"enabled":false,"date":"2026-05-04 08:45:20","action":"change-status","newStatus":"draft","terms":[],"taxonomy":"category","extraData":[]},"publishpress_future_workflow_manual_trigger":{"enabledWorkflows":[]},"_links":{"self":[{"href":"https:\/\/regiaonews.net.br\/2022\/wp-json\/wp\/v2\/posts\/98355","targetHints":{"allow":["GET"]}}],"collection":[{"href":"https:\/\/regiaonews.net.br\/2022\/wp-json\/wp\/v2\/posts"}],"about":[{"href":"https:\/\/regiaonews.net.br\/2022\/wp-json\/wp\/v2\/types\/post"}],"author":[{"embeddable":true,"href":"https:\/\/regiaonews.net.br\/2022\/wp-json\/wp\/v2\/users\/2"}],"replies":[{"embeddable":true,"href":"https:\/\/regiaonews.net.br\/2022\/wp-json\/wp\/v2\/comments?post=98355"}],"version-history":[{"count":1,"href":"https:\/\/regiaonews.net.br\/2022\/wp-json\/wp\/v2\/posts\/98355\/revisions"}],"predecessor-version":[{"id":98357,"href":"https:\/\/regiaonews.net.br\/2022\/wp-json\/wp\/v2\/posts\/98355\/revisions\/98357"}],"wp:featuredmedia":[{"embeddable":true,"href":"https:\/\/regiaonews.net.br\/2022\/wp-json\/wp\/v2\/media\/98356"}],"wp:attachment":[{"href":"https:\/\/regiaonews.net.br\/2022\/wp-json\/wp\/v2\/media?parent=98355"}],"wp:term":[{"taxonomy":"category","embeddable":true,"href":"https:\/\/regiaonews.net.br\/2022\/wp-json\/wp\/v2\/categories?post=98355"},{"taxonomy":"post_tag","embeddable":true,"href":"https:\/\/regiaonews.net.br\/2022\/wp-json\/wp\/v2\/tags?post=98355"}],"curies":[{"name":"wp","href":"https:\/\/api.w.org\/{rel}","templated":true}]}}