{"id":98321,"date":"2023-11-28T20:20:45","date_gmt":"2023-11-28T23:20:45","guid":{"rendered":"https:\/\/regiaonews.net.br\/2022\/?p=98321"},"modified":"2023-11-28T20:20:45","modified_gmt":"2023-11-28T23:20:45","slug":"black-friday-do-north-shopping-registra-crescimento-em-comparacao-com-2022","status":"publish","type":"post","link":"https:\/\/regiaonews.net.br\/2022\/2023\/11\/28\/black-friday-do-north-shopping-registra-crescimento-em-comparacao-com-2022\/","title":{"rendered":"Black Friday do North Shopping registra crescimento em compara\u00e7\u00e3o com 2022"},"content":{"rendered":"<table role=\"presentation\" border=\"0\" width=\"100%\" cellspacing=\"0\" cellpadding=\"0\">\n<tbody>\n<tr>\n<td align=\"left\">\n<div>\n<p><em>Na contram\u00e3o da retra\u00e7\u00e3o registrada pelo varejo nacional, centro de compras barretense teve aumento na compara\u00e7\u00e3o anual<\/em><\/p>\n<\/div>\n<\/td>\n<\/tr>\n<tr>\n<td align=\"left\">\n<div>\n<p>No per\u00edodo entre sexta-feira , 24 de novembro a domingo, 26, o movimento de ve\u00edculos, pessoas e volume de vendas no North Shopping Barretos esteve\u00a0superior ao registrado em 2022 nos dias da promo\u00e7\u00e3o anual chamada Black Friday. Apesar de modesto, o crescimento da promo\u00e7\u00e3o quando comparada ao tr\u00eas dias do ano de\u00a02022, ficando 7,86% a mais, est\u00e1 sendo comemorada pelo empreendimento, uma vez que a imprensa nacional noticiou, nesta segunda-feira, que a promo\u00e7\u00e3o decepcionou o varejo como um todo, registrando a j\u00e1 esperada retra\u00e7\u00e3o, inclusive no mercado digital. J\u00e1 o fluxo de ve\u00edculos dos tr\u00eas dias quando comparado ao \u00faltimo ano teve um crescimento de 5,95%. Essa exatid\u00e3o dos n\u00fameros s\u00f3 \u00e9 poss\u00edvel gra\u00e7as ao sistema de auditoria que os shoppings trabalham.<\/p>\n<p>Criada pelo com\u00e9rcio dos Estados Unidos, a Black Friday acontece em novembro, sempre ap\u00f3s o feriado norte-americano de A\u00e7\u00e3o de Gra\u00e7as. O tradicional dia de ofertas foi importado pelo Brasil em 2010 e ganhou for\u00e7a ao longo dos anos, tendo seu \u00e1pice em 2019, antes da pandemia da COVID19.\u00a0\u201cO crescimento do com\u00e9rcio online na fase da pandemia fez com que tiv\u00e9ssemos receio em rela\u00e7\u00e3o \u00e0 volta da Black Friday no ano passado, mas tivemos um bom fluxo na promo\u00e7\u00e3o, neste ano esse fluxo cresceu, comprovando que, apesar do consumidor ter \u00e0 sua disposi\u00e7\u00e3o uma variedade muito grande de canais para compras, os shoppings centers do interior, por oferecerem um mix que vai al\u00e9m das lojas, com entretenimento, lazer e cultura, ainda s\u00e3o op\u00e7\u00f5es extremamente atrativas. Muita gente aproveitou, inclusive, para antecipar as compras de Natal, com descontos proporcionados pela promo\u00e7\u00e3o\u201d, diz o gerente do North Shopping, Ricardo Martins Marques.<\/p>\n<p>O gerente ainda pontua que o contraste dos resultados obtidos em Barretos com os registrados nacionalmente serve de motiva\u00e7\u00e3o para a proje\u00e7\u00e3o de excelentes n\u00fameros no per\u00edodo de Natal. \u201cNosso foco se volta agora para nossa campanha natalina, pois neste ano estamos oferecendo um carro zero quil\u00f4metro para sorteio, al\u00e9m de outros 12 vales-compra de mil reais cada em uma parceria com o SICREDI. Se os n\u00fameros da Black Friday foram melhores que a expectativa, temos agora a certeza de que o balan\u00e7o final de 2023 ser\u00e1 muito melhor que a proje\u00e7\u00e3o inicial. O North Shopping se confirma como o queridinho para compras na regi\u00e3o, pelo conforto e servi\u00e7os que se somam a uma programa\u00e7\u00e3o cheia de atra\u00e7\u00f5es, que v\u00e3o desde musicais at\u00e9 teatrais. Estamos otimistas com o movimento provocado pelas compras de Natal\u201d, arremata ele.<\/p>\n<p>Al\u00e9m das mais de 100 opera\u00e7\u00f5es em atividade no North Shopping, o centro de compras se prepara para novas inaugura\u00e7\u00f5es, como a chegada do restaurante especializado na gastronomia oriental, Sr. Japa, nesta sexta-feira, dia 1\u00ba de dezembro, fechando um ciclo de mais de 20 inaugura\u00e7\u00f5es s\u00f3 neste ano. Al\u00e9m de outras j\u00e1 confirmadas para o in\u00edcio de 2024 e a t\u00e3o esperada abertura da loja \u00e2ncora C&amp;A, agendada para o m\u00eas de abril.<\/p>\n<\/div>\n<\/td>\n<\/tr>\n<\/tbody>\n<\/table>\n","protected":false},"excerpt":{"rendered":"<p>Na contram\u00e3o da retra\u00e7\u00e3o registrada pelo varejo nacional, centro de<\/p>\n","protected":false},"author":2,"featured_media":98322,"comment_status":"open","ping_status":"open","sticky":false,"template":"","format":"standard","meta":{"footnotes":""},"categories":[14,25],"tags":[],"class_list":["post-98321","post","type-post","status-publish","format-standard","has-post-thumbnail","hentry","category-barretos","category-cidades"],"yoast_head":"<!-- This site is optimized with the Yoast SEO plugin v27.4 - https:\/\/yoast.com\/product\/yoast-seo-wordpress\/ -->\n<title>Black Friday do North Shopping registra crescimento em compara\u00e7\u00e3o com 2022 - Regi\u00e3o News<\/title>\n<meta name=\"robots\" content=\"index, follow, max-snippet:-1, max-image-preview:large, max-video-preview:-1\" \/>\n<link rel=\"canonical\" href=\"https:\/\/regiaonews.net.br\/2022\/2023\/11\/28\/black-friday-do-north-shopping-registra-crescimento-em-comparacao-com-2022\/\" \/>\n<meta property=\"og:locale\" content=\"pt_BR\" \/>\n<meta property=\"og:type\" content=\"article\" \/>\n<meta property=\"og:title\" content=\"Black Friday do North Shopping registra crescimento em compara\u00e7\u00e3o com 2022 - Regi\u00e3o News\" \/>\n<meta property=\"og:description\" content=\"Na contram\u00e3o da retra\u00e7\u00e3o registrada pelo varejo nacional, centro de\" \/>\n<meta property=\"og:url\" content=\"https:\/\/regiaonews.net.br\/2022\/2023\/11\/28\/black-friday-do-north-shopping-registra-crescimento-em-comparacao-com-2022\/\" \/>\n<meta property=\"og:site_name\" content=\"Regi\u00e3o News\" \/>\n<meta property=\"article:published_time\" content=\"2023-11-28T23:20:45+00:00\" \/>\n<meta property=\"og:image\" content=\"https:\/\/regiaonews.net.br\/2022\/wp-content\/uploads\/2023\/11\/154a1096-670d-4f80-8362-a6adf9b10db1.jpeg\" \/>\n\t<meta property=\"og:image:width\" content=\"960\" \/>\n\t<meta property=\"og:image:height\" content=\"720\" \/>\n\t<meta property=\"og:image:type\" content=\"image\/jpeg\" \/>\n<meta name=\"author\" content=\"Roberto\" \/>\n<meta name=\"twitter:card\" content=\"summary_large_image\" \/>\n<meta name=\"twitter:label1\" content=\"Escrito por\" \/>\n\t<meta name=\"twitter:data1\" content=\"Roberto\" \/>\n\t<meta name=\"twitter:label2\" content=\"Est. tempo de leitura\" \/>\n\t<meta name=\"twitter:data2\" content=\"3 minutos\" \/>\n<script type=\"application\/ld+json\" class=\"yoast-schema-graph\">{\"@context\":\"https:\\\/\\\/schema.org\",\"@graph\":[{\"@type\":\"Article\",\"@id\":\"https:\\\/\\\/regiaonews.net.br\\\/2022\\\/2023\\\/11\\\/28\\\/black-friday-do-north-shopping-registra-crescimento-em-comparacao-com-2022\\\/#article\",\"isPartOf\":{\"@id\":\"https:\\\/\\\/regiaonews.net.br\\\/2022\\\/2023\\\/11\\\/28\\\/black-friday-do-north-shopping-registra-crescimento-em-comparacao-com-2022\\\/\"},\"author\":{\"name\":\"Roberto\",\"@id\":\"https:\\\/\\\/regiaonews.net.br\\\/2022\\\/#\\\/schema\\\/person\\\/2d205a608a5aa97ac279d7a5e6d89ad8\"},\"headline\":\"Black Friday do North Shopping registra crescimento em compara\u00e7\u00e3o com 2022\",\"datePublished\":\"2023-11-28T23:20:45+00:00\",\"mainEntityOfPage\":{\"@id\":\"https:\\\/\\\/regiaonews.net.br\\\/2022\\\/2023\\\/11\\\/28\\\/black-friday-do-north-shopping-registra-crescimento-em-comparacao-com-2022\\\/\"},\"wordCount\":547,\"commentCount\":0,\"publisher\":{\"@id\":\"https:\\\/\\\/regiaonews.net.br\\\/2022\\\/#organization\"},\"image\":{\"@id\":\"https:\\\/\\\/regiaonews.net.br\\\/2022\\\/2023\\\/11\\\/28\\\/black-friday-do-north-shopping-registra-crescimento-em-comparacao-com-2022\\\/#primaryimage\"},\"thumbnailUrl\":\"https:\\\/\\\/regiaonews.net.br\\\/2022\\\/wp-content\\\/uploads\\\/2023\\\/11\\\/154a1096-670d-4f80-8362-a6adf9b10db1.jpeg\",\"articleSection\":[\"Barretos\",\"Cidades\"],\"inLanguage\":\"pt-BR\",\"potentialAction\":[{\"@type\":\"CommentAction\",\"name\":\"Comment\",\"target\":[\"https:\\\/\\\/regiaonews.net.br\\\/2022\\\/2023\\\/11\\\/28\\\/black-friday-do-north-shopping-registra-crescimento-em-comparacao-com-2022\\\/#respond\"]}]},{\"@type\":\"WebPage\",\"@id\":\"https:\\\/\\\/regiaonews.net.br\\\/2022\\\/2023\\\/11\\\/28\\\/black-friday-do-north-shopping-registra-crescimento-em-comparacao-com-2022\\\/\",\"url\":\"https:\\\/\\\/regiaonews.net.br\\\/2022\\\/2023\\\/11\\\/28\\\/black-friday-do-north-shopping-registra-crescimento-em-comparacao-com-2022\\\/\",\"name\":\"Black Friday do North Shopping registra crescimento em compara\u00e7\u00e3o com 2022 - Regi\u00e3o News\",\"isPartOf\":{\"@id\":\"https:\\\/\\\/regiaonews.net.br\\\/2022\\\/#website\"},\"primaryImageOfPage\":{\"@id\":\"https:\\\/\\\/regiaonews.net.br\\\/2022\\\/2023\\\/11\\\/28\\\/black-friday-do-north-shopping-registra-crescimento-em-comparacao-com-2022\\\/#primaryimage\"},\"image\":{\"@id\":\"https:\\\/\\\/regiaonews.net.br\\\/2022\\\/2023\\\/11\\\/28\\\/black-friday-do-north-shopping-registra-crescimento-em-comparacao-com-2022\\\/#primaryimage\"},\"thumbnailUrl\":\"https:\\\/\\\/regiaonews.net.br\\\/2022\\\/wp-content\\\/uploads\\\/2023\\\/11\\\/154a1096-670d-4f80-8362-a6adf9b10db1.jpeg\",\"datePublished\":\"2023-11-28T23:20:45+00:00\",\"breadcrumb\":{\"@id\":\"https:\\\/\\\/regiaonews.net.br\\\/2022\\\/2023\\\/11\\\/28\\\/black-friday-do-north-shopping-registra-crescimento-em-comparacao-com-2022\\\/#breadcrumb\"},\"inLanguage\":\"pt-BR\",\"potentialAction\":[{\"@type\":\"ReadAction\",\"target\":[\"https:\\\/\\\/regiaonews.net.br\\\/2022\\\/2023\\\/11\\\/28\\\/black-friday-do-north-shopping-registra-crescimento-em-comparacao-com-2022\\\/\"]}]},{\"@type\":\"ImageObject\",\"inLanguage\":\"pt-BR\",\"@id\":\"https:\\\/\\\/regiaonews.net.br\\\/2022\\\/2023\\\/11\\\/28\\\/black-friday-do-north-shopping-registra-crescimento-em-comparacao-com-2022\\\/#primaryimage\",\"url\":\"https:\\\/\\\/regiaonews.net.br\\\/2022\\\/wp-content\\\/uploads\\\/2023\\\/11\\\/154a1096-670d-4f80-8362-a6adf9b10db1.jpeg\",\"contentUrl\":\"https:\\\/\\\/regiaonews.net.br\\\/2022\\\/wp-content\\\/uploads\\\/2023\\\/11\\\/154a1096-670d-4f80-8362-a6adf9b10db1.jpeg\",\"width\":960,\"height\":720},{\"@type\":\"BreadcrumbList\",\"@id\":\"https:\\\/\\\/regiaonews.net.br\\\/2022\\\/2023\\\/11\\\/28\\\/black-friday-do-north-shopping-registra-crescimento-em-comparacao-com-2022\\\/#breadcrumb\",\"itemListElement\":[{\"@type\":\"ListItem\",\"position\":1,\"name\":\"In\u00edcio\",\"item\":\"https:\\\/\\\/regiaonews.net.br\\\/2022\\\/\"},{\"@type\":\"ListItem\",\"position\":2,\"name\":\"Black Friday do North Shopping registra crescimento em compara\u00e7\u00e3o com 2022\"}]},{\"@type\":\"WebSite\",\"@id\":\"https:\\\/\\\/regiaonews.net.br\\\/2022\\\/#website\",\"url\":\"https:\\\/\\\/regiaonews.net.br\\\/2022\\\/\",\"name\":\"Regi\u00e3o News\",\"description\":\"Site de Not\u00edcias de Barretos e regi\u00e3o\",\"publisher\":{\"@id\":\"https:\\\/\\\/regiaonews.net.br\\\/2022\\\/#organization\"},\"potentialAction\":[{\"@type\":\"SearchAction\",\"target\":{\"@type\":\"EntryPoint\",\"urlTemplate\":\"https:\\\/\\\/regiaonews.net.br\\\/2022\\\/?s={search_term_string}\"},\"query-input\":{\"@type\":\"PropertyValueSpecification\",\"valueRequired\":true,\"valueName\":\"search_term_string\"}}],\"inLanguage\":\"pt-BR\"},{\"@type\":\"Organization\",\"@id\":\"https:\\\/\\\/regiaonews.net.br\\\/2022\\\/#organization\",\"name\":\"Regi\u00e3o News\",\"url\":\"https:\\\/\\\/regiaonews.net.br\\\/2022\\\/\",\"logo\":{\"@type\":\"ImageObject\",\"inLanguage\":\"pt-BR\",\"@id\":\"https:\\\/\\\/regiaonews.net.br\\\/2022\\\/#\\\/schema\\\/logo\\\/image\\\/\",\"url\":\"https:\\\/\\\/regiaonews.net.br\\\/2022\\\/wp-content\\\/uploads\\\/2026\\\/03\\\/regiao-13-anos-scaled.jpg\",\"contentUrl\":\"https:\\\/\\\/regiaonews.net.br\\\/2022\\\/wp-content\\\/uploads\\\/2026\\\/03\\\/regiao-13-anos-scaled.jpg\",\"width\":2560,\"height\":635,\"caption\":\"Regi\u00e3o News\"},\"image\":{\"@id\":\"https:\\\/\\\/regiaonews.net.br\\\/2022\\\/#\\\/schema\\\/logo\\\/image\\\/\"}},{\"@type\":\"Person\",\"@id\":\"https:\\\/\\\/regiaonews.net.br\\\/2022\\\/#\\\/schema\\\/person\\\/2d205a608a5aa97ac279d7a5e6d89ad8\",\"name\":\"Roberto\",\"image\":{\"@type\":\"ImageObject\",\"inLanguage\":\"pt-BR\",\"@id\":\"https:\\\/\\\/secure.gravatar.com\\\/avatar\\\/42749d8b712ff9d59ca93dc150494e5b55a44134482993f5baeb97e61b7ecc89?s=96&d=mm&r=g\",\"url\":\"https:\\\/\\\/secure.gravatar.com\\\/avatar\\\/42749d8b712ff9d59ca93dc150494e5b55a44134482993f5baeb97e61b7ecc89?s=96&d=mm&r=g\",\"contentUrl\":\"https:\\\/\\\/secure.gravatar.com\\\/avatar\\\/42749d8b712ff9d59ca93dc150494e5b55a44134482993f5baeb97e61b7ecc89?s=96&d=mm&r=g\",\"caption\":\"Roberto\"},\"url\":\"https:\\\/\\\/regiaonews.net.br\\\/2022\\\/author\\\/roberto\\\/\"}]}<\/script>\n<!-- \/ Yoast SEO plugin. -->","yoast_head_json":{"title":"Black Friday do North Shopping registra crescimento em compara\u00e7\u00e3o com 2022 - Regi\u00e3o News","robots":{"index":"index","follow":"follow","max-snippet":"max-snippet:-1","max-image-preview":"max-image-preview:large","max-video-preview":"max-video-preview:-1"},"canonical":"https:\/\/regiaonews.net.br\/2022\/2023\/11\/28\/black-friday-do-north-shopping-registra-crescimento-em-comparacao-com-2022\/","og_locale":"pt_BR","og_type":"article","og_title":"Black Friday do North Shopping registra crescimento em compara\u00e7\u00e3o com 2022 - Regi\u00e3o News","og_description":"Na contram\u00e3o da retra\u00e7\u00e3o registrada pelo varejo nacional, centro de","og_url":"https:\/\/regiaonews.net.br\/2022\/2023\/11\/28\/black-friday-do-north-shopping-registra-crescimento-em-comparacao-com-2022\/","og_site_name":"Regi\u00e3o News","article_published_time":"2023-11-28T23:20:45+00:00","og_image":[{"width":960,"height":720,"url":"https:\/\/regiaonews.net.br\/2022\/wp-content\/uploads\/2023\/11\/154a1096-670d-4f80-8362-a6adf9b10db1.jpeg","type":"image\/jpeg"}],"author":"Roberto","twitter_card":"summary_large_image","twitter_misc":{"Escrito por":"Roberto","Est. tempo de leitura":"3 minutos"},"schema":{"@context":"https:\/\/schema.org","@graph":[{"@type":"Article","@id":"https:\/\/regiaonews.net.br\/2022\/2023\/11\/28\/black-friday-do-north-shopping-registra-crescimento-em-comparacao-com-2022\/#article","isPartOf":{"@id":"https:\/\/regiaonews.net.br\/2022\/2023\/11\/28\/black-friday-do-north-shopping-registra-crescimento-em-comparacao-com-2022\/"},"author":{"name":"Roberto","@id":"https:\/\/regiaonews.net.br\/2022\/#\/schema\/person\/2d205a608a5aa97ac279d7a5e6d89ad8"},"headline":"Black Friday do North Shopping registra crescimento em compara\u00e7\u00e3o com 2022","datePublished":"2023-11-28T23:20:45+00:00","mainEntityOfPage":{"@id":"https:\/\/regiaonews.net.br\/2022\/2023\/11\/28\/black-friday-do-north-shopping-registra-crescimento-em-comparacao-com-2022\/"},"wordCount":547,"commentCount":0,"publisher":{"@id":"https:\/\/regiaonews.net.br\/2022\/#organization"},"image":{"@id":"https:\/\/regiaonews.net.br\/2022\/2023\/11\/28\/black-friday-do-north-shopping-registra-crescimento-em-comparacao-com-2022\/#primaryimage"},"thumbnailUrl":"https:\/\/regiaonews.net.br\/2022\/wp-content\/uploads\/2023\/11\/154a1096-670d-4f80-8362-a6adf9b10db1.jpeg","articleSection":["Barretos","Cidades"],"inLanguage":"pt-BR","potentialAction":[{"@type":"CommentAction","name":"Comment","target":["https:\/\/regiaonews.net.br\/2022\/2023\/11\/28\/black-friday-do-north-shopping-registra-crescimento-em-comparacao-com-2022\/#respond"]}]},{"@type":"WebPage","@id":"https:\/\/regiaonews.net.br\/2022\/2023\/11\/28\/black-friday-do-north-shopping-registra-crescimento-em-comparacao-com-2022\/","url":"https:\/\/regiaonews.net.br\/2022\/2023\/11\/28\/black-friday-do-north-shopping-registra-crescimento-em-comparacao-com-2022\/","name":"Black Friday do North Shopping registra crescimento em compara\u00e7\u00e3o com 2022 - Regi\u00e3o News","isPartOf":{"@id":"https:\/\/regiaonews.net.br\/2022\/#website"},"primaryImageOfPage":{"@id":"https:\/\/regiaonews.net.br\/2022\/2023\/11\/28\/black-friday-do-north-shopping-registra-crescimento-em-comparacao-com-2022\/#primaryimage"},"image":{"@id":"https:\/\/regiaonews.net.br\/2022\/2023\/11\/28\/black-friday-do-north-shopping-registra-crescimento-em-comparacao-com-2022\/#primaryimage"},"thumbnailUrl":"https:\/\/regiaonews.net.br\/2022\/wp-content\/uploads\/2023\/11\/154a1096-670d-4f80-8362-a6adf9b10db1.jpeg","datePublished":"2023-11-28T23:20:45+00:00","breadcrumb":{"@id":"https:\/\/regiaonews.net.br\/2022\/2023\/11\/28\/black-friday-do-north-shopping-registra-crescimento-em-comparacao-com-2022\/#breadcrumb"},"inLanguage":"pt-BR","potentialAction":[{"@type":"ReadAction","target":["https:\/\/regiaonews.net.br\/2022\/2023\/11\/28\/black-friday-do-north-shopping-registra-crescimento-em-comparacao-com-2022\/"]}]},{"@type":"ImageObject","inLanguage":"pt-BR","@id":"https:\/\/regiaonews.net.br\/2022\/2023\/11\/28\/black-friday-do-north-shopping-registra-crescimento-em-comparacao-com-2022\/#primaryimage","url":"https:\/\/regiaonews.net.br\/2022\/wp-content\/uploads\/2023\/11\/154a1096-670d-4f80-8362-a6adf9b10db1.jpeg","contentUrl":"https:\/\/regiaonews.net.br\/2022\/wp-content\/uploads\/2023\/11\/154a1096-670d-4f80-8362-a6adf9b10db1.jpeg","width":960,"height":720},{"@type":"BreadcrumbList","@id":"https:\/\/regiaonews.net.br\/2022\/2023\/11\/28\/black-friday-do-north-shopping-registra-crescimento-em-comparacao-com-2022\/#breadcrumb","itemListElement":[{"@type":"ListItem","position":1,"name":"In\u00edcio","item":"https:\/\/regiaonews.net.br\/2022\/"},{"@type":"ListItem","position":2,"name":"Black Friday do North Shopping registra crescimento em compara\u00e7\u00e3o com 2022"}]},{"@type":"WebSite","@id":"https:\/\/regiaonews.net.br\/2022\/#website","url":"https:\/\/regiaonews.net.br\/2022\/","name":"Regi\u00e3o News","description":"Site de Not\u00edcias de Barretos e regi\u00e3o","publisher":{"@id":"https:\/\/regiaonews.net.br\/2022\/#organization"},"potentialAction":[{"@type":"SearchAction","target":{"@type":"EntryPoint","urlTemplate":"https:\/\/regiaonews.net.br\/2022\/?s={search_term_string}"},"query-input":{"@type":"PropertyValueSpecification","valueRequired":true,"valueName":"search_term_string"}}],"inLanguage":"pt-BR"},{"@type":"Organization","@id":"https:\/\/regiaonews.net.br\/2022\/#organization","name":"Regi\u00e3o News","url":"https:\/\/regiaonews.net.br\/2022\/","logo":{"@type":"ImageObject","inLanguage":"pt-BR","@id":"https:\/\/regiaonews.net.br\/2022\/#\/schema\/logo\/image\/","url":"https:\/\/regiaonews.net.br\/2022\/wp-content\/uploads\/2026\/03\/regiao-13-anos-scaled.jpg","contentUrl":"https:\/\/regiaonews.net.br\/2022\/wp-content\/uploads\/2026\/03\/regiao-13-anos-scaled.jpg","width":2560,"height":635,"caption":"Regi\u00e3o News"},"image":{"@id":"https:\/\/regiaonews.net.br\/2022\/#\/schema\/logo\/image\/"}},{"@type":"Person","@id":"https:\/\/regiaonews.net.br\/2022\/#\/schema\/person\/2d205a608a5aa97ac279d7a5e6d89ad8","name":"Roberto","image":{"@type":"ImageObject","inLanguage":"pt-BR","@id":"https:\/\/secure.gravatar.com\/avatar\/42749d8b712ff9d59ca93dc150494e5b55a44134482993f5baeb97e61b7ecc89?s=96&d=mm&r=g","url":"https:\/\/secure.gravatar.com\/avatar\/42749d8b712ff9d59ca93dc150494e5b55a44134482993f5baeb97e61b7ecc89?s=96&d=mm&r=g","contentUrl":"https:\/\/secure.gravatar.com\/avatar\/42749d8b712ff9d59ca93dc150494e5b55a44134482993f5baeb97e61b7ecc89?s=96&d=mm&r=g","caption":"Roberto"},"url":"https:\/\/regiaonews.net.br\/2022\/author\/roberto\/"}]}},"publishpress_future_action":{"enabled":false,"date":"2026-05-04 10:19:13","action":"change-status","newStatus":"draft","terms":[],"taxonomy":"category","extraData":[]},"publishpress_future_workflow_manual_trigger":{"enabledWorkflows":[]},"_links":{"self":[{"href":"https:\/\/regiaonews.net.br\/2022\/wp-json\/wp\/v2\/posts\/98321","targetHints":{"allow":["GET"]}}],"collection":[{"href":"https:\/\/regiaonews.net.br\/2022\/wp-json\/wp\/v2\/posts"}],"about":[{"href":"https:\/\/regiaonews.net.br\/2022\/wp-json\/wp\/v2\/types\/post"}],"author":[{"embeddable":true,"href":"https:\/\/regiaonews.net.br\/2022\/wp-json\/wp\/v2\/users\/2"}],"replies":[{"embeddable":true,"href":"https:\/\/regiaonews.net.br\/2022\/wp-json\/wp\/v2\/comments?post=98321"}],"version-history":[{"count":1,"href":"https:\/\/regiaonews.net.br\/2022\/wp-json\/wp\/v2\/posts\/98321\/revisions"}],"predecessor-version":[{"id":98323,"href":"https:\/\/regiaonews.net.br\/2022\/wp-json\/wp\/v2\/posts\/98321\/revisions\/98323"}],"wp:featuredmedia":[{"embeddable":true,"href":"https:\/\/regiaonews.net.br\/2022\/wp-json\/wp\/v2\/media\/98322"}],"wp:attachment":[{"href":"https:\/\/regiaonews.net.br\/2022\/wp-json\/wp\/v2\/media?parent=98321"}],"wp:term":[{"taxonomy":"category","embeddable":true,"href":"https:\/\/regiaonews.net.br\/2022\/wp-json\/wp\/v2\/categories?post=98321"},{"taxonomy":"post_tag","embeddable":true,"href":"https:\/\/regiaonews.net.br\/2022\/wp-json\/wp\/v2\/tags?post=98321"}],"curies":[{"name":"wp","href":"https:\/\/api.w.org\/{rel}","templated":true}]}}