{"id":98297,"date":"2023-11-28T11:34:20","date_gmt":"2023-11-28T14:34:20","guid":{"rendered":"https:\/\/regiaonews.net.br\/2022\/?p=98297"},"modified":"2023-11-28T11:34:36","modified_gmt":"2023-11-28T14:34:36","slug":"pm-monta-sala-de-gerenciamento-de-incidentes-para-acompanhar-greve-em-sao-paulo","status":"publish","type":"post","link":"https:\/\/regiaonews.net.br\/2022\/2023\/11\/28\/pm-monta-sala-de-gerenciamento-de-incidentes-para-acompanhar-greve-em-sao-paulo\/","title":{"rendered":"PM monta Sala de Gerenciamento de Incidentes para acompanhar greve em S\u00e3o Paulo"},"content":{"rendered":"<div class=\"col-lg-12 justify\">\n<h3 style=\"text-align: center;\">\u00d3rg\u00e3os estaduais e municipais monitoram situa\u00e7\u00e3o em tempo real.<\/h3>\n<\/div>\n<div class=\"col-lg-12 mt-3 justify\">\n<div>\n<div>A Pol\u00edcia Militar (PM) acionou a Sala de Gerenciamento de Incidentes nesta ter\u00e7a-feira (28), ap\u00f3s o in\u00edcio da greve que atinge o Metr\u00f4, a CPTM, a Sabesp e as escolas estaduais de S\u00e3o Paulo.<\/div>\n<div><\/div>\n<div>Desde as primeiras horas da manh\u00e3, policiais do comando da capital, da regi\u00e3o metropolitana, do comando de Avia\u00e7\u00e3o, do policiamento de Choque, da Coordenadoria Operacional, do policiamento de Tr\u00e2nsito, Rodovi\u00e1rio, do Centro de Opera\u00e7\u00f5es e da Comunica\u00e7\u00e3o Social monitoram os desdobramentos da paralisa\u00e7\u00e3o e como ela afeta o dia da popula\u00e7\u00e3o na capital paulista.<\/div>\n<div><\/div>\n<div>A Sala de Gerenciamento de Incidentes, instalada no Centro de Opera\u00e7\u00f5es da PM, acompanha em tempo real o atendimento de ocorr\u00eancias das viaturas de radiopatrulha na capital paulista e realiza o monitoramento de poss\u00edveis tumultos em decorr\u00eancia da greve.<\/div>\n<div><\/div>\n<div>Outros \u00f3rg\u00e3os do estado e do munic\u00edpio tamb\u00e9m est\u00e3o com representantes na sede da PM. Metr\u00f4, CPTM, Sabesp, Companhia de Engenharia de Tr\u00e1fego, Via Mobilidade, entre outros, permanecem na Sala de Gerenciamento atualizando a situa\u00e7\u00e3o em tempo real. A integra\u00e7\u00e3o permite o acionamento dos servi\u00e7os de emerg\u00eancia em um curto per\u00edodo de tempo, al\u00e9m de otimizar a troca de informa\u00e7\u00f5es e processos de tomada de decis\u00e3o.<\/div>\n<div><\/div>\n<div>Um plano de opera\u00e7\u00f5es foi acionado para intensificar as a\u00e7\u00f5es de policiamento ostensivo durante o dia na cidade de S\u00e3o Paulo. O objetivo \u00e9 o de garantir a seguran\u00e7a e os direitos de todos os cidad\u00e3os.<\/div>\n<div><\/div>\n<div>A PM refor\u00e7ou as a\u00e7\u00f5es com presen\u00e7a de policiamento por meio das opera\u00e7\u00f5es visibilidade e satura\u00e7\u00e3o em pontos de grande circula\u00e7\u00e3o e concentra\u00e7\u00e3o de pessoas para coibir a pr\u00e1tica de delitos em diferentes pontos da capital. Todo o servi\u00e7o empenhado \u00e9 realizado de forma estrat\u00e9gica com uso de intelig\u00eancia policial de acordo com a din\u00e2mica dos acontecimentos pontuais.<\/div>\n<\/div>\n<\/div>\n","protected":false},"excerpt":{"rendered":"<p>\u00d3rg\u00e3os estaduais e municipais monitoram situa\u00e7\u00e3o em tempo real. A<\/p>\n","protected":false},"author":2,"featured_media":98298,"comment_status":"open","ping_status":"open","sticky":false,"template":"","format":"standard","meta":{"footnotes":""},"categories":[7,23],"tags":[],"class_list":["post-98297","post","type-post","status-publish","format-standard","has-post-thumbnail","hentry","category-estado-de-sao-paulo","category-policia"],"yoast_head":"<!-- This site is optimized with the Yoast SEO plugin v27.4 - https:\/\/yoast.com\/product\/yoast-seo-wordpress\/ -->\n<title>PM monta Sala de Gerenciamento de Incidentes para acompanhar greve em S\u00e3o Paulo - Regi\u00e3o News<\/title>\n<meta name=\"robots\" content=\"index, follow, max-snippet:-1, max-image-preview:large, max-video-preview:-1\" \/>\n<link rel=\"canonical\" href=\"https:\/\/regiaonews.net.br\/2022\/2023\/11\/28\/pm-monta-sala-de-gerenciamento-de-incidentes-para-acompanhar-greve-em-sao-paulo\/\" \/>\n<meta property=\"og:locale\" content=\"pt_BR\" \/>\n<meta property=\"og:type\" content=\"article\" \/>\n<meta property=\"og:title\" content=\"PM monta Sala de Gerenciamento de Incidentes para acompanhar greve em S\u00e3o Paulo - Regi\u00e3o News\" \/>\n<meta property=\"og:description\" content=\"\u00d3rg\u00e3os estaduais e municipais monitoram situa\u00e7\u00e3o em tempo real. A\" \/>\n<meta property=\"og:url\" content=\"https:\/\/regiaonews.net.br\/2022\/2023\/11\/28\/pm-monta-sala-de-gerenciamento-de-incidentes-para-acompanhar-greve-em-sao-paulo\/\" \/>\n<meta property=\"og:site_name\" content=\"Regi\u00e3o News\" \/>\n<meta property=\"article:published_time\" content=\"2023-11-28T14:34:20+00:00\" \/>\n<meta property=\"article:modified_time\" content=\"2023-11-28T14:34:36+00:00\" \/>\n<meta property=\"og:image\" content=\"https:\/\/regiaonews.net.br\/2022\/wp-content\/uploads\/2023\/11\/00052230-scaled.jpg\" \/>\n\t<meta property=\"og:image:width\" content=\"2560\" \/>\n\t<meta property=\"og:image:height\" content=\"1920\" \/>\n\t<meta property=\"og:image:type\" content=\"image\/jpeg\" \/>\n<meta name=\"author\" content=\"Roberto\" \/>\n<meta name=\"twitter:card\" content=\"summary_large_image\" \/>\n<meta name=\"twitter:label1\" content=\"Escrito por\" \/>\n\t<meta name=\"twitter:data1\" content=\"Roberto\" \/>\n\t<meta name=\"twitter:label2\" content=\"Est. tempo de leitura\" \/>\n\t<meta name=\"twitter:data2\" content=\"2 minutos\" \/>\n<script type=\"application\/ld+json\" class=\"yoast-schema-graph\">{\"@context\":\"https:\\\/\\\/schema.org\",\"@graph\":[{\"@type\":\"Article\",\"@id\":\"https:\\\/\\\/regiaonews.net.br\\\/2022\\\/2023\\\/11\\\/28\\\/pm-monta-sala-de-gerenciamento-de-incidentes-para-acompanhar-greve-em-sao-paulo\\\/#article\",\"isPartOf\":{\"@id\":\"https:\\\/\\\/regiaonews.net.br\\\/2022\\\/2023\\\/11\\\/28\\\/pm-monta-sala-de-gerenciamento-de-incidentes-para-acompanhar-greve-em-sao-paulo\\\/\"},\"author\":{\"name\":\"Roberto\",\"@id\":\"https:\\\/\\\/regiaonews.net.br\\\/2022\\\/#\\\/schema\\\/person\\\/2d205a608a5aa97ac279d7a5e6d89ad8\"},\"headline\":\"PM monta Sala de Gerenciamento de Incidentes para acompanhar greve em S\u00e3o Paulo\",\"datePublished\":\"2023-11-28T14:34:20+00:00\",\"dateModified\":\"2023-11-28T14:34:36+00:00\",\"mainEntityOfPage\":{\"@id\":\"https:\\\/\\\/regiaonews.net.br\\\/2022\\\/2023\\\/11\\\/28\\\/pm-monta-sala-de-gerenciamento-de-incidentes-para-acompanhar-greve-em-sao-paulo\\\/\"},\"wordCount\":356,\"commentCount\":0,\"publisher\":{\"@id\":\"https:\\\/\\\/regiaonews.net.br\\\/2022\\\/#organization\"},\"image\":{\"@id\":\"https:\\\/\\\/regiaonews.net.br\\\/2022\\\/2023\\\/11\\\/28\\\/pm-monta-sala-de-gerenciamento-de-incidentes-para-acompanhar-greve-em-sao-paulo\\\/#primaryimage\"},\"thumbnailUrl\":\"https:\\\/\\\/regiaonews.net.br\\\/2022\\\/wp-content\\\/uploads\\\/2023\\\/11\\\/00052230-scaled.jpg\",\"articleSection\":[\"Estado de S\u00e3o Paulo\",\"Policia\"],\"inLanguage\":\"pt-BR\",\"potentialAction\":[{\"@type\":\"CommentAction\",\"name\":\"Comment\",\"target\":[\"https:\\\/\\\/regiaonews.net.br\\\/2022\\\/2023\\\/11\\\/28\\\/pm-monta-sala-de-gerenciamento-de-incidentes-para-acompanhar-greve-em-sao-paulo\\\/#respond\"]}]},{\"@type\":\"WebPage\",\"@id\":\"https:\\\/\\\/regiaonews.net.br\\\/2022\\\/2023\\\/11\\\/28\\\/pm-monta-sala-de-gerenciamento-de-incidentes-para-acompanhar-greve-em-sao-paulo\\\/\",\"url\":\"https:\\\/\\\/regiaonews.net.br\\\/2022\\\/2023\\\/11\\\/28\\\/pm-monta-sala-de-gerenciamento-de-incidentes-para-acompanhar-greve-em-sao-paulo\\\/\",\"name\":\"PM monta Sala de Gerenciamento de Incidentes para acompanhar greve em S\u00e3o Paulo - Regi\u00e3o News\",\"isPartOf\":{\"@id\":\"https:\\\/\\\/regiaonews.net.br\\\/2022\\\/#website\"},\"primaryImageOfPage\":{\"@id\":\"https:\\\/\\\/regiaonews.net.br\\\/2022\\\/2023\\\/11\\\/28\\\/pm-monta-sala-de-gerenciamento-de-incidentes-para-acompanhar-greve-em-sao-paulo\\\/#primaryimage\"},\"image\":{\"@id\":\"https:\\\/\\\/regiaonews.net.br\\\/2022\\\/2023\\\/11\\\/28\\\/pm-monta-sala-de-gerenciamento-de-incidentes-para-acompanhar-greve-em-sao-paulo\\\/#primaryimage\"},\"thumbnailUrl\":\"https:\\\/\\\/regiaonews.net.br\\\/2022\\\/wp-content\\\/uploads\\\/2023\\\/11\\\/00052230-scaled.jpg\",\"datePublished\":\"2023-11-28T14:34:20+00:00\",\"dateModified\":\"2023-11-28T14:34:36+00:00\",\"breadcrumb\":{\"@id\":\"https:\\\/\\\/regiaonews.net.br\\\/2022\\\/2023\\\/11\\\/28\\\/pm-monta-sala-de-gerenciamento-de-incidentes-para-acompanhar-greve-em-sao-paulo\\\/#breadcrumb\"},\"inLanguage\":\"pt-BR\",\"potentialAction\":[{\"@type\":\"ReadAction\",\"target\":[\"https:\\\/\\\/regiaonews.net.br\\\/2022\\\/2023\\\/11\\\/28\\\/pm-monta-sala-de-gerenciamento-de-incidentes-para-acompanhar-greve-em-sao-paulo\\\/\"]}]},{\"@type\":\"ImageObject\",\"inLanguage\":\"pt-BR\",\"@id\":\"https:\\\/\\\/regiaonews.net.br\\\/2022\\\/2023\\\/11\\\/28\\\/pm-monta-sala-de-gerenciamento-de-incidentes-para-acompanhar-greve-em-sao-paulo\\\/#primaryimage\",\"url\":\"https:\\\/\\\/regiaonews.net.br\\\/2022\\\/wp-content\\\/uploads\\\/2023\\\/11\\\/00052230-scaled.jpg\",\"contentUrl\":\"https:\\\/\\\/regiaonews.net.br\\\/2022\\\/wp-content\\\/uploads\\\/2023\\\/11\\\/00052230-scaled.jpg\",\"width\":2560,\"height\":1920},{\"@type\":\"BreadcrumbList\",\"@id\":\"https:\\\/\\\/regiaonews.net.br\\\/2022\\\/2023\\\/11\\\/28\\\/pm-monta-sala-de-gerenciamento-de-incidentes-para-acompanhar-greve-em-sao-paulo\\\/#breadcrumb\",\"itemListElement\":[{\"@type\":\"ListItem\",\"position\":1,\"name\":\"In\u00edcio\",\"item\":\"https:\\\/\\\/regiaonews.net.br\\\/2022\\\/\"},{\"@type\":\"ListItem\",\"position\":2,\"name\":\"PM monta Sala de Gerenciamento de Incidentes para acompanhar greve em S\u00e3o Paulo\"}]},{\"@type\":\"WebSite\",\"@id\":\"https:\\\/\\\/regiaonews.net.br\\\/2022\\\/#website\",\"url\":\"https:\\\/\\\/regiaonews.net.br\\\/2022\\\/\",\"name\":\"Regi\u00e3o News\",\"description\":\"Site de Not\u00edcias de Barretos e regi\u00e3o\",\"publisher\":{\"@id\":\"https:\\\/\\\/regiaonews.net.br\\\/2022\\\/#organization\"},\"potentialAction\":[{\"@type\":\"SearchAction\",\"target\":{\"@type\":\"EntryPoint\",\"urlTemplate\":\"https:\\\/\\\/regiaonews.net.br\\\/2022\\\/?s={search_term_string}\"},\"query-input\":{\"@type\":\"PropertyValueSpecification\",\"valueRequired\":true,\"valueName\":\"search_term_string\"}}],\"inLanguage\":\"pt-BR\"},{\"@type\":\"Organization\",\"@id\":\"https:\\\/\\\/regiaonews.net.br\\\/2022\\\/#organization\",\"name\":\"Regi\u00e3o News\",\"url\":\"https:\\\/\\\/regiaonews.net.br\\\/2022\\\/\",\"logo\":{\"@type\":\"ImageObject\",\"inLanguage\":\"pt-BR\",\"@id\":\"https:\\\/\\\/regiaonews.net.br\\\/2022\\\/#\\\/schema\\\/logo\\\/image\\\/\",\"url\":\"https:\\\/\\\/regiaonews.net.br\\\/2022\\\/wp-content\\\/uploads\\\/2026\\\/03\\\/regiao-13-anos-scaled.jpg\",\"contentUrl\":\"https:\\\/\\\/regiaonews.net.br\\\/2022\\\/wp-content\\\/uploads\\\/2026\\\/03\\\/regiao-13-anos-scaled.jpg\",\"width\":2560,\"height\":635,\"caption\":\"Regi\u00e3o News\"},\"image\":{\"@id\":\"https:\\\/\\\/regiaonews.net.br\\\/2022\\\/#\\\/schema\\\/logo\\\/image\\\/\"}},{\"@type\":\"Person\",\"@id\":\"https:\\\/\\\/regiaonews.net.br\\\/2022\\\/#\\\/schema\\\/person\\\/2d205a608a5aa97ac279d7a5e6d89ad8\",\"name\":\"Roberto\",\"image\":{\"@type\":\"ImageObject\",\"inLanguage\":\"pt-BR\",\"@id\":\"https:\\\/\\\/secure.gravatar.com\\\/avatar\\\/42749d8b712ff9d59ca93dc150494e5b55a44134482993f5baeb97e61b7ecc89?s=96&d=mm&r=g\",\"url\":\"https:\\\/\\\/secure.gravatar.com\\\/avatar\\\/42749d8b712ff9d59ca93dc150494e5b55a44134482993f5baeb97e61b7ecc89?s=96&d=mm&r=g\",\"contentUrl\":\"https:\\\/\\\/secure.gravatar.com\\\/avatar\\\/42749d8b712ff9d59ca93dc150494e5b55a44134482993f5baeb97e61b7ecc89?s=96&d=mm&r=g\",\"caption\":\"Roberto\"},\"url\":\"https:\\\/\\\/regiaonews.net.br\\\/2022\\\/author\\\/roberto\\\/\"}]}<\/script>\n<!-- \/ Yoast SEO plugin. -->","yoast_head_json":{"title":"PM monta Sala de Gerenciamento de Incidentes para acompanhar greve em S\u00e3o Paulo - Regi\u00e3o News","robots":{"index":"index","follow":"follow","max-snippet":"max-snippet:-1","max-image-preview":"max-image-preview:large","max-video-preview":"max-video-preview:-1"},"canonical":"https:\/\/regiaonews.net.br\/2022\/2023\/11\/28\/pm-monta-sala-de-gerenciamento-de-incidentes-para-acompanhar-greve-em-sao-paulo\/","og_locale":"pt_BR","og_type":"article","og_title":"PM monta Sala de Gerenciamento de Incidentes para acompanhar greve em S\u00e3o Paulo - Regi\u00e3o News","og_description":"\u00d3rg\u00e3os estaduais e municipais monitoram situa\u00e7\u00e3o em tempo real. A","og_url":"https:\/\/regiaonews.net.br\/2022\/2023\/11\/28\/pm-monta-sala-de-gerenciamento-de-incidentes-para-acompanhar-greve-em-sao-paulo\/","og_site_name":"Regi\u00e3o News","article_published_time":"2023-11-28T14:34:20+00:00","article_modified_time":"2023-11-28T14:34:36+00:00","og_image":[{"width":2560,"height":1920,"url":"https:\/\/regiaonews.net.br\/2022\/wp-content\/uploads\/2023\/11\/00052230-scaled.jpg","type":"image\/jpeg"}],"author":"Roberto","twitter_card":"summary_large_image","twitter_misc":{"Escrito por":"Roberto","Est. tempo de leitura":"2 minutos"},"schema":{"@context":"https:\/\/schema.org","@graph":[{"@type":"Article","@id":"https:\/\/regiaonews.net.br\/2022\/2023\/11\/28\/pm-monta-sala-de-gerenciamento-de-incidentes-para-acompanhar-greve-em-sao-paulo\/#article","isPartOf":{"@id":"https:\/\/regiaonews.net.br\/2022\/2023\/11\/28\/pm-monta-sala-de-gerenciamento-de-incidentes-para-acompanhar-greve-em-sao-paulo\/"},"author":{"name":"Roberto","@id":"https:\/\/regiaonews.net.br\/2022\/#\/schema\/person\/2d205a608a5aa97ac279d7a5e6d89ad8"},"headline":"PM monta Sala de Gerenciamento de Incidentes para acompanhar greve em S\u00e3o Paulo","datePublished":"2023-11-28T14:34:20+00:00","dateModified":"2023-11-28T14:34:36+00:00","mainEntityOfPage":{"@id":"https:\/\/regiaonews.net.br\/2022\/2023\/11\/28\/pm-monta-sala-de-gerenciamento-de-incidentes-para-acompanhar-greve-em-sao-paulo\/"},"wordCount":356,"commentCount":0,"publisher":{"@id":"https:\/\/regiaonews.net.br\/2022\/#organization"},"image":{"@id":"https:\/\/regiaonews.net.br\/2022\/2023\/11\/28\/pm-monta-sala-de-gerenciamento-de-incidentes-para-acompanhar-greve-em-sao-paulo\/#primaryimage"},"thumbnailUrl":"https:\/\/regiaonews.net.br\/2022\/wp-content\/uploads\/2023\/11\/00052230-scaled.jpg","articleSection":["Estado de S\u00e3o Paulo","Policia"],"inLanguage":"pt-BR","potentialAction":[{"@type":"CommentAction","name":"Comment","target":["https:\/\/regiaonews.net.br\/2022\/2023\/11\/28\/pm-monta-sala-de-gerenciamento-de-incidentes-para-acompanhar-greve-em-sao-paulo\/#respond"]}]},{"@type":"WebPage","@id":"https:\/\/regiaonews.net.br\/2022\/2023\/11\/28\/pm-monta-sala-de-gerenciamento-de-incidentes-para-acompanhar-greve-em-sao-paulo\/","url":"https:\/\/regiaonews.net.br\/2022\/2023\/11\/28\/pm-monta-sala-de-gerenciamento-de-incidentes-para-acompanhar-greve-em-sao-paulo\/","name":"PM monta Sala de Gerenciamento de Incidentes para acompanhar greve em S\u00e3o Paulo - Regi\u00e3o News","isPartOf":{"@id":"https:\/\/regiaonews.net.br\/2022\/#website"},"primaryImageOfPage":{"@id":"https:\/\/regiaonews.net.br\/2022\/2023\/11\/28\/pm-monta-sala-de-gerenciamento-de-incidentes-para-acompanhar-greve-em-sao-paulo\/#primaryimage"},"image":{"@id":"https:\/\/regiaonews.net.br\/2022\/2023\/11\/28\/pm-monta-sala-de-gerenciamento-de-incidentes-para-acompanhar-greve-em-sao-paulo\/#primaryimage"},"thumbnailUrl":"https:\/\/regiaonews.net.br\/2022\/wp-content\/uploads\/2023\/11\/00052230-scaled.jpg","datePublished":"2023-11-28T14:34:20+00:00","dateModified":"2023-11-28T14:34:36+00:00","breadcrumb":{"@id":"https:\/\/regiaonews.net.br\/2022\/2023\/11\/28\/pm-monta-sala-de-gerenciamento-de-incidentes-para-acompanhar-greve-em-sao-paulo\/#breadcrumb"},"inLanguage":"pt-BR","potentialAction":[{"@type":"ReadAction","target":["https:\/\/regiaonews.net.br\/2022\/2023\/11\/28\/pm-monta-sala-de-gerenciamento-de-incidentes-para-acompanhar-greve-em-sao-paulo\/"]}]},{"@type":"ImageObject","inLanguage":"pt-BR","@id":"https:\/\/regiaonews.net.br\/2022\/2023\/11\/28\/pm-monta-sala-de-gerenciamento-de-incidentes-para-acompanhar-greve-em-sao-paulo\/#primaryimage","url":"https:\/\/regiaonews.net.br\/2022\/wp-content\/uploads\/2023\/11\/00052230-scaled.jpg","contentUrl":"https:\/\/regiaonews.net.br\/2022\/wp-content\/uploads\/2023\/11\/00052230-scaled.jpg","width":2560,"height":1920},{"@type":"BreadcrumbList","@id":"https:\/\/regiaonews.net.br\/2022\/2023\/11\/28\/pm-monta-sala-de-gerenciamento-de-incidentes-para-acompanhar-greve-em-sao-paulo\/#breadcrumb","itemListElement":[{"@type":"ListItem","position":1,"name":"In\u00edcio","item":"https:\/\/regiaonews.net.br\/2022\/"},{"@type":"ListItem","position":2,"name":"PM monta Sala de Gerenciamento de Incidentes para acompanhar greve em S\u00e3o Paulo"}]},{"@type":"WebSite","@id":"https:\/\/regiaonews.net.br\/2022\/#website","url":"https:\/\/regiaonews.net.br\/2022\/","name":"Regi\u00e3o News","description":"Site de Not\u00edcias de Barretos e regi\u00e3o","publisher":{"@id":"https:\/\/regiaonews.net.br\/2022\/#organization"},"potentialAction":[{"@type":"SearchAction","target":{"@type":"EntryPoint","urlTemplate":"https:\/\/regiaonews.net.br\/2022\/?s={search_term_string}"},"query-input":{"@type":"PropertyValueSpecification","valueRequired":true,"valueName":"search_term_string"}}],"inLanguage":"pt-BR"},{"@type":"Organization","@id":"https:\/\/regiaonews.net.br\/2022\/#organization","name":"Regi\u00e3o News","url":"https:\/\/regiaonews.net.br\/2022\/","logo":{"@type":"ImageObject","inLanguage":"pt-BR","@id":"https:\/\/regiaonews.net.br\/2022\/#\/schema\/logo\/image\/","url":"https:\/\/regiaonews.net.br\/2022\/wp-content\/uploads\/2026\/03\/regiao-13-anos-scaled.jpg","contentUrl":"https:\/\/regiaonews.net.br\/2022\/wp-content\/uploads\/2026\/03\/regiao-13-anos-scaled.jpg","width":2560,"height":635,"caption":"Regi\u00e3o News"},"image":{"@id":"https:\/\/regiaonews.net.br\/2022\/#\/schema\/logo\/image\/"}},{"@type":"Person","@id":"https:\/\/regiaonews.net.br\/2022\/#\/schema\/person\/2d205a608a5aa97ac279d7a5e6d89ad8","name":"Roberto","image":{"@type":"ImageObject","inLanguage":"pt-BR","@id":"https:\/\/secure.gravatar.com\/avatar\/42749d8b712ff9d59ca93dc150494e5b55a44134482993f5baeb97e61b7ecc89?s=96&d=mm&r=g","url":"https:\/\/secure.gravatar.com\/avatar\/42749d8b712ff9d59ca93dc150494e5b55a44134482993f5baeb97e61b7ecc89?s=96&d=mm&r=g","contentUrl":"https:\/\/secure.gravatar.com\/avatar\/42749d8b712ff9d59ca93dc150494e5b55a44134482993f5baeb97e61b7ecc89?s=96&d=mm&r=g","caption":"Roberto"},"url":"https:\/\/regiaonews.net.br\/2022\/author\/roberto\/"}]}},"publishpress_future_action":{"enabled":false,"date":"2026-05-04 07:25:04","action":"change-status","newStatus":"draft","terms":[],"taxonomy":"category","extraData":[]},"publishpress_future_workflow_manual_trigger":{"enabledWorkflows":[]},"_links":{"self":[{"href":"https:\/\/regiaonews.net.br\/2022\/wp-json\/wp\/v2\/posts\/98297","targetHints":{"allow":["GET"]}}],"collection":[{"href":"https:\/\/regiaonews.net.br\/2022\/wp-json\/wp\/v2\/posts"}],"about":[{"href":"https:\/\/regiaonews.net.br\/2022\/wp-json\/wp\/v2\/types\/post"}],"author":[{"embeddable":true,"href":"https:\/\/regiaonews.net.br\/2022\/wp-json\/wp\/v2\/users\/2"}],"replies":[{"embeddable":true,"href":"https:\/\/regiaonews.net.br\/2022\/wp-json\/wp\/v2\/comments?post=98297"}],"version-history":[{"count":2,"href":"https:\/\/regiaonews.net.br\/2022\/wp-json\/wp\/v2\/posts\/98297\/revisions"}],"predecessor-version":[{"id":98300,"href":"https:\/\/regiaonews.net.br\/2022\/wp-json\/wp\/v2\/posts\/98297\/revisions\/98300"}],"wp:featuredmedia":[{"embeddable":true,"href":"https:\/\/regiaonews.net.br\/2022\/wp-json\/wp\/v2\/media\/98298"}],"wp:attachment":[{"href":"https:\/\/regiaonews.net.br\/2022\/wp-json\/wp\/v2\/media?parent=98297"}],"wp:term":[{"taxonomy":"category","embeddable":true,"href":"https:\/\/regiaonews.net.br\/2022\/wp-json\/wp\/v2\/categories?post=98297"},{"taxonomy":"post_tag","embeddable":true,"href":"https:\/\/regiaonews.net.br\/2022\/wp-json\/wp\/v2\/tags?post=98297"}],"curies":[{"name":"wp","href":"https:\/\/api.w.org\/{rel}","templated":true}]}}