{"id":98295,"date":"2023-11-28T11:31:18","date_gmt":"2023-11-28T14:31:18","guid":{"rendered":"https:\/\/regiaonews.net.br\/2022\/?p=98295"},"modified":"2023-11-28T11:31:18","modified_gmt":"2023-11-28T14:31:18","slug":"homicidios-dolosos-caem-115-em-10-meses-no-estado-de-sao-paulo","status":"publish","type":"post","link":"https:\/\/regiaonews.net.br\/2022\/2023\/11\/28\/homicidios-dolosos-caem-115-em-10-meses-no-estado-de-sao-paulo\/","title":{"rendered":"Homic\u00eddios dolosos caem 11,5% em 10 meses no estado de S\u00e3o Paulo"},"content":{"rendered":"<div class=\"col-lg-12 mt-4 justify\">\n<h3 class=\"justify\" style=\"text-align: center;\"><span style=\"font-size: 16px;\">O n\u00famero de casos passou de 2.405 para 2.128; em outubro, o indicador caiu 27,4%.<\/span><\/h3>\n<\/div>\n<div class=\"col-lg-12 mt-3 justify\">\n<div>\n<div>Os homic\u00eddios dolosos ca\u00edram 11,5% no estado de S\u00e3o Paulo nos 10 primeiros meses deste ano em compara\u00e7\u00e3o com o mesmo per\u00edodo de 2022. O total passou de 2.405 para 2.128 casos. Se considerado apenas outubro, foram 27,4% casos a menos, queda de 270 para 196 de um m\u00eas para o outro. Nos dois comparativos, os n\u00fameros atingiram a menor s\u00e9rie hist\u00f3rica, iniciada em 2001.<\/div>\n<div><\/div>\n<div>Os latroc\u00ednios, no acumulado do ano, registraram um caso a menos, com 134 ocorr\u00eancias, menor n\u00famero em 23 anos. No m\u00eas, por\u00e9m, houve alta de quatro casos, de 11 para 15.<\/div>\n<div><\/div>\n<div>A redu\u00e7\u00e3o dos indicadores de crimes que resultam em mortes \u00e9 prioridade das for\u00e7as policiais, que busca implementa\u00e7\u00e3o de pol\u00edticas p\u00fablicas eficazes. Uma dessas iniciativas \u00e9 o Sistema de Informa\u00e7\u00e3o e Preven\u00e7\u00e3o aos Crimes Contra a Vida (SPVida), lan\u00e7ado em fevereiro. A plataforma automatiza os dados e auxilia as pol\u00edcias a analisar a din\u00e2mica criminal destes delitos, para que, desta forma, seja poss\u00edvel elaborar diagn\u00f3sticos e planos de a\u00e7\u00f5es com o intuito de reduzir as mortes no Estado.<\/div>\n<div><\/div>\n<div>Os estupros aumentaram 6,6% no m\u00eas e 8,3% de janeiro a outubro, passando de 1.189 para 1.267 notifica\u00e7\u00f5es e de 11.140 para 12.070, respectivamente. O crime de estupro \u00e9 o que tem o mais alto \u00edndice de subnotifica\u00e7\u00e3o. Por isso, de acordo com a dra. Jamila Jorge, coordenadora estadual das Delegacias de Defesa da Mulher, o aumento de registros indica que agora as v\u00edtimas possuem mais confian\u00e7a para procurar a pol\u00edcia e denunciar os agressores.<\/div>\n<div><\/div>\n<div>Nos 10 meses do ano, os roubos tamb\u00e9m ca\u00edram. Os gerais foram de 200.013 para 190.888 notifica\u00e7\u00f5es, recuo de 4,6%. A queda tamb\u00e9m foi acompanhada no m\u00eas, que teve 19.295 notifica\u00e7\u00f5es, ou seja, 10,3% a menos que as 21.501 ocorr\u00eancias registradas em outubro do ano passado.<\/div>\n<div><\/div>\n<div>Os roubos de ve\u00edculos tamb\u00e9m recuaram 6,9% de janeiro a outubro, passando de 32.908 para 30.622 boletins. No m\u00eas passado, a queda foi ainda maior, de 16,3%, com redu\u00e7\u00e3o de 3.982 para 3.333 casos.<\/div>\n<div><\/div>\n<div>Em outubro, os roubos de carga tiveram um caso a mais, registrando 489 ocorr\u00eancias. Nos 10 primeiros meses do ano, no entanto, houve queda de 5,5% boletins, de 5.201 para 4.913. J\u00e1 os a banco, ca\u00edram de 14 para 8 casos no acumulado e de 1 para 0 em outubro.<\/div>\n<div><\/div>\n<div>Os furtos em geral cresceram 3,3% de janeiro a outubro, de 466.626 para 481.800. No 10\u00ba m\u00eas do ano, a alta foi de 2,8%, com 50.660 notifica\u00e7\u00f5es. Os de ve\u00edculo, por sua vez, ca\u00edram tanto em outubro quanto no acumulado. Em 10 meses, os registros passaram de 79.628 para 78.643, ou seja, 1,2% a menos. J\u00e1 no m\u00eas passado, a queda foi de 7,3%, de 8.825 para 8.177 boletins.<\/div>\n<div><\/div>\n<div><b>Produtividade policial<\/b><\/div>\n<div><\/div>\n<div>De janeiro a outubro, o trabalho das pol\u00edcias de S\u00e3o Paulo resultou no aumento de produtividade em todo o Estado ao longo dos \u00faltimos 10 meses. No per\u00edodo, foram presas e apreendidas 157.153 pessoas, 5,4% a mais do que as 149.133 detidas nos mesmos meses do ano passado.<\/div>\n<div><\/div>\n<div>Ainda foram apreendidas 240 toneladas de drogas, 34 toneladas a mais do que as apreens\u00f5es realizadas no ano passado. O n\u00famero de armas de fogo apreendidas cresceu 10,9%, com 9.328 retiradas das ruas nos 10 meses deste ano. J\u00e1 a quantidade de carros recuperados, no mesmo per\u00edodo, passou de 34.536 para 37.635, 9% a mais.<\/div>\n<\/div>\n<\/div>\n","protected":false},"excerpt":{"rendered":"<p>O n\u00famero de casos passou de 2.405 para 2.128; em<\/p>\n","protected":false},"author":2,"featured_media":95143,"comment_status":"open","ping_status":"open","sticky":false,"template":"","format":"standard","meta":{"footnotes":""},"categories":[7,23],"tags":[],"class_list":["post-98295","post","type-post","status-publish","format-standard","has-post-thumbnail","hentry","category-estado-de-sao-paulo","category-policia"],"yoast_head":"<!-- This site is optimized with the Yoast SEO plugin v27.4 - https:\/\/yoast.com\/product\/yoast-seo-wordpress\/ -->\n<title>Homic\u00eddios dolosos caem 11,5% em 10 meses no estado de S\u00e3o Paulo - Regi\u00e3o News<\/title>\n<meta name=\"robots\" content=\"index, follow, max-snippet:-1, max-image-preview:large, max-video-preview:-1\" \/>\n<link rel=\"canonical\" href=\"https:\/\/regiaonews.net.br\/2022\/2023\/11\/28\/homicidios-dolosos-caem-115-em-10-meses-no-estado-de-sao-paulo\/\" \/>\n<meta property=\"og:locale\" content=\"pt_BR\" \/>\n<meta property=\"og:type\" content=\"article\" \/>\n<meta property=\"og:title\" content=\"Homic\u00eddios dolosos caem 11,5% em 10 meses no estado de S\u00e3o Paulo - Regi\u00e3o News\" \/>\n<meta property=\"og:description\" content=\"O n\u00famero de casos passou de 2.405 para 2.128; em\" \/>\n<meta property=\"og:url\" content=\"https:\/\/regiaonews.net.br\/2022\/2023\/11\/28\/homicidios-dolosos-caem-115-em-10-meses-no-estado-de-sao-paulo\/\" \/>\n<meta property=\"og:site_name\" content=\"Regi\u00e3o News\" \/>\n<meta property=\"article:published_time\" content=\"2023-11-28T14:31:18+00:00\" \/>\n<meta property=\"og:image\" content=\"https:\/\/regiaonews.net.br\/2022\/wp-content\/uploads\/2023\/09\/cameras.jpg\" \/>\n\t<meta property=\"og:image:width\" content=\"1170\" \/>\n\t<meta property=\"og:image:height\" content=\"700\" \/>\n\t<meta property=\"og:image:type\" content=\"image\/jpeg\" \/>\n<meta name=\"author\" content=\"Roberto\" \/>\n<meta name=\"twitter:card\" content=\"summary_large_image\" \/>\n<meta name=\"twitter:label1\" content=\"Escrito por\" \/>\n\t<meta name=\"twitter:data1\" content=\"Roberto\" \/>\n\t<meta name=\"twitter:label2\" content=\"Est. tempo de leitura\" \/>\n\t<meta name=\"twitter:data2\" content=\"4 minutos\" \/>\n<script type=\"application\/ld+json\" class=\"yoast-schema-graph\">{\"@context\":\"https:\\\/\\\/schema.org\",\"@graph\":[{\"@type\":\"Article\",\"@id\":\"https:\\\/\\\/regiaonews.net.br\\\/2022\\\/2023\\\/11\\\/28\\\/homicidios-dolosos-caem-115-em-10-meses-no-estado-de-sao-paulo\\\/#article\",\"isPartOf\":{\"@id\":\"https:\\\/\\\/regiaonews.net.br\\\/2022\\\/2023\\\/11\\\/28\\\/homicidios-dolosos-caem-115-em-10-meses-no-estado-de-sao-paulo\\\/\"},\"author\":{\"name\":\"Roberto\",\"@id\":\"https:\\\/\\\/regiaonews.net.br\\\/2022\\\/#\\\/schema\\\/person\\\/2d205a608a5aa97ac279d7a5e6d89ad8\"},\"headline\":\"Homic\u00eddios dolosos caem 11,5% em 10 meses no estado de S\u00e3o Paulo\",\"datePublished\":\"2023-11-28T14:31:18+00:00\",\"mainEntityOfPage\":{\"@id\":\"https:\\\/\\\/regiaonews.net.br\\\/2022\\\/2023\\\/11\\\/28\\\/homicidios-dolosos-caem-115-em-10-meses-no-estado-de-sao-paulo\\\/\"},\"wordCount\":566,\"commentCount\":0,\"publisher\":{\"@id\":\"https:\\\/\\\/regiaonews.net.br\\\/2022\\\/#organization\"},\"image\":{\"@id\":\"https:\\\/\\\/regiaonews.net.br\\\/2022\\\/2023\\\/11\\\/28\\\/homicidios-dolosos-caem-115-em-10-meses-no-estado-de-sao-paulo\\\/#primaryimage\"},\"thumbnailUrl\":\"https:\\\/\\\/regiaonews.net.br\\\/2022\\\/wp-content\\\/uploads\\\/2023\\\/09\\\/cameras.jpg\",\"articleSection\":[\"Estado de S\u00e3o Paulo\",\"Policia\"],\"inLanguage\":\"pt-BR\",\"potentialAction\":[{\"@type\":\"CommentAction\",\"name\":\"Comment\",\"target\":[\"https:\\\/\\\/regiaonews.net.br\\\/2022\\\/2023\\\/11\\\/28\\\/homicidios-dolosos-caem-115-em-10-meses-no-estado-de-sao-paulo\\\/#respond\"]}]},{\"@type\":\"WebPage\",\"@id\":\"https:\\\/\\\/regiaonews.net.br\\\/2022\\\/2023\\\/11\\\/28\\\/homicidios-dolosos-caem-115-em-10-meses-no-estado-de-sao-paulo\\\/\",\"url\":\"https:\\\/\\\/regiaonews.net.br\\\/2022\\\/2023\\\/11\\\/28\\\/homicidios-dolosos-caem-115-em-10-meses-no-estado-de-sao-paulo\\\/\",\"name\":\"Homic\u00eddios dolosos caem 11,5% em 10 meses no estado de S\u00e3o Paulo - Regi\u00e3o News\",\"isPartOf\":{\"@id\":\"https:\\\/\\\/regiaonews.net.br\\\/2022\\\/#website\"},\"primaryImageOfPage\":{\"@id\":\"https:\\\/\\\/regiaonews.net.br\\\/2022\\\/2023\\\/11\\\/28\\\/homicidios-dolosos-caem-115-em-10-meses-no-estado-de-sao-paulo\\\/#primaryimage\"},\"image\":{\"@id\":\"https:\\\/\\\/regiaonews.net.br\\\/2022\\\/2023\\\/11\\\/28\\\/homicidios-dolosos-caem-115-em-10-meses-no-estado-de-sao-paulo\\\/#primaryimage\"},\"thumbnailUrl\":\"https:\\\/\\\/regiaonews.net.br\\\/2022\\\/wp-content\\\/uploads\\\/2023\\\/09\\\/cameras.jpg\",\"datePublished\":\"2023-11-28T14:31:18+00:00\",\"breadcrumb\":{\"@id\":\"https:\\\/\\\/regiaonews.net.br\\\/2022\\\/2023\\\/11\\\/28\\\/homicidios-dolosos-caem-115-em-10-meses-no-estado-de-sao-paulo\\\/#breadcrumb\"},\"inLanguage\":\"pt-BR\",\"potentialAction\":[{\"@type\":\"ReadAction\",\"target\":[\"https:\\\/\\\/regiaonews.net.br\\\/2022\\\/2023\\\/11\\\/28\\\/homicidios-dolosos-caem-115-em-10-meses-no-estado-de-sao-paulo\\\/\"]}]},{\"@type\":\"ImageObject\",\"inLanguage\":\"pt-BR\",\"@id\":\"https:\\\/\\\/regiaonews.net.br\\\/2022\\\/2023\\\/11\\\/28\\\/homicidios-dolosos-caem-115-em-10-meses-no-estado-de-sao-paulo\\\/#primaryimage\",\"url\":\"https:\\\/\\\/regiaonews.net.br\\\/2022\\\/wp-content\\\/uploads\\\/2023\\\/09\\\/cameras.jpg\",\"contentUrl\":\"https:\\\/\\\/regiaonews.net.br\\\/2022\\\/wp-content\\\/uploads\\\/2023\\\/09\\\/cameras.jpg\",\"width\":1170,\"height\":700,\"caption\":\"Uso de c\u00e2meras acopladas aos uniformes de policiais militares do estado de S\u00e3o Paulo para registro das suas a\u00e7\u00f5es, implementada em 18 unidades, ajudou a reduzir viol\u00eancia policial,trazendo resultados emblem\u00e1ticos.\"},{\"@type\":\"BreadcrumbList\",\"@id\":\"https:\\\/\\\/regiaonews.net.br\\\/2022\\\/2023\\\/11\\\/28\\\/homicidios-dolosos-caem-115-em-10-meses-no-estado-de-sao-paulo\\\/#breadcrumb\",\"itemListElement\":[{\"@type\":\"ListItem\",\"position\":1,\"name\":\"In\u00edcio\",\"item\":\"https:\\\/\\\/regiaonews.net.br\\\/2022\\\/\"},{\"@type\":\"ListItem\",\"position\":2,\"name\":\"Homic\u00eddios dolosos caem 11,5% em 10 meses no estado de S\u00e3o Paulo\"}]},{\"@type\":\"WebSite\",\"@id\":\"https:\\\/\\\/regiaonews.net.br\\\/2022\\\/#website\",\"url\":\"https:\\\/\\\/regiaonews.net.br\\\/2022\\\/\",\"name\":\"Regi\u00e3o News\",\"description\":\"Site de Not\u00edcias de Barretos e regi\u00e3o\",\"publisher\":{\"@id\":\"https:\\\/\\\/regiaonews.net.br\\\/2022\\\/#organization\"},\"potentialAction\":[{\"@type\":\"SearchAction\",\"target\":{\"@type\":\"EntryPoint\",\"urlTemplate\":\"https:\\\/\\\/regiaonews.net.br\\\/2022\\\/?s={search_term_string}\"},\"query-input\":{\"@type\":\"PropertyValueSpecification\",\"valueRequired\":true,\"valueName\":\"search_term_string\"}}],\"inLanguage\":\"pt-BR\"},{\"@type\":\"Organization\",\"@id\":\"https:\\\/\\\/regiaonews.net.br\\\/2022\\\/#organization\",\"name\":\"Regi\u00e3o News\",\"url\":\"https:\\\/\\\/regiaonews.net.br\\\/2022\\\/\",\"logo\":{\"@type\":\"ImageObject\",\"inLanguage\":\"pt-BR\",\"@id\":\"https:\\\/\\\/regiaonews.net.br\\\/2022\\\/#\\\/schema\\\/logo\\\/image\\\/\",\"url\":\"https:\\\/\\\/regiaonews.net.br\\\/2022\\\/wp-content\\\/uploads\\\/2026\\\/03\\\/regiao-13-anos-scaled.jpg\",\"contentUrl\":\"https:\\\/\\\/regiaonews.net.br\\\/2022\\\/wp-content\\\/uploads\\\/2026\\\/03\\\/regiao-13-anos-scaled.jpg\",\"width\":2560,\"height\":635,\"caption\":\"Regi\u00e3o News\"},\"image\":{\"@id\":\"https:\\\/\\\/regiaonews.net.br\\\/2022\\\/#\\\/schema\\\/logo\\\/image\\\/\"}},{\"@type\":\"Person\",\"@id\":\"https:\\\/\\\/regiaonews.net.br\\\/2022\\\/#\\\/schema\\\/person\\\/2d205a608a5aa97ac279d7a5e6d89ad8\",\"name\":\"Roberto\",\"image\":{\"@type\":\"ImageObject\",\"inLanguage\":\"pt-BR\",\"@id\":\"https:\\\/\\\/secure.gravatar.com\\\/avatar\\\/42749d8b712ff9d59ca93dc150494e5b55a44134482993f5baeb97e61b7ecc89?s=96&d=mm&r=g\",\"url\":\"https:\\\/\\\/secure.gravatar.com\\\/avatar\\\/42749d8b712ff9d59ca93dc150494e5b55a44134482993f5baeb97e61b7ecc89?s=96&d=mm&r=g\",\"contentUrl\":\"https:\\\/\\\/secure.gravatar.com\\\/avatar\\\/42749d8b712ff9d59ca93dc150494e5b55a44134482993f5baeb97e61b7ecc89?s=96&d=mm&r=g\",\"caption\":\"Roberto\"},\"url\":\"https:\\\/\\\/regiaonews.net.br\\\/2022\\\/author\\\/roberto\\\/\"}]}<\/script>\n<!-- \/ Yoast SEO plugin. -->","yoast_head_json":{"title":"Homic\u00eddios dolosos caem 11,5% em 10 meses no estado de S\u00e3o Paulo - Regi\u00e3o News","robots":{"index":"index","follow":"follow","max-snippet":"max-snippet:-1","max-image-preview":"max-image-preview:large","max-video-preview":"max-video-preview:-1"},"canonical":"https:\/\/regiaonews.net.br\/2022\/2023\/11\/28\/homicidios-dolosos-caem-115-em-10-meses-no-estado-de-sao-paulo\/","og_locale":"pt_BR","og_type":"article","og_title":"Homic\u00eddios dolosos caem 11,5% em 10 meses no estado de S\u00e3o Paulo - Regi\u00e3o News","og_description":"O n\u00famero de casos passou de 2.405 para 2.128; em","og_url":"https:\/\/regiaonews.net.br\/2022\/2023\/11\/28\/homicidios-dolosos-caem-115-em-10-meses-no-estado-de-sao-paulo\/","og_site_name":"Regi\u00e3o News","article_published_time":"2023-11-28T14:31:18+00:00","og_image":[{"width":1170,"height":700,"url":"https:\/\/regiaonews.net.br\/2022\/wp-content\/uploads\/2023\/09\/cameras.jpg","type":"image\/jpeg"}],"author":"Roberto","twitter_card":"summary_large_image","twitter_misc":{"Escrito por":"Roberto","Est. tempo de leitura":"4 minutos"},"schema":{"@context":"https:\/\/schema.org","@graph":[{"@type":"Article","@id":"https:\/\/regiaonews.net.br\/2022\/2023\/11\/28\/homicidios-dolosos-caem-115-em-10-meses-no-estado-de-sao-paulo\/#article","isPartOf":{"@id":"https:\/\/regiaonews.net.br\/2022\/2023\/11\/28\/homicidios-dolosos-caem-115-em-10-meses-no-estado-de-sao-paulo\/"},"author":{"name":"Roberto","@id":"https:\/\/regiaonews.net.br\/2022\/#\/schema\/person\/2d205a608a5aa97ac279d7a5e6d89ad8"},"headline":"Homic\u00eddios dolosos caem 11,5% em 10 meses no estado de S\u00e3o Paulo","datePublished":"2023-11-28T14:31:18+00:00","mainEntityOfPage":{"@id":"https:\/\/regiaonews.net.br\/2022\/2023\/11\/28\/homicidios-dolosos-caem-115-em-10-meses-no-estado-de-sao-paulo\/"},"wordCount":566,"commentCount":0,"publisher":{"@id":"https:\/\/regiaonews.net.br\/2022\/#organization"},"image":{"@id":"https:\/\/regiaonews.net.br\/2022\/2023\/11\/28\/homicidios-dolosos-caem-115-em-10-meses-no-estado-de-sao-paulo\/#primaryimage"},"thumbnailUrl":"https:\/\/regiaonews.net.br\/2022\/wp-content\/uploads\/2023\/09\/cameras.jpg","articleSection":["Estado de S\u00e3o Paulo","Policia"],"inLanguage":"pt-BR","potentialAction":[{"@type":"CommentAction","name":"Comment","target":["https:\/\/regiaonews.net.br\/2022\/2023\/11\/28\/homicidios-dolosos-caem-115-em-10-meses-no-estado-de-sao-paulo\/#respond"]}]},{"@type":"WebPage","@id":"https:\/\/regiaonews.net.br\/2022\/2023\/11\/28\/homicidios-dolosos-caem-115-em-10-meses-no-estado-de-sao-paulo\/","url":"https:\/\/regiaonews.net.br\/2022\/2023\/11\/28\/homicidios-dolosos-caem-115-em-10-meses-no-estado-de-sao-paulo\/","name":"Homic\u00eddios dolosos caem 11,5% em 10 meses no estado de S\u00e3o Paulo - Regi\u00e3o News","isPartOf":{"@id":"https:\/\/regiaonews.net.br\/2022\/#website"},"primaryImageOfPage":{"@id":"https:\/\/regiaonews.net.br\/2022\/2023\/11\/28\/homicidios-dolosos-caem-115-em-10-meses-no-estado-de-sao-paulo\/#primaryimage"},"image":{"@id":"https:\/\/regiaonews.net.br\/2022\/2023\/11\/28\/homicidios-dolosos-caem-115-em-10-meses-no-estado-de-sao-paulo\/#primaryimage"},"thumbnailUrl":"https:\/\/regiaonews.net.br\/2022\/wp-content\/uploads\/2023\/09\/cameras.jpg","datePublished":"2023-11-28T14:31:18+00:00","breadcrumb":{"@id":"https:\/\/regiaonews.net.br\/2022\/2023\/11\/28\/homicidios-dolosos-caem-115-em-10-meses-no-estado-de-sao-paulo\/#breadcrumb"},"inLanguage":"pt-BR","potentialAction":[{"@type":"ReadAction","target":["https:\/\/regiaonews.net.br\/2022\/2023\/11\/28\/homicidios-dolosos-caem-115-em-10-meses-no-estado-de-sao-paulo\/"]}]},{"@type":"ImageObject","inLanguage":"pt-BR","@id":"https:\/\/regiaonews.net.br\/2022\/2023\/11\/28\/homicidios-dolosos-caem-115-em-10-meses-no-estado-de-sao-paulo\/#primaryimage","url":"https:\/\/regiaonews.net.br\/2022\/wp-content\/uploads\/2023\/09\/cameras.jpg","contentUrl":"https:\/\/regiaonews.net.br\/2022\/wp-content\/uploads\/2023\/09\/cameras.jpg","width":1170,"height":700,"caption":"Uso de c\u00e2meras acopladas aos uniformes de policiais militares do estado de S\u00e3o Paulo para registro das suas a\u00e7\u00f5es, implementada em 18 unidades, ajudou a reduzir viol\u00eancia policial,trazendo resultados emblem\u00e1ticos."},{"@type":"BreadcrumbList","@id":"https:\/\/regiaonews.net.br\/2022\/2023\/11\/28\/homicidios-dolosos-caem-115-em-10-meses-no-estado-de-sao-paulo\/#breadcrumb","itemListElement":[{"@type":"ListItem","position":1,"name":"In\u00edcio","item":"https:\/\/regiaonews.net.br\/2022\/"},{"@type":"ListItem","position":2,"name":"Homic\u00eddios dolosos caem 11,5% em 10 meses no estado de S\u00e3o Paulo"}]},{"@type":"WebSite","@id":"https:\/\/regiaonews.net.br\/2022\/#website","url":"https:\/\/regiaonews.net.br\/2022\/","name":"Regi\u00e3o News","description":"Site de Not\u00edcias de Barretos e regi\u00e3o","publisher":{"@id":"https:\/\/regiaonews.net.br\/2022\/#organization"},"potentialAction":[{"@type":"SearchAction","target":{"@type":"EntryPoint","urlTemplate":"https:\/\/regiaonews.net.br\/2022\/?s={search_term_string}"},"query-input":{"@type":"PropertyValueSpecification","valueRequired":true,"valueName":"search_term_string"}}],"inLanguage":"pt-BR"},{"@type":"Organization","@id":"https:\/\/regiaonews.net.br\/2022\/#organization","name":"Regi\u00e3o News","url":"https:\/\/regiaonews.net.br\/2022\/","logo":{"@type":"ImageObject","inLanguage":"pt-BR","@id":"https:\/\/regiaonews.net.br\/2022\/#\/schema\/logo\/image\/","url":"https:\/\/regiaonews.net.br\/2022\/wp-content\/uploads\/2026\/03\/regiao-13-anos-scaled.jpg","contentUrl":"https:\/\/regiaonews.net.br\/2022\/wp-content\/uploads\/2026\/03\/regiao-13-anos-scaled.jpg","width":2560,"height":635,"caption":"Regi\u00e3o News"},"image":{"@id":"https:\/\/regiaonews.net.br\/2022\/#\/schema\/logo\/image\/"}},{"@type":"Person","@id":"https:\/\/regiaonews.net.br\/2022\/#\/schema\/person\/2d205a608a5aa97ac279d7a5e6d89ad8","name":"Roberto","image":{"@type":"ImageObject","inLanguage":"pt-BR","@id":"https:\/\/secure.gravatar.com\/avatar\/42749d8b712ff9d59ca93dc150494e5b55a44134482993f5baeb97e61b7ecc89?s=96&d=mm&r=g","url":"https:\/\/secure.gravatar.com\/avatar\/42749d8b712ff9d59ca93dc150494e5b55a44134482993f5baeb97e61b7ecc89?s=96&d=mm&r=g","contentUrl":"https:\/\/secure.gravatar.com\/avatar\/42749d8b712ff9d59ca93dc150494e5b55a44134482993f5baeb97e61b7ecc89?s=96&d=mm&r=g","caption":"Roberto"},"url":"https:\/\/regiaonews.net.br\/2022\/author\/roberto\/"}]}},"publishpress_future_action":{"enabled":false,"date":"2026-05-04 07:25:03","action":"change-status","newStatus":"draft","terms":[],"taxonomy":"category","extraData":[]},"publishpress_future_workflow_manual_trigger":{"enabledWorkflows":[]},"_links":{"self":[{"href":"https:\/\/regiaonews.net.br\/2022\/wp-json\/wp\/v2\/posts\/98295","targetHints":{"allow":["GET"]}}],"collection":[{"href":"https:\/\/regiaonews.net.br\/2022\/wp-json\/wp\/v2\/posts"}],"about":[{"href":"https:\/\/regiaonews.net.br\/2022\/wp-json\/wp\/v2\/types\/post"}],"author":[{"embeddable":true,"href":"https:\/\/regiaonews.net.br\/2022\/wp-json\/wp\/v2\/users\/2"}],"replies":[{"embeddable":true,"href":"https:\/\/regiaonews.net.br\/2022\/wp-json\/wp\/v2\/comments?post=98295"}],"version-history":[{"count":1,"href":"https:\/\/regiaonews.net.br\/2022\/wp-json\/wp\/v2\/posts\/98295\/revisions"}],"predecessor-version":[{"id":98296,"href":"https:\/\/regiaonews.net.br\/2022\/wp-json\/wp\/v2\/posts\/98295\/revisions\/98296"}],"wp:featuredmedia":[{"embeddable":true,"href":"https:\/\/regiaonews.net.br\/2022\/wp-json\/wp\/v2\/media\/95143"}],"wp:attachment":[{"href":"https:\/\/regiaonews.net.br\/2022\/wp-json\/wp\/v2\/media?parent=98295"}],"wp:term":[{"taxonomy":"category","embeddable":true,"href":"https:\/\/regiaonews.net.br\/2022\/wp-json\/wp\/v2\/categories?post=98295"},{"taxonomy":"post_tag","embeddable":true,"href":"https:\/\/regiaonews.net.br\/2022\/wp-json\/wp\/v2\/tags?post=98295"}],"curies":[{"name":"wp","href":"https:\/\/api.w.org\/{rel}","templated":true}]}}