{"id":98289,"date":"2023-11-27T19:14:25","date_gmt":"2023-11-27T22:14:25","guid":{"rendered":"https:\/\/regiaonews.net.br\/2022\/?p=98289"},"modified":"2023-11-27T19:14:25","modified_gmt":"2023-11-27T22:14:25","slug":"festas-de-fim-de-ano-10-cuidados-com-a-rede-eletrica-ao-fazer-a-decoracao","status":"publish","type":"post","link":"https:\/\/regiaonews.net.br\/2022\/2023\/11\/27\/festas-de-fim-de-ano-10-cuidados-com-a-rede-eletrica-ao-fazer-a-decoracao\/","title":{"rendered":"Festas de fim de ano: 10 cuidados com a rede el\u00e9trica ao fazer a decora\u00e7\u00e3o\u00a0\u00a0"},"content":{"rendered":"<div>\n<p>&nbsp;<\/p>\n<\/div>\n<div>\n<p><i>CPFL Paulista d\u00e1 dicas de como ter comemora\u00e7\u00f5es iluminadas e coloridas com seguran\u00e7a e economia\u00a0<\/i><\/p>\n<\/div>\n<div>\n<p>&nbsp;<\/p>\n<\/div>\n<div>\n<p class=\"x_x_elementToProof\">\u00a0Contagem regressiva para o Natal e r\u00e9veillon, afinal falta pouco mais de um m\u00eas para duas das datas mais iluminadas do ano. Decora\u00e7\u00f5es, luzes e ornamentos, muitos deles ligados \u00e0 rede el\u00e9trica, j\u00e1 come\u00e7am a surgir na fachada e interior de casas, com\u00e9rcios, escrit\u00f3rios e em vias p\u00fablicas. Para garantir que essa \u00e9poca seja aproveitada em seguran\u00e7a e com economia no consumo de energia, a CPFL Paulista, por meio da campanha Guardi\u00e3o da Vida, d\u00e1 dicas importantes.<\/p>\n<\/div>\n<div>\n<p>&nbsp;<\/p>\n<\/div>\n<div>\n<p>A primeira delas:\u00a0antes de iniciar a montagem das decora\u00e7\u00f5es, \u00e9 essencial verificar as condi\u00e7\u00f5es das instala\u00e7\u00f5es el\u00e9tricas do local, a capacidade e a resist\u00eancia dos condutores &#8211; tanto da fonte de energia quanto dos enfeites.<\/p>\n<\/div>\n<div>\n<p>&nbsp;<\/p>\n<\/div>\n<div>\n<p>Outro detalhe importante est\u00e1 relacionado \u00e0\u00a0situa\u00e7\u00e3o dos fios dos piscas-piscas. \u00c9 comum que, ao longo do tempo e ap\u00f3s v\u00e1rios anos de uso, os cabos de enfeites guardados fiquem ressecados ou rompidos. Nestas condi\u00e7\u00f5es, a CPFL recomenda a compra de um novo enfeite para evitar choques el\u00e9tricos, curtos-circuitos e at\u00e9 inc\u00eandios, al\u00e9m de gastos desnecess\u00e1rios no consumo de energia el\u00e9trica.<\/p>\n<\/div>\n<div>\n<p>&nbsp;<\/p>\n<\/div>\n<div>\n<p>A CPFL tamb\u00e9m n\u00e3o recomenda, ainda, a utiliza\u00e7\u00e3o de benjamim ou emenda de fios, j\u00e1 que pode acarretar superaquecimento. De acordo com a distribuidora, uma fia\u00e7\u00e3o defeituosa ou solta, somada a uma sobrecarga adicional, \u00e9 causa comum de danos graves, choques e at\u00e9 a queima da fia\u00e7\u00e3o, com risco inc\u00eandios. Em caso de d\u00favidas, a recomenda\u00e7\u00e3o \u00e9 procurar ajuda de um eletricista.<\/p>\n<\/div>\n<div>\n<p>&nbsp;<\/p>\n<\/div>\n<div>\n<p><b>Consumo de Energia &#8211;\u00a0<\/b>Consumo consciente de energia deve ser mantido, mesmo durante as festas de fim de ano. Priorize os enfeites que n\u00e3o necessitem estar conectados \u00e0 tomada. Se\u00a0n\u00e3o for poss\u00edvel, evite deix\u00e1-los ligados por muito tempo.<\/p>\n<\/div>\n<div>\n<p>&nbsp;<\/p>\n<\/div>\n<div>\n<p>Vale lembrar que as l\u00e2mpadas representam entre 5% e 15% do consumo\u00a0da conta de energia. Por isso, prefira desligar as luzes natalinas quando n\u00e3o houver ningu\u00e9m em casa e antes de dormir. Nos ambientes,\u00a0apagar as l\u00e2mpadas dos c\u00f4modos desocupados e substituir\u00a0os modelos convencionais por LED, mais econ\u00f4micos e eficientes\u00a0s\u00e3o atitudes de consumo respons\u00e1vel que acabam trazendo resultados positivos para a conta de energia do m\u00eas.<\/p>\n<\/div>\n<div>\n<p>&nbsp;<\/p>\n<\/div>\n<div>\n<p><b>Confira 10 dicas da campanha Guardi\u00e3o da Vida na hora de escolher e instalar a decora\u00e7\u00e3o de Natal e R\u00e9veillon<\/b><\/p>\n<\/div>\n<div>\n<p>&nbsp;<\/p>\n<\/div>\n<div>\n<p>1.\u202fSempre fa\u00e7a a instala\u00e7\u00e3o das luzes com o circuito desligado e tome cuidado com as crian\u00e7as. Elas podem sofrer acidentes el\u00e9tricos ao manusearem indevidamente os enfeites.<\/p>\n<\/div>\n<div>\n<p>2.\u202fN\u00e3o utilize benjamins. Tenha cuidado com o limite de carga da tomada que liga as l\u00e2mpadas e n\u00e3o fa\u00e7a emendas nos fios do circuito de ilumina\u00e7\u00e3o de Natal.<\/p>\n<\/div>\n<div>\n<p>3.\u202fN\u00e3o plugue todas as decora\u00e7\u00f5es em uma mesma tomada. Para evitar sobrecarga e superaquecimento dos cabos, distribua\u00a0os enfeites\u00a0entre diferentes pontos de energia.<\/p>\n<\/div>\n<div>\n<p>4.\u202fN\u00e3o tente ligar o adere\u00e7o\u00a0diretamente na rede el\u00e9trica externa (da distribuidora de energia).\u00a0Essa atitude pode ser fatal.<\/p>\n<\/div>\n<div>\n<p>5.\u202fAs luzes devem ser desligadas quando n\u00e3o houver algu\u00e9m na casa ou quando estiverem dormindo.\u202fPor serem fontes de calor, as luzes necessitam de acompanhamento cont\u00ednuo.<\/p>\n<\/div>\n<div>\n<p>6.\u202fEvite o contato das l\u00e2mpadas com objetos e enfeites que podem ser inflam\u00e1veis como cortinas e tapetes.\u202fNo caso das \u00e1rvores de Natal, \u00e9 importante procurar pela etiqueta \u201cresistente ao fogo\u201d.<\/p>\n<\/div>\n<div>\n<p>7.\u202fN\u00e3o fa\u00e7a instala\u00e7\u00e3o pr\u00f3xima de piscinas\u00a0ou \u00e1reas alagadas, nem quando estiver com as m\u00e3os ou os p\u00e9s molhados. Em \u00e1reas sujeitas a chuvas, use modelos de pisca-piscas resistentes \u00e0 \u00e1gua.<\/p>\n<\/div>\n<div>\n<p>8.\u202fAdquira produtos certificados com o selo do Inmetro em lojas especializadas e prefira enfeites que utilizam l\u00e2mpadas LED, mais dur\u00e1veis, econ\u00f4micas e que emitem menos calor.<\/p>\n<\/div>\n<div>\n<p>9.\u202fN\u00e3o utilize estruturas met\u00e1licas e n\u00e3o suba nos postes ou \u00e1rvores pr\u00f3ximas de redes el\u00e9tricas para instalar os enfeites. Tamb\u00e9m evite o uso de luzes e piscas que contenham metal, pois podem provocar choques el\u00e9tricos.<\/p>\n<\/div>\n<div>\n<p>10.\u202fQuando o enfeite for instalado em fachadas, mantenha uma dist\u00e2ncia segura entre a decora\u00e7\u00e3o externa e a rede de distribui\u00e7\u00e3o de energia el\u00e9trica da CPFL. Certifique-se que os enfeites estejam bem fixados, de forma que n\u00e3o sejam lan\u00e7ados na rede durante temporais e provoquem curto-circuito. No caso de d\u00favidas sobre a instala\u00e7\u00e3o externa, consulte a distribuidora.<\/p>\n<\/div>\n<div><\/div>\n<p><b><u>Sobre a CPFL Energia<\/u><\/b><\/p>\n<p>&nbsp;<\/p>\n<p>A CPFL Energia est\u00e1 h\u00e1 111 anos no setor el\u00e9trico e atua nos segmentos de distribui\u00e7\u00e3o, gera\u00e7\u00e3o, transmiss\u00e3o, comercializa\u00e7\u00e3o e servi\u00e7os. Desde 2017, o Grupo faz parte da State Grid, estatal chinesa que \u00e9 a\u00a0terceira\u00a0maior organiza\u00e7\u00e3o empresarial do mundo e a maior empresa de energia el\u00e9trica, atendendo 88% do territ\u00f3rio chin\u00eas.<\/p>\n<p>&nbsp;<\/p>\n<p>\u00c9 a maior distribuidora em volume de energia vendida, com mais de 13%\u00a0de\u00a0participa\u00e7\u00e3o no mercado nacional,\u00a0atendendo cerca de 10,4 milh\u00f5es de clientes em 687 munic\u00edpios\u00a0nos estados de S\u00e3o Paulo, Rio Grande do Sul, Minas Gerais e Paran\u00e1.<\/p>\n<p>&nbsp;<\/p>\n<p>Com 4.411\u00a0MW de capacidade instalada, est\u00e1\u00a0entre as\u00a0maiores geradoras privadas do pa\u00eds,\u00a0com atua\u00e7\u00e3o em fontes hidrel\u00e9trica, solar, e\u00f3lica e biomassa.<\/p>\n<p>&nbsp;<\/p>\n<p>Atua de forma relevante tamb\u00e9m no segmento de transmiss\u00e3o, atendendo 87 subesta\u00e7\u00f5es, que somam pot\u00eancia instalada de 14,9 mil MVA e mais de 6 mil quil\u00f4metros de linhas.<\/p>\n<p>&nbsp;<\/p>\n<p>O grupo CPFL conta ainda com uma opera\u00e7\u00e3o nacional por meio da CPFL Solu\u00e7\u00f5es, fornecendo solu\u00e7\u00f5es integradas em gest\u00e3o e comercializa\u00e7\u00e3o de energia, efici\u00eancia energ\u00e9tica, gera\u00e7\u00e3o distribu\u00edda, infraestrutura energ\u00e9tica, servi\u00e7os de consultoria para descarboniza\u00e7\u00e3o e certifica\u00e7\u00f5es de energia renov\u00e1vel (I-REC).<\/p>\n<p>&nbsp;<\/p>\n<p>A CPFL Energia possui a\u00e7\u00f5es listadas no Novo Mercado da B3. O Grupo tamb\u00e9m ocupa posi\u00e7\u00e3o de destaque em investimento social privado, com projetos de cultura, esporte e educa\u00e7\u00e3o, por meio do Instituto CPFL.<\/p>\n","protected":false},"excerpt":{"rendered":"<p>&nbsp; CPFL Paulista d\u00e1 dicas de como ter comemora\u00e7\u00f5es iluminadas<\/p>\n","protected":false},"author":2,"featured_media":66312,"comment_status":"open","ping_status":"open","sticky":false,"template":"","format":"standard","meta":{"footnotes":""},"categories":[25,32],"tags":[],"class_list":["post-98289","post","type-post","status-publish","format-standard","has-post-thumbnail","hentry","category-cidades","category-ribeirao-preto"],"yoast_head":"<!-- This site is optimized with the Yoast SEO plugin v27.4 - https:\/\/yoast.com\/product\/yoast-seo-wordpress\/ -->\n<title>Festas de fim de ano: 10 cuidados com a rede el\u00e9trica ao fazer a decora\u00e7\u00e3o\u00a0\u00a0 - Regi\u00e3o News<\/title>\n<meta name=\"robots\" content=\"index, follow, max-snippet:-1, max-image-preview:large, max-video-preview:-1\" \/>\n<link rel=\"canonical\" href=\"https:\/\/regiaonews.net.br\/2022\/2023\/11\/27\/festas-de-fim-de-ano-10-cuidados-com-a-rede-eletrica-ao-fazer-a-decoracao\/\" \/>\n<meta property=\"og:locale\" content=\"pt_BR\" \/>\n<meta property=\"og:type\" content=\"article\" \/>\n<meta property=\"og:title\" content=\"Festas de fim de ano: 10 cuidados com a rede el\u00e9trica ao fazer a decora\u00e7\u00e3o\u00a0\u00a0 - Regi\u00e3o News\" \/>\n<meta property=\"og:description\" content=\"&nbsp; CPFL Paulista d\u00e1 dicas de como ter comemora\u00e7\u00f5es iluminadas\" \/>\n<meta property=\"og:url\" content=\"https:\/\/regiaonews.net.br\/2022\/2023\/11\/27\/festas-de-fim-de-ano-10-cuidados-com-a-rede-eletrica-ao-fazer-a-decoracao\/\" \/>\n<meta property=\"og:site_name\" content=\"Regi\u00e3o News\" \/>\n<meta property=\"article:published_time\" content=\"2023-11-27T22:14:25+00:00\" \/>\n<meta property=\"og:image\" content=\"https:\/\/regiaonews.net.br\/2022\/wp-content\/uploads\/2022\/02\/furto-energia.jpg\" \/>\n\t<meta property=\"og:image:width\" content=\"720\" \/>\n\t<meta property=\"og:image:height\" content=\"413\" \/>\n\t<meta property=\"og:image:type\" content=\"image\/jpeg\" \/>\n<meta name=\"author\" content=\"Roberto\" \/>\n<meta name=\"twitter:card\" content=\"summary_large_image\" \/>\n<meta name=\"twitter:label1\" content=\"Escrito por\" \/>\n\t<meta name=\"twitter:data1\" content=\"Roberto\" \/>\n\t<meta name=\"twitter:label2\" content=\"Est. tempo de leitura\" \/>\n\t<meta name=\"twitter:data2\" content=\"6 minutos\" \/>\n<script type=\"application\/ld+json\" class=\"yoast-schema-graph\">{\"@context\":\"https:\\\/\\\/schema.org\",\"@graph\":[{\"@type\":\"Article\",\"@id\":\"https:\\\/\\\/regiaonews.net.br\\\/2022\\\/2023\\\/11\\\/27\\\/festas-de-fim-de-ano-10-cuidados-com-a-rede-eletrica-ao-fazer-a-decoracao\\\/#article\",\"isPartOf\":{\"@id\":\"https:\\\/\\\/regiaonews.net.br\\\/2022\\\/2023\\\/11\\\/27\\\/festas-de-fim-de-ano-10-cuidados-com-a-rede-eletrica-ao-fazer-a-decoracao\\\/\"},\"author\":{\"name\":\"Roberto\",\"@id\":\"https:\\\/\\\/regiaonews.net.br\\\/2022\\\/#\\\/schema\\\/person\\\/2d205a608a5aa97ac279d7a5e6d89ad8\"},\"headline\":\"Festas de fim de ano: 10 cuidados com a rede el\u00e9trica ao fazer a decora\u00e7\u00e3o\u00a0\u00a0\",\"datePublished\":\"2023-11-27T22:14:25+00:00\",\"mainEntityOfPage\":{\"@id\":\"https:\\\/\\\/regiaonews.net.br\\\/2022\\\/2023\\\/11\\\/27\\\/festas-de-fim-de-ano-10-cuidados-com-a-rede-eletrica-ao-fazer-a-decoracao\\\/\"},\"wordCount\":1045,\"commentCount\":0,\"publisher\":{\"@id\":\"https:\\\/\\\/regiaonews.net.br\\\/2022\\\/#organization\"},\"image\":{\"@id\":\"https:\\\/\\\/regiaonews.net.br\\\/2022\\\/2023\\\/11\\\/27\\\/festas-de-fim-de-ano-10-cuidados-com-a-rede-eletrica-ao-fazer-a-decoracao\\\/#primaryimage\"},\"thumbnailUrl\":\"https:\\\/\\\/regiaonews.net.br\\\/2022\\\/wp-content\\\/uploads\\\/2022\\\/02\\\/furto-energia.jpg\",\"articleSection\":[\"Cidades\",\"Ribeir\u00e3o Preto\"],\"inLanguage\":\"pt-BR\",\"potentialAction\":[{\"@type\":\"CommentAction\",\"name\":\"Comment\",\"target\":[\"https:\\\/\\\/regiaonews.net.br\\\/2022\\\/2023\\\/11\\\/27\\\/festas-de-fim-de-ano-10-cuidados-com-a-rede-eletrica-ao-fazer-a-decoracao\\\/#respond\"]}]},{\"@type\":\"WebPage\",\"@id\":\"https:\\\/\\\/regiaonews.net.br\\\/2022\\\/2023\\\/11\\\/27\\\/festas-de-fim-de-ano-10-cuidados-com-a-rede-eletrica-ao-fazer-a-decoracao\\\/\",\"url\":\"https:\\\/\\\/regiaonews.net.br\\\/2022\\\/2023\\\/11\\\/27\\\/festas-de-fim-de-ano-10-cuidados-com-a-rede-eletrica-ao-fazer-a-decoracao\\\/\",\"name\":\"Festas de fim de ano: 10 cuidados com a rede el\u00e9trica ao fazer a decora\u00e7\u00e3o\u00a0\u00a0 - Regi\u00e3o News\",\"isPartOf\":{\"@id\":\"https:\\\/\\\/regiaonews.net.br\\\/2022\\\/#website\"},\"primaryImageOfPage\":{\"@id\":\"https:\\\/\\\/regiaonews.net.br\\\/2022\\\/2023\\\/11\\\/27\\\/festas-de-fim-de-ano-10-cuidados-com-a-rede-eletrica-ao-fazer-a-decoracao\\\/#primaryimage\"},\"image\":{\"@id\":\"https:\\\/\\\/regiaonews.net.br\\\/2022\\\/2023\\\/11\\\/27\\\/festas-de-fim-de-ano-10-cuidados-com-a-rede-eletrica-ao-fazer-a-decoracao\\\/#primaryimage\"},\"thumbnailUrl\":\"https:\\\/\\\/regiaonews.net.br\\\/2022\\\/wp-content\\\/uploads\\\/2022\\\/02\\\/furto-energia.jpg\",\"datePublished\":\"2023-11-27T22:14:25+00:00\",\"breadcrumb\":{\"@id\":\"https:\\\/\\\/regiaonews.net.br\\\/2022\\\/2023\\\/11\\\/27\\\/festas-de-fim-de-ano-10-cuidados-com-a-rede-eletrica-ao-fazer-a-decoracao\\\/#breadcrumb\"},\"inLanguage\":\"pt-BR\",\"potentialAction\":[{\"@type\":\"ReadAction\",\"target\":[\"https:\\\/\\\/regiaonews.net.br\\\/2022\\\/2023\\\/11\\\/27\\\/festas-de-fim-de-ano-10-cuidados-com-a-rede-eletrica-ao-fazer-a-decoracao\\\/\"]}]},{\"@type\":\"ImageObject\",\"inLanguage\":\"pt-BR\",\"@id\":\"https:\\\/\\\/regiaonews.net.br\\\/2022\\\/2023\\\/11\\\/27\\\/festas-de-fim-de-ano-10-cuidados-com-a-rede-eletrica-ao-fazer-a-decoracao\\\/#primaryimage\",\"url\":\"https:\\\/\\\/regiaonews.net.br\\\/2022\\\/wp-content\\\/uploads\\\/2022\\\/02\\\/furto-energia.jpg\",\"contentUrl\":\"https:\\\/\\\/regiaonews.net.br\\\/2022\\\/wp-content\\\/uploads\\\/2022\\\/02\\\/furto-energia.jpg\",\"width\":720,\"height\":413},{\"@type\":\"BreadcrumbList\",\"@id\":\"https:\\\/\\\/regiaonews.net.br\\\/2022\\\/2023\\\/11\\\/27\\\/festas-de-fim-de-ano-10-cuidados-com-a-rede-eletrica-ao-fazer-a-decoracao\\\/#breadcrumb\",\"itemListElement\":[{\"@type\":\"ListItem\",\"position\":1,\"name\":\"In\u00edcio\",\"item\":\"https:\\\/\\\/regiaonews.net.br\\\/2022\\\/\"},{\"@type\":\"ListItem\",\"position\":2,\"name\":\"Festas de fim de ano: 10 cuidados com a rede el\u00e9trica ao fazer a decora\u00e7\u00e3o\u00a0\u00a0\"}]},{\"@type\":\"WebSite\",\"@id\":\"https:\\\/\\\/regiaonews.net.br\\\/2022\\\/#website\",\"url\":\"https:\\\/\\\/regiaonews.net.br\\\/2022\\\/\",\"name\":\"Regi\u00e3o News\",\"description\":\"Site de Not\u00edcias de Barretos e regi\u00e3o\",\"publisher\":{\"@id\":\"https:\\\/\\\/regiaonews.net.br\\\/2022\\\/#organization\"},\"potentialAction\":[{\"@type\":\"SearchAction\",\"target\":{\"@type\":\"EntryPoint\",\"urlTemplate\":\"https:\\\/\\\/regiaonews.net.br\\\/2022\\\/?s={search_term_string}\"},\"query-input\":{\"@type\":\"PropertyValueSpecification\",\"valueRequired\":true,\"valueName\":\"search_term_string\"}}],\"inLanguage\":\"pt-BR\"},{\"@type\":\"Organization\",\"@id\":\"https:\\\/\\\/regiaonews.net.br\\\/2022\\\/#organization\",\"name\":\"Regi\u00e3o News\",\"url\":\"https:\\\/\\\/regiaonews.net.br\\\/2022\\\/\",\"logo\":{\"@type\":\"ImageObject\",\"inLanguage\":\"pt-BR\",\"@id\":\"https:\\\/\\\/regiaonews.net.br\\\/2022\\\/#\\\/schema\\\/logo\\\/image\\\/\",\"url\":\"https:\\\/\\\/regiaonews.net.br\\\/2022\\\/wp-content\\\/uploads\\\/2026\\\/03\\\/regiao-13-anos-scaled.jpg\",\"contentUrl\":\"https:\\\/\\\/regiaonews.net.br\\\/2022\\\/wp-content\\\/uploads\\\/2026\\\/03\\\/regiao-13-anos-scaled.jpg\",\"width\":2560,\"height\":635,\"caption\":\"Regi\u00e3o News\"},\"image\":{\"@id\":\"https:\\\/\\\/regiaonews.net.br\\\/2022\\\/#\\\/schema\\\/logo\\\/image\\\/\"}},{\"@type\":\"Person\",\"@id\":\"https:\\\/\\\/regiaonews.net.br\\\/2022\\\/#\\\/schema\\\/person\\\/2d205a608a5aa97ac279d7a5e6d89ad8\",\"name\":\"Roberto\",\"image\":{\"@type\":\"ImageObject\",\"inLanguage\":\"pt-BR\",\"@id\":\"https:\\\/\\\/secure.gravatar.com\\\/avatar\\\/42749d8b712ff9d59ca93dc150494e5b55a44134482993f5baeb97e61b7ecc89?s=96&d=mm&r=g\",\"url\":\"https:\\\/\\\/secure.gravatar.com\\\/avatar\\\/42749d8b712ff9d59ca93dc150494e5b55a44134482993f5baeb97e61b7ecc89?s=96&d=mm&r=g\",\"contentUrl\":\"https:\\\/\\\/secure.gravatar.com\\\/avatar\\\/42749d8b712ff9d59ca93dc150494e5b55a44134482993f5baeb97e61b7ecc89?s=96&d=mm&r=g\",\"caption\":\"Roberto\"},\"url\":\"https:\\\/\\\/regiaonews.net.br\\\/2022\\\/author\\\/roberto\\\/\"}]}<\/script>\n<!-- \/ Yoast SEO plugin. -->","yoast_head_json":{"title":"Festas de fim de ano: 10 cuidados com a rede el\u00e9trica ao fazer a decora\u00e7\u00e3o\u00a0\u00a0 - Regi\u00e3o News","robots":{"index":"index","follow":"follow","max-snippet":"max-snippet:-1","max-image-preview":"max-image-preview:large","max-video-preview":"max-video-preview:-1"},"canonical":"https:\/\/regiaonews.net.br\/2022\/2023\/11\/27\/festas-de-fim-de-ano-10-cuidados-com-a-rede-eletrica-ao-fazer-a-decoracao\/","og_locale":"pt_BR","og_type":"article","og_title":"Festas de fim de ano: 10 cuidados com a rede el\u00e9trica ao fazer a decora\u00e7\u00e3o\u00a0\u00a0 - Regi\u00e3o News","og_description":"&nbsp; CPFL Paulista d\u00e1 dicas de como ter comemora\u00e7\u00f5es iluminadas","og_url":"https:\/\/regiaonews.net.br\/2022\/2023\/11\/27\/festas-de-fim-de-ano-10-cuidados-com-a-rede-eletrica-ao-fazer-a-decoracao\/","og_site_name":"Regi\u00e3o News","article_published_time":"2023-11-27T22:14:25+00:00","og_image":[{"width":720,"height":413,"url":"https:\/\/regiaonews.net.br\/2022\/wp-content\/uploads\/2022\/02\/furto-energia.jpg","type":"image\/jpeg"}],"author":"Roberto","twitter_card":"summary_large_image","twitter_misc":{"Escrito por":"Roberto","Est. tempo de leitura":"6 minutos"},"schema":{"@context":"https:\/\/schema.org","@graph":[{"@type":"Article","@id":"https:\/\/regiaonews.net.br\/2022\/2023\/11\/27\/festas-de-fim-de-ano-10-cuidados-com-a-rede-eletrica-ao-fazer-a-decoracao\/#article","isPartOf":{"@id":"https:\/\/regiaonews.net.br\/2022\/2023\/11\/27\/festas-de-fim-de-ano-10-cuidados-com-a-rede-eletrica-ao-fazer-a-decoracao\/"},"author":{"name":"Roberto","@id":"https:\/\/regiaonews.net.br\/2022\/#\/schema\/person\/2d205a608a5aa97ac279d7a5e6d89ad8"},"headline":"Festas de fim de ano: 10 cuidados com a rede el\u00e9trica ao fazer a decora\u00e7\u00e3o\u00a0\u00a0","datePublished":"2023-11-27T22:14:25+00:00","mainEntityOfPage":{"@id":"https:\/\/regiaonews.net.br\/2022\/2023\/11\/27\/festas-de-fim-de-ano-10-cuidados-com-a-rede-eletrica-ao-fazer-a-decoracao\/"},"wordCount":1045,"commentCount":0,"publisher":{"@id":"https:\/\/regiaonews.net.br\/2022\/#organization"},"image":{"@id":"https:\/\/regiaonews.net.br\/2022\/2023\/11\/27\/festas-de-fim-de-ano-10-cuidados-com-a-rede-eletrica-ao-fazer-a-decoracao\/#primaryimage"},"thumbnailUrl":"https:\/\/regiaonews.net.br\/2022\/wp-content\/uploads\/2022\/02\/furto-energia.jpg","articleSection":["Cidades","Ribeir\u00e3o Preto"],"inLanguage":"pt-BR","potentialAction":[{"@type":"CommentAction","name":"Comment","target":["https:\/\/regiaonews.net.br\/2022\/2023\/11\/27\/festas-de-fim-de-ano-10-cuidados-com-a-rede-eletrica-ao-fazer-a-decoracao\/#respond"]}]},{"@type":"WebPage","@id":"https:\/\/regiaonews.net.br\/2022\/2023\/11\/27\/festas-de-fim-de-ano-10-cuidados-com-a-rede-eletrica-ao-fazer-a-decoracao\/","url":"https:\/\/regiaonews.net.br\/2022\/2023\/11\/27\/festas-de-fim-de-ano-10-cuidados-com-a-rede-eletrica-ao-fazer-a-decoracao\/","name":"Festas de fim de ano: 10 cuidados com a rede el\u00e9trica ao fazer a decora\u00e7\u00e3o\u00a0\u00a0 - Regi\u00e3o News","isPartOf":{"@id":"https:\/\/regiaonews.net.br\/2022\/#website"},"primaryImageOfPage":{"@id":"https:\/\/regiaonews.net.br\/2022\/2023\/11\/27\/festas-de-fim-de-ano-10-cuidados-com-a-rede-eletrica-ao-fazer-a-decoracao\/#primaryimage"},"image":{"@id":"https:\/\/regiaonews.net.br\/2022\/2023\/11\/27\/festas-de-fim-de-ano-10-cuidados-com-a-rede-eletrica-ao-fazer-a-decoracao\/#primaryimage"},"thumbnailUrl":"https:\/\/regiaonews.net.br\/2022\/wp-content\/uploads\/2022\/02\/furto-energia.jpg","datePublished":"2023-11-27T22:14:25+00:00","breadcrumb":{"@id":"https:\/\/regiaonews.net.br\/2022\/2023\/11\/27\/festas-de-fim-de-ano-10-cuidados-com-a-rede-eletrica-ao-fazer-a-decoracao\/#breadcrumb"},"inLanguage":"pt-BR","potentialAction":[{"@type":"ReadAction","target":["https:\/\/regiaonews.net.br\/2022\/2023\/11\/27\/festas-de-fim-de-ano-10-cuidados-com-a-rede-eletrica-ao-fazer-a-decoracao\/"]}]},{"@type":"ImageObject","inLanguage":"pt-BR","@id":"https:\/\/regiaonews.net.br\/2022\/2023\/11\/27\/festas-de-fim-de-ano-10-cuidados-com-a-rede-eletrica-ao-fazer-a-decoracao\/#primaryimage","url":"https:\/\/regiaonews.net.br\/2022\/wp-content\/uploads\/2022\/02\/furto-energia.jpg","contentUrl":"https:\/\/regiaonews.net.br\/2022\/wp-content\/uploads\/2022\/02\/furto-energia.jpg","width":720,"height":413},{"@type":"BreadcrumbList","@id":"https:\/\/regiaonews.net.br\/2022\/2023\/11\/27\/festas-de-fim-de-ano-10-cuidados-com-a-rede-eletrica-ao-fazer-a-decoracao\/#breadcrumb","itemListElement":[{"@type":"ListItem","position":1,"name":"In\u00edcio","item":"https:\/\/regiaonews.net.br\/2022\/"},{"@type":"ListItem","position":2,"name":"Festas de fim de ano: 10 cuidados com a rede el\u00e9trica ao fazer a decora\u00e7\u00e3o\u00a0\u00a0"}]},{"@type":"WebSite","@id":"https:\/\/regiaonews.net.br\/2022\/#website","url":"https:\/\/regiaonews.net.br\/2022\/","name":"Regi\u00e3o News","description":"Site de Not\u00edcias de Barretos e regi\u00e3o","publisher":{"@id":"https:\/\/regiaonews.net.br\/2022\/#organization"},"potentialAction":[{"@type":"SearchAction","target":{"@type":"EntryPoint","urlTemplate":"https:\/\/regiaonews.net.br\/2022\/?s={search_term_string}"},"query-input":{"@type":"PropertyValueSpecification","valueRequired":true,"valueName":"search_term_string"}}],"inLanguage":"pt-BR"},{"@type":"Organization","@id":"https:\/\/regiaonews.net.br\/2022\/#organization","name":"Regi\u00e3o News","url":"https:\/\/regiaonews.net.br\/2022\/","logo":{"@type":"ImageObject","inLanguage":"pt-BR","@id":"https:\/\/regiaonews.net.br\/2022\/#\/schema\/logo\/image\/","url":"https:\/\/regiaonews.net.br\/2022\/wp-content\/uploads\/2026\/03\/regiao-13-anos-scaled.jpg","contentUrl":"https:\/\/regiaonews.net.br\/2022\/wp-content\/uploads\/2026\/03\/regiao-13-anos-scaled.jpg","width":2560,"height":635,"caption":"Regi\u00e3o News"},"image":{"@id":"https:\/\/regiaonews.net.br\/2022\/#\/schema\/logo\/image\/"}},{"@type":"Person","@id":"https:\/\/regiaonews.net.br\/2022\/#\/schema\/person\/2d205a608a5aa97ac279d7a5e6d89ad8","name":"Roberto","image":{"@type":"ImageObject","inLanguage":"pt-BR","@id":"https:\/\/secure.gravatar.com\/avatar\/42749d8b712ff9d59ca93dc150494e5b55a44134482993f5baeb97e61b7ecc89?s=96&d=mm&r=g","url":"https:\/\/secure.gravatar.com\/avatar\/42749d8b712ff9d59ca93dc150494e5b55a44134482993f5baeb97e61b7ecc89?s=96&d=mm&r=g","contentUrl":"https:\/\/secure.gravatar.com\/avatar\/42749d8b712ff9d59ca93dc150494e5b55a44134482993f5baeb97e61b7ecc89?s=96&d=mm&r=g","caption":"Roberto"},"url":"https:\/\/regiaonews.net.br\/2022\/author\/roberto\/"}]}},"publishpress_future_action":{"enabled":false,"date":"2026-05-04 10:08:11","action":"change-status","newStatus":"draft","terms":[],"taxonomy":"category","extraData":[]},"publishpress_future_workflow_manual_trigger":{"enabledWorkflows":[]},"_links":{"self":[{"href":"https:\/\/regiaonews.net.br\/2022\/wp-json\/wp\/v2\/posts\/98289","targetHints":{"allow":["GET"]}}],"collection":[{"href":"https:\/\/regiaonews.net.br\/2022\/wp-json\/wp\/v2\/posts"}],"about":[{"href":"https:\/\/regiaonews.net.br\/2022\/wp-json\/wp\/v2\/types\/post"}],"author":[{"embeddable":true,"href":"https:\/\/regiaonews.net.br\/2022\/wp-json\/wp\/v2\/users\/2"}],"replies":[{"embeddable":true,"href":"https:\/\/regiaonews.net.br\/2022\/wp-json\/wp\/v2\/comments?post=98289"}],"version-history":[{"count":2,"href":"https:\/\/regiaonews.net.br\/2022\/wp-json\/wp\/v2\/posts\/98289\/revisions"}],"predecessor-version":[{"id":98291,"href":"https:\/\/regiaonews.net.br\/2022\/wp-json\/wp\/v2\/posts\/98289\/revisions\/98291"}],"wp:featuredmedia":[{"embeddable":true,"href":"https:\/\/regiaonews.net.br\/2022\/wp-json\/wp\/v2\/media\/66312"}],"wp:attachment":[{"href":"https:\/\/regiaonews.net.br\/2022\/wp-json\/wp\/v2\/media?parent=98289"}],"wp:term":[{"taxonomy":"category","embeddable":true,"href":"https:\/\/regiaonews.net.br\/2022\/wp-json\/wp\/v2\/categories?post=98289"},{"taxonomy":"post_tag","embeddable":true,"href":"https:\/\/regiaonews.net.br\/2022\/wp-json\/wp\/v2\/tags?post=98289"}],"curies":[{"name":"wp","href":"https:\/\/api.w.org\/{rel}","templated":true}]}}