{"id":98286,"date":"2023-11-27T19:07:26","date_gmt":"2023-11-27T22:07:26","guid":{"rendered":"https:\/\/regiaonews.net.br\/2022\/?p=98286"},"modified":"2023-11-27T19:07:26","modified_gmt":"2023-11-27T22:07:26","slug":"prazo-para-produtor-vacinar-rebanho-contra-febre-aftosa-termina-na-proxima-quinta-feira-dia-30","status":"publish","type":"post","link":"https:\/\/regiaonews.net.br\/2022\/2023\/11\/27\/prazo-para-produtor-vacinar-rebanho-contra-febre-aftosa-termina-na-proxima-quinta-feira-dia-30\/","title":{"rendered":"Prazo para produtor vacinar rebanho contra febre aftosa termina na pr\u00f3xima quinta-feira, dia 30"},"content":{"rendered":"<p>&nbsp;<\/p>\n<div><\/div>\n<div><\/div>\n<div><i>Todos os bovinos e bubalinos de at\u00e9 24 meses devem ser vacinados. Esta \u00e9 a \u00faltima etapa obrigat\u00f3ria da vacina\u00e7\u00e3o contra essa doen\u00e7a no Estado de S\u00e3o Paulo<\/i><\/div>\n<div><\/div>\n<div>A Secretaria Municipal de Agricultura e Meio Ambiente lembra os produtores rurais que termina na pr\u00f3xima quinta-feira, dia 30 de novembro, a \u00faltima campanha de vacina\u00e7\u00e3o contra a febre aftosa no Estado de S\u00e3o Paulo, que est\u00e1 sendo realizada pela Coordenadoria de Defesa Agropecu\u00e1ria (CDA) da Secretaria de Agricultura e Abastecimento (SAA) do Estado. Nesta etapa, devem ser vacinados bovinos e bubalinos com faixa et\u00e1ria at\u00e9 24 meses, o que corresponde a aproximadamente cinco milh\u00f5es de animais em todo o territ\u00f3rio paulista.<\/div>\n<div>A CDA ressalta que a vacina\u00e7\u00e3o de outros animais, fora do p\u00fablico-alvo da campanha, \u00e9 proibida. Ap\u00f3s o t\u00e9rmino do prazo para imuniza\u00e7\u00e3o do rebanho, em 30 de novembro, o produtor tem at\u00e9 7 de dezembro para declarar que vacinou seu rebanho.<\/div>\n<div>Conforme a coordenadoria, a declara\u00e7\u00e3o da vacina\u00e7\u00e3o deve ser realizada, de prefer\u00eancia, por meio eletr\u00f4nico, atrav\u00e9s do sistema informatizado Gest\u00e3o de Defesa Animal e Vegetal (GEDAVE). Quando n\u00e3o for poss\u00edvel, o produtor poder\u00e1 acessar a declara\u00e7\u00e3o na internet (https:\/\/www.defesa.agricultura.sp.gov.br\/www\/programas\/getdocdoc.php?idform=397), preencher e encaminh\u00e1-la por e-mail ou entreg\u00e1-la pessoalmente na Unidade de Defesa Agropecu\u00e1ria, que em Barretos est\u00e1 localizada na Rua Quatro, n.\u00ba 966 \u2013 Tels.: (17) 3322-8012 \/ 3322-3121.<\/div>\n<div><\/div>\n<div><b>Como vacinar<\/b><\/div>\n<div><b>\u00a0<\/b><\/div>\n<div><\/div>\n<div>A SAA destaca que a primeira provid\u00eancia \u00e9 adquirir as vacinas em estabelecimentos cadastrados junto \u00e0 Coordenadoria de Defesa Agropecu\u00e1ria. Isso porque todo o estoque de vacina dispon\u00edvel no Estado para com\u00e9rcio durante a etapa da campanha \u00e9 cadastrado pela revenda no sistema informatizado GEDAVE.<\/div>\n<div>No momento da compra, o volume adquirido pelo criador \u00e9 transferido, por meio do sistema, para o estoque da propriedade, o que facilita a declara\u00e7\u00e3o da vacina\u00e7\u00e3o pelo criador. A legisla\u00e7\u00e3o pro\u00edbe o uso de vacinas adquiridas em etapas de vacina\u00e7\u00f5es anteriores.<\/div>\n<div>A vacina deve ser mantida refrigerada em temperatura entre 2 e 8\u00baC, tanto no transporte como no armazenamento, deve-se usar uma caixa de isopor, com dois ter\u00e7os de seu volume em gelo para que a vacina n\u00e3o perca sua efic\u00e1cia, n\u00e3o podendo nunca ser congelada.<\/div>\n<div>Para realizar a vacina\u00e7\u00e3o, deve ser escolhido de prefer\u00eancia o hor\u00e1rio mais fresco do dia, classificando os animais por idade e sexo, para evitar acidentes. A recomenda\u00e7\u00e3o \u00e9 usar seringas e agulhas novas e higienizadas, sem o uso de produtos qu\u00edmicos (nem \u00e1lcool, nem cloro). O local da aplica\u00e7\u00e3o \u00e9 no ter\u00e7o m\u00e9dio do pesco\u00e7o (t\u00e1bua do pesco\u00e7o), por via subcut\u00e2nea (abaixo do couro). Independentemente da idade, a dose \u00e9 de 2 ml de vacina. As agulhas devem ser substitu\u00eddas com frequ\u00eancia (a cada 10 animais), para evitar infec\u00e7\u00f5es, e os frascos devem ser mantidos resfriados durante a opera\u00e7\u00e3o.<\/div>\n<div><\/div>\n<div><b>Declara\u00e7\u00e3o e poss\u00edveis penalidades<\/b><\/div>\n<div><\/div>\n<div>Al\u00e9m dos bovinos e bubalinos, \u00e9 necess\u00e1rio declarar todos os animais de outros rebanhos existentes na propriedade, tais como ovinos, caprinos, su\u00ednos, equ\u00eddeos (equinos, asininos e muares) e aves (granjas de aves dom\u00e9sticas, criat\u00f3rios de avestruzes).<\/div>\n<div>O criador que deixar de vacinar os bovinos e bubalinos de at\u00e9 24 meses e de comunicar a vacina\u00e7\u00e3o estar\u00e1 sujeito a multas que variam de 3 a 5 UFESPs por animal, sendo de 5 UFESPs (171,30 reais) por cabe\u00e7a que deixar de vacinar e 3 UFESPs (102,78 reais) por cabe\u00e7a que deixar de comunicar. O valor de cada UFESP &#8211; Unidade Fiscal do Estado de S\u00e3o Paulo \u00e9 de 34,26 reais para o ano de 2023. Esta \u00e9 a \u00faltima campanha de vacina\u00e7\u00e3o contra a aftosa no Estado, uma vez que no calend\u00e1rio de 2024 deixar\u00e1 de ser obrigat\u00f3ria<\/div>\n","protected":false},"excerpt":{"rendered":"<p>&nbsp; Todos os bovinos e bubalinos de at\u00e9 24 meses<\/p>\n","protected":false},"author":2,"featured_media":98287,"comment_status":"open","ping_status":"open","sticky":false,"template":"","format":"standard","meta":{"footnotes":""},"categories":[14,25],"tags":[],"class_list":["post-98286","post","type-post","status-publish","format-standard","has-post-thumbnail","hentry","category-barretos","category-cidades"],"yoast_head":"<!-- This site is optimized with the Yoast SEO plugin v27.4 - https:\/\/yoast.com\/product\/yoast-seo-wordpress\/ -->\n<title>Prazo para produtor vacinar rebanho contra febre aftosa termina na pr\u00f3xima quinta-feira, dia 30 - Regi\u00e3o News<\/title>\n<meta name=\"robots\" content=\"index, follow, max-snippet:-1, max-image-preview:large, max-video-preview:-1\" \/>\n<link rel=\"canonical\" href=\"https:\/\/regiaonews.net.br\/2022\/2023\/11\/27\/prazo-para-produtor-vacinar-rebanho-contra-febre-aftosa-termina-na-proxima-quinta-feira-dia-30\/\" \/>\n<meta property=\"og:locale\" content=\"pt_BR\" \/>\n<meta property=\"og:type\" content=\"article\" \/>\n<meta property=\"og:title\" content=\"Prazo para produtor vacinar rebanho contra febre aftosa termina na pr\u00f3xima quinta-feira, dia 30 - Regi\u00e3o News\" \/>\n<meta property=\"og:description\" content=\"&nbsp; Todos os bovinos e bubalinos de at\u00e9 24 meses\" \/>\n<meta property=\"og:url\" content=\"https:\/\/regiaonews.net.br\/2022\/2023\/11\/27\/prazo-para-produtor-vacinar-rebanho-contra-febre-aftosa-termina-na-proxima-quinta-feira-dia-30\/\" \/>\n<meta property=\"og:site_name\" content=\"Regi\u00e3o News\" \/>\n<meta property=\"article:published_time\" content=\"2023-11-27T22:07:26+00:00\" \/>\n<meta property=\"og:image\" content=\"https:\/\/regiaonews.net.br\/2022\/wp-content\/uploads\/2023\/11\/ec8956637a99787bd197eacd77acce5e-1.jpeg\" \/>\n\t<meta property=\"og:image:width\" content=\"1080\" \/>\n\t<meta property=\"og:image:height\" content=\"1350\" \/>\n\t<meta property=\"og:image:type\" content=\"image\/jpeg\" \/>\n<meta name=\"author\" content=\"Roberto\" \/>\n<meta name=\"twitter:card\" content=\"summary_large_image\" \/>\n<meta name=\"twitter:label1\" content=\"Escrito por\" \/>\n\t<meta name=\"twitter:data1\" content=\"Roberto\" \/>\n\t<meta name=\"twitter:label2\" content=\"Est. tempo de leitura\" \/>\n\t<meta name=\"twitter:data2\" content=\"4 minutos\" \/>\n<script type=\"application\/ld+json\" class=\"yoast-schema-graph\">{\"@context\":\"https:\\\/\\\/schema.org\",\"@graph\":[{\"@type\":\"Article\",\"@id\":\"https:\\\/\\\/regiaonews.net.br\\\/2022\\\/2023\\\/11\\\/27\\\/prazo-para-produtor-vacinar-rebanho-contra-febre-aftosa-termina-na-proxima-quinta-feira-dia-30\\\/#article\",\"isPartOf\":{\"@id\":\"https:\\\/\\\/regiaonews.net.br\\\/2022\\\/2023\\\/11\\\/27\\\/prazo-para-produtor-vacinar-rebanho-contra-febre-aftosa-termina-na-proxima-quinta-feira-dia-30\\\/\"},\"author\":{\"name\":\"Roberto\",\"@id\":\"https:\\\/\\\/regiaonews.net.br\\\/2022\\\/#\\\/schema\\\/person\\\/2d205a608a5aa97ac279d7a5e6d89ad8\"},\"headline\":\"Prazo para produtor vacinar rebanho contra febre aftosa termina na pr\u00f3xima quinta-feira, dia 30\",\"datePublished\":\"2023-11-27T22:07:26+00:00\",\"mainEntityOfPage\":{\"@id\":\"https:\\\/\\\/regiaonews.net.br\\\/2022\\\/2023\\\/11\\\/27\\\/prazo-para-produtor-vacinar-rebanho-contra-febre-aftosa-termina-na-proxima-quinta-feira-dia-30\\\/\"},\"wordCount\":657,\"commentCount\":0,\"publisher\":{\"@id\":\"https:\\\/\\\/regiaonews.net.br\\\/2022\\\/#organization\"},\"image\":{\"@id\":\"https:\\\/\\\/regiaonews.net.br\\\/2022\\\/2023\\\/11\\\/27\\\/prazo-para-produtor-vacinar-rebanho-contra-febre-aftosa-termina-na-proxima-quinta-feira-dia-30\\\/#primaryimage\"},\"thumbnailUrl\":\"https:\\\/\\\/regiaonews.net.br\\\/2022\\\/wp-content\\\/uploads\\\/2023\\\/11\\\/ec8956637a99787bd197eacd77acce5e-1.jpeg\",\"articleSection\":[\"Barretos\",\"Cidades\"],\"inLanguage\":\"pt-BR\",\"potentialAction\":[{\"@type\":\"CommentAction\",\"name\":\"Comment\",\"target\":[\"https:\\\/\\\/regiaonews.net.br\\\/2022\\\/2023\\\/11\\\/27\\\/prazo-para-produtor-vacinar-rebanho-contra-febre-aftosa-termina-na-proxima-quinta-feira-dia-30\\\/#respond\"]}]},{\"@type\":\"WebPage\",\"@id\":\"https:\\\/\\\/regiaonews.net.br\\\/2022\\\/2023\\\/11\\\/27\\\/prazo-para-produtor-vacinar-rebanho-contra-febre-aftosa-termina-na-proxima-quinta-feira-dia-30\\\/\",\"url\":\"https:\\\/\\\/regiaonews.net.br\\\/2022\\\/2023\\\/11\\\/27\\\/prazo-para-produtor-vacinar-rebanho-contra-febre-aftosa-termina-na-proxima-quinta-feira-dia-30\\\/\",\"name\":\"Prazo para produtor vacinar rebanho contra febre aftosa termina na pr\u00f3xima quinta-feira, dia 30 - Regi\u00e3o News\",\"isPartOf\":{\"@id\":\"https:\\\/\\\/regiaonews.net.br\\\/2022\\\/#website\"},\"primaryImageOfPage\":{\"@id\":\"https:\\\/\\\/regiaonews.net.br\\\/2022\\\/2023\\\/11\\\/27\\\/prazo-para-produtor-vacinar-rebanho-contra-febre-aftosa-termina-na-proxima-quinta-feira-dia-30\\\/#primaryimage\"},\"image\":{\"@id\":\"https:\\\/\\\/regiaonews.net.br\\\/2022\\\/2023\\\/11\\\/27\\\/prazo-para-produtor-vacinar-rebanho-contra-febre-aftosa-termina-na-proxima-quinta-feira-dia-30\\\/#primaryimage\"},\"thumbnailUrl\":\"https:\\\/\\\/regiaonews.net.br\\\/2022\\\/wp-content\\\/uploads\\\/2023\\\/11\\\/ec8956637a99787bd197eacd77acce5e-1.jpeg\",\"datePublished\":\"2023-11-27T22:07:26+00:00\",\"breadcrumb\":{\"@id\":\"https:\\\/\\\/regiaonews.net.br\\\/2022\\\/2023\\\/11\\\/27\\\/prazo-para-produtor-vacinar-rebanho-contra-febre-aftosa-termina-na-proxima-quinta-feira-dia-30\\\/#breadcrumb\"},\"inLanguage\":\"pt-BR\",\"potentialAction\":[{\"@type\":\"ReadAction\",\"target\":[\"https:\\\/\\\/regiaonews.net.br\\\/2022\\\/2023\\\/11\\\/27\\\/prazo-para-produtor-vacinar-rebanho-contra-febre-aftosa-termina-na-proxima-quinta-feira-dia-30\\\/\"]}]},{\"@type\":\"ImageObject\",\"inLanguage\":\"pt-BR\",\"@id\":\"https:\\\/\\\/regiaonews.net.br\\\/2022\\\/2023\\\/11\\\/27\\\/prazo-para-produtor-vacinar-rebanho-contra-febre-aftosa-termina-na-proxima-quinta-feira-dia-30\\\/#primaryimage\",\"url\":\"https:\\\/\\\/regiaonews.net.br\\\/2022\\\/wp-content\\\/uploads\\\/2023\\\/11\\\/ec8956637a99787bd197eacd77acce5e-1.jpeg\",\"contentUrl\":\"https:\\\/\\\/regiaonews.net.br\\\/2022\\\/wp-content\\\/uploads\\\/2023\\\/11\\\/ec8956637a99787bd197eacd77acce5e-1.jpeg\",\"width\":1080,\"height\":1350},{\"@type\":\"BreadcrumbList\",\"@id\":\"https:\\\/\\\/regiaonews.net.br\\\/2022\\\/2023\\\/11\\\/27\\\/prazo-para-produtor-vacinar-rebanho-contra-febre-aftosa-termina-na-proxima-quinta-feira-dia-30\\\/#breadcrumb\",\"itemListElement\":[{\"@type\":\"ListItem\",\"position\":1,\"name\":\"In\u00edcio\",\"item\":\"https:\\\/\\\/regiaonews.net.br\\\/2022\\\/\"},{\"@type\":\"ListItem\",\"position\":2,\"name\":\"Prazo para produtor vacinar rebanho contra febre aftosa termina na pr\u00f3xima quinta-feira, dia 30\"}]},{\"@type\":\"WebSite\",\"@id\":\"https:\\\/\\\/regiaonews.net.br\\\/2022\\\/#website\",\"url\":\"https:\\\/\\\/regiaonews.net.br\\\/2022\\\/\",\"name\":\"Regi\u00e3o News\",\"description\":\"Site de Not\u00edcias de Barretos e regi\u00e3o\",\"publisher\":{\"@id\":\"https:\\\/\\\/regiaonews.net.br\\\/2022\\\/#organization\"},\"potentialAction\":[{\"@type\":\"SearchAction\",\"target\":{\"@type\":\"EntryPoint\",\"urlTemplate\":\"https:\\\/\\\/regiaonews.net.br\\\/2022\\\/?s={search_term_string}\"},\"query-input\":{\"@type\":\"PropertyValueSpecification\",\"valueRequired\":true,\"valueName\":\"search_term_string\"}}],\"inLanguage\":\"pt-BR\"},{\"@type\":\"Organization\",\"@id\":\"https:\\\/\\\/regiaonews.net.br\\\/2022\\\/#organization\",\"name\":\"Regi\u00e3o News\",\"url\":\"https:\\\/\\\/regiaonews.net.br\\\/2022\\\/\",\"logo\":{\"@type\":\"ImageObject\",\"inLanguage\":\"pt-BR\",\"@id\":\"https:\\\/\\\/regiaonews.net.br\\\/2022\\\/#\\\/schema\\\/logo\\\/image\\\/\",\"url\":\"https:\\\/\\\/regiaonews.net.br\\\/2022\\\/wp-content\\\/uploads\\\/2026\\\/03\\\/regiao-13-anos-scaled.jpg\",\"contentUrl\":\"https:\\\/\\\/regiaonews.net.br\\\/2022\\\/wp-content\\\/uploads\\\/2026\\\/03\\\/regiao-13-anos-scaled.jpg\",\"width\":2560,\"height\":635,\"caption\":\"Regi\u00e3o News\"},\"image\":{\"@id\":\"https:\\\/\\\/regiaonews.net.br\\\/2022\\\/#\\\/schema\\\/logo\\\/image\\\/\"}},{\"@type\":\"Person\",\"@id\":\"https:\\\/\\\/regiaonews.net.br\\\/2022\\\/#\\\/schema\\\/person\\\/2d205a608a5aa97ac279d7a5e6d89ad8\",\"name\":\"Roberto\",\"image\":{\"@type\":\"ImageObject\",\"inLanguage\":\"pt-BR\",\"@id\":\"https:\\\/\\\/secure.gravatar.com\\\/avatar\\\/42749d8b712ff9d59ca93dc150494e5b55a44134482993f5baeb97e61b7ecc89?s=96&d=mm&r=g\",\"url\":\"https:\\\/\\\/secure.gravatar.com\\\/avatar\\\/42749d8b712ff9d59ca93dc150494e5b55a44134482993f5baeb97e61b7ecc89?s=96&d=mm&r=g\",\"contentUrl\":\"https:\\\/\\\/secure.gravatar.com\\\/avatar\\\/42749d8b712ff9d59ca93dc150494e5b55a44134482993f5baeb97e61b7ecc89?s=96&d=mm&r=g\",\"caption\":\"Roberto\"},\"url\":\"https:\\\/\\\/regiaonews.net.br\\\/2022\\\/author\\\/roberto\\\/\"}]}<\/script>\n<!-- \/ Yoast SEO plugin. -->","yoast_head_json":{"title":"Prazo para produtor vacinar rebanho contra febre aftosa termina na pr\u00f3xima quinta-feira, dia 30 - Regi\u00e3o News","robots":{"index":"index","follow":"follow","max-snippet":"max-snippet:-1","max-image-preview":"max-image-preview:large","max-video-preview":"max-video-preview:-1"},"canonical":"https:\/\/regiaonews.net.br\/2022\/2023\/11\/27\/prazo-para-produtor-vacinar-rebanho-contra-febre-aftosa-termina-na-proxima-quinta-feira-dia-30\/","og_locale":"pt_BR","og_type":"article","og_title":"Prazo para produtor vacinar rebanho contra febre aftosa termina na pr\u00f3xima quinta-feira, dia 30 - Regi\u00e3o News","og_description":"&nbsp; Todos os bovinos e bubalinos de at\u00e9 24 meses","og_url":"https:\/\/regiaonews.net.br\/2022\/2023\/11\/27\/prazo-para-produtor-vacinar-rebanho-contra-febre-aftosa-termina-na-proxima-quinta-feira-dia-30\/","og_site_name":"Regi\u00e3o News","article_published_time":"2023-11-27T22:07:26+00:00","og_image":[{"width":1080,"height":1350,"url":"https:\/\/regiaonews.net.br\/2022\/wp-content\/uploads\/2023\/11\/ec8956637a99787bd197eacd77acce5e-1.jpeg","type":"image\/jpeg"}],"author":"Roberto","twitter_card":"summary_large_image","twitter_misc":{"Escrito por":"Roberto","Est. tempo de leitura":"4 minutos"},"schema":{"@context":"https:\/\/schema.org","@graph":[{"@type":"Article","@id":"https:\/\/regiaonews.net.br\/2022\/2023\/11\/27\/prazo-para-produtor-vacinar-rebanho-contra-febre-aftosa-termina-na-proxima-quinta-feira-dia-30\/#article","isPartOf":{"@id":"https:\/\/regiaonews.net.br\/2022\/2023\/11\/27\/prazo-para-produtor-vacinar-rebanho-contra-febre-aftosa-termina-na-proxima-quinta-feira-dia-30\/"},"author":{"name":"Roberto","@id":"https:\/\/regiaonews.net.br\/2022\/#\/schema\/person\/2d205a608a5aa97ac279d7a5e6d89ad8"},"headline":"Prazo para produtor vacinar rebanho contra febre aftosa termina na pr\u00f3xima quinta-feira, dia 30","datePublished":"2023-11-27T22:07:26+00:00","mainEntityOfPage":{"@id":"https:\/\/regiaonews.net.br\/2022\/2023\/11\/27\/prazo-para-produtor-vacinar-rebanho-contra-febre-aftosa-termina-na-proxima-quinta-feira-dia-30\/"},"wordCount":657,"commentCount":0,"publisher":{"@id":"https:\/\/regiaonews.net.br\/2022\/#organization"},"image":{"@id":"https:\/\/regiaonews.net.br\/2022\/2023\/11\/27\/prazo-para-produtor-vacinar-rebanho-contra-febre-aftosa-termina-na-proxima-quinta-feira-dia-30\/#primaryimage"},"thumbnailUrl":"https:\/\/regiaonews.net.br\/2022\/wp-content\/uploads\/2023\/11\/ec8956637a99787bd197eacd77acce5e-1.jpeg","articleSection":["Barretos","Cidades"],"inLanguage":"pt-BR","potentialAction":[{"@type":"CommentAction","name":"Comment","target":["https:\/\/regiaonews.net.br\/2022\/2023\/11\/27\/prazo-para-produtor-vacinar-rebanho-contra-febre-aftosa-termina-na-proxima-quinta-feira-dia-30\/#respond"]}]},{"@type":"WebPage","@id":"https:\/\/regiaonews.net.br\/2022\/2023\/11\/27\/prazo-para-produtor-vacinar-rebanho-contra-febre-aftosa-termina-na-proxima-quinta-feira-dia-30\/","url":"https:\/\/regiaonews.net.br\/2022\/2023\/11\/27\/prazo-para-produtor-vacinar-rebanho-contra-febre-aftosa-termina-na-proxima-quinta-feira-dia-30\/","name":"Prazo para produtor vacinar rebanho contra febre aftosa termina na pr\u00f3xima quinta-feira, dia 30 - Regi\u00e3o News","isPartOf":{"@id":"https:\/\/regiaonews.net.br\/2022\/#website"},"primaryImageOfPage":{"@id":"https:\/\/regiaonews.net.br\/2022\/2023\/11\/27\/prazo-para-produtor-vacinar-rebanho-contra-febre-aftosa-termina-na-proxima-quinta-feira-dia-30\/#primaryimage"},"image":{"@id":"https:\/\/regiaonews.net.br\/2022\/2023\/11\/27\/prazo-para-produtor-vacinar-rebanho-contra-febre-aftosa-termina-na-proxima-quinta-feira-dia-30\/#primaryimage"},"thumbnailUrl":"https:\/\/regiaonews.net.br\/2022\/wp-content\/uploads\/2023\/11\/ec8956637a99787bd197eacd77acce5e-1.jpeg","datePublished":"2023-11-27T22:07:26+00:00","breadcrumb":{"@id":"https:\/\/regiaonews.net.br\/2022\/2023\/11\/27\/prazo-para-produtor-vacinar-rebanho-contra-febre-aftosa-termina-na-proxima-quinta-feira-dia-30\/#breadcrumb"},"inLanguage":"pt-BR","potentialAction":[{"@type":"ReadAction","target":["https:\/\/regiaonews.net.br\/2022\/2023\/11\/27\/prazo-para-produtor-vacinar-rebanho-contra-febre-aftosa-termina-na-proxima-quinta-feira-dia-30\/"]}]},{"@type":"ImageObject","inLanguage":"pt-BR","@id":"https:\/\/regiaonews.net.br\/2022\/2023\/11\/27\/prazo-para-produtor-vacinar-rebanho-contra-febre-aftosa-termina-na-proxima-quinta-feira-dia-30\/#primaryimage","url":"https:\/\/regiaonews.net.br\/2022\/wp-content\/uploads\/2023\/11\/ec8956637a99787bd197eacd77acce5e-1.jpeg","contentUrl":"https:\/\/regiaonews.net.br\/2022\/wp-content\/uploads\/2023\/11\/ec8956637a99787bd197eacd77acce5e-1.jpeg","width":1080,"height":1350},{"@type":"BreadcrumbList","@id":"https:\/\/regiaonews.net.br\/2022\/2023\/11\/27\/prazo-para-produtor-vacinar-rebanho-contra-febre-aftosa-termina-na-proxima-quinta-feira-dia-30\/#breadcrumb","itemListElement":[{"@type":"ListItem","position":1,"name":"In\u00edcio","item":"https:\/\/regiaonews.net.br\/2022\/"},{"@type":"ListItem","position":2,"name":"Prazo para produtor vacinar rebanho contra febre aftosa termina na pr\u00f3xima quinta-feira, dia 30"}]},{"@type":"WebSite","@id":"https:\/\/regiaonews.net.br\/2022\/#website","url":"https:\/\/regiaonews.net.br\/2022\/","name":"Regi\u00e3o News","description":"Site de Not\u00edcias de Barretos e regi\u00e3o","publisher":{"@id":"https:\/\/regiaonews.net.br\/2022\/#organization"},"potentialAction":[{"@type":"SearchAction","target":{"@type":"EntryPoint","urlTemplate":"https:\/\/regiaonews.net.br\/2022\/?s={search_term_string}"},"query-input":{"@type":"PropertyValueSpecification","valueRequired":true,"valueName":"search_term_string"}}],"inLanguage":"pt-BR"},{"@type":"Organization","@id":"https:\/\/regiaonews.net.br\/2022\/#organization","name":"Regi\u00e3o News","url":"https:\/\/regiaonews.net.br\/2022\/","logo":{"@type":"ImageObject","inLanguage":"pt-BR","@id":"https:\/\/regiaonews.net.br\/2022\/#\/schema\/logo\/image\/","url":"https:\/\/regiaonews.net.br\/2022\/wp-content\/uploads\/2026\/03\/regiao-13-anos-scaled.jpg","contentUrl":"https:\/\/regiaonews.net.br\/2022\/wp-content\/uploads\/2026\/03\/regiao-13-anos-scaled.jpg","width":2560,"height":635,"caption":"Regi\u00e3o News"},"image":{"@id":"https:\/\/regiaonews.net.br\/2022\/#\/schema\/logo\/image\/"}},{"@type":"Person","@id":"https:\/\/regiaonews.net.br\/2022\/#\/schema\/person\/2d205a608a5aa97ac279d7a5e6d89ad8","name":"Roberto","image":{"@type":"ImageObject","inLanguage":"pt-BR","@id":"https:\/\/secure.gravatar.com\/avatar\/42749d8b712ff9d59ca93dc150494e5b55a44134482993f5baeb97e61b7ecc89?s=96&d=mm&r=g","url":"https:\/\/secure.gravatar.com\/avatar\/42749d8b712ff9d59ca93dc150494e5b55a44134482993f5baeb97e61b7ecc89?s=96&d=mm&r=g","contentUrl":"https:\/\/secure.gravatar.com\/avatar\/42749d8b712ff9d59ca93dc150494e5b55a44134482993f5baeb97e61b7ecc89?s=96&d=mm&r=g","caption":"Roberto"},"url":"https:\/\/regiaonews.net.br\/2022\/author\/roberto\/"}]}},"publishpress_future_action":{"enabled":false,"date":"2026-05-04 11:36:47","action":"change-status","newStatus":"draft","terms":[],"taxonomy":"category","extraData":[]},"publishpress_future_workflow_manual_trigger":{"enabledWorkflows":[]},"_links":{"self":[{"href":"https:\/\/regiaonews.net.br\/2022\/wp-json\/wp\/v2\/posts\/98286","targetHints":{"allow":["GET"]}}],"collection":[{"href":"https:\/\/regiaonews.net.br\/2022\/wp-json\/wp\/v2\/posts"}],"about":[{"href":"https:\/\/regiaonews.net.br\/2022\/wp-json\/wp\/v2\/types\/post"}],"author":[{"embeddable":true,"href":"https:\/\/regiaonews.net.br\/2022\/wp-json\/wp\/v2\/users\/2"}],"replies":[{"embeddable":true,"href":"https:\/\/regiaonews.net.br\/2022\/wp-json\/wp\/v2\/comments?post=98286"}],"version-history":[{"count":1,"href":"https:\/\/regiaonews.net.br\/2022\/wp-json\/wp\/v2\/posts\/98286\/revisions"}],"predecessor-version":[{"id":98288,"href":"https:\/\/regiaonews.net.br\/2022\/wp-json\/wp\/v2\/posts\/98286\/revisions\/98288"}],"wp:featuredmedia":[{"embeddable":true,"href":"https:\/\/regiaonews.net.br\/2022\/wp-json\/wp\/v2\/media\/98287"}],"wp:attachment":[{"href":"https:\/\/regiaonews.net.br\/2022\/wp-json\/wp\/v2\/media?parent=98286"}],"wp:term":[{"taxonomy":"category","embeddable":true,"href":"https:\/\/regiaonews.net.br\/2022\/wp-json\/wp\/v2\/categories?post=98286"},{"taxonomy":"post_tag","embeddable":true,"href":"https:\/\/regiaonews.net.br\/2022\/wp-json\/wp\/v2\/tags?post=98286"}],"curies":[{"name":"wp","href":"https:\/\/api.w.org\/{rel}","templated":true}]}}