{"id":98283,"date":"2023-11-27T19:05:12","date_gmt":"2023-11-27T22:05:12","guid":{"rendered":"https:\/\/regiaonews.net.br\/2022\/?p=98283"},"modified":"2023-11-27T19:05:12","modified_gmt":"2023-11-27T22:05:12","slug":"21o-festival-cemart-mostra-sua-arte-apresenta-espetaculo-teatral-o-livro-das-lendas","status":"publish","type":"post","link":"https:\/\/regiaonews.net.br\/2022\/2023\/11\/27\/21o-festival-cemart-mostra-sua-arte-apresenta-espetaculo-teatral-o-livro-das-lendas\/","title":{"rendered":"21\u00ba Festival \u201cCEMART MOSTRA SUA ARTE\u201d apresenta espet\u00e1culo teatral \u201cO Livro das Lendas\u201d"},"content":{"rendered":"<div><\/div>\n<div><\/div>\n<div><i>N\u00facleo de Teatro conduzido pela professora Wanderly Borges conclui atividades com um espet\u00e1culo de preserva\u00e7\u00e3o do imagin\u00e1rio e das lendas brasileiras<\/i><\/div>\n<div><\/div>\n<div>O n\u00facleo de teatro do Centro Municipal de Artes \u201cBezerra de Menezes\u201d \u2013 CEMART, com a turma conduzida pela professora Wanderly Borges apresenta o espet\u00e1culo de final de ano \u201cO Livro das Lendas\u201d, marcado para ter\u00e7a-feira, dia 28, a partir das 20h no Centro Cultural \u201cOs\u00f3rio Falleiros da Rocha\u201d \u2013 Teatro Cine Barretos. A apresenta\u00e7\u00e3o integra as atividades do 21\u00ba Festival \u201cCEMART Mostra Sua Arte\u201d, tem entrada gratuita e, para quem puder doar, arrecada\u00e7\u00e3o solid\u00e1ria de 1 kg de alimento n\u00e3o perec\u00edvel.<\/div>\n<div>A apresenta\u00e7\u00e3o \u00e9 uma realiza\u00e7\u00e3o da Prefeitura da Est\u00e2ncia Tur\u00edstica de Barretos, por meio da Secretaria Municipal de Cultura, e celebra a conclus\u00e3o de mais um ano de atividades das aulas de teatro realizadas no CEMART. \u201cO espet\u00e1culo de fim de ano \u00e9 um momento muito esperado por pais, professores e alunos. A abertura a toda a popula\u00e7\u00e3o \u00e9 um presente do CEMART para Barretos\u201d, explica o secret\u00e1rio municipal de Cultura, Rog\u00e9rio Teod\u00f3sio.<\/div>\n<div><\/div>\n<div><b>Sinopse:<\/b><\/div>\n<div>Em uma noite de sexta-feira 13, duas amigas se envolvem em uma grande aventura para salvar o Folclore. A cada nova descoberta elas percebem o qu\u00e3o essencial para o imagin\u00e1rio \u00e9 a preserva\u00e7\u00e3o de cada lenda.<\/div>\n<div>Um mundo de Encanto e Magia.<\/div>\n<div><\/div>\n<div><b>Ficha t\u00e9cnica:<\/b><\/div>\n<div>Texto: Silas Fernando<\/div>\n<div>Dire\u00e7\u00e3o: Wanderly Borges<\/div>\n<div>Ilumina\u00e7\u00e3o: Ren e Silas Fernando<\/div>\n<div>Som: Beatriz Kenya<\/div>\n<div>Cenografia: Jos\u00e9 Carlos de Jesus Neto<\/div>\n<div>Vladmir Corr\u00eaa<\/div>\n<div><\/div>\n<div><b>ELENCO:<\/b><\/div>\n<div>Ana J\u00falia Truculo<\/div>\n<div>Joanna Beatriz Souza Santos<\/div>\n<div>Leonardo Augusto Miranda da Silva<\/div>\n<div>Marcus Roberto da Silva<\/div>\n<div>Maria Vit\u00f3ria de Oliveira Ribeiro<\/div>\n<div>Maria Eduarda Pontes Barbosa<\/div>\n<div>Miguel Monteiro Sartorelli de Oliveira<\/div>\n<div>Thain\u00e1 Ferreira<\/div>\n","protected":false},"excerpt":{"rendered":"<p>N\u00facleo de Teatro conduzido pela professora Wanderly Borges conclui atividades<\/p>\n","protected":false},"author":2,"featured_media":98284,"comment_status":"open","ping_status":"open","sticky":false,"template":"","format":"standard","meta":{"footnotes":""},"categories":[14,25],"tags":[],"class_list":["post-98283","post","type-post","status-publish","format-standard","has-post-thumbnail","hentry","category-barretos","category-cidades"],"yoast_head":"<!-- This site is optimized with the Yoast SEO plugin v27.4 - https:\/\/yoast.com\/product\/yoast-seo-wordpress\/ -->\n<title>21\u00ba Festival \u201cCEMART MOSTRA SUA ARTE\u201d apresenta espet\u00e1culo teatral \u201cO Livro das Lendas\u201d - Regi\u00e3o News<\/title>\n<meta name=\"robots\" content=\"index, follow, max-snippet:-1, max-image-preview:large, max-video-preview:-1\" \/>\n<link rel=\"canonical\" href=\"https:\/\/regiaonews.net.br\/2022\/2023\/11\/27\/21o-festival-cemart-mostra-sua-arte-apresenta-espetaculo-teatral-o-livro-das-lendas\/\" \/>\n<meta property=\"og:locale\" content=\"pt_BR\" \/>\n<meta property=\"og:type\" content=\"article\" \/>\n<meta property=\"og:title\" content=\"21\u00ba Festival \u201cCEMART MOSTRA SUA ARTE\u201d apresenta espet\u00e1culo teatral \u201cO Livro das Lendas\u201d - Regi\u00e3o News\" \/>\n<meta property=\"og:description\" content=\"N\u00facleo de Teatro conduzido pela professora Wanderly Borges conclui atividades\" \/>\n<meta property=\"og:url\" content=\"https:\/\/regiaonews.net.br\/2022\/2023\/11\/27\/21o-festival-cemart-mostra-sua-arte-apresenta-espetaculo-teatral-o-livro-das-lendas\/\" \/>\n<meta property=\"og:site_name\" content=\"Regi\u00e3o News\" \/>\n<meta property=\"article:published_time\" content=\"2023-11-27T22:05:12+00:00\" \/>\n<meta property=\"og:image\" content=\"https:\/\/regiaonews.net.br\/2022\/wp-content\/uploads\/2023\/11\/ec8956637a99787bd197eacd77acce5e.jpeg\" \/>\n\t<meta property=\"og:image:width\" content=\"1080\" \/>\n\t<meta property=\"og:image:height\" content=\"1080\" \/>\n\t<meta property=\"og:image:type\" content=\"image\/jpeg\" \/>\n<meta name=\"author\" content=\"Roberto\" \/>\n<meta name=\"twitter:card\" content=\"summary_large_image\" \/>\n<meta name=\"twitter:label1\" content=\"Escrito por\" \/>\n\t<meta name=\"twitter:data1\" content=\"Roberto\" \/>\n\t<meta name=\"twitter:label2\" content=\"Est. tempo de leitura\" \/>\n\t<meta name=\"twitter:data2\" content=\"2 minutos\" \/>\n<script type=\"application\/ld+json\" class=\"yoast-schema-graph\">{\"@context\":\"https:\\\/\\\/schema.org\",\"@graph\":[{\"@type\":\"Article\",\"@id\":\"https:\\\/\\\/regiaonews.net.br\\\/2022\\\/2023\\\/11\\\/27\\\/21o-festival-cemart-mostra-sua-arte-apresenta-espetaculo-teatral-o-livro-das-lendas\\\/#article\",\"isPartOf\":{\"@id\":\"https:\\\/\\\/regiaonews.net.br\\\/2022\\\/2023\\\/11\\\/27\\\/21o-festival-cemart-mostra-sua-arte-apresenta-espetaculo-teatral-o-livro-das-lendas\\\/\"},\"author\":{\"name\":\"Roberto\",\"@id\":\"https:\\\/\\\/regiaonews.net.br\\\/2022\\\/#\\\/schema\\\/person\\\/2d205a608a5aa97ac279d7a5e6d89ad8\"},\"headline\":\"21\u00ba Festival \u201cCEMART MOSTRA SUA ARTE\u201d apresenta espet\u00e1culo teatral \u201cO Livro das Lendas\u201d\",\"datePublished\":\"2023-11-27T22:05:12+00:00\",\"mainEntityOfPage\":{\"@id\":\"https:\\\/\\\/regiaonews.net.br\\\/2022\\\/2023\\\/11\\\/27\\\/21o-festival-cemart-mostra-sua-arte-apresenta-espetaculo-teatral-o-livro-das-lendas\\\/\"},\"wordCount\":311,\"commentCount\":0,\"publisher\":{\"@id\":\"https:\\\/\\\/regiaonews.net.br\\\/2022\\\/#organization\"},\"image\":{\"@id\":\"https:\\\/\\\/regiaonews.net.br\\\/2022\\\/2023\\\/11\\\/27\\\/21o-festival-cemart-mostra-sua-arte-apresenta-espetaculo-teatral-o-livro-das-lendas\\\/#primaryimage\"},\"thumbnailUrl\":\"https:\\\/\\\/regiaonews.net.br\\\/2022\\\/wp-content\\\/uploads\\\/2023\\\/11\\\/ec8956637a99787bd197eacd77acce5e.jpeg\",\"articleSection\":[\"Barretos\",\"Cidades\"],\"inLanguage\":\"pt-BR\",\"potentialAction\":[{\"@type\":\"CommentAction\",\"name\":\"Comment\",\"target\":[\"https:\\\/\\\/regiaonews.net.br\\\/2022\\\/2023\\\/11\\\/27\\\/21o-festival-cemart-mostra-sua-arte-apresenta-espetaculo-teatral-o-livro-das-lendas\\\/#respond\"]}]},{\"@type\":\"WebPage\",\"@id\":\"https:\\\/\\\/regiaonews.net.br\\\/2022\\\/2023\\\/11\\\/27\\\/21o-festival-cemart-mostra-sua-arte-apresenta-espetaculo-teatral-o-livro-das-lendas\\\/\",\"url\":\"https:\\\/\\\/regiaonews.net.br\\\/2022\\\/2023\\\/11\\\/27\\\/21o-festival-cemart-mostra-sua-arte-apresenta-espetaculo-teatral-o-livro-das-lendas\\\/\",\"name\":\"21\u00ba Festival \u201cCEMART MOSTRA SUA ARTE\u201d apresenta espet\u00e1culo teatral \u201cO Livro das Lendas\u201d - Regi\u00e3o News\",\"isPartOf\":{\"@id\":\"https:\\\/\\\/regiaonews.net.br\\\/2022\\\/#website\"},\"primaryImageOfPage\":{\"@id\":\"https:\\\/\\\/regiaonews.net.br\\\/2022\\\/2023\\\/11\\\/27\\\/21o-festival-cemart-mostra-sua-arte-apresenta-espetaculo-teatral-o-livro-das-lendas\\\/#primaryimage\"},\"image\":{\"@id\":\"https:\\\/\\\/regiaonews.net.br\\\/2022\\\/2023\\\/11\\\/27\\\/21o-festival-cemart-mostra-sua-arte-apresenta-espetaculo-teatral-o-livro-das-lendas\\\/#primaryimage\"},\"thumbnailUrl\":\"https:\\\/\\\/regiaonews.net.br\\\/2022\\\/wp-content\\\/uploads\\\/2023\\\/11\\\/ec8956637a99787bd197eacd77acce5e.jpeg\",\"datePublished\":\"2023-11-27T22:05:12+00:00\",\"breadcrumb\":{\"@id\":\"https:\\\/\\\/regiaonews.net.br\\\/2022\\\/2023\\\/11\\\/27\\\/21o-festival-cemart-mostra-sua-arte-apresenta-espetaculo-teatral-o-livro-das-lendas\\\/#breadcrumb\"},\"inLanguage\":\"pt-BR\",\"potentialAction\":[{\"@type\":\"ReadAction\",\"target\":[\"https:\\\/\\\/regiaonews.net.br\\\/2022\\\/2023\\\/11\\\/27\\\/21o-festival-cemart-mostra-sua-arte-apresenta-espetaculo-teatral-o-livro-das-lendas\\\/\"]}]},{\"@type\":\"ImageObject\",\"inLanguage\":\"pt-BR\",\"@id\":\"https:\\\/\\\/regiaonews.net.br\\\/2022\\\/2023\\\/11\\\/27\\\/21o-festival-cemart-mostra-sua-arte-apresenta-espetaculo-teatral-o-livro-das-lendas\\\/#primaryimage\",\"url\":\"https:\\\/\\\/regiaonews.net.br\\\/2022\\\/wp-content\\\/uploads\\\/2023\\\/11\\\/ec8956637a99787bd197eacd77acce5e.jpeg\",\"contentUrl\":\"https:\\\/\\\/regiaonews.net.br\\\/2022\\\/wp-content\\\/uploads\\\/2023\\\/11\\\/ec8956637a99787bd197eacd77acce5e.jpeg\",\"width\":1080,\"height\":1080},{\"@type\":\"BreadcrumbList\",\"@id\":\"https:\\\/\\\/regiaonews.net.br\\\/2022\\\/2023\\\/11\\\/27\\\/21o-festival-cemart-mostra-sua-arte-apresenta-espetaculo-teatral-o-livro-das-lendas\\\/#breadcrumb\",\"itemListElement\":[{\"@type\":\"ListItem\",\"position\":1,\"name\":\"In\u00edcio\",\"item\":\"https:\\\/\\\/regiaonews.net.br\\\/2022\\\/\"},{\"@type\":\"ListItem\",\"position\":2,\"name\":\"21\u00ba Festival \u201cCEMART MOSTRA SUA ARTE\u201d apresenta espet\u00e1culo teatral \u201cO Livro das Lendas\u201d\"}]},{\"@type\":\"WebSite\",\"@id\":\"https:\\\/\\\/regiaonews.net.br\\\/2022\\\/#website\",\"url\":\"https:\\\/\\\/regiaonews.net.br\\\/2022\\\/\",\"name\":\"Regi\u00e3o News\",\"description\":\"Site de Not\u00edcias de Barretos e regi\u00e3o\",\"publisher\":{\"@id\":\"https:\\\/\\\/regiaonews.net.br\\\/2022\\\/#organization\"},\"potentialAction\":[{\"@type\":\"SearchAction\",\"target\":{\"@type\":\"EntryPoint\",\"urlTemplate\":\"https:\\\/\\\/regiaonews.net.br\\\/2022\\\/?s={search_term_string}\"},\"query-input\":{\"@type\":\"PropertyValueSpecification\",\"valueRequired\":true,\"valueName\":\"search_term_string\"}}],\"inLanguage\":\"pt-BR\"},{\"@type\":\"Organization\",\"@id\":\"https:\\\/\\\/regiaonews.net.br\\\/2022\\\/#organization\",\"name\":\"Regi\u00e3o News\",\"url\":\"https:\\\/\\\/regiaonews.net.br\\\/2022\\\/\",\"logo\":{\"@type\":\"ImageObject\",\"inLanguage\":\"pt-BR\",\"@id\":\"https:\\\/\\\/regiaonews.net.br\\\/2022\\\/#\\\/schema\\\/logo\\\/image\\\/\",\"url\":\"https:\\\/\\\/regiaonews.net.br\\\/2022\\\/wp-content\\\/uploads\\\/2026\\\/03\\\/regiao-13-anos-scaled.jpg\",\"contentUrl\":\"https:\\\/\\\/regiaonews.net.br\\\/2022\\\/wp-content\\\/uploads\\\/2026\\\/03\\\/regiao-13-anos-scaled.jpg\",\"width\":2560,\"height\":635,\"caption\":\"Regi\u00e3o News\"},\"image\":{\"@id\":\"https:\\\/\\\/regiaonews.net.br\\\/2022\\\/#\\\/schema\\\/logo\\\/image\\\/\"}},{\"@type\":\"Person\",\"@id\":\"https:\\\/\\\/regiaonews.net.br\\\/2022\\\/#\\\/schema\\\/person\\\/2d205a608a5aa97ac279d7a5e6d89ad8\",\"name\":\"Roberto\",\"image\":{\"@type\":\"ImageObject\",\"inLanguage\":\"pt-BR\",\"@id\":\"https:\\\/\\\/secure.gravatar.com\\\/avatar\\\/42749d8b712ff9d59ca93dc150494e5b55a44134482993f5baeb97e61b7ecc89?s=96&d=mm&r=g\",\"url\":\"https:\\\/\\\/secure.gravatar.com\\\/avatar\\\/42749d8b712ff9d59ca93dc150494e5b55a44134482993f5baeb97e61b7ecc89?s=96&d=mm&r=g\",\"contentUrl\":\"https:\\\/\\\/secure.gravatar.com\\\/avatar\\\/42749d8b712ff9d59ca93dc150494e5b55a44134482993f5baeb97e61b7ecc89?s=96&d=mm&r=g\",\"caption\":\"Roberto\"},\"url\":\"https:\\\/\\\/regiaonews.net.br\\\/2022\\\/author\\\/roberto\\\/\"}]}<\/script>\n<!-- \/ Yoast SEO plugin. -->","yoast_head_json":{"title":"21\u00ba Festival \u201cCEMART MOSTRA SUA ARTE\u201d apresenta espet\u00e1culo teatral \u201cO Livro das Lendas\u201d - Regi\u00e3o News","robots":{"index":"index","follow":"follow","max-snippet":"max-snippet:-1","max-image-preview":"max-image-preview:large","max-video-preview":"max-video-preview:-1"},"canonical":"https:\/\/regiaonews.net.br\/2022\/2023\/11\/27\/21o-festival-cemart-mostra-sua-arte-apresenta-espetaculo-teatral-o-livro-das-lendas\/","og_locale":"pt_BR","og_type":"article","og_title":"21\u00ba Festival \u201cCEMART MOSTRA SUA ARTE\u201d apresenta espet\u00e1culo teatral \u201cO Livro das Lendas\u201d - Regi\u00e3o News","og_description":"N\u00facleo de Teatro conduzido pela professora Wanderly Borges conclui atividades","og_url":"https:\/\/regiaonews.net.br\/2022\/2023\/11\/27\/21o-festival-cemart-mostra-sua-arte-apresenta-espetaculo-teatral-o-livro-das-lendas\/","og_site_name":"Regi\u00e3o News","article_published_time":"2023-11-27T22:05:12+00:00","og_image":[{"width":1080,"height":1080,"url":"https:\/\/regiaonews.net.br\/2022\/wp-content\/uploads\/2023\/11\/ec8956637a99787bd197eacd77acce5e.jpeg","type":"image\/jpeg"}],"author":"Roberto","twitter_card":"summary_large_image","twitter_misc":{"Escrito por":"Roberto","Est. tempo de leitura":"2 minutos"},"schema":{"@context":"https:\/\/schema.org","@graph":[{"@type":"Article","@id":"https:\/\/regiaonews.net.br\/2022\/2023\/11\/27\/21o-festival-cemart-mostra-sua-arte-apresenta-espetaculo-teatral-o-livro-das-lendas\/#article","isPartOf":{"@id":"https:\/\/regiaonews.net.br\/2022\/2023\/11\/27\/21o-festival-cemart-mostra-sua-arte-apresenta-espetaculo-teatral-o-livro-das-lendas\/"},"author":{"name":"Roberto","@id":"https:\/\/regiaonews.net.br\/2022\/#\/schema\/person\/2d205a608a5aa97ac279d7a5e6d89ad8"},"headline":"21\u00ba Festival \u201cCEMART MOSTRA SUA ARTE\u201d apresenta espet\u00e1culo teatral \u201cO Livro das Lendas\u201d","datePublished":"2023-11-27T22:05:12+00:00","mainEntityOfPage":{"@id":"https:\/\/regiaonews.net.br\/2022\/2023\/11\/27\/21o-festival-cemart-mostra-sua-arte-apresenta-espetaculo-teatral-o-livro-das-lendas\/"},"wordCount":311,"commentCount":0,"publisher":{"@id":"https:\/\/regiaonews.net.br\/2022\/#organization"},"image":{"@id":"https:\/\/regiaonews.net.br\/2022\/2023\/11\/27\/21o-festival-cemart-mostra-sua-arte-apresenta-espetaculo-teatral-o-livro-das-lendas\/#primaryimage"},"thumbnailUrl":"https:\/\/regiaonews.net.br\/2022\/wp-content\/uploads\/2023\/11\/ec8956637a99787bd197eacd77acce5e.jpeg","articleSection":["Barretos","Cidades"],"inLanguage":"pt-BR","potentialAction":[{"@type":"CommentAction","name":"Comment","target":["https:\/\/regiaonews.net.br\/2022\/2023\/11\/27\/21o-festival-cemart-mostra-sua-arte-apresenta-espetaculo-teatral-o-livro-das-lendas\/#respond"]}]},{"@type":"WebPage","@id":"https:\/\/regiaonews.net.br\/2022\/2023\/11\/27\/21o-festival-cemart-mostra-sua-arte-apresenta-espetaculo-teatral-o-livro-das-lendas\/","url":"https:\/\/regiaonews.net.br\/2022\/2023\/11\/27\/21o-festival-cemart-mostra-sua-arte-apresenta-espetaculo-teatral-o-livro-das-lendas\/","name":"21\u00ba Festival \u201cCEMART MOSTRA SUA ARTE\u201d apresenta espet\u00e1culo teatral \u201cO Livro das Lendas\u201d - Regi\u00e3o News","isPartOf":{"@id":"https:\/\/regiaonews.net.br\/2022\/#website"},"primaryImageOfPage":{"@id":"https:\/\/regiaonews.net.br\/2022\/2023\/11\/27\/21o-festival-cemart-mostra-sua-arte-apresenta-espetaculo-teatral-o-livro-das-lendas\/#primaryimage"},"image":{"@id":"https:\/\/regiaonews.net.br\/2022\/2023\/11\/27\/21o-festival-cemart-mostra-sua-arte-apresenta-espetaculo-teatral-o-livro-das-lendas\/#primaryimage"},"thumbnailUrl":"https:\/\/regiaonews.net.br\/2022\/wp-content\/uploads\/2023\/11\/ec8956637a99787bd197eacd77acce5e.jpeg","datePublished":"2023-11-27T22:05:12+00:00","breadcrumb":{"@id":"https:\/\/regiaonews.net.br\/2022\/2023\/11\/27\/21o-festival-cemart-mostra-sua-arte-apresenta-espetaculo-teatral-o-livro-das-lendas\/#breadcrumb"},"inLanguage":"pt-BR","potentialAction":[{"@type":"ReadAction","target":["https:\/\/regiaonews.net.br\/2022\/2023\/11\/27\/21o-festival-cemart-mostra-sua-arte-apresenta-espetaculo-teatral-o-livro-das-lendas\/"]}]},{"@type":"ImageObject","inLanguage":"pt-BR","@id":"https:\/\/regiaonews.net.br\/2022\/2023\/11\/27\/21o-festival-cemart-mostra-sua-arte-apresenta-espetaculo-teatral-o-livro-das-lendas\/#primaryimage","url":"https:\/\/regiaonews.net.br\/2022\/wp-content\/uploads\/2023\/11\/ec8956637a99787bd197eacd77acce5e.jpeg","contentUrl":"https:\/\/regiaonews.net.br\/2022\/wp-content\/uploads\/2023\/11\/ec8956637a99787bd197eacd77acce5e.jpeg","width":1080,"height":1080},{"@type":"BreadcrumbList","@id":"https:\/\/regiaonews.net.br\/2022\/2023\/11\/27\/21o-festival-cemart-mostra-sua-arte-apresenta-espetaculo-teatral-o-livro-das-lendas\/#breadcrumb","itemListElement":[{"@type":"ListItem","position":1,"name":"In\u00edcio","item":"https:\/\/regiaonews.net.br\/2022\/"},{"@type":"ListItem","position":2,"name":"21\u00ba Festival \u201cCEMART MOSTRA SUA ARTE\u201d apresenta espet\u00e1culo teatral \u201cO Livro das Lendas\u201d"}]},{"@type":"WebSite","@id":"https:\/\/regiaonews.net.br\/2022\/#website","url":"https:\/\/regiaonews.net.br\/2022\/","name":"Regi\u00e3o News","description":"Site de Not\u00edcias de Barretos e regi\u00e3o","publisher":{"@id":"https:\/\/regiaonews.net.br\/2022\/#organization"},"potentialAction":[{"@type":"SearchAction","target":{"@type":"EntryPoint","urlTemplate":"https:\/\/regiaonews.net.br\/2022\/?s={search_term_string}"},"query-input":{"@type":"PropertyValueSpecification","valueRequired":true,"valueName":"search_term_string"}}],"inLanguage":"pt-BR"},{"@type":"Organization","@id":"https:\/\/regiaonews.net.br\/2022\/#organization","name":"Regi\u00e3o News","url":"https:\/\/regiaonews.net.br\/2022\/","logo":{"@type":"ImageObject","inLanguage":"pt-BR","@id":"https:\/\/regiaonews.net.br\/2022\/#\/schema\/logo\/image\/","url":"https:\/\/regiaonews.net.br\/2022\/wp-content\/uploads\/2026\/03\/regiao-13-anos-scaled.jpg","contentUrl":"https:\/\/regiaonews.net.br\/2022\/wp-content\/uploads\/2026\/03\/regiao-13-anos-scaled.jpg","width":2560,"height":635,"caption":"Regi\u00e3o News"},"image":{"@id":"https:\/\/regiaonews.net.br\/2022\/#\/schema\/logo\/image\/"}},{"@type":"Person","@id":"https:\/\/regiaonews.net.br\/2022\/#\/schema\/person\/2d205a608a5aa97ac279d7a5e6d89ad8","name":"Roberto","image":{"@type":"ImageObject","inLanguage":"pt-BR","@id":"https:\/\/secure.gravatar.com\/avatar\/42749d8b712ff9d59ca93dc150494e5b55a44134482993f5baeb97e61b7ecc89?s=96&d=mm&r=g","url":"https:\/\/secure.gravatar.com\/avatar\/42749d8b712ff9d59ca93dc150494e5b55a44134482993f5baeb97e61b7ecc89?s=96&d=mm&r=g","contentUrl":"https:\/\/secure.gravatar.com\/avatar\/42749d8b712ff9d59ca93dc150494e5b55a44134482993f5baeb97e61b7ecc89?s=96&d=mm&r=g","caption":"Roberto"},"url":"https:\/\/regiaonews.net.br\/2022\/author\/roberto\/"}]}},"publishpress_future_action":{"enabled":false,"date":"2026-05-04 13:01:00","action":"change-status","newStatus":"draft","terms":[],"taxonomy":"category","extraData":[]},"publishpress_future_workflow_manual_trigger":{"enabledWorkflows":[]},"_links":{"self":[{"href":"https:\/\/regiaonews.net.br\/2022\/wp-json\/wp\/v2\/posts\/98283","targetHints":{"allow":["GET"]}}],"collection":[{"href":"https:\/\/regiaonews.net.br\/2022\/wp-json\/wp\/v2\/posts"}],"about":[{"href":"https:\/\/regiaonews.net.br\/2022\/wp-json\/wp\/v2\/types\/post"}],"author":[{"embeddable":true,"href":"https:\/\/regiaonews.net.br\/2022\/wp-json\/wp\/v2\/users\/2"}],"replies":[{"embeddable":true,"href":"https:\/\/regiaonews.net.br\/2022\/wp-json\/wp\/v2\/comments?post=98283"}],"version-history":[{"count":1,"href":"https:\/\/regiaonews.net.br\/2022\/wp-json\/wp\/v2\/posts\/98283\/revisions"}],"predecessor-version":[{"id":98285,"href":"https:\/\/regiaonews.net.br\/2022\/wp-json\/wp\/v2\/posts\/98283\/revisions\/98285"}],"wp:featuredmedia":[{"embeddable":true,"href":"https:\/\/regiaonews.net.br\/2022\/wp-json\/wp\/v2\/media\/98284"}],"wp:attachment":[{"href":"https:\/\/regiaonews.net.br\/2022\/wp-json\/wp\/v2\/media?parent=98283"}],"wp:term":[{"taxonomy":"category","embeddable":true,"href":"https:\/\/regiaonews.net.br\/2022\/wp-json\/wp\/v2\/categories?post=98283"},{"taxonomy":"post_tag","embeddable":true,"href":"https:\/\/regiaonews.net.br\/2022\/wp-json\/wp\/v2\/tags?post=98283"}],"curies":[{"name":"wp","href":"https:\/\/api.w.org\/{rel}","templated":true}]}}