{"id":98276,"date":"2023-11-27T18:17:49","date_gmt":"2023-11-27T21:17:49","guid":{"rendered":"https:\/\/regiaonews.net.br\/2022\/?p=98276"},"modified":"2023-11-27T18:17:49","modified_gmt":"2023-11-27T21:17:49","slug":"barretos-sera-contemplada-com-66-moradias-pelo-programa-minha-casa-minha-vida","status":"publish","type":"post","link":"https:\/\/regiaonews.net.br\/2022\/2023\/11\/27\/barretos-sera-contemplada-com-66-moradias-pelo-programa-minha-casa-minha-vida\/","title":{"rendered":"Barretos ser\u00e1 contemplada com 66 moradias pelo Programa Minha Casa, Minha Vida"},"content":{"rendered":"<div>O Minist\u00e9rio das Cidades anunciou nesta semana os projetos aprovados na 1\u00aa sele\u00e7\u00e3o de propostas do Programa Minha Casa, Minha Vida (MCMV) \u2013 Faixa 1. Foram propostas mais de 900 mil propostas para a constru\u00e7\u00e3o de unidades habitacionais em todo o pa\u00eds e Barretos foi uma das cidades com projetos contemplados.<\/div>\n<div><\/div>\n<div>A proposta apresentada pela Prefeitura da Est\u00e2ncia Tur\u00edstica de Barretos permite a constru\u00e7\u00e3o de at\u00e9 66 unidades na Faixa 1. De acordo com as regras do programa, a Faixa 1 atende benefici\u00e1rios com renda bruta familiar de at\u00e9 R$ 2.640,00.<\/div>\n<div><\/div>\n<div>A prefeita Paula Lemos expressou sua satisfa\u00e7\u00e3o com a conquista: &#8220;Estou imensamente feliz com mais essa conquista, sabemos o tanto que as fam\u00edlias esperam pela casa pr\u00f3pria. Conseguimos entregar na nossa gest\u00e3o 31 moradias a moradores que viviam em situa\u00e7\u00e3o de extrema vulnerabilidade social, e se Deus quiser, agora contemplaremos mais 66 fam\u00edlias. Al\u00e9m das certid\u00f5es imobili\u00e1rias que entregamos para mais de 500 fam\u00edlias. \u00c9 muito gratificante&#8221;.<\/div>\n<div><\/div>\n<div>As \u00e1reas cedidas para os empreendimentos desta faixa est\u00e3o distribu\u00eddas em 3 bairros: Residencial Minerva 2, S\u00e3o Francisco 1 e S\u00e3o Francisco 2.<\/div>\n<div><\/div>\n<div>A prefeita Paula Lemos destacou que o esfor\u00e7o foi para selecionar \u00e1reas que buscassem melhor qualidade de vida para as fam\u00edlias: \u201cBuscamos \u00e1reas para o empreendimento com toda a infraestrutura adequada como asfalto, ilumina\u00e7\u00e3o, abastecimento de \u00e1gua, esgoto e transporte p\u00fablico. S\u00e3o locais com ruas pavimentadas, pr\u00f3ximos a equipamentos p\u00fablicos como escolas, creches e unidades de sa\u00fade.\u201d<\/div>\n<div><\/div>\n<div>A secret\u00e1ria de Habita\u00e7\u00e3o, C\u00e9lia Rodrigues, informa que o processo para o Programa Minha Casa, Minha Vida est\u00e1 em fase final de alinhamentos. \u201cVale ressaltar que at\u00e9 a conclus\u00e3o de todas as etapas do credenciamento n\u00e3o est\u00e1 aberto nenhum processo de inscri\u00e7\u00e3o. Assim que tudo estiver validado, divulgaremos a toda a popula\u00e7\u00e3o\u201d, destacou.<\/div>\n<div><\/div>\n<div><a href=\"https:\/\/regiaonews.net.br\/2022\/wp-content\/uploads\/2023\/11\/9872ed9fc22fc182d371c3e9ed316094.jpg\"><img loading=\"lazy\" decoding=\"async\" class=\"alignnone size-medium wp-image-98278\" src=\"https:\/\/regiaonews.net.br\/2022\/wp-content\/uploads\/2023\/11\/9872ed9fc22fc182d371c3e9ed316094-300x200.jpg\" alt=\"\" width=\"300\" height=\"200\" srcset=\"https:\/\/regiaonews.net.br\/2022\/wp-content\/uploads\/2023\/11\/9872ed9fc22fc182d371c3e9ed316094-300x200.jpg 300w, https:\/\/regiaonews.net.br\/2022\/wp-content\/uploads\/2023\/11\/9872ed9fc22fc182d371c3e9ed316094-1024x683.jpg 1024w, https:\/\/regiaonews.net.br\/2022\/wp-content\/uploads\/2023\/11\/9872ed9fc22fc182d371c3e9ed316094-768x512.jpg 768w, https:\/\/regiaonews.net.br\/2022\/wp-content\/uploads\/2023\/11\/9872ed9fc22fc182d371c3e9ed316094-250x167.jpg 250w, https:\/\/regiaonews.net.br\/2022\/wp-content\/uploads\/2023\/11\/9872ed9fc22fc182d371c3e9ed316094-900x600.jpg 900w, https:\/\/regiaonews.net.br\/2022\/wp-content\/uploads\/2023\/11\/9872ed9fc22fc182d371c3e9ed316094.jpg 1280w\" sizes=\"auto, (max-width: 300px) 100vw, 300px\" \/><\/a><\/div>\n<div><\/div>\n<div>Prefeita Paula Lemos e a secret\u00e1ria de Habita\u00e7\u00e3o,\u00a0 C\u00e9lia Rodrigues<\/div>\n","protected":false},"excerpt":{"rendered":"<p>O Minist\u00e9rio das Cidades anunciou nesta semana os projetos aprovados<\/p>\n","protected":false},"author":2,"featured_media":98277,"comment_status":"open","ping_status":"open","sticky":false,"template":"","format":"standard","meta":{"footnotes":""},"categories":[14,111],"tags":[],"class_list":["post-98276","post","type-post","status-publish","format-standard","has-post-thumbnail","hentry","category-barretos","category-cotidiano"],"yoast_head":"<!-- This site is optimized with the Yoast SEO plugin v27.4 - https:\/\/yoast.com\/product\/yoast-seo-wordpress\/ -->\n<title>Barretos ser\u00e1 contemplada com 66 moradias pelo Programa Minha Casa, Minha Vida - Regi\u00e3o News<\/title>\n<meta name=\"robots\" content=\"index, follow, max-snippet:-1, max-image-preview:large, max-video-preview:-1\" \/>\n<link rel=\"canonical\" href=\"https:\/\/regiaonews.net.br\/2022\/2023\/11\/27\/barretos-sera-contemplada-com-66-moradias-pelo-programa-minha-casa-minha-vida\/\" \/>\n<meta property=\"og:locale\" content=\"pt_BR\" \/>\n<meta property=\"og:type\" content=\"article\" \/>\n<meta property=\"og:title\" content=\"Barretos ser\u00e1 contemplada com 66 moradias pelo Programa Minha Casa, Minha Vida - Regi\u00e3o News\" \/>\n<meta property=\"og:description\" content=\"O Minist\u00e9rio das Cidades anunciou nesta semana os projetos aprovados\" \/>\n<meta property=\"og:url\" content=\"https:\/\/regiaonews.net.br\/2022\/2023\/11\/27\/barretos-sera-contemplada-com-66-moradias-pelo-programa-minha-casa-minha-vida\/\" \/>\n<meta property=\"og:site_name\" content=\"Regi\u00e3o News\" \/>\n<meta property=\"article:published_time\" content=\"2023-11-27T21:17:49+00:00\" \/>\n<meta property=\"og:image\" content=\"https:\/\/regiaonews.net.br\/2022\/wp-content\/uploads\/2023\/11\/84d9ee44e457ddef7f2c4f25dc8fa865.jpg\" \/>\n\t<meta property=\"og:image:width\" content=\"1024\" \/>\n\t<meta property=\"og:image:height\" content=\"576\" \/>\n\t<meta property=\"og:image:type\" content=\"image\/jpeg\" \/>\n<meta name=\"author\" content=\"Roberto\" \/>\n<meta name=\"twitter:card\" content=\"summary_large_image\" \/>\n<meta name=\"twitter:label1\" content=\"Escrito por\" \/>\n\t<meta name=\"twitter:data1\" content=\"Roberto\" \/>\n\t<meta name=\"twitter:label2\" content=\"Est. tempo de leitura\" \/>\n\t<meta name=\"twitter:data2\" content=\"2 minutos\" \/>\n<script type=\"application\/ld+json\" class=\"yoast-schema-graph\">{\"@context\":\"https:\\\/\\\/schema.org\",\"@graph\":[{\"@type\":\"Article\",\"@id\":\"https:\\\/\\\/regiaonews.net.br\\\/2022\\\/2023\\\/11\\\/27\\\/barretos-sera-contemplada-com-66-moradias-pelo-programa-minha-casa-minha-vida\\\/#article\",\"isPartOf\":{\"@id\":\"https:\\\/\\\/regiaonews.net.br\\\/2022\\\/2023\\\/11\\\/27\\\/barretos-sera-contemplada-com-66-moradias-pelo-programa-minha-casa-minha-vida\\\/\"},\"author\":{\"name\":\"Roberto\",\"@id\":\"https:\\\/\\\/regiaonews.net.br\\\/2022\\\/#\\\/schema\\\/person\\\/2d205a608a5aa97ac279d7a5e6d89ad8\"},\"headline\":\"Barretos ser\u00e1 contemplada com 66 moradias pelo Programa Minha Casa, Minha Vida\",\"datePublished\":\"2023-11-27T21:17:49+00:00\",\"mainEntityOfPage\":{\"@id\":\"https:\\\/\\\/regiaonews.net.br\\\/2022\\\/2023\\\/11\\\/27\\\/barretos-sera-contemplada-com-66-moradias-pelo-programa-minha-casa-minha-vida\\\/\"},\"wordCount\":336,\"commentCount\":0,\"publisher\":{\"@id\":\"https:\\\/\\\/regiaonews.net.br\\\/2022\\\/#organization\"},\"image\":{\"@id\":\"https:\\\/\\\/regiaonews.net.br\\\/2022\\\/2023\\\/11\\\/27\\\/barretos-sera-contemplada-com-66-moradias-pelo-programa-minha-casa-minha-vida\\\/#primaryimage\"},\"thumbnailUrl\":\"https:\\\/\\\/regiaonews.net.br\\\/2022\\\/wp-content\\\/uploads\\\/2023\\\/11\\\/84d9ee44e457ddef7f2c4f25dc8fa865.jpg\",\"articleSection\":[\"Barretos\",\"Cotidiano\"],\"inLanguage\":\"pt-BR\",\"potentialAction\":[{\"@type\":\"CommentAction\",\"name\":\"Comment\",\"target\":[\"https:\\\/\\\/regiaonews.net.br\\\/2022\\\/2023\\\/11\\\/27\\\/barretos-sera-contemplada-com-66-moradias-pelo-programa-minha-casa-minha-vida\\\/#respond\"]}]},{\"@type\":\"WebPage\",\"@id\":\"https:\\\/\\\/regiaonews.net.br\\\/2022\\\/2023\\\/11\\\/27\\\/barretos-sera-contemplada-com-66-moradias-pelo-programa-minha-casa-minha-vida\\\/\",\"url\":\"https:\\\/\\\/regiaonews.net.br\\\/2022\\\/2023\\\/11\\\/27\\\/barretos-sera-contemplada-com-66-moradias-pelo-programa-minha-casa-minha-vida\\\/\",\"name\":\"Barretos ser\u00e1 contemplada com 66 moradias pelo Programa Minha Casa, Minha Vida - Regi\u00e3o News\",\"isPartOf\":{\"@id\":\"https:\\\/\\\/regiaonews.net.br\\\/2022\\\/#website\"},\"primaryImageOfPage\":{\"@id\":\"https:\\\/\\\/regiaonews.net.br\\\/2022\\\/2023\\\/11\\\/27\\\/barretos-sera-contemplada-com-66-moradias-pelo-programa-minha-casa-minha-vida\\\/#primaryimage\"},\"image\":{\"@id\":\"https:\\\/\\\/regiaonews.net.br\\\/2022\\\/2023\\\/11\\\/27\\\/barretos-sera-contemplada-com-66-moradias-pelo-programa-minha-casa-minha-vida\\\/#primaryimage\"},\"thumbnailUrl\":\"https:\\\/\\\/regiaonews.net.br\\\/2022\\\/wp-content\\\/uploads\\\/2023\\\/11\\\/84d9ee44e457ddef7f2c4f25dc8fa865.jpg\",\"datePublished\":\"2023-11-27T21:17:49+00:00\",\"breadcrumb\":{\"@id\":\"https:\\\/\\\/regiaonews.net.br\\\/2022\\\/2023\\\/11\\\/27\\\/barretos-sera-contemplada-com-66-moradias-pelo-programa-minha-casa-minha-vida\\\/#breadcrumb\"},\"inLanguage\":\"pt-BR\",\"potentialAction\":[{\"@type\":\"ReadAction\",\"target\":[\"https:\\\/\\\/regiaonews.net.br\\\/2022\\\/2023\\\/11\\\/27\\\/barretos-sera-contemplada-com-66-moradias-pelo-programa-minha-casa-minha-vida\\\/\"]}]},{\"@type\":\"ImageObject\",\"inLanguage\":\"pt-BR\",\"@id\":\"https:\\\/\\\/regiaonews.net.br\\\/2022\\\/2023\\\/11\\\/27\\\/barretos-sera-contemplada-com-66-moradias-pelo-programa-minha-casa-minha-vida\\\/#primaryimage\",\"url\":\"https:\\\/\\\/regiaonews.net.br\\\/2022\\\/wp-content\\\/uploads\\\/2023\\\/11\\\/84d9ee44e457ddef7f2c4f25dc8fa865.jpg\",\"contentUrl\":\"https:\\\/\\\/regiaonews.net.br\\\/2022\\\/wp-content\\\/uploads\\\/2023\\\/11\\\/84d9ee44e457ddef7f2c4f25dc8fa865.jpg\",\"width\":1024,\"height\":576},{\"@type\":\"BreadcrumbList\",\"@id\":\"https:\\\/\\\/regiaonews.net.br\\\/2022\\\/2023\\\/11\\\/27\\\/barretos-sera-contemplada-com-66-moradias-pelo-programa-minha-casa-minha-vida\\\/#breadcrumb\",\"itemListElement\":[{\"@type\":\"ListItem\",\"position\":1,\"name\":\"In\u00edcio\",\"item\":\"https:\\\/\\\/regiaonews.net.br\\\/2022\\\/\"},{\"@type\":\"ListItem\",\"position\":2,\"name\":\"Barretos ser\u00e1 contemplada com 66 moradias pelo Programa Minha Casa, Minha Vida\"}]},{\"@type\":\"WebSite\",\"@id\":\"https:\\\/\\\/regiaonews.net.br\\\/2022\\\/#website\",\"url\":\"https:\\\/\\\/regiaonews.net.br\\\/2022\\\/\",\"name\":\"Regi\u00e3o News\",\"description\":\"Site de Not\u00edcias de Barretos e regi\u00e3o\",\"publisher\":{\"@id\":\"https:\\\/\\\/regiaonews.net.br\\\/2022\\\/#organization\"},\"potentialAction\":[{\"@type\":\"SearchAction\",\"target\":{\"@type\":\"EntryPoint\",\"urlTemplate\":\"https:\\\/\\\/regiaonews.net.br\\\/2022\\\/?s={search_term_string}\"},\"query-input\":{\"@type\":\"PropertyValueSpecification\",\"valueRequired\":true,\"valueName\":\"search_term_string\"}}],\"inLanguage\":\"pt-BR\"},{\"@type\":\"Organization\",\"@id\":\"https:\\\/\\\/regiaonews.net.br\\\/2022\\\/#organization\",\"name\":\"Regi\u00e3o News\",\"url\":\"https:\\\/\\\/regiaonews.net.br\\\/2022\\\/\",\"logo\":{\"@type\":\"ImageObject\",\"inLanguage\":\"pt-BR\",\"@id\":\"https:\\\/\\\/regiaonews.net.br\\\/2022\\\/#\\\/schema\\\/logo\\\/image\\\/\",\"url\":\"https:\\\/\\\/regiaonews.net.br\\\/2022\\\/wp-content\\\/uploads\\\/2026\\\/03\\\/regiao-13-anos-scaled.jpg\",\"contentUrl\":\"https:\\\/\\\/regiaonews.net.br\\\/2022\\\/wp-content\\\/uploads\\\/2026\\\/03\\\/regiao-13-anos-scaled.jpg\",\"width\":2560,\"height\":635,\"caption\":\"Regi\u00e3o News\"},\"image\":{\"@id\":\"https:\\\/\\\/regiaonews.net.br\\\/2022\\\/#\\\/schema\\\/logo\\\/image\\\/\"}},{\"@type\":\"Person\",\"@id\":\"https:\\\/\\\/regiaonews.net.br\\\/2022\\\/#\\\/schema\\\/person\\\/2d205a608a5aa97ac279d7a5e6d89ad8\",\"name\":\"Roberto\",\"image\":{\"@type\":\"ImageObject\",\"inLanguage\":\"pt-BR\",\"@id\":\"https:\\\/\\\/secure.gravatar.com\\\/avatar\\\/42749d8b712ff9d59ca93dc150494e5b55a44134482993f5baeb97e61b7ecc89?s=96&d=mm&r=g\",\"url\":\"https:\\\/\\\/secure.gravatar.com\\\/avatar\\\/42749d8b712ff9d59ca93dc150494e5b55a44134482993f5baeb97e61b7ecc89?s=96&d=mm&r=g\",\"contentUrl\":\"https:\\\/\\\/secure.gravatar.com\\\/avatar\\\/42749d8b712ff9d59ca93dc150494e5b55a44134482993f5baeb97e61b7ecc89?s=96&d=mm&r=g\",\"caption\":\"Roberto\"},\"url\":\"https:\\\/\\\/regiaonews.net.br\\\/2022\\\/author\\\/roberto\\\/\"}]}<\/script>\n<!-- \/ Yoast SEO plugin. -->","yoast_head_json":{"title":"Barretos ser\u00e1 contemplada com 66 moradias pelo Programa Minha Casa, Minha Vida - Regi\u00e3o News","robots":{"index":"index","follow":"follow","max-snippet":"max-snippet:-1","max-image-preview":"max-image-preview:large","max-video-preview":"max-video-preview:-1"},"canonical":"https:\/\/regiaonews.net.br\/2022\/2023\/11\/27\/barretos-sera-contemplada-com-66-moradias-pelo-programa-minha-casa-minha-vida\/","og_locale":"pt_BR","og_type":"article","og_title":"Barretos ser\u00e1 contemplada com 66 moradias pelo Programa Minha Casa, Minha Vida - Regi\u00e3o News","og_description":"O Minist\u00e9rio das Cidades anunciou nesta semana os projetos aprovados","og_url":"https:\/\/regiaonews.net.br\/2022\/2023\/11\/27\/barretos-sera-contemplada-com-66-moradias-pelo-programa-minha-casa-minha-vida\/","og_site_name":"Regi\u00e3o News","article_published_time":"2023-11-27T21:17:49+00:00","og_image":[{"width":1024,"height":576,"url":"https:\/\/regiaonews.net.br\/2022\/wp-content\/uploads\/2023\/11\/84d9ee44e457ddef7f2c4f25dc8fa865.jpg","type":"image\/jpeg"}],"author":"Roberto","twitter_card":"summary_large_image","twitter_misc":{"Escrito por":"Roberto","Est. tempo de leitura":"2 minutos"},"schema":{"@context":"https:\/\/schema.org","@graph":[{"@type":"Article","@id":"https:\/\/regiaonews.net.br\/2022\/2023\/11\/27\/barretos-sera-contemplada-com-66-moradias-pelo-programa-minha-casa-minha-vida\/#article","isPartOf":{"@id":"https:\/\/regiaonews.net.br\/2022\/2023\/11\/27\/barretos-sera-contemplada-com-66-moradias-pelo-programa-minha-casa-minha-vida\/"},"author":{"name":"Roberto","@id":"https:\/\/regiaonews.net.br\/2022\/#\/schema\/person\/2d205a608a5aa97ac279d7a5e6d89ad8"},"headline":"Barretos ser\u00e1 contemplada com 66 moradias pelo Programa Minha Casa, Minha Vida","datePublished":"2023-11-27T21:17:49+00:00","mainEntityOfPage":{"@id":"https:\/\/regiaonews.net.br\/2022\/2023\/11\/27\/barretos-sera-contemplada-com-66-moradias-pelo-programa-minha-casa-minha-vida\/"},"wordCount":336,"commentCount":0,"publisher":{"@id":"https:\/\/regiaonews.net.br\/2022\/#organization"},"image":{"@id":"https:\/\/regiaonews.net.br\/2022\/2023\/11\/27\/barretos-sera-contemplada-com-66-moradias-pelo-programa-minha-casa-minha-vida\/#primaryimage"},"thumbnailUrl":"https:\/\/regiaonews.net.br\/2022\/wp-content\/uploads\/2023\/11\/84d9ee44e457ddef7f2c4f25dc8fa865.jpg","articleSection":["Barretos","Cotidiano"],"inLanguage":"pt-BR","potentialAction":[{"@type":"CommentAction","name":"Comment","target":["https:\/\/regiaonews.net.br\/2022\/2023\/11\/27\/barretos-sera-contemplada-com-66-moradias-pelo-programa-minha-casa-minha-vida\/#respond"]}]},{"@type":"WebPage","@id":"https:\/\/regiaonews.net.br\/2022\/2023\/11\/27\/barretos-sera-contemplada-com-66-moradias-pelo-programa-minha-casa-minha-vida\/","url":"https:\/\/regiaonews.net.br\/2022\/2023\/11\/27\/barretos-sera-contemplada-com-66-moradias-pelo-programa-minha-casa-minha-vida\/","name":"Barretos ser\u00e1 contemplada com 66 moradias pelo Programa Minha Casa, Minha Vida - Regi\u00e3o News","isPartOf":{"@id":"https:\/\/regiaonews.net.br\/2022\/#website"},"primaryImageOfPage":{"@id":"https:\/\/regiaonews.net.br\/2022\/2023\/11\/27\/barretos-sera-contemplada-com-66-moradias-pelo-programa-minha-casa-minha-vida\/#primaryimage"},"image":{"@id":"https:\/\/regiaonews.net.br\/2022\/2023\/11\/27\/barretos-sera-contemplada-com-66-moradias-pelo-programa-minha-casa-minha-vida\/#primaryimage"},"thumbnailUrl":"https:\/\/regiaonews.net.br\/2022\/wp-content\/uploads\/2023\/11\/84d9ee44e457ddef7f2c4f25dc8fa865.jpg","datePublished":"2023-11-27T21:17:49+00:00","breadcrumb":{"@id":"https:\/\/regiaonews.net.br\/2022\/2023\/11\/27\/barretos-sera-contemplada-com-66-moradias-pelo-programa-minha-casa-minha-vida\/#breadcrumb"},"inLanguage":"pt-BR","potentialAction":[{"@type":"ReadAction","target":["https:\/\/regiaonews.net.br\/2022\/2023\/11\/27\/barretos-sera-contemplada-com-66-moradias-pelo-programa-minha-casa-minha-vida\/"]}]},{"@type":"ImageObject","inLanguage":"pt-BR","@id":"https:\/\/regiaonews.net.br\/2022\/2023\/11\/27\/barretos-sera-contemplada-com-66-moradias-pelo-programa-minha-casa-minha-vida\/#primaryimage","url":"https:\/\/regiaonews.net.br\/2022\/wp-content\/uploads\/2023\/11\/84d9ee44e457ddef7f2c4f25dc8fa865.jpg","contentUrl":"https:\/\/regiaonews.net.br\/2022\/wp-content\/uploads\/2023\/11\/84d9ee44e457ddef7f2c4f25dc8fa865.jpg","width":1024,"height":576},{"@type":"BreadcrumbList","@id":"https:\/\/regiaonews.net.br\/2022\/2023\/11\/27\/barretos-sera-contemplada-com-66-moradias-pelo-programa-minha-casa-minha-vida\/#breadcrumb","itemListElement":[{"@type":"ListItem","position":1,"name":"In\u00edcio","item":"https:\/\/regiaonews.net.br\/2022\/"},{"@type":"ListItem","position":2,"name":"Barretos ser\u00e1 contemplada com 66 moradias pelo Programa Minha Casa, Minha Vida"}]},{"@type":"WebSite","@id":"https:\/\/regiaonews.net.br\/2022\/#website","url":"https:\/\/regiaonews.net.br\/2022\/","name":"Regi\u00e3o News","description":"Site de Not\u00edcias de Barretos e regi\u00e3o","publisher":{"@id":"https:\/\/regiaonews.net.br\/2022\/#organization"},"potentialAction":[{"@type":"SearchAction","target":{"@type":"EntryPoint","urlTemplate":"https:\/\/regiaonews.net.br\/2022\/?s={search_term_string}"},"query-input":{"@type":"PropertyValueSpecification","valueRequired":true,"valueName":"search_term_string"}}],"inLanguage":"pt-BR"},{"@type":"Organization","@id":"https:\/\/regiaonews.net.br\/2022\/#organization","name":"Regi\u00e3o News","url":"https:\/\/regiaonews.net.br\/2022\/","logo":{"@type":"ImageObject","inLanguage":"pt-BR","@id":"https:\/\/regiaonews.net.br\/2022\/#\/schema\/logo\/image\/","url":"https:\/\/regiaonews.net.br\/2022\/wp-content\/uploads\/2026\/03\/regiao-13-anos-scaled.jpg","contentUrl":"https:\/\/regiaonews.net.br\/2022\/wp-content\/uploads\/2026\/03\/regiao-13-anos-scaled.jpg","width":2560,"height":635,"caption":"Regi\u00e3o News"},"image":{"@id":"https:\/\/regiaonews.net.br\/2022\/#\/schema\/logo\/image\/"}},{"@type":"Person","@id":"https:\/\/regiaonews.net.br\/2022\/#\/schema\/person\/2d205a608a5aa97ac279d7a5e6d89ad8","name":"Roberto","image":{"@type":"ImageObject","inLanguage":"pt-BR","@id":"https:\/\/secure.gravatar.com\/avatar\/42749d8b712ff9d59ca93dc150494e5b55a44134482993f5baeb97e61b7ecc89?s=96&d=mm&r=g","url":"https:\/\/secure.gravatar.com\/avatar\/42749d8b712ff9d59ca93dc150494e5b55a44134482993f5baeb97e61b7ecc89?s=96&d=mm&r=g","contentUrl":"https:\/\/secure.gravatar.com\/avatar\/42749d8b712ff9d59ca93dc150494e5b55a44134482993f5baeb97e61b7ecc89?s=96&d=mm&r=g","caption":"Roberto"},"url":"https:\/\/regiaonews.net.br\/2022\/author\/roberto\/"}]}},"publishpress_future_action":{"enabled":false,"date":"2026-05-04 11:36:48","action":"change-status","newStatus":"draft","terms":[],"taxonomy":"category","extraData":[]},"publishpress_future_workflow_manual_trigger":{"enabledWorkflows":[]},"_links":{"self":[{"href":"https:\/\/regiaonews.net.br\/2022\/wp-json\/wp\/v2\/posts\/98276","targetHints":{"allow":["GET"]}}],"collection":[{"href":"https:\/\/regiaonews.net.br\/2022\/wp-json\/wp\/v2\/posts"}],"about":[{"href":"https:\/\/regiaonews.net.br\/2022\/wp-json\/wp\/v2\/types\/post"}],"author":[{"embeddable":true,"href":"https:\/\/regiaonews.net.br\/2022\/wp-json\/wp\/v2\/users\/2"}],"replies":[{"embeddable":true,"href":"https:\/\/regiaonews.net.br\/2022\/wp-json\/wp\/v2\/comments?post=98276"}],"version-history":[{"count":1,"href":"https:\/\/regiaonews.net.br\/2022\/wp-json\/wp\/v2\/posts\/98276\/revisions"}],"predecessor-version":[{"id":98279,"href":"https:\/\/regiaonews.net.br\/2022\/wp-json\/wp\/v2\/posts\/98276\/revisions\/98279"}],"wp:featuredmedia":[{"embeddable":true,"href":"https:\/\/regiaonews.net.br\/2022\/wp-json\/wp\/v2\/media\/98277"}],"wp:attachment":[{"href":"https:\/\/regiaonews.net.br\/2022\/wp-json\/wp\/v2\/media?parent=98276"}],"wp:term":[{"taxonomy":"category","embeddable":true,"href":"https:\/\/regiaonews.net.br\/2022\/wp-json\/wp\/v2\/categories?post=98276"},{"taxonomy":"post_tag","embeddable":true,"href":"https:\/\/regiaonews.net.br\/2022\/wp-json\/wp\/v2\/tags?post=98276"}],"curies":[{"name":"wp","href":"https:\/\/api.w.org\/{rel}","templated":true}]}}