{"id":98273,"date":"2023-11-27T16:37:20","date_gmt":"2023-11-27T19:37:20","guid":{"rendered":"https:\/\/regiaonews.net.br\/2022\/?p=98273"},"modified":"2023-11-27T16:37:20","modified_gmt":"2023-11-27T19:37:20","slug":"unifeb-abre-inscricoes-para-transferencia-reingresso-e-segunda-graduacao-para-2024","status":"publish","type":"post","link":"https:\/\/regiaonews.net.br\/2022\/2023\/11\/27\/unifeb-abre-inscricoes-para-transferencia-reingresso-e-segunda-graduacao-para-2024\/","title":{"rendered":"UNIFEB abre inscri\u00e7\u00f5es para transfer\u00eancia, reingresso e segunda gradua\u00e7\u00e3o para 2024"},"content":{"rendered":"<p><b><i>As modalidades t\u00eam\u00a0vagas limitadas,\u00a0com desconto de 30% no valor da mensalidade e sem cobran\u00e7a de matr\u00edcula\u00a0<\/i><\/b><\/p>\n<p>Quem tem interesse em transferir, reingressar ou fazer uma segunda gradua\u00e7\u00e3o no UNIFEB (Centro Universit\u00e1rio da Funda\u00e7\u00e3o Educacional de Barretos ) j\u00e1 pode fazer sua inscri\u00e7\u00e3o. Essas modalidades permitem o ingresso do aluno via an\u00e1lise curricular para in\u00edcio das aulas em fevereiro de 2024. O desconto aplicado \u00e9 de 30% no valor da mensalidade e com isen\u00e7\u00e3o da taxa de matr\u00edcula.<\/p>\n<p>Na modalidade TRANSFER\u00caNCIA, o candidato pode transferir seu curso para o UNIFEB, por meio de an\u00e1lise curricular das disciplinas j\u00e1 cursadas na institui\u00e7\u00e3o anterior. J\u00e1 no REINGRESSO, quem parou a gradua\u00e7\u00e3o no UNIFEB e deseja retornar, pode tamb\u00e9m solicitar. O formato de SEGUNDA GRADUA\u00c7\u00c3O permite que o candidato estude um novo curso e elimine as disciplinas j\u00e1 conclu\u00eddas por meio de an\u00e1lise curricular.<\/p>\n<p>Segundo o Reitor do UNIFEB, Prof. Dr. Angelo Davis, essa \u00e9 mais uma op\u00e7\u00e3o para ingressar em algum dos 19 cursos superiores oferecidos pela institui\u00e7\u00e3o. \u201cFazer uma gradua\u00e7\u00e3o permite adquirir novos conhecimentos, habilidades e experi\u00eancias, que s\u00e3o necess\u00e1rios para ocupar cargos valorizados no mercado de trabalho. Com quase 60 anos de experi\u00eancia no ensino superior, oferecemos o maior portf\u00f3lio de cursos da regi\u00e3o, com qualidade reconhecida pelo MEC, que nos eleva como refer\u00eancia entre os centros universit\u00e1rios\u00a0do Estado de S\u00e3o Paulo\u201d, destacou.<\/p>\n<p>As inscri\u00e7\u00f5es para transfer\u00eancia, reingresso e segunda gradua\u00e7\u00e3o devem ser feitas exclusivamente pelo site\u00a0<a id=\"OWAa9d66c16-d120-c850-7860-3dc321549198\" class=\"x_OWAAutoLink\" href=\"http:\/\/www.vestibular.unifeb.edu.br\/remanescentes\" target=\"_blank\" rel=\"noopener noreferrer\" data-auth=\"NotApplicable\" data-loopstyle=\"linkonly\" data-linkindex=\"0\">www.vestibular.unifeb.edu.br\/remanescentes<\/a>. O prazo para an\u00e1lise curricular \u00e9 de cinco dias \u00fateis. Ap\u00f3s finalizado e deferido o processo de an\u00e1lise, o candidato fica apto a matricular-se no curso escolhido.<\/p>\n","protected":false},"excerpt":{"rendered":"<p>As modalidades t\u00eam\u00a0vagas limitadas,\u00a0com desconto de 30% no valor da<\/p>\n","protected":false},"author":2,"featured_media":98274,"comment_status":"open","ping_status":"open","sticky":false,"template":"","format":"standard","meta":{"footnotes":""},"categories":[14,25],"tags":[],"class_list":["post-98273","post","type-post","status-publish","format-standard","has-post-thumbnail","hentry","category-barretos","category-cidades"],"yoast_head":"<!-- This site is optimized with the Yoast SEO plugin v27.4 - https:\/\/yoast.com\/product\/yoast-seo-wordpress\/ -->\n<title>UNIFEB abre inscri\u00e7\u00f5es para transfer\u00eancia, reingresso e segunda<\/title>\n<meta name=\"description\" content=\"Quem tem interesse em transferir, reingressar ou fazer uma segunda gradua\u00e7\u00e3o no UNIFEB (Centro Universit\u00e1rio da Funda\u00e7\u00e3o Educacional\" \/>\n<meta name=\"robots\" content=\"index, follow, max-snippet:-1, max-image-preview:large, max-video-preview:-1\" \/>\n<link rel=\"canonical\" href=\"https:\/\/regiaonews.net.br\/2022\/2023\/11\/27\/unifeb-abre-inscricoes-para-transferencia-reingresso-e-segunda-graduacao-para-2024\/\" \/>\n<meta property=\"og:locale\" content=\"pt_BR\" \/>\n<meta property=\"og:type\" content=\"article\" \/>\n<meta property=\"og:title\" content=\"UNIFEB abre inscri\u00e7\u00f5es para transfer\u00eancia, reingresso e segunda\" \/>\n<meta property=\"og:description\" content=\"Quem tem interesse em transferir, reingressar ou fazer uma segunda gradua\u00e7\u00e3o no UNIFEB (Centro Universit\u00e1rio da Funda\u00e7\u00e3o Educacional\" \/>\n<meta property=\"og:url\" content=\"https:\/\/regiaonews.net.br\/2022\/2023\/11\/27\/unifeb-abre-inscricoes-para-transferencia-reingresso-e-segunda-graduacao-para-2024\/\" \/>\n<meta property=\"og:site_name\" content=\"Regi\u00e3o News\" \/>\n<meta property=\"article:published_time\" content=\"2023-11-27T19:37:20+00:00\" \/>\n<meta property=\"og:image\" content=\"https:\/\/regiaonews.net.br\/2022\/wp-content\/uploads\/2023\/11\/UNIFEB.jpg\" \/>\n\t<meta property=\"og:image:width\" content=\"1080\" \/>\n\t<meta property=\"og:image:height\" content=\"1080\" \/>\n\t<meta property=\"og:image:type\" content=\"image\/jpeg\" \/>\n<meta name=\"author\" content=\"Roberto\" \/>\n<meta name=\"twitter:card\" content=\"summary_large_image\" \/>\n<meta name=\"twitter:label1\" content=\"Escrito por\" \/>\n\t<meta name=\"twitter:data1\" content=\"Roberto\" \/>\n\t<meta name=\"twitter:label2\" content=\"Est. tempo de leitura\" \/>\n\t<meta name=\"twitter:data2\" content=\"2 minutos\" \/>\n<script type=\"application\/ld+json\" class=\"yoast-schema-graph\">{\"@context\":\"https:\\\/\\\/schema.org\",\"@graph\":[{\"@type\":\"Article\",\"@id\":\"https:\\\/\\\/regiaonews.net.br\\\/2022\\\/2023\\\/11\\\/27\\\/unifeb-abre-inscricoes-para-transferencia-reingresso-e-segunda-graduacao-para-2024\\\/#article\",\"isPartOf\":{\"@id\":\"https:\\\/\\\/regiaonews.net.br\\\/2022\\\/2023\\\/11\\\/27\\\/unifeb-abre-inscricoes-para-transferencia-reingresso-e-segunda-graduacao-para-2024\\\/\"},\"author\":{\"name\":\"Roberto\",\"@id\":\"https:\\\/\\\/regiaonews.net.br\\\/2022\\\/#\\\/schema\\\/person\\\/2d205a608a5aa97ac279d7a5e6d89ad8\"},\"headline\":\"UNIFEB abre inscri\u00e7\u00f5es para transfer\u00eancia, reingresso e segunda gradua\u00e7\u00e3o para 2024\",\"datePublished\":\"2023-11-27T19:37:20+00:00\",\"mainEntityOfPage\":{\"@id\":\"https:\\\/\\\/regiaonews.net.br\\\/2022\\\/2023\\\/11\\\/27\\\/unifeb-abre-inscricoes-para-transferencia-reingresso-e-segunda-graduacao-para-2024\\\/\"},\"wordCount\":313,\"commentCount\":0,\"publisher\":{\"@id\":\"https:\\\/\\\/regiaonews.net.br\\\/2022\\\/#organization\"},\"image\":{\"@id\":\"https:\\\/\\\/regiaonews.net.br\\\/2022\\\/2023\\\/11\\\/27\\\/unifeb-abre-inscricoes-para-transferencia-reingresso-e-segunda-graduacao-para-2024\\\/#primaryimage\"},\"thumbnailUrl\":\"https:\\\/\\\/regiaonews.net.br\\\/2022\\\/wp-content\\\/uploads\\\/2023\\\/11\\\/UNIFEB.jpg\",\"articleSection\":[\"Barretos\",\"Cidades\"],\"inLanguage\":\"pt-BR\",\"potentialAction\":[{\"@type\":\"CommentAction\",\"name\":\"Comment\",\"target\":[\"https:\\\/\\\/regiaonews.net.br\\\/2022\\\/2023\\\/11\\\/27\\\/unifeb-abre-inscricoes-para-transferencia-reingresso-e-segunda-graduacao-para-2024\\\/#respond\"]}]},{\"@type\":\"WebPage\",\"@id\":\"https:\\\/\\\/regiaonews.net.br\\\/2022\\\/2023\\\/11\\\/27\\\/unifeb-abre-inscricoes-para-transferencia-reingresso-e-segunda-graduacao-para-2024\\\/\",\"url\":\"https:\\\/\\\/regiaonews.net.br\\\/2022\\\/2023\\\/11\\\/27\\\/unifeb-abre-inscricoes-para-transferencia-reingresso-e-segunda-graduacao-para-2024\\\/\",\"name\":\"UNIFEB abre inscri\u00e7\u00f5es para transfer\u00eancia, reingresso e segunda\",\"isPartOf\":{\"@id\":\"https:\\\/\\\/regiaonews.net.br\\\/2022\\\/#website\"},\"primaryImageOfPage\":{\"@id\":\"https:\\\/\\\/regiaonews.net.br\\\/2022\\\/2023\\\/11\\\/27\\\/unifeb-abre-inscricoes-para-transferencia-reingresso-e-segunda-graduacao-para-2024\\\/#primaryimage\"},\"image\":{\"@id\":\"https:\\\/\\\/regiaonews.net.br\\\/2022\\\/2023\\\/11\\\/27\\\/unifeb-abre-inscricoes-para-transferencia-reingresso-e-segunda-graduacao-para-2024\\\/#primaryimage\"},\"thumbnailUrl\":\"https:\\\/\\\/regiaonews.net.br\\\/2022\\\/wp-content\\\/uploads\\\/2023\\\/11\\\/UNIFEB.jpg\",\"datePublished\":\"2023-11-27T19:37:20+00:00\",\"description\":\"Quem tem interesse em transferir, reingressar ou fazer uma segunda gradua\u00e7\u00e3o no UNIFEB (Centro Universit\u00e1rio da Funda\u00e7\u00e3o Educacional\",\"breadcrumb\":{\"@id\":\"https:\\\/\\\/regiaonews.net.br\\\/2022\\\/2023\\\/11\\\/27\\\/unifeb-abre-inscricoes-para-transferencia-reingresso-e-segunda-graduacao-para-2024\\\/#breadcrumb\"},\"inLanguage\":\"pt-BR\",\"potentialAction\":[{\"@type\":\"ReadAction\",\"target\":[\"https:\\\/\\\/regiaonews.net.br\\\/2022\\\/2023\\\/11\\\/27\\\/unifeb-abre-inscricoes-para-transferencia-reingresso-e-segunda-graduacao-para-2024\\\/\"]}]},{\"@type\":\"ImageObject\",\"inLanguage\":\"pt-BR\",\"@id\":\"https:\\\/\\\/regiaonews.net.br\\\/2022\\\/2023\\\/11\\\/27\\\/unifeb-abre-inscricoes-para-transferencia-reingresso-e-segunda-graduacao-para-2024\\\/#primaryimage\",\"url\":\"https:\\\/\\\/regiaonews.net.br\\\/2022\\\/wp-content\\\/uploads\\\/2023\\\/11\\\/UNIFEB.jpg\",\"contentUrl\":\"https:\\\/\\\/regiaonews.net.br\\\/2022\\\/wp-content\\\/uploads\\\/2023\\\/11\\\/UNIFEB.jpg\",\"width\":1080,\"height\":1080},{\"@type\":\"BreadcrumbList\",\"@id\":\"https:\\\/\\\/regiaonews.net.br\\\/2022\\\/2023\\\/11\\\/27\\\/unifeb-abre-inscricoes-para-transferencia-reingresso-e-segunda-graduacao-para-2024\\\/#breadcrumb\",\"itemListElement\":[{\"@type\":\"ListItem\",\"position\":1,\"name\":\"In\u00edcio\",\"item\":\"https:\\\/\\\/regiaonews.net.br\\\/2022\\\/\"},{\"@type\":\"ListItem\",\"position\":2,\"name\":\"UNIFEB abre inscri\u00e7\u00f5es para transfer\u00eancia, reingresso e segunda gradua\u00e7\u00e3o para 2024\"}]},{\"@type\":\"WebSite\",\"@id\":\"https:\\\/\\\/regiaonews.net.br\\\/2022\\\/#website\",\"url\":\"https:\\\/\\\/regiaonews.net.br\\\/2022\\\/\",\"name\":\"Regi\u00e3o News\",\"description\":\"Site de Not\u00edcias de Barretos e regi\u00e3o\",\"publisher\":{\"@id\":\"https:\\\/\\\/regiaonews.net.br\\\/2022\\\/#organization\"},\"potentialAction\":[{\"@type\":\"SearchAction\",\"target\":{\"@type\":\"EntryPoint\",\"urlTemplate\":\"https:\\\/\\\/regiaonews.net.br\\\/2022\\\/?s={search_term_string}\"},\"query-input\":{\"@type\":\"PropertyValueSpecification\",\"valueRequired\":true,\"valueName\":\"search_term_string\"}}],\"inLanguage\":\"pt-BR\"},{\"@type\":\"Organization\",\"@id\":\"https:\\\/\\\/regiaonews.net.br\\\/2022\\\/#organization\",\"name\":\"Regi\u00e3o News\",\"url\":\"https:\\\/\\\/regiaonews.net.br\\\/2022\\\/\",\"logo\":{\"@type\":\"ImageObject\",\"inLanguage\":\"pt-BR\",\"@id\":\"https:\\\/\\\/regiaonews.net.br\\\/2022\\\/#\\\/schema\\\/logo\\\/image\\\/\",\"url\":\"https:\\\/\\\/regiaonews.net.br\\\/2022\\\/wp-content\\\/uploads\\\/2026\\\/03\\\/regiao-13-anos-scaled.jpg\",\"contentUrl\":\"https:\\\/\\\/regiaonews.net.br\\\/2022\\\/wp-content\\\/uploads\\\/2026\\\/03\\\/regiao-13-anos-scaled.jpg\",\"width\":2560,\"height\":635,\"caption\":\"Regi\u00e3o News\"},\"image\":{\"@id\":\"https:\\\/\\\/regiaonews.net.br\\\/2022\\\/#\\\/schema\\\/logo\\\/image\\\/\"}},{\"@type\":\"Person\",\"@id\":\"https:\\\/\\\/regiaonews.net.br\\\/2022\\\/#\\\/schema\\\/person\\\/2d205a608a5aa97ac279d7a5e6d89ad8\",\"name\":\"Roberto\",\"image\":{\"@type\":\"ImageObject\",\"inLanguage\":\"pt-BR\",\"@id\":\"https:\\\/\\\/secure.gravatar.com\\\/avatar\\\/42749d8b712ff9d59ca93dc150494e5b55a44134482993f5baeb97e61b7ecc89?s=96&d=mm&r=g\",\"url\":\"https:\\\/\\\/secure.gravatar.com\\\/avatar\\\/42749d8b712ff9d59ca93dc150494e5b55a44134482993f5baeb97e61b7ecc89?s=96&d=mm&r=g\",\"contentUrl\":\"https:\\\/\\\/secure.gravatar.com\\\/avatar\\\/42749d8b712ff9d59ca93dc150494e5b55a44134482993f5baeb97e61b7ecc89?s=96&d=mm&r=g\",\"caption\":\"Roberto\"},\"url\":\"https:\\\/\\\/regiaonews.net.br\\\/2022\\\/author\\\/roberto\\\/\"}]}<\/script>\n<!-- \/ Yoast SEO plugin. -->","yoast_head_json":{"title":"UNIFEB abre inscri\u00e7\u00f5es para transfer\u00eancia, reingresso e segunda","description":"Quem tem interesse em transferir, reingressar ou fazer uma segunda gradua\u00e7\u00e3o no UNIFEB (Centro Universit\u00e1rio da Funda\u00e7\u00e3o Educacional","robots":{"index":"index","follow":"follow","max-snippet":"max-snippet:-1","max-image-preview":"max-image-preview:large","max-video-preview":"max-video-preview:-1"},"canonical":"https:\/\/regiaonews.net.br\/2022\/2023\/11\/27\/unifeb-abre-inscricoes-para-transferencia-reingresso-e-segunda-graduacao-para-2024\/","og_locale":"pt_BR","og_type":"article","og_title":"UNIFEB abre inscri\u00e7\u00f5es para transfer\u00eancia, reingresso e segunda","og_description":"Quem tem interesse em transferir, reingressar ou fazer uma segunda gradua\u00e7\u00e3o no UNIFEB (Centro Universit\u00e1rio da Funda\u00e7\u00e3o Educacional","og_url":"https:\/\/regiaonews.net.br\/2022\/2023\/11\/27\/unifeb-abre-inscricoes-para-transferencia-reingresso-e-segunda-graduacao-para-2024\/","og_site_name":"Regi\u00e3o News","article_published_time":"2023-11-27T19:37:20+00:00","og_image":[{"width":1080,"height":1080,"url":"https:\/\/regiaonews.net.br\/2022\/wp-content\/uploads\/2023\/11\/UNIFEB.jpg","type":"image\/jpeg"}],"author":"Roberto","twitter_card":"summary_large_image","twitter_misc":{"Escrito por":"Roberto","Est. tempo de leitura":"2 minutos"},"schema":{"@context":"https:\/\/schema.org","@graph":[{"@type":"Article","@id":"https:\/\/regiaonews.net.br\/2022\/2023\/11\/27\/unifeb-abre-inscricoes-para-transferencia-reingresso-e-segunda-graduacao-para-2024\/#article","isPartOf":{"@id":"https:\/\/regiaonews.net.br\/2022\/2023\/11\/27\/unifeb-abre-inscricoes-para-transferencia-reingresso-e-segunda-graduacao-para-2024\/"},"author":{"name":"Roberto","@id":"https:\/\/regiaonews.net.br\/2022\/#\/schema\/person\/2d205a608a5aa97ac279d7a5e6d89ad8"},"headline":"UNIFEB abre inscri\u00e7\u00f5es para transfer\u00eancia, reingresso e segunda gradua\u00e7\u00e3o para 2024","datePublished":"2023-11-27T19:37:20+00:00","mainEntityOfPage":{"@id":"https:\/\/regiaonews.net.br\/2022\/2023\/11\/27\/unifeb-abre-inscricoes-para-transferencia-reingresso-e-segunda-graduacao-para-2024\/"},"wordCount":313,"commentCount":0,"publisher":{"@id":"https:\/\/regiaonews.net.br\/2022\/#organization"},"image":{"@id":"https:\/\/regiaonews.net.br\/2022\/2023\/11\/27\/unifeb-abre-inscricoes-para-transferencia-reingresso-e-segunda-graduacao-para-2024\/#primaryimage"},"thumbnailUrl":"https:\/\/regiaonews.net.br\/2022\/wp-content\/uploads\/2023\/11\/UNIFEB.jpg","articleSection":["Barretos","Cidades"],"inLanguage":"pt-BR","potentialAction":[{"@type":"CommentAction","name":"Comment","target":["https:\/\/regiaonews.net.br\/2022\/2023\/11\/27\/unifeb-abre-inscricoes-para-transferencia-reingresso-e-segunda-graduacao-para-2024\/#respond"]}]},{"@type":"WebPage","@id":"https:\/\/regiaonews.net.br\/2022\/2023\/11\/27\/unifeb-abre-inscricoes-para-transferencia-reingresso-e-segunda-graduacao-para-2024\/","url":"https:\/\/regiaonews.net.br\/2022\/2023\/11\/27\/unifeb-abre-inscricoes-para-transferencia-reingresso-e-segunda-graduacao-para-2024\/","name":"UNIFEB abre inscri\u00e7\u00f5es para transfer\u00eancia, reingresso e segunda","isPartOf":{"@id":"https:\/\/regiaonews.net.br\/2022\/#website"},"primaryImageOfPage":{"@id":"https:\/\/regiaonews.net.br\/2022\/2023\/11\/27\/unifeb-abre-inscricoes-para-transferencia-reingresso-e-segunda-graduacao-para-2024\/#primaryimage"},"image":{"@id":"https:\/\/regiaonews.net.br\/2022\/2023\/11\/27\/unifeb-abre-inscricoes-para-transferencia-reingresso-e-segunda-graduacao-para-2024\/#primaryimage"},"thumbnailUrl":"https:\/\/regiaonews.net.br\/2022\/wp-content\/uploads\/2023\/11\/UNIFEB.jpg","datePublished":"2023-11-27T19:37:20+00:00","description":"Quem tem interesse em transferir, reingressar ou fazer uma segunda gradua\u00e7\u00e3o no UNIFEB (Centro Universit\u00e1rio da Funda\u00e7\u00e3o Educacional","breadcrumb":{"@id":"https:\/\/regiaonews.net.br\/2022\/2023\/11\/27\/unifeb-abre-inscricoes-para-transferencia-reingresso-e-segunda-graduacao-para-2024\/#breadcrumb"},"inLanguage":"pt-BR","potentialAction":[{"@type":"ReadAction","target":["https:\/\/regiaonews.net.br\/2022\/2023\/11\/27\/unifeb-abre-inscricoes-para-transferencia-reingresso-e-segunda-graduacao-para-2024\/"]}]},{"@type":"ImageObject","inLanguage":"pt-BR","@id":"https:\/\/regiaonews.net.br\/2022\/2023\/11\/27\/unifeb-abre-inscricoes-para-transferencia-reingresso-e-segunda-graduacao-para-2024\/#primaryimage","url":"https:\/\/regiaonews.net.br\/2022\/wp-content\/uploads\/2023\/11\/UNIFEB.jpg","contentUrl":"https:\/\/regiaonews.net.br\/2022\/wp-content\/uploads\/2023\/11\/UNIFEB.jpg","width":1080,"height":1080},{"@type":"BreadcrumbList","@id":"https:\/\/regiaonews.net.br\/2022\/2023\/11\/27\/unifeb-abre-inscricoes-para-transferencia-reingresso-e-segunda-graduacao-para-2024\/#breadcrumb","itemListElement":[{"@type":"ListItem","position":1,"name":"In\u00edcio","item":"https:\/\/regiaonews.net.br\/2022\/"},{"@type":"ListItem","position":2,"name":"UNIFEB abre inscri\u00e7\u00f5es para transfer\u00eancia, reingresso e segunda gradua\u00e7\u00e3o para 2024"}]},{"@type":"WebSite","@id":"https:\/\/regiaonews.net.br\/2022\/#website","url":"https:\/\/regiaonews.net.br\/2022\/","name":"Regi\u00e3o News","description":"Site de Not\u00edcias de Barretos e regi\u00e3o","publisher":{"@id":"https:\/\/regiaonews.net.br\/2022\/#organization"},"potentialAction":[{"@type":"SearchAction","target":{"@type":"EntryPoint","urlTemplate":"https:\/\/regiaonews.net.br\/2022\/?s={search_term_string}"},"query-input":{"@type":"PropertyValueSpecification","valueRequired":true,"valueName":"search_term_string"}}],"inLanguage":"pt-BR"},{"@type":"Organization","@id":"https:\/\/regiaonews.net.br\/2022\/#organization","name":"Regi\u00e3o News","url":"https:\/\/regiaonews.net.br\/2022\/","logo":{"@type":"ImageObject","inLanguage":"pt-BR","@id":"https:\/\/regiaonews.net.br\/2022\/#\/schema\/logo\/image\/","url":"https:\/\/regiaonews.net.br\/2022\/wp-content\/uploads\/2026\/03\/regiao-13-anos-scaled.jpg","contentUrl":"https:\/\/regiaonews.net.br\/2022\/wp-content\/uploads\/2026\/03\/regiao-13-anos-scaled.jpg","width":2560,"height":635,"caption":"Regi\u00e3o News"},"image":{"@id":"https:\/\/regiaonews.net.br\/2022\/#\/schema\/logo\/image\/"}},{"@type":"Person","@id":"https:\/\/regiaonews.net.br\/2022\/#\/schema\/person\/2d205a608a5aa97ac279d7a5e6d89ad8","name":"Roberto","image":{"@type":"ImageObject","inLanguage":"pt-BR","@id":"https:\/\/secure.gravatar.com\/avatar\/42749d8b712ff9d59ca93dc150494e5b55a44134482993f5baeb97e61b7ecc89?s=96&d=mm&r=g","url":"https:\/\/secure.gravatar.com\/avatar\/42749d8b712ff9d59ca93dc150494e5b55a44134482993f5baeb97e61b7ecc89?s=96&d=mm&r=g","contentUrl":"https:\/\/secure.gravatar.com\/avatar\/42749d8b712ff9d59ca93dc150494e5b55a44134482993f5baeb97e61b7ecc89?s=96&d=mm&r=g","caption":"Roberto"},"url":"https:\/\/regiaonews.net.br\/2022\/author\/roberto\/"}]}},"publishpress_future_action":{"enabled":false,"date":"2026-05-04 08:57:06","action":"change-status","newStatus":"draft","terms":[],"taxonomy":"category","extraData":[]},"publishpress_future_workflow_manual_trigger":{"enabledWorkflows":[]},"_links":{"self":[{"href":"https:\/\/regiaonews.net.br\/2022\/wp-json\/wp\/v2\/posts\/98273","targetHints":{"allow":["GET"]}}],"collection":[{"href":"https:\/\/regiaonews.net.br\/2022\/wp-json\/wp\/v2\/posts"}],"about":[{"href":"https:\/\/regiaonews.net.br\/2022\/wp-json\/wp\/v2\/types\/post"}],"author":[{"embeddable":true,"href":"https:\/\/regiaonews.net.br\/2022\/wp-json\/wp\/v2\/users\/2"}],"replies":[{"embeddable":true,"href":"https:\/\/regiaonews.net.br\/2022\/wp-json\/wp\/v2\/comments?post=98273"}],"version-history":[{"count":1,"href":"https:\/\/regiaonews.net.br\/2022\/wp-json\/wp\/v2\/posts\/98273\/revisions"}],"predecessor-version":[{"id":98275,"href":"https:\/\/regiaonews.net.br\/2022\/wp-json\/wp\/v2\/posts\/98273\/revisions\/98275"}],"wp:featuredmedia":[{"embeddable":true,"href":"https:\/\/regiaonews.net.br\/2022\/wp-json\/wp\/v2\/media\/98274"}],"wp:attachment":[{"href":"https:\/\/regiaonews.net.br\/2022\/wp-json\/wp\/v2\/media?parent=98273"}],"wp:term":[{"taxonomy":"category","embeddable":true,"href":"https:\/\/regiaonews.net.br\/2022\/wp-json\/wp\/v2\/categories?post=98273"},{"taxonomy":"post_tag","embeddable":true,"href":"https:\/\/regiaonews.net.br\/2022\/wp-json\/wp\/v2\/tags?post=98273"}],"curies":[{"name":"wp","href":"https:\/\/api.w.org\/{rel}","templated":true}]}}