{"id":98270,"date":"2023-11-27T13:16:24","date_gmt":"2023-11-27T16:16:24","guid":{"rendered":"https:\/\/regiaonews.net.br\/2022\/?p=98270"},"modified":"2023-11-27T13:16:24","modified_gmt":"2023-11-27T16:16:24","slug":"policia-aponta-que-paralisacao-da-linha-esmeralda-durante-greve-foi-causada-por-sabotagem","status":"publish","type":"post","link":"https:\/\/regiaonews.net.br\/2022\/2023\/11\/27\/policia-aponta-que-paralisacao-da-linha-esmeralda-durante-greve-foi-causada-por-sabotagem\/","title":{"rendered":"Pol\u00edcia aponta que paralisa\u00e7\u00e3o da Linha Esmeralda durante greve foi causada por sabotagem"},"content":{"rendered":"<div class=\"col-lg-12 mt-4 justify\"><\/div>\n<div class=\"col-lg-12 justify\">\n<h3 style=\"text-align: center;\">Investiga\u00e7\u00f5es identificaram diferentes pontos da linha que foram atacados por criminosos; a\u00e7\u00e3o prejudicou milh\u00f5es de passageiros.<\/h3>\n<\/div>\n<div class=\"col-lg-12 mt-3 justify\">\n<div>\n<div>A Pol\u00edcia Civil apontou que a paralisa\u00e7\u00e3o dos trens na Linha Esmeralda no dia 3 de outubro, durante a greve de metrovi\u00e1rios e ferrovi\u00e1rios, foi causada por sabotagem em diferentes pontos da linha. A a\u00e7\u00e3o criminosa atrasou o restabelecimento do sistema em v\u00e1rias horas e prejudicou milh\u00f5es de passageiros.<\/div>\n<div><\/div>\n<div>Realizada pelas equipes do 27\u00ba Distrito Policial (Campo Belo), a investiga\u00e7\u00e3o ouviu diversas testemunhas, incluindo funcion\u00e1rios da empresa, que relataram terem encontrados v\u00e1rios objetos que foram arremessados tanto na rede a\u00e9rea de energia do sistema quanto na linha f\u00e9rrea.<\/div>\n<div><\/div>\n<div>Em um ponto da linha, pr\u00f3ximo da esta\u00e7\u00e3o Aut\u00f3dromo, tamb\u00e9m foram identificados sinais de vandalismo em uma m\u00e1quina de chaveamento de via. A fia\u00e7\u00e3o do equipamento foi completamente arrancada, impedindo o restabelecimento do sistema. As informa\u00e7\u00f5es constam no laudo elaborado pelo Instituto de Criminal\u00edstica. O documento tamb\u00e9m mostra os locais onde o gradil de prote\u00e7\u00e3o foi aberto para a entrada dos criminosos da linha f\u00e9rrea.<\/div>\n<div><\/div>\n<div>As equipes do 27\u00ba DP analisaram imagens de diferentes c\u00e2meras de seguran\u00e7a instaladas ao longo da via, contudo, nos pontos onde houve sabotagem, n\u00e3o havia monitoramento. A pol\u00edcia acredita que os criminosos tenham escolhido estes pontos para n\u00e3o serem identificados.<\/div>\n<div><\/div>\n<div>\u201cForam realizadas varreduras nos pontos onde os objetos foram arremessados, que n\u00e3o possuem c\u00e2meras. N\u00e3o foi poss\u00edvel identificar os autores, mas verificamos que houve atentados em diversos pontos da linha, com arremesso de objetos estranhos ao sistema nas esta\u00e7\u00f5es de Osasco a Interlagos, que foram apreendidos.&#8221;, disse o doutor Eduardo Lu\u00eds Ferreira, delegado titular do 27\u00ba DP.<\/div>\n<div><\/div>\n<div>O inqu\u00e9rito agora ser\u00e1 conclu\u00eddo e relatado para an\u00e1lise do Minist\u00e9rio P\u00fablico e Poder Judici\u00e1rio.<\/div>\n<\/div>\n<\/div>\n","protected":false},"excerpt":{"rendered":"<p>Investiga\u00e7\u00f5es identificaram diferentes pontos da linha que foram atacados por<\/p>\n","protected":false},"author":2,"featured_media":98271,"comment_status":"open","ping_status":"open","sticky":false,"template":"","format":"standard","meta":{"footnotes":""},"categories":[7,23],"tags":[],"class_list":["post-98270","post","type-post","status-publish","format-standard","has-post-thumbnail","hentry","category-estado-de-sao-paulo","category-policia"],"yoast_head":"<!-- This site is optimized with the Yoast SEO plugin v27.4 - https:\/\/yoast.com\/product\/yoast-seo-wordpress\/ -->\n<title>Pol\u00edcia aponta que paralisa\u00e7\u00e3o da Linha Esmeralda durante greve foi causada por sabotagem - Regi\u00e3o News<\/title>\n<meta name=\"robots\" content=\"index, follow, max-snippet:-1, max-image-preview:large, max-video-preview:-1\" \/>\n<link rel=\"canonical\" href=\"https:\/\/regiaonews.net.br\/2022\/2023\/11\/27\/policia-aponta-que-paralisacao-da-linha-esmeralda-durante-greve-foi-causada-por-sabotagem\/\" \/>\n<meta property=\"og:locale\" content=\"pt_BR\" \/>\n<meta property=\"og:type\" content=\"article\" \/>\n<meta property=\"og:title\" content=\"Pol\u00edcia aponta que paralisa\u00e7\u00e3o da Linha Esmeralda durante greve foi causada por sabotagem - Regi\u00e3o News\" \/>\n<meta property=\"og:description\" content=\"Investiga\u00e7\u00f5es identificaram diferentes pontos da linha que foram atacados por\" \/>\n<meta property=\"og:url\" content=\"https:\/\/regiaonews.net.br\/2022\/2023\/11\/27\/policia-aponta-que-paralisacao-da-linha-esmeralda-durante-greve-foi-causada-por-sabotagem\/\" \/>\n<meta property=\"og:site_name\" content=\"Regi\u00e3o News\" \/>\n<meta property=\"article:published_time\" content=\"2023-11-27T16:16:24+00:00\" \/>\n<meta property=\"og:image\" content=\"https:\/\/regiaonews.net.br\/2022\/wp-content\/uploads\/2023\/11\/00052217.jpg\" \/>\n\t<meta property=\"og:image:width\" content=\"429\" \/>\n\t<meta property=\"og:image:height\" content=\"386\" \/>\n\t<meta property=\"og:image:type\" content=\"image\/jpeg\" \/>\n<meta name=\"author\" content=\"Roberto\" \/>\n<meta name=\"twitter:card\" content=\"summary_large_image\" \/>\n<meta name=\"twitter:label1\" content=\"Escrito por\" \/>\n\t<meta name=\"twitter:data1\" content=\"Roberto\" \/>\n\t<meta name=\"twitter:label2\" content=\"Est. tempo de leitura\" \/>\n\t<meta name=\"twitter:data2\" content=\"2 minutos\" \/>\n<script type=\"application\/ld+json\" class=\"yoast-schema-graph\">{\"@context\":\"https:\\\/\\\/schema.org\",\"@graph\":[{\"@type\":\"Article\",\"@id\":\"https:\\\/\\\/regiaonews.net.br\\\/2022\\\/2023\\\/11\\\/27\\\/policia-aponta-que-paralisacao-da-linha-esmeralda-durante-greve-foi-causada-por-sabotagem\\\/#article\",\"isPartOf\":{\"@id\":\"https:\\\/\\\/regiaonews.net.br\\\/2022\\\/2023\\\/11\\\/27\\\/policia-aponta-que-paralisacao-da-linha-esmeralda-durante-greve-foi-causada-por-sabotagem\\\/\"},\"author\":{\"name\":\"Roberto\",\"@id\":\"https:\\\/\\\/regiaonews.net.br\\\/2022\\\/#\\\/schema\\\/person\\\/2d205a608a5aa97ac279d7a5e6d89ad8\"},\"headline\":\"Pol\u00edcia aponta que paralisa\u00e7\u00e3o da Linha Esmeralda durante greve foi causada por sabotagem\",\"datePublished\":\"2023-11-27T16:16:24+00:00\",\"mainEntityOfPage\":{\"@id\":\"https:\\\/\\\/regiaonews.net.br\\\/2022\\\/2023\\\/11\\\/27\\\/policia-aponta-que-paralisacao-da-linha-esmeralda-durante-greve-foi-causada-por-sabotagem\\\/\"},\"wordCount\":335,\"commentCount\":0,\"publisher\":{\"@id\":\"https:\\\/\\\/regiaonews.net.br\\\/2022\\\/#organization\"},\"image\":{\"@id\":\"https:\\\/\\\/regiaonews.net.br\\\/2022\\\/2023\\\/11\\\/27\\\/policia-aponta-que-paralisacao-da-linha-esmeralda-durante-greve-foi-causada-por-sabotagem\\\/#primaryimage\"},\"thumbnailUrl\":\"https:\\\/\\\/regiaonews.net.br\\\/2022\\\/wp-content\\\/uploads\\\/2023\\\/11\\\/00052217.jpg\",\"articleSection\":[\"Estado de S\u00e3o Paulo\",\"Policia\"],\"inLanguage\":\"pt-BR\",\"potentialAction\":[{\"@type\":\"CommentAction\",\"name\":\"Comment\",\"target\":[\"https:\\\/\\\/regiaonews.net.br\\\/2022\\\/2023\\\/11\\\/27\\\/policia-aponta-que-paralisacao-da-linha-esmeralda-durante-greve-foi-causada-por-sabotagem\\\/#respond\"]}]},{\"@type\":\"WebPage\",\"@id\":\"https:\\\/\\\/regiaonews.net.br\\\/2022\\\/2023\\\/11\\\/27\\\/policia-aponta-que-paralisacao-da-linha-esmeralda-durante-greve-foi-causada-por-sabotagem\\\/\",\"url\":\"https:\\\/\\\/regiaonews.net.br\\\/2022\\\/2023\\\/11\\\/27\\\/policia-aponta-que-paralisacao-da-linha-esmeralda-durante-greve-foi-causada-por-sabotagem\\\/\",\"name\":\"Pol\u00edcia aponta que paralisa\u00e7\u00e3o da Linha Esmeralda durante greve foi causada por sabotagem - Regi\u00e3o News\",\"isPartOf\":{\"@id\":\"https:\\\/\\\/regiaonews.net.br\\\/2022\\\/#website\"},\"primaryImageOfPage\":{\"@id\":\"https:\\\/\\\/regiaonews.net.br\\\/2022\\\/2023\\\/11\\\/27\\\/policia-aponta-que-paralisacao-da-linha-esmeralda-durante-greve-foi-causada-por-sabotagem\\\/#primaryimage\"},\"image\":{\"@id\":\"https:\\\/\\\/regiaonews.net.br\\\/2022\\\/2023\\\/11\\\/27\\\/policia-aponta-que-paralisacao-da-linha-esmeralda-durante-greve-foi-causada-por-sabotagem\\\/#primaryimage\"},\"thumbnailUrl\":\"https:\\\/\\\/regiaonews.net.br\\\/2022\\\/wp-content\\\/uploads\\\/2023\\\/11\\\/00052217.jpg\",\"datePublished\":\"2023-11-27T16:16:24+00:00\",\"breadcrumb\":{\"@id\":\"https:\\\/\\\/regiaonews.net.br\\\/2022\\\/2023\\\/11\\\/27\\\/policia-aponta-que-paralisacao-da-linha-esmeralda-durante-greve-foi-causada-por-sabotagem\\\/#breadcrumb\"},\"inLanguage\":\"pt-BR\",\"potentialAction\":[{\"@type\":\"ReadAction\",\"target\":[\"https:\\\/\\\/regiaonews.net.br\\\/2022\\\/2023\\\/11\\\/27\\\/policia-aponta-que-paralisacao-da-linha-esmeralda-durante-greve-foi-causada-por-sabotagem\\\/\"]}]},{\"@type\":\"ImageObject\",\"inLanguage\":\"pt-BR\",\"@id\":\"https:\\\/\\\/regiaonews.net.br\\\/2022\\\/2023\\\/11\\\/27\\\/policia-aponta-que-paralisacao-da-linha-esmeralda-durante-greve-foi-causada-por-sabotagem\\\/#primaryimage\",\"url\":\"https:\\\/\\\/regiaonews.net.br\\\/2022\\\/wp-content\\\/uploads\\\/2023\\\/11\\\/00052217.jpg\",\"contentUrl\":\"https:\\\/\\\/regiaonews.net.br\\\/2022\\\/wp-content\\\/uploads\\\/2023\\\/11\\\/00052217.jpg\",\"width\":429,\"height\":386},{\"@type\":\"BreadcrumbList\",\"@id\":\"https:\\\/\\\/regiaonews.net.br\\\/2022\\\/2023\\\/11\\\/27\\\/policia-aponta-que-paralisacao-da-linha-esmeralda-durante-greve-foi-causada-por-sabotagem\\\/#breadcrumb\",\"itemListElement\":[{\"@type\":\"ListItem\",\"position\":1,\"name\":\"In\u00edcio\",\"item\":\"https:\\\/\\\/regiaonews.net.br\\\/2022\\\/\"},{\"@type\":\"ListItem\",\"position\":2,\"name\":\"Pol\u00edcia aponta que paralisa\u00e7\u00e3o da Linha Esmeralda durante greve foi causada por sabotagem\"}]},{\"@type\":\"WebSite\",\"@id\":\"https:\\\/\\\/regiaonews.net.br\\\/2022\\\/#website\",\"url\":\"https:\\\/\\\/regiaonews.net.br\\\/2022\\\/\",\"name\":\"Regi\u00e3o News\",\"description\":\"Site de Not\u00edcias de Barretos e regi\u00e3o\",\"publisher\":{\"@id\":\"https:\\\/\\\/regiaonews.net.br\\\/2022\\\/#organization\"},\"potentialAction\":[{\"@type\":\"SearchAction\",\"target\":{\"@type\":\"EntryPoint\",\"urlTemplate\":\"https:\\\/\\\/regiaonews.net.br\\\/2022\\\/?s={search_term_string}\"},\"query-input\":{\"@type\":\"PropertyValueSpecification\",\"valueRequired\":true,\"valueName\":\"search_term_string\"}}],\"inLanguage\":\"pt-BR\"},{\"@type\":\"Organization\",\"@id\":\"https:\\\/\\\/regiaonews.net.br\\\/2022\\\/#organization\",\"name\":\"Regi\u00e3o News\",\"url\":\"https:\\\/\\\/regiaonews.net.br\\\/2022\\\/\",\"logo\":{\"@type\":\"ImageObject\",\"inLanguage\":\"pt-BR\",\"@id\":\"https:\\\/\\\/regiaonews.net.br\\\/2022\\\/#\\\/schema\\\/logo\\\/image\\\/\",\"url\":\"https:\\\/\\\/regiaonews.net.br\\\/2022\\\/wp-content\\\/uploads\\\/2026\\\/03\\\/regiao-13-anos-scaled.jpg\",\"contentUrl\":\"https:\\\/\\\/regiaonews.net.br\\\/2022\\\/wp-content\\\/uploads\\\/2026\\\/03\\\/regiao-13-anos-scaled.jpg\",\"width\":2560,\"height\":635,\"caption\":\"Regi\u00e3o News\"},\"image\":{\"@id\":\"https:\\\/\\\/regiaonews.net.br\\\/2022\\\/#\\\/schema\\\/logo\\\/image\\\/\"}},{\"@type\":\"Person\",\"@id\":\"https:\\\/\\\/regiaonews.net.br\\\/2022\\\/#\\\/schema\\\/person\\\/2d205a608a5aa97ac279d7a5e6d89ad8\",\"name\":\"Roberto\",\"image\":{\"@type\":\"ImageObject\",\"inLanguage\":\"pt-BR\",\"@id\":\"https:\\\/\\\/secure.gravatar.com\\\/avatar\\\/42749d8b712ff9d59ca93dc150494e5b55a44134482993f5baeb97e61b7ecc89?s=96&d=mm&r=g\",\"url\":\"https:\\\/\\\/secure.gravatar.com\\\/avatar\\\/42749d8b712ff9d59ca93dc150494e5b55a44134482993f5baeb97e61b7ecc89?s=96&d=mm&r=g\",\"contentUrl\":\"https:\\\/\\\/secure.gravatar.com\\\/avatar\\\/42749d8b712ff9d59ca93dc150494e5b55a44134482993f5baeb97e61b7ecc89?s=96&d=mm&r=g\",\"caption\":\"Roberto\"},\"url\":\"https:\\\/\\\/regiaonews.net.br\\\/2022\\\/author\\\/roberto\\\/\"}]}<\/script>\n<!-- \/ Yoast SEO plugin. -->","yoast_head_json":{"title":"Pol\u00edcia aponta que paralisa\u00e7\u00e3o da Linha Esmeralda durante greve foi causada por sabotagem - Regi\u00e3o News","robots":{"index":"index","follow":"follow","max-snippet":"max-snippet:-1","max-image-preview":"max-image-preview:large","max-video-preview":"max-video-preview:-1"},"canonical":"https:\/\/regiaonews.net.br\/2022\/2023\/11\/27\/policia-aponta-que-paralisacao-da-linha-esmeralda-durante-greve-foi-causada-por-sabotagem\/","og_locale":"pt_BR","og_type":"article","og_title":"Pol\u00edcia aponta que paralisa\u00e7\u00e3o da Linha Esmeralda durante greve foi causada por sabotagem - Regi\u00e3o News","og_description":"Investiga\u00e7\u00f5es identificaram diferentes pontos da linha que foram atacados por","og_url":"https:\/\/regiaonews.net.br\/2022\/2023\/11\/27\/policia-aponta-que-paralisacao-da-linha-esmeralda-durante-greve-foi-causada-por-sabotagem\/","og_site_name":"Regi\u00e3o News","article_published_time":"2023-11-27T16:16:24+00:00","og_image":[{"width":429,"height":386,"url":"https:\/\/regiaonews.net.br\/2022\/wp-content\/uploads\/2023\/11\/00052217.jpg","type":"image\/jpeg"}],"author":"Roberto","twitter_card":"summary_large_image","twitter_misc":{"Escrito por":"Roberto","Est. tempo de leitura":"2 minutos"},"schema":{"@context":"https:\/\/schema.org","@graph":[{"@type":"Article","@id":"https:\/\/regiaonews.net.br\/2022\/2023\/11\/27\/policia-aponta-que-paralisacao-da-linha-esmeralda-durante-greve-foi-causada-por-sabotagem\/#article","isPartOf":{"@id":"https:\/\/regiaonews.net.br\/2022\/2023\/11\/27\/policia-aponta-que-paralisacao-da-linha-esmeralda-durante-greve-foi-causada-por-sabotagem\/"},"author":{"name":"Roberto","@id":"https:\/\/regiaonews.net.br\/2022\/#\/schema\/person\/2d205a608a5aa97ac279d7a5e6d89ad8"},"headline":"Pol\u00edcia aponta que paralisa\u00e7\u00e3o da Linha Esmeralda durante greve foi causada por sabotagem","datePublished":"2023-11-27T16:16:24+00:00","mainEntityOfPage":{"@id":"https:\/\/regiaonews.net.br\/2022\/2023\/11\/27\/policia-aponta-que-paralisacao-da-linha-esmeralda-durante-greve-foi-causada-por-sabotagem\/"},"wordCount":335,"commentCount":0,"publisher":{"@id":"https:\/\/regiaonews.net.br\/2022\/#organization"},"image":{"@id":"https:\/\/regiaonews.net.br\/2022\/2023\/11\/27\/policia-aponta-que-paralisacao-da-linha-esmeralda-durante-greve-foi-causada-por-sabotagem\/#primaryimage"},"thumbnailUrl":"https:\/\/regiaonews.net.br\/2022\/wp-content\/uploads\/2023\/11\/00052217.jpg","articleSection":["Estado de S\u00e3o Paulo","Policia"],"inLanguage":"pt-BR","potentialAction":[{"@type":"CommentAction","name":"Comment","target":["https:\/\/regiaonews.net.br\/2022\/2023\/11\/27\/policia-aponta-que-paralisacao-da-linha-esmeralda-durante-greve-foi-causada-por-sabotagem\/#respond"]}]},{"@type":"WebPage","@id":"https:\/\/regiaonews.net.br\/2022\/2023\/11\/27\/policia-aponta-que-paralisacao-da-linha-esmeralda-durante-greve-foi-causada-por-sabotagem\/","url":"https:\/\/regiaonews.net.br\/2022\/2023\/11\/27\/policia-aponta-que-paralisacao-da-linha-esmeralda-durante-greve-foi-causada-por-sabotagem\/","name":"Pol\u00edcia aponta que paralisa\u00e7\u00e3o da Linha Esmeralda durante greve foi causada por sabotagem - Regi\u00e3o News","isPartOf":{"@id":"https:\/\/regiaonews.net.br\/2022\/#website"},"primaryImageOfPage":{"@id":"https:\/\/regiaonews.net.br\/2022\/2023\/11\/27\/policia-aponta-que-paralisacao-da-linha-esmeralda-durante-greve-foi-causada-por-sabotagem\/#primaryimage"},"image":{"@id":"https:\/\/regiaonews.net.br\/2022\/2023\/11\/27\/policia-aponta-que-paralisacao-da-linha-esmeralda-durante-greve-foi-causada-por-sabotagem\/#primaryimage"},"thumbnailUrl":"https:\/\/regiaonews.net.br\/2022\/wp-content\/uploads\/2023\/11\/00052217.jpg","datePublished":"2023-11-27T16:16:24+00:00","breadcrumb":{"@id":"https:\/\/regiaonews.net.br\/2022\/2023\/11\/27\/policia-aponta-que-paralisacao-da-linha-esmeralda-durante-greve-foi-causada-por-sabotagem\/#breadcrumb"},"inLanguage":"pt-BR","potentialAction":[{"@type":"ReadAction","target":["https:\/\/regiaonews.net.br\/2022\/2023\/11\/27\/policia-aponta-que-paralisacao-da-linha-esmeralda-durante-greve-foi-causada-por-sabotagem\/"]}]},{"@type":"ImageObject","inLanguage":"pt-BR","@id":"https:\/\/regiaonews.net.br\/2022\/2023\/11\/27\/policia-aponta-que-paralisacao-da-linha-esmeralda-durante-greve-foi-causada-por-sabotagem\/#primaryimage","url":"https:\/\/regiaonews.net.br\/2022\/wp-content\/uploads\/2023\/11\/00052217.jpg","contentUrl":"https:\/\/regiaonews.net.br\/2022\/wp-content\/uploads\/2023\/11\/00052217.jpg","width":429,"height":386},{"@type":"BreadcrumbList","@id":"https:\/\/regiaonews.net.br\/2022\/2023\/11\/27\/policia-aponta-que-paralisacao-da-linha-esmeralda-durante-greve-foi-causada-por-sabotagem\/#breadcrumb","itemListElement":[{"@type":"ListItem","position":1,"name":"In\u00edcio","item":"https:\/\/regiaonews.net.br\/2022\/"},{"@type":"ListItem","position":2,"name":"Pol\u00edcia aponta que paralisa\u00e7\u00e3o da Linha Esmeralda durante greve foi causada por sabotagem"}]},{"@type":"WebSite","@id":"https:\/\/regiaonews.net.br\/2022\/#website","url":"https:\/\/regiaonews.net.br\/2022\/","name":"Regi\u00e3o News","description":"Site de Not\u00edcias de Barretos e regi\u00e3o","publisher":{"@id":"https:\/\/regiaonews.net.br\/2022\/#organization"},"potentialAction":[{"@type":"SearchAction","target":{"@type":"EntryPoint","urlTemplate":"https:\/\/regiaonews.net.br\/2022\/?s={search_term_string}"},"query-input":{"@type":"PropertyValueSpecification","valueRequired":true,"valueName":"search_term_string"}}],"inLanguage":"pt-BR"},{"@type":"Organization","@id":"https:\/\/regiaonews.net.br\/2022\/#organization","name":"Regi\u00e3o News","url":"https:\/\/regiaonews.net.br\/2022\/","logo":{"@type":"ImageObject","inLanguage":"pt-BR","@id":"https:\/\/regiaonews.net.br\/2022\/#\/schema\/logo\/image\/","url":"https:\/\/regiaonews.net.br\/2022\/wp-content\/uploads\/2026\/03\/regiao-13-anos-scaled.jpg","contentUrl":"https:\/\/regiaonews.net.br\/2022\/wp-content\/uploads\/2026\/03\/regiao-13-anos-scaled.jpg","width":2560,"height":635,"caption":"Regi\u00e3o News"},"image":{"@id":"https:\/\/regiaonews.net.br\/2022\/#\/schema\/logo\/image\/"}},{"@type":"Person","@id":"https:\/\/regiaonews.net.br\/2022\/#\/schema\/person\/2d205a608a5aa97ac279d7a5e6d89ad8","name":"Roberto","image":{"@type":"ImageObject","inLanguage":"pt-BR","@id":"https:\/\/secure.gravatar.com\/avatar\/42749d8b712ff9d59ca93dc150494e5b55a44134482993f5baeb97e61b7ecc89?s=96&d=mm&r=g","url":"https:\/\/secure.gravatar.com\/avatar\/42749d8b712ff9d59ca93dc150494e5b55a44134482993f5baeb97e61b7ecc89?s=96&d=mm&r=g","contentUrl":"https:\/\/secure.gravatar.com\/avatar\/42749d8b712ff9d59ca93dc150494e5b55a44134482993f5baeb97e61b7ecc89?s=96&d=mm&r=g","caption":"Roberto"},"url":"https:\/\/regiaonews.net.br\/2022\/author\/roberto\/"}]}},"publishpress_future_action":{"enabled":false,"date":"2026-05-04 07:26:33","action":"change-status","newStatus":"draft","terms":[],"taxonomy":"category","extraData":[]},"publishpress_future_workflow_manual_trigger":{"enabledWorkflows":[]},"_links":{"self":[{"href":"https:\/\/regiaonews.net.br\/2022\/wp-json\/wp\/v2\/posts\/98270","targetHints":{"allow":["GET"]}}],"collection":[{"href":"https:\/\/regiaonews.net.br\/2022\/wp-json\/wp\/v2\/posts"}],"about":[{"href":"https:\/\/regiaonews.net.br\/2022\/wp-json\/wp\/v2\/types\/post"}],"author":[{"embeddable":true,"href":"https:\/\/regiaonews.net.br\/2022\/wp-json\/wp\/v2\/users\/2"}],"replies":[{"embeddable":true,"href":"https:\/\/regiaonews.net.br\/2022\/wp-json\/wp\/v2\/comments?post=98270"}],"version-history":[{"count":1,"href":"https:\/\/regiaonews.net.br\/2022\/wp-json\/wp\/v2\/posts\/98270\/revisions"}],"predecessor-version":[{"id":98272,"href":"https:\/\/regiaonews.net.br\/2022\/wp-json\/wp\/v2\/posts\/98270\/revisions\/98272"}],"wp:featuredmedia":[{"embeddable":true,"href":"https:\/\/regiaonews.net.br\/2022\/wp-json\/wp\/v2\/media\/98271"}],"wp:attachment":[{"href":"https:\/\/regiaonews.net.br\/2022\/wp-json\/wp\/v2\/media?parent=98270"}],"wp:term":[{"taxonomy":"category","embeddable":true,"href":"https:\/\/regiaonews.net.br\/2022\/wp-json\/wp\/v2\/categories?post=98270"},{"taxonomy":"post_tag","embeddable":true,"href":"https:\/\/regiaonews.net.br\/2022\/wp-json\/wp\/v2\/tags?post=98270"}],"curies":[{"name":"wp","href":"https:\/\/api.w.org\/{rel}","templated":true}]}}