{"id":98255,"date":"2023-11-26T15:19:46","date_gmt":"2023-11-26T18:19:46","guid":{"rendered":"https:\/\/regiaonews.net.br\/2022\/?p=98255"},"modified":"2023-11-26T15:19:46","modified_gmt":"2023-11-26T18:19:46","slug":"deic-prende-em-onibus-de-turismo-6-pessoas-que-atuavam-como-mulas-para-o-trafico-de-drogas","status":"publish","type":"post","link":"https:\/\/regiaonews.net.br\/2022\/2023\/11\/26\/deic-prende-em-onibus-de-turismo-6-pessoas-que-atuavam-como-mulas-para-o-trafico-de-drogas\/","title":{"rendered":"Deic prende em \u00f4nibus de turismo 6 pessoas que atuavam como \u201cmulas\u201d para o tr\u00e1fico de drogas"},"content":{"rendered":"<div class=\"col-lg-12 mt-4 justify\">\n<h3 class=\"justify\"><\/h3>\n<\/div>\n<div class=\"col-lg-12 justify\">\n<p>Domingo, 26\/11\/2023 13:39<\/p>\n<\/div>\n<div class=\"col-lg-12 mt-2 justify\">\n<h5 class=\"justify\">O ve\u00edculo foi interceptado na Marginal Pinheiros; foram expelidas pelos suspeitos 454 c\u00e1psulas de coca\u00edna<\/h5>\n<\/div>\n<div class=\"col-lg-12 mt-3 justify\">\n<div>\n<div>Policiais do Deic prenderam em flagrante neste s\u00e1bado (25) seis homens, de nacionalidade boliviana, que atuavam como \u201cmulas\u201d para o tr\u00e1fico de drogas. Os homens foram detidos com drogas no est\u00f4mago, na Marginal Pinheiros, enquanto viajavam em um \u00f4nibus de turismo. Ao todo, foram apreendidas 454 c\u00e1psulas de coca\u00ednas expelidas pelos suspeitos, que pesaram 1,8 kg da droga.<\/div>\n<div><\/div>\n<div>Agentes da 2\u00aa Delegacia Patrim\u00f4nio (Investiga\u00e7\u00f5es sobre Crimes de Interven\u00e7\u00e3o Estrat\u00e9gica) conseguiram interceptar o \u00f4nibus depois de iniciarem as investiga\u00e7\u00f5es. Informa\u00e7\u00f5es apontavam que as pessoas vinham com coca\u00edna dentro do corpo em um \u00f4nibus de viagem.<\/div>\n<div><\/div>\n<div>O ve\u00edculo foi identificado e encontrado na Rodovia Castelo Branco, em Ara\u00e7ariguama, no interior de S\u00e3o Paulo. A equipe da 2\u00aa Patrim\u00f4nio acompanhou o deslocamento do \u00f4nibus at\u00e9 a sa\u00edda da rodovia e entrada na marginal Pinheiros, onde abordaram o \u00f4nibus e encontraram os suspeitos.<\/div>\n<div><\/div>\n<div>Eles foram encaminhados para o pronto atendimento da Santa Casa de Miseric\u00f3rdia, na Vila Buarque. Depois de receberem alta m\u00e9dica, foram autuados por tr\u00e1fico de drogas e associa\u00e7\u00e3o para o tr\u00e1fico. As investiga\u00e7\u00f5es continuam para identificar qual seria o destino final da coca\u00edna e outros envolvidos no esquema.<\/div>\n<\/div>\n<\/div>\n","protected":false},"excerpt":{"rendered":"<p>Domingo, 26\/11\/2023 13:39 O ve\u00edculo foi interceptado na Marginal Pinheiros;<\/p>\n","protected":false},"author":2,"featured_media":98256,"comment_status":"open","ping_status":"open","sticky":false,"template":"","format":"standard","meta":{"footnotes":""},"categories":[1],"tags":[],"class_list":["post-98255","post","type-post","status-publish","format-standard","has-post-thumbnail","hentry","category-indefinido"],"yoast_head":"<!-- This site is optimized with the Yoast SEO plugin v27.4 - https:\/\/yoast.com\/product\/yoast-seo-wordpress\/ -->\n<title>Deic prende em \u00f4nibus de turismo 6 pessoas que atuavam como \u201cmulas\u201d para o tr\u00e1fico de drogas - Regi\u00e3o News<\/title>\n<meta name=\"robots\" content=\"index, follow, max-snippet:-1, max-image-preview:large, max-video-preview:-1\" \/>\n<link rel=\"canonical\" href=\"https:\/\/regiaonews.net.br\/2022\/2023\/11\/26\/deic-prende-em-onibus-de-turismo-6-pessoas-que-atuavam-como-mulas-para-o-trafico-de-drogas\/\" \/>\n<meta property=\"og:locale\" content=\"pt_BR\" \/>\n<meta property=\"og:type\" content=\"article\" \/>\n<meta property=\"og:title\" content=\"Deic prende em \u00f4nibus de turismo 6 pessoas que atuavam como \u201cmulas\u201d para o tr\u00e1fico de drogas - Regi\u00e3o News\" \/>\n<meta property=\"og:description\" content=\"Domingo, 26\/11\/2023 13:39 O ve\u00edculo foi interceptado na Marginal Pinheiros;\" \/>\n<meta property=\"og:url\" content=\"https:\/\/regiaonews.net.br\/2022\/2023\/11\/26\/deic-prende-em-onibus-de-turismo-6-pessoas-que-atuavam-como-mulas-para-o-trafico-de-drogas\/\" \/>\n<meta property=\"og:site_name\" content=\"Regi\u00e3o News\" \/>\n<meta property=\"article:published_time\" content=\"2023-11-26T18:19:46+00:00\" \/>\n<meta property=\"og:image\" content=\"https:\/\/regiaonews.net.br\/2022\/wp-content\/uploads\/2023\/11\/00052211.jpg\" \/>\n\t<meta property=\"og:image:width\" content=\"884\" \/>\n\t<meta property=\"og:image:height\" content=\"690\" \/>\n\t<meta property=\"og:image:type\" content=\"image\/jpeg\" \/>\n<meta name=\"author\" content=\"Roberto\" \/>\n<meta name=\"twitter:card\" content=\"summary_large_image\" \/>\n<meta name=\"twitter:label1\" content=\"Escrito por\" \/>\n\t<meta name=\"twitter:data1\" content=\"Roberto\" \/>\n\t<meta name=\"twitter:label2\" content=\"Est. tempo de leitura\" \/>\n\t<meta name=\"twitter:data2\" content=\"2 minutos\" \/>\n<script type=\"application\/ld+json\" class=\"yoast-schema-graph\">{\"@context\":\"https:\\\/\\\/schema.org\",\"@graph\":[{\"@type\":\"Article\",\"@id\":\"https:\\\/\\\/regiaonews.net.br\\\/2022\\\/2023\\\/11\\\/26\\\/deic-prende-em-onibus-de-turismo-6-pessoas-que-atuavam-como-mulas-para-o-trafico-de-drogas\\\/#article\",\"isPartOf\":{\"@id\":\"https:\\\/\\\/regiaonews.net.br\\\/2022\\\/2023\\\/11\\\/26\\\/deic-prende-em-onibus-de-turismo-6-pessoas-que-atuavam-como-mulas-para-o-trafico-de-drogas\\\/\"},\"author\":{\"name\":\"Roberto\",\"@id\":\"https:\\\/\\\/regiaonews.net.br\\\/2022\\\/#\\\/schema\\\/person\\\/2d205a608a5aa97ac279d7a5e6d89ad8\"},\"headline\":\"Deic prende em \u00f4nibus de turismo 6 pessoas que atuavam como \u201cmulas\u201d para o tr\u00e1fico de drogas\",\"datePublished\":\"2023-11-26T18:19:46+00:00\",\"mainEntityOfPage\":{\"@id\":\"https:\\\/\\\/regiaonews.net.br\\\/2022\\\/2023\\\/11\\\/26\\\/deic-prende-em-onibus-de-turismo-6-pessoas-que-atuavam-como-mulas-para-o-trafico-de-drogas\\\/\"},\"wordCount\":241,\"commentCount\":0,\"publisher\":{\"@id\":\"https:\\\/\\\/regiaonews.net.br\\\/2022\\\/#organization\"},\"image\":{\"@id\":\"https:\\\/\\\/regiaonews.net.br\\\/2022\\\/2023\\\/11\\\/26\\\/deic-prende-em-onibus-de-turismo-6-pessoas-que-atuavam-como-mulas-para-o-trafico-de-drogas\\\/#primaryimage\"},\"thumbnailUrl\":\"https:\\\/\\\/regiaonews.net.br\\\/2022\\\/wp-content\\\/uploads\\\/2023\\\/11\\\/00052211.jpg\",\"articleSection\":[\"Indefinido\"],\"inLanguage\":\"pt-BR\",\"potentialAction\":[{\"@type\":\"CommentAction\",\"name\":\"Comment\",\"target\":[\"https:\\\/\\\/regiaonews.net.br\\\/2022\\\/2023\\\/11\\\/26\\\/deic-prende-em-onibus-de-turismo-6-pessoas-que-atuavam-como-mulas-para-o-trafico-de-drogas\\\/#respond\"]}]},{\"@type\":\"WebPage\",\"@id\":\"https:\\\/\\\/regiaonews.net.br\\\/2022\\\/2023\\\/11\\\/26\\\/deic-prende-em-onibus-de-turismo-6-pessoas-que-atuavam-como-mulas-para-o-trafico-de-drogas\\\/\",\"url\":\"https:\\\/\\\/regiaonews.net.br\\\/2022\\\/2023\\\/11\\\/26\\\/deic-prende-em-onibus-de-turismo-6-pessoas-que-atuavam-como-mulas-para-o-trafico-de-drogas\\\/\",\"name\":\"Deic prende em \u00f4nibus de turismo 6 pessoas que atuavam como \u201cmulas\u201d para o tr\u00e1fico de drogas - Regi\u00e3o News\",\"isPartOf\":{\"@id\":\"https:\\\/\\\/regiaonews.net.br\\\/2022\\\/#website\"},\"primaryImageOfPage\":{\"@id\":\"https:\\\/\\\/regiaonews.net.br\\\/2022\\\/2023\\\/11\\\/26\\\/deic-prende-em-onibus-de-turismo-6-pessoas-que-atuavam-como-mulas-para-o-trafico-de-drogas\\\/#primaryimage\"},\"image\":{\"@id\":\"https:\\\/\\\/regiaonews.net.br\\\/2022\\\/2023\\\/11\\\/26\\\/deic-prende-em-onibus-de-turismo-6-pessoas-que-atuavam-como-mulas-para-o-trafico-de-drogas\\\/#primaryimage\"},\"thumbnailUrl\":\"https:\\\/\\\/regiaonews.net.br\\\/2022\\\/wp-content\\\/uploads\\\/2023\\\/11\\\/00052211.jpg\",\"datePublished\":\"2023-11-26T18:19:46+00:00\",\"breadcrumb\":{\"@id\":\"https:\\\/\\\/regiaonews.net.br\\\/2022\\\/2023\\\/11\\\/26\\\/deic-prende-em-onibus-de-turismo-6-pessoas-que-atuavam-como-mulas-para-o-trafico-de-drogas\\\/#breadcrumb\"},\"inLanguage\":\"pt-BR\",\"potentialAction\":[{\"@type\":\"ReadAction\",\"target\":[\"https:\\\/\\\/regiaonews.net.br\\\/2022\\\/2023\\\/11\\\/26\\\/deic-prende-em-onibus-de-turismo-6-pessoas-que-atuavam-como-mulas-para-o-trafico-de-drogas\\\/\"]}]},{\"@type\":\"ImageObject\",\"inLanguage\":\"pt-BR\",\"@id\":\"https:\\\/\\\/regiaonews.net.br\\\/2022\\\/2023\\\/11\\\/26\\\/deic-prende-em-onibus-de-turismo-6-pessoas-que-atuavam-como-mulas-para-o-trafico-de-drogas\\\/#primaryimage\",\"url\":\"https:\\\/\\\/regiaonews.net.br\\\/2022\\\/wp-content\\\/uploads\\\/2023\\\/11\\\/00052211.jpg\",\"contentUrl\":\"https:\\\/\\\/regiaonews.net.br\\\/2022\\\/wp-content\\\/uploads\\\/2023\\\/11\\\/00052211.jpg\",\"width\":884,\"height\":690},{\"@type\":\"BreadcrumbList\",\"@id\":\"https:\\\/\\\/regiaonews.net.br\\\/2022\\\/2023\\\/11\\\/26\\\/deic-prende-em-onibus-de-turismo-6-pessoas-que-atuavam-como-mulas-para-o-trafico-de-drogas\\\/#breadcrumb\",\"itemListElement\":[{\"@type\":\"ListItem\",\"position\":1,\"name\":\"In\u00edcio\",\"item\":\"https:\\\/\\\/regiaonews.net.br\\\/2022\\\/\"},{\"@type\":\"ListItem\",\"position\":2,\"name\":\"Deic prende em \u00f4nibus de turismo 6 pessoas que atuavam como \u201cmulas\u201d para o tr\u00e1fico de drogas\"}]},{\"@type\":\"WebSite\",\"@id\":\"https:\\\/\\\/regiaonews.net.br\\\/2022\\\/#website\",\"url\":\"https:\\\/\\\/regiaonews.net.br\\\/2022\\\/\",\"name\":\"Regi\u00e3o News\",\"description\":\"Site de Not\u00edcias de Barretos e regi\u00e3o\",\"publisher\":{\"@id\":\"https:\\\/\\\/regiaonews.net.br\\\/2022\\\/#organization\"},\"potentialAction\":[{\"@type\":\"SearchAction\",\"target\":{\"@type\":\"EntryPoint\",\"urlTemplate\":\"https:\\\/\\\/regiaonews.net.br\\\/2022\\\/?s={search_term_string}\"},\"query-input\":{\"@type\":\"PropertyValueSpecification\",\"valueRequired\":true,\"valueName\":\"search_term_string\"}}],\"inLanguage\":\"pt-BR\"},{\"@type\":\"Organization\",\"@id\":\"https:\\\/\\\/regiaonews.net.br\\\/2022\\\/#organization\",\"name\":\"Regi\u00e3o News\",\"url\":\"https:\\\/\\\/regiaonews.net.br\\\/2022\\\/\",\"logo\":{\"@type\":\"ImageObject\",\"inLanguage\":\"pt-BR\",\"@id\":\"https:\\\/\\\/regiaonews.net.br\\\/2022\\\/#\\\/schema\\\/logo\\\/image\\\/\",\"url\":\"https:\\\/\\\/regiaonews.net.br\\\/2022\\\/wp-content\\\/uploads\\\/2026\\\/03\\\/regiao-13-anos-scaled.jpg\",\"contentUrl\":\"https:\\\/\\\/regiaonews.net.br\\\/2022\\\/wp-content\\\/uploads\\\/2026\\\/03\\\/regiao-13-anos-scaled.jpg\",\"width\":2560,\"height\":635,\"caption\":\"Regi\u00e3o News\"},\"image\":{\"@id\":\"https:\\\/\\\/regiaonews.net.br\\\/2022\\\/#\\\/schema\\\/logo\\\/image\\\/\"}},{\"@type\":\"Person\",\"@id\":\"https:\\\/\\\/regiaonews.net.br\\\/2022\\\/#\\\/schema\\\/person\\\/2d205a608a5aa97ac279d7a5e6d89ad8\",\"name\":\"Roberto\",\"image\":{\"@type\":\"ImageObject\",\"inLanguage\":\"pt-BR\",\"@id\":\"https:\\\/\\\/secure.gravatar.com\\\/avatar\\\/42749d8b712ff9d59ca93dc150494e5b55a44134482993f5baeb97e61b7ecc89?s=96&d=mm&r=g\",\"url\":\"https:\\\/\\\/secure.gravatar.com\\\/avatar\\\/42749d8b712ff9d59ca93dc150494e5b55a44134482993f5baeb97e61b7ecc89?s=96&d=mm&r=g\",\"contentUrl\":\"https:\\\/\\\/secure.gravatar.com\\\/avatar\\\/42749d8b712ff9d59ca93dc150494e5b55a44134482993f5baeb97e61b7ecc89?s=96&d=mm&r=g\",\"caption\":\"Roberto\"},\"url\":\"https:\\\/\\\/regiaonews.net.br\\\/2022\\\/author\\\/roberto\\\/\"}]}<\/script>\n<!-- \/ Yoast SEO plugin. -->","yoast_head_json":{"title":"Deic prende em \u00f4nibus de turismo 6 pessoas que atuavam como \u201cmulas\u201d para o tr\u00e1fico de drogas - Regi\u00e3o News","robots":{"index":"index","follow":"follow","max-snippet":"max-snippet:-1","max-image-preview":"max-image-preview:large","max-video-preview":"max-video-preview:-1"},"canonical":"https:\/\/regiaonews.net.br\/2022\/2023\/11\/26\/deic-prende-em-onibus-de-turismo-6-pessoas-que-atuavam-como-mulas-para-o-trafico-de-drogas\/","og_locale":"pt_BR","og_type":"article","og_title":"Deic prende em \u00f4nibus de turismo 6 pessoas que atuavam como \u201cmulas\u201d para o tr\u00e1fico de drogas - Regi\u00e3o News","og_description":"Domingo, 26\/11\/2023 13:39 O ve\u00edculo foi interceptado na Marginal Pinheiros;","og_url":"https:\/\/regiaonews.net.br\/2022\/2023\/11\/26\/deic-prende-em-onibus-de-turismo-6-pessoas-que-atuavam-como-mulas-para-o-trafico-de-drogas\/","og_site_name":"Regi\u00e3o News","article_published_time":"2023-11-26T18:19:46+00:00","og_image":[{"width":884,"height":690,"url":"https:\/\/regiaonews.net.br\/2022\/wp-content\/uploads\/2023\/11\/00052211.jpg","type":"image\/jpeg"}],"author":"Roberto","twitter_card":"summary_large_image","twitter_misc":{"Escrito por":"Roberto","Est. tempo de leitura":"2 minutos"},"schema":{"@context":"https:\/\/schema.org","@graph":[{"@type":"Article","@id":"https:\/\/regiaonews.net.br\/2022\/2023\/11\/26\/deic-prende-em-onibus-de-turismo-6-pessoas-que-atuavam-como-mulas-para-o-trafico-de-drogas\/#article","isPartOf":{"@id":"https:\/\/regiaonews.net.br\/2022\/2023\/11\/26\/deic-prende-em-onibus-de-turismo-6-pessoas-que-atuavam-como-mulas-para-o-trafico-de-drogas\/"},"author":{"name":"Roberto","@id":"https:\/\/regiaonews.net.br\/2022\/#\/schema\/person\/2d205a608a5aa97ac279d7a5e6d89ad8"},"headline":"Deic prende em \u00f4nibus de turismo 6 pessoas que atuavam como \u201cmulas\u201d para o tr\u00e1fico de drogas","datePublished":"2023-11-26T18:19:46+00:00","mainEntityOfPage":{"@id":"https:\/\/regiaonews.net.br\/2022\/2023\/11\/26\/deic-prende-em-onibus-de-turismo-6-pessoas-que-atuavam-como-mulas-para-o-trafico-de-drogas\/"},"wordCount":241,"commentCount":0,"publisher":{"@id":"https:\/\/regiaonews.net.br\/2022\/#organization"},"image":{"@id":"https:\/\/regiaonews.net.br\/2022\/2023\/11\/26\/deic-prende-em-onibus-de-turismo-6-pessoas-que-atuavam-como-mulas-para-o-trafico-de-drogas\/#primaryimage"},"thumbnailUrl":"https:\/\/regiaonews.net.br\/2022\/wp-content\/uploads\/2023\/11\/00052211.jpg","articleSection":["Indefinido"],"inLanguage":"pt-BR","potentialAction":[{"@type":"CommentAction","name":"Comment","target":["https:\/\/regiaonews.net.br\/2022\/2023\/11\/26\/deic-prende-em-onibus-de-turismo-6-pessoas-que-atuavam-como-mulas-para-o-trafico-de-drogas\/#respond"]}]},{"@type":"WebPage","@id":"https:\/\/regiaonews.net.br\/2022\/2023\/11\/26\/deic-prende-em-onibus-de-turismo-6-pessoas-que-atuavam-como-mulas-para-o-trafico-de-drogas\/","url":"https:\/\/regiaonews.net.br\/2022\/2023\/11\/26\/deic-prende-em-onibus-de-turismo-6-pessoas-que-atuavam-como-mulas-para-o-trafico-de-drogas\/","name":"Deic prende em \u00f4nibus de turismo 6 pessoas que atuavam como \u201cmulas\u201d para o tr\u00e1fico de drogas - Regi\u00e3o News","isPartOf":{"@id":"https:\/\/regiaonews.net.br\/2022\/#website"},"primaryImageOfPage":{"@id":"https:\/\/regiaonews.net.br\/2022\/2023\/11\/26\/deic-prende-em-onibus-de-turismo-6-pessoas-que-atuavam-como-mulas-para-o-trafico-de-drogas\/#primaryimage"},"image":{"@id":"https:\/\/regiaonews.net.br\/2022\/2023\/11\/26\/deic-prende-em-onibus-de-turismo-6-pessoas-que-atuavam-como-mulas-para-o-trafico-de-drogas\/#primaryimage"},"thumbnailUrl":"https:\/\/regiaonews.net.br\/2022\/wp-content\/uploads\/2023\/11\/00052211.jpg","datePublished":"2023-11-26T18:19:46+00:00","breadcrumb":{"@id":"https:\/\/regiaonews.net.br\/2022\/2023\/11\/26\/deic-prende-em-onibus-de-turismo-6-pessoas-que-atuavam-como-mulas-para-o-trafico-de-drogas\/#breadcrumb"},"inLanguage":"pt-BR","potentialAction":[{"@type":"ReadAction","target":["https:\/\/regiaonews.net.br\/2022\/2023\/11\/26\/deic-prende-em-onibus-de-turismo-6-pessoas-que-atuavam-como-mulas-para-o-trafico-de-drogas\/"]}]},{"@type":"ImageObject","inLanguage":"pt-BR","@id":"https:\/\/regiaonews.net.br\/2022\/2023\/11\/26\/deic-prende-em-onibus-de-turismo-6-pessoas-que-atuavam-como-mulas-para-o-trafico-de-drogas\/#primaryimage","url":"https:\/\/regiaonews.net.br\/2022\/wp-content\/uploads\/2023\/11\/00052211.jpg","contentUrl":"https:\/\/regiaonews.net.br\/2022\/wp-content\/uploads\/2023\/11\/00052211.jpg","width":884,"height":690},{"@type":"BreadcrumbList","@id":"https:\/\/regiaonews.net.br\/2022\/2023\/11\/26\/deic-prende-em-onibus-de-turismo-6-pessoas-que-atuavam-como-mulas-para-o-trafico-de-drogas\/#breadcrumb","itemListElement":[{"@type":"ListItem","position":1,"name":"In\u00edcio","item":"https:\/\/regiaonews.net.br\/2022\/"},{"@type":"ListItem","position":2,"name":"Deic prende em \u00f4nibus de turismo 6 pessoas que atuavam como \u201cmulas\u201d para o tr\u00e1fico de drogas"}]},{"@type":"WebSite","@id":"https:\/\/regiaonews.net.br\/2022\/#website","url":"https:\/\/regiaonews.net.br\/2022\/","name":"Regi\u00e3o News","description":"Site de Not\u00edcias de Barretos e regi\u00e3o","publisher":{"@id":"https:\/\/regiaonews.net.br\/2022\/#organization"},"potentialAction":[{"@type":"SearchAction","target":{"@type":"EntryPoint","urlTemplate":"https:\/\/regiaonews.net.br\/2022\/?s={search_term_string}"},"query-input":{"@type":"PropertyValueSpecification","valueRequired":true,"valueName":"search_term_string"}}],"inLanguage":"pt-BR"},{"@type":"Organization","@id":"https:\/\/regiaonews.net.br\/2022\/#organization","name":"Regi\u00e3o News","url":"https:\/\/regiaonews.net.br\/2022\/","logo":{"@type":"ImageObject","inLanguage":"pt-BR","@id":"https:\/\/regiaonews.net.br\/2022\/#\/schema\/logo\/image\/","url":"https:\/\/regiaonews.net.br\/2022\/wp-content\/uploads\/2026\/03\/regiao-13-anos-scaled.jpg","contentUrl":"https:\/\/regiaonews.net.br\/2022\/wp-content\/uploads\/2026\/03\/regiao-13-anos-scaled.jpg","width":2560,"height":635,"caption":"Regi\u00e3o News"},"image":{"@id":"https:\/\/regiaonews.net.br\/2022\/#\/schema\/logo\/image\/"}},{"@type":"Person","@id":"https:\/\/regiaonews.net.br\/2022\/#\/schema\/person\/2d205a608a5aa97ac279d7a5e6d89ad8","name":"Roberto","image":{"@type":"ImageObject","inLanguage":"pt-BR","@id":"https:\/\/secure.gravatar.com\/avatar\/42749d8b712ff9d59ca93dc150494e5b55a44134482993f5baeb97e61b7ecc89?s=96&d=mm&r=g","url":"https:\/\/secure.gravatar.com\/avatar\/42749d8b712ff9d59ca93dc150494e5b55a44134482993f5baeb97e61b7ecc89?s=96&d=mm&r=g","contentUrl":"https:\/\/secure.gravatar.com\/avatar\/42749d8b712ff9d59ca93dc150494e5b55a44134482993f5baeb97e61b7ecc89?s=96&d=mm&r=g","caption":"Roberto"},"url":"https:\/\/regiaonews.net.br\/2022\/author\/roberto\/"}]}},"publishpress_future_action":{"enabled":false,"date":"2026-05-04 12:50:02","action":"change-status","newStatus":"draft","terms":[],"taxonomy":"category","extraData":[]},"publishpress_future_workflow_manual_trigger":{"enabledWorkflows":[]},"_links":{"self":[{"href":"https:\/\/regiaonews.net.br\/2022\/wp-json\/wp\/v2\/posts\/98255","targetHints":{"allow":["GET"]}}],"collection":[{"href":"https:\/\/regiaonews.net.br\/2022\/wp-json\/wp\/v2\/posts"}],"about":[{"href":"https:\/\/regiaonews.net.br\/2022\/wp-json\/wp\/v2\/types\/post"}],"author":[{"embeddable":true,"href":"https:\/\/regiaonews.net.br\/2022\/wp-json\/wp\/v2\/users\/2"}],"replies":[{"embeddable":true,"href":"https:\/\/regiaonews.net.br\/2022\/wp-json\/wp\/v2\/comments?post=98255"}],"version-history":[{"count":1,"href":"https:\/\/regiaonews.net.br\/2022\/wp-json\/wp\/v2\/posts\/98255\/revisions"}],"predecessor-version":[{"id":98257,"href":"https:\/\/regiaonews.net.br\/2022\/wp-json\/wp\/v2\/posts\/98255\/revisions\/98257"}],"wp:featuredmedia":[{"embeddable":true,"href":"https:\/\/regiaonews.net.br\/2022\/wp-json\/wp\/v2\/media\/98256"}],"wp:attachment":[{"href":"https:\/\/regiaonews.net.br\/2022\/wp-json\/wp\/v2\/media?parent=98255"}],"wp:term":[{"taxonomy":"category","embeddable":true,"href":"https:\/\/regiaonews.net.br\/2022\/wp-json\/wp\/v2\/categories?post=98255"},{"taxonomy":"post_tag","embeddable":true,"href":"https:\/\/regiaonews.net.br\/2022\/wp-json\/wp\/v2\/tags?post=98255"}],"curies":[{"name":"wp","href":"https:\/\/api.w.org\/{rel}","templated":true}]}}