{"id":98220,"date":"2023-11-25T22:04:11","date_gmt":"2023-11-26T01:04:11","guid":{"rendered":"https:\/\/regiaonews.net.br\/2022\/?p=98220"},"modified":"2023-11-25T22:07:09","modified_gmt":"2023-11-26T01:07:09","slug":"colisao-na-sp-425-envolve-tres-veiculos-em-olimpia","status":"publish","type":"post","link":"https:\/\/regiaonews.net.br\/2022\/2023\/11\/25\/colisao-na-sp-425-envolve-tres-veiculos-em-olimpia\/","title":{"rendered":"Colis\u00e3o na SP-425 envolve tr\u00eas ve\u00edculos em Ol\u00edmpia"},"content":{"rendered":"<div class=\"title-date\">\n<h5><\/h5>\n<\/div>\n<div class=\"news-ctn-sub\">\n<div class=\"news-ctn-sub-lf\">\n<div class=\"news-details\">\n<div class=\"news-details-image\" data-thumb-url=\"https:\/\/s3.us-east-1.wasabisys.com\/odiario\/2023\/11\/thumb_galeria.jpg\">\n<picture><source srcset=\"https:\/\/s3.us-east-1.wasabisys.com\/odiario\/2023\/11\/thumb_galeria.jpg\" media=\"(min-width: 800px)\" \/><img loading=\"lazy\" decoding=\"async\" class=\"attachment-post-featured-img-small size-post-featured-img-small\" title=\"Acidente envolve carro e dois caminh\u00f5es na rodovia Assis Chateaubriand (Foto: Divulga\u00e7\u00e3o \u2013 O Di\u00e1rio de Barretos)\" src=\"https:\/\/s3.us-east-1.wasabisys.com\/odiario\/2023\/11\/thumb_galeria-487x283.jpg\" sizes=\"auto, (max-width: 487px) 100vw, 487px\" srcset=\"https:\/\/s3.us-east-1.wasabisys.com\/odiario\/2023\/11\/thumb_galeria-300x174.jpg 300w, https:\/\/s3.us-east-1.wasabisys.com\/odiario\/2023\/11\/thumb_galeria-768x447.jpg 768w, https:\/\/s3.us-east-1.wasabisys.com\/odiario\/2023\/11\/thumb_galeria-578x336.jpg 578w, https:\/\/s3.us-east-1.wasabisys.com\/odiario\/2023\/11\/thumb_galeria-487x283.jpg 487w, https:\/\/s3.us-east-1.wasabisys.com\/odiario\/2023\/11\/thumb_galeria.jpg 860w\" alt=\"Acidente envolve carro e dois caminh\u00f5es na rodovia Assis Chateaubriand (Foto: Divulga\u00e7\u00e3o - O Di\u00e1rio de Barretos)\" width=\"487\" height=\"283\" \/><\/picture>Duster ap\u00f3s colis\u00e3o com caminh\u00e3o na Assis Chateaubriand (Foto : Regional24Horas)<\/p>\n<\/div>\n<div class=\"news-details-share\">\n<p>&nbsp;<\/p>\n<\/div>\n<div class=\"news-details-info\">\n<p><strong>Um acidente envolvendo dois caminh\u00f5es e um carro deixou uma professora ferida, no km 152 da rodovia Assis Chateaubriand<\/strong>, nas proximidades do trevo do Distrito de Bagua\u00e7u em Ol\u00edmpia, por volta das 09h30 de s\u00e1bado (25).<\/p>\n<p><strong>De acordo com informa\u00e7\u00f5es do site Regional 24Horas, a v\u00edtima que leciona na rede municipal de Guaraci, dirigia um ve\u00edculo Renault Duster no sentido S\u00e3o Jos\u00e9 do Rio Preto, quando dois pneus de um caminh\u00e3o de Arapongas \u2013 PR, se soltaram na pista,\u00a0<\/strong>atingindo um caminh\u00e3o Mercedes Benz de uma empresa de Rio Preto.<\/p>\n<p><strong>O Mercedes Benz acabou perdendo o controle e atingindo o carro da professora<\/strong>.<\/p>\n<p><strong>O airbag do carro foi acionado e a v\u00edtima sofreu apenas um corte no bra\u00e7o\u00a0<\/strong>e foi socorrida pelas equipes de resgate at\u00e9 a UPA de Ol\u00edmpia.<\/p>\n<figure class=\"wp-block-image size-full\"><\/figure>\n<p>&nbsp;<\/p>\n<figure class=\"wp-block-image size-full is-resized\"><\/figure>\n<p>&nbsp;<\/p>\n<\/div>\n<\/div>\n<\/div>\n<\/div>\n","protected":false},"excerpt":{"rendered":"<p>Duster ap\u00f3s colis\u00e3o com caminh\u00e3o na Assis Chateaubriand (Foto :<\/p>\n","protected":false},"author":2,"featured_media":98222,"comment_status":"open","ping_status":"open","sticky":false,"template":"","format":"standard","meta":{"footnotes":""},"categories":[178],"tags":[],"class_list":["post-98220","post","type-post","status-publish","format-standard","has-post-thumbnail","hentry","category-olimpia-2"],"yoast_head":"<!-- This site is optimized with the Yoast SEO plugin v27.4 - https:\/\/yoast.com\/product\/yoast-seo-wordpress\/ -->\n<title>Colis\u00e3o na SP-425 envolve tr\u00eas ve\u00edculos em Ol\u00edmpia - Regi\u00e3o News<\/title>\n<meta name=\"robots\" content=\"index, follow, max-snippet:-1, max-image-preview:large, max-video-preview:-1\" \/>\n<link rel=\"canonical\" href=\"https:\/\/regiaonews.net.br\/2022\/2023\/11\/25\/colisao-na-sp-425-envolve-tres-veiculos-em-olimpia\/\" \/>\n<meta property=\"og:locale\" content=\"pt_BR\" \/>\n<meta property=\"og:type\" content=\"article\" \/>\n<meta property=\"og:title\" content=\"Colis\u00e3o na SP-425 envolve tr\u00eas ve\u00edculos em Ol\u00edmpia - Regi\u00e3o News\" \/>\n<meta property=\"og:description\" content=\"Duster ap\u00f3s colis\u00e3o com caminh\u00e3o na Assis Chateaubriand (Foto :\" \/>\n<meta property=\"og:url\" content=\"https:\/\/regiaonews.net.br\/2022\/2023\/11\/25\/colisao-na-sp-425-envolve-tres-veiculos-em-olimpia\/\" \/>\n<meta property=\"og:site_name\" content=\"Regi\u00e3o News\" \/>\n<meta property=\"article:published_time\" content=\"2023-11-26T01:04:11+00:00\" \/>\n<meta property=\"article:modified_time\" content=\"2023-11-26T01:07:09+00:00\" \/>\n<meta property=\"og:image\" content=\"https:\/\/regiaonews.net.br\/2022\/wp-content\/uploads\/2023\/11\/Screenshot_20231125-220542_Samsung-Internet.jpg\" \/>\n\t<meta property=\"og:image:width\" content=\"895\" \/>\n\t<meta property=\"og:image:height\" content=\"589\" \/>\n\t<meta property=\"og:image:type\" content=\"image\/jpeg\" \/>\n<meta name=\"author\" content=\"Roberto\" \/>\n<meta name=\"twitter:card\" content=\"summary_large_image\" \/>\n<meta name=\"twitter:label1\" content=\"Escrito por\" \/>\n\t<meta name=\"twitter:data1\" content=\"Roberto\" \/>\n\t<meta name=\"twitter:label2\" content=\"Est. tempo de leitura\" \/>\n\t<meta name=\"twitter:data2\" content=\"1 minuto\" \/>\n<script type=\"application\/ld+json\" class=\"yoast-schema-graph\">{\"@context\":\"https:\\\/\\\/schema.org\",\"@graph\":[{\"@type\":\"Article\",\"@id\":\"https:\\\/\\\/regiaonews.net.br\\\/2022\\\/2023\\\/11\\\/25\\\/colisao-na-sp-425-envolve-tres-veiculos-em-olimpia\\\/#article\",\"isPartOf\":{\"@id\":\"https:\\\/\\\/regiaonews.net.br\\\/2022\\\/2023\\\/11\\\/25\\\/colisao-na-sp-425-envolve-tres-veiculos-em-olimpia\\\/\"},\"author\":{\"name\":\"Roberto\",\"@id\":\"https:\\\/\\\/regiaonews.net.br\\\/2022\\\/#\\\/schema\\\/person\\\/2d205a608a5aa97ac279d7a5e6d89ad8\"},\"headline\":\"Colis\u00e3o na SP-425 envolve tr\u00eas ve\u00edculos em Ol\u00edmpia\",\"datePublished\":\"2023-11-26T01:04:11+00:00\",\"dateModified\":\"2023-11-26T01:07:09+00:00\",\"mainEntityOfPage\":{\"@id\":\"https:\\\/\\\/regiaonews.net.br\\\/2022\\\/2023\\\/11\\\/25\\\/colisao-na-sp-425-envolve-tres-veiculos-em-olimpia\\\/\"},\"wordCount\":169,\"commentCount\":0,\"publisher\":{\"@id\":\"https:\\\/\\\/regiaonews.net.br\\\/2022\\\/#organization\"},\"image\":{\"@id\":\"https:\\\/\\\/regiaonews.net.br\\\/2022\\\/2023\\\/11\\\/25\\\/colisao-na-sp-425-envolve-tres-veiculos-em-olimpia\\\/#primaryimage\"},\"thumbnailUrl\":\"https:\\\/\\\/regiaonews.net.br\\\/2022\\\/wp-content\\\/uploads\\\/2023\\\/11\\\/Screenshot_20231125-220542_Samsung-Internet.jpg\",\"articleSection\":[\"Ol\u00edmpia\"],\"inLanguage\":\"pt-BR\",\"potentialAction\":[{\"@type\":\"CommentAction\",\"name\":\"Comment\",\"target\":[\"https:\\\/\\\/regiaonews.net.br\\\/2022\\\/2023\\\/11\\\/25\\\/colisao-na-sp-425-envolve-tres-veiculos-em-olimpia\\\/#respond\"]}]},{\"@type\":\"WebPage\",\"@id\":\"https:\\\/\\\/regiaonews.net.br\\\/2022\\\/2023\\\/11\\\/25\\\/colisao-na-sp-425-envolve-tres-veiculos-em-olimpia\\\/\",\"url\":\"https:\\\/\\\/regiaonews.net.br\\\/2022\\\/2023\\\/11\\\/25\\\/colisao-na-sp-425-envolve-tres-veiculos-em-olimpia\\\/\",\"name\":\"Colis\u00e3o na SP-425 envolve tr\u00eas ve\u00edculos em Ol\u00edmpia - Regi\u00e3o News\",\"isPartOf\":{\"@id\":\"https:\\\/\\\/regiaonews.net.br\\\/2022\\\/#website\"},\"primaryImageOfPage\":{\"@id\":\"https:\\\/\\\/regiaonews.net.br\\\/2022\\\/2023\\\/11\\\/25\\\/colisao-na-sp-425-envolve-tres-veiculos-em-olimpia\\\/#primaryimage\"},\"image\":{\"@id\":\"https:\\\/\\\/regiaonews.net.br\\\/2022\\\/2023\\\/11\\\/25\\\/colisao-na-sp-425-envolve-tres-veiculos-em-olimpia\\\/#primaryimage\"},\"thumbnailUrl\":\"https:\\\/\\\/regiaonews.net.br\\\/2022\\\/wp-content\\\/uploads\\\/2023\\\/11\\\/Screenshot_20231125-220542_Samsung-Internet.jpg\",\"datePublished\":\"2023-11-26T01:04:11+00:00\",\"dateModified\":\"2023-11-26T01:07:09+00:00\",\"breadcrumb\":{\"@id\":\"https:\\\/\\\/regiaonews.net.br\\\/2022\\\/2023\\\/11\\\/25\\\/colisao-na-sp-425-envolve-tres-veiculos-em-olimpia\\\/#breadcrumb\"},\"inLanguage\":\"pt-BR\",\"potentialAction\":[{\"@type\":\"ReadAction\",\"target\":[\"https:\\\/\\\/regiaonews.net.br\\\/2022\\\/2023\\\/11\\\/25\\\/colisao-na-sp-425-envolve-tres-veiculos-em-olimpia\\\/\"]}]},{\"@type\":\"ImageObject\",\"inLanguage\":\"pt-BR\",\"@id\":\"https:\\\/\\\/regiaonews.net.br\\\/2022\\\/2023\\\/11\\\/25\\\/colisao-na-sp-425-envolve-tres-veiculos-em-olimpia\\\/#primaryimage\",\"url\":\"https:\\\/\\\/regiaonews.net.br\\\/2022\\\/wp-content\\\/uploads\\\/2023\\\/11\\\/Screenshot_20231125-220542_Samsung-Internet.jpg\",\"contentUrl\":\"https:\\\/\\\/regiaonews.net.br\\\/2022\\\/wp-content\\\/uploads\\\/2023\\\/11\\\/Screenshot_20231125-220542_Samsung-Internet.jpg\",\"width\":895,\"height\":589},{\"@type\":\"BreadcrumbList\",\"@id\":\"https:\\\/\\\/regiaonews.net.br\\\/2022\\\/2023\\\/11\\\/25\\\/colisao-na-sp-425-envolve-tres-veiculos-em-olimpia\\\/#breadcrumb\",\"itemListElement\":[{\"@type\":\"ListItem\",\"position\":1,\"name\":\"In\u00edcio\",\"item\":\"https:\\\/\\\/regiaonews.net.br\\\/2022\\\/\"},{\"@type\":\"ListItem\",\"position\":2,\"name\":\"Colis\u00e3o na SP-425 envolve tr\u00eas ve\u00edculos em Ol\u00edmpia\"}]},{\"@type\":\"WebSite\",\"@id\":\"https:\\\/\\\/regiaonews.net.br\\\/2022\\\/#website\",\"url\":\"https:\\\/\\\/regiaonews.net.br\\\/2022\\\/\",\"name\":\"Regi\u00e3o News\",\"description\":\"Site de Not\u00edcias de Barretos e regi\u00e3o\",\"publisher\":{\"@id\":\"https:\\\/\\\/regiaonews.net.br\\\/2022\\\/#organization\"},\"potentialAction\":[{\"@type\":\"SearchAction\",\"target\":{\"@type\":\"EntryPoint\",\"urlTemplate\":\"https:\\\/\\\/regiaonews.net.br\\\/2022\\\/?s={search_term_string}\"},\"query-input\":{\"@type\":\"PropertyValueSpecification\",\"valueRequired\":true,\"valueName\":\"search_term_string\"}}],\"inLanguage\":\"pt-BR\"},{\"@type\":\"Organization\",\"@id\":\"https:\\\/\\\/regiaonews.net.br\\\/2022\\\/#organization\",\"name\":\"Regi\u00e3o News\",\"url\":\"https:\\\/\\\/regiaonews.net.br\\\/2022\\\/\",\"logo\":{\"@type\":\"ImageObject\",\"inLanguage\":\"pt-BR\",\"@id\":\"https:\\\/\\\/regiaonews.net.br\\\/2022\\\/#\\\/schema\\\/logo\\\/image\\\/\",\"url\":\"https:\\\/\\\/regiaonews.net.br\\\/2022\\\/wp-content\\\/uploads\\\/2026\\\/03\\\/regiao-13-anos-scaled.jpg\",\"contentUrl\":\"https:\\\/\\\/regiaonews.net.br\\\/2022\\\/wp-content\\\/uploads\\\/2026\\\/03\\\/regiao-13-anos-scaled.jpg\",\"width\":2560,\"height\":635,\"caption\":\"Regi\u00e3o News\"},\"image\":{\"@id\":\"https:\\\/\\\/regiaonews.net.br\\\/2022\\\/#\\\/schema\\\/logo\\\/image\\\/\"}},{\"@type\":\"Person\",\"@id\":\"https:\\\/\\\/regiaonews.net.br\\\/2022\\\/#\\\/schema\\\/person\\\/2d205a608a5aa97ac279d7a5e6d89ad8\",\"name\":\"Roberto\",\"image\":{\"@type\":\"ImageObject\",\"inLanguage\":\"pt-BR\",\"@id\":\"https:\\\/\\\/secure.gravatar.com\\\/avatar\\\/42749d8b712ff9d59ca93dc150494e5b55a44134482993f5baeb97e61b7ecc89?s=96&d=mm&r=g\",\"url\":\"https:\\\/\\\/secure.gravatar.com\\\/avatar\\\/42749d8b712ff9d59ca93dc150494e5b55a44134482993f5baeb97e61b7ecc89?s=96&d=mm&r=g\",\"contentUrl\":\"https:\\\/\\\/secure.gravatar.com\\\/avatar\\\/42749d8b712ff9d59ca93dc150494e5b55a44134482993f5baeb97e61b7ecc89?s=96&d=mm&r=g\",\"caption\":\"Roberto\"},\"url\":\"https:\\\/\\\/regiaonews.net.br\\\/2022\\\/author\\\/roberto\\\/\"}]}<\/script>\n<!-- \/ Yoast SEO plugin. -->","yoast_head_json":{"title":"Colis\u00e3o na SP-425 envolve tr\u00eas ve\u00edculos em Ol\u00edmpia - Regi\u00e3o News","robots":{"index":"index","follow":"follow","max-snippet":"max-snippet:-1","max-image-preview":"max-image-preview:large","max-video-preview":"max-video-preview:-1"},"canonical":"https:\/\/regiaonews.net.br\/2022\/2023\/11\/25\/colisao-na-sp-425-envolve-tres-veiculos-em-olimpia\/","og_locale":"pt_BR","og_type":"article","og_title":"Colis\u00e3o na SP-425 envolve tr\u00eas ve\u00edculos em Ol\u00edmpia - Regi\u00e3o News","og_description":"Duster ap\u00f3s colis\u00e3o com caminh\u00e3o na Assis Chateaubriand (Foto :","og_url":"https:\/\/regiaonews.net.br\/2022\/2023\/11\/25\/colisao-na-sp-425-envolve-tres-veiculos-em-olimpia\/","og_site_name":"Regi\u00e3o News","article_published_time":"2023-11-26T01:04:11+00:00","article_modified_time":"2023-11-26T01:07:09+00:00","og_image":[{"width":895,"height":589,"url":"https:\/\/regiaonews.net.br\/2022\/wp-content\/uploads\/2023\/11\/Screenshot_20231125-220542_Samsung-Internet.jpg","type":"image\/jpeg"}],"author":"Roberto","twitter_card":"summary_large_image","twitter_misc":{"Escrito por":"Roberto","Est. tempo de leitura":"1 minuto"},"schema":{"@context":"https:\/\/schema.org","@graph":[{"@type":"Article","@id":"https:\/\/regiaonews.net.br\/2022\/2023\/11\/25\/colisao-na-sp-425-envolve-tres-veiculos-em-olimpia\/#article","isPartOf":{"@id":"https:\/\/regiaonews.net.br\/2022\/2023\/11\/25\/colisao-na-sp-425-envolve-tres-veiculos-em-olimpia\/"},"author":{"name":"Roberto","@id":"https:\/\/regiaonews.net.br\/2022\/#\/schema\/person\/2d205a608a5aa97ac279d7a5e6d89ad8"},"headline":"Colis\u00e3o na SP-425 envolve tr\u00eas ve\u00edculos em Ol\u00edmpia","datePublished":"2023-11-26T01:04:11+00:00","dateModified":"2023-11-26T01:07:09+00:00","mainEntityOfPage":{"@id":"https:\/\/regiaonews.net.br\/2022\/2023\/11\/25\/colisao-na-sp-425-envolve-tres-veiculos-em-olimpia\/"},"wordCount":169,"commentCount":0,"publisher":{"@id":"https:\/\/regiaonews.net.br\/2022\/#organization"},"image":{"@id":"https:\/\/regiaonews.net.br\/2022\/2023\/11\/25\/colisao-na-sp-425-envolve-tres-veiculos-em-olimpia\/#primaryimage"},"thumbnailUrl":"https:\/\/regiaonews.net.br\/2022\/wp-content\/uploads\/2023\/11\/Screenshot_20231125-220542_Samsung-Internet.jpg","articleSection":["Ol\u00edmpia"],"inLanguage":"pt-BR","potentialAction":[{"@type":"CommentAction","name":"Comment","target":["https:\/\/regiaonews.net.br\/2022\/2023\/11\/25\/colisao-na-sp-425-envolve-tres-veiculos-em-olimpia\/#respond"]}]},{"@type":"WebPage","@id":"https:\/\/regiaonews.net.br\/2022\/2023\/11\/25\/colisao-na-sp-425-envolve-tres-veiculos-em-olimpia\/","url":"https:\/\/regiaonews.net.br\/2022\/2023\/11\/25\/colisao-na-sp-425-envolve-tres-veiculos-em-olimpia\/","name":"Colis\u00e3o na SP-425 envolve tr\u00eas ve\u00edculos em Ol\u00edmpia - Regi\u00e3o News","isPartOf":{"@id":"https:\/\/regiaonews.net.br\/2022\/#website"},"primaryImageOfPage":{"@id":"https:\/\/regiaonews.net.br\/2022\/2023\/11\/25\/colisao-na-sp-425-envolve-tres-veiculos-em-olimpia\/#primaryimage"},"image":{"@id":"https:\/\/regiaonews.net.br\/2022\/2023\/11\/25\/colisao-na-sp-425-envolve-tres-veiculos-em-olimpia\/#primaryimage"},"thumbnailUrl":"https:\/\/regiaonews.net.br\/2022\/wp-content\/uploads\/2023\/11\/Screenshot_20231125-220542_Samsung-Internet.jpg","datePublished":"2023-11-26T01:04:11+00:00","dateModified":"2023-11-26T01:07:09+00:00","breadcrumb":{"@id":"https:\/\/regiaonews.net.br\/2022\/2023\/11\/25\/colisao-na-sp-425-envolve-tres-veiculos-em-olimpia\/#breadcrumb"},"inLanguage":"pt-BR","potentialAction":[{"@type":"ReadAction","target":["https:\/\/regiaonews.net.br\/2022\/2023\/11\/25\/colisao-na-sp-425-envolve-tres-veiculos-em-olimpia\/"]}]},{"@type":"ImageObject","inLanguage":"pt-BR","@id":"https:\/\/regiaonews.net.br\/2022\/2023\/11\/25\/colisao-na-sp-425-envolve-tres-veiculos-em-olimpia\/#primaryimage","url":"https:\/\/regiaonews.net.br\/2022\/wp-content\/uploads\/2023\/11\/Screenshot_20231125-220542_Samsung-Internet.jpg","contentUrl":"https:\/\/regiaonews.net.br\/2022\/wp-content\/uploads\/2023\/11\/Screenshot_20231125-220542_Samsung-Internet.jpg","width":895,"height":589},{"@type":"BreadcrumbList","@id":"https:\/\/regiaonews.net.br\/2022\/2023\/11\/25\/colisao-na-sp-425-envolve-tres-veiculos-em-olimpia\/#breadcrumb","itemListElement":[{"@type":"ListItem","position":1,"name":"In\u00edcio","item":"https:\/\/regiaonews.net.br\/2022\/"},{"@type":"ListItem","position":2,"name":"Colis\u00e3o na SP-425 envolve tr\u00eas ve\u00edculos em Ol\u00edmpia"}]},{"@type":"WebSite","@id":"https:\/\/regiaonews.net.br\/2022\/#website","url":"https:\/\/regiaonews.net.br\/2022\/","name":"Regi\u00e3o News","description":"Site de Not\u00edcias de Barretos e regi\u00e3o","publisher":{"@id":"https:\/\/regiaonews.net.br\/2022\/#organization"},"potentialAction":[{"@type":"SearchAction","target":{"@type":"EntryPoint","urlTemplate":"https:\/\/regiaonews.net.br\/2022\/?s={search_term_string}"},"query-input":{"@type":"PropertyValueSpecification","valueRequired":true,"valueName":"search_term_string"}}],"inLanguage":"pt-BR"},{"@type":"Organization","@id":"https:\/\/regiaonews.net.br\/2022\/#organization","name":"Regi\u00e3o News","url":"https:\/\/regiaonews.net.br\/2022\/","logo":{"@type":"ImageObject","inLanguage":"pt-BR","@id":"https:\/\/regiaonews.net.br\/2022\/#\/schema\/logo\/image\/","url":"https:\/\/regiaonews.net.br\/2022\/wp-content\/uploads\/2026\/03\/regiao-13-anos-scaled.jpg","contentUrl":"https:\/\/regiaonews.net.br\/2022\/wp-content\/uploads\/2026\/03\/regiao-13-anos-scaled.jpg","width":2560,"height":635,"caption":"Regi\u00e3o News"},"image":{"@id":"https:\/\/regiaonews.net.br\/2022\/#\/schema\/logo\/image\/"}},{"@type":"Person","@id":"https:\/\/regiaonews.net.br\/2022\/#\/schema\/person\/2d205a608a5aa97ac279d7a5e6d89ad8","name":"Roberto","image":{"@type":"ImageObject","inLanguage":"pt-BR","@id":"https:\/\/secure.gravatar.com\/avatar\/42749d8b712ff9d59ca93dc150494e5b55a44134482993f5baeb97e61b7ecc89?s=96&d=mm&r=g","url":"https:\/\/secure.gravatar.com\/avatar\/42749d8b712ff9d59ca93dc150494e5b55a44134482993f5baeb97e61b7ecc89?s=96&d=mm&r=g","contentUrl":"https:\/\/secure.gravatar.com\/avatar\/42749d8b712ff9d59ca93dc150494e5b55a44134482993f5baeb97e61b7ecc89?s=96&d=mm&r=g","caption":"Roberto"},"url":"https:\/\/regiaonews.net.br\/2022\/author\/roberto\/"}]}},"publishpress_future_action":{"enabled":false,"date":"2026-05-04 08:45:19","action":"change-status","newStatus":"draft","terms":[],"taxonomy":"category","extraData":[]},"publishpress_future_workflow_manual_trigger":{"enabledWorkflows":[]},"_links":{"self":[{"href":"https:\/\/regiaonews.net.br\/2022\/wp-json\/wp\/v2\/posts\/98220","targetHints":{"allow":["GET"]}}],"collection":[{"href":"https:\/\/regiaonews.net.br\/2022\/wp-json\/wp\/v2\/posts"}],"about":[{"href":"https:\/\/regiaonews.net.br\/2022\/wp-json\/wp\/v2\/types\/post"}],"author":[{"embeddable":true,"href":"https:\/\/regiaonews.net.br\/2022\/wp-json\/wp\/v2\/users\/2"}],"replies":[{"embeddable":true,"href":"https:\/\/regiaonews.net.br\/2022\/wp-json\/wp\/v2\/comments?post=98220"}],"version-history":[{"count":2,"href":"https:\/\/regiaonews.net.br\/2022\/wp-json\/wp\/v2\/posts\/98220\/revisions"}],"predecessor-version":[{"id":98223,"href":"https:\/\/regiaonews.net.br\/2022\/wp-json\/wp\/v2\/posts\/98220\/revisions\/98223"}],"wp:featuredmedia":[{"embeddable":true,"href":"https:\/\/regiaonews.net.br\/2022\/wp-json\/wp\/v2\/media\/98222"}],"wp:attachment":[{"href":"https:\/\/regiaonews.net.br\/2022\/wp-json\/wp\/v2\/media?parent=98220"}],"wp:term":[{"taxonomy":"category","embeddable":true,"href":"https:\/\/regiaonews.net.br\/2022\/wp-json\/wp\/v2\/categories?post=98220"},{"taxonomy":"post_tag","embeddable":true,"href":"https:\/\/regiaonews.net.br\/2022\/wp-json\/wp\/v2\/tags?post=98220"}],"curies":[{"name":"wp","href":"https:\/\/api.w.org\/{rel}","templated":true}]}}