{"id":98213,"date":"2023-11-25T20:10:22","date_gmt":"2023-11-25T23:10:22","guid":{"rendered":"https:\/\/regiaonews.net.br\/2022\/?p=98213"},"modified":"2023-11-26T19:27:16","modified_gmt":"2023-11-26T22:27:16","slug":"juventude-e-atletico-go-sobe-para-serie-a-do-brasileirao","status":"publish","type":"post","link":"https:\/\/regiaonews.net.br\/2022\/2023\/11\/25\/juventude-e-atletico-go-sobe-para-serie-a-do-brasileirao\/","title":{"rendered":"Juventude e Atl\u00e9tico-GO sobem para S\u00e9rie A do Brasileir\u00e3o"},"content":{"rendered":"<p>Foto: Lucas Emanuel\/AGIF &#8211; AG\u00caNCIA DE FOTOGRAFIA\/ESTAD\u00c3O CONTE\u00daDO<\/p>\n<p>Subiram Vit\u00f3ria, Juventude, Crici\u00fama e Atl\u00e9tico-GO<\/p>\n<p>A\u00a0 \u00faltima rodada da S\u00e9rie B do Campeonato Brasileiro foi emocionante. As equipes do Juventude e Atl\u00e9tico-GO ficaram com as duas \u00faltimas vagas, ao lado do Vit\u00f3ria e Juventude.<\/p>\n<p>As equipes paulistas do Novorizontino e Mirassol venceram, respectivamente, Crici\u00fama e Tombense, e ficaram muito perto de conquistar o acesso. J\u00e1 a Ponte Preta garantiu a perman\u00eancia na divis\u00e3o ao bater o CRB por 3 a 0, em Campinas.<\/p>\n<p>J\u00e1 o Guarani acabou perdendo para o Atl\u00e9tico-GO por 3 a 0, no Ant\u00f4nio Accioly. Com isso, o time bugrino se despediu na d\u00e9cima posi\u00e7\u00e3o, com 57 pontos. J\u00e1 o seu advers\u00e1rio garantiu o acesso com o quarto lugar, com 64.<\/p>\n<p>S\u00f3 cumprindo tabela na \u00faltima rodada, o Ituano empatou por 0 a 0 com o Ava\u00ed, na Ressacada, e ficou no 14\u00ba lugar, com 42.<\/p>\n<p>J\u00e1 o Botafogo perdeu para o Londrina, por 1 a 0, no Santa Cruz, e terminou a S\u00e9rie B no 12\u00ba lugar, com 47.<\/p>\n<p>Confira os jogos deste s\u00e1bado:<br \/>\nAtl\u00e9tico-GO 3 x 0 Guarani<br \/>\nAva\u00ed 0 x 0 Ituano<br \/>\nPonte Preta 3 x 0 CRB<br \/>\nTombense 0 x 1 Mirassol<br \/>\nChapecoense 3 x 1 Vit\u00f3ria<br \/>\nABC 3 x 2 Vila Nova<br \/>\nSport 4 x 1 Sampaio Corr\u00eaa<br \/>\nNovorizontino 2 x 0 Crici\u00fama<br \/>\nBotafogo 0 x 1 Londrina<br \/>\nCear\u00e1 1 x 3 Juventude<\/p>\n","protected":false},"excerpt":{"rendered":"<p>Foto: Lucas Emanuel\/AGIF &#8211; AG\u00caNCIA DE FOTOGRAFIA\/ESTAD\u00c3O CONTE\u00daDO Subiram Vit\u00f3ria,<\/p>\n","protected":false},"author":2,"featured_media":98216,"comment_status":"open","ping_status":"open","sticky":false,"template":"","format":"standard","meta":{"footnotes":""},"categories":[127,21],"tags":[],"class_list":["post-98213","post","type-post","status-publish","format-standard","has-post-thumbnail","hentry","category-brasileirao","category-esporte"],"yoast_head":"<!-- This site is optimized with the Yoast SEO plugin v27.4 - https:\/\/yoast.com\/product\/yoast-seo-wordpress\/ -->\n<title>Juventude e Atl\u00e9tico-GO sobe para S\u00e9rie A do Brasileir\u00e3o<\/title>\n<meta name=\"description\" content=\"A \u00faltima rodada da S\u00e9rie B do Campeonato Brasileiro foi emocionante. As equipes do Juventude e Atl\u00e9tico-GO\" \/>\n<meta name=\"robots\" content=\"index, follow, max-snippet:-1, max-image-preview:large, max-video-preview:-1\" \/>\n<link rel=\"canonical\" href=\"https:\/\/regiaonews.net.br\/2022\/2023\/11\/25\/juventude-e-atletico-go-sobe-para-serie-a-do-brasileirao\/\" \/>\n<meta property=\"og:locale\" content=\"pt_BR\" \/>\n<meta property=\"og:type\" content=\"article\" \/>\n<meta property=\"og:title\" content=\"Juventude e Atl\u00e9tico-GO sobe para S\u00e9rie A do Brasileir\u00e3o\" \/>\n<meta property=\"og:description\" content=\"A \u00faltima rodada da S\u00e9rie B do Campeonato Brasileiro foi emocionante. As equipes do Juventude e Atl\u00e9tico-GO\" \/>\n<meta property=\"og:url\" content=\"https:\/\/regiaonews.net.br\/2022\/2023\/11\/25\/juventude-e-atletico-go-sobe-para-serie-a-do-brasileirao\/\" \/>\n<meta property=\"og:site_name\" content=\"Regi\u00e3o News\" \/>\n<meta property=\"article:published_time\" content=\"2023-11-25T23:10:22+00:00\" \/>\n<meta property=\"article:modified_time\" content=\"2023-11-26T22:27:16+00:00\" \/>\n<meta property=\"og:image\" content=\"https:\/\/regiaonews.net.br\/2022\/wp-content\/uploads\/2023\/11\/jpg.jpeg\" \/>\n\t<meta property=\"og:image:width\" content=\"720\" \/>\n\t<meta property=\"og:image:height\" content=\"360\" \/>\n\t<meta property=\"og:image:type\" content=\"image\/jpeg\" \/>\n<meta name=\"author\" content=\"Roberto\" \/>\n<meta name=\"twitter:card\" content=\"summary_large_image\" \/>\n<meta name=\"twitter:label1\" content=\"Escrito por\" \/>\n\t<meta name=\"twitter:data1\" content=\"Roberto\" \/>\n\t<meta name=\"twitter:label2\" content=\"Est. tempo de leitura\" \/>\n\t<meta name=\"twitter:data2\" content=\"2 minutos\" \/>\n<script type=\"application\/ld+json\" class=\"yoast-schema-graph\">{\"@context\":\"https:\\\/\\\/schema.org\",\"@graph\":[{\"@type\":\"Article\",\"@id\":\"https:\\\/\\\/regiaonews.net.br\\\/2022\\\/2023\\\/11\\\/25\\\/juventude-e-atletico-go-sobe-para-serie-a-do-brasileirao\\\/#article\",\"isPartOf\":{\"@id\":\"https:\\\/\\\/regiaonews.net.br\\\/2022\\\/2023\\\/11\\\/25\\\/juventude-e-atletico-go-sobe-para-serie-a-do-brasileirao\\\/\"},\"author\":{\"name\":\"Roberto\",\"@id\":\"https:\\\/\\\/regiaonews.net.br\\\/2022\\\/#\\\/schema\\\/person\\\/2d205a608a5aa97ac279d7a5e6d89ad8\"},\"headline\":\"Juventude e Atl\u00e9tico-GO sobem para S\u00e9rie A do Brasileir\u00e3o\",\"datePublished\":\"2023-11-25T23:10:22+00:00\",\"dateModified\":\"2023-11-26T22:27:16+00:00\",\"mainEntityOfPage\":{\"@id\":\"https:\\\/\\\/regiaonews.net.br\\\/2022\\\/2023\\\/11\\\/25\\\/juventude-e-atletico-go-sobe-para-serie-a-do-brasileirao\\\/\"},\"wordCount\":233,\"commentCount\":0,\"publisher\":{\"@id\":\"https:\\\/\\\/regiaonews.net.br\\\/2022\\\/#organization\"},\"image\":{\"@id\":\"https:\\\/\\\/regiaonews.net.br\\\/2022\\\/2023\\\/11\\\/25\\\/juventude-e-atletico-go-sobe-para-serie-a-do-brasileirao\\\/#primaryimage\"},\"thumbnailUrl\":\"https:\\\/\\\/regiaonews.net.br\\\/2022\\\/wp-content\\\/uploads\\\/2023\\\/11\\\/jpg.jpeg\",\"articleSection\":[\"Brasileir\u00e3o\",\"Esporte\"],\"inLanguage\":\"pt-BR\",\"potentialAction\":[{\"@type\":\"CommentAction\",\"name\":\"Comment\",\"target\":[\"https:\\\/\\\/regiaonews.net.br\\\/2022\\\/2023\\\/11\\\/25\\\/juventude-e-atletico-go-sobe-para-serie-a-do-brasileirao\\\/#respond\"]}]},{\"@type\":\"WebPage\",\"@id\":\"https:\\\/\\\/regiaonews.net.br\\\/2022\\\/2023\\\/11\\\/25\\\/juventude-e-atletico-go-sobe-para-serie-a-do-brasileirao\\\/\",\"url\":\"https:\\\/\\\/regiaonews.net.br\\\/2022\\\/2023\\\/11\\\/25\\\/juventude-e-atletico-go-sobe-para-serie-a-do-brasileirao\\\/\",\"name\":\"Juventude e Atl\u00e9tico-GO sobe para S\u00e9rie A do Brasileir\u00e3o\",\"isPartOf\":{\"@id\":\"https:\\\/\\\/regiaonews.net.br\\\/2022\\\/#website\"},\"primaryImageOfPage\":{\"@id\":\"https:\\\/\\\/regiaonews.net.br\\\/2022\\\/2023\\\/11\\\/25\\\/juventude-e-atletico-go-sobe-para-serie-a-do-brasileirao\\\/#primaryimage\"},\"image\":{\"@id\":\"https:\\\/\\\/regiaonews.net.br\\\/2022\\\/2023\\\/11\\\/25\\\/juventude-e-atletico-go-sobe-para-serie-a-do-brasileirao\\\/#primaryimage\"},\"thumbnailUrl\":\"https:\\\/\\\/regiaonews.net.br\\\/2022\\\/wp-content\\\/uploads\\\/2023\\\/11\\\/jpg.jpeg\",\"datePublished\":\"2023-11-25T23:10:22+00:00\",\"dateModified\":\"2023-11-26T22:27:16+00:00\",\"description\":\"A \u00faltima rodada da S\u00e9rie B do Campeonato Brasileiro foi emocionante. As equipes do Juventude e Atl\u00e9tico-GO\",\"breadcrumb\":{\"@id\":\"https:\\\/\\\/regiaonews.net.br\\\/2022\\\/2023\\\/11\\\/25\\\/juventude-e-atletico-go-sobe-para-serie-a-do-brasileirao\\\/#breadcrumb\"},\"inLanguage\":\"pt-BR\",\"potentialAction\":[{\"@type\":\"ReadAction\",\"target\":[\"https:\\\/\\\/regiaonews.net.br\\\/2022\\\/2023\\\/11\\\/25\\\/juventude-e-atletico-go-sobe-para-serie-a-do-brasileirao\\\/\"]}]},{\"@type\":\"ImageObject\",\"inLanguage\":\"pt-BR\",\"@id\":\"https:\\\/\\\/regiaonews.net.br\\\/2022\\\/2023\\\/11\\\/25\\\/juventude-e-atletico-go-sobe-para-serie-a-do-brasileirao\\\/#primaryimage\",\"url\":\"https:\\\/\\\/regiaonews.net.br\\\/2022\\\/wp-content\\\/uploads\\\/2023\\\/11\\\/jpg.jpeg\",\"contentUrl\":\"https:\\\/\\\/regiaonews.net.br\\\/2022\\\/wp-content\\\/uploads\\\/2023\\\/11\\\/jpg.jpeg\",\"width\":720,\"height\":360},{\"@type\":\"BreadcrumbList\",\"@id\":\"https:\\\/\\\/regiaonews.net.br\\\/2022\\\/2023\\\/11\\\/25\\\/juventude-e-atletico-go-sobe-para-serie-a-do-brasileirao\\\/#breadcrumb\",\"itemListElement\":[{\"@type\":\"ListItem\",\"position\":1,\"name\":\"In\u00edcio\",\"item\":\"https:\\\/\\\/regiaonews.net.br\\\/2022\\\/\"},{\"@type\":\"ListItem\",\"position\":2,\"name\":\"Juventude e Atl\u00e9tico-GO sobem para S\u00e9rie A do Brasileir\u00e3o\"}]},{\"@type\":\"WebSite\",\"@id\":\"https:\\\/\\\/regiaonews.net.br\\\/2022\\\/#website\",\"url\":\"https:\\\/\\\/regiaonews.net.br\\\/2022\\\/\",\"name\":\"Regi\u00e3o News\",\"description\":\"Site de Not\u00edcias de Barretos e regi\u00e3o\",\"publisher\":{\"@id\":\"https:\\\/\\\/regiaonews.net.br\\\/2022\\\/#organization\"},\"potentialAction\":[{\"@type\":\"SearchAction\",\"target\":{\"@type\":\"EntryPoint\",\"urlTemplate\":\"https:\\\/\\\/regiaonews.net.br\\\/2022\\\/?s={search_term_string}\"},\"query-input\":{\"@type\":\"PropertyValueSpecification\",\"valueRequired\":true,\"valueName\":\"search_term_string\"}}],\"inLanguage\":\"pt-BR\"},{\"@type\":\"Organization\",\"@id\":\"https:\\\/\\\/regiaonews.net.br\\\/2022\\\/#organization\",\"name\":\"Regi\u00e3o News\",\"url\":\"https:\\\/\\\/regiaonews.net.br\\\/2022\\\/\",\"logo\":{\"@type\":\"ImageObject\",\"inLanguage\":\"pt-BR\",\"@id\":\"https:\\\/\\\/regiaonews.net.br\\\/2022\\\/#\\\/schema\\\/logo\\\/image\\\/\",\"url\":\"https:\\\/\\\/regiaonews.net.br\\\/2022\\\/wp-content\\\/uploads\\\/2026\\\/03\\\/regiao-13-anos-scaled.jpg\",\"contentUrl\":\"https:\\\/\\\/regiaonews.net.br\\\/2022\\\/wp-content\\\/uploads\\\/2026\\\/03\\\/regiao-13-anos-scaled.jpg\",\"width\":2560,\"height\":635,\"caption\":\"Regi\u00e3o News\"},\"image\":{\"@id\":\"https:\\\/\\\/regiaonews.net.br\\\/2022\\\/#\\\/schema\\\/logo\\\/image\\\/\"}},{\"@type\":\"Person\",\"@id\":\"https:\\\/\\\/regiaonews.net.br\\\/2022\\\/#\\\/schema\\\/person\\\/2d205a608a5aa97ac279d7a5e6d89ad8\",\"name\":\"Roberto\",\"image\":{\"@type\":\"ImageObject\",\"inLanguage\":\"pt-BR\",\"@id\":\"https:\\\/\\\/secure.gravatar.com\\\/avatar\\\/42749d8b712ff9d59ca93dc150494e5b55a44134482993f5baeb97e61b7ecc89?s=96&d=mm&r=g\",\"url\":\"https:\\\/\\\/secure.gravatar.com\\\/avatar\\\/42749d8b712ff9d59ca93dc150494e5b55a44134482993f5baeb97e61b7ecc89?s=96&d=mm&r=g\",\"contentUrl\":\"https:\\\/\\\/secure.gravatar.com\\\/avatar\\\/42749d8b712ff9d59ca93dc150494e5b55a44134482993f5baeb97e61b7ecc89?s=96&d=mm&r=g\",\"caption\":\"Roberto\"},\"url\":\"https:\\\/\\\/regiaonews.net.br\\\/2022\\\/author\\\/roberto\\\/\"}]}<\/script>\n<!-- \/ Yoast SEO plugin. -->","yoast_head_json":{"title":"Juventude e Atl\u00e9tico-GO sobe para S\u00e9rie A do Brasileir\u00e3o","description":"A \u00faltima rodada da S\u00e9rie B do Campeonato Brasileiro foi emocionante. As equipes do Juventude e Atl\u00e9tico-GO","robots":{"index":"index","follow":"follow","max-snippet":"max-snippet:-1","max-image-preview":"max-image-preview:large","max-video-preview":"max-video-preview:-1"},"canonical":"https:\/\/regiaonews.net.br\/2022\/2023\/11\/25\/juventude-e-atletico-go-sobe-para-serie-a-do-brasileirao\/","og_locale":"pt_BR","og_type":"article","og_title":"Juventude e Atl\u00e9tico-GO sobe para S\u00e9rie A do Brasileir\u00e3o","og_description":"A \u00faltima rodada da S\u00e9rie B do Campeonato Brasileiro foi emocionante. As equipes do Juventude e Atl\u00e9tico-GO","og_url":"https:\/\/regiaonews.net.br\/2022\/2023\/11\/25\/juventude-e-atletico-go-sobe-para-serie-a-do-brasileirao\/","og_site_name":"Regi\u00e3o News","article_published_time":"2023-11-25T23:10:22+00:00","article_modified_time":"2023-11-26T22:27:16+00:00","og_image":[{"width":720,"height":360,"url":"https:\/\/regiaonews.net.br\/2022\/wp-content\/uploads\/2023\/11\/jpg.jpeg","type":"image\/jpeg"}],"author":"Roberto","twitter_card":"summary_large_image","twitter_misc":{"Escrito por":"Roberto","Est. tempo de leitura":"2 minutos"},"schema":{"@context":"https:\/\/schema.org","@graph":[{"@type":"Article","@id":"https:\/\/regiaonews.net.br\/2022\/2023\/11\/25\/juventude-e-atletico-go-sobe-para-serie-a-do-brasileirao\/#article","isPartOf":{"@id":"https:\/\/regiaonews.net.br\/2022\/2023\/11\/25\/juventude-e-atletico-go-sobe-para-serie-a-do-brasileirao\/"},"author":{"name":"Roberto","@id":"https:\/\/regiaonews.net.br\/2022\/#\/schema\/person\/2d205a608a5aa97ac279d7a5e6d89ad8"},"headline":"Juventude e Atl\u00e9tico-GO sobem para S\u00e9rie A do Brasileir\u00e3o","datePublished":"2023-11-25T23:10:22+00:00","dateModified":"2023-11-26T22:27:16+00:00","mainEntityOfPage":{"@id":"https:\/\/regiaonews.net.br\/2022\/2023\/11\/25\/juventude-e-atletico-go-sobe-para-serie-a-do-brasileirao\/"},"wordCount":233,"commentCount":0,"publisher":{"@id":"https:\/\/regiaonews.net.br\/2022\/#organization"},"image":{"@id":"https:\/\/regiaonews.net.br\/2022\/2023\/11\/25\/juventude-e-atletico-go-sobe-para-serie-a-do-brasileirao\/#primaryimage"},"thumbnailUrl":"https:\/\/regiaonews.net.br\/2022\/wp-content\/uploads\/2023\/11\/jpg.jpeg","articleSection":["Brasileir\u00e3o","Esporte"],"inLanguage":"pt-BR","potentialAction":[{"@type":"CommentAction","name":"Comment","target":["https:\/\/regiaonews.net.br\/2022\/2023\/11\/25\/juventude-e-atletico-go-sobe-para-serie-a-do-brasileirao\/#respond"]}]},{"@type":"WebPage","@id":"https:\/\/regiaonews.net.br\/2022\/2023\/11\/25\/juventude-e-atletico-go-sobe-para-serie-a-do-brasileirao\/","url":"https:\/\/regiaonews.net.br\/2022\/2023\/11\/25\/juventude-e-atletico-go-sobe-para-serie-a-do-brasileirao\/","name":"Juventude e Atl\u00e9tico-GO sobe para S\u00e9rie A do Brasileir\u00e3o","isPartOf":{"@id":"https:\/\/regiaonews.net.br\/2022\/#website"},"primaryImageOfPage":{"@id":"https:\/\/regiaonews.net.br\/2022\/2023\/11\/25\/juventude-e-atletico-go-sobe-para-serie-a-do-brasileirao\/#primaryimage"},"image":{"@id":"https:\/\/regiaonews.net.br\/2022\/2023\/11\/25\/juventude-e-atletico-go-sobe-para-serie-a-do-brasileirao\/#primaryimage"},"thumbnailUrl":"https:\/\/regiaonews.net.br\/2022\/wp-content\/uploads\/2023\/11\/jpg.jpeg","datePublished":"2023-11-25T23:10:22+00:00","dateModified":"2023-11-26T22:27:16+00:00","description":"A \u00faltima rodada da S\u00e9rie B do Campeonato Brasileiro foi emocionante. As equipes do Juventude e Atl\u00e9tico-GO","breadcrumb":{"@id":"https:\/\/regiaonews.net.br\/2022\/2023\/11\/25\/juventude-e-atletico-go-sobe-para-serie-a-do-brasileirao\/#breadcrumb"},"inLanguage":"pt-BR","potentialAction":[{"@type":"ReadAction","target":["https:\/\/regiaonews.net.br\/2022\/2023\/11\/25\/juventude-e-atletico-go-sobe-para-serie-a-do-brasileirao\/"]}]},{"@type":"ImageObject","inLanguage":"pt-BR","@id":"https:\/\/regiaonews.net.br\/2022\/2023\/11\/25\/juventude-e-atletico-go-sobe-para-serie-a-do-brasileirao\/#primaryimage","url":"https:\/\/regiaonews.net.br\/2022\/wp-content\/uploads\/2023\/11\/jpg.jpeg","contentUrl":"https:\/\/regiaonews.net.br\/2022\/wp-content\/uploads\/2023\/11\/jpg.jpeg","width":720,"height":360},{"@type":"BreadcrumbList","@id":"https:\/\/regiaonews.net.br\/2022\/2023\/11\/25\/juventude-e-atletico-go-sobe-para-serie-a-do-brasileirao\/#breadcrumb","itemListElement":[{"@type":"ListItem","position":1,"name":"In\u00edcio","item":"https:\/\/regiaonews.net.br\/2022\/"},{"@type":"ListItem","position":2,"name":"Juventude e Atl\u00e9tico-GO sobem para S\u00e9rie A do Brasileir\u00e3o"}]},{"@type":"WebSite","@id":"https:\/\/regiaonews.net.br\/2022\/#website","url":"https:\/\/regiaonews.net.br\/2022\/","name":"Regi\u00e3o News","description":"Site de Not\u00edcias de Barretos e regi\u00e3o","publisher":{"@id":"https:\/\/regiaonews.net.br\/2022\/#organization"},"potentialAction":[{"@type":"SearchAction","target":{"@type":"EntryPoint","urlTemplate":"https:\/\/regiaonews.net.br\/2022\/?s={search_term_string}"},"query-input":{"@type":"PropertyValueSpecification","valueRequired":true,"valueName":"search_term_string"}}],"inLanguage":"pt-BR"},{"@type":"Organization","@id":"https:\/\/regiaonews.net.br\/2022\/#organization","name":"Regi\u00e3o News","url":"https:\/\/regiaonews.net.br\/2022\/","logo":{"@type":"ImageObject","inLanguage":"pt-BR","@id":"https:\/\/regiaonews.net.br\/2022\/#\/schema\/logo\/image\/","url":"https:\/\/regiaonews.net.br\/2022\/wp-content\/uploads\/2026\/03\/regiao-13-anos-scaled.jpg","contentUrl":"https:\/\/regiaonews.net.br\/2022\/wp-content\/uploads\/2026\/03\/regiao-13-anos-scaled.jpg","width":2560,"height":635,"caption":"Regi\u00e3o News"},"image":{"@id":"https:\/\/regiaonews.net.br\/2022\/#\/schema\/logo\/image\/"}},{"@type":"Person","@id":"https:\/\/regiaonews.net.br\/2022\/#\/schema\/person\/2d205a608a5aa97ac279d7a5e6d89ad8","name":"Roberto","image":{"@type":"ImageObject","inLanguage":"pt-BR","@id":"https:\/\/secure.gravatar.com\/avatar\/42749d8b712ff9d59ca93dc150494e5b55a44134482993f5baeb97e61b7ecc89?s=96&d=mm&r=g","url":"https:\/\/secure.gravatar.com\/avatar\/42749d8b712ff9d59ca93dc150494e5b55a44134482993f5baeb97e61b7ecc89?s=96&d=mm&r=g","contentUrl":"https:\/\/secure.gravatar.com\/avatar\/42749d8b712ff9d59ca93dc150494e5b55a44134482993f5baeb97e61b7ecc89?s=96&d=mm&r=g","caption":"Roberto"},"url":"https:\/\/regiaonews.net.br\/2022\/author\/roberto\/"}]}},"publishpress_future_action":{"enabled":false,"date":"2026-05-04 10:07:19","action":"change-status","newStatus":"draft","terms":[],"taxonomy":"category","extraData":[]},"publishpress_future_workflow_manual_trigger":{"enabledWorkflows":[]},"_links":{"self":[{"href":"https:\/\/regiaonews.net.br\/2022\/wp-json\/wp\/v2\/posts\/98213","targetHints":{"allow":["GET"]}}],"collection":[{"href":"https:\/\/regiaonews.net.br\/2022\/wp-json\/wp\/v2\/posts"}],"about":[{"href":"https:\/\/regiaonews.net.br\/2022\/wp-json\/wp\/v2\/types\/post"}],"author":[{"embeddable":true,"href":"https:\/\/regiaonews.net.br\/2022\/wp-json\/wp\/v2\/users\/2"}],"replies":[{"embeddable":true,"href":"https:\/\/regiaonews.net.br\/2022\/wp-json\/wp\/v2\/comments?post=98213"}],"version-history":[{"count":5,"href":"https:\/\/regiaonews.net.br\/2022\/wp-json\/wp\/v2\/posts\/98213\/revisions"}],"predecessor-version":[{"id":98259,"href":"https:\/\/regiaonews.net.br\/2022\/wp-json\/wp\/v2\/posts\/98213\/revisions\/98259"}],"wp:featuredmedia":[{"embeddable":true,"href":"https:\/\/regiaonews.net.br\/2022\/wp-json\/wp\/v2\/media\/98216"}],"wp:attachment":[{"href":"https:\/\/regiaonews.net.br\/2022\/wp-json\/wp\/v2\/media?parent=98213"}],"wp:term":[{"taxonomy":"category","embeddable":true,"href":"https:\/\/regiaonews.net.br\/2022\/wp-json\/wp\/v2\/categories?post=98213"},{"taxonomy":"post_tag","embeddable":true,"href":"https:\/\/regiaonews.net.br\/2022\/wp-json\/wp\/v2\/tags?post=98213"}],"curies":[{"name":"wp","href":"https:\/\/api.w.org\/{rel}","templated":true}]}}