{"id":98210,"date":"2023-11-25T18:11:48","date_gmt":"2023-11-25T21:11:48","guid":{"rendered":"https:\/\/regiaonews.net.br\/2022\/?p=98210"},"modified":"2023-11-25T18:11:48","modified_gmt":"2023-11-25T21:11:48","slug":"augusto-melo-e-o-novo-presidente-do-corinthians","status":"publish","type":"post","link":"https:\/\/regiaonews.net.br\/2022\/2023\/11\/25\/augusto-melo-e-o-novo-presidente-do-corinthians\/","title":{"rendered":"Augusto Melo \u00e9 o novo presidente do Corinthians"},"content":{"rendered":"<div id=\"wrap\">\n<div id=\"container_wrap\">\n<div id=\"conteudo\" class=\"container\">\n<div id=\"main\">\n<figure id=\"imagem_principal\" class=\"imagem_intext creditada\">\n<div class=\"image_wrapper_cls\"><\/div><figcaption>\n<p class=\"legenda\">Foto: Danilo Martins \/ Meu Tim\u00e3o<\/p>\n<\/figcaption><\/figure>\n<article id=\"noticia\" class=\"default\">\n<div class=\"header_artigo\">\n<p class=\"totais\">\n<\/div>\n<div class=\"texto\">\n<p>O\u00a0<a class=\"hotword\" href=\"https:\/\/www.meutimao.com.br\/\" target=\"_blank\" rel=\"noopener\">Corinthians<\/a>\u00a0tem um novo presidente para os pr\u00f3ximos tr\u00eas anos.\u00a0<strong>Ap\u00f3s apura\u00e7\u00e3o dos votos da Comiss\u00e3o Eleitoral neste s\u00e1bado, no\u00a0<a class=\"hotword\" href=\"https:\/\/www.meutimao.com.br\/parque-sao-jorge\" target=\"_blank\" rel=\"noopener\">Parque S\u00e3o Jorge,<\/a>\u00a0Augusto Melo, candidato da oposi\u00e7\u00e3o, superou Andr\u00e9 Neg\u00e3o, da situa\u00e7\u00e3o, e comandar\u00e1 o Corinthians entre 2024 e 2026, com 66,2% dos votos.<\/strong><\/p>\n<p><strong>De um total de 4184 votantes, Augusto Melo acumulou 2771 votos contra 1413 do advers\u00e1rio pol\u00edtico, vencendo em todas as 21 urnas que estavam \u00e0 disposi\u00e7\u00e3o dos s\u00f3cios para vota\u00e7\u00e3o<\/strong>.<\/p>\n<p>A vit\u00f3ria do empres\u00e1rio de 59 anos coloca um fim na dinastia do grupo\u00a0<strong>Renova\u00e7\u00e3o &amp; Transpar\u00eancia<\/strong>, que estava no poder desde 2007, com a elei\u00e7\u00e3o \u00e0 \u00e9poca de Andr\u00e9s S\u00e1nchez. Augusto Melo retorna ao clube ap\u00f3s passagem entre 2015 e 2016, per\u00edodo em que trabalhou como assessor nas\u00a0<a class=\"hotword\" href=\"https:\/\/www.meutimao.com.br\/base-do-corinthians\" target=\"_blank\" rel=\"noopener\">categorias de base.<\/a><\/p>\n<\/div>\n<div class=\"pbmt publicidade_300x250 pbmt_container \">\n<div class=\"pbmt\">\n<div class=\"pbmt publicidade_arroba publicidade_300x250\">\n<div id=\"place_gam_28\" data-prebid=\"true\" data-aps=\"true\" data-google-query-id=\"CPeYspaH4IIDFeSWlQId9DwCUQ\">\n<div class=\"teads-inread xs-screen\">\n<div>\n<div class=\"teads-ui-components-adchoices\"><\/div>\n<\/div>\n<\/div>\n<\/div>\n<\/div>\n<\/div>\n<\/div>\n<\/article>\n<\/div>\n<\/div>\n<\/div>\n<\/div>\n<div id=\"pbmt_sticky_mobile\" class=\"pbmt publicidade_320x50 bg\">\n<div class=\"pbmt\">\n<div>\n<div class=\"pbmt publicidade_mobile_leaderboard publicidade_320x100\">\n<div id=\"place_gam_Conteudo\" data-prebid=\"true\" data-aps=\"true\" data-google-query-id=\"CNi4q5aH4IIDFU1HuAQd8xAA6Q\"><\/div>\n<\/div>\n<\/div>\n<\/div>\n<\/div>\n","protected":false},"excerpt":{"rendered":"<p>Foto: Danilo Martins \/ Meu Tim\u00e3o O\u00a0Corinthians\u00a0tem um novo presidente<\/p>\n","protected":false},"author":2,"featured_media":98211,"comment_status":"open","ping_status":"open","sticky":false,"template":"","format":"standard","meta":{"footnotes":""},"categories":[21,29],"tags":[],"class_list":["post-98210","post","type-post","status-publish","format-standard","has-post-thumbnail","hentry","category-esporte","category-sao-paulo"],"yoast_head":"<!-- This site is optimized with the Yoast SEO plugin v27.4 - https:\/\/yoast.com\/product\/yoast-seo-wordpress\/ -->\n<title>Augusto Melo \u00e9 o novo presidente do Corinthians<\/title>\n<meta name=\"description\" content=\"Corinthians\u00a0tem um novo presidente para os pr\u00f3ximos tr\u00eas anos.\u00a0Ap\u00f3s apura\u00e7\u00e3o dos votos da Comiss\u00e3o Eleitoral\" \/>\n<meta name=\"robots\" content=\"index, follow, max-snippet:-1, max-image-preview:large, max-video-preview:-1\" \/>\n<link rel=\"canonical\" href=\"https:\/\/regiaonews.net.br\/2022\/2023\/11\/25\/augusto-melo-e-o-novo-presidente-do-corinthians\/\" \/>\n<meta property=\"og:locale\" content=\"pt_BR\" \/>\n<meta property=\"og:type\" content=\"article\" \/>\n<meta property=\"og:title\" content=\"Augusto Melo \u00e9 o novo presidente do Corinthians\" \/>\n<meta property=\"og:description\" content=\"Corinthians\u00a0tem um novo presidente para os pr\u00f3ximos tr\u00eas anos.\u00a0Ap\u00f3s apura\u00e7\u00e3o dos votos da Comiss\u00e3o Eleitoral\" \/>\n<meta property=\"og:url\" content=\"https:\/\/regiaonews.net.br\/2022\/2023\/11\/25\/augusto-melo-e-o-novo-presidente-do-corinthians\/\" \/>\n<meta property=\"og:site_name\" content=\"Regi\u00e3o News\" \/>\n<meta property=\"article:published_time\" content=\"2023-11-25T21:11:48+00:00\" \/>\n<meta property=\"og:image\" content=\"https:\/\/regiaonews.net.br\/2022\/wp-content\/uploads\/2023\/11\/augusto-melo-e-o-novo-presidente-do-corinthians-9n.jpg\" \/>\n\t<meta property=\"og:image:width\" content=\"614\" \/>\n\t<meta property=\"og:image:height\" content=\"409\" \/>\n\t<meta property=\"og:image:type\" content=\"image\/jpeg\" \/>\n<meta name=\"author\" content=\"Roberto\" \/>\n<meta name=\"twitter:card\" content=\"summary_large_image\" \/>\n<meta name=\"twitter:label1\" content=\"Escrito por\" \/>\n\t<meta name=\"twitter:data1\" content=\"Roberto\" \/>\n\t<meta name=\"twitter:label2\" content=\"Est. tempo de leitura\" \/>\n\t<meta name=\"twitter:data2\" content=\"1 minuto\" \/>\n<script type=\"application\/ld+json\" class=\"yoast-schema-graph\">{\"@context\":\"https:\\\/\\\/schema.org\",\"@graph\":[{\"@type\":\"Article\",\"@id\":\"https:\\\/\\\/regiaonews.net.br\\\/2022\\\/2023\\\/11\\\/25\\\/augusto-melo-e-o-novo-presidente-do-corinthians\\\/#article\",\"isPartOf\":{\"@id\":\"https:\\\/\\\/regiaonews.net.br\\\/2022\\\/2023\\\/11\\\/25\\\/augusto-melo-e-o-novo-presidente-do-corinthians\\\/\"},\"author\":{\"name\":\"Roberto\",\"@id\":\"https:\\\/\\\/regiaonews.net.br\\\/2022\\\/#\\\/schema\\\/person\\\/2d205a608a5aa97ac279d7a5e6d89ad8\"},\"headline\":\"Augusto Melo \u00e9 o novo presidente do Corinthians\",\"datePublished\":\"2023-11-25T21:11:48+00:00\",\"mainEntityOfPage\":{\"@id\":\"https:\\\/\\\/regiaonews.net.br\\\/2022\\\/2023\\\/11\\\/25\\\/augusto-melo-e-o-novo-presidente-do-corinthians\\\/\"},\"wordCount\":152,\"commentCount\":0,\"publisher\":{\"@id\":\"https:\\\/\\\/regiaonews.net.br\\\/2022\\\/#organization\"},\"image\":{\"@id\":\"https:\\\/\\\/regiaonews.net.br\\\/2022\\\/2023\\\/11\\\/25\\\/augusto-melo-e-o-novo-presidente-do-corinthians\\\/#primaryimage\"},\"thumbnailUrl\":\"https:\\\/\\\/regiaonews.net.br\\\/2022\\\/wp-content\\\/uploads\\\/2023\\\/11\\\/augusto-melo-e-o-novo-presidente-do-corinthians-9n.jpg\",\"articleSection\":[\"Esporte\",\"S\u00e3o Paulo\"],\"inLanguage\":\"pt-BR\",\"potentialAction\":[{\"@type\":\"CommentAction\",\"name\":\"Comment\",\"target\":[\"https:\\\/\\\/regiaonews.net.br\\\/2022\\\/2023\\\/11\\\/25\\\/augusto-melo-e-o-novo-presidente-do-corinthians\\\/#respond\"]}]},{\"@type\":\"WebPage\",\"@id\":\"https:\\\/\\\/regiaonews.net.br\\\/2022\\\/2023\\\/11\\\/25\\\/augusto-melo-e-o-novo-presidente-do-corinthians\\\/\",\"url\":\"https:\\\/\\\/regiaonews.net.br\\\/2022\\\/2023\\\/11\\\/25\\\/augusto-melo-e-o-novo-presidente-do-corinthians\\\/\",\"name\":\"Augusto Melo \u00e9 o novo presidente do Corinthians\",\"isPartOf\":{\"@id\":\"https:\\\/\\\/regiaonews.net.br\\\/2022\\\/#website\"},\"primaryImageOfPage\":{\"@id\":\"https:\\\/\\\/regiaonews.net.br\\\/2022\\\/2023\\\/11\\\/25\\\/augusto-melo-e-o-novo-presidente-do-corinthians\\\/#primaryimage\"},\"image\":{\"@id\":\"https:\\\/\\\/regiaonews.net.br\\\/2022\\\/2023\\\/11\\\/25\\\/augusto-melo-e-o-novo-presidente-do-corinthians\\\/#primaryimage\"},\"thumbnailUrl\":\"https:\\\/\\\/regiaonews.net.br\\\/2022\\\/wp-content\\\/uploads\\\/2023\\\/11\\\/augusto-melo-e-o-novo-presidente-do-corinthians-9n.jpg\",\"datePublished\":\"2023-11-25T21:11:48+00:00\",\"description\":\"Corinthians\u00a0tem um novo presidente para os pr\u00f3ximos tr\u00eas anos.\u00a0Ap\u00f3s apura\u00e7\u00e3o dos votos da Comiss\u00e3o Eleitoral\",\"breadcrumb\":{\"@id\":\"https:\\\/\\\/regiaonews.net.br\\\/2022\\\/2023\\\/11\\\/25\\\/augusto-melo-e-o-novo-presidente-do-corinthians\\\/#breadcrumb\"},\"inLanguage\":\"pt-BR\",\"potentialAction\":[{\"@type\":\"ReadAction\",\"target\":[\"https:\\\/\\\/regiaonews.net.br\\\/2022\\\/2023\\\/11\\\/25\\\/augusto-melo-e-o-novo-presidente-do-corinthians\\\/\"]}]},{\"@type\":\"ImageObject\",\"inLanguage\":\"pt-BR\",\"@id\":\"https:\\\/\\\/regiaonews.net.br\\\/2022\\\/2023\\\/11\\\/25\\\/augusto-melo-e-o-novo-presidente-do-corinthians\\\/#primaryimage\",\"url\":\"https:\\\/\\\/regiaonews.net.br\\\/2022\\\/wp-content\\\/uploads\\\/2023\\\/11\\\/augusto-melo-e-o-novo-presidente-do-corinthians-9n.jpg\",\"contentUrl\":\"https:\\\/\\\/regiaonews.net.br\\\/2022\\\/wp-content\\\/uploads\\\/2023\\\/11\\\/augusto-melo-e-o-novo-presidente-do-corinthians-9n.jpg\",\"width\":614,\"height\":409},{\"@type\":\"BreadcrumbList\",\"@id\":\"https:\\\/\\\/regiaonews.net.br\\\/2022\\\/2023\\\/11\\\/25\\\/augusto-melo-e-o-novo-presidente-do-corinthians\\\/#breadcrumb\",\"itemListElement\":[{\"@type\":\"ListItem\",\"position\":1,\"name\":\"In\u00edcio\",\"item\":\"https:\\\/\\\/regiaonews.net.br\\\/2022\\\/\"},{\"@type\":\"ListItem\",\"position\":2,\"name\":\"Augusto Melo \u00e9 o novo presidente do Corinthians\"}]},{\"@type\":\"WebSite\",\"@id\":\"https:\\\/\\\/regiaonews.net.br\\\/2022\\\/#website\",\"url\":\"https:\\\/\\\/regiaonews.net.br\\\/2022\\\/\",\"name\":\"Regi\u00e3o News\",\"description\":\"Site de Not\u00edcias de Barretos e regi\u00e3o\",\"publisher\":{\"@id\":\"https:\\\/\\\/regiaonews.net.br\\\/2022\\\/#organization\"},\"potentialAction\":[{\"@type\":\"SearchAction\",\"target\":{\"@type\":\"EntryPoint\",\"urlTemplate\":\"https:\\\/\\\/regiaonews.net.br\\\/2022\\\/?s={search_term_string}\"},\"query-input\":{\"@type\":\"PropertyValueSpecification\",\"valueRequired\":true,\"valueName\":\"search_term_string\"}}],\"inLanguage\":\"pt-BR\"},{\"@type\":\"Organization\",\"@id\":\"https:\\\/\\\/regiaonews.net.br\\\/2022\\\/#organization\",\"name\":\"Regi\u00e3o News\",\"url\":\"https:\\\/\\\/regiaonews.net.br\\\/2022\\\/\",\"logo\":{\"@type\":\"ImageObject\",\"inLanguage\":\"pt-BR\",\"@id\":\"https:\\\/\\\/regiaonews.net.br\\\/2022\\\/#\\\/schema\\\/logo\\\/image\\\/\",\"url\":\"https:\\\/\\\/regiaonews.net.br\\\/2022\\\/wp-content\\\/uploads\\\/2026\\\/03\\\/regiao-13-anos-scaled.jpg\",\"contentUrl\":\"https:\\\/\\\/regiaonews.net.br\\\/2022\\\/wp-content\\\/uploads\\\/2026\\\/03\\\/regiao-13-anos-scaled.jpg\",\"width\":2560,\"height\":635,\"caption\":\"Regi\u00e3o News\"},\"image\":{\"@id\":\"https:\\\/\\\/regiaonews.net.br\\\/2022\\\/#\\\/schema\\\/logo\\\/image\\\/\"}},{\"@type\":\"Person\",\"@id\":\"https:\\\/\\\/regiaonews.net.br\\\/2022\\\/#\\\/schema\\\/person\\\/2d205a608a5aa97ac279d7a5e6d89ad8\",\"name\":\"Roberto\",\"image\":{\"@type\":\"ImageObject\",\"inLanguage\":\"pt-BR\",\"@id\":\"https:\\\/\\\/secure.gravatar.com\\\/avatar\\\/42749d8b712ff9d59ca93dc150494e5b55a44134482993f5baeb97e61b7ecc89?s=96&d=mm&r=g\",\"url\":\"https:\\\/\\\/secure.gravatar.com\\\/avatar\\\/42749d8b712ff9d59ca93dc150494e5b55a44134482993f5baeb97e61b7ecc89?s=96&d=mm&r=g\",\"contentUrl\":\"https:\\\/\\\/secure.gravatar.com\\\/avatar\\\/42749d8b712ff9d59ca93dc150494e5b55a44134482993f5baeb97e61b7ecc89?s=96&d=mm&r=g\",\"caption\":\"Roberto\"},\"url\":\"https:\\\/\\\/regiaonews.net.br\\\/2022\\\/author\\\/roberto\\\/\"}]}<\/script>\n<!-- \/ Yoast SEO plugin. -->","yoast_head_json":{"title":"Augusto Melo \u00e9 o novo presidente do Corinthians","description":"Corinthians\u00a0tem um novo presidente para os pr\u00f3ximos tr\u00eas anos.\u00a0Ap\u00f3s apura\u00e7\u00e3o dos votos da Comiss\u00e3o Eleitoral","robots":{"index":"index","follow":"follow","max-snippet":"max-snippet:-1","max-image-preview":"max-image-preview:large","max-video-preview":"max-video-preview:-1"},"canonical":"https:\/\/regiaonews.net.br\/2022\/2023\/11\/25\/augusto-melo-e-o-novo-presidente-do-corinthians\/","og_locale":"pt_BR","og_type":"article","og_title":"Augusto Melo \u00e9 o novo presidente do Corinthians","og_description":"Corinthians\u00a0tem um novo presidente para os pr\u00f3ximos tr\u00eas anos.\u00a0Ap\u00f3s apura\u00e7\u00e3o dos votos da Comiss\u00e3o Eleitoral","og_url":"https:\/\/regiaonews.net.br\/2022\/2023\/11\/25\/augusto-melo-e-o-novo-presidente-do-corinthians\/","og_site_name":"Regi\u00e3o News","article_published_time":"2023-11-25T21:11:48+00:00","og_image":[{"width":614,"height":409,"url":"https:\/\/regiaonews.net.br\/2022\/wp-content\/uploads\/2023\/11\/augusto-melo-e-o-novo-presidente-do-corinthians-9n.jpg","type":"image\/jpeg"}],"author":"Roberto","twitter_card":"summary_large_image","twitter_misc":{"Escrito por":"Roberto","Est. tempo de leitura":"1 minuto"},"schema":{"@context":"https:\/\/schema.org","@graph":[{"@type":"Article","@id":"https:\/\/regiaonews.net.br\/2022\/2023\/11\/25\/augusto-melo-e-o-novo-presidente-do-corinthians\/#article","isPartOf":{"@id":"https:\/\/regiaonews.net.br\/2022\/2023\/11\/25\/augusto-melo-e-o-novo-presidente-do-corinthians\/"},"author":{"name":"Roberto","@id":"https:\/\/regiaonews.net.br\/2022\/#\/schema\/person\/2d205a608a5aa97ac279d7a5e6d89ad8"},"headline":"Augusto Melo \u00e9 o novo presidente do Corinthians","datePublished":"2023-11-25T21:11:48+00:00","mainEntityOfPage":{"@id":"https:\/\/regiaonews.net.br\/2022\/2023\/11\/25\/augusto-melo-e-o-novo-presidente-do-corinthians\/"},"wordCount":152,"commentCount":0,"publisher":{"@id":"https:\/\/regiaonews.net.br\/2022\/#organization"},"image":{"@id":"https:\/\/regiaonews.net.br\/2022\/2023\/11\/25\/augusto-melo-e-o-novo-presidente-do-corinthians\/#primaryimage"},"thumbnailUrl":"https:\/\/regiaonews.net.br\/2022\/wp-content\/uploads\/2023\/11\/augusto-melo-e-o-novo-presidente-do-corinthians-9n.jpg","articleSection":["Esporte","S\u00e3o Paulo"],"inLanguage":"pt-BR","potentialAction":[{"@type":"CommentAction","name":"Comment","target":["https:\/\/regiaonews.net.br\/2022\/2023\/11\/25\/augusto-melo-e-o-novo-presidente-do-corinthians\/#respond"]}]},{"@type":"WebPage","@id":"https:\/\/regiaonews.net.br\/2022\/2023\/11\/25\/augusto-melo-e-o-novo-presidente-do-corinthians\/","url":"https:\/\/regiaonews.net.br\/2022\/2023\/11\/25\/augusto-melo-e-o-novo-presidente-do-corinthians\/","name":"Augusto Melo \u00e9 o novo presidente do Corinthians","isPartOf":{"@id":"https:\/\/regiaonews.net.br\/2022\/#website"},"primaryImageOfPage":{"@id":"https:\/\/regiaonews.net.br\/2022\/2023\/11\/25\/augusto-melo-e-o-novo-presidente-do-corinthians\/#primaryimage"},"image":{"@id":"https:\/\/regiaonews.net.br\/2022\/2023\/11\/25\/augusto-melo-e-o-novo-presidente-do-corinthians\/#primaryimage"},"thumbnailUrl":"https:\/\/regiaonews.net.br\/2022\/wp-content\/uploads\/2023\/11\/augusto-melo-e-o-novo-presidente-do-corinthians-9n.jpg","datePublished":"2023-11-25T21:11:48+00:00","description":"Corinthians\u00a0tem um novo presidente para os pr\u00f3ximos tr\u00eas anos.\u00a0Ap\u00f3s apura\u00e7\u00e3o dos votos da Comiss\u00e3o Eleitoral","breadcrumb":{"@id":"https:\/\/regiaonews.net.br\/2022\/2023\/11\/25\/augusto-melo-e-o-novo-presidente-do-corinthians\/#breadcrumb"},"inLanguage":"pt-BR","potentialAction":[{"@type":"ReadAction","target":["https:\/\/regiaonews.net.br\/2022\/2023\/11\/25\/augusto-melo-e-o-novo-presidente-do-corinthians\/"]}]},{"@type":"ImageObject","inLanguage":"pt-BR","@id":"https:\/\/regiaonews.net.br\/2022\/2023\/11\/25\/augusto-melo-e-o-novo-presidente-do-corinthians\/#primaryimage","url":"https:\/\/regiaonews.net.br\/2022\/wp-content\/uploads\/2023\/11\/augusto-melo-e-o-novo-presidente-do-corinthians-9n.jpg","contentUrl":"https:\/\/regiaonews.net.br\/2022\/wp-content\/uploads\/2023\/11\/augusto-melo-e-o-novo-presidente-do-corinthians-9n.jpg","width":614,"height":409},{"@type":"BreadcrumbList","@id":"https:\/\/regiaonews.net.br\/2022\/2023\/11\/25\/augusto-melo-e-o-novo-presidente-do-corinthians\/#breadcrumb","itemListElement":[{"@type":"ListItem","position":1,"name":"In\u00edcio","item":"https:\/\/regiaonews.net.br\/2022\/"},{"@type":"ListItem","position":2,"name":"Augusto Melo \u00e9 o novo presidente do Corinthians"}]},{"@type":"WebSite","@id":"https:\/\/regiaonews.net.br\/2022\/#website","url":"https:\/\/regiaonews.net.br\/2022\/","name":"Regi\u00e3o News","description":"Site de Not\u00edcias de Barretos e regi\u00e3o","publisher":{"@id":"https:\/\/regiaonews.net.br\/2022\/#organization"},"potentialAction":[{"@type":"SearchAction","target":{"@type":"EntryPoint","urlTemplate":"https:\/\/regiaonews.net.br\/2022\/?s={search_term_string}"},"query-input":{"@type":"PropertyValueSpecification","valueRequired":true,"valueName":"search_term_string"}}],"inLanguage":"pt-BR"},{"@type":"Organization","@id":"https:\/\/regiaonews.net.br\/2022\/#organization","name":"Regi\u00e3o News","url":"https:\/\/regiaonews.net.br\/2022\/","logo":{"@type":"ImageObject","inLanguage":"pt-BR","@id":"https:\/\/regiaonews.net.br\/2022\/#\/schema\/logo\/image\/","url":"https:\/\/regiaonews.net.br\/2022\/wp-content\/uploads\/2026\/03\/regiao-13-anos-scaled.jpg","contentUrl":"https:\/\/regiaonews.net.br\/2022\/wp-content\/uploads\/2026\/03\/regiao-13-anos-scaled.jpg","width":2560,"height":635,"caption":"Regi\u00e3o News"},"image":{"@id":"https:\/\/regiaonews.net.br\/2022\/#\/schema\/logo\/image\/"}},{"@type":"Person","@id":"https:\/\/regiaonews.net.br\/2022\/#\/schema\/person\/2d205a608a5aa97ac279d7a5e6d89ad8","name":"Roberto","image":{"@type":"ImageObject","inLanguage":"pt-BR","@id":"https:\/\/secure.gravatar.com\/avatar\/42749d8b712ff9d59ca93dc150494e5b55a44134482993f5baeb97e61b7ecc89?s=96&d=mm&r=g","url":"https:\/\/secure.gravatar.com\/avatar\/42749d8b712ff9d59ca93dc150494e5b55a44134482993f5baeb97e61b7ecc89?s=96&d=mm&r=g","contentUrl":"https:\/\/secure.gravatar.com\/avatar\/42749d8b712ff9d59ca93dc150494e5b55a44134482993f5baeb97e61b7ecc89?s=96&d=mm&r=g","caption":"Roberto"},"url":"https:\/\/regiaonews.net.br\/2022\/author\/roberto\/"}]}},"publishpress_future_action":{"enabled":false,"date":"2026-05-04 11:36:48","action":"change-status","newStatus":"draft","terms":[],"taxonomy":"category","extraData":[]},"publishpress_future_workflow_manual_trigger":{"enabledWorkflows":[]},"_links":{"self":[{"href":"https:\/\/regiaonews.net.br\/2022\/wp-json\/wp\/v2\/posts\/98210","targetHints":{"allow":["GET"]}}],"collection":[{"href":"https:\/\/regiaonews.net.br\/2022\/wp-json\/wp\/v2\/posts"}],"about":[{"href":"https:\/\/regiaonews.net.br\/2022\/wp-json\/wp\/v2\/types\/post"}],"author":[{"embeddable":true,"href":"https:\/\/regiaonews.net.br\/2022\/wp-json\/wp\/v2\/users\/2"}],"replies":[{"embeddable":true,"href":"https:\/\/regiaonews.net.br\/2022\/wp-json\/wp\/v2\/comments?post=98210"}],"version-history":[{"count":1,"href":"https:\/\/regiaonews.net.br\/2022\/wp-json\/wp\/v2\/posts\/98210\/revisions"}],"predecessor-version":[{"id":98212,"href":"https:\/\/regiaonews.net.br\/2022\/wp-json\/wp\/v2\/posts\/98210\/revisions\/98212"}],"wp:featuredmedia":[{"embeddable":true,"href":"https:\/\/regiaonews.net.br\/2022\/wp-json\/wp\/v2\/media\/98211"}],"wp:attachment":[{"href":"https:\/\/regiaonews.net.br\/2022\/wp-json\/wp\/v2\/media?parent=98210"}],"wp:term":[{"taxonomy":"category","embeddable":true,"href":"https:\/\/regiaonews.net.br\/2022\/wp-json\/wp\/v2\/categories?post=98210"},{"taxonomy":"post_tag","embeddable":true,"href":"https:\/\/regiaonews.net.br\/2022\/wp-json\/wp\/v2\/tags?post=98210"}],"curies":[{"name":"wp","href":"https:\/\/api.w.org\/{rel}","templated":true}]}}