{"id":98202,"date":"2023-11-25T14:02:23","date_gmt":"2023-11-25T17:02:23","guid":{"rendered":"https:\/\/regiaonews.net.br\/2022\/?p=98202"},"modified":"2023-11-25T14:02:23","modified_gmt":"2023-11-25T17:02:23","slug":"guta-bampa-e-rita-ribeiro-recebem-titulos-de-cidadas-benemeritas-de-autoria-do-vereador-chafei","status":"publish","type":"post","link":"https:\/\/regiaonews.net.br\/2022\/2023\/11\/25\/guta-bampa-e-rita-ribeiro-recebem-titulos-de-cidadas-benemeritas-de-autoria-do-vereador-chafei\/","title":{"rendered":"Guta Bampa e Rita Ribeiro recebem t\u00edtulos de Cidad\u00e3s Benem\u00e9ritas de autoria do vereador Chafei"},"content":{"rendered":"<header id=\"header\">\n<div class=\"container\">\n<div class=\"row\">\n<div class=\"col-xs-6 text-left\">\n<h1><\/h1>\n<\/div>\n<\/div>\n<\/div>\n<\/header>\n<article id=\"main-content\">\n<div class=\"container\">\n<div class=\"row\">\n<div class=\"col-xs-9 noticia\">\n<p>Em sess\u00e3o solene realizada na noite de sexta-feira (24\/nov), na C\u00e2mara, a professora de dan\u00e7a e empres\u00e1ria, <strong>Maria Augusta Bampa Moreira Rodrigues\u00a0&#8220;Guta Bampa&#8221;;\u00a0<\/strong>e a diretora de escola aposentada,<strong>\u00a0Rita Maria Ribeiro, receberam o T\u00edtulo de &#8220;Cidad\u00e3 Benem\u00e9rita da Est\u00e2ncia Tur\u00edstica de\u00a0Barretos&#8221;.<\/strong><\/p>\n<p>As homenagens foram propostas pelo vereador\u00a0<strong>Dr. Chafei Amsei Neto (MDB),\u00a0<\/strong>por meio do<strong>\u00a0<a title=\"\" href=\"http:\/\/consulta.camarabarretos.sp.gov.br\/Documentos\/Documento\/385308\" target=\"_blank\" rel=\"noopener\" data-original-title=\"\">Projeto de Decreto Legislativo n\u00ba 15\/2023<\/a>; e\u00a0<a title=\"\" href=\"http:\/\/consulta.camarabarretos.sp.gov.br\/Documentos\/Documento\/398937\" target=\"_blank\" rel=\"noopener\" data-original-title=\"\">Projeto de Decreto Legislativo n\u00ba 40\/2023<\/a><\/strong>,\u00a0\u00a0ambos aprovados por todos os vereadores.<\/p>\n<p>A solenidade foi conduzida pelo\u00a0vereador autor das homenagens,<strong>\u00a0Dr. Chafei (MDB)\u00a0<\/strong>e contou com a presen\u00e7a do 2\u00ba Secret\u00e1rio da C\u00e2mara, vereador\u00a0<strong>Juninho Bandeira (PL)<\/strong>; da Secret\u00e1ria Municipal de Assist\u00eancia Social e Desenvolvimento Humano,\u00a0<strong>Vit\u00f3ria de Lourdes Toledo Saretta de Oliveira<\/strong>\u00a0(representando a Prefeita Paula Lemos ); e da Presidente da OAB (Ordem dos Advogados do Brasil) &#8211; 7\u00aa Subse\u00e7\u00e3o,<strong>\u00a0Dr.\u00aa Arany Maria Scarpellini Priolli L&#8217;apiccirella.\u00a0<\/strong><\/p>\n<p>No final da solenidade, o filho da homenageada Guta Bampa,\u00a0<a title=\"\" href=\"https:\/\/youtu.be\/TC9NRW1rKA4?t=5429\" target=\"_blank\" rel=\"noopener\" data-original-title=\"\"><strong>o bailarino Jo\u00e3o Henrique Bampa Rodrigues fez uma apresenta\u00e7\u00e3o de dan\u00e7a no Espa\u00e7o Cultural <\/strong><\/a><\/p>\n<p>Foto &#8211; C\u00e2mara Barretos<\/p>\n<p><a class=\"foto-noticia cboxElement\" title=\"\" href=\"https:\/\/camarabarretos.sp.gov.br\/images\/noticias\/5476\/170087516665614b9e64212.jpg\" data-original-title=\"\"><img decoding=\"async\" src=\"https:\/\/camarabarretos.sp.gov.br\/images\/noticias\/5476\/170087516665614b9e64212.jpg\" \/><\/a><a class=\"foto-noticia cboxElement\" title=\"\" href=\"https:\/\/camarabarretos.sp.gov.br\/images\/noticias\/5476\/170087516965614ba117adb.jpg\" data-original-title=\"\"><img decoding=\"async\" src=\"https:\/\/camarabarretos.sp.gov.br\/images\/noticias\/5476\/170087516965614ba117adb.jpg\" \/><\/a><\/p>\n<ul id=\"fotos-noticia\" class=\"list-inline\">\n<li><a class=\"foto-noticia cboxElement\" title=\"\" href=\"https:\/\/camarabarretos.sp.gov.br\/images\/noticias\/5476\/170087517865614baa2f61b.jpg\" data-original-title=\"\"><img decoding=\"async\" src=\"https:\/\/camarabarretos.sp.gov.br\/images\/noticias\/5476\/170087517865614baa2f61b.jpg\" \/><\/a><\/li>\n<li><a class=\"foto-noticia cboxElement\" title=\"\" href=\"https:\/\/camarabarretos.sp.gov.br\/images\/noticias\/5476\/170087517965614bab86919.jpg\" data-original-title=\"\"><img decoding=\"async\" src=\"https:\/\/camarabarretos.sp.gov.br\/images\/noticias\/5476\/170087517965614bab86919.jpg\" \/><\/a><\/li>\n<li><a class=\"foto-noticia cboxElement\" title=\"\" href=\"https:\/\/camarabarretos.sp.gov.br\/images\/noticias\/5476\/170087518765614bb324a08.jpg\" data-original-title=\"\"><img decoding=\"async\" src=\"https:\/\/camarabarretos.sp.gov.br\/images\/noticias\/5476\/170087518765614bb324a08.jpg\" \/><\/a><\/li>\n<li><\/li>\n<li><a class=\"foto-noticia cboxElement\" title=\"\" href=\"https:\/\/camarabarretos.sp.gov.br\/images\/noticias\/5476\/170087519065614bb627382.jpg\" data-original-title=\"\"><img decoding=\"async\" src=\"https:\/\/camarabarretos.sp.gov.br\/images\/noticias\/5476\/170087519065614bb627382.jpg\" \/><\/a><\/li>\n<li><\/li>\n<li><a class=\"foto-noticia cboxElement\" title=\"\" href=\"https:\/\/camarabarretos.sp.gov.br\/images\/noticias\/5476\/170087519365614bb94d004.jpg\" data-original-title=\"\"><img decoding=\"async\" src=\"https:\/\/camarabarretos.sp.gov.br\/images\/noticias\/5476\/170087519365614bb94d004.jpg\" \/><\/a><\/li>\n<li><\/li>\n<li><a class=\"foto-noticia cboxElement\" title=\"\" href=\"https:\/\/camarabarretos.sp.gov.br\/images\/noticias\/5476\/170087519665614bbc6a77d.jpg\" data-original-title=\"\"><img decoding=\"async\" src=\"https:\/\/camarabarretos.sp.gov.br\/images\/noticias\/5476\/170087519665614bbc6a77d.jpg\" \/><\/a><\/li>\n<li><a class=\"foto-noticia cboxElement\" title=\"\" href=\"https:\/\/camarabarretos.sp.gov.br\/images\/noticias\/5476\/170087520465614bc410112.jpg\" data-original-title=\"\"><img decoding=\"async\" src=\"https:\/\/camarabarretos.sp.gov.br\/images\/noticias\/5476\/170087520465614bc410112.jpg\" \/><\/a><\/li>\n<li><a class=\"foto-noticia cboxElement\" title=\"\" href=\"https:\/\/camarabarretos.sp.gov.br\/images\/noticias\/5476\/170087520765614bc711bbc.jpg\" data-original-title=\"\"><img decoding=\"async\" src=\"https:\/\/camarabarretos.sp.gov.br\/images\/noticias\/5476\/170087520765614bc711bbc.jpg\" \/><\/a><\/li>\n<\/ul>\n<\/div>\n<\/div>\n<\/div>\n<\/article>\n","protected":false},"excerpt":{"rendered":"<p>Em sess\u00e3o solene realizada na noite de sexta-feira (24\/nov), na<\/p>\n","protected":false},"author":2,"featured_media":98203,"comment_status":"open","ping_status":"open","sticky":false,"template":"","format":"standard","meta":{"footnotes":""},"categories":[14,111],"tags":[],"class_list":["post-98202","post","type-post","status-publish","format-standard","has-post-thumbnail","hentry","category-barretos","category-cotidiano"],"yoast_head":"<!-- This site is optimized with the Yoast SEO plugin v27.4 - https:\/\/yoast.com\/product\/yoast-seo-wordpress\/ -->\n<title>Guta Bampa e Rita Ribeiro recebem t\u00edtulos de Cidad\u00e3s Benem\u00e9ritas<\/title>\n<meta name=\"robots\" content=\"index, follow, max-snippet:-1, max-image-preview:large, max-video-preview:-1\" \/>\n<link rel=\"canonical\" href=\"https:\/\/regiaonews.net.br\/2022\/2023\/11\/25\/guta-bampa-e-rita-ribeiro-recebem-titulos-de-cidadas-benemeritas-de-autoria-do-vereador-chafei\/\" \/>\n<meta property=\"og:locale\" content=\"pt_BR\" \/>\n<meta property=\"og:type\" content=\"article\" \/>\n<meta property=\"og:title\" content=\"Guta Bampa e Rita Ribeiro recebem t\u00edtulos de Cidad\u00e3s Benem\u00e9ritas\" \/>\n<meta property=\"og:description\" content=\"Em sess\u00e3o solene realizada na noite de sexta-feira (24\/nov), na\" \/>\n<meta property=\"og:url\" content=\"https:\/\/regiaonews.net.br\/2022\/2023\/11\/25\/guta-bampa-e-rita-ribeiro-recebem-titulos-de-cidadas-benemeritas-de-autoria-do-vereador-chafei\/\" \/>\n<meta property=\"og:site_name\" content=\"Regi\u00e3o News\" \/>\n<meta property=\"article:published_time\" content=\"2023-11-25T17:02:23+00:00\" \/>\n<meta property=\"og:image\" content=\"https:\/\/regiaonews.net.br\/2022\/wp-content\/uploads\/2023\/11\/170087575665614deca856b.jpg\" \/>\n\t<meta property=\"og:image:width\" content=\"600\" \/>\n\t<meta property=\"og:image:height\" content=\"337\" \/>\n\t<meta property=\"og:image:type\" content=\"image\/jpeg\" \/>\n<meta name=\"author\" content=\"Roberto\" \/>\n<meta name=\"twitter:card\" content=\"summary_large_image\" \/>\n<meta name=\"twitter:label1\" content=\"Escrito por\" \/>\n\t<meta name=\"twitter:data1\" content=\"Roberto\" \/>\n\t<meta name=\"twitter:label2\" content=\"Est. tempo de leitura\" \/>\n\t<meta name=\"twitter:data2\" content=\"3 minutos\" \/>\n<script type=\"application\/ld+json\" class=\"yoast-schema-graph\">{\"@context\":\"https:\\\/\\\/schema.org\",\"@graph\":[{\"@type\":\"Article\",\"@id\":\"https:\\\/\\\/regiaonews.net.br\\\/2022\\\/2023\\\/11\\\/25\\\/guta-bampa-e-rita-ribeiro-recebem-titulos-de-cidadas-benemeritas-de-autoria-do-vereador-chafei\\\/#article\",\"isPartOf\":{\"@id\":\"https:\\\/\\\/regiaonews.net.br\\\/2022\\\/2023\\\/11\\\/25\\\/guta-bampa-e-rita-ribeiro-recebem-titulos-de-cidadas-benemeritas-de-autoria-do-vereador-chafei\\\/\"},\"author\":{\"name\":\"Roberto\",\"@id\":\"https:\\\/\\\/regiaonews.net.br\\\/2022\\\/#\\\/schema\\\/person\\\/2d205a608a5aa97ac279d7a5e6d89ad8\"},\"headline\":\"Guta Bampa e Rita Ribeiro recebem t\u00edtulos de Cidad\u00e3s Benem\u00e9ritas de autoria do vereador Chafei\",\"datePublished\":\"2023-11-25T17:02:23+00:00\",\"mainEntityOfPage\":{\"@id\":\"https:\\\/\\\/regiaonews.net.br\\\/2022\\\/2023\\\/11\\\/25\\\/guta-bampa-e-rita-ribeiro-recebem-titulos-de-cidadas-benemeritas-de-autoria-do-vereador-chafei\\\/\"},\"wordCount\":206,\"commentCount\":0,\"publisher\":{\"@id\":\"https:\\\/\\\/regiaonews.net.br\\\/2022\\\/#organization\"},\"image\":{\"@id\":\"https:\\\/\\\/regiaonews.net.br\\\/2022\\\/2023\\\/11\\\/25\\\/guta-bampa-e-rita-ribeiro-recebem-titulos-de-cidadas-benemeritas-de-autoria-do-vereador-chafei\\\/#primaryimage\"},\"thumbnailUrl\":\"https:\\\/\\\/regiaonews.net.br\\\/2022\\\/wp-content\\\/uploads\\\/2023\\\/11\\\/170087575665614deca856b.jpg\",\"articleSection\":[\"Barretos\",\"Cotidiano\"],\"inLanguage\":\"pt-BR\",\"potentialAction\":[{\"@type\":\"CommentAction\",\"name\":\"Comment\",\"target\":[\"https:\\\/\\\/regiaonews.net.br\\\/2022\\\/2023\\\/11\\\/25\\\/guta-bampa-e-rita-ribeiro-recebem-titulos-de-cidadas-benemeritas-de-autoria-do-vereador-chafei\\\/#respond\"]}]},{\"@type\":\"WebPage\",\"@id\":\"https:\\\/\\\/regiaonews.net.br\\\/2022\\\/2023\\\/11\\\/25\\\/guta-bampa-e-rita-ribeiro-recebem-titulos-de-cidadas-benemeritas-de-autoria-do-vereador-chafei\\\/\",\"url\":\"https:\\\/\\\/regiaonews.net.br\\\/2022\\\/2023\\\/11\\\/25\\\/guta-bampa-e-rita-ribeiro-recebem-titulos-de-cidadas-benemeritas-de-autoria-do-vereador-chafei\\\/\",\"name\":\"Guta Bampa e Rita Ribeiro recebem t\u00edtulos de Cidad\u00e3s Benem\u00e9ritas\",\"isPartOf\":{\"@id\":\"https:\\\/\\\/regiaonews.net.br\\\/2022\\\/#website\"},\"primaryImageOfPage\":{\"@id\":\"https:\\\/\\\/regiaonews.net.br\\\/2022\\\/2023\\\/11\\\/25\\\/guta-bampa-e-rita-ribeiro-recebem-titulos-de-cidadas-benemeritas-de-autoria-do-vereador-chafei\\\/#primaryimage\"},\"image\":{\"@id\":\"https:\\\/\\\/regiaonews.net.br\\\/2022\\\/2023\\\/11\\\/25\\\/guta-bampa-e-rita-ribeiro-recebem-titulos-de-cidadas-benemeritas-de-autoria-do-vereador-chafei\\\/#primaryimage\"},\"thumbnailUrl\":\"https:\\\/\\\/regiaonews.net.br\\\/2022\\\/wp-content\\\/uploads\\\/2023\\\/11\\\/170087575665614deca856b.jpg\",\"datePublished\":\"2023-11-25T17:02:23+00:00\",\"breadcrumb\":{\"@id\":\"https:\\\/\\\/regiaonews.net.br\\\/2022\\\/2023\\\/11\\\/25\\\/guta-bampa-e-rita-ribeiro-recebem-titulos-de-cidadas-benemeritas-de-autoria-do-vereador-chafei\\\/#breadcrumb\"},\"inLanguage\":\"pt-BR\",\"potentialAction\":[{\"@type\":\"ReadAction\",\"target\":[\"https:\\\/\\\/regiaonews.net.br\\\/2022\\\/2023\\\/11\\\/25\\\/guta-bampa-e-rita-ribeiro-recebem-titulos-de-cidadas-benemeritas-de-autoria-do-vereador-chafei\\\/\"]}]},{\"@type\":\"ImageObject\",\"inLanguage\":\"pt-BR\",\"@id\":\"https:\\\/\\\/regiaonews.net.br\\\/2022\\\/2023\\\/11\\\/25\\\/guta-bampa-e-rita-ribeiro-recebem-titulos-de-cidadas-benemeritas-de-autoria-do-vereador-chafei\\\/#primaryimage\",\"url\":\"https:\\\/\\\/regiaonews.net.br\\\/2022\\\/wp-content\\\/uploads\\\/2023\\\/11\\\/170087575665614deca856b.jpg\",\"contentUrl\":\"https:\\\/\\\/regiaonews.net.br\\\/2022\\\/wp-content\\\/uploads\\\/2023\\\/11\\\/170087575665614deca856b.jpg\",\"width\":600,\"height\":337},{\"@type\":\"BreadcrumbList\",\"@id\":\"https:\\\/\\\/regiaonews.net.br\\\/2022\\\/2023\\\/11\\\/25\\\/guta-bampa-e-rita-ribeiro-recebem-titulos-de-cidadas-benemeritas-de-autoria-do-vereador-chafei\\\/#breadcrumb\",\"itemListElement\":[{\"@type\":\"ListItem\",\"position\":1,\"name\":\"In\u00edcio\",\"item\":\"https:\\\/\\\/regiaonews.net.br\\\/2022\\\/\"},{\"@type\":\"ListItem\",\"position\":2,\"name\":\"Guta Bampa e Rita Ribeiro recebem t\u00edtulos de Cidad\u00e3s Benem\u00e9ritas de autoria do vereador Chafei\"}]},{\"@type\":\"WebSite\",\"@id\":\"https:\\\/\\\/regiaonews.net.br\\\/2022\\\/#website\",\"url\":\"https:\\\/\\\/regiaonews.net.br\\\/2022\\\/\",\"name\":\"Regi\u00e3o News\",\"description\":\"Site de Not\u00edcias de Barretos e regi\u00e3o\",\"publisher\":{\"@id\":\"https:\\\/\\\/regiaonews.net.br\\\/2022\\\/#organization\"},\"potentialAction\":[{\"@type\":\"SearchAction\",\"target\":{\"@type\":\"EntryPoint\",\"urlTemplate\":\"https:\\\/\\\/regiaonews.net.br\\\/2022\\\/?s={search_term_string}\"},\"query-input\":{\"@type\":\"PropertyValueSpecification\",\"valueRequired\":true,\"valueName\":\"search_term_string\"}}],\"inLanguage\":\"pt-BR\"},{\"@type\":\"Organization\",\"@id\":\"https:\\\/\\\/regiaonews.net.br\\\/2022\\\/#organization\",\"name\":\"Regi\u00e3o News\",\"url\":\"https:\\\/\\\/regiaonews.net.br\\\/2022\\\/\",\"logo\":{\"@type\":\"ImageObject\",\"inLanguage\":\"pt-BR\",\"@id\":\"https:\\\/\\\/regiaonews.net.br\\\/2022\\\/#\\\/schema\\\/logo\\\/image\\\/\",\"url\":\"https:\\\/\\\/regiaonews.net.br\\\/2022\\\/wp-content\\\/uploads\\\/2026\\\/03\\\/regiao-13-anos-scaled.jpg\",\"contentUrl\":\"https:\\\/\\\/regiaonews.net.br\\\/2022\\\/wp-content\\\/uploads\\\/2026\\\/03\\\/regiao-13-anos-scaled.jpg\",\"width\":2560,\"height\":635,\"caption\":\"Regi\u00e3o News\"},\"image\":{\"@id\":\"https:\\\/\\\/regiaonews.net.br\\\/2022\\\/#\\\/schema\\\/logo\\\/image\\\/\"}},{\"@type\":\"Person\",\"@id\":\"https:\\\/\\\/regiaonews.net.br\\\/2022\\\/#\\\/schema\\\/person\\\/2d205a608a5aa97ac279d7a5e6d89ad8\",\"name\":\"Roberto\",\"image\":{\"@type\":\"ImageObject\",\"inLanguage\":\"pt-BR\",\"@id\":\"https:\\\/\\\/secure.gravatar.com\\\/avatar\\\/42749d8b712ff9d59ca93dc150494e5b55a44134482993f5baeb97e61b7ecc89?s=96&d=mm&r=g\",\"url\":\"https:\\\/\\\/secure.gravatar.com\\\/avatar\\\/42749d8b712ff9d59ca93dc150494e5b55a44134482993f5baeb97e61b7ecc89?s=96&d=mm&r=g\",\"contentUrl\":\"https:\\\/\\\/secure.gravatar.com\\\/avatar\\\/42749d8b712ff9d59ca93dc150494e5b55a44134482993f5baeb97e61b7ecc89?s=96&d=mm&r=g\",\"caption\":\"Roberto\"},\"url\":\"https:\\\/\\\/regiaonews.net.br\\\/2022\\\/author\\\/roberto\\\/\"}]}<\/script>\n<!-- \/ Yoast SEO plugin. -->","yoast_head_json":{"title":"Guta Bampa e Rita Ribeiro recebem t\u00edtulos de Cidad\u00e3s Benem\u00e9ritas","robots":{"index":"index","follow":"follow","max-snippet":"max-snippet:-1","max-image-preview":"max-image-preview:large","max-video-preview":"max-video-preview:-1"},"canonical":"https:\/\/regiaonews.net.br\/2022\/2023\/11\/25\/guta-bampa-e-rita-ribeiro-recebem-titulos-de-cidadas-benemeritas-de-autoria-do-vereador-chafei\/","og_locale":"pt_BR","og_type":"article","og_title":"Guta Bampa e Rita Ribeiro recebem t\u00edtulos de Cidad\u00e3s Benem\u00e9ritas","og_description":"Em sess\u00e3o solene realizada na noite de sexta-feira (24\/nov), na","og_url":"https:\/\/regiaonews.net.br\/2022\/2023\/11\/25\/guta-bampa-e-rita-ribeiro-recebem-titulos-de-cidadas-benemeritas-de-autoria-do-vereador-chafei\/","og_site_name":"Regi\u00e3o News","article_published_time":"2023-11-25T17:02:23+00:00","og_image":[{"width":600,"height":337,"url":"https:\/\/regiaonews.net.br\/2022\/wp-content\/uploads\/2023\/11\/170087575665614deca856b.jpg","type":"image\/jpeg"}],"author":"Roberto","twitter_card":"summary_large_image","twitter_misc":{"Escrito por":"Roberto","Est. tempo de leitura":"3 minutos"},"schema":{"@context":"https:\/\/schema.org","@graph":[{"@type":"Article","@id":"https:\/\/regiaonews.net.br\/2022\/2023\/11\/25\/guta-bampa-e-rita-ribeiro-recebem-titulos-de-cidadas-benemeritas-de-autoria-do-vereador-chafei\/#article","isPartOf":{"@id":"https:\/\/regiaonews.net.br\/2022\/2023\/11\/25\/guta-bampa-e-rita-ribeiro-recebem-titulos-de-cidadas-benemeritas-de-autoria-do-vereador-chafei\/"},"author":{"name":"Roberto","@id":"https:\/\/regiaonews.net.br\/2022\/#\/schema\/person\/2d205a608a5aa97ac279d7a5e6d89ad8"},"headline":"Guta Bampa e Rita Ribeiro recebem t\u00edtulos de Cidad\u00e3s Benem\u00e9ritas de autoria do vereador Chafei","datePublished":"2023-11-25T17:02:23+00:00","mainEntityOfPage":{"@id":"https:\/\/regiaonews.net.br\/2022\/2023\/11\/25\/guta-bampa-e-rita-ribeiro-recebem-titulos-de-cidadas-benemeritas-de-autoria-do-vereador-chafei\/"},"wordCount":206,"commentCount":0,"publisher":{"@id":"https:\/\/regiaonews.net.br\/2022\/#organization"},"image":{"@id":"https:\/\/regiaonews.net.br\/2022\/2023\/11\/25\/guta-bampa-e-rita-ribeiro-recebem-titulos-de-cidadas-benemeritas-de-autoria-do-vereador-chafei\/#primaryimage"},"thumbnailUrl":"https:\/\/regiaonews.net.br\/2022\/wp-content\/uploads\/2023\/11\/170087575665614deca856b.jpg","articleSection":["Barretos","Cotidiano"],"inLanguage":"pt-BR","potentialAction":[{"@type":"CommentAction","name":"Comment","target":["https:\/\/regiaonews.net.br\/2022\/2023\/11\/25\/guta-bampa-e-rita-ribeiro-recebem-titulos-de-cidadas-benemeritas-de-autoria-do-vereador-chafei\/#respond"]}]},{"@type":"WebPage","@id":"https:\/\/regiaonews.net.br\/2022\/2023\/11\/25\/guta-bampa-e-rita-ribeiro-recebem-titulos-de-cidadas-benemeritas-de-autoria-do-vereador-chafei\/","url":"https:\/\/regiaonews.net.br\/2022\/2023\/11\/25\/guta-bampa-e-rita-ribeiro-recebem-titulos-de-cidadas-benemeritas-de-autoria-do-vereador-chafei\/","name":"Guta Bampa e Rita Ribeiro recebem t\u00edtulos de Cidad\u00e3s Benem\u00e9ritas","isPartOf":{"@id":"https:\/\/regiaonews.net.br\/2022\/#website"},"primaryImageOfPage":{"@id":"https:\/\/regiaonews.net.br\/2022\/2023\/11\/25\/guta-bampa-e-rita-ribeiro-recebem-titulos-de-cidadas-benemeritas-de-autoria-do-vereador-chafei\/#primaryimage"},"image":{"@id":"https:\/\/regiaonews.net.br\/2022\/2023\/11\/25\/guta-bampa-e-rita-ribeiro-recebem-titulos-de-cidadas-benemeritas-de-autoria-do-vereador-chafei\/#primaryimage"},"thumbnailUrl":"https:\/\/regiaonews.net.br\/2022\/wp-content\/uploads\/2023\/11\/170087575665614deca856b.jpg","datePublished":"2023-11-25T17:02:23+00:00","breadcrumb":{"@id":"https:\/\/regiaonews.net.br\/2022\/2023\/11\/25\/guta-bampa-e-rita-ribeiro-recebem-titulos-de-cidadas-benemeritas-de-autoria-do-vereador-chafei\/#breadcrumb"},"inLanguage":"pt-BR","potentialAction":[{"@type":"ReadAction","target":["https:\/\/regiaonews.net.br\/2022\/2023\/11\/25\/guta-bampa-e-rita-ribeiro-recebem-titulos-de-cidadas-benemeritas-de-autoria-do-vereador-chafei\/"]}]},{"@type":"ImageObject","inLanguage":"pt-BR","@id":"https:\/\/regiaonews.net.br\/2022\/2023\/11\/25\/guta-bampa-e-rita-ribeiro-recebem-titulos-de-cidadas-benemeritas-de-autoria-do-vereador-chafei\/#primaryimage","url":"https:\/\/regiaonews.net.br\/2022\/wp-content\/uploads\/2023\/11\/170087575665614deca856b.jpg","contentUrl":"https:\/\/regiaonews.net.br\/2022\/wp-content\/uploads\/2023\/11\/170087575665614deca856b.jpg","width":600,"height":337},{"@type":"BreadcrumbList","@id":"https:\/\/regiaonews.net.br\/2022\/2023\/11\/25\/guta-bampa-e-rita-ribeiro-recebem-titulos-de-cidadas-benemeritas-de-autoria-do-vereador-chafei\/#breadcrumb","itemListElement":[{"@type":"ListItem","position":1,"name":"In\u00edcio","item":"https:\/\/regiaonews.net.br\/2022\/"},{"@type":"ListItem","position":2,"name":"Guta Bampa e Rita Ribeiro recebem t\u00edtulos de Cidad\u00e3s Benem\u00e9ritas de autoria do vereador Chafei"}]},{"@type":"WebSite","@id":"https:\/\/regiaonews.net.br\/2022\/#website","url":"https:\/\/regiaonews.net.br\/2022\/","name":"Regi\u00e3o News","description":"Site de Not\u00edcias de Barretos e regi\u00e3o","publisher":{"@id":"https:\/\/regiaonews.net.br\/2022\/#organization"},"potentialAction":[{"@type":"SearchAction","target":{"@type":"EntryPoint","urlTemplate":"https:\/\/regiaonews.net.br\/2022\/?s={search_term_string}"},"query-input":{"@type":"PropertyValueSpecification","valueRequired":true,"valueName":"search_term_string"}}],"inLanguage":"pt-BR"},{"@type":"Organization","@id":"https:\/\/regiaonews.net.br\/2022\/#organization","name":"Regi\u00e3o News","url":"https:\/\/regiaonews.net.br\/2022\/","logo":{"@type":"ImageObject","inLanguage":"pt-BR","@id":"https:\/\/regiaonews.net.br\/2022\/#\/schema\/logo\/image\/","url":"https:\/\/regiaonews.net.br\/2022\/wp-content\/uploads\/2026\/03\/regiao-13-anos-scaled.jpg","contentUrl":"https:\/\/regiaonews.net.br\/2022\/wp-content\/uploads\/2026\/03\/regiao-13-anos-scaled.jpg","width":2560,"height":635,"caption":"Regi\u00e3o News"},"image":{"@id":"https:\/\/regiaonews.net.br\/2022\/#\/schema\/logo\/image\/"}},{"@type":"Person","@id":"https:\/\/regiaonews.net.br\/2022\/#\/schema\/person\/2d205a608a5aa97ac279d7a5e6d89ad8","name":"Roberto","image":{"@type":"ImageObject","inLanguage":"pt-BR","@id":"https:\/\/secure.gravatar.com\/avatar\/42749d8b712ff9d59ca93dc150494e5b55a44134482993f5baeb97e61b7ecc89?s=96&d=mm&r=g","url":"https:\/\/secure.gravatar.com\/avatar\/42749d8b712ff9d59ca93dc150494e5b55a44134482993f5baeb97e61b7ecc89?s=96&d=mm&r=g","contentUrl":"https:\/\/secure.gravatar.com\/avatar\/42749d8b712ff9d59ca93dc150494e5b55a44134482993f5baeb97e61b7ecc89?s=96&d=mm&r=g","caption":"Roberto"},"url":"https:\/\/regiaonews.net.br\/2022\/author\/roberto\/"}]}},"publishpress_future_action":{"enabled":false,"date":"2026-05-04 14:36:43","action":"change-status","newStatus":"draft","terms":[],"taxonomy":"category","extraData":[]},"publishpress_future_workflow_manual_trigger":{"enabledWorkflows":[]},"_links":{"self":[{"href":"https:\/\/regiaonews.net.br\/2022\/wp-json\/wp\/v2\/posts\/98202","targetHints":{"allow":["GET"]}}],"collection":[{"href":"https:\/\/regiaonews.net.br\/2022\/wp-json\/wp\/v2\/posts"}],"about":[{"href":"https:\/\/regiaonews.net.br\/2022\/wp-json\/wp\/v2\/types\/post"}],"author":[{"embeddable":true,"href":"https:\/\/regiaonews.net.br\/2022\/wp-json\/wp\/v2\/users\/2"}],"replies":[{"embeddable":true,"href":"https:\/\/regiaonews.net.br\/2022\/wp-json\/wp\/v2\/comments?post=98202"}],"version-history":[{"count":1,"href":"https:\/\/regiaonews.net.br\/2022\/wp-json\/wp\/v2\/posts\/98202\/revisions"}],"predecessor-version":[{"id":98204,"href":"https:\/\/regiaonews.net.br\/2022\/wp-json\/wp\/v2\/posts\/98202\/revisions\/98204"}],"wp:featuredmedia":[{"embeddable":true,"href":"https:\/\/regiaonews.net.br\/2022\/wp-json\/wp\/v2\/media\/98203"}],"wp:attachment":[{"href":"https:\/\/regiaonews.net.br\/2022\/wp-json\/wp\/v2\/media?parent=98202"}],"wp:term":[{"taxonomy":"category","embeddable":true,"href":"https:\/\/regiaonews.net.br\/2022\/wp-json\/wp\/v2\/categories?post=98202"},{"taxonomy":"post_tag","embeddable":true,"href":"https:\/\/regiaonews.net.br\/2022\/wp-json\/wp\/v2\/tags?post=98202"}],"curies":[{"name":"wp","href":"https:\/\/api.w.org\/{rel}","templated":true}]}}