{"id":98198,"date":"2023-11-25T13:43:25","date_gmt":"2023-11-25T16:43:25","guid":{"rendered":"https:\/\/regiaonews.net.br\/2022\/?p=98198"},"modified":"2023-11-25T13:43:25","modified_gmt":"2023-11-25T16:43:25","slug":"governador-lanca-pacote-de-novas-politicas-de-desenvolvimento-do-agro-paulista","status":"publish","type":"post","link":"https:\/\/regiaonews.net.br\/2022\/2023\/11\/25\/governador-lanca-pacote-de-novas-politicas-de-desenvolvimento-do-agro-paulista\/","title":{"rendered":"Governador lan\u00e7a pacote de novas pol\u00edticas de desenvolvimento do agro paulista"},"content":{"rendered":"<p>&nbsp;<\/p>\n<p>Tarc\u00edsio de Freitas apresentou o SP Agro em cerim\u00f4nia no Pal\u00e1cio dos Bandeirantes<\/p>\n<p>O Governo do Estado refor\u00e7ou nesta sexta-feira (25) a atua\u00e7\u00e3o permanente para fortalecer e desenvolver ainda mais o agroneg\u00f3cio em S\u00e3o Paulo. Em solenidade no Pal\u00e1cio dos Bandeirantes, o governador Tarc\u00edsio de Freitas lan\u00e7ou o SP Agro, pacote que re\u00fane pol\u00edticas p\u00fablicas inovadoras para o setor que \u00e9 respons\u00e1vel por 40% da balan\u00e7a comercial paulista.<\/p>\n<p>\u201cN\u00f3s somos devedores do agro. Ent\u00e3o, a gente deve muito ao agro e tamb\u00e9m \u00e0s pessoas que l\u00e1 no campo, dia a dia, fizeram calo nas m\u00e3os para nos alimentar, e nos trazer riqueza. A prosperidade de S\u00e3o Paulo tem tudo a ver com o agro\u201d, afirmou Tarc\u00edsio. \u201cEu quero fazer uma homenagem a cada agricultor do estado de S\u00e3o Paulo. Voc\u00eas geram oportunidades. O agro vai nos proporcionar uma forte expans\u00e3o industrial, porque essas agroind\u00fastrias fazem a produ\u00e7\u00e3o do pequeno produtor chegar em todas as partes do mundo\u201d, acrescentou o governador.<\/p>\n<p>A implementa\u00e7\u00e3o de a\u00e7\u00f5es do SP Agro \u00e9 coordenada pela Secretaria de Agricultura e Abastecimento do Estado. A pasta comandada pelo secret\u00e1rio Guilherme Piai tamb\u00e9m fez nesta sexta a premia\u00e7\u00e3o do programa Ranking Munic\u00edpio Agro, que distribui mais de R$ 5 milh\u00f5es em pr\u00eamios para 107 cidades com as melhores pol\u00edticas p\u00fablicas para o setor agr\u00edcola.<\/p>\n<p>\u201cO Ranking Munic\u00edpio Agro traz o munic\u00edpio para perto do Governo do Estado, ouvindo os prefeitos, e se tornar\u00e1 um programa de Estado, com as premia\u00e7\u00f5es aumentando cada vez mais. Parab\u00e9ns a todos que participaram, estamos muito orgulhosos\u201d, declarou Piai.<\/p>\n<p>Nesta quinta edi\u00e7\u00e3o do ranking, a cidade vencedora foi Joan\u00f3polis, com pr\u00eamio de R$ 400 mil. Na sequ\u00eancia, ficaram os munic\u00edpios de Piracicaba, com R$ 300 mil em premia\u00e7\u00e3o, S\u00e3o Bento do Sapuca\u00ed, com R$ 200 mil, e Limeira, com R$ 100 mil. Os valores podem ser aplicados em servi\u00e7os como refor\u00e7o de frota das defesas agropecu\u00e1rias locais ou novos centros de forma\u00e7\u00e3o ambiental, entre outros.<\/p>\n<p>*Combate ao greening*<\/p>\n<p>Outra medida importante do SP Agro \u00e9 a cria\u00e7\u00e3o do Comit\u00ea Estadual do Greening, que vai atuar exclusivamente no controle da doen\u00e7a que afeta a produ\u00e7\u00e3o de laranja. O grupo re\u00fane cinco secretarias estaduais, produtores e representantes da citricultura para discutir e coordenar as a\u00e7\u00f5es de combate \u00e0 doen\u00e7a nos pomares de todo o territ\u00f3rio paulista.<\/p>\n<p>O greening \u00e9 causado por uma bact\u00e9ria e disseminado por um inseto. As plantas contaminadas n\u00e3o podem ser curadas, provocando grandes preju\u00edzos aos produtores de laranja. De acordo com o decreto assinado por Tarc\u00edsio, o comit\u00ea vai articular o poder p\u00fablico e as cadeias produtivas para disseminar pr\u00e1ticas, tecnologias e a\u00e7\u00f5es de controle e preven\u00e7\u00e3o da praga.<\/p>\n<p>*Rotas Rurais*<\/p>\n<p>O Governo do Estado tamb\u00e9m formalizou na legisla\u00e7\u00e3o o programa Rotas Rurais, que promove o endere\u00e7amento digital das propriedades agr\u00edcolas em todo o territ\u00f3rio paulista. Com a aplica\u00e7\u00e3o da lei estadual 17.834\/2023, proposta pelos deputados Lucas Bove e Guto Zacarias, os estabelecimentos e propriedades ganham identifica\u00e7\u00e3o oficial, com informa\u00e7\u00f5es dispon\u00edveis em servi\u00e7os de geolocaliza\u00e7\u00e3o.<\/p>\n<p>Formalizado como pol\u00edtica de Estado, o programa leva mais seguran\u00e7a e dignidade \u00e0 popula\u00e7\u00e3o do campo. O Rotas Rurais j\u00e1 mapeou 57 mil km de estradas rurais, colocou no mapa 291 mil propriedades e tem impacto positivo direto no acesso \u00e0 sa\u00fade e no fortalecimento do turismo rural.<\/p>\n<p>*Defesa agropecu\u00e1ria*<\/p>\n<p>O Governo de S\u00e3o Paulo tamb\u00e9m anunciou o investimento de R$ 3,8 milh\u00f5es para a aquisi\u00e7\u00e3o de 32 caminhonetes que ser\u00e3o usadas pela Defesa Agropecu\u00e1ria para combate ao greening, vigil\u00e2ncia contra a febre aftosa e prote\u00e7\u00e3o contra a incid\u00eancia de influenza avi\u00e1ria em todo o estado. Com o aumento da frota, o Estado amplia o raio de atua\u00e7\u00e3o das equipes t\u00e9cnicas que fazem o controle sanit\u00e1rio nas propriedades paulistas.<\/p>\n<p>*A\u00e7\u00f5es integradas*<\/p>\n<p>O SP Agro tamb\u00e9m contemplou outras medidas de fiscaliza\u00e7\u00e3o e controle na produ\u00e7\u00e3o agropecu\u00e1ria. Rec\u00e9m-criado, o Servi\u00e7o de Inspe\u00e7\u00e3o de Produtos de Origem Vegetal (Sipov) vai regularizar a situa\u00e7\u00e3o de pequenas agroind\u00fastrias e produtores artesanais, garantindo maior competitividade e seguran\u00e7a alimentar para os consumidores.<\/p>\n<p>O governador tamb\u00e9m autorizou a cria\u00e7\u00e3o de novos programas de seguran\u00e7a alimentar com envolvimento direto do agroneg\u00f3cio. O Cesta Verde vai oferecer frutas, legumes e verduras da agricultura familiar \u00e0 popula\u00e7\u00e3o em situa\u00e7\u00e3o de vulnerabilidade social, e o Abastece SP + Saud\u00e1vel e Sustent\u00e1vel vai promover o abastecimento de produtos agroalimentares, ampliando canais de distribui\u00e7\u00e3o e comercializa\u00e7\u00e3o da produ\u00e7\u00e3o paulista.<\/p>\n<p>Tarc\u00edsio tamb\u00e9m encaminhou \u00e0 Assembleia Legislativa do Estado o projeto de lei que institui o Passaporte Equestre. O projeto prev\u00ea a libera\u00e7\u00e3o do tr\u00e2nsito animal no territ\u00f3rio paulista e tamb\u00e9m permite que o produtor emita as pr\u00f3prias Guias de Tr\u00e2nsito Animal diretamente no celular ou outros dispositivos.<\/p>\n<p>O governador tamb\u00e9m autorizou a simplifica\u00e7\u00e3o e moderniza\u00e7\u00e3o das linhas de cr\u00e9dito do Fundo de Expans\u00e3o do Agroneg\u00f3cio Paulista (FEAP). O objetivo \u00e9 permitir que cooperativas de produtores rurais possam ser beneficiadas com subven\u00e7\u00f5es do FEAP, reduzindo a taxa de juros para os clientes finais em linhas de custeio, investimento e comercializa\u00e7\u00e3o de produtos rurais.<\/p>\n<p>O SP Agro ainda estabeleceu a cria\u00e7\u00e3o de um fundo indenizat\u00f3rio para os rebanhos da pecu\u00e1ria paulista; a proposta de prorroga\u00e7\u00e3o da Lei de Regulariza\u00e7\u00e3o Fundi\u00e1ria 17.557, que possibilita a concilia\u00e7\u00e3o jur\u00eddica sobre terras devolutas; a parceria com o Conselho Regional de Engenharia e Agronomia do Estado de S\u00e3o Paulo para implementa\u00e7\u00e3o do Programa de Regulariza\u00e7\u00e3o Ambiental; a cria\u00e7\u00e3o do Programa Solo +Fertil, em parceria com a Syngenta, para conscientiza\u00e7\u00e3o de produtores sobre an\u00e1lise de solo, calagem e aduba\u00e7\u00e3o; a resolu\u00e7\u00e3o do com\u00e9rcio de mudas de oliveiras certificadas; e a regulamenta\u00e7\u00e3o da lei estadual 17.054\/2019, que refor\u00e7a o controle e a fiscaliza\u00e7\u00e3o sobre insumos agr\u00edcolas.<\/p>\n<p>&nbsp;<\/p>\n","protected":false},"excerpt":{"rendered":"<p>&nbsp; Tarc\u00edsio de Freitas apresentou o SP Agro em cerim\u00f4nia<\/p>\n","protected":false},"author":2,"featured_media":98199,"comment_status":"open","ping_status":"open","sticky":false,"template":"","format":"standard","meta":{"footnotes":""},"categories":[25,29],"tags":[],"class_list":["post-98198","post","type-post","status-publish","format-standard","has-post-thumbnail","hentry","category-cidades","category-sao-paulo"],"yoast_head":"<!-- This site is optimized with the Yoast SEO plugin v27.4 - https:\/\/yoast.com\/product\/yoast-seo-wordpress\/ -->\n<title>Governador lan\u00e7a pacote de novas pol\u00edticas de desenvolvimento<\/title>\n<meta name=\"description\" content=\"Governo do Estado refor\u00e7ou nesta sexta-feira (25) a atua\u00e7\u00e3o permanente para fortalecer e desenvolver ainda mais o agroneg\u00f3cio em S\u00e3o Paulo.\" \/>\n<meta name=\"robots\" content=\"index, follow, max-snippet:-1, max-image-preview:large, max-video-preview:-1\" \/>\n<link rel=\"canonical\" href=\"https:\/\/regiaonews.net.br\/2022\/2023\/11\/25\/governador-lanca-pacote-de-novas-politicas-de-desenvolvimento-do-agro-paulista\/\" \/>\n<meta property=\"og:locale\" content=\"pt_BR\" \/>\n<meta property=\"og:type\" content=\"article\" \/>\n<meta property=\"og:title\" content=\"Governador lan\u00e7a pacote de novas pol\u00edticas de desenvolvimento\" \/>\n<meta property=\"og:description\" content=\"Governo do Estado refor\u00e7ou nesta sexta-feira (25) a atua\u00e7\u00e3o permanente para fortalecer e desenvolver ainda mais o agroneg\u00f3cio em S\u00e3o Paulo.\" \/>\n<meta property=\"og:url\" content=\"https:\/\/regiaonews.net.br\/2022\/2023\/11\/25\/governador-lanca-pacote-de-novas-politicas-de-desenvolvimento-do-agro-paulista\/\" \/>\n<meta property=\"og:site_name\" content=\"Regi\u00e3o News\" \/>\n<meta property=\"article:published_time\" content=\"2023-11-25T16:43:25+00:00\" \/>\n<meta property=\"og:image\" content=\"https:\/\/regiaonews.net.br\/2022\/wp-content\/uploads\/2023\/11\/IMG-20231125-WA0237.jpg\" \/>\n\t<meta property=\"og:image:width\" content=\"400\" \/>\n\t<meta property=\"og:image:height\" content=\"267\" \/>\n\t<meta property=\"og:image:type\" content=\"image\/jpeg\" \/>\n<meta name=\"author\" content=\"Roberto\" \/>\n<meta name=\"twitter:card\" content=\"summary_large_image\" \/>\n<meta name=\"twitter:label1\" content=\"Escrito por\" \/>\n\t<meta name=\"twitter:data1\" content=\"Roberto\" \/>\n\t<meta name=\"twitter:label2\" content=\"Est. tempo de leitura\" \/>\n\t<meta name=\"twitter:data2\" content=\"6 minutos\" \/>\n<script type=\"application\/ld+json\" class=\"yoast-schema-graph\">{\"@context\":\"https:\\\/\\\/schema.org\",\"@graph\":[{\"@type\":\"Article\",\"@id\":\"https:\\\/\\\/regiaonews.net.br\\\/2022\\\/2023\\\/11\\\/25\\\/governador-lanca-pacote-de-novas-politicas-de-desenvolvimento-do-agro-paulista\\\/#article\",\"isPartOf\":{\"@id\":\"https:\\\/\\\/regiaonews.net.br\\\/2022\\\/2023\\\/11\\\/25\\\/governador-lanca-pacote-de-novas-politicas-de-desenvolvimento-do-agro-paulista\\\/\"},\"author\":{\"name\":\"Roberto\",\"@id\":\"https:\\\/\\\/regiaonews.net.br\\\/2022\\\/#\\\/schema\\\/person\\\/2d205a608a5aa97ac279d7a5e6d89ad8\"},\"headline\":\"Governador lan\u00e7a pacote de novas pol\u00edticas de desenvolvimento do agro paulista\",\"datePublished\":\"2023-11-25T16:43:25+00:00\",\"mainEntityOfPage\":{\"@id\":\"https:\\\/\\\/regiaonews.net.br\\\/2022\\\/2023\\\/11\\\/25\\\/governador-lanca-pacote-de-novas-politicas-de-desenvolvimento-do-agro-paulista\\\/\"},\"wordCount\":1070,\"commentCount\":0,\"publisher\":{\"@id\":\"https:\\\/\\\/regiaonews.net.br\\\/2022\\\/#organization\"},\"image\":{\"@id\":\"https:\\\/\\\/regiaonews.net.br\\\/2022\\\/2023\\\/11\\\/25\\\/governador-lanca-pacote-de-novas-politicas-de-desenvolvimento-do-agro-paulista\\\/#primaryimage\"},\"thumbnailUrl\":\"https:\\\/\\\/regiaonews.net.br\\\/2022\\\/wp-content\\\/uploads\\\/2023\\\/11\\\/IMG-20231125-WA0237.jpg\",\"articleSection\":[\"Cidades\",\"S\u00e3o Paulo\"],\"inLanguage\":\"pt-BR\",\"potentialAction\":[{\"@type\":\"CommentAction\",\"name\":\"Comment\",\"target\":[\"https:\\\/\\\/regiaonews.net.br\\\/2022\\\/2023\\\/11\\\/25\\\/governador-lanca-pacote-de-novas-politicas-de-desenvolvimento-do-agro-paulista\\\/#respond\"]}]},{\"@type\":\"WebPage\",\"@id\":\"https:\\\/\\\/regiaonews.net.br\\\/2022\\\/2023\\\/11\\\/25\\\/governador-lanca-pacote-de-novas-politicas-de-desenvolvimento-do-agro-paulista\\\/\",\"url\":\"https:\\\/\\\/regiaonews.net.br\\\/2022\\\/2023\\\/11\\\/25\\\/governador-lanca-pacote-de-novas-politicas-de-desenvolvimento-do-agro-paulista\\\/\",\"name\":\"Governador lan\u00e7a pacote de novas pol\u00edticas de desenvolvimento\",\"isPartOf\":{\"@id\":\"https:\\\/\\\/regiaonews.net.br\\\/2022\\\/#website\"},\"primaryImageOfPage\":{\"@id\":\"https:\\\/\\\/regiaonews.net.br\\\/2022\\\/2023\\\/11\\\/25\\\/governador-lanca-pacote-de-novas-politicas-de-desenvolvimento-do-agro-paulista\\\/#primaryimage\"},\"image\":{\"@id\":\"https:\\\/\\\/regiaonews.net.br\\\/2022\\\/2023\\\/11\\\/25\\\/governador-lanca-pacote-de-novas-politicas-de-desenvolvimento-do-agro-paulista\\\/#primaryimage\"},\"thumbnailUrl\":\"https:\\\/\\\/regiaonews.net.br\\\/2022\\\/wp-content\\\/uploads\\\/2023\\\/11\\\/IMG-20231125-WA0237.jpg\",\"datePublished\":\"2023-11-25T16:43:25+00:00\",\"description\":\"Governo do Estado refor\u00e7ou nesta sexta-feira (25) a atua\u00e7\u00e3o permanente para fortalecer e desenvolver ainda mais o agroneg\u00f3cio em S\u00e3o Paulo.\",\"breadcrumb\":{\"@id\":\"https:\\\/\\\/regiaonews.net.br\\\/2022\\\/2023\\\/11\\\/25\\\/governador-lanca-pacote-de-novas-politicas-de-desenvolvimento-do-agro-paulista\\\/#breadcrumb\"},\"inLanguage\":\"pt-BR\",\"potentialAction\":[{\"@type\":\"ReadAction\",\"target\":[\"https:\\\/\\\/regiaonews.net.br\\\/2022\\\/2023\\\/11\\\/25\\\/governador-lanca-pacote-de-novas-politicas-de-desenvolvimento-do-agro-paulista\\\/\"]}]},{\"@type\":\"ImageObject\",\"inLanguage\":\"pt-BR\",\"@id\":\"https:\\\/\\\/regiaonews.net.br\\\/2022\\\/2023\\\/11\\\/25\\\/governador-lanca-pacote-de-novas-politicas-de-desenvolvimento-do-agro-paulista\\\/#primaryimage\",\"url\":\"https:\\\/\\\/regiaonews.net.br\\\/2022\\\/wp-content\\\/uploads\\\/2023\\\/11\\\/IMG-20231125-WA0237.jpg\",\"contentUrl\":\"https:\\\/\\\/regiaonews.net.br\\\/2022\\\/wp-content\\\/uploads\\\/2023\\\/11\\\/IMG-20231125-WA0237.jpg\",\"width\":400,\"height\":267},{\"@type\":\"BreadcrumbList\",\"@id\":\"https:\\\/\\\/regiaonews.net.br\\\/2022\\\/2023\\\/11\\\/25\\\/governador-lanca-pacote-de-novas-politicas-de-desenvolvimento-do-agro-paulista\\\/#breadcrumb\",\"itemListElement\":[{\"@type\":\"ListItem\",\"position\":1,\"name\":\"In\u00edcio\",\"item\":\"https:\\\/\\\/regiaonews.net.br\\\/2022\\\/\"},{\"@type\":\"ListItem\",\"position\":2,\"name\":\"Governador lan\u00e7a pacote de novas pol\u00edticas de desenvolvimento do agro paulista\"}]},{\"@type\":\"WebSite\",\"@id\":\"https:\\\/\\\/regiaonews.net.br\\\/2022\\\/#website\",\"url\":\"https:\\\/\\\/regiaonews.net.br\\\/2022\\\/\",\"name\":\"Regi\u00e3o News\",\"description\":\"Site de Not\u00edcias de Barretos e regi\u00e3o\",\"publisher\":{\"@id\":\"https:\\\/\\\/regiaonews.net.br\\\/2022\\\/#organization\"},\"potentialAction\":[{\"@type\":\"SearchAction\",\"target\":{\"@type\":\"EntryPoint\",\"urlTemplate\":\"https:\\\/\\\/regiaonews.net.br\\\/2022\\\/?s={search_term_string}\"},\"query-input\":{\"@type\":\"PropertyValueSpecification\",\"valueRequired\":true,\"valueName\":\"search_term_string\"}}],\"inLanguage\":\"pt-BR\"},{\"@type\":\"Organization\",\"@id\":\"https:\\\/\\\/regiaonews.net.br\\\/2022\\\/#organization\",\"name\":\"Regi\u00e3o News\",\"url\":\"https:\\\/\\\/regiaonews.net.br\\\/2022\\\/\",\"logo\":{\"@type\":\"ImageObject\",\"inLanguage\":\"pt-BR\",\"@id\":\"https:\\\/\\\/regiaonews.net.br\\\/2022\\\/#\\\/schema\\\/logo\\\/image\\\/\",\"url\":\"https:\\\/\\\/regiaonews.net.br\\\/2022\\\/wp-content\\\/uploads\\\/2026\\\/03\\\/regiao-13-anos-scaled.jpg\",\"contentUrl\":\"https:\\\/\\\/regiaonews.net.br\\\/2022\\\/wp-content\\\/uploads\\\/2026\\\/03\\\/regiao-13-anos-scaled.jpg\",\"width\":2560,\"height\":635,\"caption\":\"Regi\u00e3o News\"},\"image\":{\"@id\":\"https:\\\/\\\/regiaonews.net.br\\\/2022\\\/#\\\/schema\\\/logo\\\/image\\\/\"}},{\"@type\":\"Person\",\"@id\":\"https:\\\/\\\/regiaonews.net.br\\\/2022\\\/#\\\/schema\\\/person\\\/2d205a608a5aa97ac279d7a5e6d89ad8\",\"name\":\"Roberto\",\"image\":{\"@type\":\"ImageObject\",\"inLanguage\":\"pt-BR\",\"@id\":\"https:\\\/\\\/secure.gravatar.com\\\/avatar\\\/42749d8b712ff9d59ca93dc150494e5b55a44134482993f5baeb97e61b7ecc89?s=96&d=mm&r=g\",\"url\":\"https:\\\/\\\/secure.gravatar.com\\\/avatar\\\/42749d8b712ff9d59ca93dc150494e5b55a44134482993f5baeb97e61b7ecc89?s=96&d=mm&r=g\",\"contentUrl\":\"https:\\\/\\\/secure.gravatar.com\\\/avatar\\\/42749d8b712ff9d59ca93dc150494e5b55a44134482993f5baeb97e61b7ecc89?s=96&d=mm&r=g\",\"caption\":\"Roberto\"},\"url\":\"https:\\\/\\\/regiaonews.net.br\\\/2022\\\/author\\\/roberto\\\/\"}]}<\/script>\n<!-- \/ Yoast SEO plugin. -->","yoast_head_json":{"title":"Governador lan\u00e7a pacote de novas pol\u00edticas de desenvolvimento","description":"Governo do Estado refor\u00e7ou nesta sexta-feira (25) a atua\u00e7\u00e3o permanente para fortalecer e desenvolver ainda mais o agroneg\u00f3cio em S\u00e3o Paulo.","robots":{"index":"index","follow":"follow","max-snippet":"max-snippet:-1","max-image-preview":"max-image-preview:large","max-video-preview":"max-video-preview:-1"},"canonical":"https:\/\/regiaonews.net.br\/2022\/2023\/11\/25\/governador-lanca-pacote-de-novas-politicas-de-desenvolvimento-do-agro-paulista\/","og_locale":"pt_BR","og_type":"article","og_title":"Governador lan\u00e7a pacote de novas pol\u00edticas de desenvolvimento","og_description":"Governo do Estado refor\u00e7ou nesta sexta-feira (25) a atua\u00e7\u00e3o permanente para fortalecer e desenvolver ainda mais o agroneg\u00f3cio em S\u00e3o Paulo.","og_url":"https:\/\/regiaonews.net.br\/2022\/2023\/11\/25\/governador-lanca-pacote-de-novas-politicas-de-desenvolvimento-do-agro-paulista\/","og_site_name":"Regi\u00e3o News","article_published_time":"2023-11-25T16:43:25+00:00","og_image":[{"width":400,"height":267,"url":"https:\/\/regiaonews.net.br\/2022\/wp-content\/uploads\/2023\/11\/IMG-20231125-WA0237.jpg","type":"image\/jpeg"}],"author":"Roberto","twitter_card":"summary_large_image","twitter_misc":{"Escrito por":"Roberto","Est. tempo de leitura":"6 minutos"},"schema":{"@context":"https:\/\/schema.org","@graph":[{"@type":"Article","@id":"https:\/\/regiaonews.net.br\/2022\/2023\/11\/25\/governador-lanca-pacote-de-novas-politicas-de-desenvolvimento-do-agro-paulista\/#article","isPartOf":{"@id":"https:\/\/regiaonews.net.br\/2022\/2023\/11\/25\/governador-lanca-pacote-de-novas-politicas-de-desenvolvimento-do-agro-paulista\/"},"author":{"name":"Roberto","@id":"https:\/\/regiaonews.net.br\/2022\/#\/schema\/person\/2d205a608a5aa97ac279d7a5e6d89ad8"},"headline":"Governador lan\u00e7a pacote de novas pol\u00edticas de desenvolvimento do agro paulista","datePublished":"2023-11-25T16:43:25+00:00","mainEntityOfPage":{"@id":"https:\/\/regiaonews.net.br\/2022\/2023\/11\/25\/governador-lanca-pacote-de-novas-politicas-de-desenvolvimento-do-agro-paulista\/"},"wordCount":1070,"commentCount":0,"publisher":{"@id":"https:\/\/regiaonews.net.br\/2022\/#organization"},"image":{"@id":"https:\/\/regiaonews.net.br\/2022\/2023\/11\/25\/governador-lanca-pacote-de-novas-politicas-de-desenvolvimento-do-agro-paulista\/#primaryimage"},"thumbnailUrl":"https:\/\/regiaonews.net.br\/2022\/wp-content\/uploads\/2023\/11\/IMG-20231125-WA0237.jpg","articleSection":["Cidades","S\u00e3o Paulo"],"inLanguage":"pt-BR","potentialAction":[{"@type":"CommentAction","name":"Comment","target":["https:\/\/regiaonews.net.br\/2022\/2023\/11\/25\/governador-lanca-pacote-de-novas-politicas-de-desenvolvimento-do-agro-paulista\/#respond"]}]},{"@type":"WebPage","@id":"https:\/\/regiaonews.net.br\/2022\/2023\/11\/25\/governador-lanca-pacote-de-novas-politicas-de-desenvolvimento-do-agro-paulista\/","url":"https:\/\/regiaonews.net.br\/2022\/2023\/11\/25\/governador-lanca-pacote-de-novas-politicas-de-desenvolvimento-do-agro-paulista\/","name":"Governador lan\u00e7a pacote de novas pol\u00edticas de desenvolvimento","isPartOf":{"@id":"https:\/\/regiaonews.net.br\/2022\/#website"},"primaryImageOfPage":{"@id":"https:\/\/regiaonews.net.br\/2022\/2023\/11\/25\/governador-lanca-pacote-de-novas-politicas-de-desenvolvimento-do-agro-paulista\/#primaryimage"},"image":{"@id":"https:\/\/regiaonews.net.br\/2022\/2023\/11\/25\/governador-lanca-pacote-de-novas-politicas-de-desenvolvimento-do-agro-paulista\/#primaryimage"},"thumbnailUrl":"https:\/\/regiaonews.net.br\/2022\/wp-content\/uploads\/2023\/11\/IMG-20231125-WA0237.jpg","datePublished":"2023-11-25T16:43:25+00:00","description":"Governo do Estado refor\u00e7ou nesta sexta-feira (25) a atua\u00e7\u00e3o permanente para fortalecer e desenvolver ainda mais o agroneg\u00f3cio em S\u00e3o Paulo.","breadcrumb":{"@id":"https:\/\/regiaonews.net.br\/2022\/2023\/11\/25\/governador-lanca-pacote-de-novas-politicas-de-desenvolvimento-do-agro-paulista\/#breadcrumb"},"inLanguage":"pt-BR","potentialAction":[{"@type":"ReadAction","target":["https:\/\/regiaonews.net.br\/2022\/2023\/11\/25\/governador-lanca-pacote-de-novas-politicas-de-desenvolvimento-do-agro-paulista\/"]}]},{"@type":"ImageObject","inLanguage":"pt-BR","@id":"https:\/\/regiaonews.net.br\/2022\/2023\/11\/25\/governador-lanca-pacote-de-novas-politicas-de-desenvolvimento-do-agro-paulista\/#primaryimage","url":"https:\/\/regiaonews.net.br\/2022\/wp-content\/uploads\/2023\/11\/IMG-20231125-WA0237.jpg","contentUrl":"https:\/\/regiaonews.net.br\/2022\/wp-content\/uploads\/2023\/11\/IMG-20231125-WA0237.jpg","width":400,"height":267},{"@type":"BreadcrumbList","@id":"https:\/\/regiaonews.net.br\/2022\/2023\/11\/25\/governador-lanca-pacote-de-novas-politicas-de-desenvolvimento-do-agro-paulista\/#breadcrumb","itemListElement":[{"@type":"ListItem","position":1,"name":"In\u00edcio","item":"https:\/\/regiaonews.net.br\/2022\/"},{"@type":"ListItem","position":2,"name":"Governador lan\u00e7a pacote de novas pol\u00edticas de desenvolvimento do agro paulista"}]},{"@type":"WebSite","@id":"https:\/\/regiaonews.net.br\/2022\/#website","url":"https:\/\/regiaonews.net.br\/2022\/","name":"Regi\u00e3o News","description":"Site de Not\u00edcias de Barretos e regi\u00e3o","publisher":{"@id":"https:\/\/regiaonews.net.br\/2022\/#organization"},"potentialAction":[{"@type":"SearchAction","target":{"@type":"EntryPoint","urlTemplate":"https:\/\/regiaonews.net.br\/2022\/?s={search_term_string}"},"query-input":{"@type":"PropertyValueSpecification","valueRequired":true,"valueName":"search_term_string"}}],"inLanguage":"pt-BR"},{"@type":"Organization","@id":"https:\/\/regiaonews.net.br\/2022\/#organization","name":"Regi\u00e3o News","url":"https:\/\/regiaonews.net.br\/2022\/","logo":{"@type":"ImageObject","inLanguage":"pt-BR","@id":"https:\/\/regiaonews.net.br\/2022\/#\/schema\/logo\/image\/","url":"https:\/\/regiaonews.net.br\/2022\/wp-content\/uploads\/2026\/03\/regiao-13-anos-scaled.jpg","contentUrl":"https:\/\/regiaonews.net.br\/2022\/wp-content\/uploads\/2026\/03\/regiao-13-anos-scaled.jpg","width":2560,"height":635,"caption":"Regi\u00e3o News"},"image":{"@id":"https:\/\/regiaonews.net.br\/2022\/#\/schema\/logo\/image\/"}},{"@type":"Person","@id":"https:\/\/regiaonews.net.br\/2022\/#\/schema\/person\/2d205a608a5aa97ac279d7a5e6d89ad8","name":"Roberto","image":{"@type":"ImageObject","inLanguage":"pt-BR","@id":"https:\/\/secure.gravatar.com\/avatar\/42749d8b712ff9d59ca93dc150494e5b55a44134482993f5baeb97e61b7ecc89?s=96&d=mm&r=g","url":"https:\/\/secure.gravatar.com\/avatar\/42749d8b712ff9d59ca93dc150494e5b55a44134482993f5baeb97e61b7ecc89?s=96&d=mm&r=g","contentUrl":"https:\/\/secure.gravatar.com\/avatar\/42749d8b712ff9d59ca93dc150494e5b55a44134482993f5baeb97e61b7ecc89?s=96&d=mm&r=g","caption":"Roberto"},"url":"https:\/\/regiaonews.net.br\/2022\/author\/roberto\/"}]}},"publishpress_future_action":{"enabled":false,"date":"2026-05-04 15:56:44","action":"change-status","newStatus":"draft","terms":[],"taxonomy":"category","extraData":[]},"publishpress_future_workflow_manual_trigger":{"enabledWorkflows":[]},"_links":{"self":[{"href":"https:\/\/regiaonews.net.br\/2022\/wp-json\/wp\/v2\/posts\/98198","targetHints":{"allow":["GET"]}}],"collection":[{"href":"https:\/\/regiaonews.net.br\/2022\/wp-json\/wp\/v2\/posts"}],"about":[{"href":"https:\/\/regiaonews.net.br\/2022\/wp-json\/wp\/v2\/types\/post"}],"author":[{"embeddable":true,"href":"https:\/\/regiaonews.net.br\/2022\/wp-json\/wp\/v2\/users\/2"}],"replies":[{"embeddable":true,"href":"https:\/\/regiaonews.net.br\/2022\/wp-json\/wp\/v2\/comments?post=98198"}],"version-history":[{"count":1,"href":"https:\/\/regiaonews.net.br\/2022\/wp-json\/wp\/v2\/posts\/98198\/revisions"}],"predecessor-version":[{"id":98200,"href":"https:\/\/regiaonews.net.br\/2022\/wp-json\/wp\/v2\/posts\/98198\/revisions\/98200"}],"wp:featuredmedia":[{"embeddable":true,"href":"https:\/\/regiaonews.net.br\/2022\/wp-json\/wp\/v2\/media\/98199"}],"wp:attachment":[{"href":"https:\/\/regiaonews.net.br\/2022\/wp-json\/wp\/v2\/media?parent=98198"}],"wp:term":[{"taxonomy":"category","embeddable":true,"href":"https:\/\/regiaonews.net.br\/2022\/wp-json\/wp\/v2\/categories?post=98198"},{"taxonomy":"post_tag","embeddable":true,"href":"https:\/\/regiaonews.net.br\/2022\/wp-json\/wp\/v2\/tags?post=98198"}],"curies":[{"name":"wp","href":"https:\/\/api.w.org\/{rel}","templated":true}]}}