{"id":98179,"date":"2023-11-24T22:12:09","date_gmt":"2023-11-25T01:12:09","guid":{"rendered":"https:\/\/regiaonews.net.br\/2022\/?p=98179"},"modified":"2023-11-25T04:59:27","modified_gmt":"2023-11-25T07:59:27","slug":"missa-celebra-os-100-anos-da-medica-scylla-prata","status":"publish","type":"post","link":"https:\/\/regiaonews.net.br\/2022\/2023\/11\/24\/missa-celebra-os-100-anos-da-medica-scylla-prata\/","title":{"rendered":"Missa  celebra os 100 anos da m\u00e9dica Scylla Prata"},"content":{"rendered":"<p>&nbsp;<\/p>\n<p>Com o centro de eventos Dr. Paulo Prata lotado de amigos, convidados, familiares e funcion\u00e1rios do Hospital de Amor, o bispo diocesano Dom Milton Kenan J\u00fanior, ao lado dos padres da Diocese de Barretos, concelebrou a missa de a\u00e7\u00e3o de gra\u00e7as pelos 100 anos da m\u00e9dica Dra. Scylla Duarte Prata. A celebra\u00e7\u00e3o foi transmitida ao vivo para todo o Brasil pela Rede Vida e teve a participa\u00e7\u00e3o do coral do Hospital de Amor, com a reg\u00eancia do maestro Franco Pierri.<br \/>\nO bispo Dom Milton Kenan J\u00fanior afirmou que celebrar o centen\u00e1rio da Dra. Scylla foi um momento muito especial, pela relev\u00e2ncia da pessoa e da obra realizada pela aniversariante. \u201cA dra. Scylla juntamente com o seu esposo dr. Paulo Prata, foram os criadores do Hospital do Amor. Cheios de idealismo, cheios de f\u00e9, cheios de tenacidade, acreditaram nesta obra, dedicando todos os seus recursos a este trabalho. E hoje temos a grande alegria de celebrar os 100 anos da dra. Scylla\u201d, afirmou.<br \/>\nDe acordo com Dom Milton, os m\u00e9dicos barretenses foram os causadores dessa obra que hoje atende centenas de milhares de pessoas pelo Brasil afora, oferecendo servi\u00e7o de qualidade e todos os recursos mais atuais para o al\u00edvio e a cura do c\u00e2ncer. \u201cHoje mais do que nunca queremos manifestar a sua gratid\u00e3o, seu idealismo, pela sua f\u00e9 e pela sua tenacidade. Acredito que eles nasceram com esse dom e n\u00e3o desperdi\u00e7aram, foram fieis e fizeram multiplicar os dons que Deus lhe deram\u201d, destacou.<br \/>\nO filho Henrique Prata, durante a missa, destacou a vida da sua m\u00e3e, que abriu m\u00e3o dos bens para ajudar o seu pai a dar andamento ao projeto do Hospital do Amor. \u201cPercebendo quem era meu pai, abriu m\u00e3os do dinheiro dela e dos bens, para deixar aquele homem fazer o testemunho da miseric\u00f3rdia de Deus. Desde aquele tempo, at\u00e9 hoje, nenhum governo at\u00e9 hoje, nenhum governo pagou a metade de quanto custa um tratamento de c\u00e2ncer\u201d, destacou Henrique em discurso bastante emocionado.<\/p>\n","protected":false},"excerpt":{"rendered":"<p>&nbsp; Com o centro de eventos Dr. Paulo Prata lotado<\/p>\n","protected":false},"author":2,"featured_media":98181,"comment_status":"open","ping_status":"open","sticky":false,"template":"","format":"standard","meta":{"footnotes":""},"categories":[14,25],"tags":[],"class_list":["post-98179","post","type-post","status-publish","format-standard","has-post-thumbnail","hentry","category-barretos","category-cidades"],"yoast_head":"<!-- This site is optimized with the Yoast SEO plugin v27.4 - https:\/\/yoast.com\/product\/yoast-seo-wordpress\/ -->\n<title>Missa celebra os 100 anos da m\u00e9dica Scylla Prata<\/title>\n<meta name=\"description\" content=\"Com o centro de eventos Dr. Paulo Prata lotado de amigos, convidados, familiares e funcion\u00e1rios do Hospital\" \/>\n<meta name=\"robots\" content=\"index, follow, max-snippet:-1, max-image-preview:large, max-video-preview:-1\" \/>\n<link rel=\"canonical\" href=\"https:\/\/regiaonews.net.br\/2022\/2023\/11\/24\/missa-celebra-os-100-anos-da-medica-scylla-prata\/\" \/>\n<meta property=\"og:locale\" content=\"pt_BR\" \/>\n<meta property=\"og:type\" content=\"article\" \/>\n<meta property=\"og:title\" content=\"Missa celebra os 100 anos da m\u00e9dica Scylla Prata\" \/>\n<meta property=\"og:description\" content=\"Com o centro de eventos Dr. Paulo Prata lotado de amigos, convidados, familiares e funcion\u00e1rios do Hospital\" \/>\n<meta property=\"og:url\" content=\"https:\/\/regiaonews.net.br\/2022\/2023\/11\/24\/missa-celebra-os-100-anos-da-medica-scylla-prata\/\" \/>\n<meta property=\"og:site_name\" content=\"Regi\u00e3o News\" \/>\n<meta property=\"article:published_time\" content=\"2023-11-25T01:12:09+00:00\" \/>\n<meta property=\"article:modified_time\" content=\"2023-11-25T07:59:27+00:00\" \/>\n<meta property=\"og:image\" content=\"https:\/\/regiaonews.net.br\/2022\/wp-content\/uploads\/2023\/11\/20231124_091549-1-scaled.jpg\" \/>\n\t<meta property=\"og:image:width\" content=\"2560\" \/>\n\t<meta property=\"og:image:height\" content=\"1920\" \/>\n\t<meta property=\"og:image:type\" content=\"image\/jpeg\" \/>\n<meta name=\"author\" content=\"Roberto\" \/>\n<meta name=\"twitter:card\" content=\"summary_large_image\" \/>\n<meta name=\"twitter:label1\" content=\"Escrito por\" \/>\n\t<meta name=\"twitter:data1\" content=\"Roberto\" \/>\n\t<meta name=\"twitter:label2\" content=\"Est. tempo de leitura\" \/>\n\t<meta name=\"twitter:data2\" content=\"2 minutos\" \/>\n<script type=\"application\/ld+json\" class=\"yoast-schema-graph\">{\"@context\":\"https:\\\/\\\/schema.org\",\"@graph\":[{\"@type\":\"Article\",\"@id\":\"https:\\\/\\\/regiaonews.net.br\\\/2022\\\/2023\\\/11\\\/24\\\/missa-celebra-os-100-anos-da-medica-scylla-prata\\\/#article\",\"isPartOf\":{\"@id\":\"https:\\\/\\\/regiaonews.net.br\\\/2022\\\/2023\\\/11\\\/24\\\/missa-celebra-os-100-anos-da-medica-scylla-prata\\\/\"},\"author\":{\"name\":\"Roberto\",\"@id\":\"https:\\\/\\\/regiaonews.net.br\\\/2022\\\/#\\\/schema\\\/person\\\/2d205a608a5aa97ac279d7a5e6d89ad8\"},\"headline\":\"Missa celebra os 100 anos da m\u00e9dica Scylla Prata\",\"datePublished\":\"2023-11-25T01:12:09+00:00\",\"dateModified\":\"2023-11-25T07:59:27+00:00\",\"mainEntityOfPage\":{\"@id\":\"https:\\\/\\\/regiaonews.net.br\\\/2022\\\/2023\\\/11\\\/24\\\/missa-celebra-os-100-anos-da-medica-scylla-prata\\\/\"},\"wordCount\":359,\"commentCount\":0,\"publisher\":{\"@id\":\"https:\\\/\\\/regiaonews.net.br\\\/2022\\\/#organization\"},\"image\":{\"@id\":\"https:\\\/\\\/regiaonews.net.br\\\/2022\\\/2023\\\/11\\\/24\\\/missa-celebra-os-100-anos-da-medica-scylla-prata\\\/#primaryimage\"},\"thumbnailUrl\":\"https:\\\/\\\/regiaonews.net.br\\\/2022\\\/wp-content\\\/uploads\\\/2023\\\/11\\\/20231124_091549-1-scaled.jpg\",\"articleSection\":[\"Barretos\",\"Cidades\"],\"inLanguage\":\"pt-BR\",\"potentialAction\":[{\"@type\":\"CommentAction\",\"name\":\"Comment\",\"target\":[\"https:\\\/\\\/regiaonews.net.br\\\/2022\\\/2023\\\/11\\\/24\\\/missa-celebra-os-100-anos-da-medica-scylla-prata\\\/#respond\"]}]},{\"@type\":\"WebPage\",\"@id\":\"https:\\\/\\\/regiaonews.net.br\\\/2022\\\/2023\\\/11\\\/24\\\/missa-celebra-os-100-anos-da-medica-scylla-prata\\\/\",\"url\":\"https:\\\/\\\/regiaonews.net.br\\\/2022\\\/2023\\\/11\\\/24\\\/missa-celebra-os-100-anos-da-medica-scylla-prata\\\/\",\"name\":\"Missa celebra os 100 anos da m\u00e9dica Scylla Prata\",\"isPartOf\":{\"@id\":\"https:\\\/\\\/regiaonews.net.br\\\/2022\\\/#website\"},\"primaryImageOfPage\":{\"@id\":\"https:\\\/\\\/regiaonews.net.br\\\/2022\\\/2023\\\/11\\\/24\\\/missa-celebra-os-100-anos-da-medica-scylla-prata\\\/#primaryimage\"},\"image\":{\"@id\":\"https:\\\/\\\/regiaonews.net.br\\\/2022\\\/2023\\\/11\\\/24\\\/missa-celebra-os-100-anos-da-medica-scylla-prata\\\/#primaryimage\"},\"thumbnailUrl\":\"https:\\\/\\\/regiaonews.net.br\\\/2022\\\/wp-content\\\/uploads\\\/2023\\\/11\\\/20231124_091549-1-scaled.jpg\",\"datePublished\":\"2023-11-25T01:12:09+00:00\",\"dateModified\":\"2023-11-25T07:59:27+00:00\",\"description\":\"Com o centro de eventos Dr. Paulo Prata lotado de amigos, convidados, familiares e funcion\u00e1rios do Hospital\",\"breadcrumb\":{\"@id\":\"https:\\\/\\\/regiaonews.net.br\\\/2022\\\/2023\\\/11\\\/24\\\/missa-celebra-os-100-anos-da-medica-scylla-prata\\\/#breadcrumb\"},\"inLanguage\":\"pt-BR\",\"potentialAction\":[{\"@type\":\"ReadAction\",\"target\":[\"https:\\\/\\\/regiaonews.net.br\\\/2022\\\/2023\\\/11\\\/24\\\/missa-celebra-os-100-anos-da-medica-scylla-prata\\\/\"]}]},{\"@type\":\"ImageObject\",\"inLanguage\":\"pt-BR\",\"@id\":\"https:\\\/\\\/regiaonews.net.br\\\/2022\\\/2023\\\/11\\\/24\\\/missa-celebra-os-100-anos-da-medica-scylla-prata\\\/#primaryimage\",\"url\":\"https:\\\/\\\/regiaonews.net.br\\\/2022\\\/wp-content\\\/uploads\\\/2023\\\/11\\\/20231124_091549-1-scaled.jpg\",\"contentUrl\":\"https:\\\/\\\/regiaonews.net.br\\\/2022\\\/wp-content\\\/uploads\\\/2023\\\/11\\\/20231124_091549-1-scaled.jpg\",\"width\":2560,\"height\":1920},{\"@type\":\"BreadcrumbList\",\"@id\":\"https:\\\/\\\/regiaonews.net.br\\\/2022\\\/2023\\\/11\\\/24\\\/missa-celebra-os-100-anos-da-medica-scylla-prata\\\/#breadcrumb\",\"itemListElement\":[{\"@type\":\"ListItem\",\"position\":1,\"name\":\"In\u00edcio\",\"item\":\"https:\\\/\\\/regiaonews.net.br\\\/2022\\\/\"},{\"@type\":\"ListItem\",\"position\":2,\"name\":\"Missa celebra os 100 anos da m\u00e9dica Scylla Prata\"}]},{\"@type\":\"WebSite\",\"@id\":\"https:\\\/\\\/regiaonews.net.br\\\/2022\\\/#website\",\"url\":\"https:\\\/\\\/regiaonews.net.br\\\/2022\\\/\",\"name\":\"Regi\u00e3o News\",\"description\":\"Site de Not\u00edcias de Barretos e regi\u00e3o\",\"publisher\":{\"@id\":\"https:\\\/\\\/regiaonews.net.br\\\/2022\\\/#organization\"},\"potentialAction\":[{\"@type\":\"SearchAction\",\"target\":{\"@type\":\"EntryPoint\",\"urlTemplate\":\"https:\\\/\\\/regiaonews.net.br\\\/2022\\\/?s={search_term_string}\"},\"query-input\":{\"@type\":\"PropertyValueSpecification\",\"valueRequired\":true,\"valueName\":\"search_term_string\"}}],\"inLanguage\":\"pt-BR\"},{\"@type\":\"Organization\",\"@id\":\"https:\\\/\\\/regiaonews.net.br\\\/2022\\\/#organization\",\"name\":\"Regi\u00e3o News\",\"url\":\"https:\\\/\\\/regiaonews.net.br\\\/2022\\\/\",\"logo\":{\"@type\":\"ImageObject\",\"inLanguage\":\"pt-BR\",\"@id\":\"https:\\\/\\\/regiaonews.net.br\\\/2022\\\/#\\\/schema\\\/logo\\\/image\\\/\",\"url\":\"https:\\\/\\\/regiaonews.net.br\\\/2022\\\/wp-content\\\/uploads\\\/2026\\\/03\\\/regiao-13-anos-scaled.jpg\",\"contentUrl\":\"https:\\\/\\\/regiaonews.net.br\\\/2022\\\/wp-content\\\/uploads\\\/2026\\\/03\\\/regiao-13-anos-scaled.jpg\",\"width\":2560,\"height\":635,\"caption\":\"Regi\u00e3o News\"},\"image\":{\"@id\":\"https:\\\/\\\/regiaonews.net.br\\\/2022\\\/#\\\/schema\\\/logo\\\/image\\\/\"}},{\"@type\":\"Person\",\"@id\":\"https:\\\/\\\/regiaonews.net.br\\\/2022\\\/#\\\/schema\\\/person\\\/2d205a608a5aa97ac279d7a5e6d89ad8\",\"name\":\"Roberto\",\"image\":{\"@type\":\"ImageObject\",\"inLanguage\":\"pt-BR\",\"@id\":\"https:\\\/\\\/secure.gravatar.com\\\/avatar\\\/42749d8b712ff9d59ca93dc150494e5b55a44134482993f5baeb97e61b7ecc89?s=96&d=mm&r=g\",\"url\":\"https:\\\/\\\/secure.gravatar.com\\\/avatar\\\/42749d8b712ff9d59ca93dc150494e5b55a44134482993f5baeb97e61b7ecc89?s=96&d=mm&r=g\",\"contentUrl\":\"https:\\\/\\\/secure.gravatar.com\\\/avatar\\\/42749d8b712ff9d59ca93dc150494e5b55a44134482993f5baeb97e61b7ecc89?s=96&d=mm&r=g\",\"caption\":\"Roberto\"},\"url\":\"https:\\\/\\\/regiaonews.net.br\\\/2022\\\/author\\\/roberto\\\/\"}]}<\/script>\n<!-- \/ Yoast SEO plugin. -->","yoast_head_json":{"title":"Missa celebra os 100 anos da m\u00e9dica Scylla Prata","description":"Com o centro de eventos Dr. Paulo Prata lotado de amigos, convidados, familiares e funcion\u00e1rios do Hospital","robots":{"index":"index","follow":"follow","max-snippet":"max-snippet:-1","max-image-preview":"max-image-preview:large","max-video-preview":"max-video-preview:-1"},"canonical":"https:\/\/regiaonews.net.br\/2022\/2023\/11\/24\/missa-celebra-os-100-anos-da-medica-scylla-prata\/","og_locale":"pt_BR","og_type":"article","og_title":"Missa celebra os 100 anos da m\u00e9dica Scylla Prata","og_description":"Com o centro de eventos Dr. Paulo Prata lotado de amigos, convidados, familiares e funcion\u00e1rios do Hospital","og_url":"https:\/\/regiaonews.net.br\/2022\/2023\/11\/24\/missa-celebra-os-100-anos-da-medica-scylla-prata\/","og_site_name":"Regi\u00e3o News","article_published_time":"2023-11-25T01:12:09+00:00","article_modified_time":"2023-11-25T07:59:27+00:00","og_image":[{"width":2560,"height":1920,"url":"https:\/\/regiaonews.net.br\/2022\/wp-content\/uploads\/2023\/11\/20231124_091549-1-scaled.jpg","type":"image\/jpeg"}],"author":"Roberto","twitter_card":"summary_large_image","twitter_misc":{"Escrito por":"Roberto","Est. tempo de leitura":"2 minutos"},"schema":{"@context":"https:\/\/schema.org","@graph":[{"@type":"Article","@id":"https:\/\/regiaonews.net.br\/2022\/2023\/11\/24\/missa-celebra-os-100-anos-da-medica-scylla-prata\/#article","isPartOf":{"@id":"https:\/\/regiaonews.net.br\/2022\/2023\/11\/24\/missa-celebra-os-100-anos-da-medica-scylla-prata\/"},"author":{"name":"Roberto","@id":"https:\/\/regiaonews.net.br\/2022\/#\/schema\/person\/2d205a608a5aa97ac279d7a5e6d89ad8"},"headline":"Missa celebra os 100 anos da m\u00e9dica Scylla Prata","datePublished":"2023-11-25T01:12:09+00:00","dateModified":"2023-11-25T07:59:27+00:00","mainEntityOfPage":{"@id":"https:\/\/regiaonews.net.br\/2022\/2023\/11\/24\/missa-celebra-os-100-anos-da-medica-scylla-prata\/"},"wordCount":359,"commentCount":0,"publisher":{"@id":"https:\/\/regiaonews.net.br\/2022\/#organization"},"image":{"@id":"https:\/\/regiaonews.net.br\/2022\/2023\/11\/24\/missa-celebra-os-100-anos-da-medica-scylla-prata\/#primaryimage"},"thumbnailUrl":"https:\/\/regiaonews.net.br\/2022\/wp-content\/uploads\/2023\/11\/20231124_091549-1-scaled.jpg","articleSection":["Barretos","Cidades"],"inLanguage":"pt-BR","potentialAction":[{"@type":"CommentAction","name":"Comment","target":["https:\/\/regiaonews.net.br\/2022\/2023\/11\/24\/missa-celebra-os-100-anos-da-medica-scylla-prata\/#respond"]}]},{"@type":"WebPage","@id":"https:\/\/regiaonews.net.br\/2022\/2023\/11\/24\/missa-celebra-os-100-anos-da-medica-scylla-prata\/","url":"https:\/\/regiaonews.net.br\/2022\/2023\/11\/24\/missa-celebra-os-100-anos-da-medica-scylla-prata\/","name":"Missa celebra os 100 anos da m\u00e9dica Scylla Prata","isPartOf":{"@id":"https:\/\/regiaonews.net.br\/2022\/#website"},"primaryImageOfPage":{"@id":"https:\/\/regiaonews.net.br\/2022\/2023\/11\/24\/missa-celebra-os-100-anos-da-medica-scylla-prata\/#primaryimage"},"image":{"@id":"https:\/\/regiaonews.net.br\/2022\/2023\/11\/24\/missa-celebra-os-100-anos-da-medica-scylla-prata\/#primaryimage"},"thumbnailUrl":"https:\/\/regiaonews.net.br\/2022\/wp-content\/uploads\/2023\/11\/20231124_091549-1-scaled.jpg","datePublished":"2023-11-25T01:12:09+00:00","dateModified":"2023-11-25T07:59:27+00:00","description":"Com o centro de eventos Dr. Paulo Prata lotado de amigos, convidados, familiares e funcion\u00e1rios do Hospital","breadcrumb":{"@id":"https:\/\/regiaonews.net.br\/2022\/2023\/11\/24\/missa-celebra-os-100-anos-da-medica-scylla-prata\/#breadcrumb"},"inLanguage":"pt-BR","potentialAction":[{"@type":"ReadAction","target":["https:\/\/regiaonews.net.br\/2022\/2023\/11\/24\/missa-celebra-os-100-anos-da-medica-scylla-prata\/"]}]},{"@type":"ImageObject","inLanguage":"pt-BR","@id":"https:\/\/regiaonews.net.br\/2022\/2023\/11\/24\/missa-celebra-os-100-anos-da-medica-scylla-prata\/#primaryimage","url":"https:\/\/regiaonews.net.br\/2022\/wp-content\/uploads\/2023\/11\/20231124_091549-1-scaled.jpg","contentUrl":"https:\/\/regiaonews.net.br\/2022\/wp-content\/uploads\/2023\/11\/20231124_091549-1-scaled.jpg","width":2560,"height":1920},{"@type":"BreadcrumbList","@id":"https:\/\/regiaonews.net.br\/2022\/2023\/11\/24\/missa-celebra-os-100-anos-da-medica-scylla-prata\/#breadcrumb","itemListElement":[{"@type":"ListItem","position":1,"name":"In\u00edcio","item":"https:\/\/regiaonews.net.br\/2022\/"},{"@type":"ListItem","position":2,"name":"Missa celebra os 100 anos da m\u00e9dica Scylla Prata"}]},{"@type":"WebSite","@id":"https:\/\/regiaonews.net.br\/2022\/#website","url":"https:\/\/regiaonews.net.br\/2022\/","name":"Regi\u00e3o News","description":"Site de Not\u00edcias de Barretos e regi\u00e3o","publisher":{"@id":"https:\/\/regiaonews.net.br\/2022\/#organization"},"potentialAction":[{"@type":"SearchAction","target":{"@type":"EntryPoint","urlTemplate":"https:\/\/regiaonews.net.br\/2022\/?s={search_term_string}"},"query-input":{"@type":"PropertyValueSpecification","valueRequired":true,"valueName":"search_term_string"}}],"inLanguage":"pt-BR"},{"@type":"Organization","@id":"https:\/\/regiaonews.net.br\/2022\/#organization","name":"Regi\u00e3o News","url":"https:\/\/regiaonews.net.br\/2022\/","logo":{"@type":"ImageObject","inLanguage":"pt-BR","@id":"https:\/\/regiaonews.net.br\/2022\/#\/schema\/logo\/image\/","url":"https:\/\/regiaonews.net.br\/2022\/wp-content\/uploads\/2026\/03\/regiao-13-anos-scaled.jpg","contentUrl":"https:\/\/regiaonews.net.br\/2022\/wp-content\/uploads\/2026\/03\/regiao-13-anos-scaled.jpg","width":2560,"height":635,"caption":"Regi\u00e3o News"},"image":{"@id":"https:\/\/regiaonews.net.br\/2022\/#\/schema\/logo\/image\/"}},{"@type":"Person","@id":"https:\/\/regiaonews.net.br\/2022\/#\/schema\/person\/2d205a608a5aa97ac279d7a5e6d89ad8","name":"Roberto","image":{"@type":"ImageObject","inLanguage":"pt-BR","@id":"https:\/\/secure.gravatar.com\/avatar\/42749d8b712ff9d59ca93dc150494e5b55a44134482993f5baeb97e61b7ecc89?s=96&d=mm&r=g","url":"https:\/\/secure.gravatar.com\/avatar\/42749d8b712ff9d59ca93dc150494e5b55a44134482993f5baeb97e61b7ecc89?s=96&d=mm&r=g","contentUrl":"https:\/\/secure.gravatar.com\/avatar\/42749d8b712ff9d59ca93dc150494e5b55a44134482993f5baeb97e61b7ecc89?s=96&d=mm&r=g","caption":"Roberto"},"url":"https:\/\/regiaonews.net.br\/2022\/author\/roberto\/"}]}},"publishpress_future_action":{"enabled":false,"date":"2026-05-04 16:18:03","action":"change-status","newStatus":"draft","terms":[],"taxonomy":"category","extraData":[]},"publishpress_future_workflow_manual_trigger":{"enabledWorkflows":[]},"_links":{"self":[{"href":"https:\/\/regiaonews.net.br\/2022\/wp-json\/wp\/v2\/posts\/98179","targetHints":{"allow":["GET"]}}],"collection":[{"href":"https:\/\/regiaonews.net.br\/2022\/wp-json\/wp\/v2\/posts"}],"about":[{"href":"https:\/\/regiaonews.net.br\/2022\/wp-json\/wp\/v2\/types\/post"}],"author":[{"embeddable":true,"href":"https:\/\/regiaonews.net.br\/2022\/wp-json\/wp\/v2\/users\/2"}],"replies":[{"embeddable":true,"href":"https:\/\/regiaonews.net.br\/2022\/wp-json\/wp\/v2\/comments?post=98179"}],"version-history":[{"count":3,"href":"https:\/\/regiaonews.net.br\/2022\/wp-json\/wp\/v2\/posts\/98179\/revisions"}],"predecessor-version":[{"id":98189,"href":"https:\/\/regiaonews.net.br\/2022\/wp-json\/wp\/v2\/posts\/98179\/revisions\/98189"}],"wp:featuredmedia":[{"embeddable":true,"href":"https:\/\/regiaonews.net.br\/2022\/wp-json\/wp\/v2\/media\/98181"}],"wp:attachment":[{"href":"https:\/\/regiaonews.net.br\/2022\/wp-json\/wp\/v2\/media?parent=98179"}],"wp:term":[{"taxonomy":"category","embeddable":true,"href":"https:\/\/regiaonews.net.br\/2022\/wp-json\/wp\/v2\/categories?post=98179"},{"taxonomy":"post_tag","embeddable":true,"href":"https:\/\/regiaonews.net.br\/2022\/wp-json\/wp\/v2\/tags?post=98179"}],"curies":[{"name":"wp","href":"https:\/\/api.w.org\/{rel}","templated":true}]}}