{"id":98172,"date":"2023-11-24T14:32:03","date_gmt":"2023-11-24T17:32:03","guid":{"rendered":"https:\/\/regiaonews.net.br\/2022\/?p=98172"},"modified":"2023-11-24T14:32:03","modified_gmt":"2023-11-24T17:32:03","slug":"fabio-ennor-fernandes-e-nomeado-porta-voz-do-pacto-global-da-onu-no-brasil","status":"publish","type":"post","link":"https:\/\/regiaonews.net.br\/2022\/2023\/11\/24\/fabio-ennor-fernandes-e-nomeado-porta-voz-do-pacto-global-da-onu-no-brasil\/","title":{"rendered":"Fabio Ennor Fernandes \u00e9 nomeado porta-voz do Pacto Global da ONU no Brasil"},"content":{"rendered":"<h3 style=\"text-align: center;\">Executivo \u00e9 fundador do Walking Together, que tem como objetivo fomentar o desenvolvimento das pequenas cidades brasileiras.<\/h3>\n<p>24 de outubro de 2023 &#8211; O fundador da plataforma Walking Together, Fabio Ennor Fernandes, foi anunciado nesta sexta-feira, dia 24, como novo porta-voz do Objetivo de Desenvolvimento Sustent\u00e1vel 11, do Pacto Global da ONU (Organiza\u00e7\u00e3o das Na\u00e7\u00f5es Unidas) no Brasil. O chamado ODS 11 trata sobre Cidades e Comunidades Sustent\u00e1veis.<\/p>\n<p>A partir da nomea\u00e7\u00e3o, o empres\u00e1rio brasileiro assume a miss\u00e3o da agenda do Pacto Global, que hoje \u00e9 a maior iniciativa de sustentabilidade corporativa do mundo. O ODS 11 busca tornar as cidades e os assentamentos humanos inclusivos, seguros, resilientes e sustent\u00e1veis at\u00e9 2030. Para integrar o programa, os CEOs e l\u00edderes empresariais s\u00e3o avaliados a partir do seu engajamento e alinhamento com as iniciativas no Pa\u00eds, al\u00e9m de passarem uma an\u00e1lise reputacional de suas empresas e como executivos.<\/p>\n<p>H\u00e1 mais de 12 anos, a Walking Together atua diretamente com munic\u00edpios de pequeno porte promovendo um movimento que contribui para o desenvolvimento sustent\u00e1vel dessas localidades. V\u00e1rias iniciativas integram a plataforma, que realiza um trabalho de aproxima\u00e7\u00e3o entre projetos, empreendedores e marcas.<\/p>\n<p>\u201cA edifica\u00e7\u00e3o de Cidades e Comunidades Sustent\u00e1veis \u00e9 essencial e inadi\u00e1vel. Vivemos no Brasil v\u00e1rios exemplos de caos urbanos nas megacidades, megal\u00f3poles e precisamos de projetos e a\u00e7\u00f5es efetivas para diminuir este impacto no \u00e2mbito social, econ\u00f4mico e ambiental. H\u00e1 mais de 12 anos, o Walking Together vem criando oportunidades de neg\u00f3cios com impacto positivo no desenvolvimento das pequenas cidades brasileiras em que atuamos. Representar o Pacto Global da ONU no ODS 11 \u00e9 uma grande honra e um desafio que assumo com muita responsabilidade. Uma causa que podemos colaborar ainda mais com as plataformas de a\u00e7\u00f5es e a agenda do Pacto Global\u201d, declarou Fabio Ennor Fernandes.<\/p>\n<p>As plataformas de a\u00e7\u00f5es do Pacto Global da ONU e todos os ODS podem ser consultados no https:\/\/pactoglobal.org.br\/<\/p>\n<p>Mais sobre Fabio Ennor Fernandes<br \/>\nF\u00e1bio Ennor Fernandes \u00e9 empres\u00e1rio, palestrante, escritor e empreendedor social. Palestrante h\u00e1 mais de 20 anos, vive na pequena cidade de Catanduva \u2013 SP de onde administra seus neg\u00f3cios, conectando pessoas e realizando a\u00e7\u00f5es voltadas para o coletivo. Presidente do LIDE Ribeir\u00e3o Preto e Head Global das Unidades LIDE, F\u00e1bio tamb\u00e9m \u00e9 fundador do Walking Together, um ecossistema independente criado para conectar empres\u00e1rios formadores de opini\u00e3o e empreendedores de pequenas cidades por meio de uma plataforma de conhecimento e neg\u00f3cios. \u00c9 o autor best-seller \u201cQuanto Vale o Seu Tempo?\u201d, lan\u00e7ada em setembro de 2021 pela Editora Gente.<\/p>\n<p>Mais sobre o WT<br \/>\nO Walking Together nasceu para conectar empreendedores, empres\u00e1rios, ideias e projetos em pequenas cidades do Brasil e do mundo, com o objetivo de torn\u00e1-las mais atraentes tanto para se viver como para investimentos, promovendo o desenvolvimento econ\u00f4mico, social e ambiental de forma equilibrada, com a influ\u00eancia de personalidades not\u00e1veis e marcas globalmente reconhecidas. Atualmente o WT j\u00e1 passou por mais de 70 munic\u00edpios com mais de 15 mil influenciadores locais conectados para promover o desenvolvimento destas localidades e criar oportunidades, valorizando a identidade local e a generosidade.<\/p>\n<p>A Plataforma visa tamb\u00e9m contribuir para diminuir a superpopula\u00e7\u00e3o dos grandes centros e o caos urbano. &#8220;Nosso papel \u00e9 iluminar as pequenas cidades, tornando-as mais atraentes desenvolvendo suas voca\u00e7\u00f5es, gerando oportunidades, qualidade de vida e paz. A parceria com o Instituto Cidades atrav\u00e9s do Programa Cidades Conscientes amplifica nosso engajamento, visando despertar na sociedade a consci\u00eancia de que \u00e9 poss\u00edvel fazer muito mais por n\u00f3s mesmos, por nossas comunidades e pelo planeta do que estamos fazendo atualmente&#8221;, declara Fabio Ennor Fernandes. Para mais informa\u00e7\u00f5es, visite o site: https:\/\/www.walkingtogether.com.br\/<\/p>\n","protected":false},"excerpt":{"rendered":"<p>Executivo \u00e9 fundador do Walking Together, que tem como objetivo<\/p>\n","protected":false},"author":2,"featured_media":98173,"comment_status":"open","ping_status":"open","sticky":false,"template":"","format":"standard","meta":{"footnotes":""},"categories":[24,3],"tags":[],"class_list":["post-98172","post","type-post","status-publish","format-standard","has-post-thumbnail","hentry","category-brasil","category-geral"],"yoast_head":"<!-- This site is optimized with the Yoast SEO plugin v27.4 - https:\/\/yoast.com\/product\/yoast-seo-wordpress\/ -->\n<title>Fabio Ennor Fernandes \u00e9 nomeado porta-voz do Pacto Global da ONU no Brasil - Regi\u00e3o News<\/title>\n<meta name=\"robots\" content=\"index, follow, max-snippet:-1, max-image-preview:large, max-video-preview:-1\" \/>\n<link rel=\"canonical\" href=\"https:\/\/regiaonews.net.br\/2022\/2023\/11\/24\/fabio-ennor-fernandes-e-nomeado-porta-voz-do-pacto-global-da-onu-no-brasil\/\" \/>\n<meta property=\"og:locale\" content=\"pt_BR\" \/>\n<meta property=\"og:type\" content=\"article\" \/>\n<meta property=\"og:title\" content=\"Fabio Ennor Fernandes \u00e9 nomeado porta-voz do Pacto Global da ONU no Brasil - Regi\u00e3o News\" \/>\n<meta property=\"og:description\" content=\"Executivo \u00e9 fundador do Walking Together, que tem como objetivo\" \/>\n<meta property=\"og:url\" content=\"https:\/\/regiaonews.net.br\/2022\/2023\/11\/24\/fabio-ennor-fernandes-e-nomeado-porta-voz-do-pacto-global-da-onu-no-brasil\/\" \/>\n<meta property=\"og:site_name\" content=\"Regi\u00e3o News\" \/>\n<meta property=\"article:published_time\" content=\"2023-11-24T17:32:03+00:00\" \/>\n<meta property=\"og:image\" content=\"https:\/\/regiaonews.net.br\/2022\/wp-content\/uploads\/2023\/11\/Imagem-do-WhatsApp-de-2023-11-24-as-12.42.15_a30e2b2f.jpg\" \/>\n\t<meta property=\"og:image:width\" content=\"1066\" \/>\n\t<meta property=\"og:image:height\" content=\"1600\" \/>\n\t<meta property=\"og:image:type\" content=\"image\/jpeg\" \/>\n<meta name=\"author\" content=\"Roberto\" \/>\n<meta name=\"twitter:card\" content=\"summary_large_image\" \/>\n<meta name=\"twitter:label1\" content=\"Escrito por\" \/>\n\t<meta name=\"twitter:data1\" content=\"Roberto\" \/>\n\t<meta name=\"twitter:label2\" content=\"Est. tempo de leitura\" \/>\n\t<meta name=\"twitter:data2\" content=\"4 minutos\" \/>\n<script type=\"application\/ld+json\" class=\"yoast-schema-graph\">{\"@context\":\"https:\\\/\\\/schema.org\",\"@graph\":[{\"@type\":\"Article\",\"@id\":\"https:\\\/\\\/regiaonews.net.br\\\/2022\\\/2023\\\/11\\\/24\\\/fabio-ennor-fernandes-e-nomeado-porta-voz-do-pacto-global-da-onu-no-brasil\\\/#article\",\"isPartOf\":{\"@id\":\"https:\\\/\\\/regiaonews.net.br\\\/2022\\\/2023\\\/11\\\/24\\\/fabio-ennor-fernandes-e-nomeado-porta-voz-do-pacto-global-da-onu-no-brasil\\\/\"},\"author\":{\"name\":\"Roberto\",\"@id\":\"https:\\\/\\\/regiaonews.net.br\\\/2022\\\/#\\\/schema\\\/person\\\/2d205a608a5aa97ac279d7a5e6d89ad8\"},\"headline\":\"Fabio Ennor Fernandes \u00e9 nomeado porta-voz do Pacto Global da ONU no Brasil\",\"datePublished\":\"2023-11-24T17:32:03+00:00\",\"mainEntityOfPage\":{\"@id\":\"https:\\\/\\\/regiaonews.net.br\\\/2022\\\/2023\\\/11\\\/24\\\/fabio-ennor-fernandes-e-nomeado-porta-voz-do-pacto-global-da-onu-no-brasil\\\/\"},\"wordCount\":642,\"commentCount\":0,\"publisher\":{\"@id\":\"https:\\\/\\\/regiaonews.net.br\\\/2022\\\/#organization\"},\"image\":{\"@id\":\"https:\\\/\\\/regiaonews.net.br\\\/2022\\\/2023\\\/11\\\/24\\\/fabio-ennor-fernandes-e-nomeado-porta-voz-do-pacto-global-da-onu-no-brasil\\\/#primaryimage\"},\"thumbnailUrl\":\"https:\\\/\\\/regiaonews.net.br\\\/2022\\\/wp-content\\\/uploads\\\/2023\\\/11\\\/Imagem-do-WhatsApp-de-2023-11-24-as-12.42.15_a30e2b2f.jpg\",\"articleSection\":[\"Brasil\",\"Geral\"],\"inLanguage\":\"pt-BR\",\"potentialAction\":[{\"@type\":\"CommentAction\",\"name\":\"Comment\",\"target\":[\"https:\\\/\\\/regiaonews.net.br\\\/2022\\\/2023\\\/11\\\/24\\\/fabio-ennor-fernandes-e-nomeado-porta-voz-do-pacto-global-da-onu-no-brasil\\\/#respond\"]}]},{\"@type\":\"WebPage\",\"@id\":\"https:\\\/\\\/regiaonews.net.br\\\/2022\\\/2023\\\/11\\\/24\\\/fabio-ennor-fernandes-e-nomeado-porta-voz-do-pacto-global-da-onu-no-brasil\\\/\",\"url\":\"https:\\\/\\\/regiaonews.net.br\\\/2022\\\/2023\\\/11\\\/24\\\/fabio-ennor-fernandes-e-nomeado-porta-voz-do-pacto-global-da-onu-no-brasil\\\/\",\"name\":\"Fabio Ennor Fernandes \u00e9 nomeado porta-voz do Pacto Global da ONU no Brasil - Regi\u00e3o News\",\"isPartOf\":{\"@id\":\"https:\\\/\\\/regiaonews.net.br\\\/2022\\\/#website\"},\"primaryImageOfPage\":{\"@id\":\"https:\\\/\\\/regiaonews.net.br\\\/2022\\\/2023\\\/11\\\/24\\\/fabio-ennor-fernandes-e-nomeado-porta-voz-do-pacto-global-da-onu-no-brasil\\\/#primaryimage\"},\"image\":{\"@id\":\"https:\\\/\\\/regiaonews.net.br\\\/2022\\\/2023\\\/11\\\/24\\\/fabio-ennor-fernandes-e-nomeado-porta-voz-do-pacto-global-da-onu-no-brasil\\\/#primaryimage\"},\"thumbnailUrl\":\"https:\\\/\\\/regiaonews.net.br\\\/2022\\\/wp-content\\\/uploads\\\/2023\\\/11\\\/Imagem-do-WhatsApp-de-2023-11-24-as-12.42.15_a30e2b2f.jpg\",\"datePublished\":\"2023-11-24T17:32:03+00:00\",\"breadcrumb\":{\"@id\":\"https:\\\/\\\/regiaonews.net.br\\\/2022\\\/2023\\\/11\\\/24\\\/fabio-ennor-fernandes-e-nomeado-porta-voz-do-pacto-global-da-onu-no-brasil\\\/#breadcrumb\"},\"inLanguage\":\"pt-BR\",\"potentialAction\":[{\"@type\":\"ReadAction\",\"target\":[\"https:\\\/\\\/regiaonews.net.br\\\/2022\\\/2023\\\/11\\\/24\\\/fabio-ennor-fernandes-e-nomeado-porta-voz-do-pacto-global-da-onu-no-brasil\\\/\"]}]},{\"@type\":\"ImageObject\",\"inLanguage\":\"pt-BR\",\"@id\":\"https:\\\/\\\/regiaonews.net.br\\\/2022\\\/2023\\\/11\\\/24\\\/fabio-ennor-fernandes-e-nomeado-porta-voz-do-pacto-global-da-onu-no-brasil\\\/#primaryimage\",\"url\":\"https:\\\/\\\/regiaonews.net.br\\\/2022\\\/wp-content\\\/uploads\\\/2023\\\/11\\\/Imagem-do-WhatsApp-de-2023-11-24-as-12.42.15_a30e2b2f.jpg\",\"contentUrl\":\"https:\\\/\\\/regiaonews.net.br\\\/2022\\\/wp-content\\\/uploads\\\/2023\\\/11\\\/Imagem-do-WhatsApp-de-2023-11-24-as-12.42.15_a30e2b2f.jpg\",\"width\":1066,\"height\":1600},{\"@type\":\"BreadcrumbList\",\"@id\":\"https:\\\/\\\/regiaonews.net.br\\\/2022\\\/2023\\\/11\\\/24\\\/fabio-ennor-fernandes-e-nomeado-porta-voz-do-pacto-global-da-onu-no-brasil\\\/#breadcrumb\",\"itemListElement\":[{\"@type\":\"ListItem\",\"position\":1,\"name\":\"In\u00edcio\",\"item\":\"https:\\\/\\\/regiaonews.net.br\\\/2022\\\/\"},{\"@type\":\"ListItem\",\"position\":2,\"name\":\"Fabio Ennor Fernandes \u00e9 nomeado porta-voz do Pacto Global da ONU no Brasil\"}]},{\"@type\":\"WebSite\",\"@id\":\"https:\\\/\\\/regiaonews.net.br\\\/2022\\\/#website\",\"url\":\"https:\\\/\\\/regiaonews.net.br\\\/2022\\\/\",\"name\":\"Regi\u00e3o News\",\"description\":\"Site de Not\u00edcias de Barretos e regi\u00e3o\",\"publisher\":{\"@id\":\"https:\\\/\\\/regiaonews.net.br\\\/2022\\\/#organization\"},\"potentialAction\":[{\"@type\":\"SearchAction\",\"target\":{\"@type\":\"EntryPoint\",\"urlTemplate\":\"https:\\\/\\\/regiaonews.net.br\\\/2022\\\/?s={search_term_string}\"},\"query-input\":{\"@type\":\"PropertyValueSpecification\",\"valueRequired\":true,\"valueName\":\"search_term_string\"}}],\"inLanguage\":\"pt-BR\"},{\"@type\":\"Organization\",\"@id\":\"https:\\\/\\\/regiaonews.net.br\\\/2022\\\/#organization\",\"name\":\"Regi\u00e3o News\",\"url\":\"https:\\\/\\\/regiaonews.net.br\\\/2022\\\/\",\"logo\":{\"@type\":\"ImageObject\",\"inLanguage\":\"pt-BR\",\"@id\":\"https:\\\/\\\/regiaonews.net.br\\\/2022\\\/#\\\/schema\\\/logo\\\/image\\\/\",\"url\":\"https:\\\/\\\/regiaonews.net.br\\\/2022\\\/wp-content\\\/uploads\\\/2026\\\/03\\\/regiao-13-anos-scaled.jpg\",\"contentUrl\":\"https:\\\/\\\/regiaonews.net.br\\\/2022\\\/wp-content\\\/uploads\\\/2026\\\/03\\\/regiao-13-anos-scaled.jpg\",\"width\":2560,\"height\":635,\"caption\":\"Regi\u00e3o News\"},\"image\":{\"@id\":\"https:\\\/\\\/regiaonews.net.br\\\/2022\\\/#\\\/schema\\\/logo\\\/image\\\/\"}},{\"@type\":\"Person\",\"@id\":\"https:\\\/\\\/regiaonews.net.br\\\/2022\\\/#\\\/schema\\\/person\\\/2d205a608a5aa97ac279d7a5e6d89ad8\",\"name\":\"Roberto\",\"image\":{\"@type\":\"ImageObject\",\"inLanguage\":\"pt-BR\",\"@id\":\"https:\\\/\\\/secure.gravatar.com\\\/avatar\\\/42749d8b712ff9d59ca93dc150494e5b55a44134482993f5baeb97e61b7ecc89?s=96&d=mm&r=g\",\"url\":\"https:\\\/\\\/secure.gravatar.com\\\/avatar\\\/42749d8b712ff9d59ca93dc150494e5b55a44134482993f5baeb97e61b7ecc89?s=96&d=mm&r=g\",\"contentUrl\":\"https:\\\/\\\/secure.gravatar.com\\\/avatar\\\/42749d8b712ff9d59ca93dc150494e5b55a44134482993f5baeb97e61b7ecc89?s=96&d=mm&r=g\",\"caption\":\"Roberto\"},\"url\":\"https:\\\/\\\/regiaonews.net.br\\\/2022\\\/author\\\/roberto\\\/\"}]}<\/script>\n<!-- \/ Yoast SEO plugin. -->","yoast_head_json":{"title":"Fabio Ennor Fernandes \u00e9 nomeado porta-voz do Pacto Global da ONU no Brasil - Regi\u00e3o News","robots":{"index":"index","follow":"follow","max-snippet":"max-snippet:-1","max-image-preview":"max-image-preview:large","max-video-preview":"max-video-preview:-1"},"canonical":"https:\/\/regiaonews.net.br\/2022\/2023\/11\/24\/fabio-ennor-fernandes-e-nomeado-porta-voz-do-pacto-global-da-onu-no-brasil\/","og_locale":"pt_BR","og_type":"article","og_title":"Fabio Ennor Fernandes \u00e9 nomeado porta-voz do Pacto Global da ONU no Brasil - Regi\u00e3o News","og_description":"Executivo \u00e9 fundador do Walking Together, que tem como objetivo","og_url":"https:\/\/regiaonews.net.br\/2022\/2023\/11\/24\/fabio-ennor-fernandes-e-nomeado-porta-voz-do-pacto-global-da-onu-no-brasil\/","og_site_name":"Regi\u00e3o News","article_published_time":"2023-11-24T17:32:03+00:00","og_image":[{"width":1066,"height":1600,"url":"https:\/\/regiaonews.net.br\/2022\/wp-content\/uploads\/2023\/11\/Imagem-do-WhatsApp-de-2023-11-24-as-12.42.15_a30e2b2f.jpg","type":"image\/jpeg"}],"author":"Roberto","twitter_card":"summary_large_image","twitter_misc":{"Escrito por":"Roberto","Est. tempo de leitura":"4 minutos"},"schema":{"@context":"https:\/\/schema.org","@graph":[{"@type":"Article","@id":"https:\/\/regiaonews.net.br\/2022\/2023\/11\/24\/fabio-ennor-fernandes-e-nomeado-porta-voz-do-pacto-global-da-onu-no-brasil\/#article","isPartOf":{"@id":"https:\/\/regiaonews.net.br\/2022\/2023\/11\/24\/fabio-ennor-fernandes-e-nomeado-porta-voz-do-pacto-global-da-onu-no-brasil\/"},"author":{"name":"Roberto","@id":"https:\/\/regiaonews.net.br\/2022\/#\/schema\/person\/2d205a608a5aa97ac279d7a5e6d89ad8"},"headline":"Fabio Ennor Fernandes \u00e9 nomeado porta-voz do Pacto Global da ONU no Brasil","datePublished":"2023-11-24T17:32:03+00:00","mainEntityOfPage":{"@id":"https:\/\/regiaonews.net.br\/2022\/2023\/11\/24\/fabio-ennor-fernandes-e-nomeado-porta-voz-do-pacto-global-da-onu-no-brasil\/"},"wordCount":642,"commentCount":0,"publisher":{"@id":"https:\/\/regiaonews.net.br\/2022\/#organization"},"image":{"@id":"https:\/\/regiaonews.net.br\/2022\/2023\/11\/24\/fabio-ennor-fernandes-e-nomeado-porta-voz-do-pacto-global-da-onu-no-brasil\/#primaryimage"},"thumbnailUrl":"https:\/\/regiaonews.net.br\/2022\/wp-content\/uploads\/2023\/11\/Imagem-do-WhatsApp-de-2023-11-24-as-12.42.15_a30e2b2f.jpg","articleSection":["Brasil","Geral"],"inLanguage":"pt-BR","potentialAction":[{"@type":"CommentAction","name":"Comment","target":["https:\/\/regiaonews.net.br\/2022\/2023\/11\/24\/fabio-ennor-fernandes-e-nomeado-porta-voz-do-pacto-global-da-onu-no-brasil\/#respond"]}]},{"@type":"WebPage","@id":"https:\/\/regiaonews.net.br\/2022\/2023\/11\/24\/fabio-ennor-fernandes-e-nomeado-porta-voz-do-pacto-global-da-onu-no-brasil\/","url":"https:\/\/regiaonews.net.br\/2022\/2023\/11\/24\/fabio-ennor-fernandes-e-nomeado-porta-voz-do-pacto-global-da-onu-no-brasil\/","name":"Fabio Ennor Fernandes \u00e9 nomeado porta-voz do Pacto Global da ONU no Brasil - Regi\u00e3o News","isPartOf":{"@id":"https:\/\/regiaonews.net.br\/2022\/#website"},"primaryImageOfPage":{"@id":"https:\/\/regiaonews.net.br\/2022\/2023\/11\/24\/fabio-ennor-fernandes-e-nomeado-porta-voz-do-pacto-global-da-onu-no-brasil\/#primaryimage"},"image":{"@id":"https:\/\/regiaonews.net.br\/2022\/2023\/11\/24\/fabio-ennor-fernandes-e-nomeado-porta-voz-do-pacto-global-da-onu-no-brasil\/#primaryimage"},"thumbnailUrl":"https:\/\/regiaonews.net.br\/2022\/wp-content\/uploads\/2023\/11\/Imagem-do-WhatsApp-de-2023-11-24-as-12.42.15_a30e2b2f.jpg","datePublished":"2023-11-24T17:32:03+00:00","breadcrumb":{"@id":"https:\/\/regiaonews.net.br\/2022\/2023\/11\/24\/fabio-ennor-fernandes-e-nomeado-porta-voz-do-pacto-global-da-onu-no-brasil\/#breadcrumb"},"inLanguage":"pt-BR","potentialAction":[{"@type":"ReadAction","target":["https:\/\/regiaonews.net.br\/2022\/2023\/11\/24\/fabio-ennor-fernandes-e-nomeado-porta-voz-do-pacto-global-da-onu-no-brasil\/"]}]},{"@type":"ImageObject","inLanguage":"pt-BR","@id":"https:\/\/regiaonews.net.br\/2022\/2023\/11\/24\/fabio-ennor-fernandes-e-nomeado-porta-voz-do-pacto-global-da-onu-no-brasil\/#primaryimage","url":"https:\/\/regiaonews.net.br\/2022\/wp-content\/uploads\/2023\/11\/Imagem-do-WhatsApp-de-2023-11-24-as-12.42.15_a30e2b2f.jpg","contentUrl":"https:\/\/regiaonews.net.br\/2022\/wp-content\/uploads\/2023\/11\/Imagem-do-WhatsApp-de-2023-11-24-as-12.42.15_a30e2b2f.jpg","width":1066,"height":1600},{"@type":"BreadcrumbList","@id":"https:\/\/regiaonews.net.br\/2022\/2023\/11\/24\/fabio-ennor-fernandes-e-nomeado-porta-voz-do-pacto-global-da-onu-no-brasil\/#breadcrumb","itemListElement":[{"@type":"ListItem","position":1,"name":"In\u00edcio","item":"https:\/\/regiaonews.net.br\/2022\/"},{"@type":"ListItem","position":2,"name":"Fabio Ennor Fernandes \u00e9 nomeado porta-voz do Pacto Global da ONU no Brasil"}]},{"@type":"WebSite","@id":"https:\/\/regiaonews.net.br\/2022\/#website","url":"https:\/\/regiaonews.net.br\/2022\/","name":"Regi\u00e3o News","description":"Site de Not\u00edcias de Barretos e regi\u00e3o","publisher":{"@id":"https:\/\/regiaonews.net.br\/2022\/#organization"},"potentialAction":[{"@type":"SearchAction","target":{"@type":"EntryPoint","urlTemplate":"https:\/\/regiaonews.net.br\/2022\/?s={search_term_string}"},"query-input":{"@type":"PropertyValueSpecification","valueRequired":true,"valueName":"search_term_string"}}],"inLanguage":"pt-BR"},{"@type":"Organization","@id":"https:\/\/regiaonews.net.br\/2022\/#organization","name":"Regi\u00e3o News","url":"https:\/\/regiaonews.net.br\/2022\/","logo":{"@type":"ImageObject","inLanguage":"pt-BR","@id":"https:\/\/regiaonews.net.br\/2022\/#\/schema\/logo\/image\/","url":"https:\/\/regiaonews.net.br\/2022\/wp-content\/uploads\/2026\/03\/regiao-13-anos-scaled.jpg","contentUrl":"https:\/\/regiaonews.net.br\/2022\/wp-content\/uploads\/2026\/03\/regiao-13-anos-scaled.jpg","width":2560,"height":635,"caption":"Regi\u00e3o News"},"image":{"@id":"https:\/\/regiaonews.net.br\/2022\/#\/schema\/logo\/image\/"}},{"@type":"Person","@id":"https:\/\/regiaonews.net.br\/2022\/#\/schema\/person\/2d205a608a5aa97ac279d7a5e6d89ad8","name":"Roberto","image":{"@type":"ImageObject","inLanguage":"pt-BR","@id":"https:\/\/secure.gravatar.com\/avatar\/42749d8b712ff9d59ca93dc150494e5b55a44134482993f5baeb97e61b7ecc89?s=96&d=mm&r=g","url":"https:\/\/secure.gravatar.com\/avatar\/42749d8b712ff9d59ca93dc150494e5b55a44134482993f5baeb97e61b7ecc89?s=96&d=mm&r=g","contentUrl":"https:\/\/secure.gravatar.com\/avatar\/42749d8b712ff9d59ca93dc150494e5b55a44134482993f5baeb97e61b7ecc89?s=96&d=mm&r=g","caption":"Roberto"},"url":"https:\/\/regiaonews.net.br\/2022\/author\/roberto\/"}]}},"publishpress_future_action":{"enabled":false,"date":"2026-05-04 13:22:47","action":"change-status","newStatus":"draft","terms":[],"taxonomy":"category","extraData":[]},"publishpress_future_workflow_manual_trigger":{"enabledWorkflows":[]},"_links":{"self":[{"href":"https:\/\/regiaonews.net.br\/2022\/wp-json\/wp\/v2\/posts\/98172","targetHints":{"allow":["GET"]}}],"collection":[{"href":"https:\/\/regiaonews.net.br\/2022\/wp-json\/wp\/v2\/posts"}],"about":[{"href":"https:\/\/regiaonews.net.br\/2022\/wp-json\/wp\/v2\/types\/post"}],"author":[{"embeddable":true,"href":"https:\/\/regiaonews.net.br\/2022\/wp-json\/wp\/v2\/users\/2"}],"replies":[{"embeddable":true,"href":"https:\/\/regiaonews.net.br\/2022\/wp-json\/wp\/v2\/comments?post=98172"}],"version-history":[{"count":1,"href":"https:\/\/regiaonews.net.br\/2022\/wp-json\/wp\/v2\/posts\/98172\/revisions"}],"predecessor-version":[{"id":98174,"href":"https:\/\/regiaonews.net.br\/2022\/wp-json\/wp\/v2\/posts\/98172\/revisions\/98174"}],"wp:featuredmedia":[{"embeddable":true,"href":"https:\/\/regiaonews.net.br\/2022\/wp-json\/wp\/v2\/media\/98173"}],"wp:attachment":[{"href":"https:\/\/regiaonews.net.br\/2022\/wp-json\/wp\/v2\/media?parent=98172"}],"wp:term":[{"taxonomy":"category","embeddable":true,"href":"https:\/\/regiaonews.net.br\/2022\/wp-json\/wp\/v2\/categories?post=98172"},{"taxonomy":"post_tag","embeddable":true,"href":"https:\/\/regiaonews.net.br\/2022\/wp-json\/wp\/v2\/tags?post=98172"}],"curies":[{"name":"wp","href":"https:\/\/api.w.org\/{rel}","templated":true}]}}