{"id":98167,"date":"2023-11-24T14:30:09","date_gmt":"2023-11-24T17:30:09","guid":{"rendered":"https:\/\/regiaonews.net.br\/2022\/?p=98167"},"modified":"2023-11-24T14:31:04","modified_gmt":"2023-11-24T17:31:04","slug":"bragantino-perde-no-rio-e-botafogo-fica-no-empate-com-o-fortaleza","status":"publish","type":"post","link":"https:\/\/regiaonews.net.br\/2022\/2023\/11\/24\/bragantino-perde-no-rio-e-botafogo-fica-no-empate-com-o-fortaleza\/","title":{"rendered":"Bragantino perde no Rio e Botafogo fica no empate com o Fortaleza"},"content":{"rendered":"<p>Em jogo atrasado da 30\u00aa rodada do Campeonato Brasileiro, o Red Bull Bragantino foi melhor que o Flamengo, mas acabou derrotado por 1 a 0 nesta quinta-feira (23), no Maracan\u00e3. Com o resultado, o time paulista deixou o G4 do Campeonato Brasileiro.<br \/>\nO Red Bull Bragantino permanece com 59 pontos, e agora ocupa a quinta coloca\u00e7\u00e3o, na zona de classifica\u00e7\u00e3o para a pr\u00e9-Libertadores de 2024. J\u00e1 o Flamengo \u00e9 o terceiro colocado, com 60, dois a menos que o Palmeiras, l\u00edder do torneio.<br \/>\nO Red Bull Bragantino volta a campo no domingo, \u00e0s 18h30, quando visita o Internacional, no Beira Rio, em Porto Alegre (RS). No mesmo dia e hor\u00e1rio, o Flamengo encara o j\u00e1 rebaixado Am\u00e9rica-MG, no Parque do Sabi\u00e1, em Sete\u00a0Lagoas\u00a0(MG).<\/p>\n<p>O vice-l\u00edder Botafogo ficou no empate com o Fortaleza em 2 a 2 e desperdi\u00e7ou a chance de reassumir a lideran\u00e7a da competi\u00e7\u00e3o. Com este resultado, a equipe chegou a 61 pontos, ficando com 61 pontos, um atr\u00e1s do Palmeiras que soma 60 pontos. J\u00e1 o Fortaleza, soma 44 pontos, na\u00a011\u00aa\u00a0coloca\u00e7\u00e3o.<\/p>\n","protected":false},"excerpt":{"rendered":"<p>Em jogo atrasado da 30\u00aa rodada do Campeonato Brasileiro, o<\/p>\n","protected":false},"author":2,"featured_media":98170,"comment_status":"open","ping_status":"open","sticky":false,"template":"","format":"standard","meta":{"footnotes":""},"categories":[24,21],"tags":[],"class_list":["post-98167","post","type-post","status-publish","format-standard","has-post-thumbnail","hentry","category-brasil","category-esporte"],"yoast_head":"<!-- This site is optimized with the Yoast SEO plugin v27.4 - https:\/\/yoast.com\/product\/yoast-seo-wordpress\/ -->\n<title>Bragantino perde no Rio e Botafogo fica no empate com o Fortaleza - Regi\u00e3o News<\/title>\n<meta name=\"robots\" content=\"index, follow, max-snippet:-1, max-image-preview:large, max-video-preview:-1\" \/>\n<link rel=\"canonical\" href=\"https:\/\/regiaonews.net.br\/2022\/2023\/11\/24\/bragantino-perde-no-rio-e-botafogo-fica-no-empate-com-o-fortaleza\/\" \/>\n<meta property=\"og:locale\" content=\"pt_BR\" \/>\n<meta property=\"og:type\" content=\"article\" \/>\n<meta property=\"og:title\" content=\"Bragantino perde no Rio e Botafogo fica no empate com o Fortaleza - Regi\u00e3o News\" \/>\n<meta property=\"og:description\" content=\"Em jogo atrasado da 30\u00aa rodada do Campeonato Brasileiro, o\" \/>\n<meta property=\"og:url\" content=\"https:\/\/regiaonews.net.br\/2022\/2023\/11\/24\/bragantino-perde-no-rio-e-botafogo-fica-no-empate-com-o-fortaleza\/\" \/>\n<meta property=\"og:site_name\" content=\"Regi\u00e3o News\" \/>\n<meta property=\"article:published_time\" content=\"2023-11-24T17:30:09+00:00\" \/>\n<meta property=\"article:modified_time\" content=\"2023-11-24T17:31:04+00:00\" \/>\n<meta property=\"og:image\" content=\"https:\/\/regiaonews.net.br\/2022\/wp-content\/uploads\/2023\/11\/Imagem-do-WhatsApp-de-2023-11-24-as-10.56.43_df3f61a7.jpg\" \/>\n\t<meta property=\"og:image:width\" content=\"643\" \/>\n\t<meta property=\"og:image:height\" content=\"392\" \/>\n\t<meta property=\"og:image:type\" content=\"image\/jpeg\" \/>\n<meta name=\"author\" content=\"Roberto\" \/>\n<meta name=\"twitter:card\" content=\"summary_large_image\" \/>\n<meta name=\"twitter:label1\" content=\"Escrito por\" \/>\n\t<meta name=\"twitter:data1\" content=\"Roberto\" \/>\n\t<meta name=\"twitter:label2\" content=\"Est. tempo de leitura\" \/>\n\t<meta name=\"twitter:data2\" content=\"1 minuto\" \/>\n<script type=\"application\/ld+json\" class=\"yoast-schema-graph\">{\"@context\":\"https:\\\/\\\/schema.org\",\"@graph\":[{\"@type\":\"Article\",\"@id\":\"https:\\\/\\\/regiaonews.net.br\\\/2022\\\/2023\\\/11\\\/24\\\/bragantino-perde-no-rio-e-botafogo-fica-no-empate-com-o-fortaleza\\\/#article\",\"isPartOf\":{\"@id\":\"https:\\\/\\\/regiaonews.net.br\\\/2022\\\/2023\\\/11\\\/24\\\/bragantino-perde-no-rio-e-botafogo-fica-no-empate-com-o-fortaleza\\\/\"},\"author\":{\"name\":\"Roberto\",\"@id\":\"https:\\\/\\\/regiaonews.net.br\\\/2022\\\/#\\\/schema\\\/person\\\/2d205a608a5aa97ac279d7a5e6d89ad8\"},\"headline\":\"Bragantino perde no Rio e Botafogo fica no empate com o Fortaleza\",\"datePublished\":\"2023-11-24T17:30:09+00:00\",\"dateModified\":\"2023-11-24T17:31:04+00:00\",\"mainEntityOfPage\":{\"@id\":\"https:\\\/\\\/regiaonews.net.br\\\/2022\\\/2023\\\/11\\\/24\\\/bragantino-perde-no-rio-e-botafogo-fica-no-empate-com-o-fortaleza\\\/\"},\"wordCount\":187,\"commentCount\":0,\"publisher\":{\"@id\":\"https:\\\/\\\/regiaonews.net.br\\\/2022\\\/#organization\"},\"image\":{\"@id\":\"https:\\\/\\\/regiaonews.net.br\\\/2022\\\/2023\\\/11\\\/24\\\/bragantino-perde-no-rio-e-botafogo-fica-no-empate-com-o-fortaleza\\\/#primaryimage\"},\"thumbnailUrl\":\"https:\\\/\\\/regiaonews.net.br\\\/2022\\\/wp-content\\\/uploads\\\/2023\\\/11\\\/Imagem-do-WhatsApp-de-2023-11-24-as-10.56.43_df3f61a7.jpg\",\"articleSection\":[\"Brasil\",\"Esporte\"],\"inLanguage\":\"pt-BR\",\"potentialAction\":[{\"@type\":\"CommentAction\",\"name\":\"Comment\",\"target\":[\"https:\\\/\\\/regiaonews.net.br\\\/2022\\\/2023\\\/11\\\/24\\\/bragantino-perde-no-rio-e-botafogo-fica-no-empate-com-o-fortaleza\\\/#respond\"]}]},{\"@type\":\"WebPage\",\"@id\":\"https:\\\/\\\/regiaonews.net.br\\\/2022\\\/2023\\\/11\\\/24\\\/bragantino-perde-no-rio-e-botafogo-fica-no-empate-com-o-fortaleza\\\/\",\"url\":\"https:\\\/\\\/regiaonews.net.br\\\/2022\\\/2023\\\/11\\\/24\\\/bragantino-perde-no-rio-e-botafogo-fica-no-empate-com-o-fortaleza\\\/\",\"name\":\"Bragantino perde no Rio e Botafogo fica no empate com o Fortaleza - Regi\u00e3o News\",\"isPartOf\":{\"@id\":\"https:\\\/\\\/regiaonews.net.br\\\/2022\\\/#website\"},\"primaryImageOfPage\":{\"@id\":\"https:\\\/\\\/regiaonews.net.br\\\/2022\\\/2023\\\/11\\\/24\\\/bragantino-perde-no-rio-e-botafogo-fica-no-empate-com-o-fortaleza\\\/#primaryimage\"},\"image\":{\"@id\":\"https:\\\/\\\/regiaonews.net.br\\\/2022\\\/2023\\\/11\\\/24\\\/bragantino-perde-no-rio-e-botafogo-fica-no-empate-com-o-fortaleza\\\/#primaryimage\"},\"thumbnailUrl\":\"https:\\\/\\\/regiaonews.net.br\\\/2022\\\/wp-content\\\/uploads\\\/2023\\\/11\\\/Imagem-do-WhatsApp-de-2023-11-24-as-10.56.43_df3f61a7.jpg\",\"datePublished\":\"2023-11-24T17:30:09+00:00\",\"dateModified\":\"2023-11-24T17:31:04+00:00\",\"breadcrumb\":{\"@id\":\"https:\\\/\\\/regiaonews.net.br\\\/2022\\\/2023\\\/11\\\/24\\\/bragantino-perde-no-rio-e-botafogo-fica-no-empate-com-o-fortaleza\\\/#breadcrumb\"},\"inLanguage\":\"pt-BR\",\"potentialAction\":[{\"@type\":\"ReadAction\",\"target\":[\"https:\\\/\\\/regiaonews.net.br\\\/2022\\\/2023\\\/11\\\/24\\\/bragantino-perde-no-rio-e-botafogo-fica-no-empate-com-o-fortaleza\\\/\"]}]},{\"@type\":\"ImageObject\",\"inLanguage\":\"pt-BR\",\"@id\":\"https:\\\/\\\/regiaonews.net.br\\\/2022\\\/2023\\\/11\\\/24\\\/bragantino-perde-no-rio-e-botafogo-fica-no-empate-com-o-fortaleza\\\/#primaryimage\",\"url\":\"https:\\\/\\\/regiaonews.net.br\\\/2022\\\/wp-content\\\/uploads\\\/2023\\\/11\\\/Imagem-do-WhatsApp-de-2023-11-24-as-10.56.43_df3f61a7.jpg\",\"contentUrl\":\"https:\\\/\\\/regiaonews.net.br\\\/2022\\\/wp-content\\\/uploads\\\/2023\\\/11\\\/Imagem-do-WhatsApp-de-2023-11-24-as-10.56.43_df3f61a7.jpg\",\"width\":643,\"height\":392},{\"@type\":\"BreadcrumbList\",\"@id\":\"https:\\\/\\\/regiaonews.net.br\\\/2022\\\/2023\\\/11\\\/24\\\/bragantino-perde-no-rio-e-botafogo-fica-no-empate-com-o-fortaleza\\\/#breadcrumb\",\"itemListElement\":[{\"@type\":\"ListItem\",\"position\":1,\"name\":\"In\u00edcio\",\"item\":\"https:\\\/\\\/regiaonews.net.br\\\/2022\\\/\"},{\"@type\":\"ListItem\",\"position\":2,\"name\":\"Bragantino perde no Rio e Botafogo fica no empate com o Fortaleza\"}]},{\"@type\":\"WebSite\",\"@id\":\"https:\\\/\\\/regiaonews.net.br\\\/2022\\\/#website\",\"url\":\"https:\\\/\\\/regiaonews.net.br\\\/2022\\\/\",\"name\":\"Regi\u00e3o News\",\"description\":\"Site de Not\u00edcias de Barretos e regi\u00e3o\",\"publisher\":{\"@id\":\"https:\\\/\\\/regiaonews.net.br\\\/2022\\\/#organization\"},\"potentialAction\":[{\"@type\":\"SearchAction\",\"target\":{\"@type\":\"EntryPoint\",\"urlTemplate\":\"https:\\\/\\\/regiaonews.net.br\\\/2022\\\/?s={search_term_string}\"},\"query-input\":{\"@type\":\"PropertyValueSpecification\",\"valueRequired\":true,\"valueName\":\"search_term_string\"}}],\"inLanguage\":\"pt-BR\"},{\"@type\":\"Organization\",\"@id\":\"https:\\\/\\\/regiaonews.net.br\\\/2022\\\/#organization\",\"name\":\"Regi\u00e3o News\",\"url\":\"https:\\\/\\\/regiaonews.net.br\\\/2022\\\/\",\"logo\":{\"@type\":\"ImageObject\",\"inLanguage\":\"pt-BR\",\"@id\":\"https:\\\/\\\/regiaonews.net.br\\\/2022\\\/#\\\/schema\\\/logo\\\/image\\\/\",\"url\":\"https:\\\/\\\/regiaonews.net.br\\\/2022\\\/wp-content\\\/uploads\\\/2026\\\/03\\\/regiao-13-anos-scaled.jpg\",\"contentUrl\":\"https:\\\/\\\/regiaonews.net.br\\\/2022\\\/wp-content\\\/uploads\\\/2026\\\/03\\\/regiao-13-anos-scaled.jpg\",\"width\":2560,\"height\":635,\"caption\":\"Regi\u00e3o News\"},\"image\":{\"@id\":\"https:\\\/\\\/regiaonews.net.br\\\/2022\\\/#\\\/schema\\\/logo\\\/image\\\/\"}},{\"@type\":\"Person\",\"@id\":\"https:\\\/\\\/regiaonews.net.br\\\/2022\\\/#\\\/schema\\\/person\\\/2d205a608a5aa97ac279d7a5e6d89ad8\",\"name\":\"Roberto\",\"image\":{\"@type\":\"ImageObject\",\"inLanguage\":\"pt-BR\",\"@id\":\"https:\\\/\\\/secure.gravatar.com\\\/avatar\\\/42749d8b712ff9d59ca93dc150494e5b55a44134482993f5baeb97e61b7ecc89?s=96&d=mm&r=g\",\"url\":\"https:\\\/\\\/secure.gravatar.com\\\/avatar\\\/42749d8b712ff9d59ca93dc150494e5b55a44134482993f5baeb97e61b7ecc89?s=96&d=mm&r=g\",\"contentUrl\":\"https:\\\/\\\/secure.gravatar.com\\\/avatar\\\/42749d8b712ff9d59ca93dc150494e5b55a44134482993f5baeb97e61b7ecc89?s=96&d=mm&r=g\",\"caption\":\"Roberto\"},\"url\":\"https:\\\/\\\/regiaonews.net.br\\\/2022\\\/author\\\/roberto\\\/\"}]}<\/script>\n<!-- \/ Yoast SEO plugin. -->","yoast_head_json":{"title":"Bragantino perde no Rio e Botafogo fica no empate com o Fortaleza - Regi\u00e3o News","robots":{"index":"index","follow":"follow","max-snippet":"max-snippet:-1","max-image-preview":"max-image-preview:large","max-video-preview":"max-video-preview:-1"},"canonical":"https:\/\/regiaonews.net.br\/2022\/2023\/11\/24\/bragantino-perde-no-rio-e-botafogo-fica-no-empate-com-o-fortaleza\/","og_locale":"pt_BR","og_type":"article","og_title":"Bragantino perde no Rio e Botafogo fica no empate com o Fortaleza - Regi\u00e3o News","og_description":"Em jogo atrasado da 30\u00aa rodada do Campeonato Brasileiro, o","og_url":"https:\/\/regiaonews.net.br\/2022\/2023\/11\/24\/bragantino-perde-no-rio-e-botafogo-fica-no-empate-com-o-fortaleza\/","og_site_name":"Regi\u00e3o News","article_published_time":"2023-11-24T17:30:09+00:00","article_modified_time":"2023-11-24T17:31:04+00:00","og_image":[{"width":643,"height":392,"url":"https:\/\/regiaonews.net.br\/2022\/wp-content\/uploads\/2023\/11\/Imagem-do-WhatsApp-de-2023-11-24-as-10.56.43_df3f61a7.jpg","type":"image\/jpeg"}],"author":"Roberto","twitter_card":"summary_large_image","twitter_misc":{"Escrito por":"Roberto","Est. tempo de leitura":"1 minuto"},"schema":{"@context":"https:\/\/schema.org","@graph":[{"@type":"Article","@id":"https:\/\/regiaonews.net.br\/2022\/2023\/11\/24\/bragantino-perde-no-rio-e-botafogo-fica-no-empate-com-o-fortaleza\/#article","isPartOf":{"@id":"https:\/\/regiaonews.net.br\/2022\/2023\/11\/24\/bragantino-perde-no-rio-e-botafogo-fica-no-empate-com-o-fortaleza\/"},"author":{"name":"Roberto","@id":"https:\/\/regiaonews.net.br\/2022\/#\/schema\/person\/2d205a608a5aa97ac279d7a5e6d89ad8"},"headline":"Bragantino perde no Rio e Botafogo fica no empate com o Fortaleza","datePublished":"2023-11-24T17:30:09+00:00","dateModified":"2023-11-24T17:31:04+00:00","mainEntityOfPage":{"@id":"https:\/\/regiaonews.net.br\/2022\/2023\/11\/24\/bragantino-perde-no-rio-e-botafogo-fica-no-empate-com-o-fortaleza\/"},"wordCount":187,"commentCount":0,"publisher":{"@id":"https:\/\/regiaonews.net.br\/2022\/#organization"},"image":{"@id":"https:\/\/regiaonews.net.br\/2022\/2023\/11\/24\/bragantino-perde-no-rio-e-botafogo-fica-no-empate-com-o-fortaleza\/#primaryimage"},"thumbnailUrl":"https:\/\/regiaonews.net.br\/2022\/wp-content\/uploads\/2023\/11\/Imagem-do-WhatsApp-de-2023-11-24-as-10.56.43_df3f61a7.jpg","articleSection":["Brasil","Esporte"],"inLanguage":"pt-BR","potentialAction":[{"@type":"CommentAction","name":"Comment","target":["https:\/\/regiaonews.net.br\/2022\/2023\/11\/24\/bragantino-perde-no-rio-e-botafogo-fica-no-empate-com-o-fortaleza\/#respond"]}]},{"@type":"WebPage","@id":"https:\/\/regiaonews.net.br\/2022\/2023\/11\/24\/bragantino-perde-no-rio-e-botafogo-fica-no-empate-com-o-fortaleza\/","url":"https:\/\/regiaonews.net.br\/2022\/2023\/11\/24\/bragantino-perde-no-rio-e-botafogo-fica-no-empate-com-o-fortaleza\/","name":"Bragantino perde no Rio e Botafogo fica no empate com o Fortaleza - Regi\u00e3o News","isPartOf":{"@id":"https:\/\/regiaonews.net.br\/2022\/#website"},"primaryImageOfPage":{"@id":"https:\/\/regiaonews.net.br\/2022\/2023\/11\/24\/bragantino-perde-no-rio-e-botafogo-fica-no-empate-com-o-fortaleza\/#primaryimage"},"image":{"@id":"https:\/\/regiaonews.net.br\/2022\/2023\/11\/24\/bragantino-perde-no-rio-e-botafogo-fica-no-empate-com-o-fortaleza\/#primaryimage"},"thumbnailUrl":"https:\/\/regiaonews.net.br\/2022\/wp-content\/uploads\/2023\/11\/Imagem-do-WhatsApp-de-2023-11-24-as-10.56.43_df3f61a7.jpg","datePublished":"2023-11-24T17:30:09+00:00","dateModified":"2023-11-24T17:31:04+00:00","breadcrumb":{"@id":"https:\/\/regiaonews.net.br\/2022\/2023\/11\/24\/bragantino-perde-no-rio-e-botafogo-fica-no-empate-com-o-fortaleza\/#breadcrumb"},"inLanguage":"pt-BR","potentialAction":[{"@type":"ReadAction","target":["https:\/\/regiaonews.net.br\/2022\/2023\/11\/24\/bragantino-perde-no-rio-e-botafogo-fica-no-empate-com-o-fortaleza\/"]}]},{"@type":"ImageObject","inLanguage":"pt-BR","@id":"https:\/\/regiaonews.net.br\/2022\/2023\/11\/24\/bragantino-perde-no-rio-e-botafogo-fica-no-empate-com-o-fortaleza\/#primaryimage","url":"https:\/\/regiaonews.net.br\/2022\/wp-content\/uploads\/2023\/11\/Imagem-do-WhatsApp-de-2023-11-24-as-10.56.43_df3f61a7.jpg","contentUrl":"https:\/\/regiaonews.net.br\/2022\/wp-content\/uploads\/2023\/11\/Imagem-do-WhatsApp-de-2023-11-24-as-10.56.43_df3f61a7.jpg","width":643,"height":392},{"@type":"BreadcrumbList","@id":"https:\/\/regiaonews.net.br\/2022\/2023\/11\/24\/bragantino-perde-no-rio-e-botafogo-fica-no-empate-com-o-fortaleza\/#breadcrumb","itemListElement":[{"@type":"ListItem","position":1,"name":"In\u00edcio","item":"https:\/\/regiaonews.net.br\/2022\/"},{"@type":"ListItem","position":2,"name":"Bragantino perde no Rio e Botafogo fica no empate com o Fortaleza"}]},{"@type":"WebSite","@id":"https:\/\/regiaonews.net.br\/2022\/#website","url":"https:\/\/regiaonews.net.br\/2022\/","name":"Regi\u00e3o News","description":"Site de Not\u00edcias de Barretos e regi\u00e3o","publisher":{"@id":"https:\/\/regiaonews.net.br\/2022\/#organization"},"potentialAction":[{"@type":"SearchAction","target":{"@type":"EntryPoint","urlTemplate":"https:\/\/regiaonews.net.br\/2022\/?s={search_term_string}"},"query-input":{"@type":"PropertyValueSpecification","valueRequired":true,"valueName":"search_term_string"}}],"inLanguage":"pt-BR"},{"@type":"Organization","@id":"https:\/\/regiaonews.net.br\/2022\/#organization","name":"Regi\u00e3o News","url":"https:\/\/regiaonews.net.br\/2022\/","logo":{"@type":"ImageObject","inLanguage":"pt-BR","@id":"https:\/\/regiaonews.net.br\/2022\/#\/schema\/logo\/image\/","url":"https:\/\/regiaonews.net.br\/2022\/wp-content\/uploads\/2026\/03\/regiao-13-anos-scaled.jpg","contentUrl":"https:\/\/regiaonews.net.br\/2022\/wp-content\/uploads\/2026\/03\/regiao-13-anos-scaled.jpg","width":2560,"height":635,"caption":"Regi\u00e3o News"},"image":{"@id":"https:\/\/regiaonews.net.br\/2022\/#\/schema\/logo\/image\/"}},{"@type":"Person","@id":"https:\/\/regiaonews.net.br\/2022\/#\/schema\/person\/2d205a608a5aa97ac279d7a5e6d89ad8","name":"Roberto","image":{"@type":"ImageObject","inLanguage":"pt-BR","@id":"https:\/\/secure.gravatar.com\/avatar\/42749d8b712ff9d59ca93dc150494e5b55a44134482993f5baeb97e61b7ecc89?s=96&d=mm&r=g","url":"https:\/\/secure.gravatar.com\/avatar\/42749d8b712ff9d59ca93dc150494e5b55a44134482993f5baeb97e61b7ecc89?s=96&d=mm&r=g","contentUrl":"https:\/\/secure.gravatar.com\/avatar\/42749d8b712ff9d59ca93dc150494e5b55a44134482993f5baeb97e61b7ecc89?s=96&d=mm&r=g","caption":"Roberto"},"url":"https:\/\/regiaonews.net.br\/2022\/author\/roberto\/"}]}},"publishpress_future_action":{"enabled":false,"date":"2026-05-04 11:59:38","action":"change-status","newStatus":"draft","terms":[],"taxonomy":"category","extraData":[]},"publishpress_future_workflow_manual_trigger":{"enabledWorkflows":[]},"_links":{"self":[{"href":"https:\/\/regiaonews.net.br\/2022\/wp-json\/wp\/v2\/posts\/98167","targetHints":{"allow":["GET"]}}],"collection":[{"href":"https:\/\/regiaonews.net.br\/2022\/wp-json\/wp\/v2\/posts"}],"about":[{"href":"https:\/\/regiaonews.net.br\/2022\/wp-json\/wp\/v2\/types\/post"}],"author":[{"embeddable":true,"href":"https:\/\/regiaonews.net.br\/2022\/wp-json\/wp\/v2\/users\/2"}],"replies":[{"embeddable":true,"href":"https:\/\/regiaonews.net.br\/2022\/wp-json\/wp\/v2\/comments?post=98167"}],"version-history":[{"count":2,"href":"https:\/\/regiaonews.net.br\/2022\/wp-json\/wp\/v2\/posts\/98167\/revisions"}],"predecessor-version":[{"id":98171,"href":"https:\/\/regiaonews.net.br\/2022\/wp-json\/wp\/v2\/posts\/98167\/revisions\/98171"}],"wp:featuredmedia":[{"embeddable":true,"href":"https:\/\/regiaonews.net.br\/2022\/wp-json\/wp\/v2\/media\/98170"}],"wp:attachment":[{"href":"https:\/\/regiaonews.net.br\/2022\/wp-json\/wp\/v2\/media?parent=98167"}],"wp:term":[{"taxonomy":"category","embeddable":true,"href":"https:\/\/regiaonews.net.br\/2022\/wp-json\/wp\/v2\/categories?post=98167"},{"taxonomy":"post_tag","embeddable":true,"href":"https:\/\/regiaonews.net.br\/2022\/wp-json\/wp\/v2\/tags?post=98167"}],"curies":[{"name":"wp","href":"https:\/\/api.w.org\/{rel}","templated":true}]}}