{"id":98154,"date":"2023-11-24T08:45:35","date_gmt":"2023-11-24T11:45:35","guid":{"rendered":"https:\/\/regiaonews.net.br\/2022\/?p=98154"},"modified":"2023-11-24T08:45:35","modified_gmt":"2023-11-24T11:45:35","slug":"barretos-tera-itbi-digital-a-partir-de-dezembro","status":"publish","type":"post","link":"https:\/\/regiaonews.net.br\/2022\/2023\/11\/24\/barretos-tera-itbi-digital-a-partir-de-dezembro\/","title":{"rendered":"Barretos ter\u00e1 ITBI Digital a partir de dezembro"},"content":{"rendered":"<h3 style=\"text-align: center;\"><b>Prefeitura disponibilizar\u00e1 mais um servi\u00e7o digital, ampliando a moderniza\u00e7\u00e3o nos processos municipais e proporcionando mais facilidade aos contribuintes.<\/b><\/h3>\n<div>A partir de 1\u00ba de dezembro, a Prefeitura da Est\u00e2ncia Tur\u00edstica de Barretos d\u00e1 um novo salto na moderniza\u00e7\u00e3o de seus servi\u00e7os municipais com o lan\u00e7amento do ITBI Digital. O Departamento de Receita informa que o Imposto sobre Transmiss\u00e3o Onerosa e Inter Vivos de Bens Im\u00f3veis (ITBI) poder\u00e1 ser realizado de forma totalmente digital, marcando uma transi\u00e7\u00e3o para processos mais simples e eficientes.<\/div>\n<div><\/div>\n<div>A gest\u00e3o municipal busca facilitar a vida dos contribuintes, cart\u00f3rios e contadores, proporcionando a op\u00e7\u00e3o de realizar o ITBI por meio do autoatendimento \u201cCidad\u00e3o Online\u201d. Basta acessar a p\u00e1gina oficial da Prefeitura \u2013\u00a0<a href=\"http:\/\/www.barretos.sp.gov.br\/\" target=\"_blank\" rel=\"noopener\" data-saferedirecturl=\"https:\/\/www.google.com\/url?q=http:\/\/www.barretos.sp.gov.br&amp;source=gmail&amp;ust=1700912643355000&amp;usg=AOvVaw3sj7kyvdenrdPKOfGPRv0M\">www.barretos.sp.gov.br<\/a>\u00a0entrar na categoria &#8220;Im\u00f3veis&#8221; e, em seguida, na op\u00e7\u00e3o &#8220;ITBI&#8221;.<\/div>\n<div><\/div>\n<div>A novidade faz parte do processo de inova\u00e7\u00e3o no cen\u00e1rio local, uma vez que o ITBI \u00e9 um tributo de compet\u00eancia municipal, vital para a regulariza\u00e7\u00e3o, escritura\u00e7\u00e3o e registro de im\u00f3veis em transa\u00e7\u00f5es imobili\u00e1rias. \u201cO ITBI Digital surge como uma inova\u00e7\u00e3o voltada para uma gest\u00e3o mais moderna e \u00e1gil. A proposta central \u00e9 integrar, de maneira digital e em tempo real, os diversos protagonistas envolvidos no processo, tais como a Prefeitura, cart\u00f3rios, institui\u00e7\u00f5es financeiras e contribuintes. A introdu\u00e7\u00e3o desta ferramenta promete n\u00e3o apenas simplificar os procedimentos, mas tamb\u00e9m reduzir consideravelmente o tempo que os contribuintes gastam nos tr\u00e2mites de transfer\u00eancia de propriedade\u201d, explicou o Secret\u00e1rio Municipal de Finan\u00e7as, Fernando Soares.<\/div>\n<div><\/div>\n<div>A integra\u00e7\u00e3o proporcionada pelo ITBI Digital reflete uma iniciativa de unir for\u00e7as para otimizar a efici\u00eancia dos processos municipais. A prefeita Paula Lemos destaca a import\u00e2ncia dessa mudan\u00e7a ao afirmar: &#8220;Hoje, damos mais um importante passo para termos mais ferramentas em sistema online. Isso facilita muito para a popula\u00e7\u00e3o. Nosso objetivo \u00e9 informatizar a maioria dos servi\u00e7os dispon\u00edveis na Administra\u00e7\u00e3o Municipal, tornando tudo mais \u00e1gil e acess\u00edvel. \u00c9 mais um passo crucial na desburocratiza\u00e7\u00e3o dos servi\u00e7os e no avan\u00e7o do munic\u00edpio como um todo\u201d, destacou.<\/div>\n<div><\/div>\n<div>Para Fernando Soares, o processo de inova\u00e7\u00e3o resulta em efici\u00eancia. \u201cAssim como o IPTU, agora o ITBI Digital chega gerando efici\u00eancia, economia e melhor gerenciamento. Com esse avan\u00e7o tecnol\u00f3gico, Barretos demonstra seu comprometimento em proporcionar servi\u00e7os mais eficientes e acess\u00edveis para seus cidad\u00e3os, consolidando-se como um exemplo de moderniza\u00e7\u00e3o no \u00e2mbito municipal\u201d, concluiu.<\/div>\n<div><\/div>\n<div><b><i>Ades\u00e3o ao IPTU Digital 2024 termina no pr\u00f3ximo dia 30<\/i><\/b><\/div>\n<div>A distribui\u00e7\u00e3o digital do carn\u00ea do Imposto Predial e Territorial Urbano (IPTU), que deu in\u00edcio ao processo de inova\u00e7\u00e3o, teve in\u00edcio em 2022, e est\u00e1 em per\u00edodo de ades\u00e3o para o exerc\u00edcio de 2024. Os contribuintes que desejarem receber o carn\u00ea por meio e-mail devem se inscrever at\u00e9 o pr\u00f3ximo dia 30 de novembro pelo no site:\u00a0<a href=\"https:\/\/receita.barretos.sp.gov.br\/imoveis\" target=\"_blank\" rel=\"noopener\" data-saferedirecturl=\"https:\/\/www.google.com\/url?q=https:\/\/receita.barretos.sp.gov.br\/imoveis&amp;source=gmail&amp;ust=1700912643355000&amp;usg=AOvVaw3cLtEBpa4bSg_mMzxpvLZM\">https:\/\/receita.barretos.sp.<wbr \/>gov.br\/imoveis<\/a>. Uma escolha simples que promove economia para a cidade e respeito ao meio ambiente.<\/div>\n<div><\/div>\n<div>Segundo o Secret\u00e1rio de Finan\u00e7as, no primeiro ano da entrega digital, 447 contribuintes solicitaram o envio do carn\u00ea por e-mail. \u201c\u00c9 uma mudan\u00e7a cultural que beneficia a todos. A tend\u00eancia \u00e9 que ano a ano, a ades\u00e3o seja maior\u201d, enfatizou.<\/div>\n","protected":false},"excerpt":{"rendered":"<p>Prefeitura disponibilizar\u00e1 mais um servi\u00e7o digital, ampliando a moderniza\u00e7\u00e3o nos<\/p>\n","protected":false},"author":2,"featured_media":4396,"comment_status":"open","ping_status":"open","sticky":false,"template":"","format":"standard","meta":{"footnotes":""},"categories":[14,3],"tags":[],"class_list":["post-98154","post","type-post","status-publish","format-standard","has-post-thumbnail","hentry","category-barretos","category-geral"],"yoast_head":"<!-- This site is optimized with the Yoast SEO plugin v27.4 - https:\/\/yoast.com\/product\/yoast-seo-wordpress\/ -->\n<title>Barretos ter\u00e1 ITBI Digital a partir de dezembro - Regi\u00e3o News<\/title>\n<meta name=\"robots\" content=\"index, follow, max-snippet:-1, max-image-preview:large, max-video-preview:-1\" \/>\n<link rel=\"canonical\" href=\"https:\/\/regiaonews.net.br\/2022\/2023\/11\/24\/barretos-tera-itbi-digital-a-partir-de-dezembro\/\" \/>\n<meta property=\"og:locale\" content=\"pt_BR\" \/>\n<meta property=\"og:type\" content=\"article\" \/>\n<meta property=\"og:title\" content=\"Barretos ter\u00e1 ITBI Digital a partir de dezembro - Regi\u00e3o News\" \/>\n<meta property=\"og:description\" content=\"Prefeitura disponibilizar\u00e1 mais um servi\u00e7o digital, ampliando a moderniza\u00e7\u00e3o nos\" \/>\n<meta property=\"og:url\" content=\"https:\/\/regiaonews.net.br\/2022\/2023\/11\/24\/barretos-tera-itbi-digital-a-partir-de-dezembro\/\" \/>\n<meta property=\"og:site_name\" content=\"Regi\u00e3o News\" \/>\n<meta property=\"article:published_time\" content=\"2023-11-24T11:45:35+00:00\" \/>\n<meta property=\"og:image\" content=\"https:\/\/regiaonews.net.br\/2022\/wp-content\/uploads\/2017\/04\/prefeitura-de-barretos.jpg\" \/>\n\t<meta property=\"og:image:width\" content=\"620\" \/>\n\t<meta property=\"og:image:height\" content=\"465\" \/>\n\t<meta property=\"og:image:type\" content=\"image\/jpeg\" \/>\n<meta name=\"author\" content=\"Roberto\" \/>\n<meta name=\"twitter:card\" content=\"summary_large_image\" \/>\n<meta name=\"twitter:label1\" content=\"Escrito por\" \/>\n\t<meta name=\"twitter:data1\" content=\"Roberto\" \/>\n\t<meta name=\"twitter:label2\" content=\"Est. tempo de leitura\" \/>\n\t<meta name=\"twitter:data2\" content=\"3 minutos\" \/>\n<script type=\"application\/ld+json\" class=\"yoast-schema-graph\">{\"@context\":\"https:\\\/\\\/schema.org\",\"@graph\":[{\"@type\":\"Article\",\"@id\":\"https:\\\/\\\/regiaonews.net.br\\\/2022\\\/2023\\\/11\\\/24\\\/barretos-tera-itbi-digital-a-partir-de-dezembro\\\/#article\",\"isPartOf\":{\"@id\":\"https:\\\/\\\/regiaonews.net.br\\\/2022\\\/2023\\\/11\\\/24\\\/barretos-tera-itbi-digital-a-partir-de-dezembro\\\/\"},\"author\":{\"name\":\"Roberto\",\"@id\":\"https:\\\/\\\/regiaonews.net.br\\\/2022\\\/#\\\/schema\\\/person\\\/2d205a608a5aa97ac279d7a5e6d89ad8\"},\"headline\":\"Barretos ter\u00e1 ITBI Digital a partir de dezembro\",\"datePublished\":\"2023-11-24T11:45:35+00:00\",\"mainEntityOfPage\":{\"@id\":\"https:\\\/\\\/regiaonews.net.br\\\/2022\\\/2023\\\/11\\\/24\\\/barretos-tera-itbi-digital-a-partir-de-dezembro\\\/\"},\"wordCount\":573,\"commentCount\":0,\"publisher\":{\"@id\":\"https:\\\/\\\/regiaonews.net.br\\\/2022\\\/#organization\"},\"image\":{\"@id\":\"https:\\\/\\\/regiaonews.net.br\\\/2022\\\/2023\\\/11\\\/24\\\/barretos-tera-itbi-digital-a-partir-de-dezembro\\\/#primaryimage\"},\"thumbnailUrl\":\"https:\\\/\\\/regiaonews.net.br\\\/2022\\\/wp-content\\\/uploads\\\/2017\\\/04\\\/prefeitura-de-barretos.jpg\",\"articleSection\":[\"Barretos\",\"Geral\"],\"inLanguage\":\"pt-BR\",\"potentialAction\":[{\"@type\":\"CommentAction\",\"name\":\"Comment\",\"target\":[\"https:\\\/\\\/regiaonews.net.br\\\/2022\\\/2023\\\/11\\\/24\\\/barretos-tera-itbi-digital-a-partir-de-dezembro\\\/#respond\"]}]},{\"@type\":\"WebPage\",\"@id\":\"https:\\\/\\\/regiaonews.net.br\\\/2022\\\/2023\\\/11\\\/24\\\/barretos-tera-itbi-digital-a-partir-de-dezembro\\\/\",\"url\":\"https:\\\/\\\/regiaonews.net.br\\\/2022\\\/2023\\\/11\\\/24\\\/barretos-tera-itbi-digital-a-partir-de-dezembro\\\/\",\"name\":\"Barretos ter\u00e1 ITBI Digital a partir de dezembro - Regi\u00e3o News\",\"isPartOf\":{\"@id\":\"https:\\\/\\\/regiaonews.net.br\\\/2022\\\/#website\"},\"primaryImageOfPage\":{\"@id\":\"https:\\\/\\\/regiaonews.net.br\\\/2022\\\/2023\\\/11\\\/24\\\/barretos-tera-itbi-digital-a-partir-de-dezembro\\\/#primaryimage\"},\"image\":{\"@id\":\"https:\\\/\\\/regiaonews.net.br\\\/2022\\\/2023\\\/11\\\/24\\\/barretos-tera-itbi-digital-a-partir-de-dezembro\\\/#primaryimage\"},\"thumbnailUrl\":\"https:\\\/\\\/regiaonews.net.br\\\/2022\\\/wp-content\\\/uploads\\\/2017\\\/04\\\/prefeitura-de-barretos.jpg\",\"datePublished\":\"2023-11-24T11:45:35+00:00\",\"breadcrumb\":{\"@id\":\"https:\\\/\\\/regiaonews.net.br\\\/2022\\\/2023\\\/11\\\/24\\\/barretos-tera-itbi-digital-a-partir-de-dezembro\\\/#breadcrumb\"},\"inLanguage\":\"pt-BR\",\"potentialAction\":[{\"@type\":\"ReadAction\",\"target\":[\"https:\\\/\\\/regiaonews.net.br\\\/2022\\\/2023\\\/11\\\/24\\\/barretos-tera-itbi-digital-a-partir-de-dezembro\\\/\"]}]},{\"@type\":\"ImageObject\",\"inLanguage\":\"pt-BR\",\"@id\":\"https:\\\/\\\/regiaonews.net.br\\\/2022\\\/2023\\\/11\\\/24\\\/barretos-tera-itbi-digital-a-partir-de-dezembro\\\/#primaryimage\",\"url\":\"https:\\\/\\\/regiaonews.net.br\\\/2022\\\/wp-content\\\/uploads\\\/2017\\\/04\\\/prefeitura-de-barretos.jpg\",\"contentUrl\":\"https:\\\/\\\/regiaonews.net.br\\\/2022\\\/wp-content\\\/uploads\\\/2017\\\/04\\\/prefeitura-de-barretos.jpg\",\"width\":620,\"height\":465},{\"@type\":\"BreadcrumbList\",\"@id\":\"https:\\\/\\\/regiaonews.net.br\\\/2022\\\/2023\\\/11\\\/24\\\/barretos-tera-itbi-digital-a-partir-de-dezembro\\\/#breadcrumb\",\"itemListElement\":[{\"@type\":\"ListItem\",\"position\":1,\"name\":\"In\u00edcio\",\"item\":\"https:\\\/\\\/regiaonews.net.br\\\/2022\\\/\"},{\"@type\":\"ListItem\",\"position\":2,\"name\":\"Barretos ter\u00e1 ITBI Digital a partir de dezembro\"}]},{\"@type\":\"WebSite\",\"@id\":\"https:\\\/\\\/regiaonews.net.br\\\/2022\\\/#website\",\"url\":\"https:\\\/\\\/regiaonews.net.br\\\/2022\\\/\",\"name\":\"Regi\u00e3o News\",\"description\":\"Site de Not\u00edcias de Barretos e regi\u00e3o\",\"publisher\":{\"@id\":\"https:\\\/\\\/regiaonews.net.br\\\/2022\\\/#organization\"},\"potentialAction\":[{\"@type\":\"SearchAction\",\"target\":{\"@type\":\"EntryPoint\",\"urlTemplate\":\"https:\\\/\\\/regiaonews.net.br\\\/2022\\\/?s={search_term_string}\"},\"query-input\":{\"@type\":\"PropertyValueSpecification\",\"valueRequired\":true,\"valueName\":\"search_term_string\"}}],\"inLanguage\":\"pt-BR\"},{\"@type\":\"Organization\",\"@id\":\"https:\\\/\\\/regiaonews.net.br\\\/2022\\\/#organization\",\"name\":\"Regi\u00e3o News\",\"url\":\"https:\\\/\\\/regiaonews.net.br\\\/2022\\\/\",\"logo\":{\"@type\":\"ImageObject\",\"inLanguage\":\"pt-BR\",\"@id\":\"https:\\\/\\\/regiaonews.net.br\\\/2022\\\/#\\\/schema\\\/logo\\\/image\\\/\",\"url\":\"https:\\\/\\\/regiaonews.net.br\\\/2022\\\/wp-content\\\/uploads\\\/2026\\\/03\\\/regiao-13-anos-scaled.jpg\",\"contentUrl\":\"https:\\\/\\\/regiaonews.net.br\\\/2022\\\/wp-content\\\/uploads\\\/2026\\\/03\\\/regiao-13-anos-scaled.jpg\",\"width\":2560,\"height\":635,\"caption\":\"Regi\u00e3o News\"},\"image\":{\"@id\":\"https:\\\/\\\/regiaonews.net.br\\\/2022\\\/#\\\/schema\\\/logo\\\/image\\\/\"}},{\"@type\":\"Person\",\"@id\":\"https:\\\/\\\/regiaonews.net.br\\\/2022\\\/#\\\/schema\\\/person\\\/2d205a608a5aa97ac279d7a5e6d89ad8\",\"name\":\"Roberto\",\"image\":{\"@type\":\"ImageObject\",\"inLanguage\":\"pt-BR\",\"@id\":\"https:\\\/\\\/secure.gravatar.com\\\/avatar\\\/42749d8b712ff9d59ca93dc150494e5b55a44134482993f5baeb97e61b7ecc89?s=96&d=mm&r=g\",\"url\":\"https:\\\/\\\/secure.gravatar.com\\\/avatar\\\/42749d8b712ff9d59ca93dc150494e5b55a44134482993f5baeb97e61b7ecc89?s=96&d=mm&r=g\",\"contentUrl\":\"https:\\\/\\\/secure.gravatar.com\\\/avatar\\\/42749d8b712ff9d59ca93dc150494e5b55a44134482993f5baeb97e61b7ecc89?s=96&d=mm&r=g\",\"caption\":\"Roberto\"},\"url\":\"https:\\\/\\\/regiaonews.net.br\\\/2022\\\/author\\\/roberto\\\/\"}]}<\/script>\n<!-- \/ Yoast SEO plugin. -->","yoast_head_json":{"title":"Barretos ter\u00e1 ITBI Digital a partir de dezembro - Regi\u00e3o News","robots":{"index":"index","follow":"follow","max-snippet":"max-snippet:-1","max-image-preview":"max-image-preview:large","max-video-preview":"max-video-preview:-1"},"canonical":"https:\/\/regiaonews.net.br\/2022\/2023\/11\/24\/barretos-tera-itbi-digital-a-partir-de-dezembro\/","og_locale":"pt_BR","og_type":"article","og_title":"Barretos ter\u00e1 ITBI Digital a partir de dezembro - Regi\u00e3o News","og_description":"Prefeitura disponibilizar\u00e1 mais um servi\u00e7o digital, ampliando a moderniza\u00e7\u00e3o nos","og_url":"https:\/\/regiaonews.net.br\/2022\/2023\/11\/24\/barretos-tera-itbi-digital-a-partir-de-dezembro\/","og_site_name":"Regi\u00e3o News","article_published_time":"2023-11-24T11:45:35+00:00","og_image":[{"width":620,"height":465,"url":"https:\/\/regiaonews.net.br\/2022\/wp-content\/uploads\/2017\/04\/prefeitura-de-barretos.jpg","type":"image\/jpeg"}],"author":"Roberto","twitter_card":"summary_large_image","twitter_misc":{"Escrito por":"Roberto","Est. tempo de leitura":"3 minutos"},"schema":{"@context":"https:\/\/schema.org","@graph":[{"@type":"Article","@id":"https:\/\/regiaonews.net.br\/2022\/2023\/11\/24\/barretos-tera-itbi-digital-a-partir-de-dezembro\/#article","isPartOf":{"@id":"https:\/\/regiaonews.net.br\/2022\/2023\/11\/24\/barretos-tera-itbi-digital-a-partir-de-dezembro\/"},"author":{"name":"Roberto","@id":"https:\/\/regiaonews.net.br\/2022\/#\/schema\/person\/2d205a608a5aa97ac279d7a5e6d89ad8"},"headline":"Barretos ter\u00e1 ITBI Digital a partir de dezembro","datePublished":"2023-11-24T11:45:35+00:00","mainEntityOfPage":{"@id":"https:\/\/regiaonews.net.br\/2022\/2023\/11\/24\/barretos-tera-itbi-digital-a-partir-de-dezembro\/"},"wordCount":573,"commentCount":0,"publisher":{"@id":"https:\/\/regiaonews.net.br\/2022\/#organization"},"image":{"@id":"https:\/\/regiaonews.net.br\/2022\/2023\/11\/24\/barretos-tera-itbi-digital-a-partir-de-dezembro\/#primaryimage"},"thumbnailUrl":"https:\/\/regiaonews.net.br\/2022\/wp-content\/uploads\/2017\/04\/prefeitura-de-barretos.jpg","articleSection":["Barretos","Geral"],"inLanguage":"pt-BR","potentialAction":[{"@type":"CommentAction","name":"Comment","target":["https:\/\/regiaonews.net.br\/2022\/2023\/11\/24\/barretos-tera-itbi-digital-a-partir-de-dezembro\/#respond"]}]},{"@type":"WebPage","@id":"https:\/\/regiaonews.net.br\/2022\/2023\/11\/24\/barretos-tera-itbi-digital-a-partir-de-dezembro\/","url":"https:\/\/regiaonews.net.br\/2022\/2023\/11\/24\/barretos-tera-itbi-digital-a-partir-de-dezembro\/","name":"Barretos ter\u00e1 ITBI Digital a partir de dezembro - Regi\u00e3o News","isPartOf":{"@id":"https:\/\/regiaonews.net.br\/2022\/#website"},"primaryImageOfPage":{"@id":"https:\/\/regiaonews.net.br\/2022\/2023\/11\/24\/barretos-tera-itbi-digital-a-partir-de-dezembro\/#primaryimage"},"image":{"@id":"https:\/\/regiaonews.net.br\/2022\/2023\/11\/24\/barretos-tera-itbi-digital-a-partir-de-dezembro\/#primaryimage"},"thumbnailUrl":"https:\/\/regiaonews.net.br\/2022\/wp-content\/uploads\/2017\/04\/prefeitura-de-barretos.jpg","datePublished":"2023-11-24T11:45:35+00:00","breadcrumb":{"@id":"https:\/\/regiaonews.net.br\/2022\/2023\/11\/24\/barretos-tera-itbi-digital-a-partir-de-dezembro\/#breadcrumb"},"inLanguage":"pt-BR","potentialAction":[{"@type":"ReadAction","target":["https:\/\/regiaonews.net.br\/2022\/2023\/11\/24\/barretos-tera-itbi-digital-a-partir-de-dezembro\/"]}]},{"@type":"ImageObject","inLanguage":"pt-BR","@id":"https:\/\/regiaonews.net.br\/2022\/2023\/11\/24\/barretos-tera-itbi-digital-a-partir-de-dezembro\/#primaryimage","url":"https:\/\/regiaonews.net.br\/2022\/wp-content\/uploads\/2017\/04\/prefeitura-de-barretos.jpg","contentUrl":"https:\/\/regiaonews.net.br\/2022\/wp-content\/uploads\/2017\/04\/prefeitura-de-barretos.jpg","width":620,"height":465},{"@type":"BreadcrumbList","@id":"https:\/\/regiaonews.net.br\/2022\/2023\/11\/24\/barretos-tera-itbi-digital-a-partir-de-dezembro\/#breadcrumb","itemListElement":[{"@type":"ListItem","position":1,"name":"In\u00edcio","item":"https:\/\/regiaonews.net.br\/2022\/"},{"@type":"ListItem","position":2,"name":"Barretos ter\u00e1 ITBI Digital a partir de dezembro"}]},{"@type":"WebSite","@id":"https:\/\/regiaonews.net.br\/2022\/#website","url":"https:\/\/regiaonews.net.br\/2022\/","name":"Regi\u00e3o News","description":"Site de Not\u00edcias de Barretos e regi\u00e3o","publisher":{"@id":"https:\/\/regiaonews.net.br\/2022\/#organization"},"potentialAction":[{"@type":"SearchAction","target":{"@type":"EntryPoint","urlTemplate":"https:\/\/regiaonews.net.br\/2022\/?s={search_term_string}"},"query-input":{"@type":"PropertyValueSpecification","valueRequired":true,"valueName":"search_term_string"}}],"inLanguage":"pt-BR"},{"@type":"Organization","@id":"https:\/\/regiaonews.net.br\/2022\/#organization","name":"Regi\u00e3o News","url":"https:\/\/regiaonews.net.br\/2022\/","logo":{"@type":"ImageObject","inLanguage":"pt-BR","@id":"https:\/\/regiaonews.net.br\/2022\/#\/schema\/logo\/image\/","url":"https:\/\/regiaonews.net.br\/2022\/wp-content\/uploads\/2026\/03\/regiao-13-anos-scaled.jpg","contentUrl":"https:\/\/regiaonews.net.br\/2022\/wp-content\/uploads\/2026\/03\/regiao-13-anos-scaled.jpg","width":2560,"height":635,"caption":"Regi\u00e3o News"},"image":{"@id":"https:\/\/regiaonews.net.br\/2022\/#\/schema\/logo\/image\/"}},{"@type":"Person","@id":"https:\/\/regiaonews.net.br\/2022\/#\/schema\/person\/2d205a608a5aa97ac279d7a5e6d89ad8","name":"Roberto","image":{"@type":"ImageObject","inLanguage":"pt-BR","@id":"https:\/\/secure.gravatar.com\/avatar\/42749d8b712ff9d59ca93dc150494e5b55a44134482993f5baeb97e61b7ecc89?s=96&d=mm&r=g","url":"https:\/\/secure.gravatar.com\/avatar\/42749d8b712ff9d59ca93dc150494e5b55a44134482993f5baeb97e61b7ecc89?s=96&d=mm&r=g","contentUrl":"https:\/\/secure.gravatar.com\/avatar\/42749d8b712ff9d59ca93dc150494e5b55a44134482993f5baeb97e61b7ecc89?s=96&d=mm&r=g","caption":"Roberto"},"url":"https:\/\/regiaonews.net.br\/2022\/author\/roberto\/"}]}},"publishpress_future_action":{"enabled":false,"date":"2026-05-04 08:46:05","action":"change-status","newStatus":"draft","terms":[],"taxonomy":"category","extraData":[]},"publishpress_future_workflow_manual_trigger":{"enabledWorkflows":[]},"_links":{"self":[{"href":"https:\/\/regiaonews.net.br\/2022\/wp-json\/wp\/v2\/posts\/98154","targetHints":{"allow":["GET"]}}],"collection":[{"href":"https:\/\/regiaonews.net.br\/2022\/wp-json\/wp\/v2\/posts"}],"about":[{"href":"https:\/\/regiaonews.net.br\/2022\/wp-json\/wp\/v2\/types\/post"}],"author":[{"embeddable":true,"href":"https:\/\/regiaonews.net.br\/2022\/wp-json\/wp\/v2\/users\/2"}],"replies":[{"embeddable":true,"href":"https:\/\/regiaonews.net.br\/2022\/wp-json\/wp\/v2\/comments?post=98154"}],"version-history":[{"count":1,"href":"https:\/\/regiaonews.net.br\/2022\/wp-json\/wp\/v2\/posts\/98154\/revisions"}],"predecessor-version":[{"id":98155,"href":"https:\/\/regiaonews.net.br\/2022\/wp-json\/wp\/v2\/posts\/98154\/revisions\/98155"}],"wp:featuredmedia":[{"embeddable":true,"href":"https:\/\/regiaonews.net.br\/2022\/wp-json\/wp\/v2\/media\/4396"}],"wp:attachment":[{"href":"https:\/\/regiaonews.net.br\/2022\/wp-json\/wp\/v2\/media?parent=98154"}],"wp:term":[{"taxonomy":"category","embeddable":true,"href":"https:\/\/regiaonews.net.br\/2022\/wp-json\/wp\/v2\/categories?post=98154"},{"taxonomy":"post_tag","embeddable":true,"href":"https:\/\/regiaonews.net.br\/2022\/wp-json\/wp\/v2\/tags?post=98154"}],"curies":[{"name":"wp","href":"https:\/\/api.w.org\/{rel}","templated":true}]}}