{"id":98070,"date":"2023-11-22T13:33:02","date_gmt":"2023-11-22T16:33:02","guid":{"rendered":"https:\/\/regiaonews.net.br\/2022\/?p=98070"},"modified":"2023-11-22T13:33:02","modified_gmt":"2023-11-22T16:33:02","slug":"iguatemi-sao-jose-do-rio-preto-tem-descontos-de-ate-80-para-a-black-friday-2023","status":"publish","type":"post","link":"https:\/\/regiaonews.net.br\/2022\/2023\/11\/22\/iguatemi-sao-jose-do-rio-preto-tem-descontos-de-ate-80-para-a-black-friday-2023\/","title":{"rendered":"Iguatemi S\u00e3o Jos\u00e9 do Rio Preto tem descontos de at\u00e9 80% para a Black Friday 2023"},"content":{"rendered":"<h3 style=\"text-align: center;\">Clientes que aproveitarem as promo\u00e7\u00f5es no empreendimento at\u00e9 dia 26 de novembro receber\u00e3o pontos em dobro no programa de relacionamento Iguatemi ONE.<\/h3>\n<p>S\u00e3o Jos\u00e9 do Rio Preto, novembro de 2023 &#8211; A Black Friday j\u00e1 se consolidou como uma \u00e9poca muito esperada por varejistas e consumidores. A partir desta segunda-feira, 20\/11, lojas de diferentes segmentos como moda, beleza, eletr\u00f4nicos e infantil, do Iguatemi S\u00e3o Jos\u00e9 do Rio Preto, prepararam descontos de at\u00e9 80% em produtos selecionados. Tok&amp;Stok, Lacoste, Pre\u00e7ol\u00e2ndia, Polishop, Ocularium, Murau e Magazine Luiza, entre outras, participam da promo\u00e7\u00e3o.<br \/>\nAl\u00e9m de descontos diferenciados no mix de lojas, o empreendimento preparou iniciativas especiais para o per\u00edodo de Black Friday. O ic\u00f4nico deck da Figueira, por exemplo, recebe o \u2018Bar da Black\u2019, uma instala\u00e7\u00e3o exclusiva onde os clientes poder\u00e3o desfrutar de um chope geladinho. O bar funcionar\u00e1 at\u00e9 o dia 26\/11, de segunda \u00e0 sexta, das 16h \u00e0s 22h, aos s\u00e1bados, das 12h \u00e0s 22h e aos domingos, das 11h \u00e0s 17h.<br \/>\nE tem mais. O shopping vai disponibilizar uma m\u00e1quina de pr\u00eamios na pr\u00f3xima sexta-feira, 24\/11, das 14h \u00e0s 22h, para clientes do Iguatemi ONE tentarem a sorte. Entre os pr\u00eamios oferecidos est\u00e3o pulseiras da Joalheria Costantini, panettones e caixas de bombom da Lindt e camisetas da Pipe Content House. A ativa\u00e7\u00e3o, que acontece no Piso Superior, em frente \u00e0 Ri Happy, contar\u00e1 tamb\u00e9m com a presen\u00e7a de um DJ para animar o evento.<\/p>\n<p>Para tornar a experi\u00eancia de consumo ainda mais completa, os clientes que fizerem suas compras no shopping at\u00e9 do dia 26 de novembro, e cadastrarem suas notas fiscais com CPF no Iguatemi ONE, receber\u00e3o pontua\u00e7\u00e3o em dobro. O programa de relacionamento da companhia proporciona para os seus participantes o acesso a diversos descontos e benef\u00edcios exclusivos, por meio de servi\u00e7os e parceiros em \u00e1reas como moda, gastronomia, wellness, arte e cultura, lifestyle e experi\u00eancias. Para participar, basta fazer o download do aplicativo, dispon\u00edvel nos dispositivos Android e iOS, e escanear uma nota fiscal, com CPF, de qualquer opera\u00e7\u00e3o do empreendimento para ativar o programa.<\/p>\n<p>\u201cA Black Friday j\u00e1 conquistou seu lugar no calend\u00e1rio brasileiro e, sem d\u00favidas, \u00e9 uma das datas mais importantes para o varejo. A cada edi\u00e7\u00e3o, a participa\u00e7\u00e3o de lojistas e clientes da Iguatemi tem crescido e nossas expectativas para 2023 s\u00e3o bem positivas. Este ano, refor\u00e7ando ainda mais nosso posicionamento omnichannel, vamos oferecer pontos em dobro no Iguatemi ONE, com o objetivo de criar maior engajamento e incentivo para que nossos clientes aproveitem ainda mais os descontos em nossos shoppings\u201d, afirma Alexandre Biancamano, diretor de marketing da Iguatemi.<\/p>\n<p>Para mais informa\u00e7\u00f5es, basta acessar o https:\/\/iguatemi.com.br\/saojosedoriopreto\/<\/p>\n<p>Al\u00e9m da experi\u00eancia da compra f\u00edsica, os clientes tamb\u00e9m podem aproveitar as promo\u00e7\u00f5es do e-commerce Iguatemi 365. O marketplace est\u00e1 oferecendo descontos especiais de at\u00e9 90% em itens selecionados de marcas como Polo Ralph Lauren, Mansur Gavriel, Bonpoint, Diane von Furstenberg, Ganni, Love Shack Fancy, Nannacay, Muzungu Sisters, Saloni London, Gia Borghini, Larroud\u00e9, entre outras. Al\u00e9m disso, entre os dias 24 e 27 de novembro ir\u00e1 oferecer frete gr\u00e1tis nas compras acima de R$1.000,00, com entregas para todo o Brasil. Para conferir, basta acessar o site https:\/\/www.iguatemi365.com\/blackfriday<\/p>\n<p>Sobre o Iguatemi S\u00e3o Jos\u00e9 do Rio Preto<br \/>\nConsiderado o primeiro e maior complexo multiuso do Noroeste Paulista, o Iguatemi S\u00e3o Jos\u00e9 do Rio Preto pertence \u00e0 Iguatemi S.A, carrega a excel\u00eancia e pioneirismo da marca em seu DNA. O empreendimento re\u00fane moda, arte, cultura, gastronomia, entretenimento, lazer, servi\u00e7os exclusivos, e conta com o hotel Hyatt Place, uma torre comercial (Iguatemi Business) e o residencial Integrado. Com um ambiente agrad\u00e1vel e aconchegante, pensado para proporcionar experi\u00eancias \u00fanicas e exclusivas, o Iguatemi S\u00e3o Jos\u00e9 do Rio Preto oferece um mix diversificado com marcas conceituadas do varejo nacional e internacional, entretenimento exclusivo e restaurantes renomados que o consolidaram como o principal polo gastron\u00f4mico da regi\u00e3o. Mais informa\u00e7\u00f5es: https:\/\/iguatemi.com.br\/saojosedoriopreto\/<\/p>\n<p>iguatemisaojosedoriopreto@fsb.com.br<\/p>\n","protected":false},"excerpt":{"rendered":"<p>Clientes que aproveitarem as promo\u00e7\u00f5es no empreendimento at\u00e9 dia 26<\/p>\n","protected":false},"author":2,"featured_media":98071,"comment_status":"open","ping_status":"open","sticky":false,"template":"","format":"standard","meta":{"footnotes":""},"categories":[3,38],"tags":[],"class_list":["post-98070","post","type-post","status-publish","format-standard","has-post-thumbnail","hentry","category-geral","category-sao-jose-do-rio-preto"],"yoast_head":"<!-- This site is optimized with the Yoast SEO plugin v27.4 - https:\/\/yoast.com\/product\/yoast-seo-wordpress\/ -->\n<title>Iguatemi S\u00e3o Jos\u00e9 do Rio Preto tem descontos de at\u00e9 80% para a Black Friday 2023 - Regi\u00e3o News<\/title>\n<meta name=\"robots\" content=\"index, follow, max-snippet:-1, max-image-preview:large, max-video-preview:-1\" \/>\n<link rel=\"canonical\" href=\"https:\/\/regiaonews.net.br\/2022\/2023\/11\/22\/iguatemi-sao-jose-do-rio-preto-tem-descontos-de-ate-80-para-a-black-friday-2023\/\" \/>\n<meta property=\"og:locale\" content=\"pt_BR\" \/>\n<meta property=\"og:type\" content=\"article\" \/>\n<meta property=\"og:title\" content=\"Iguatemi S\u00e3o Jos\u00e9 do Rio Preto tem descontos de at\u00e9 80% para a Black Friday 2023 - Regi\u00e3o News\" \/>\n<meta property=\"og:description\" content=\"Clientes que aproveitarem as promo\u00e7\u00f5es no empreendimento at\u00e9 dia 26\" \/>\n<meta property=\"og:url\" content=\"https:\/\/regiaonews.net.br\/2022\/2023\/11\/22\/iguatemi-sao-jose-do-rio-preto-tem-descontos-de-ate-80-para-a-black-friday-2023\/\" \/>\n<meta property=\"og:site_name\" content=\"Regi\u00e3o News\" \/>\n<meta property=\"article:published_time\" content=\"2023-11-22T16:33:02+00:00\" \/>\n<meta property=\"og:image\" content=\"https:\/\/regiaonews.net.br\/2022\/wp-content\/uploads\/2023\/11\/Imagem-do-WhatsApp-de-2023-11-22-as-10.10.51_4f6bad7e.jpg\" \/>\n\t<meta property=\"og:image:width\" content=\"761\" \/>\n\t<meta property=\"og:image:height\" content=\"1024\" \/>\n\t<meta property=\"og:image:type\" content=\"image\/jpeg\" \/>\n<meta name=\"author\" content=\"Roberto\" \/>\n<meta name=\"twitter:card\" content=\"summary_large_image\" \/>\n<meta name=\"twitter:label1\" content=\"Escrito por\" \/>\n\t<meta name=\"twitter:data1\" content=\"Roberto\" \/>\n\t<meta name=\"twitter:label2\" content=\"Est. tempo de leitura\" \/>\n\t<meta name=\"twitter:data2\" content=\"4 minutos\" \/>\n<script type=\"application\/ld+json\" class=\"yoast-schema-graph\">{\"@context\":\"https:\\\/\\\/schema.org\",\"@graph\":[{\"@type\":\"Article\",\"@id\":\"https:\\\/\\\/regiaonews.net.br\\\/2022\\\/2023\\\/11\\\/22\\\/iguatemi-sao-jose-do-rio-preto-tem-descontos-de-ate-80-para-a-black-friday-2023\\\/#article\",\"isPartOf\":{\"@id\":\"https:\\\/\\\/regiaonews.net.br\\\/2022\\\/2023\\\/11\\\/22\\\/iguatemi-sao-jose-do-rio-preto-tem-descontos-de-ate-80-para-a-black-friday-2023\\\/\"},\"author\":{\"name\":\"Roberto\",\"@id\":\"https:\\\/\\\/regiaonews.net.br\\\/2022\\\/#\\\/schema\\\/person\\\/2d205a608a5aa97ac279d7a5e6d89ad8\"},\"headline\":\"Iguatemi S\u00e3o Jos\u00e9 do Rio Preto tem descontos de at\u00e9 80% para a Black Friday 2023\",\"datePublished\":\"2023-11-22T16:33:02+00:00\",\"mainEntityOfPage\":{\"@id\":\"https:\\\/\\\/regiaonews.net.br\\\/2022\\\/2023\\\/11\\\/22\\\/iguatemi-sao-jose-do-rio-preto-tem-descontos-de-ate-80-para-a-black-friday-2023\\\/\"},\"wordCount\":709,\"commentCount\":0,\"publisher\":{\"@id\":\"https:\\\/\\\/regiaonews.net.br\\\/2022\\\/#organization\"},\"image\":{\"@id\":\"https:\\\/\\\/regiaonews.net.br\\\/2022\\\/2023\\\/11\\\/22\\\/iguatemi-sao-jose-do-rio-preto-tem-descontos-de-ate-80-para-a-black-friday-2023\\\/#primaryimage\"},\"thumbnailUrl\":\"https:\\\/\\\/regiaonews.net.br\\\/2022\\\/wp-content\\\/uploads\\\/2023\\\/11\\\/Imagem-do-WhatsApp-de-2023-11-22-as-10.10.51_4f6bad7e.jpg\",\"articleSection\":[\"Geral\",\"S\u00e3o Jos\u00e9 do RIo Preto\"],\"inLanguage\":\"pt-BR\",\"potentialAction\":[{\"@type\":\"CommentAction\",\"name\":\"Comment\",\"target\":[\"https:\\\/\\\/regiaonews.net.br\\\/2022\\\/2023\\\/11\\\/22\\\/iguatemi-sao-jose-do-rio-preto-tem-descontos-de-ate-80-para-a-black-friday-2023\\\/#respond\"]}]},{\"@type\":\"WebPage\",\"@id\":\"https:\\\/\\\/regiaonews.net.br\\\/2022\\\/2023\\\/11\\\/22\\\/iguatemi-sao-jose-do-rio-preto-tem-descontos-de-ate-80-para-a-black-friday-2023\\\/\",\"url\":\"https:\\\/\\\/regiaonews.net.br\\\/2022\\\/2023\\\/11\\\/22\\\/iguatemi-sao-jose-do-rio-preto-tem-descontos-de-ate-80-para-a-black-friday-2023\\\/\",\"name\":\"Iguatemi S\u00e3o Jos\u00e9 do Rio Preto tem descontos de at\u00e9 80% para a Black Friday 2023 - Regi\u00e3o News\",\"isPartOf\":{\"@id\":\"https:\\\/\\\/regiaonews.net.br\\\/2022\\\/#website\"},\"primaryImageOfPage\":{\"@id\":\"https:\\\/\\\/regiaonews.net.br\\\/2022\\\/2023\\\/11\\\/22\\\/iguatemi-sao-jose-do-rio-preto-tem-descontos-de-ate-80-para-a-black-friday-2023\\\/#primaryimage\"},\"image\":{\"@id\":\"https:\\\/\\\/regiaonews.net.br\\\/2022\\\/2023\\\/11\\\/22\\\/iguatemi-sao-jose-do-rio-preto-tem-descontos-de-ate-80-para-a-black-friday-2023\\\/#primaryimage\"},\"thumbnailUrl\":\"https:\\\/\\\/regiaonews.net.br\\\/2022\\\/wp-content\\\/uploads\\\/2023\\\/11\\\/Imagem-do-WhatsApp-de-2023-11-22-as-10.10.51_4f6bad7e.jpg\",\"datePublished\":\"2023-11-22T16:33:02+00:00\",\"breadcrumb\":{\"@id\":\"https:\\\/\\\/regiaonews.net.br\\\/2022\\\/2023\\\/11\\\/22\\\/iguatemi-sao-jose-do-rio-preto-tem-descontos-de-ate-80-para-a-black-friday-2023\\\/#breadcrumb\"},\"inLanguage\":\"pt-BR\",\"potentialAction\":[{\"@type\":\"ReadAction\",\"target\":[\"https:\\\/\\\/regiaonews.net.br\\\/2022\\\/2023\\\/11\\\/22\\\/iguatemi-sao-jose-do-rio-preto-tem-descontos-de-ate-80-para-a-black-friday-2023\\\/\"]}]},{\"@type\":\"ImageObject\",\"inLanguage\":\"pt-BR\",\"@id\":\"https:\\\/\\\/regiaonews.net.br\\\/2022\\\/2023\\\/11\\\/22\\\/iguatemi-sao-jose-do-rio-preto-tem-descontos-de-ate-80-para-a-black-friday-2023\\\/#primaryimage\",\"url\":\"https:\\\/\\\/regiaonews.net.br\\\/2022\\\/wp-content\\\/uploads\\\/2023\\\/11\\\/Imagem-do-WhatsApp-de-2023-11-22-as-10.10.51_4f6bad7e.jpg\",\"contentUrl\":\"https:\\\/\\\/regiaonews.net.br\\\/2022\\\/wp-content\\\/uploads\\\/2023\\\/11\\\/Imagem-do-WhatsApp-de-2023-11-22-as-10.10.51_4f6bad7e.jpg\",\"width\":761,\"height\":1024},{\"@type\":\"BreadcrumbList\",\"@id\":\"https:\\\/\\\/regiaonews.net.br\\\/2022\\\/2023\\\/11\\\/22\\\/iguatemi-sao-jose-do-rio-preto-tem-descontos-de-ate-80-para-a-black-friday-2023\\\/#breadcrumb\",\"itemListElement\":[{\"@type\":\"ListItem\",\"position\":1,\"name\":\"In\u00edcio\",\"item\":\"https:\\\/\\\/regiaonews.net.br\\\/2022\\\/\"},{\"@type\":\"ListItem\",\"position\":2,\"name\":\"Iguatemi S\u00e3o Jos\u00e9 do Rio Preto tem descontos de at\u00e9 80% para a Black Friday 2023\"}]},{\"@type\":\"WebSite\",\"@id\":\"https:\\\/\\\/regiaonews.net.br\\\/2022\\\/#website\",\"url\":\"https:\\\/\\\/regiaonews.net.br\\\/2022\\\/\",\"name\":\"Regi\u00e3o News\",\"description\":\"Site de Not\u00edcias de Barretos e regi\u00e3o\",\"publisher\":{\"@id\":\"https:\\\/\\\/regiaonews.net.br\\\/2022\\\/#organization\"},\"potentialAction\":[{\"@type\":\"SearchAction\",\"target\":{\"@type\":\"EntryPoint\",\"urlTemplate\":\"https:\\\/\\\/regiaonews.net.br\\\/2022\\\/?s={search_term_string}\"},\"query-input\":{\"@type\":\"PropertyValueSpecification\",\"valueRequired\":true,\"valueName\":\"search_term_string\"}}],\"inLanguage\":\"pt-BR\"},{\"@type\":\"Organization\",\"@id\":\"https:\\\/\\\/regiaonews.net.br\\\/2022\\\/#organization\",\"name\":\"Regi\u00e3o News\",\"url\":\"https:\\\/\\\/regiaonews.net.br\\\/2022\\\/\",\"logo\":{\"@type\":\"ImageObject\",\"inLanguage\":\"pt-BR\",\"@id\":\"https:\\\/\\\/regiaonews.net.br\\\/2022\\\/#\\\/schema\\\/logo\\\/image\\\/\",\"url\":\"https:\\\/\\\/regiaonews.net.br\\\/2022\\\/wp-content\\\/uploads\\\/2026\\\/03\\\/regiao-13-anos-scaled.jpg\",\"contentUrl\":\"https:\\\/\\\/regiaonews.net.br\\\/2022\\\/wp-content\\\/uploads\\\/2026\\\/03\\\/regiao-13-anos-scaled.jpg\",\"width\":2560,\"height\":635,\"caption\":\"Regi\u00e3o News\"},\"image\":{\"@id\":\"https:\\\/\\\/regiaonews.net.br\\\/2022\\\/#\\\/schema\\\/logo\\\/image\\\/\"}},{\"@type\":\"Person\",\"@id\":\"https:\\\/\\\/regiaonews.net.br\\\/2022\\\/#\\\/schema\\\/person\\\/2d205a608a5aa97ac279d7a5e6d89ad8\",\"name\":\"Roberto\",\"image\":{\"@type\":\"ImageObject\",\"inLanguage\":\"pt-BR\",\"@id\":\"https:\\\/\\\/secure.gravatar.com\\\/avatar\\\/42749d8b712ff9d59ca93dc150494e5b55a44134482993f5baeb97e61b7ecc89?s=96&d=mm&r=g\",\"url\":\"https:\\\/\\\/secure.gravatar.com\\\/avatar\\\/42749d8b712ff9d59ca93dc150494e5b55a44134482993f5baeb97e61b7ecc89?s=96&d=mm&r=g\",\"contentUrl\":\"https:\\\/\\\/secure.gravatar.com\\\/avatar\\\/42749d8b712ff9d59ca93dc150494e5b55a44134482993f5baeb97e61b7ecc89?s=96&d=mm&r=g\",\"caption\":\"Roberto\"},\"url\":\"https:\\\/\\\/regiaonews.net.br\\\/2022\\\/author\\\/roberto\\\/\"}]}<\/script>\n<!-- \/ Yoast SEO plugin. -->","yoast_head_json":{"title":"Iguatemi S\u00e3o Jos\u00e9 do Rio Preto tem descontos de at\u00e9 80% para a Black Friday 2023 - Regi\u00e3o News","robots":{"index":"index","follow":"follow","max-snippet":"max-snippet:-1","max-image-preview":"max-image-preview:large","max-video-preview":"max-video-preview:-1"},"canonical":"https:\/\/regiaonews.net.br\/2022\/2023\/11\/22\/iguatemi-sao-jose-do-rio-preto-tem-descontos-de-ate-80-para-a-black-friday-2023\/","og_locale":"pt_BR","og_type":"article","og_title":"Iguatemi S\u00e3o Jos\u00e9 do Rio Preto tem descontos de at\u00e9 80% para a Black Friday 2023 - Regi\u00e3o News","og_description":"Clientes que aproveitarem as promo\u00e7\u00f5es no empreendimento at\u00e9 dia 26","og_url":"https:\/\/regiaonews.net.br\/2022\/2023\/11\/22\/iguatemi-sao-jose-do-rio-preto-tem-descontos-de-ate-80-para-a-black-friday-2023\/","og_site_name":"Regi\u00e3o News","article_published_time":"2023-11-22T16:33:02+00:00","og_image":[{"width":761,"height":1024,"url":"https:\/\/regiaonews.net.br\/2022\/wp-content\/uploads\/2023\/11\/Imagem-do-WhatsApp-de-2023-11-22-as-10.10.51_4f6bad7e.jpg","type":"image\/jpeg"}],"author":"Roberto","twitter_card":"summary_large_image","twitter_misc":{"Escrito por":"Roberto","Est. tempo de leitura":"4 minutos"},"schema":{"@context":"https:\/\/schema.org","@graph":[{"@type":"Article","@id":"https:\/\/regiaonews.net.br\/2022\/2023\/11\/22\/iguatemi-sao-jose-do-rio-preto-tem-descontos-de-ate-80-para-a-black-friday-2023\/#article","isPartOf":{"@id":"https:\/\/regiaonews.net.br\/2022\/2023\/11\/22\/iguatemi-sao-jose-do-rio-preto-tem-descontos-de-ate-80-para-a-black-friday-2023\/"},"author":{"name":"Roberto","@id":"https:\/\/regiaonews.net.br\/2022\/#\/schema\/person\/2d205a608a5aa97ac279d7a5e6d89ad8"},"headline":"Iguatemi S\u00e3o Jos\u00e9 do Rio Preto tem descontos de at\u00e9 80% para a Black Friday 2023","datePublished":"2023-11-22T16:33:02+00:00","mainEntityOfPage":{"@id":"https:\/\/regiaonews.net.br\/2022\/2023\/11\/22\/iguatemi-sao-jose-do-rio-preto-tem-descontos-de-ate-80-para-a-black-friday-2023\/"},"wordCount":709,"commentCount":0,"publisher":{"@id":"https:\/\/regiaonews.net.br\/2022\/#organization"},"image":{"@id":"https:\/\/regiaonews.net.br\/2022\/2023\/11\/22\/iguatemi-sao-jose-do-rio-preto-tem-descontos-de-ate-80-para-a-black-friday-2023\/#primaryimage"},"thumbnailUrl":"https:\/\/regiaonews.net.br\/2022\/wp-content\/uploads\/2023\/11\/Imagem-do-WhatsApp-de-2023-11-22-as-10.10.51_4f6bad7e.jpg","articleSection":["Geral","S\u00e3o Jos\u00e9 do RIo Preto"],"inLanguage":"pt-BR","potentialAction":[{"@type":"CommentAction","name":"Comment","target":["https:\/\/regiaonews.net.br\/2022\/2023\/11\/22\/iguatemi-sao-jose-do-rio-preto-tem-descontos-de-ate-80-para-a-black-friday-2023\/#respond"]}]},{"@type":"WebPage","@id":"https:\/\/regiaonews.net.br\/2022\/2023\/11\/22\/iguatemi-sao-jose-do-rio-preto-tem-descontos-de-ate-80-para-a-black-friday-2023\/","url":"https:\/\/regiaonews.net.br\/2022\/2023\/11\/22\/iguatemi-sao-jose-do-rio-preto-tem-descontos-de-ate-80-para-a-black-friday-2023\/","name":"Iguatemi S\u00e3o Jos\u00e9 do Rio Preto tem descontos de at\u00e9 80% para a Black Friday 2023 - Regi\u00e3o News","isPartOf":{"@id":"https:\/\/regiaonews.net.br\/2022\/#website"},"primaryImageOfPage":{"@id":"https:\/\/regiaonews.net.br\/2022\/2023\/11\/22\/iguatemi-sao-jose-do-rio-preto-tem-descontos-de-ate-80-para-a-black-friday-2023\/#primaryimage"},"image":{"@id":"https:\/\/regiaonews.net.br\/2022\/2023\/11\/22\/iguatemi-sao-jose-do-rio-preto-tem-descontos-de-ate-80-para-a-black-friday-2023\/#primaryimage"},"thumbnailUrl":"https:\/\/regiaonews.net.br\/2022\/wp-content\/uploads\/2023\/11\/Imagem-do-WhatsApp-de-2023-11-22-as-10.10.51_4f6bad7e.jpg","datePublished":"2023-11-22T16:33:02+00:00","breadcrumb":{"@id":"https:\/\/regiaonews.net.br\/2022\/2023\/11\/22\/iguatemi-sao-jose-do-rio-preto-tem-descontos-de-ate-80-para-a-black-friday-2023\/#breadcrumb"},"inLanguage":"pt-BR","potentialAction":[{"@type":"ReadAction","target":["https:\/\/regiaonews.net.br\/2022\/2023\/11\/22\/iguatemi-sao-jose-do-rio-preto-tem-descontos-de-ate-80-para-a-black-friday-2023\/"]}]},{"@type":"ImageObject","inLanguage":"pt-BR","@id":"https:\/\/regiaonews.net.br\/2022\/2023\/11\/22\/iguatemi-sao-jose-do-rio-preto-tem-descontos-de-ate-80-para-a-black-friday-2023\/#primaryimage","url":"https:\/\/regiaonews.net.br\/2022\/wp-content\/uploads\/2023\/11\/Imagem-do-WhatsApp-de-2023-11-22-as-10.10.51_4f6bad7e.jpg","contentUrl":"https:\/\/regiaonews.net.br\/2022\/wp-content\/uploads\/2023\/11\/Imagem-do-WhatsApp-de-2023-11-22-as-10.10.51_4f6bad7e.jpg","width":761,"height":1024},{"@type":"BreadcrumbList","@id":"https:\/\/regiaonews.net.br\/2022\/2023\/11\/22\/iguatemi-sao-jose-do-rio-preto-tem-descontos-de-ate-80-para-a-black-friday-2023\/#breadcrumb","itemListElement":[{"@type":"ListItem","position":1,"name":"In\u00edcio","item":"https:\/\/regiaonews.net.br\/2022\/"},{"@type":"ListItem","position":2,"name":"Iguatemi S\u00e3o Jos\u00e9 do Rio Preto tem descontos de at\u00e9 80% para a Black Friday 2023"}]},{"@type":"WebSite","@id":"https:\/\/regiaonews.net.br\/2022\/#website","url":"https:\/\/regiaonews.net.br\/2022\/","name":"Regi\u00e3o News","description":"Site de Not\u00edcias de Barretos e regi\u00e3o","publisher":{"@id":"https:\/\/regiaonews.net.br\/2022\/#organization"},"potentialAction":[{"@type":"SearchAction","target":{"@type":"EntryPoint","urlTemplate":"https:\/\/regiaonews.net.br\/2022\/?s={search_term_string}"},"query-input":{"@type":"PropertyValueSpecification","valueRequired":true,"valueName":"search_term_string"}}],"inLanguage":"pt-BR"},{"@type":"Organization","@id":"https:\/\/regiaonews.net.br\/2022\/#organization","name":"Regi\u00e3o News","url":"https:\/\/regiaonews.net.br\/2022\/","logo":{"@type":"ImageObject","inLanguage":"pt-BR","@id":"https:\/\/regiaonews.net.br\/2022\/#\/schema\/logo\/image\/","url":"https:\/\/regiaonews.net.br\/2022\/wp-content\/uploads\/2026\/03\/regiao-13-anos-scaled.jpg","contentUrl":"https:\/\/regiaonews.net.br\/2022\/wp-content\/uploads\/2026\/03\/regiao-13-anos-scaled.jpg","width":2560,"height":635,"caption":"Regi\u00e3o News"},"image":{"@id":"https:\/\/regiaonews.net.br\/2022\/#\/schema\/logo\/image\/"}},{"@type":"Person","@id":"https:\/\/regiaonews.net.br\/2022\/#\/schema\/person\/2d205a608a5aa97ac279d7a5e6d89ad8","name":"Roberto","image":{"@type":"ImageObject","inLanguage":"pt-BR","@id":"https:\/\/secure.gravatar.com\/avatar\/42749d8b712ff9d59ca93dc150494e5b55a44134482993f5baeb97e61b7ecc89?s=96&d=mm&r=g","url":"https:\/\/secure.gravatar.com\/avatar\/42749d8b712ff9d59ca93dc150494e5b55a44134482993f5baeb97e61b7ecc89?s=96&d=mm&r=g","contentUrl":"https:\/\/secure.gravatar.com\/avatar\/42749d8b712ff9d59ca93dc150494e5b55a44134482993f5baeb97e61b7ecc89?s=96&d=mm&r=g","caption":"Roberto"},"url":"https:\/\/regiaonews.net.br\/2022\/author\/roberto\/"}]}},"publishpress_future_action":{"enabled":false,"date":"2026-05-03 03:44:00","action":"change-status","newStatus":"draft","terms":[],"taxonomy":"category","extraData":[]},"publishpress_future_workflow_manual_trigger":{"enabledWorkflows":[]},"_links":{"self":[{"href":"https:\/\/regiaonews.net.br\/2022\/wp-json\/wp\/v2\/posts\/98070","targetHints":{"allow":["GET"]}}],"collection":[{"href":"https:\/\/regiaonews.net.br\/2022\/wp-json\/wp\/v2\/posts"}],"about":[{"href":"https:\/\/regiaonews.net.br\/2022\/wp-json\/wp\/v2\/types\/post"}],"author":[{"embeddable":true,"href":"https:\/\/regiaonews.net.br\/2022\/wp-json\/wp\/v2\/users\/2"}],"replies":[{"embeddable":true,"href":"https:\/\/regiaonews.net.br\/2022\/wp-json\/wp\/v2\/comments?post=98070"}],"version-history":[{"count":2,"href":"https:\/\/regiaonews.net.br\/2022\/wp-json\/wp\/v2\/posts\/98070\/revisions"}],"predecessor-version":[{"id":98106,"href":"https:\/\/regiaonews.net.br\/2022\/wp-json\/wp\/v2\/posts\/98070\/revisions\/98106"}],"wp:featuredmedia":[{"embeddable":true,"href":"https:\/\/regiaonews.net.br\/2022\/wp-json\/wp\/v2\/media\/98071"}],"wp:attachment":[{"href":"https:\/\/regiaonews.net.br\/2022\/wp-json\/wp\/v2\/media?parent=98070"}],"wp:term":[{"taxonomy":"category","embeddable":true,"href":"https:\/\/regiaonews.net.br\/2022\/wp-json\/wp\/v2\/categories?post=98070"},{"taxonomy":"post_tag","embeddable":true,"href":"https:\/\/regiaonews.net.br\/2022\/wp-json\/wp\/v2\/tags?post=98070"}],"curies":[{"name":"wp","href":"https:\/\/api.w.org\/{rel}","templated":true}]}}