{"id":98048,"date":"2023-11-21T21:28:17","date_gmt":"2023-11-22T00:28:17","guid":{"rendered":"https:\/\/regiaonews.net.br\/2022\/?p=98048"},"modified":"2023-11-21T22:59:32","modified_gmt":"2023-11-22T01:59:32","slug":"camara-divulga-nota-de-pesar-pelo-falecimento-do-escritor-merenda","status":"publish","type":"post","link":"https:\/\/regiaonews.net.br\/2022\/2023\/11\/21\/camara-divulga-nota-de-pesar-pelo-falecimento-do-escritor-merenda\/","title":{"rendered":"C\u00e2mara divulga nota de pesar pelo falecimento do escritor Merenda"},"content":{"rendered":"<p>A C\u00e2mara Municipal de Barretos recebeu com pesar a not\u00edcia do falecimento do ator, dramaturgo, escritor e membro da ABC (Academia Barretense de Cultura), Jos\u00e9<strong> Ant\u00f4nio Merenda<\/strong>, no in\u00edcio da noite desta ter\u00e7a-feira, 21 de novembro.<\/p>\n<p>Merenda foi homenageado pela C\u00e2mara em duas oportunidades. recebeu o <strong>T\u00edtulo de Cidad\u00e3o Benem\u00e9rito<\/strong> de Barretos em 2003, proposto pela ex-vereadora Maria Augusta Lopes Vilarinho; e foi o primeiro homenageado com a <strong>Medalha de Ordem do M\u00e9rito Cultural \u201cLuiz Carlos Arutin<\/strong>, em 2014, honraria destinada aos propagadores da cultura local.<\/p>\n<p>Bastante ass\u00edduo nas Sess\u00f5es Solenes da Casa, Merenda fazia quest\u00e3o de subir \u00e0 tribuna para discursar em homenagem aos amigos e \u00e0s personalidades ligadas \u00e0 cultura e as artes, bem como para compartilhar o legado deixado por outros grandes nomes da cultura barretense, como <strong>Jorge Andrade e Luiz Carlos Arutin<\/strong>.<\/p>\n<p>A \u00faltima participa\u00e7\u00e3o foi em 25 de outubro, na solenidade aos apoiadores da Cultura, onde discursou para homenagear Ronaldo Marques e Ana Maria Mariano. ASSISTA: https:\/\/youtu.be\/hE4TIhW69FA?t=2524<\/p>\n<p>\u201cEm nome de todos os vereadores, assessores e servidores da C\u00e2mara, externo aqui toda a nossa tristeza pelo falecimento do Merenda. Um homem \u00edntegro, inteligente, agrad\u00e1vel, que ajudou por tanto tempo a construir e a preservar a Cultura de Barretos. Com certeza \u00e9 uma grande perda pra cidade. Far\u00e1 muita falta. Nossos mais sinceros sentimentos \u00e0 toda fam\u00edlia\u201d. &#8211; cita o Presidente da C\u00e2mara, Lu\u00eds Paulo Vieira \u201cLupa\u201d<\/p>\n<p>Biografia<\/p>\n<p>Jos\u00e9 Antonio Merenda nasceu em Barretos no dia 12 de abril de 1956. Fez o curso prim\u00e1rio no Sesi (1963-1967) e o ginasial e colegial na Escola M\u00e1rio Vieira Marcondes (1968-1974). Cursou T\u00e9cnico em Contabilidade no antigo Col\u00e9gio Ateneu (1973-75) e Licenciatura em Hist\u00f3ria na Faculdade Barretos (2010-2011). Era aposentado do banco Caixa Econ\u00f4mica Federal, onde trabalhou por mais de 30 anos.<\/p>\n<p>Na \u00e1rea art\u00edstica e cultural, fundou o Grupo Teatral \u201cAmor \u00e0 Arte\u201d (1979), a Associa\u00e7\u00e3o Barretense de Folclore (1979) , a UNIART &#8211; Uni\u00e3o dos Artistas Barretenses) (1981) e o Instituto Cultural \u201cJo\u00e3o Falc\u00e3o\u201d (1996).<\/p>\n<p>Foi membro do FETAVARIG &#8211; Federa\u00e7\u00e3o de Teatro Amador do Vale do Rio Grande (1974-1978), da COTAESP &#8211; Confedera\u00e7\u00e3o de Teatro Amador do Estado de S\u00e3o Paulo (1978) e da ABC &#8211; Academia Barretense de Cultura (de 1996 a 2023) chegando a presidir a entidade por quatro mandatos.<\/p>\n<p>Participou de pelo menos 30 pe\u00e7as de teatro como ator, diretor ou dramaturgo desde a d\u00e9cada de 1970. Escreveu centenas de artigos para os jornais \u201cO Di\u00e1rio\u201d e \u201cJornal de Barretos\u201d e recentemente, no dia 10 de novembro, lan\u00e7ou o livro \u201cAntologia de Artigos\u201d, como parte dos 40 anos da ABC.<\/p>\n<p>Merenda tinha 67 anos e lutava contra um c\u00e2ncer. Ele deixa a esposa Cacilda, o filho Jo\u00e3o Victor Bevilacqua e o enteado Tiago de Souza Santos. Merenda j\u00e1 havia perdido uma filha, Izadora Bevilacqua, em 2012.<\/p>\n<p>Participa\u00e7\u00e3o<\/p>\n<p>A \u00faltima participa\u00e7\u00e3o foi em 25 de outubro, na solenidade aos apoiadores da Cultura, onde discursou para homenagear Ronaldo Marques e Ana Maria Mariano. ASSISTA: https:\/\/youtu.be\/hE4TIhW69FA?t=2524<\/p>\n","protected":false},"excerpt":{"rendered":"<p>A C\u00e2mara Municipal de Barretos recebeu com pesar a not\u00edcia<\/p>\n","protected":false},"author":2,"featured_media":98049,"comment_status":"open","ping_status":"open","sticky":false,"template":"","format":"standard","meta":{"footnotes":""},"categories":[14,25,88],"tags":[],"class_list":["post-98048","post","type-post","status-publish","format-standard","has-post-thumbnail","hentry","category-barretos","category-cidades","category-falecimento"],"yoast_head":"<!-- This site is optimized with the Yoast SEO plugin v27.4 - https:\/\/yoast.com\/product\/yoast-seo-wordpress\/ -->\n<title>C\u00e2mara divulga nota de pesar pelo falecimento do escritor<\/title>\n<meta name=\"description\" content=\"C\u00e2mara Municipal de Barretos recebeu com pesar a not\u00edcia do falecimento do ator, dramaturgo, escritor e membro da\" \/>\n<meta name=\"robots\" content=\"index, follow, max-snippet:-1, max-image-preview:large, max-video-preview:-1\" \/>\n<link rel=\"canonical\" href=\"https:\/\/regiaonews.net.br\/2022\/2023\/11\/21\/camara-divulga-nota-de-pesar-pelo-falecimento-do-escritor-merenda\/\" \/>\n<meta property=\"og:locale\" content=\"pt_BR\" \/>\n<meta property=\"og:type\" content=\"article\" \/>\n<meta property=\"og:title\" content=\"C\u00e2mara divulga nota de pesar pelo falecimento do escritor\" \/>\n<meta property=\"og:description\" content=\"C\u00e2mara Municipal de Barretos recebeu com pesar a not\u00edcia do falecimento do ator, dramaturgo, escritor e membro da\" \/>\n<meta property=\"og:url\" content=\"https:\/\/regiaonews.net.br\/2022\/2023\/11\/21\/camara-divulga-nota-de-pesar-pelo-falecimento-do-escritor-merenda\/\" \/>\n<meta property=\"og:site_name\" content=\"Regi\u00e3o News\" \/>\n<meta property=\"article:published_time\" content=\"2023-11-22T00:28:17+00:00\" \/>\n<meta property=\"article:modified_time\" content=\"2023-11-22T01:59:32+00:00\" \/>\n<meta property=\"og:image\" content=\"https:\/\/regiaonews.net.br\/2022\/wp-content\/uploads\/2023\/11\/IMG-20231121-WA0519.jpg\" \/>\n\t<meta property=\"og:image:width\" content=\"1280\" \/>\n\t<meta property=\"og:image:height\" content=\"1025\" \/>\n\t<meta property=\"og:image:type\" content=\"image\/jpeg\" \/>\n<meta name=\"author\" content=\"Roberto\" \/>\n<meta name=\"twitter:card\" content=\"summary_large_image\" \/>\n<meta name=\"twitter:label1\" content=\"Escrito por\" \/>\n\t<meta name=\"twitter:data1\" content=\"Roberto\" \/>\n\t<meta name=\"twitter:label2\" content=\"Est. tempo de leitura\" \/>\n\t<meta name=\"twitter:data2\" content=\"3 minutos\" \/>\n<script type=\"application\/ld+json\" class=\"yoast-schema-graph\">{\"@context\":\"https:\\\/\\\/schema.org\",\"@graph\":[{\"@type\":\"Article\",\"@id\":\"https:\\\/\\\/regiaonews.net.br\\\/2022\\\/2023\\\/11\\\/21\\\/camara-divulga-nota-de-pesar-pelo-falecimento-do-escritor-merenda\\\/#article\",\"isPartOf\":{\"@id\":\"https:\\\/\\\/regiaonews.net.br\\\/2022\\\/2023\\\/11\\\/21\\\/camara-divulga-nota-de-pesar-pelo-falecimento-do-escritor-merenda\\\/\"},\"author\":{\"name\":\"Roberto\",\"@id\":\"https:\\\/\\\/regiaonews.net.br\\\/2022\\\/#\\\/schema\\\/person\\\/2d205a608a5aa97ac279d7a5e6d89ad8\"},\"headline\":\"C\u00e2mara divulga nota de pesar pelo falecimento do escritor Merenda\",\"datePublished\":\"2023-11-22T00:28:17+00:00\",\"dateModified\":\"2023-11-22T01:59:32+00:00\",\"mainEntityOfPage\":{\"@id\":\"https:\\\/\\\/regiaonews.net.br\\\/2022\\\/2023\\\/11\\\/21\\\/camara-divulga-nota-de-pesar-pelo-falecimento-do-escritor-merenda\\\/\"},\"wordCount\":527,\"commentCount\":0,\"publisher\":{\"@id\":\"https:\\\/\\\/regiaonews.net.br\\\/2022\\\/#organization\"},\"image\":{\"@id\":\"https:\\\/\\\/regiaonews.net.br\\\/2022\\\/2023\\\/11\\\/21\\\/camara-divulga-nota-de-pesar-pelo-falecimento-do-escritor-merenda\\\/#primaryimage\"},\"thumbnailUrl\":\"https:\\\/\\\/regiaonews.net.br\\\/2022\\\/wp-content\\\/uploads\\\/2023\\\/11\\\/IMG-20231121-WA0519.jpg\",\"articleSection\":[\"Barretos\",\"Cidades\",\"Falecimento\"],\"inLanguage\":\"pt-BR\",\"potentialAction\":[{\"@type\":\"CommentAction\",\"name\":\"Comment\",\"target\":[\"https:\\\/\\\/regiaonews.net.br\\\/2022\\\/2023\\\/11\\\/21\\\/camara-divulga-nota-de-pesar-pelo-falecimento-do-escritor-merenda\\\/#respond\"]}]},{\"@type\":\"WebPage\",\"@id\":\"https:\\\/\\\/regiaonews.net.br\\\/2022\\\/2023\\\/11\\\/21\\\/camara-divulga-nota-de-pesar-pelo-falecimento-do-escritor-merenda\\\/\",\"url\":\"https:\\\/\\\/regiaonews.net.br\\\/2022\\\/2023\\\/11\\\/21\\\/camara-divulga-nota-de-pesar-pelo-falecimento-do-escritor-merenda\\\/\",\"name\":\"C\u00e2mara divulga nota de pesar pelo falecimento do escritor\",\"isPartOf\":{\"@id\":\"https:\\\/\\\/regiaonews.net.br\\\/2022\\\/#website\"},\"primaryImageOfPage\":{\"@id\":\"https:\\\/\\\/regiaonews.net.br\\\/2022\\\/2023\\\/11\\\/21\\\/camara-divulga-nota-de-pesar-pelo-falecimento-do-escritor-merenda\\\/#primaryimage\"},\"image\":{\"@id\":\"https:\\\/\\\/regiaonews.net.br\\\/2022\\\/2023\\\/11\\\/21\\\/camara-divulga-nota-de-pesar-pelo-falecimento-do-escritor-merenda\\\/#primaryimage\"},\"thumbnailUrl\":\"https:\\\/\\\/regiaonews.net.br\\\/2022\\\/wp-content\\\/uploads\\\/2023\\\/11\\\/IMG-20231121-WA0519.jpg\",\"datePublished\":\"2023-11-22T00:28:17+00:00\",\"dateModified\":\"2023-11-22T01:59:32+00:00\",\"description\":\"C\u00e2mara Municipal de Barretos recebeu com pesar a not\u00edcia do falecimento do ator, dramaturgo, escritor e membro da\",\"breadcrumb\":{\"@id\":\"https:\\\/\\\/regiaonews.net.br\\\/2022\\\/2023\\\/11\\\/21\\\/camara-divulga-nota-de-pesar-pelo-falecimento-do-escritor-merenda\\\/#breadcrumb\"},\"inLanguage\":\"pt-BR\",\"potentialAction\":[{\"@type\":\"ReadAction\",\"target\":[\"https:\\\/\\\/regiaonews.net.br\\\/2022\\\/2023\\\/11\\\/21\\\/camara-divulga-nota-de-pesar-pelo-falecimento-do-escritor-merenda\\\/\"]}]},{\"@type\":\"ImageObject\",\"inLanguage\":\"pt-BR\",\"@id\":\"https:\\\/\\\/regiaonews.net.br\\\/2022\\\/2023\\\/11\\\/21\\\/camara-divulga-nota-de-pesar-pelo-falecimento-do-escritor-merenda\\\/#primaryimage\",\"url\":\"https:\\\/\\\/regiaonews.net.br\\\/2022\\\/wp-content\\\/uploads\\\/2023\\\/11\\\/IMG-20231121-WA0519.jpg\",\"contentUrl\":\"https:\\\/\\\/regiaonews.net.br\\\/2022\\\/wp-content\\\/uploads\\\/2023\\\/11\\\/IMG-20231121-WA0519.jpg\",\"width\":1280,\"height\":1025},{\"@type\":\"BreadcrumbList\",\"@id\":\"https:\\\/\\\/regiaonews.net.br\\\/2022\\\/2023\\\/11\\\/21\\\/camara-divulga-nota-de-pesar-pelo-falecimento-do-escritor-merenda\\\/#breadcrumb\",\"itemListElement\":[{\"@type\":\"ListItem\",\"position\":1,\"name\":\"In\u00edcio\",\"item\":\"https:\\\/\\\/regiaonews.net.br\\\/2022\\\/\"},{\"@type\":\"ListItem\",\"position\":2,\"name\":\"C\u00e2mara divulga nota de pesar pelo falecimento do escritor Merenda\"}]},{\"@type\":\"WebSite\",\"@id\":\"https:\\\/\\\/regiaonews.net.br\\\/2022\\\/#website\",\"url\":\"https:\\\/\\\/regiaonews.net.br\\\/2022\\\/\",\"name\":\"Regi\u00e3o News\",\"description\":\"Site de Not\u00edcias de Barretos e regi\u00e3o\",\"publisher\":{\"@id\":\"https:\\\/\\\/regiaonews.net.br\\\/2022\\\/#organization\"},\"potentialAction\":[{\"@type\":\"SearchAction\",\"target\":{\"@type\":\"EntryPoint\",\"urlTemplate\":\"https:\\\/\\\/regiaonews.net.br\\\/2022\\\/?s={search_term_string}\"},\"query-input\":{\"@type\":\"PropertyValueSpecification\",\"valueRequired\":true,\"valueName\":\"search_term_string\"}}],\"inLanguage\":\"pt-BR\"},{\"@type\":\"Organization\",\"@id\":\"https:\\\/\\\/regiaonews.net.br\\\/2022\\\/#organization\",\"name\":\"Regi\u00e3o News\",\"url\":\"https:\\\/\\\/regiaonews.net.br\\\/2022\\\/\",\"logo\":{\"@type\":\"ImageObject\",\"inLanguage\":\"pt-BR\",\"@id\":\"https:\\\/\\\/regiaonews.net.br\\\/2022\\\/#\\\/schema\\\/logo\\\/image\\\/\",\"url\":\"https:\\\/\\\/regiaonews.net.br\\\/2022\\\/wp-content\\\/uploads\\\/2026\\\/03\\\/regiao-13-anos-scaled.jpg\",\"contentUrl\":\"https:\\\/\\\/regiaonews.net.br\\\/2022\\\/wp-content\\\/uploads\\\/2026\\\/03\\\/regiao-13-anos-scaled.jpg\",\"width\":2560,\"height\":635,\"caption\":\"Regi\u00e3o News\"},\"image\":{\"@id\":\"https:\\\/\\\/regiaonews.net.br\\\/2022\\\/#\\\/schema\\\/logo\\\/image\\\/\"}},{\"@type\":\"Person\",\"@id\":\"https:\\\/\\\/regiaonews.net.br\\\/2022\\\/#\\\/schema\\\/person\\\/2d205a608a5aa97ac279d7a5e6d89ad8\",\"name\":\"Roberto\",\"image\":{\"@type\":\"ImageObject\",\"inLanguage\":\"pt-BR\",\"@id\":\"https:\\\/\\\/secure.gravatar.com\\\/avatar\\\/42749d8b712ff9d59ca93dc150494e5b55a44134482993f5baeb97e61b7ecc89?s=96&d=mm&r=g\",\"url\":\"https:\\\/\\\/secure.gravatar.com\\\/avatar\\\/42749d8b712ff9d59ca93dc150494e5b55a44134482993f5baeb97e61b7ecc89?s=96&d=mm&r=g\",\"contentUrl\":\"https:\\\/\\\/secure.gravatar.com\\\/avatar\\\/42749d8b712ff9d59ca93dc150494e5b55a44134482993f5baeb97e61b7ecc89?s=96&d=mm&r=g\",\"caption\":\"Roberto\"},\"url\":\"https:\\\/\\\/regiaonews.net.br\\\/2022\\\/author\\\/roberto\\\/\"}]}<\/script>\n<!-- \/ Yoast SEO plugin. -->","yoast_head_json":{"title":"C\u00e2mara divulga nota de pesar pelo falecimento do escritor","description":"C\u00e2mara Municipal de Barretos recebeu com pesar a not\u00edcia do falecimento do ator, dramaturgo, escritor e membro da","robots":{"index":"index","follow":"follow","max-snippet":"max-snippet:-1","max-image-preview":"max-image-preview:large","max-video-preview":"max-video-preview:-1"},"canonical":"https:\/\/regiaonews.net.br\/2022\/2023\/11\/21\/camara-divulga-nota-de-pesar-pelo-falecimento-do-escritor-merenda\/","og_locale":"pt_BR","og_type":"article","og_title":"C\u00e2mara divulga nota de pesar pelo falecimento do escritor","og_description":"C\u00e2mara Municipal de Barretos recebeu com pesar a not\u00edcia do falecimento do ator, dramaturgo, escritor e membro da","og_url":"https:\/\/regiaonews.net.br\/2022\/2023\/11\/21\/camara-divulga-nota-de-pesar-pelo-falecimento-do-escritor-merenda\/","og_site_name":"Regi\u00e3o News","article_published_time":"2023-11-22T00:28:17+00:00","article_modified_time":"2023-11-22T01:59:32+00:00","og_image":[{"width":1280,"height":1025,"url":"https:\/\/regiaonews.net.br\/2022\/wp-content\/uploads\/2023\/11\/IMG-20231121-WA0519.jpg","type":"image\/jpeg"}],"author":"Roberto","twitter_card":"summary_large_image","twitter_misc":{"Escrito por":"Roberto","Est. tempo de leitura":"3 minutos"},"schema":{"@context":"https:\/\/schema.org","@graph":[{"@type":"Article","@id":"https:\/\/regiaonews.net.br\/2022\/2023\/11\/21\/camara-divulga-nota-de-pesar-pelo-falecimento-do-escritor-merenda\/#article","isPartOf":{"@id":"https:\/\/regiaonews.net.br\/2022\/2023\/11\/21\/camara-divulga-nota-de-pesar-pelo-falecimento-do-escritor-merenda\/"},"author":{"name":"Roberto","@id":"https:\/\/regiaonews.net.br\/2022\/#\/schema\/person\/2d205a608a5aa97ac279d7a5e6d89ad8"},"headline":"C\u00e2mara divulga nota de pesar pelo falecimento do escritor Merenda","datePublished":"2023-11-22T00:28:17+00:00","dateModified":"2023-11-22T01:59:32+00:00","mainEntityOfPage":{"@id":"https:\/\/regiaonews.net.br\/2022\/2023\/11\/21\/camara-divulga-nota-de-pesar-pelo-falecimento-do-escritor-merenda\/"},"wordCount":527,"commentCount":0,"publisher":{"@id":"https:\/\/regiaonews.net.br\/2022\/#organization"},"image":{"@id":"https:\/\/regiaonews.net.br\/2022\/2023\/11\/21\/camara-divulga-nota-de-pesar-pelo-falecimento-do-escritor-merenda\/#primaryimage"},"thumbnailUrl":"https:\/\/regiaonews.net.br\/2022\/wp-content\/uploads\/2023\/11\/IMG-20231121-WA0519.jpg","articleSection":["Barretos","Cidades","Falecimento"],"inLanguage":"pt-BR","potentialAction":[{"@type":"CommentAction","name":"Comment","target":["https:\/\/regiaonews.net.br\/2022\/2023\/11\/21\/camara-divulga-nota-de-pesar-pelo-falecimento-do-escritor-merenda\/#respond"]}]},{"@type":"WebPage","@id":"https:\/\/regiaonews.net.br\/2022\/2023\/11\/21\/camara-divulga-nota-de-pesar-pelo-falecimento-do-escritor-merenda\/","url":"https:\/\/regiaonews.net.br\/2022\/2023\/11\/21\/camara-divulga-nota-de-pesar-pelo-falecimento-do-escritor-merenda\/","name":"C\u00e2mara divulga nota de pesar pelo falecimento do escritor","isPartOf":{"@id":"https:\/\/regiaonews.net.br\/2022\/#website"},"primaryImageOfPage":{"@id":"https:\/\/regiaonews.net.br\/2022\/2023\/11\/21\/camara-divulga-nota-de-pesar-pelo-falecimento-do-escritor-merenda\/#primaryimage"},"image":{"@id":"https:\/\/regiaonews.net.br\/2022\/2023\/11\/21\/camara-divulga-nota-de-pesar-pelo-falecimento-do-escritor-merenda\/#primaryimage"},"thumbnailUrl":"https:\/\/regiaonews.net.br\/2022\/wp-content\/uploads\/2023\/11\/IMG-20231121-WA0519.jpg","datePublished":"2023-11-22T00:28:17+00:00","dateModified":"2023-11-22T01:59:32+00:00","description":"C\u00e2mara Municipal de Barretos recebeu com pesar a not\u00edcia do falecimento do ator, dramaturgo, escritor e membro da","breadcrumb":{"@id":"https:\/\/regiaonews.net.br\/2022\/2023\/11\/21\/camara-divulga-nota-de-pesar-pelo-falecimento-do-escritor-merenda\/#breadcrumb"},"inLanguage":"pt-BR","potentialAction":[{"@type":"ReadAction","target":["https:\/\/regiaonews.net.br\/2022\/2023\/11\/21\/camara-divulga-nota-de-pesar-pelo-falecimento-do-escritor-merenda\/"]}]},{"@type":"ImageObject","inLanguage":"pt-BR","@id":"https:\/\/regiaonews.net.br\/2022\/2023\/11\/21\/camara-divulga-nota-de-pesar-pelo-falecimento-do-escritor-merenda\/#primaryimage","url":"https:\/\/regiaonews.net.br\/2022\/wp-content\/uploads\/2023\/11\/IMG-20231121-WA0519.jpg","contentUrl":"https:\/\/regiaonews.net.br\/2022\/wp-content\/uploads\/2023\/11\/IMG-20231121-WA0519.jpg","width":1280,"height":1025},{"@type":"BreadcrumbList","@id":"https:\/\/regiaonews.net.br\/2022\/2023\/11\/21\/camara-divulga-nota-de-pesar-pelo-falecimento-do-escritor-merenda\/#breadcrumb","itemListElement":[{"@type":"ListItem","position":1,"name":"In\u00edcio","item":"https:\/\/regiaonews.net.br\/2022\/"},{"@type":"ListItem","position":2,"name":"C\u00e2mara divulga nota de pesar pelo falecimento do escritor Merenda"}]},{"@type":"WebSite","@id":"https:\/\/regiaonews.net.br\/2022\/#website","url":"https:\/\/regiaonews.net.br\/2022\/","name":"Regi\u00e3o News","description":"Site de Not\u00edcias de Barretos e regi\u00e3o","publisher":{"@id":"https:\/\/regiaonews.net.br\/2022\/#organization"},"potentialAction":[{"@type":"SearchAction","target":{"@type":"EntryPoint","urlTemplate":"https:\/\/regiaonews.net.br\/2022\/?s={search_term_string}"},"query-input":{"@type":"PropertyValueSpecification","valueRequired":true,"valueName":"search_term_string"}}],"inLanguage":"pt-BR"},{"@type":"Organization","@id":"https:\/\/regiaonews.net.br\/2022\/#organization","name":"Regi\u00e3o News","url":"https:\/\/regiaonews.net.br\/2022\/","logo":{"@type":"ImageObject","inLanguage":"pt-BR","@id":"https:\/\/regiaonews.net.br\/2022\/#\/schema\/logo\/image\/","url":"https:\/\/regiaonews.net.br\/2022\/wp-content\/uploads\/2026\/03\/regiao-13-anos-scaled.jpg","contentUrl":"https:\/\/regiaonews.net.br\/2022\/wp-content\/uploads\/2026\/03\/regiao-13-anos-scaled.jpg","width":2560,"height":635,"caption":"Regi\u00e3o News"},"image":{"@id":"https:\/\/regiaonews.net.br\/2022\/#\/schema\/logo\/image\/"}},{"@type":"Person","@id":"https:\/\/regiaonews.net.br\/2022\/#\/schema\/person\/2d205a608a5aa97ac279d7a5e6d89ad8","name":"Roberto","image":{"@type":"ImageObject","inLanguage":"pt-BR","@id":"https:\/\/secure.gravatar.com\/avatar\/42749d8b712ff9d59ca93dc150494e5b55a44134482993f5baeb97e61b7ecc89?s=96&d=mm&r=g","url":"https:\/\/secure.gravatar.com\/avatar\/42749d8b712ff9d59ca93dc150494e5b55a44134482993f5baeb97e61b7ecc89?s=96&d=mm&r=g","contentUrl":"https:\/\/secure.gravatar.com\/avatar\/42749d8b712ff9d59ca93dc150494e5b55a44134482993f5baeb97e61b7ecc89?s=96&d=mm&r=g","caption":"Roberto"},"url":"https:\/\/regiaonews.net.br\/2022\/author\/roberto\/"}]}},"publishpress_future_action":{"enabled":false,"date":"2026-05-03 13:32:41","action":"change-status","newStatus":"draft","terms":[],"taxonomy":"category","extraData":[]},"publishpress_future_workflow_manual_trigger":{"enabledWorkflows":[]},"_links":{"self":[{"href":"https:\/\/regiaonews.net.br\/2022\/wp-json\/wp\/v2\/posts\/98048","targetHints":{"allow":["GET"]}}],"collection":[{"href":"https:\/\/regiaonews.net.br\/2022\/wp-json\/wp\/v2\/posts"}],"about":[{"href":"https:\/\/regiaonews.net.br\/2022\/wp-json\/wp\/v2\/types\/post"}],"author":[{"embeddable":true,"href":"https:\/\/regiaonews.net.br\/2022\/wp-json\/wp\/v2\/users\/2"}],"replies":[{"embeddable":true,"href":"https:\/\/regiaonews.net.br\/2022\/wp-json\/wp\/v2\/comments?post=98048"}],"version-history":[{"count":5,"href":"https:\/\/regiaonews.net.br\/2022\/wp-json\/wp\/v2\/posts\/98048\/revisions"}],"predecessor-version":[{"id":98054,"href":"https:\/\/regiaonews.net.br\/2022\/wp-json\/wp\/v2\/posts\/98048\/revisions\/98054"}],"wp:featuredmedia":[{"embeddable":true,"href":"https:\/\/regiaonews.net.br\/2022\/wp-json\/wp\/v2\/media\/98049"}],"wp:attachment":[{"href":"https:\/\/regiaonews.net.br\/2022\/wp-json\/wp\/v2\/media?parent=98048"}],"wp:term":[{"taxonomy":"category","embeddable":true,"href":"https:\/\/regiaonews.net.br\/2022\/wp-json\/wp\/v2\/categories?post=98048"},{"taxonomy":"post_tag","embeddable":true,"href":"https:\/\/regiaonews.net.br\/2022\/wp-json\/wp\/v2\/tags?post=98048"}],"curies":[{"name":"wp","href":"https:\/\/api.w.org\/{rel}","templated":true}]}}