{"id":98044,"date":"2023-11-21T19:34:14","date_gmt":"2023-11-21T22:34:14","guid":{"rendered":"https:\/\/regiaonews.net.br\/2022\/?p=98044"},"modified":"2023-11-21T19:36:05","modified_gmt":"2023-11-21T22:36:05","slug":"pm-apresenta-balanco-da-operacao-impacto-na-area-do-33o-bpmi","status":"publish","type":"post","link":"https:\/\/regiaonews.net.br\/2022\/2023\/11\/21\/pm-apresenta-balanco-da-operacao-impacto-na-area-do-33o-bpmi\/","title":{"rendered":"PM apresenta balan\u00e7o da Opera\u00e7\u00e3o Impacto na \u00e1rea do 33\u00ba BPMI"},"content":{"rendered":"<p>Em todo o Estado de S\u00e3o Paulo, nos dias 17 a 20 de novembro de 2023, desencadeou-se a Opera\u00e7\u00e3o Impacto \u2013 Feriado Consci\u00eancia Negra, visando aumentar a efetividade do policiamento em locais de com\u00e9rcio, turismo e outros com grande aglomera\u00e7\u00e3o de pessoas.<\/p>\n<p>Nas 19 cidades da \u00e1rea operacional do 33\u00ba BPM\/I, os policiais militares intensificaram abordagens e verifica\u00e7\u00f5es de tr\u00e2nsito, verifica\u00e7\u00f5es de alcoolemia, locais conhecidos de perman\u00eancia de usu\u00e1rios de drogas ou pessoas em situa\u00e7\u00e3o de rua, al\u00e9m de outras a\u00e7\u00f5es visando o aumento da percep\u00e7\u00e3o de seguran\u00e7a da comunidade.<\/p>\n<p>Nos quatro dias de opera\u00e7\u00e3o, foram abordadas 910 pessoas em situa\u00e7\u00f5es diversas, sendo lavrados 78 boletins de ocorr\u00eancias e resultando em 11 pessoas presas. Foram apreendidos 755 gramas de drogas diversas, mesmo n\u00e3o sendo uma opera\u00e7\u00e3o de repreens\u00e3o ao tr\u00e1fico.<\/p>\n<p>No tocante \u00e0 fiscaliza\u00e7\u00e3o de tr\u00e2nsito, foram realizados 322 bloqueios e estacionamentos de visibilidade, com vistoria a 308 autom\u00f3veis e 138 motocicletas; e desses 446 condutores abordados, 188 foram autuados em infra\u00e7\u00f5es de tr\u00e2nsito, com 12 ve\u00edculos removidos ao p\u00e1tio.<\/p>\n<p>A Opera\u00e7\u00e3o com o objetivo de aumentar o policiamento territorial, fora traduzida em excelentes n\u00fameros em combate \u00e0 criminalidade, al\u00e9m de fiscalizar e inibir imprud\u00eancias e comportamentos violentos no tr\u00e2nsito.<\/p>\n","protected":false},"excerpt":{"rendered":"<p>Em todo o Estado de S\u00e3o Paulo, nos dias 17<\/p>\n","protected":false},"author":2,"featured_media":73531,"comment_status":"open","ping_status":"open","sticky":false,"template":"","format":"standard","meta":{"footnotes":""},"categories":[7,23],"tags":[],"class_list":["post-98044","post","type-post","status-publish","format-standard","has-post-thumbnail","hentry","category-estado-de-sao-paulo","category-policia"],"yoast_head":"<!-- This site is optimized with the Yoast SEO plugin v27.4 - https:\/\/yoast.com\/product\/yoast-seo-wordpress\/ -->\n<title>PM apresenta balan\u00e7o da Opera\u00e7\u00e3o Impacto na \u00e1rea do 33\u00ba BPMI - Regi\u00e3o News<\/title>\n<meta name=\"robots\" content=\"index, follow, max-snippet:-1, max-image-preview:large, max-video-preview:-1\" \/>\n<link rel=\"canonical\" href=\"https:\/\/regiaonews.net.br\/2022\/2023\/11\/21\/pm-apresenta-balanco-da-operacao-impacto-na-area-do-33o-bpmi\/\" \/>\n<meta property=\"og:locale\" content=\"pt_BR\" \/>\n<meta property=\"og:type\" content=\"article\" \/>\n<meta property=\"og:title\" content=\"PM apresenta balan\u00e7o da Opera\u00e7\u00e3o Impacto na \u00e1rea do 33\u00ba BPMI - Regi\u00e3o News\" \/>\n<meta property=\"og:description\" content=\"Em todo o Estado de S\u00e3o Paulo, nos dias 17\" \/>\n<meta property=\"og:url\" content=\"https:\/\/regiaonews.net.br\/2022\/2023\/11\/21\/pm-apresenta-balanco-da-operacao-impacto-na-area-do-33o-bpmi\/\" \/>\n<meta property=\"og:site_name\" content=\"Regi\u00e3o News\" \/>\n<meta property=\"article:published_time\" content=\"2023-11-21T22:34:14+00:00\" \/>\n<meta property=\"article:modified_time\" content=\"2023-11-21T22:36:05+00:00\" \/>\n<meta property=\"og:image\" content=\"https:\/\/regiaonews.net.br\/2022\/wp-content\/uploads\/2022\/06\/Policia.jpg\" \/>\n\t<meta property=\"og:image:width\" content=\"627\" \/>\n\t<meta property=\"og:image:height\" content=\"456\" \/>\n\t<meta property=\"og:image:type\" content=\"image\/jpeg\" \/>\n<meta name=\"author\" content=\"Roberto\" \/>\n<meta name=\"twitter:card\" content=\"summary_large_image\" \/>\n<meta name=\"twitter:label1\" content=\"Escrito por\" \/>\n\t<meta name=\"twitter:data1\" content=\"Roberto\" \/>\n\t<meta name=\"twitter:label2\" content=\"Est. tempo de leitura\" \/>\n\t<meta name=\"twitter:data2\" content=\"2 minutos\" \/>\n<script type=\"application\/ld+json\" class=\"yoast-schema-graph\">{\"@context\":\"https:\\\/\\\/schema.org\",\"@graph\":[{\"@type\":\"Article\",\"@id\":\"https:\\\/\\\/regiaonews.net.br\\\/2022\\\/2023\\\/11\\\/21\\\/pm-apresenta-balanco-da-operacao-impacto-na-area-do-33o-bpmi\\\/#article\",\"isPartOf\":{\"@id\":\"https:\\\/\\\/regiaonews.net.br\\\/2022\\\/2023\\\/11\\\/21\\\/pm-apresenta-balanco-da-operacao-impacto-na-area-do-33o-bpmi\\\/\"},\"author\":{\"name\":\"Roberto\",\"@id\":\"https:\\\/\\\/regiaonews.net.br\\\/2022\\\/#\\\/schema\\\/person\\\/2d205a608a5aa97ac279d7a5e6d89ad8\"},\"headline\":\"PM apresenta balan\u00e7o da Opera\u00e7\u00e3o Impacto na \u00e1rea do 33\u00ba BPMI\",\"datePublished\":\"2023-11-21T22:34:14+00:00\",\"dateModified\":\"2023-11-21T22:36:05+00:00\",\"mainEntityOfPage\":{\"@id\":\"https:\\\/\\\/regiaonews.net.br\\\/2022\\\/2023\\\/11\\\/21\\\/pm-apresenta-balanco-da-operacao-impacto-na-area-do-33o-bpmi\\\/\"},\"wordCount\":229,\"commentCount\":0,\"publisher\":{\"@id\":\"https:\\\/\\\/regiaonews.net.br\\\/2022\\\/#organization\"},\"image\":{\"@id\":\"https:\\\/\\\/regiaonews.net.br\\\/2022\\\/2023\\\/11\\\/21\\\/pm-apresenta-balanco-da-operacao-impacto-na-area-do-33o-bpmi\\\/#primaryimage\"},\"thumbnailUrl\":\"https:\\\/\\\/regiaonews.net.br\\\/2022\\\/wp-content\\\/uploads\\\/2022\\\/06\\\/Policia.jpg\",\"articleSection\":[\"Estado de S\u00e3o Paulo\",\"Policia\"],\"inLanguage\":\"pt-BR\",\"potentialAction\":[{\"@type\":\"CommentAction\",\"name\":\"Comment\",\"target\":[\"https:\\\/\\\/regiaonews.net.br\\\/2022\\\/2023\\\/11\\\/21\\\/pm-apresenta-balanco-da-operacao-impacto-na-area-do-33o-bpmi\\\/#respond\"]}]},{\"@type\":\"WebPage\",\"@id\":\"https:\\\/\\\/regiaonews.net.br\\\/2022\\\/2023\\\/11\\\/21\\\/pm-apresenta-balanco-da-operacao-impacto-na-area-do-33o-bpmi\\\/\",\"url\":\"https:\\\/\\\/regiaonews.net.br\\\/2022\\\/2023\\\/11\\\/21\\\/pm-apresenta-balanco-da-operacao-impacto-na-area-do-33o-bpmi\\\/\",\"name\":\"PM apresenta balan\u00e7o da Opera\u00e7\u00e3o Impacto na \u00e1rea do 33\u00ba BPMI - Regi\u00e3o News\",\"isPartOf\":{\"@id\":\"https:\\\/\\\/regiaonews.net.br\\\/2022\\\/#website\"},\"primaryImageOfPage\":{\"@id\":\"https:\\\/\\\/regiaonews.net.br\\\/2022\\\/2023\\\/11\\\/21\\\/pm-apresenta-balanco-da-operacao-impacto-na-area-do-33o-bpmi\\\/#primaryimage\"},\"image\":{\"@id\":\"https:\\\/\\\/regiaonews.net.br\\\/2022\\\/2023\\\/11\\\/21\\\/pm-apresenta-balanco-da-operacao-impacto-na-area-do-33o-bpmi\\\/#primaryimage\"},\"thumbnailUrl\":\"https:\\\/\\\/regiaonews.net.br\\\/2022\\\/wp-content\\\/uploads\\\/2022\\\/06\\\/Policia.jpg\",\"datePublished\":\"2023-11-21T22:34:14+00:00\",\"dateModified\":\"2023-11-21T22:36:05+00:00\",\"breadcrumb\":{\"@id\":\"https:\\\/\\\/regiaonews.net.br\\\/2022\\\/2023\\\/11\\\/21\\\/pm-apresenta-balanco-da-operacao-impacto-na-area-do-33o-bpmi\\\/#breadcrumb\"},\"inLanguage\":\"pt-BR\",\"potentialAction\":[{\"@type\":\"ReadAction\",\"target\":[\"https:\\\/\\\/regiaonews.net.br\\\/2022\\\/2023\\\/11\\\/21\\\/pm-apresenta-balanco-da-operacao-impacto-na-area-do-33o-bpmi\\\/\"]}]},{\"@type\":\"ImageObject\",\"inLanguage\":\"pt-BR\",\"@id\":\"https:\\\/\\\/regiaonews.net.br\\\/2022\\\/2023\\\/11\\\/21\\\/pm-apresenta-balanco-da-operacao-impacto-na-area-do-33o-bpmi\\\/#primaryimage\",\"url\":\"https:\\\/\\\/regiaonews.net.br\\\/2022\\\/wp-content\\\/uploads\\\/2022\\\/06\\\/Policia.jpg\",\"contentUrl\":\"https:\\\/\\\/regiaonews.net.br\\\/2022\\\/wp-content\\\/uploads\\\/2022\\\/06\\\/Policia.jpg\",\"width\":627,\"height\":456},{\"@type\":\"BreadcrumbList\",\"@id\":\"https:\\\/\\\/regiaonews.net.br\\\/2022\\\/2023\\\/11\\\/21\\\/pm-apresenta-balanco-da-operacao-impacto-na-area-do-33o-bpmi\\\/#breadcrumb\",\"itemListElement\":[{\"@type\":\"ListItem\",\"position\":1,\"name\":\"In\u00edcio\",\"item\":\"https:\\\/\\\/regiaonews.net.br\\\/2022\\\/\"},{\"@type\":\"ListItem\",\"position\":2,\"name\":\"PM apresenta balan\u00e7o da Opera\u00e7\u00e3o Impacto na \u00e1rea do 33\u00ba BPMI\"}]},{\"@type\":\"WebSite\",\"@id\":\"https:\\\/\\\/regiaonews.net.br\\\/2022\\\/#website\",\"url\":\"https:\\\/\\\/regiaonews.net.br\\\/2022\\\/\",\"name\":\"Regi\u00e3o News\",\"description\":\"Site de Not\u00edcias de Barretos e regi\u00e3o\",\"publisher\":{\"@id\":\"https:\\\/\\\/regiaonews.net.br\\\/2022\\\/#organization\"},\"potentialAction\":[{\"@type\":\"SearchAction\",\"target\":{\"@type\":\"EntryPoint\",\"urlTemplate\":\"https:\\\/\\\/regiaonews.net.br\\\/2022\\\/?s={search_term_string}\"},\"query-input\":{\"@type\":\"PropertyValueSpecification\",\"valueRequired\":true,\"valueName\":\"search_term_string\"}}],\"inLanguage\":\"pt-BR\"},{\"@type\":\"Organization\",\"@id\":\"https:\\\/\\\/regiaonews.net.br\\\/2022\\\/#organization\",\"name\":\"Regi\u00e3o News\",\"url\":\"https:\\\/\\\/regiaonews.net.br\\\/2022\\\/\",\"logo\":{\"@type\":\"ImageObject\",\"inLanguage\":\"pt-BR\",\"@id\":\"https:\\\/\\\/regiaonews.net.br\\\/2022\\\/#\\\/schema\\\/logo\\\/image\\\/\",\"url\":\"https:\\\/\\\/regiaonews.net.br\\\/2022\\\/wp-content\\\/uploads\\\/2026\\\/03\\\/regiao-13-anos-scaled.jpg\",\"contentUrl\":\"https:\\\/\\\/regiaonews.net.br\\\/2022\\\/wp-content\\\/uploads\\\/2026\\\/03\\\/regiao-13-anos-scaled.jpg\",\"width\":2560,\"height\":635,\"caption\":\"Regi\u00e3o News\"},\"image\":{\"@id\":\"https:\\\/\\\/regiaonews.net.br\\\/2022\\\/#\\\/schema\\\/logo\\\/image\\\/\"}},{\"@type\":\"Person\",\"@id\":\"https:\\\/\\\/regiaonews.net.br\\\/2022\\\/#\\\/schema\\\/person\\\/2d205a608a5aa97ac279d7a5e6d89ad8\",\"name\":\"Roberto\",\"image\":{\"@type\":\"ImageObject\",\"inLanguage\":\"pt-BR\",\"@id\":\"https:\\\/\\\/secure.gravatar.com\\\/avatar\\\/42749d8b712ff9d59ca93dc150494e5b55a44134482993f5baeb97e61b7ecc89?s=96&d=mm&r=g\",\"url\":\"https:\\\/\\\/secure.gravatar.com\\\/avatar\\\/42749d8b712ff9d59ca93dc150494e5b55a44134482993f5baeb97e61b7ecc89?s=96&d=mm&r=g\",\"contentUrl\":\"https:\\\/\\\/secure.gravatar.com\\\/avatar\\\/42749d8b712ff9d59ca93dc150494e5b55a44134482993f5baeb97e61b7ecc89?s=96&d=mm&r=g\",\"caption\":\"Roberto\"},\"url\":\"https:\\\/\\\/regiaonews.net.br\\\/2022\\\/author\\\/roberto\\\/\"}]}<\/script>\n<!-- \/ Yoast SEO plugin. -->","yoast_head_json":{"title":"PM apresenta balan\u00e7o da Opera\u00e7\u00e3o Impacto na \u00e1rea do 33\u00ba BPMI - Regi\u00e3o News","robots":{"index":"index","follow":"follow","max-snippet":"max-snippet:-1","max-image-preview":"max-image-preview:large","max-video-preview":"max-video-preview:-1"},"canonical":"https:\/\/regiaonews.net.br\/2022\/2023\/11\/21\/pm-apresenta-balanco-da-operacao-impacto-na-area-do-33o-bpmi\/","og_locale":"pt_BR","og_type":"article","og_title":"PM apresenta balan\u00e7o da Opera\u00e7\u00e3o Impacto na \u00e1rea do 33\u00ba BPMI - Regi\u00e3o News","og_description":"Em todo o Estado de S\u00e3o Paulo, nos dias 17","og_url":"https:\/\/regiaonews.net.br\/2022\/2023\/11\/21\/pm-apresenta-balanco-da-operacao-impacto-na-area-do-33o-bpmi\/","og_site_name":"Regi\u00e3o News","article_published_time":"2023-11-21T22:34:14+00:00","article_modified_time":"2023-11-21T22:36:05+00:00","og_image":[{"width":627,"height":456,"url":"https:\/\/regiaonews.net.br\/2022\/wp-content\/uploads\/2022\/06\/Policia.jpg","type":"image\/jpeg"}],"author":"Roberto","twitter_card":"summary_large_image","twitter_misc":{"Escrito por":"Roberto","Est. tempo de leitura":"2 minutos"},"schema":{"@context":"https:\/\/schema.org","@graph":[{"@type":"Article","@id":"https:\/\/regiaonews.net.br\/2022\/2023\/11\/21\/pm-apresenta-balanco-da-operacao-impacto-na-area-do-33o-bpmi\/#article","isPartOf":{"@id":"https:\/\/regiaonews.net.br\/2022\/2023\/11\/21\/pm-apresenta-balanco-da-operacao-impacto-na-area-do-33o-bpmi\/"},"author":{"name":"Roberto","@id":"https:\/\/regiaonews.net.br\/2022\/#\/schema\/person\/2d205a608a5aa97ac279d7a5e6d89ad8"},"headline":"PM apresenta balan\u00e7o da Opera\u00e7\u00e3o Impacto na \u00e1rea do 33\u00ba BPMI","datePublished":"2023-11-21T22:34:14+00:00","dateModified":"2023-11-21T22:36:05+00:00","mainEntityOfPage":{"@id":"https:\/\/regiaonews.net.br\/2022\/2023\/11\/21\/pm-apresenta-balanco-da-operacao-impacto-na-area-do-33o-bpmi\/"},"wordCount":229,"commentCount":0,"publisher":{"@id":"https:\/\/regiaonews.net.br\/2022\/#organization"},"image":{"@id":"https:\/\/regiaonews.net.br\/2022\/2023\/11\/21\/pm-apresenta-balanco-da-operacao-impacto-na-area-do-33o-bpmi\/#primaryimage"},"thumbnailUrl":"https:\/\/regiaonews.net.br\/2022\/wp-content\/uploads\/2022\/06\/Policia.jpg","articleSection":["Estado de S\u00e3o Paulo","Policia"],"inLanguage":"pt-BR","potentialAction":[{"@type":"CommentAction","name":"Comment","target":["https:\/\/regiaonews.net.br\/2022\/2023\/11\/21\/pm-apresenta-balanco-da-operacao-impacto-na-area-do-33o-bpmi\/#respond"]}]},{"@type":"WebPage","@id":"https:\/\/regiaonews.net.br\/2022\/2023\/11\/21\/pm-apresenta-balanco-da-operacao-impacto-na-area-do-33o-bpmi\/","url":"https:\/\/regiaonews.net.br\/2022\/2023\/11\/21\/pm-apresenta-balanco-da-operacao-impacto-na-area-do-33o-bpmi\/","name":"PM apresenta balan\u00e7o da Opera\u00e7\u00e3o Impacto na \u00e1rea do 33\u00ba BPMI - Regi\u00e3o News","isPartOf":{"@id":"https:\/\/regiaonews.net.br\/2022\/#website"},"primaryImageOfPage":{"@id":"https:\/\/regiaonews.net.br\/2022\/2023\/11\/21\/pm-apresenta-balanco-da-operacao-impacto-na-area-do-33o-bpmi\/#primaryimage"},"image":{"@id":"https:\/\/regiaonews.net.br\/2022\/2023\/11\/21\/pm-apresenta-balanco-da-operacao-impacto-na-area-do-33o-bpmi\/#primaryimage"},"thumbnailUrl":"https:\/\/regiaonews.net.br\/2022\/wp-content\/uploads\/2022\/06\/Policia.jpg","datePublished":"2023-11-21T22:34:14+00:00","dateModified":"2023-11-21T22:36:05+00:00","breadcrumb":{"@id":"https:\/\/regiaonews.net.br\/2022\/2023\/11\/21\/pm-apresenta-balanco-da-operacao-impacto-na-area-do-33o-bpmi\/#breadcrumb"},"inLanguage":"pt-BR","potentialAction":[{"@type":"ReadAction","target":["https:\/\/regiaonews.net.br\/2022\/2023\/11\/21\/pm-apresenta-balanco-da-operacao-impacto-na-area-do-33o-bpmi\/"]}]},{"@type":"ImageObject","inLanguage":"pt-BR","@id":"https:\/\/regiaonews.net.br\/2022\/2023\/11\/21\/pm-apresenta-balanco-da-operacao-impacto-na-area-do-33o-bpmi\/#primaryimage","url":"https:\/\/regiaonews.net.br\/2022\/wp-content\/uploads\/2022\/06\/Policia.jpg","contentUrl":"https:\/\/regiaonews.net.br\/2022\/wp-content\/uploads\/2022\/06\/Policia.jpg","width":627,"height":456},{"@type":"BreadcrumbList","@id":"https:\/\/regiaonews.net.br\/2022\/2023\/11\/21\/pm-apresenta-balanco-da-operacao-impacto-na-area-do-33o-bpmi\/#breadcrumb","itemListElement":[{"@type":"ListItem","position":1,"name":"In\u00edcio","item":"https:\/\/regiaonews.net.br\/2022\/"},{"@type":"ListItem","position":2,"name":"PM apresenta balan\u00e7o da Opera\u00e7\u00e3o Impacto na \u00e1rea do 33\u00ba BPMI"}]},{"@type":"WebSite","@id":"https:\/\/regiaonews.net.br\/2022\/#website","url":"https:\/\/regiaonews.net.br\/2022\/","name":"Regi\u00e3o News","description":"Site de Not\u00edcias de Barretos e regi\u00e3o","publisher":{"@id":"https:\/\/regiaonews.net.br\/2022\/#organization"},"potentialAction":[{"@type":"SearchAction","target":{"@type":"EntryPoint","urlTemplate":"https:\/\/regiaonews.net.br\/2022\/?s={search_term_string}"},"query-input":{"@type":"PropertyValueSpecification","valueRequired":true,"valueName":"search_term_string"}}],"inLanguage":"pt-BR"},{"@type":"Organization","@id":"https:\/\/regiaonews.net.br\/2022\/#organization","name":"Regi\u00e3o News","url":"https:\/\/regiaonews.net.br\/2022\/","logo":{"@type":"ImageObject","inLanguage":"pt-BR","@id":"https:\/\/regiaonews.net.br\/2022\/#\/schema\/logo\/image\/","url":"https:\/\/regiaonews.net.br\/2022\/wp-content\/uploads\/2026\/03\/regiao-13-anos-scaled.jpg","contentUrl":"https:\/\/regiaonews.net.br\/2022\/wp-content\/uploads\/2026\/03\/regiao-13-anos-scaled.jpg","width":2560,"height":635,"caption":"Regi\u00e3o News"},"image":{"@id":"https:\/\/regiaonews.net.br\/2022\/#\/schema\/logo\/image\/"}},{"@type":"Person","@id":"https:\/\/regiaonews.net.br\/2022\/#\/schema\/person\/2d205a608a5aa97ac279d7a5e6d89ad8","name":"Roberto","image":{"@type":"ImageObject","inLanguage":"pt-BR","@id":"https:\/\/secure.gravatar.com\/avatar\/42749d8b712ff9d59ca93dc150494e5b55a44134482993f5baeb97e61b7ecc89?s=96&d=mm&r=g","url":"https:\/\/secure.gravatar.com\/avatar\/42749d8b712ff9d59ca93dc150494e5b55a44134482993f5baeb97e61b7ecc89?s=96&d=mm&r=g","contentUrl":"https:\/\/secure.gravatar.com\/avatar\/42749d8b712ff9d59ca93dc150494e5b55a44134482993f5baeb97e61b7ecc89?s=96&d=mm&r=g","caption":"Roberto"},"url":"https:\/\/regiaonews.net.br\/2022\/author\/roberto\/"}]}},"publishpress_future_action":{"enabled":false,"date":"2026-05-03 15:09:56","action":"change-status","newStatus":"draft","terms":[],"taxonomy":"category","extraData":[]},"publishpress_future_workflow_manual_trigger":{"enabledWorkflows":[]},"_links":{"self":[{"href":"https:\/\/regiaonews.net.br\/2022\/wp-json\/wp\/v2\/posts\/98044","targetHints":{"allow":["GET"]}}],"collection":[{"href":"https:\/\/regiaonews.net.br\/2022\/wp-json\/wp\/v2\/posts"}],"about":[{"href":"https:\/\/regiaonews.net.br\/2022\/wp-json\/wp\/v2\/types\/post"}],"author":[{"embeddable":true,"href":"https:\/\/regiaonews.net.br\/2022\/wp-json\/wp\/v2\/users\/2"}],"replies":[{"embeddable":true,"href":"https:\/\/regiaonews.net.br\/2022\/wp-json\/wp\/v2\/comments?post=98044"}],"version-history":[{"count":1,"href":"https:\/\/regiaonews.net.br\/2022\/wp-json\/wp\/v2\/posts\/98044\/revisions"}],"predecessor-version":[{"id":98045,"href":"https:\/\/regiaonews.net.br\/2022\/wp-json\/wp\/v2\/posts\/98044\/revisions\/98045"}],"wp:featuredmedia":[{"embeddable":true,"href":"https:\/\/regiaonews.net.br\/2022\/wp-json\/wp\/v2\/media\/73531"}],"wp:attachment":[{"href":"https:\/\/regiaonews.net.br\/2022\/wp-json\/wp\/v2\/media?parent=98044"}],"wp:term":[{"taxonomy":"category","embeddable":true,"href":"https:\/\/regiaonews.net.br\/2022\/wp-json\/wp\/v2\/categories?post=98044"},{"taxonomy":"post_tag","embeddable":true,"href":"https:\/\/regiaonews.net.br\/2022\/wp-json\/wp\/v2\/tags?post=98044"}],"curies":[{"name":"wp","href":"https:\/\/api.w.org\/{rel}","templated":true}]}}