{"id":98033,"date":"2023-11-21T17:59:21","date_gmt":"2023-11-21T20:59:21","guid":{"rendered":"https:\/\/regiaonews.net.br\/2022\/?p=98033"},"modified":"2023-11-21T20:44:16","modified_gmt":"2023-11-21T23:44:16","slug":"minerva-foods-biogenedis-bago-e-phibro-saude-animal-anunciam-os-resultados-do-programa-de-carcacas","status":"publish","type":"post","link":"https:\/\/regiaonews.net.br\/2022\/2023\/11\/21\/minerva-foods-biogenedis-bago-e-phibro-saude-animal-anunciam-os-resultados-do-programa-de-carcacas\/","title":{"rendered":"Minerva Foods, Biog\u00e9nedis Bag\u00f3 e Phibro Sa\u00fade Animal anunciam os  resultados do Programa de Carca\u00e7as"},"content":{"rendered":"<h3 style=\"text-align: center;\"><strong>PEC 2023 eleva os padr\u00f5es de qualidade na produ\u00e7\u00e3o de gado, com um not\u00e1vel aumento de animais avaliados e inscri\u00e7\u00f5es de pecuaristas em todo o Brasil.<\/strong><\/h3>\n<p>O Programa de Efici\u00eancia de Carca\u00e7a (PEC) chega ao fim de sua quinta edi\u00e7\u00e3o, alcan\u00e7ando resultados not\u00e1veis e reconhecendo os esfor\u00e7os dos principais pecuaristas participantes. A Minerva Foods, em parceria com a Biog\u00e9nesis Bag\u00f3 e a Phibro Sa\u00fade Animal, anunciam os vencedores e os avan\u00e7os conquistados durante este ano de desafios e dedica\u00e7\u00e3o em prol da pecu\u00e1ria brasileira.<\/p>\n<p>O Grand Prix do PEC 2023 foi a Green Farming Fazendas Renov\u00e1veis, reconhecida por obter o maior volume, a melhor nota e o menor desvio padr\u00e3o.<\/p>\n<p>Ao todo, o PEC 2023 avaliou impressionantes 495 mil animais e contou com a inscri\u00e7\u00e3o de 1.914 pecuaristas, representando um aumento significativo de 45% no n\u00famero de inscritos e 41% no n\u00famero de animais avaliados em compara\u00e7\u00e3o com o ano anterior. Desde o seu in\u00edcio, o programa j\u00e1 avaliou mais de 1 milh\u00e3o e 400 mil animais, demonstrando seu impacto positivo na ind\u00fastria da pecu\u00e1ria.<\/p>\n<p>Os resultados obtidos nesta edi\u00e7\u00e3o confirmam o compromisso cont\u00ednuo do PEC em elevar os padr\u00f5es de qualidade e efici\u00eancia na produ\u00e7\u00e3o de gado no Brasil. Atrav\u00e9s da promo\u00e7\u00e3o de boas pr\u00e1ticas, da dissemina\u00e7\u00e3o de conhecimento nos encontros presenciais com os pecuaristas e assist\u00eancia t\u00e9cnica, o programa desempenha um papel crucial no desenvolvimento sustent\u00e1vel e na evolu\u00e7\u00e3o cont\u00ednua do setor pecu\u00e1rio.<\/p>\n<p>Fabiano Tito, Diretor de Compra de Gado na Minerva Foods, comentou sobre os resultados: &#8220;Os n\u00fameros deste ano refletem o compromisso cont\u00ednuo do setor com a excel\u00eancia na produ\u00e7\u00e3o de gado. Estamos orgulhosos dos avan\u00e7os alcan\u00e7ados e do comprometimento dos pecuaristas em elevar os padr\u00f5es de qualidade. O PEC desempenha um papel fundamental nessa jornada de crescimento e melhoria cont\u00ednua.&#8221;<\/p>\n<p>\u201cOs resultados do PEC s\u00e3o excelentes. O aumento do n\u00famero de pecuaristas e o crescente volume de animais ano ap\u00f3s ano confirmam a intensifica\u00e7\u00e3o do uso de tecnologias, inclusive nutricionais, para eleva\u00e7\u00e3o dos padr\u00f5es de produtividade. Com isso, os produtores tornam-se mais eficientes e colocam no mercado animais com carca\u00e7a de qualidade superior. Nesse sentido, o PEC \u00e9 uma ferramenta moderna, voltada para o sucesso da atividade como um todo, pois ajuda a impulsionar os indicadores do processo produtivo\u201d, assinala Mauricio Graziani, Country Manager da Phibro Sa\u00fade Animal.<\/p>\n<p>\u201cChegamos ao fim de mais uma edi\u00e7\u00e3o do PEC com muita satisfa\u00e7\u00e3o pelo dever cumprido. Pudemos, de uma maneira cada vez mais presente, assessorar os principais produtores, participantes do programa, na visualiza\u00e7\u00e3o de melhores \u00edndices produtivos em cada um dos pilares trabalhados, que s\u00e3o: sanidade, gen\u00e9tica, nutri\u00e7\u00e3o, sustentabilidade, gest\u00e3o e bem-estar animal. O olhar atento a cada um desses pilares contribui para que a pecu\u00e1ria atinja o grau de padroniza\u00e7\u00e3o que o programa preconiza\u201d, finaliza Carlos Godoy, Gerente de Marketing LATAM Norte e Brasil da Biog\u00e9nesis Bag\u00f3.<\/p>\n<p>Confira a lista de vencedores por regi\u00e3o:<\/p>\n<p><strong>Aragua\u00edna\/TO<\/strong><\/p>\n<p><strong>\u00a0<\/strong><\/p>\n<p><strong>Ouro\u00a0\u00a0\u00a0\u00a0 <\/strong>Geraldo Ant\u00f4nio e Marco Aur\u00e9lio Sampaio<\/p>\n<p><strong>Prata\u00a0\u00a0\u00a0\u00a0 <\/strong>Marcelo Motta Zancaner<\/p>\n<p><strong>Bronze <\/strong>Murilo Mustafa Brito Bucar de Abreu<\/p>\n<p>&nbsp;<\/p>\n<p><strong>Jos\u00e9 Bonif\u00e1cio\/SP<\/strong><\/p>\n<p><strong>\u00a0<\/strong><\/p>\n<p><strong>Ouro\u00a0\u00a0\u00a0\u00a0 <\/strong>Marcelo de Almeida Ferreira<\/p>\n<p><strong>Prata\u00a0\u00a0\u00a0\u00a0 <\/strong>Rolemberg Sabadini<\/p>\n<p><strong>Bronze <\/strong>Fazenda Santa Ot\u00edlia Agropecu\u00e1ria<\/p>\n<p>&nbsp;<\/p>\n<p><strong>Barretos\/SP<\/strong><\/p>\n<p><strong>Ouro\u00a0\u00a0\u00a0\u00a0 <\/strong>Agropecu\u00e1ria Guimar\u00e3es<\/p>\n<p><strong>Prata\u00a0\u00a0\u00a0\u00a0 <\/strong>Valter Hiromu Murata<\/p>\n<p><strong>Bronze <\/strong>Nivaldo Evaristo Davoglio<\/p>\n<p>&nbsp;<\/p>\n<p><strong>Mirassol D\u00b4Oeste\/MT<\/strong><\/p>\n<p><strong>\u00a0<\/strong><\/p>\n<p><strong>Ouro\u00a0\u00a0\u00a0\u00a0 <\/strong>Ad\u00e3o Alves Garcia J\u00fanior<\/p>\n<p><strong>Prata\u00a0\u00a0\u00a0\u00a0 <\/strong>Finpec Agroneg\u00f3cios<\/p>\n<p><strong>Bronze <\/strong>Wallace Antunes Gon\u00e7alves<\/p>\n<p>&nbsp;<\/p>\n<p><strong>Jana\u00faba\/MG<\/strong><\/p>\n<p><strong>\u00a0<\/strong><\/p>\n<p><strong>Ouro\u00a0\u00a0\u00a0\u00a0 <\/strong>Ant\u00f4nio Augusto Athayde J\u00fanior<\/p>\n<p><strong>Prata\u00a0\u00a0\u00a0\u00a0 <\/strong>Donizete Batista Gon\u00e7alves<\/p>\n<p><strong>Bronze<\/strong> Jo\u00e3o Evangelista Dias<\/p>\n<p>&nbsp;<\/p>\n<p><strong>Palmeiras de Goi\u00e1s\/GO<\/strong><\/p>\n<p>&nbsp;<\/p>\n<p><strong>Ouro<\/strong>\u00a0\u00a0\u00a0\u00a0 Agrotri Agropecu\u00e1ria Tri\u00e2ngulo<\/p>\n<p><strong>Prata<\/strong>\u00a0\u00a0\u00a0\u00a0 Alaer Luiz Marques<\/p>\n<p><strong>Bronze<\/strong> Jo\u00e3o Batista de Miranda<\/p>\n<p>&nbsp;<\/p>\n<p><strong>Sobre a Minerva Foods\u00a0<\/strong><\/p>\n<p>A Minerva Foods \u00e9 l\u00edder em exporta\u00e7\u00e3o de carne bovina na Am\u00e9rica do Sul e atua tamb\u00e9m no segmento de processados, comercializando seus produtos para mais de 100 pa\u00edses. Al\u00e9m do Brasil, a Minerva Foods est\u00e1 presente no Paraguai, na Argentina, no Uruguai, na Col\u00f4mbia, e possui plantas especializadas em ovinos na Austr\u00e1lia, somando mais de 20 mil colaboradores. A empresa atende a cinco continentes com carne bovina, ovina e seus derivados e opera, hoje, 33 unidades industriais, 12 escrit\u00f3rios internacionais e 14 centros de distribui\u00e7\u00e3o.<\/p>\n<p>&nbsp;<\/p>\n<p>&nbsp;<\/p>\n","protected":false},"excerpt":{"rendered":"<p>PEC 2023 eleva os padr\u00f5es de qualidade na produ\u00e7\u00e3o de<\/p>\n","protected":false},"author":2,"featured_media":98034,"comment_status":"open","ping_status":"open","sticky":false,"template":"","format":"standard","meta":{"footnotes":""},"categories":[14,3],"tags":[],"class_list":["post-98033","post","type-post","status-publish","format-standard","has-post-thumbnail","hentry","category-barretos","category-geral"],"yoast_head":"<!-- This site is optimized with the Yoast SEO plugin v27.4 - https:\/\/yoast.com\/product\/yoast-seo-wordpress\/ -->\n<title>Minerva Foods, Biog\u00e9nedis Bag\u00f3 e Phibro Sa\u00fade Animal anunciam os resultados do Programa de Carca\u00e7as - Regi\u00e3o News<\/title>\n<meta name=\"robots\" content=\"index, follow, max-snippet:-1, max-image-preview:large, max-video-preview:-1\" \/>\n<link rel=\"canonical\" href=\"https:\/\/regiaonews.net.br\/2022\/2023\/11\/21\/minerva-foods-biogenedis-bago-e-phibro-saude-animal-anunciam-os-resultados-do-programa-de-carcacas\/\" \/>\n<meta property=\"og:locale\" content=\"pt_BR\" \/>\n<meta property=\"og:type\" content=\"article\" \/>\n<meta property=\"og:title\" content=\"Minerva Foods, Biog\u00e9nedis Bag\u00f3 e Phibro Sa\u00fade Animal anunciam os resultados do Programa de Carca\u00e7as - Regi\u00e3o News\" \/>\n<meta property=\"og:description\" content=\"PEC 2023 eleva os padr\u00f5es de qualidade na produ\u00e7\u00e3o de\" \/>\n<meta property=\"og:url\" content=\"https:\/\/regiaonews.net.br\/2022\/2023\/11\/21\/minerva-foods-biogenedis-bago-e-phibro-saude-animal-anunciam-os-resultados-do-programa-de-carcacas\/\" \/>\n<meta property=\"og:site_name\" content=\"Regi\u00e3o News\" \/>\n<meta property=\"article:published_time\" content=\"2023-11-21T20:59:21+00:00\" \/>\n<meta property=\"article:modified_time\" content=\"2023-11-21T23:44:16+00:00\" \/>\n<meta property=\"og:image\" content=\"https:\/\/regiaonews.net.br\/2022\/wp-content\/uploads\/2023\/11\/Imagem-do-WhatsApp-de-2023-11-21-as-15.14.57_8043c20e.jpg\" \/>\n\t<meta property=\"og:image:width\" content=\"1600\" \/>\n\t<meta property=\"og:image:height\" content=\"1066\" \/>\n\t<meta property=\"og:image:type\" content=\"image\/jpeg\" \/>\n<meta name=\"author\" content=\"Roberto\" \/>\n<meta name=\"twitter:card\" content=\"summary_large_image\" \/>\n<meta name=\"twitter:label1\" content=\"Escrito por\" \/>\n\t<meta name=\"twitter:data1\" content=\"Roberto\" \/>\n\t<meta name=\"twitter:label2\" content=\"Est. tempo de leitura\" \/>\n\t<meta name=\"twitter:data2\" content=\"4 minutos\" \/>\n<script type=\"application\/ld+json\" class=\"yoast-schema-graph\">{\"@context\":\"https:\\\/\\\/schema.org\",\"@graph\":[{\"@type\":\"Article\",\"@id\":\"https:\\\/\\\/regiaonews.net.br\\\/2022\\\/2023\\\/11\\\/21\\\/minerva-foods-biogenedis-bago-e-phibro-saude-animal-anunciam-os-resultados-do-programa-de-carcacas\\\/#article\",\"isPartOf\":{\"@id\":\"https:\\\/\\\/regiaonews.net.br\\\/2022\\\/2023\\\/11\\\/21\\\/minerva-foods-biogenedis-bago-e-phibro-saude-animal-anunciam-os-resultados-do-programa-de-carcacas\\\/\"},\"author\":{\"name\":\"Roberto\",\"@id\":\"https:\\\/\\\/regiaonews.net.br\\\/2022\\\/#\\\/schema\\\/person\\\/2d205a608a5aa97ac279d7a5e6d89ad8\"},\"headline\":\"Minerva Foods, Biog\u00e9nedis Bag\u00f3 e Phibro Sa\u00fade Animal anunciam os resultados do Programa de Carca\u00e7as\",\"datePublished\":\"2023-11-21T20:59:21+00:00\",\"dateModified\":\"2023-11-21T23:44:16+00:00\",\"mainEntityOfPage\":{\"@id\":\"https:\\\/\\\/regiaonews.net.br\\\/2022\\\/2023\\\/11\\\/21\\\/minerva-foods-biogenedis-bago-e-phibro-saude-animal-anunciam-os-resultados-do-programa-de-carcacas\\\/\"},\"wordCount\":773,\"commentCount\":0,\"publisher\":{\"@id\":\"https:\\\/\\\/regiaonews.net.br\\\/2022\\\/#organization\"},\"image\":{\"@id\":\"https:\\\/\\\/regiaonews.net.br\\\/2022\\\/2023\\\/11\\\/21\\\/minerva-foods-biogenedis-bago-e-phibro-saude-animal-anunciam-os-resultados-do-programa-de-carcacas\\\/#primaryimage\"},\"thumbnailUrl\":\"https:\\\/\\\/regiaonews.net.br\\\/2022\\\/wp-content\\\/uploads\\\/2023\\\/11\\\/Imagem-do-WhatsApp-de-2023-11-21-as-15.14.57_8043c20e.jpg\",\"articleSection\":[\"Barretos\",\"Geral\"],\"inLanguage\":\"pt-BR\",\"potentialAction\":[{\"@type\":\"CommentAction\",\"name\":\"Comment\",\"target\":[\"https:\\\/\\\/regiaonews.net.br\\\/2022\\\/2023\\\/11\\\/21\\\/minerva-foods-biogenedis-bago-e-phibro-saude-animal-anunciam-os-resultados-do-programa-de-carcacas\\\/#respond\"]}]},{\"@type\":\"WebPage\",\"@id\":\"https:\\\/\\\/regiaonews.net.br\\\/2022\\\/2023\\\/11\\\/21\\\/minerva-foods-biogenedis-bago-e-phibro-saude-animal-anunciam-os-resultados-do-programa-de-carcacas\\\/\",\"url\":\"https:\\\/\\\/regiaonews.net.br\\\/2022\\\/2023\\\/11\\\/21\\\/minerva-foods-biogenedis-bago-e-phibro-saude-animal-anunciam-os-resultados-do-programa-de-carcacas\\\/\",\"name\":\"Minerva Foods, Biog\u00e9nedis Bag\u00f3 e Phibro Sa\u00fade Animal anunciam os resultados do Programa de Carca\u00e7as - Regi\u00e3o News\",\"isPartOf\":{\"@id\":\"https:\\\/\\\/regiaonews.net.br\\\/2022\\\/#website\"},\"primaryImageOfPage\":{\"@id\":\"https:\\\/\\\/regiaonews.net.br\\\/2022\\\/2023\\\/11\\\/21\\\/minerva-foods-biogenedis-bago-e-phibro-saude-animal-anunciam-os-resultados-do-programa-de-carcacas\\\/#primaryimage\"},\"image\":{\"@id\":\"https:\\\/\\\/regiaonews.net.br\\\/2022\\\/2023\\\/11\\\/21\\\/minerva-foods-biogenedis-bago-e-phibro-saude-animal-anunciam-os-resultados-do-programa-de-carcacas\\\/#primaryimage\"},\"thumbnailUrl\":\"https:\\\/\\\/regiaonews.net.br\\\/2022\\\/wp-content\\\/uploads\\\/2023\\\/11\\\/Imagem-do-WhatsApp-de-2023-11-21-as-15.14.57_8043c20e.jpg\",\"datePublished\":\"2023-11-21T20:59:21+00:00\",\"dateModified\":\"2023-11-21T23:44:16+00:00\",\"breadcrumb\":{\"@id\":\"https:\\\/\\\/regiaonews.net.br\\\/2022\\\/2023\\\/11\\\/21\\\/minerva-foods-biogenedis-bago-e-phibro-saude-animal-anunciam-os-resultados-do-programa-de-carcacas\\\/#breadcrumb\"},\"inLanguage\":\"pt-BR\",\"potentialAction\":[{\"@type\":\"ReadAction\",\"target\":[\"https:\\\/\\\/regiaonews.net.br\\\/2022\\\/2023\\\/11\\\/21\\\/minerva-foods-biogenedis-bago-e-phibro-saude-animal-anunciam-os-resultados-do-programa-de-carcacas\\\/\"]}]},{\"@type\":\"ImageObject\",\"inLanguage\":\"pt-BR\",\"@id\":\"https:\\\/\\\/regiaonews.net.br\\\/2022\\\/2023\\\/11\\\/21\\\/minerva-foods-biogenedis-bago-e-phibro-saude-animal-anunciam-os-resultados-do-programa-de-carcacas\\\/#primaryimage\",\"url\":\"https:\\\/\\\/regiaonews.net.br\\\/2022\\\/wp-content\\\/uploads\\\/2023\\\/11\\\/Imagem-do-WhatsApp-de-2023-11-21-as-15.14.57_8043c20e.jpg\",\"contentUrl\":\"https:\\\/\\\/regiaonews.net.br\\\/2022\\\/wp-content\\\/uploads\\\/2023\\\/11\\\/Imagem-do-WhatsApp-de-2023-11-21-as-15.14.57_8043c20e.jpg\",\"width\":1600,\"height\":1066},{\"@type\":\"BreadcrumbList\",\"@id\":\"https:\\\/\\\/regiaonews.net.br\\\/2022\\\/2023\\\/11\\\/21\\\/minerva-foods-biogenedis-bago-e-phibro-saude-animal-anunciam-os-resultados-do-programa-de-carcacas\\\/#breadcrumb\",\"itemListElement\":[{\"@type\":\"ListItem\",\"position\":1,\"name\":\"In\u00edcio\",\"item\":\"https:\\\/\\\/regiaonews.net.br\\\/2022\\\/\"},{\"@type\":\"ListItem\",\"position\":2,\"name\":\"Minerva Foods, Biog\u00e9nedis Bag\u00f3 e Phibro Sa\u00fade Animal anunciam os resultados do Programa de Carca\u00e7as\"}]},{\"@type\":\"WebSite\",\"@id\":\"https:\\\/\\\/regiaonews.net.br\\\/2022\\\/#website\",\"url\":\"https:\\\/\\\/regiaonews.net.br\\\/2022\\\/\",\"name\":\"Regi\u00e3o News\",\"description\":\"Site de Not\u00edcias de Barretos e regi\u00e3o\",\"publisher\":{\"@id\":\"https:\\\/\\\/regiaonews.net.br\\\/2022\\\/#organization\"},\"potentialAction\":[{\"@type\":\"SearchAction\",\"target\":{\"@type\":\"EntryPoint\",\"urlTemplate\":\"https:\\\/\\\/regiaonews.net.br\\\/2022\\\/?s={search_term_string}\"},\"query-input\":{\"@type\":\"PropertyValueSpecification\",\"valueRequired\":true,\"valueName\":\"search_term_string\"}}],\"inLanguage\":\"pt-BR\"},{\"@type\":\"Organization\",\"@id\":\"https:\\\/\\\/regiaonews.net.br\\\/2022\\\/#organization\",\"name\":\"Regi\u00e3o News\",\"url\":\"https:\\\/\\\/regiaonews.net.br\\\/2022\\\/\",\"logo\":{\"@type\":\"ImageObject\",\"inLanguage\":\"pt-BR\",\"@id\":\"https:\\\/\\\/regiaonews.net.br\\\/2022\\\/#\\\/schema\\\/logo\\\/image\\\/\",\"url\":\"https:\\\/\\\/regiaonews.net.br\\\/2022\\\/wp-content\\\/uploads\\\/2026\\\/03\\\/regiao-13-anos-scaled.jpg\",\"contentUrl\":\"https:\\\/\\\/regiaonews.net.br\\\/2022\\\/wp-content\\\/uploads\\\/2026\\\/03\\\/regiao-13-anos-scaled.jpg\",\"width\":2560,\"height\":635,\"caption\":\"Regi\u00e3o News\"},\"image\":{\"@id\":\"https:\\\/\\\/regiaonews.net.br\\\/2022\\\/#\\\/schema\\\/logo\\\/image\\\/\"}},{\"@type\":\"Person\",\"@id\":\"https:\\\/\\\/regiaonews.net.br\\\/2022\\\/#\\\/schema\\\/person\\\/2d205a608a5aa97ac279d7a5e6d89ad8\",\"name\":\"Roberto\",\"image\":{\"@type\":\"ImageObject\",\"inLanguage\":\"pt-BR\",\"@id\":\"https:\\\/\\\/secure.gravatar.com\\\/avatar\\\/42749d8b712ff9d59ca93dc150494e5b55a44134482993f5baeb97e61b7ecc89?s=96&d=mm&r=g\",\"url\":\"https:\\\/\\\/secure.gravatar.com\\\/avatar\\\/42749d8b712ff9d59ca93dc150494e5b55a44134482993f5baeb97e61b7ecc89?s=96&d=mm&r=g\",\"contentUrl\":\"https:\\\/\\\/secure.gravatar.com\\\/avatar\\\/42749d8b712ff9d59ca93dc150494e5b55a44134482993f5baeb97e61b7ecc89?s=96&d=mm&r=g\",\"caption\":\"Roberto\"},\"url\":\"https:\\\/\\\/regiaonews.net.br\\\/2022\\\/author\\\/roberto\\\/\"}]}<\/script>\n<!-- \/ Yoast SEO plugin. -->","yoast_head_json":{"title":"Minerva Foods, Biog\u00e9nedis Bag\u00f3 e Phibro Sa\u00fade Animal anunciam os resultados do Programa de Carca\u00e7as - Regi\u00e3o News","robots":{"index":"index","follow":"follow","max-snippet":"max-snippet:-1","max-image-preview":"max-image-preview:large","max-video-preview":"max-video-preview:-1"},"canonical":"https:\/\/regiaonews.net.br\/2022\/2023\/11\/21\/minerva-foods-biogenedis-bago-e-phibro-saude-animal-anunciam-os-resultados-do-programa-de-carcacas\/","og_locale":"pt_BR","og_type":"article","og_title":"Minerva Foods, Biog\u00e9nedis Bag\u00f3 e Phibro Sa\u00fade Animal anunciam os resultados do Programa de Carca\u00e7as - Regi\u00e3o News","og_description":"PEC 2023 eleva os padr\u00f5es de qualidade na produ\u00e7\u00e3o de","og_url":"https:\/\/regiaonews.net.br\/2022\/2023\/11\/21\/minerva-foods-biogenedis-bago-e-phibro-saude-animal-anunciam-os-resultados-do-programa-de-carcacas\/","og_site_name":"Regi\u00e3o News","article_published_time":"2023-11-21T20:59:21+00:00","article_modified_time":"2023-11-21T23:44:16+00:00","og_image":[{"width":1600,"height":1066,"url":"https:\/\/regiaonews.net.br\/2022\/wp-content\/uploads\/2023\/11\/Imagem-do-WhatsApp-de-2023-11-21-as-15.14.57_8043c20e.jpg","type":"image\/jpeg"}],"author":"Roberto","twitter_card":"summary_large_image","twitter_misc":{"Escrito por":"Roberto","Est. tempo de leitura":"4 minutos"},"schema":{"@context":"https:\/\/schema.org","@graph":[{"@type":"Article","@id":"https:\/\/regiaonews.net.br\/2022\/2023\/11\/21\/minerva-foods-biogenedis-bago-e-phibro-saude-animal-anunciam-os-resultados-do-programa-de-carcacas\/#article","isPartOf":{"@id":"https:\/\/regiaonews.net.br\/2022\/2023\/11\/21\/minerva-foods-biogenedis-bago-e-phibro-saude-animal-anunciam-os-resultados-do-programa-de-carcacas\/"},"author":{"name":"Roberto","@id":"https:\/\/regiaonews.net.br\/2022\/#\/schema\/person\/2d205a608a5aa97ac279d7a5e6d89ad8"},"headline":"Minerva Foods, Biog\u00e9nedis Bag\u00f3 e Phibro Sa\u00fade Animal anunciam os resultados do Programa de Carca\u00e7as","datePublished":"2023-11-21T20:59:21+00:00","dateModified":"2023-11-21T23:44:16+00:00","mainEntityOfPage":{"@id":"https:\/\/regiaonews.net.br\/2022\/2023\/11\/21\/minerva-foods-biogenedis-bago-e-phibro-saude-animal-anunciam-os-resultados-do-programa-de-carcacas\/"},"wordCount":773,"commentCount":0,"publisher":{"@id":"https:\/\/regiaonews.net.br\/2022\/#organization"},"image":{"@id":"https:\/\/regiaonews.net.br\/2022\/2023\/11\/21\/minerva-foods-biogenedis-bago-e-phibro-saude-animal-anunciam-os-resultados-do-programa-de-carcacas\/#primaryimage"},"thumbnailUrl":"https:\/\/regiaonews.net.br\/2022\/wp-content\/uploads\/2023\/11\/Imagem-do-WhatsApp-de-2023-11-21-as-15.14.57_8043c20e.jpg","articleSection":["Barretos","Geral"],"inLanguage":"pt-BR","potentialAction":[{"@type":"CommentAction","name":"Comment","target":["https:\/\/regiaonews.net.br\/2022\/2023\/11\/21\/minerva-foods-biogenedis-bago-e-phibro-saude-animal-anunciam-os-resultados-do-programa-de-carcacas\/#respond"]}]},{"@type":"WebPage","@id":"https:\/\/regiaonews.net.br\/2022\/2023\/11\/21\/minerva-foods-biogenedis-bago-e-phibro-saude-animal-anunciam-os-resultados-do-programa-de-carcacas\/","url":"https:\/\/regiaonews.net.br\/2022\/2023\/11\/21\/minerva-foods-biogenedis-bago-e-phibro-saude-animal-anunciam-os-resultados-do-programa-de-carcacas\/","name":"Minerva Foods, Biog\u00e9nedis Bag\u00f3 e Phibro Sa\u00fade Animal anunciam os resultados do Programa de Carca\u00e7as - Regi\u00e3o News","isPartOf":{"@id":"https:\/\/regiaonews.net.br\/2022\/#website"},"primaryImageOfPage":{"@id":"https:\/\/regiaonews.net.br\/2022\/2023\/11\/21\/minerva-foods-biogenedis-bago-e-phibro-saude-animal-anunciam-os-resultados-do-programa-de-carcacas\/#primaryimage"},"image":{"@id":"https:\/\/regiaonews.net.br\/2022\/2023\/11\/21\/minerva-foods-biogenedis-bago-e-phibro-saude-animal-anunciam-os-resultados-do-programa-de-carcacas\/#primaryimage"},"thumbnailUrl":"https:\/\/regiaonews.net.br\/2022\/wp-content\/uploads\/2023\/11\/Imagem-do-WhatsApp-de-2023-11-21-as-15.14.57_8043c20e.jpg","datePublished":"2023-11-21T20:59:21+00:00","dateModified":"2023-11-21T23:44:16+00:00","breadcrumb":{"@id":"https:\/\/regiaonews.net.br\/2022\/2023\/11\/21\/minerva-foods-biogenedis-bago-e-phibro-saude-animal-anunciam-os-resultados-do-programa-de-carcacas\/#breadcrumb"},"inLanguage":"pt-BR","potentialAction":[{"@type":"ReadAction","target":["https:\/\/regiaonews.net.br\/2022\/2023\/11\/21\/minerva-foods-biogenedis-bago-e-phibro-saude-animal-anunciam-os-resultados-do-programa-de-carcacas\/"]}]},{"@type":"ImageObject","inLanguage":"pt-BR","@id":"https:\/\/regiaonews.net.br\/2022\/2023\/11\/21\/minerva-foods-biogenedis-bago-e-phibro-saude-animal-anunciam-os-resultados-do-programa-de-carcacas\/#primaryimage","url":"https:\/\/regiaonews.net.br\/2022\/wp-content\/uploads\/2023\/11\/Imagem-do-WhatsApp-de-2023-11-21-as-15.14.57_8043c20e.jpg","contentUrl":"https:\/\/regiaonews.net.br\/2022\/wp-content\/uploads\/2023\/11\/Imagem-do-WhatsApp-de-2023-11-21-as-15.14.57_8043c20e.jpg","width":1600,"height":1066},{"@type":"BreadcrumbList","@id":"https:\/\/regiaonews.net.br\/2022\/2023\/11\/21\/minerva-foods-biogenedis-bago-e-phibro-saude-animal-anunciam-os-resultados-do-programa-de-carcacas\/#breadcrumb","itemListElement":[{"@type":"ListItem","position":1,"name":"In\u00edcio","item":"https:\/\/regiaonews.net.br\/2022\/"},{"@type":"ListItem","position":2,"name":"Minerva Foods, Biog\u00e9nedis Bag\u00f3 e Phibro Sa\u00fade Animal anunciam os resultados do Programa de Carca\u00e7as"}]},{"@type":"WebSite","@id":"https:\/\/regiaonews.net.br\/2022\/#website","url":"https:\/\/regiaonews.net.br\/2022\/","name":"Regi\u00e3o News","description":"Site de Not\u00edcias de Barretos e regi\u00e3o","publisher":{"@id":"https:\/\/regiaonews.net.br\/2022\/#organization"},"potentialAction":[{"@type":"SearchAction","target":{"@type":"EntryPoint","urlTemplate":"https:\/\/regiaonews.net.br\/2022\/?s={search_term_string}"},"query-input":{"@type":"PropertyValueSpecification","valueRequired":true,"valueName":"search_term_string"}}],"inLanguage":"pt-BR"},{"@type":"Organization","@id":"https:\/\/regiaonews.net.br\/2022\/#organization","name":"Regi\u00e3o News","url":"https:\/\/regiaonews.net.br\/2022\/","logo":{"@type":"ImageObject","inLanguage":"pt-BR","@id":"https:\/\/regiaonews.net.br\/2022\/#\/schema\/logo\/image\/","url":"https:\/\/regiaonews.net.br\/2022\/wp-content\/uploads\/2026\/03\/regiao-13-anos-scaled.jpg","contentUrl":"https:\/\/regiaonews.net.br\/2022\/wp-content\/uploads\/2026\/03\/regiao-13-anos-scaled.jpg","width":2560,"height":635,"caption":"Regi\u00e3o News"},"image":{"@id":"https:\/\/regiaonews.net.br\/2022\/#\/schema\/logo\/image\/"}},{"@type":"Person","@id":"https:\/\/regiaonews.net.br\/2022\/#\/schema\/person\/2d205a608a5aa97ac279d7a5e6d89ad8","name":"Roberto","image":{"@type":"ImageObject","inLanguage":"pt-BR","@id":"https:\/\/secure.gravatar.com\/avatar\/42749d8b712ff9d59ca93dc150494e5b55a44134482993f5baeb97e61b7ecc89?s=96&d=mm&r=g","url":"https:\/\/secure.gravatar.com\/avatar\/42749d8b712ff9d59ca93dc150494e5b55a44134482993f5baeb97e61b7ecc89?s=96&d=mm&r=g","contentUrl":"https:\/\/secure.gravatar.com\/avatar\/42749d8b712ff9d59ca93dc150494e5b55a44134482993f5baeb97e61b7ecc89?s=96&d=mm&r=g","caption":"Roberto"},"url":"https:\/\/regiaonews.net.br\/2022\/author\/roberto\/"}]}},"publishpress_future_action":{"enabled":false,"date":"2026-05-03 18:35:18","action":"change-status","newStatus":"draft","terms":[],"taxonomy":"category","extraData":[]},"publishpress_future_workflow_manual_trigger":{"enabledWorkflows":[]},"_links":{"self":[{"href":"https:\/\/regiaonews.net.br\/2022\/wp-json\/wp\/v2\/posts\/98033","targetHints":{"allow":["GET"]}}],"collection":[{"href":"https:\/\/regiaonews.net.br\/2022\/wp-json\/wp\/v2\/posts"}],"about":[{"href":"https:\/\/regiaonews.net.br\/2022\/wp-json\/wp\/v2\/types\/post"}],"author":[{"embeddable":true,"href":"https:\/\/regiaonews.net.br\/2022\/wp-json\/wp\/v2\/users\/2"}],"replies":[{"embeddable":true,"href":"https:\/\/regiaonews.net.br\/2022\/wp-json\/wp\/v2\/comments?post=98033"}],"version-history":[{"count":3,"href":"https:\/\/regiaonews.net.br\/2022\/wp-json\/wp\/v2\/posts\/98033\/revisions"}],"predecessor-version":[{"id":98047,"href":"https:\/\/regiaonews.net.br\/2022\/wp-json\/wp\/v2\/posts\/98033\/revisions\/98047"}],"wp:featuredmedia":[{"embeddable":true,"href":"https:\/\/regiaonews.net.br\/2022\/wp-json\/wp\/v2\/media\/98034"}],"wp:attachment":[{"href":"https:\/\/regiaonews.net.br\/2022\/wp-json\/wp\/v2\/media?parent=98033"}],"wp:term":[{"taxonomy":"category","embeddable":true,"href":"https:\/\/regiaonews.net.br\/2022\/wp-json\/wp\/v2\/categories?post=98033"},{"taxonomy":"post_tag","embeddable":true,"href":"https:\/\/regiaonews.net.br\/2022\/wp-json\/wp\/v2\/tags?post=98033"}],"curies":[{"name":"wp","href":"https:\/\/api.w.org\/{rel}","templated":true}]}}