{"id":98030,"date":"2023-11-21T17:57:49","date_gmt":"2023-11-21T20:57:49","guid":{"rendered":"https:\/\/regiaonews.net.br\/2022\/?p=98030"},"modified":"2023-11-21T17:57:49","modified_gmt":"2023-11-21T20:57:49","slug":"santa-casa-de-barretos-realiza-missa-para-celebrar-mes-da-prematuridade","status":"publish","type":"post","link":"https:\/\/regiaonews.net.br\/2022\/2023\/11\/21\/santa-casa-de-barretos-realiza-missa-para-celebrar-mes-da-prematuridade\/","title":{"rendered":"Santa Casa de Barretos realiza missa para celebrar \u201cM\u00eas da Prematuridade\u201d"},"content":{"rendered":"<h3 style=\"text-align: center;\">Fam\u00edlias de beb\u00eas que passaram pela UTI Neonatal do hospital demonstraram sua gratid\u00e3o participando da celebra\u00e7\u00e3o.<\/h3>\n<p>Uma missa celebrada pelo Bispo diocesano Dom Milton Kenan J\u00fanior, na Capela do hospital, marcou o in\u00edcio das comemora\u00e7\u00f5es do \u201cM\u00eas da Prematuridade\u201d na Santa Casa de Miseric\u00f3rdia de Barretos, reunindo a equipe da Santa Casa e fam\u00edlias de crian\u00e7as que nasceram prematuras e foram atendidas pelos cuidados da equipe multidisciplinar de profissionais da UTI \u2013 Unidade de Terapia Intensiva Neonatal.<\/p>\n<p>O \u201cM\u00eas da Prematuridade\u201d, tamb\u00e9m conhecido como \u201cNovembro Roxo\u201d, surgiu para a conscientiza\u00e7\u00e3o sobre a condi\u00e7\u00e3o de prematuridade. Um beb\u00ea \u00e9 considerado prematuro quando nasce antes da 37\u00aa semana de gesta\u00e7\u00e3o. Segundo a Organiza\u00e7\u00e3o Mundial da Sa\u00fade \u2013 OMS, essa condi\u00e7\u00e3o pode variar em graus, sendo classificada como extremamente prematuro (menos de 28 semanas), muito prematuro (28 a 32 semanas) ou prematuro moderado a tardio (32 a 37 semanas). No Brasil, mais de 340 mil beb\u00eas nascem prematuramente a cada ano, o que equivale a cerca de 7 mil beb\u00eas a cada semana, segundo dados do Minist\u00e9rio da Sa\u00fade (MS).<\/p>\n<p>Renata dos Santos Pereira Silva de 35 anos, m\u00e3e do Arthur Pereira Zanetoni, de 1 ano e nove meses, participou da missa e conta que teve uma gesta\u00e7\u00e3o tranquila, seguida de um parto normal de urg\u00eancia. \u201cO Arthur nasceu prematuro de sete meses, tivemos algumas intercorr\u00eancias, mas ele recebeu todo tratamento necess\u00e1rio pela equipe da UTI Neonatal da Santa Casa por cem dias, e mais quinze dias de interna\u00e7\u00e3o na pediatria. As complica\u00e7\u00f5es e o parto prematura resultaram numa condi\u00e7\u00e3o de paralisia cerebral. Agora, ap\u00f3s um ano de tratamentos com fisioterapia e fonoaudiologia, ele apresenta uma boa evolu\u00e7\u00e3o, j\u00e1 mostra firmeza no tronco, e \u00e9 tudo no tempo dele\u201d, explicou Renata.<\/p>\n<p>Ainda de acordo com a m\u00e3e do Arthur, \u201ctudo isso que vivemos \u00e9 vit\u00f3ria minha, do meu filho, da minha fam\u00edlia e da equipe de profissionais da Santa Casa de Barretos. Hoje eu celebro a vida do meu filho, com muita sa\u00fade\u201d, enfatizou.<\/p>\n<p>Para Let\u00edcia de Lima Pac\u00edfico Tavares, enfermeira da m\u00e9dia gerente da UTI Neonatal da Santa Casa de Barretos, o \u2018Dia Mundial da Prematuridade\u2019, 17 de novembro, \u00e9 celebrado anualmente pelo hospital com o objetivo de comemorar a sa\u00fade dos beb\u00eas, \u201cos nossos pequenos grandes guerreiros\u201d, diz ela.<\/p>\n<p>\u201cNeste ano adotamos como tema do Novembro Roxo o contato pele a pele, da m\u00e3e, ou pai, com o beb\u00ea prematuro, o chama \u2018m\u00e9todo canguru\u2019, uma das medidas de humaniza\u00e7\u00e3o que desenvolvemos na UTI Neonatal da Santa Casa e que apresenta excelentes resultados. Temos ainda outras abordagens e protocolos aqui na nossa UTI, como a \u2018hora do psiu\u2019, que \u00e9 o momento em que se adapta o ambiente para o aconchego dos nen\u00eas; a ordenha em sala especialmente ambientada para tranquilidade das mam\u00e3es; o banho de ofur\u00f4, para conforto dos beb\u00eas que j\u00e1 podem ficar imersos na \u00e1gua aquecida; al\u00e9m de incentivarmos o aleitamento materno sempre, evitando os bicos artificiais como os de chupeta e de mamadeiras. Tudo isso \u00e9 extremamente importante durante os tratamentos para a evolu\u00e7\u00e3o do beb\u00ea, sempre priorizando o v\u00ednculo materno e paterno\u201d, explica a enfermeira Let\u00edcia.<\/p>\n<p>A UTI Neonatal da Santa Casa de Barretos atualmente disp\u00f5e de vinte quatro leitos, todos eles aos cuidados da equipe multidisciplinar composta por: enfermeiras, t\u00e9cnicas em enfermagem, m\u00e9dicos, fisioterapeutas, fonoaudi\u00f3logos, nutricionistas, psic\u00f3logos, terapeuta ocupacional e assistentes\u00a0sociais.<\/p>\n","protected":false},"excerpt":{"rendered":"<p>Fam\u00edlias de beb\u00eas que passaram pela UTI Neonatal do hospital<\/p>\n","protected":false},"author":2,"featured_media":98031,"comment_status":"open","ping_status":"open","sticky":false,"template":"","format":"standard","meta":{"footnotes":""},"categories":[14,3],"tags":[],"class_list":["post-98030","post","type-post","status-publish","format-standard","has-post-thumbnail","hentry","category-barretos","category-geral"],"yoast_head":"<!-- This site is optimized with the Yoast SEO plugin v27.4 - https:\/\/yoast.com\/product\/yoast-seo-wordpress\/ -->\n<title>Santa Casa de Barretos realiza missa para celebrar \u201cM\u00eas da Prematuridade\u201d - Regi\u00e3o News<\/title>\n<meta name=\"robots\" content=\"index, follow, max-snippet:-1, max-image-preview:large, max-video-preview:-1\" \/>\n<link rel=\"canonical\" href=\"https:\/\/regiaonews.net.br\/2022\/2023\/11\/21\/santa-casa-de-barretos-realiza-missa-para-celebrar-mes-da-prematuridade\/\" \/>\n<meta property=\"og:locale\" content=\"pt_BR\" \/>\n<meta property=\"og:type\" content=\"article\" \/>\n<meta property=\"og:title\" content=\"Santa Casa de Barretos realiza missa para celebrar \u201cM\u00eas da Prematuridade\u201d - Regi\u00e3o News\" \/>\n<meta property=\"og:description\" content=\"Fam\u00edlias de beb\u00eas que passaram pela UTI Neonatal do hospital\" \/>\n<meta property=\"og:url\" content=\"https:\/\/regiaonews.net.br\/2022\/2023\/11\/21\/santa-casa-de-barretos-realiza-missa-para-celebrar-mes-da-prematuridade\/\" \/>\n<meta property=\"og:site_name\" content=\"Regi\u00e3o News\" \/>\n<meta property=\"article:published_time\" content=\"2023-11-21T20:57:49+00:00\" \/>\n<meta property=\"og:image\" content=\"https:\/\/regiaonews.net.br\/2022\/wp-content\/uploads\/2023\/11\/Imagem-do-WhatsApp-de-2023-11-21-as-14.42.23_5e90e581.jpg\" \/>\n\t<meta property=\"og:image:width\" content=\"1024\" \/>\n\t<meta property=\"og:image:height\" content=\"576\" \/>\n\t<meta property=\"og:image:type\" content=\"image\/jpeg\" \/>\n<meta name=\"author\" content=\"Roberto\" \/>\n<meta name=\"twitter:card\" content=\"summary_large_image\" \/>\n<meta name=\"twitter:label1\" content=\"Escrito por\" \/>\n\t<meta name=\"twitter:data1\" content=\"Roberto\" \/>\n\t<meta name=\"twitter:label2\" content=\"Est. tempo de leitura\" \/>\n\t<meta name=\"twitter:data2\" content=\"4 minutos\" \/>\n<script type=\"application\/ld+json\" class=\"yoast-schema-graph\">{\"@context\":\"https:\\\/\\\/schema.org\",\"@graph\":[{\"@type\":\"Article\",\"@id\":\"https:\\\/\\\/regiaonews.net.br\\\/2022\\\/2023\\\/11\\\/21\\\/santa-casa-de-barretos-realiza-missa-para-celebrar-mes-da-prematuridade\\\/#article\",\"isPartOf\":{\"@id\":\"https:\\\/\\\/regiaonews.net.br\\\/2022\\\/2023\\\/11\\\/21\\\/santa-casa-de-barretos-realiza-missa-para-celebrar-mes-da-prematuridade\\\/\"},\"author\":{\"name\":\"Roberto\",\"@id\":\"https:\\\/\\\/regiaonews.net.br\\\/2022\\\/#\\\/schema\\\/person\\\/2d205a608a5aa97ac279d7a5e6d89ad8\"},\"headline\":\"Santa Casa de Barretos realiza missa para celebrar \u201cM\u00eas da Prematuridade\u201d\",\"datePublished\":\"2023-11-21T20:57:49+00:00\",\"mainEntityOfPage\":{\"@id\":\"https:\\\/\\\/regiaonews.net.br\\\/2022\\\/2023\\\/11\\\/21\\\/santa-casa-de-barretos-realiza-missa-para-celebrar-mes-da-prematuridade\\\/\"},\"wordCount\":606,\"commentCount\":0,\"publisher\":{\"@id\":\"https:\\\/\\\/regiaonews.net.br\\\/2022\\\/#organization\"},\"image\":{\"@id\":\"https:\\\/\\\/regiaonews.net.br\\\/2022\\\/2023\\\/11\\\/21\\\/santa-casa-de-barretos-realiza-missa-para-celebrar-mes-da-prematuridade\\\/#primaryimage\"},\"thumbnailUrl\":\"https:\\\/\\\/regiaonews.net.br\\\/2022\\\/wp-content\\\/uploads\\\/2023\\\/11\\\/Imagem-do-WhatsApp-de-2023-11-21-as-14.42.23_5e90e581.jpg\",\"articleSection\":[\"Barretos\",\"Geral\"],\"inLanguage\":\"pt-BR\",\"potentialAction\":[{\"@type\":\"CommentAction\",\"name\":\"Comment\",\"target\":[\"https:\\\/\\\/regiaonews.net.br\\\/2022\\\/2023\\\/11\\\/21\\\/santa-casa-de-barretos-realiza-missa-para-celebrar-mes-da-prematuridade\\\/#respond\"]}]},{\"@type\":\"WebPage\",\"@id\":\"https:\\\/\\\/regiaonews.net.br\\\/2022\\\/2023\\\/11\\\/21\\\/santa-casa-de-barretos-realiza-missa-para-celebrar-mes-da-prematuridade\\\/\",\"url\":\"https:\\\/\\\/regiaonews.net.br\\\/2022\\\/2023\\\/11\\\/21\\\/santa-casa-de-barretos-realiza-missa-para-celebrar-mes-da-prematuridade\\\/\",\"name\":\"Santa Casa de Barretos realiza missa para celebrar \u201cM\u00eas da Prematuridade\u201d - Regi\u00e3o News\",\"isPartOf\":{\"@id\":\"https:\\\/\\\/regiaonews.net.br\\\/2022\\\/#website\"},\"primaryImageOfPage\":{\"@id\":\"https:\\\/\\\/regiaonews.net.br\\\/2022\\\/2023\\\/11\\\/21\\\/santa-casa-de-barretos-realiza-missa-para-celebrar-mes-da-prematuridade\\\/#primaryimage\"},\"image\":{\"@id\":\"https:\\\/\\\/regiaonews.net.br\\\/2022\\\/2023\\\/11\\\/21\\\/santa-casa-de-barretos-realiza-missa-para-celebrar-mes-da-prematuridade\\\/#primaryimage\"},\"thumbnailUrl\":\"https:\\\/\\\/regiaonews.net.br\\\/2022\\\/wp-content\\\/uploads\\\/2023\\\/11\\\/Imagem-do-WhatsApp-de-2023-11-21-as-14.42.23_5e90e581.jpg\",\"datePublished\":\"2023-11-21T20:57:49+00:00\",\"breadcrumb\":{\"@id\":\"https:\\\/\\\/regiaonews.net.br\\\/2022\\\/2023\\\/11\\\/21\\\/santa-casa-de-barretos-realiza-missa-para-celebrar-mes-da-prematuridade\\\/#breadcrumb\"},\"inLanguage\":\"pt-BR\",\"potentialAction\":[{\"@type\":\"ReadAction\",\"target\":[\"https:\\\/\\\/regiaonews.net.br\\\/2022\\\/2023\\\/11\\\/21\\\/santa-casa-de-barretos-realiza-missa-para-celebrar-mes-da-prematuridade\\\/\"]}]},{\"@type\":\"ImageObject\",\"inLanguage\":\"pt-BR\",\"@id\":\"https:\\\/\\\/regiaonews.net.br\\\/2022\\\/2023\\\/11\\\/21\\\/santa-casa-de-barretos-realiza-missa-para-celebrar-mes-da-prematuridade\\\/#primaryimage\",\"url\":\"https:\\\/\\\/regiaonews.net.br\\\/2022\\\/wp-content\\\/uploads\\\/2023\\\/11\\\/Imagem-do-WhatsApp-de-2023-11-21-as-14.42.23_5e90e581.jpg\",\"contentUrl\":\"https:\\\/\\\/regiaonews.net.br\\\/2022\\\/wp-content\\\/uploads\\\/2023\\\/11\\\/Imagem-do-WhatsApp-de-2023-11-21-as-14.42.23_5e90e581.jpg\",\"width\":1024,\"height\":576},{\"@type\":\"BreadcrumbList\",\"@id\":\"https:\\\/\\\/regiaonews.net.br\\\/2022\\\/2023\\\/11\\\/21\\\/santa-casa-de-barretos-realiza-missa-para-celebrar-mes-da-prematuridade\\\/#breadcrumb\",\"itemListElement\":[{\"@type\":\"ListItem\",\"position\":1,\"name\":\"In\u00edcio\",\"item\":\"https:\\\/\\\/regiaonews.net.br\\\/2022\\\/\"},{\"@type\":\"ListItem\",\"position\":2,\"name\":\"Santa Casa de Barretos realiza missa para celebrar \u201cM\u00eas da Prematuridade\u201d\"}]},{\"@type\":\"WebSite\",\"@id\":\"https:\\\/\\\/regiaonews.net.br\\\/2022\\\/#website\",\"url\":\"https:\\\/\\\/regiaonews.net.br\\\/2022\\\/\",\"name\":\"Regi\u00e3o News\",\"description\":\"Site de Not\u00edcias de Barretos e regi\u00e3o\",\"publisher\":{\"@id\":\"https:\\\/\\\/regiaonews.net.br\\\/2022\\\/#organization\"},\"potentialAction\":[{\"@type\":\"SearchAction\",\"target\":{\"@type\":\"EntryPoint\",\"urlTemplate\":\"https:\\\/\\\/regiaonews.net.br\\\/2022\\\/?s={search_term_string}\"},\"query-input\":{\"@type\":\"PropertyValueSpecification\",\"valueRequired\":true,\"valueName\":\"search_term_string\"}}],\"inLanguage\":\"pt-BR\"},{\"@type\":\"Organization\",\"@id\":\"https:\\\/\\\/regiaonews.net.br\\\/2022\\\/#organization\",\"name\":\"Regi\u00e3o News\",\"url\":\"https:\\\/\\\/regiaonews.net.br\\\/2022\\\/\",\"logo\":{\"@type\":\"ImageObject\",\"inLanguage\":\"pt-BR\",\"@id\":\"https:\\\/\\\/regiaonews.net.br\\\/2022\\\/#\\\/schema\\\/logo\\\/image\\\/\",\"url\":\"https:\\\/\\\/regiaonews.net.br\\\/2022\\\/wp-content\\\/uploads\\\/2026\\\/03\\\/regiao-13-anos-scaled.jpg\",\"contentUrl\":\"https:\\\/\\\/regiaonews.net.br\\\/2022\\\/wp-content\\\/uploads\\\/2026\\\/03\\\/regiao-13-anos-scaled.jpg\",\"width\":2560,\"height\":635,\"caption\":\"Regi\u00e3o News\"},\"image\":{\"@id\":\"https:\\\/\\\/regiaonews.net.br\\\/2022\\\/#\\\/schema\\\/logo\\\/image\\\/\"}},{\"@type\":\"Person\",\"@id\":\"https:\\\/\\\/regiaonews.net.br\\\/2022\\\/#\\\/schema\\\/person\\\/2d205a608a5aa97ac279d7a5e6d89ad8\",\"name\":\"Roberto\",\"image\":{\"@type\":\"ImageObject\",\"inLanguage\":\"pt-BR\",\"@id\":\"https:\\\/\\\/secure.gravatar.com\\\/avatar\\\/42749d8b712ff9d59ca93dc150494e5b55a44134482993f5baeb97e61b7ecc89?s=96&d=mm&r=g\",\"url\":\"https:\\\/\\\/secure.gravatar.com\\\/avatar\\\/42749d8b712ff9d59ca93dc150494e5b55a44134482993f5baeb97e61b7ecc89?s=96&d=mm&r=g\",\"contentUrl\":\"https:\\\/\\\/secure.gravatar.com\\\/avatar\\\/42749d8b712ff9d59ca93dc150494e5b55a44134482993f5baeb97e61b7ecc89?s=96&d=mm&r=g\",\"caption\":\"Roberto\"},\"url\":\"https:\\\/\\\/regiaonews.net.br\\\/2022\\\/author\\\/roberto\\\/\"}]}<\/script>\n<!-- \/ Yoast SEO plugin. -->","yoast_head_json":{"title":"Santa Casa de Barretos realiza missa para celebrar \u201cM\u00eas da Prematuridade\u201d - Regi\u00e3o News","robots":{"index":"index","follow":"follow","max-snippet":"max-snippet:-1","max-image-preview":"max-image-preview:large","max-video-preview":"max-video-preview:-1"},"canonical":"https:\/\/regiaonews.net.br\/2022\/2023\/11\/21\/santa-casa-de-barretos-realiza-missa-para-celebrar-mes-da-prematuridade\/","og_locale":"pt_BR","og_type":"article","og_title":"Santa Casa de Barretos realiza missa para celebrar \u201cM\u00eas da Prematuridade\u201d - Regi\u00e3o News","og_description":"Fam\u00edlias de beb\u00eas que passaram pela UTI Neonatal do hospital","og_url":"https:\/\/regiaonews.net.br\/2022\/2023\/11\/21\/santa-casa-de-barretos-realiza-missa-para-celebrar-mes-da-prematuridade\/","og_site_name":"Regi\u00e3o News","article_published_time":"2023-11-21T20:57:49+00:00","og_image":[{"width":1024,"height":576,"url":"https:\/\/regiaonews.net.br\/2022\/wp-content\/uploads\/2023\/11\/Imagem-do-WhatsApp-de-2023-11-21-as-14.42.23_5e90e581.jpg","type":"image\/jpeg"}],"author":"Roberto","twitter_card":"summary_large_image","twitter_misc":{"Escrito por":"Roberto","Est. tempo de leitura":"4 minutos"},"schema":{"@context":"https:\/\/schema.org","@graph":[{"@type":"Article","@id":"https:\/\/regiaonews.net.br\/2022\/2023\/11\/21\/santa-casa-de-barretos-realiza-missa-para-celebrar-mes-da-prematuridade\/#article","isPartOf":{"@id":"https:\/\/regiaonews.net.br\/2022\/2023\/11\/21\/santa-casa-de-barretos-realiza-missa-para-celebrar-mes-da-prematuridade\/"},"author":{"name":"Roberto","@id":"https:\/\/regiaonews.net.br\/2022\/#\/schema\/person\/2d205a608a5aa97ac279d7a5e6d89ad8"},"headline":"Santa Casa de Barretos realiza missa para celebrar \u201cM\u00eas da Prematuridade\u201d","datePublished":"2023-11-21T20:57:49+00:00","mainEntityOfPage":{"@id":"https:\/\/regiaonews.net.br\/2022\/2023\/11\/21\/santa-casa-de-barretos-realiza-missa-para-celebrar-mes-da-prematuridade\/"},"wordCount":606,"commentCount":0,"publisher":{"@id":"https:\/\/regiaonews.net.br\/2022\/#organization"},"image":{"@id":"https:\/\/regiaonews.net.br\/2022\/2023\/11\/21\/santa-casa-de-barretos-realiza-missa-para-celebrar-mes-da-prematuridade\/#primaryimage"},"thumbnailUrl":"https:\/\/regiaonews.net.br\/2022\/wp-content\/uploads\/2023\/11\/Imagem-do-WhatsApp-de-2023-11-21-as-14.42.23_5e90e581.jpg","articleSection":["Barretos","Geral"],"inLanguage":"pt-BR","potentialAction":[{"@type":"CommentAction","name":"Comment","target":["https:\/\/regiaonews.net.br\/2022\/2023\/11\/21\/santa-casa-de-barretos-realiza-missa-para-celebrar-mes-da-prematuridade\/#respond"]}]},{"@type":"WebPage","@id":"https:\/\/regiaonews.net.br\/2022\/2023\/11\/21\/santa-casa-de-barretos-realiza-missa-para-celebrar-mes-da-prematuridade\/","url":"https:\/\/regiaonews.net.br\/2022\/2023\/11\/21\/santa-casa-de-barretos-realiza-missa-para-celebrar-mes-da-prematuridade\/","name":"Santa Casa de Barretos realiza missa para celebrar \u201cM\u00eas da Prematuridade\u201d - Regi\u00e3o News","isPartOf":{"@id":"https:\/\/regiaonews.net.br\/2022\/#website"},"primaryImageOfPage":{"@id":"https:\/\/regiaonews.net.br\/2022\/2023\/11\/21\/santa-casa-de-barretos-realiza-missa-para-celebrar-mes-da-prematuridade\/#primaryimage"},"image":{"@id":"https:\/\/regiaonews.net.br\/2022\/2023\/11\/21\/santa-casa-de-barretos-realiza-missa-para-celebrar-mes-da-prematuridade\/#primaryimage"},"thumbnailUrl":"https:\/\/regiaonews.net.br\/2022\/wp-content\/uploads\/2023\/11\/Imagem-do-WhatsApp-de-2023-11-21-as-14.42.23_5e90e581.jpg","datePublished":"2023-11-21T20:57:49+00:00","breadcrumb":{"@id":"https:\/\/regiaonews.net.br\/2022\/2023\/11\/21\/santa-casa-de-barretos-realiza-missa-para-celebrar-mes-da-prematuridade\/#breadcrumb"},"inLanguage":"pt-BR","potentialAction":[{"@type":"ReadAction","target":["https:\/\/regiaonews.net.br\/2022\/2023\/11\/21\/santa-casa-de-barretos-realiza-missa-para-celebrar-mes-da-prematuridade\/"]}]},{"@type":"ImageObject","inLanguage":"pt-BR","@id":"https:\/\/regiaonews.net.br\/2022\/2023\/11\/21\/santa-casa-de-barretos-realiza-missa-para-celebrar-mes-da-prematuridade\/#primaryimage","url":"https:\/\/regiaonews.net.br\/2022\/wp-content\/uploads\/2023\/11\/Imagem-do-WhatsApp-de-2023-11-21-as-14.42.23_5e90e581.jpg","contentUrl":"https:\/\/regiaonews.net.br\/2022\/wp-content\/uploads\/2023\/11\/Imagem-do-WhatsApp-de-2023-11-21-as-14.42.23_5e90e581.jpg","width":1024,"height":576},{"@type":"BreadcrumbList","@id":"https:\/\/regiaonews.net.br\/2022\/2023\/11\/21\/santa-casa-de-barretos-realiza-missa-para-celebrar-mes-da-prematuridade\/#breadcrumb","itemListElement":[{"@type":"ListItem","position":1,"name":"In\u00edcio","item":"https:\/\/regiaonews.net.br\/2022\/"},{"@type":"ListItem","position":2,"name":"Santa Casa de Barretos realiza missa para celebrar \u201cM\u00eas da Prematuridade\u201d"}]},{"@type":"WebSite","@id":"https:\/\/regiaonews.net.br\/2022\/#website","url":"https:\/\/regiaonews.net.br\/2022\/","name":"Regi\u00e3o News","description":"Site de Not\u00edcias de Barretos e regi\u00e3o","publisher":{"@id":"https:\/\/regiaonews.net.br\/2022\/#organization"},"potentialAction":[{"@type":"SearchAction","target":{"@type":"EntryPoint","urlTemplate":"https:\/\/regiaonews.net.br\/2022\/?s={search_term_string}"},"query-input":{"@type":"PropertyValueSpecification","valueRequired":true,"valueName":"search_term_string"}}],"inLanguage":"pt-BR"},{"@type":"Organization","@id":"https:\/\/regiaonews.net.br\/2022\/#organization","name":"Regi\u00e3o News","url":"https:\/\/regiaonews.net.br\/2022\/","logo":{"@type":"ImageObject","inLanguage":"pt-BR","@id":"https:\/\/regiaonews.net.br\/2022\/#\/schema\/logo\/image\/","url":"https:\/\/regiaonews.net.br\/2022\/wp-content\/uploads\/2026\/03\/regiao-13-anos-scaled.jpg","contentUrl":"https:\/\/regiaonews.net.br\/2022\/wp-content\/uploads\/2026\/03\/regiao-13-anos-scaled.jpg","width":2560,"height":635,"caption":"Regi\u00e3o News"},"image":{"@id":"https:\/\/regiaonews.net.br\/2022\/#\/schema\/logo\/image\/"}},{"@type":"Person","@id":"https:\/\/regiaonews.net.br\/2022\/#\/schema\/person\/2d205a608a5aa97ac279d7a5e6d89ad8","name":"Roberto","image":{"@type":"ImageObject","inLanguage":"pt-BR","@id":"https:\/\/secure.gravatar.com\/avatar\/42749d8b712ff9d59ca93dc150494e5b55a44134482993f5baeb97e61b7ecc89?s=96&d=mm&r=g","url":"https:\/\/secure.gravatar.com\/avatar\/42749d8b712ff9d59ca93dc150494e5b55a44134482993f5baeb97e61b7ecc89?s=96&d=mm&r=g","contentUrl":"https:\/\/secure.gravatar.com\/avatar\/42749d8b712ff9d59ca93dc150494e5b55a44134482993f5baeb97e61b7ecc89?s=96&d=mm&r=g","caption":"Roberto"},"url":"https:\/\/regiaonews.net.br\/2022\/author\/roberto\/"}]}},"publishpress_future_action":{"enabled":false,"date":"2026-05-03 20:31:35","action":"change-status","newStatus":"draft","terms":[],"taxonomy":"category","extraData":[]},"publishpress_future_workflow_manual_trigger":{"enabledWorkflows":[]},"_links":{"self":[{"href":"https:\/\/regiaonews.net.br\/2022\/wp-json\/wp\/v2\/posts\/98030","targetHints":{"allow":["GET"]}}],"collection":[{"href":"https:\/\/regiaonews.net.br\/2022\/wp-json\/wp\/v2\/posts"}],"about":[{"href":"https:\/\/regiaonews.net.br\/2022\/wp-json\/wp\/v2\/types\/post"}],"author":[{"embeddable":true,"href":"https:\/\/regiaonews.net.br\/2022\/wp-json\/wp\/v2\/users\/2"}],"replies":[{"embeddable":true,"href":"https:\/\/regiaonews.net.br\/2022\/wp-json\/wp\/v2\/comments?post=98030"}],"version-history":[{"count":1,"href":"https:\/\/regiaonews.net.br\/2022\/wp-json\/wp\/v2\/posts\/98030\/revisions"}],"predecessor-version":[{"id":98032,"href":"https:\/\/regiaonews.net.br\/2022\/wp-json\/wp\/v2\/posts\/98030\/revisions\/98032"}],"wp:featuredmedia":[{"embeddable":true,"href":"https:\/\/regiaonews.net.br\/2022\/wp-json\/wp\/v2\/media\/98031"}],"wp:attachment":[{"href":"https:\/\/regiaonews.net.br\/2022\/wp-json\/wp\/v2\/media?parent=98030"}],"wp:term":[{"taxonomy":"category","embeddable":true,"href":"https:\/\/regiaonews.net.br\/2022\/wp-json\/wp\/v2\/categories?post=98030"},{"taxonomy":"post_tag","embeddable":true,"href":"https:\/\/regiaonews.net.br\/2022\/wp-json\/wp\/v2\/tags?post=98030"}],"curies":[{"name":"wp","href":"https:\/\/api.w.org\/{rel}","templated":true}]}}