{"id":98001,"date":"2023-11-20T19:03:17","date_gmt":"2023-11-20T22:03:17","guid":{"rendered":"https:\/\/regiaonews.net.br\/2022\/?p=98001"},"modified":"2023-11-20T19:04:39","modified_gmt":"2023-11-20T22:04:39","slug":"maior-simbolo-nacional-bandeira-do-brasil-e-carregada-ha-3-anos-por-tenente-da-rota-privilegio","status":"publish","type":"post","link":"https:\/\/regiaonews.net.br\/2022\/2023\/11\/20\/maior-simbolo-nacional-bandeira-do-brasil-e-carregada-ha-3-anos-por-tenente-da-rota-privilegio\/","title":{"rendered":"Maior s\u00edmbolo nacional, bandeira do Brasil \u00e9 carregada h\u00e1 3 anos por tenente da Rota: &#8220;Privil\u00e9gio&#8221;"},"content":{"rendered":"<div class=\"col-lg-12 mt-2 justify\">\n<h5 class=\"justify\"><\/h5>\n<\/div>\n<div class=\"col-lg-12 mt-3 justify\">\n<div>\n<div>Cantar o hino nacional brasileiro \u00e9 um momento aguardado por todos os policiais em uma solenidade. O sentimento de pertencer a uma na\u00e7\u00e3o \u00e9 ouvido e sentido ao verem em destaque a bandeira nacional, cuja data \u00e9 comemorada neste domingo (19). Na Pol\u00edcia Militar, a responsabilidade de carregar a bandeira no pavilh\u00e3o fica a cargo dos 1\u00ba e 2\u00ba tenentes.<\/div>\n<div><\/div>\n<div>H\u00e1 nove anos na PM, o 1\u00ba tenente Victor Anversi exerce a fun\u00e7\u00e3o de porta-bandeira em eventos da Rondas Ostensivas Tobias de Aguiar (Rota) h\u00e1 3 anos e meio, assim que entrou para o batalh\u00e3o de elite. Para ele, \u00e9 uma honra poder representar o pa\u00eds.<\/div>\n<div><\/div>\n<div>\u201cA sensa\u00e7\u00e3o \u00e9 de privil\u00e9gio. \u00c9 muito gratificante poder representar nosso pa\u00eds e carregar nosso maior s\u00edmbolo nacional. Mas n\u00e3o s\u00f3 isso, \u00e9 tamb\u00e9m carregar a bandeira paulista e o nosso bras\u00e3o e boina, que s\u00e3o os maiores s\u00edmbolos do batalh\u00e3o\u201d, diz Anversi.<\/div>\n<div><\/div>\n<div>H\u00e1 duas situa\u00e7\u00f5es em que a bandeira nacional \u00e9 empregada por porta-bandeiras nas solenidades. Na primeira, a bandeira nacional, do Estado e a do batalh\u00e3o, s\u00e3o levadas pela guarda at\u00e9 o dispositivo em forma. J\u00e1 na segunda, apenas a bandeira do pa\u00eds \u00e9 levada pelo tenente, que toma posi\u00e7\u00e3o de destaque em frente \u00e0 tropa. Este caso \u00e9 comum em formaturas e entregas de medalhas.<\/div>\n<div><\/div>\n<div>Dentre tantos eventos que j\u00e1 participou como porta-bandeira, o tenente comenta que os anivers\u00e1rios da Rota s\u00e3o os que mais marcaram sua vida. \u201cTamb\u00e9m \u00e9 a realiza\u00e7\u00e3o de um sonho\u201d, conta.<\/div>\n<div><\/div>\n<div>Todos os 1\u00ba e 2\u00ba tenentes do batalh\u00e3o podem se voluntariar para a fun\u00e7\u00e3o de porta-bandeira, que passa por um treinamento espec\u00edfico e aprende movimentos de passo cadenciado e a forma correta de carregar o estandarte. Ap\u00f3s os eventos, a fl\u00e2mula \u00e9 guardada em um relic\u00e1rio que fica na sala do comandante.<\/div>\n<div><\/div>\n<div><b>Bandeira Nacional<\/b><\/div>\n<div><\/div>\n<div>A Bandeira do Brasil foi institu\u00edda em 19 de novembro de 1889, e representa um dos quatro s\u00edmbolos oficiais do pa\u00eds, assim como o hino, o bras\u00e3o e o selo nacional.<\/div>\n<div><\/div>\n<div>Suas cores foram inspiradas na bandeira do Imp\u00e9rio brasileiro: o verde representa a Casa de Bragan\u00e7a, da fam\u00edlia real portuguesa, e o amarelo representa a fam\u00edlia da imperatriz Leopoldina, os Habsburgos.<\/div>\n<div><\/div>\n<div>O lema \u201cOrdem e Progresso\u201d foi inspirado na frase de Augusto Conte, criador da corrente filos\u00f3fica positivista do s\u00e9culo XIX. \u201cO amor por princ\u00edpio e a ordem por base, o progresso por fim\u201d. Para ele, o progresso seria um resultado da ordem.<\/div>\n<div><\/div>\n<div>J\u00e1 as estrelas simbolizam os 26 estados e o Distrito Federal. O formato que elas est\u00e3o na bandeira representa a Constela\u00e7\u00e3o Cruzeiro do Sul, em 15 de novembro de 1889, quando foi proclamada a Rep\u00fablica do Brasil.<\/div>\n<\/div>\n<\/div>\n","protected":false},"excerpt":{"rendered":"<p>Cantar o hino nacional brasileiro \u00e9 um momento aguardado por<\/p>\n","protected":false},"author":2,"featured_media":97979,"comment_status":"open","ping_status":"open","sticky":false,"template":"","format":"standard","meta":{"footnotes":""},"categories":[25,7],"tags":[],"class_list":["post-98001","post","type-post","status-publish","format-standard","has-post-thumbnail","hentry","category-cidades","category-estado-de-sao-paulo"],"yoast_head":"<!-- This site is optimized with the Yoast SEO plugin v27.4 - https:\/\/yoast.com\/product\/yoast-seo-wordpress\/ -->\n<title>Maior s\u00edmbolo nacional, bandeira do Brasil \u00e9 carregada h\u00e1 3 anos por tenente da Rota: &quot;Privil\u00e9gio&quot; - Regi\u00e3o News<\/title>\n<meta name=\"robots\" content=\"index, follow, max-snippet:-1, max-image-preview:large, max-video-preview:-1\" \/>\n<link rel=\"canonical\" href=\"https:\/\/regiaonews.net.br\/2022\/2023\/11\/20\/maior-simbolo-nacional-bandeira-do-brasil-e-carregada-ha-3-anos-por-tenente-da-rota-privilegio\/\" \/>\n<meta property=\"og:locale\" content=\"pt_BR\" \/>\n<meta property=\"og:type\" content=\"article\" \/>\n<meta property=\"og:title\" content=\"Maior s\u00edmbolo nacional, bandeira do Brasil \u00e9 carregada h\u00e1 3 anos por tenente da Rota: &quot;Privil\u00e9gio&quot; - Regi\u00e3o News\" \/>\n<meta property=\"og:description\" content=\"Cantar o hino nacional brasileiro \u00e9 um momento aguardado por\" \/>\n<meta property=\"og:url\" content=\"https:\/\/regiaonews.net.br\/2022\/2023\/11\/20\/maior-simbolo-nacional-bandeira-do-brasil-e-carregada-ha-3-anos-por-tenente-da-rota-privilegio\/\" \/>\n<meta property=\"og:site_name\" content=\"Regi\u00e3o News\" \/>\n<meta property=\"article:published_time\" content=\"2023-11-20T22:03:17+00:00\" \/>\n<meta property=\"article:modified_time\" content=\"2023-11-20T22:04:39+00:00\" \/>\n<meta property=\"og:image\" content=\"https:\/\/regiaonews.net.br\/2022\/wp-content\/uploads\/2023\/11\/m_62_0_1_17112023164359-1.jpg\" \/>\n\t<meta property=\"og:image:width\" content=\"900\" \/>\n\t<meta property=\"og:image:height\" content=\"598\" \/>\n\t<meta property=\"og:image:type\" content=\"image\/jpeg\" \/>\n<meta name=\"author\" content=\"Roberto\" \/>\n<meta name=\"twitter:card\" content=\"summary_large_image\" \/>\n<meta name=\"twitter:label1\" content=\"Escrito por\" \/>\n\t<meta name=\"twitter:data1\" content=\"Roberto\" \/>\n\t<meta name=\"twitter:label2\" content=\"Est. tempo de leitura\" \/>\n\t<meta name=\"twitter:data2\" content=\"3 minutos\" \/>\n<script type=\"application\/ld+json\" class=\"yoast-schema-graph\">{\"@context\":\"https:\\\/\\\/schema.org\",\"@graph\":[{\"@type\":\"Article\",\"@id\":\"https:\\\/\\\/regiaonews.net.br\\\/2022\\\/2023\\\/11\\\/20\\\/maior-simbolo-nacional-bandeira-do-brasil-e-carregada-ha-3-anos-por-tenente-da-rota-privilegio\\\/#article\",\"isPartOf\":{\"@id\":\"https:\\\/\\\/regiaonews.net.br\\\/2022\\\/2023\\\/11\\\/20\\\/maior-simbolo-nacional-bandeira-do-brasil-e-carregada-ha-3-anos-por-tenente-da-rota-privilegio\\\/\"},\"author\":{\"name\":\"Roberto\",\"@id\":\"https:\\\/\\\/regiaonews.net.br\\\/2022\\\/#\\\/schema\\\/person\\\/2d205a608a5aa97ac279d7a5e6d89ad8\"},\"headline\":\"Maior s\u00edmbolo nacional, bandeira do Brasil \u00e9 carregada h\u00e1 3 anos por tenente da Rota: &#8220;Privil\u00e9gio&#8221;\",\"datePublished\":\"2023-11-20T22:03:17+00:00\",\"dateModified\":\"2023-11-20T22:04:39+00:00\",\"mainEntityOfPage\":{\"@id\":\"https:\\\/\\\/regiaonews.net.br\\\/2022\\\/2023\\\/11\\\/20\\\/maior-simbolo-nacional-bandeira-do-brasil-e-carregada-ha-3-anos-por-tenente-da-rota-privilegio\\\/\"},\"wordCount\":476,\"commentCount\":0,\"publisher\":{\"@id\":\"https:\\\/\\\/regiaonews.net.br\\\/2022\\\/#organization\"},\"image\":{\"@id\":\"https:\\\/\\\/regiaonews.net.br\\\/2022\\\/2023\\\/11\\\/20\\\/maior-simbolo-nacional-bandeira-do-brasil-e-carregada-ha-3-anos-por-tenente-da-rota-privilegio\\\/#primaryimage\"},\"thumbnailUrl\":\"https:\\\/\\\/regiaonews.net.br\\\/2022\\\/wp-content\\\/uploads\\\/2023\\\/11\\\/m_62_0_1_17112023164359-1.jpg\",\"articleSection\":[\"Cidades\",\"Estado de S\u00e3o Paulo\"],\"inLanguage\":\"pt-BR\",\"potentialAction\":[{\"@type\":\"CommentAction\",\"name\":\"Comment\",\"target\":[\"https:\\\/\\\/regiaonews.net.br\\\/2022\\\/2023\\\/11\\\/20\\\/maior-simbolo-nacional-bandeira-do-brasil-e-carregada-ha-3-anos-por-tenente-da-rota-privilegio\\\/#respond\"]}]},{\"@type\":\"WebPage\",\"@id\":\"https:\\\/\\\/regiaonews.net.br\\\/2022\\\/2023\\\/11\\\/20\\\/maior-simbolo-nacional-bandeira-do-brasil-e-carregada-ha-3-anos-por-tenente-da-rota-privilegio\\\/\",\"url\":\"https:\\\/\\\/regiaonews.net.br\\\/2022\\\/2023\\\/11\\\/20\\\/maior-simbolo-nacional-bandeira-do-brasil-e-carregada-ha-3-anos-por-tenente-da-rota-privilegio\\\/\",\"name\":\"Maior s\u00edmbolo nacional, bandeira do Brasil \u00e9 carregada h\u00e1 3 anos por tenente da Rota: \\\"Privil\u00e9gio\\\" - Regi\u00e3o News\",\"isPartOf\":{\"@id\":\"https:\\\/\\\/regiaonews.net.br\\\/2022\\\/#website\"},\"primaryImageOfPage\":{\"@id\":\"https:\\\/\\\/regiaonews.net.br\\\/2022\\\/2023\\\/11\\\/20\\\/maior-simbolo-nacional-bandeira-do-brasil-e-carregada-ha-3-anos-por-tenente-da-rota-privilegio\\\/#primaryimage\"},\"image\":{\"@id\":\"https:\\\/\\\/regiaonews.net.br\\\/2022\\\/2023\\\/11\\\/20\\\/maior-simbolo-nacional-bandeira-do-brasil-e-carregada-ha-3-anos-por-tenente-da-rota-privilegio\\\/#primaryimage\"},\"thumbnailUrl\":\"https:\\\/\\\/regiaonews.net.br\\\/2022\\\/wp-content\\\/uploads\\\/2023\\\/11\\\/m_62_0_1_17112023164359-1.jpg\",\"datePublished\":\"2023-11-20T22:03:17+00:00\",\"dateModified\":\"2023-11-20T22:04:39+00:00\",\"breadcrumb\":{\"@id\":\"https:\\\/\\\/regiaonews.net.br\\\/2022\\\/2023\\\/11\\\/20\\\/maior-simbolo-nacional-bandeira-do-brasil-e-carregada-ha-3-anos-por-tenente-da-rota-privilegio\\\/#breadcrumb\"},\"inLanguage\":\"pt-BR\",\"potentialAction\":[{\"@type\":\"ReadAction\",\"target\":[\"https:\\\/\\\/regiaonews.net.br\\\/2022\\\/2023\\\/11\\\/20\\\/maior-simbolo-nacional-bandeira-do-brasil-e-carregada-ha-3-anos-por-tenente-da-rota-privilegio\\\/\"]}]},{\"@type\":\"ImageObject\",\"inLanguage\":\"pt-BR\",\"@id\":\"https:\\\/\\\/regiaonews.net.br\\\/2022\\\/2023\\\/11\\\/20\\\/maior-simbolo-nacional-bandeira-do-brasil-e-carregada-ha-3-anos-por-tenente-da-rota-privilegio\\\/#primaryimage\",\"url\":\"https:\\\/\\\/regiaonews.net.br\\\/2022\\\/wp-content\\\/uploads\\\/2023\\\/11\\\/m_62_0_1_17112023164359-1.jpg\",\"contentUrl\":\"https:\\\/\\\/regiaonews.net.br\\\/2022\\\/wp-content\\\/uploads\\\/2023\\\/11\\\/m_62_0_1_17112023164359-1.jpg\",\"width\":900,\"height\":598},{\"@type\":\"BreadcrumbList\",\"@id\":\"https:\\\/\\\/regiaonews.net.br\\\/2022\\\/2023\\\/11\\\/20\\\/maior-simbolo-nacional-bandeira-do-brasil-e-carregada-ha-3-anos-por-tenente-da-rota-privilegio\\\/#breadcrumb\",\"itemListElement\":[{\"@type\":\"ListItem\",\"position\":1,\"name\":\"In\u00edcio\",\"item\":\"https:\\\/\\\/regiaonews.net.br\\\/2022\\\/\"},{\"@type\":\"ListItem\",\"position\":2,\"name\":\"Maior s\u00edmbolo nacional, bandeira do Brasil \u00e9 carregada h\u00e1 3 anos por tenente da Rota: &#8220;Privil\u00e9gio&#8221;\"}]},{\"@type\":\"WebSite\",\"@id\":\"https:\\\/\\\/regiaonews.net.br\\\/2022\\\/#website\",\"url\":\"https:\\\/\\\/regiaonews.net.br\\\/2022\\\/\",\"name\":\"Regi\u00e3o News\",\"description\":\"Site de Not\u00edcias de Barretos e regi\u00e3o\",\"publisher\":{\"@id\":\"https:\\\/\\\/regiaonews.net.br\\\/2022\\\/#organization\"},\"potentialAction\":[{\"@type\":\"SearchAction\",\"target\":{\"@type\":\"EntryPoint\",\"urlTemplate\":\"https:\\\/\\\/regiaonews.net.br\\\/2022\\\/?s={search_term_string}\"},\"query-input\":{\"@type\":\"PropertyValueSpecification\",\"valueRequired\":true,\"valueName\":\"search_term_string\"}}],\"inLanguage\":\"pt-BR\"},{\"@type\":\"Organization\",\"@id\":\"https:\\\/\\\/regiaonews.net.br\\\/2022\\\/#organization\",\"name\":\"Regi\u00e3o News\",\"url\":\"https:\\\/\\\/regiaonews.net.br\\\/2022\\\/\",\"logo\":{\"@type\":\"ImageObject\",\"inLanguage\":\"pt-BR\",\"@id\":\"https:\\\/\\\/regiaonews.net.br\\\/2022\\\/#\\\/schema\\\/logo\\\/image\\\/\",\"url\":\"https:\\\/\\\/regiaonews.net.br\\\/2022\\\/wp-content\\\/uploads\\\/2026\\\/03\\\/regiao-13-anos-scaled.jpg\",\"contentUrl\":\"https:\\\/\\\/regiaonews.net.br\\\/2022\\\/wp-content\\\/uploads\\\/2026\\\/03\\\/regiao-13-anos-scaled.jpg\",\"width\":2560,\"height\":635,\"caption\":\"Regi\u00e3o News\"},\"image\":{\"@id\":\"https:\\\/\\\/regiaonews.net.br\\\/2022\\\/#\\\/schema\\\/logo\\\/image\\\/\"}},{\"@type\":\"Person\",\"@id\":\"https:\\\/\\\/regiaonews.net.br\\\/2022\\\/#\\\/schema\\\/person\\\/2d205a608a5aa97ac279d7a5e6d89ad8\",\"name\":\"Roberto\",\"image\":{\"@type\":\"ImageObject\",\"inLanguage\":\"pt-BR\",\"@id\":\"https:\\\/\\\/secure.gravatar.com\\\/avatar\\\/42749d8b712ff9d59ca93dc150494e5b55a44134482993f5baeb97e61b7ecc89?s=96&d=mm&r=g\",\"url\":\"https:\\\/\\\/secure.gravatar.com\\\/avatar\\\/42749d8b712ff9d59ca93dc150494e5b55a44134482993f5baeb97e61b7ecc89?s=96&d=mm&r=g\",\"contentUrl\":\"https:\\\/\\\/secure.gravatar.com\\\/avatar\\\/42749d8b712ff9d59ca93dc150494e5b55a44134482993f5baeb97e61b7ecc89?s=96&d=mm&r=g\",\"caption\":\"Roberto\"},\"url\":\"https:\\\/\\\/regiaonews.net.br\\\/2022\\\/author\\\/roberto\\\/\"}]}<\/script>\n<!-- \/ Yoast SEO plugin. -->","yoast_head_json":{"title":"Maior s\u00edmbolo nacional, bandeira do Brasil \u00e9 carregada h\u00e1 3 anos por tenente da Rota: \"Privil\u00e9gio\" - Regi\u00e3o News","robots":{"index":"index","follow":"follow","max-snippet":"max-snippet:-1","max-image-preview":"max-image-preview:large","max-video-preview":"max-video-preview:-1"},"canonical":"https:\/\/regiaonews.net.br\/2022\/2023\/11\/20\/maior-simbolo-nacional-bandeira-do-brasil-e-carregada-ha-3-anos-por-tenente-da-rota-privilegio\/","og_locale":"pt_BR","og_type":"article","og_title":"Maior s\u00edmbolo nacional, bandeira do Brasil \u00e9 carregada h\u00e1 3 anos por tenente da Rota: \"Privil\u00e9gio\" - Regi\u00e3o News","og_description":"Cantar o hino nacional brasileiro \u00e9 um momento aguardado por","og_url":"https:\/\/regiaonews.net.br\/2022\/2023\/11\/20\/maior-simbolo-nacional-bandeira-do-brasil-e-carregada-ha-3-anos-por-tenente-da-rota-privilegio\/","og_site_name":"Regi\u00e3o News","article_published_time":"2023-11-20T22:03:17+00:00","article_modified_time":"2023-11-20T22:04:39+00:00","og_image":[{"width":900,"height":598,"url":"https:\/\/regiaonews.net.br\/2022\/wp-content\/uploads\/2023\/11\/m_62_0_1_17112023164359-1.jpg","type":"image\/jpeg"}],"author":"Roberto","twitter_card":"summary_large_image","twitter_misc":{"Escrito por":"Roberto","Est. tempo de leitura":"3 minutos"},"schema":{"@context":"https:\/\/schema.org","@graph":[{"@type":"Article","@id":"https:\/\/regiaonews.net.br\/2022\/2023\/11\/20\/maior-simbolo-nacional-bandeira-do-brasil-e-carregada-ha-3-anos-por-tenente-da-rota-privilegio\/#article","isPartOf":{"@id":"https:\/\/regiaonews.net.br\/2022\/2023\/11\/20\/maior-simbolo-nacional-bandeira-do-brasil-e-carregada-ha-3-anos-por-tenente-da-rota-privilegio\/"},"author":{"name":"Roberto","@id":"https:\/\/regiaonews.net.br\/2022\/#\/schema\/person\/2d205a608a5aa97ac279d7a5e6d89ad8"},"headline":"Maior s\u00edmbolo nacional, bandeira do Brasil \u00e9 carregada h\u00e1 3 anos por tenente da Rota: &#8220;Privil\u00e9gio&#8221;","datePublished":"2023-11-20T22:03:17+00:00","dateModified":"2023-11-20T22:04:39+00:00","mainEntityOfPage":{"@id":"https:\/\/regiaonews.net.br\/2022\/2023\/11\/20\/maior-simbolo-nacional-bandeira-do-brasil-e-carregada-ha-3-anos-por-tenente-da-rota-privilegio\/"},"wordCount":476,"commentCount":0,"publisher":{"@id":"https:\/\/regiaonews.net.br\/2022\/#organization"},"image":{"@id":"https:\/\/regiaonews.net.br\/2022\/2023\/11\/20\/maior-simbolo-nacional-bandeira-do-brasil-e-carregada-ha-3-anos-por-tenente-da-rota-privilegio\/#primaryimage"},"thumbnailUrl":"https:\/\/regiaonews.net.br\/2022\/wp-content\/uploads\/2023\/11\/m_62_0_1_17112023164359-1.jpg","articleSection":["Cidades","Estado de S\u00e3o Paulo"],"inLanguage":"pt-BR","potentialAction":[{"@type":"CommentAction","name":"Comment","target":["https:\/\/regiaonews.net.br\/2022\/2023\/11\/20\/maior-simbolo-nacional-bandeira-do-brasil-e-carregada-ha-3-anos-por-tenente-da-rota-privilegio\/#respond"]}]},{"@type":"WebPage","@id":"https:\/\/regiaonews.net.br\/2022\/2023\/11\/20\/maior-simbolo-nacional-bandeira-do-brasil-e-carregada-ha-3-anos-por-tenente-da-rota-privilegio\/","url":"https:\/\/regiaonews.net.br\/2022\/2023\/11\/20\/maior-simbolo-nacional-bandeira-do-brasil-e-carregada-ha-3-anos-por-tenente-da-rota-privilegio\/","name":"Maior s\u00edmbolo nacional, bandeira do Brasil \u00e9 carregada h\u00e1 3 anos por tenente da Rota: \"Privil\u00e9gio\" - Regi\u00e3o News","isPartOf":{"@id":"https:\/\/regiaonews.net.br\/2022\/#website"},"primaryImageOfPage":{"@id":"https:\/\/regiaonews.net.br\/2022\/2023\/11\/20\/maior-simbolo-nacional-bandeira-do-brasil-e-carregada-ha-3-anos-por-tenente-da-rota-privilegio\/#primaryimage"},"image":{"@id":"https:\/\/regiaonews.net.br\/2022\/2023\/11\/20\/maior-simbolo-nacional-bandeira-do-brasil-e-carregada-ha-3-anos-por-tenente-da-rota-privilegio\/#primaryimage"},"thumbnailUrl":"https:\/\/regiaonews.net.br\/2022\/wp-content\/uploads\/2023\/11\/m_62_0_1_17112023164359-1.jpg","datePublished":"2023-11-20T22:03:17+00:00","dateModified":"2023-11-20T22:04:39+00:00","breadcrumb":{"@id":"https:\/\/regiaonews.net.br\/2022\/2023\/11\/20\/maior-simbolo-nacional-bandeira-do-brasil-e-carregada-ha-3-anos-por-tenente-da-rota-privilegio\/#breadcrumb"},"inLanguage":"pt-BR","potentialAction":[{"@type":"ReadAction","target":["https:\/\/regiaonews.net.br\/2022\/2023\/11\/20\/maior-simbolo-nacional-bandeira-do-brasil-e-carregada-ha-3-anos-por-tenente-da-rota-privilegio\/"]}]},{"@type":"ImageObject","inLanguage":"pt-BR","@id":"https:\/\/regiaonews.net.br\/2022\/2023\/11\/20\/maior-simbolo-nacional-bandeira-do-brasil-e-carregada-ha-3-anos-por-tenente-da-rota-privilegio\/#primaryimage","url":"https:\/\/regiaonews.net.br\/2022\/wp-content\/uploads\/2023\/11\/m_62_0_1_17112023164359-1.jpg","contentUrl":"https:\/\/regiaonews.net.br\/2022\/wp-content\/uploads\/2023\/11\/m_62_0_1_17112023164359-1.jpg","width":900,"height":598},{"@type":"BreadcrumbList","@id":"https:\/\/regiaonews.net.br\/2022\/2023\/11\/20\/maior-simbolo-nacional-bandeira-do-brasil-e-carregada-ha-3-anos-por-tenente-da-rota-privilegio\/#breadcrumb","itemListElement":[{"@type":"ListItem","position":1,"name":"In\u00edcio","item":"https:\/\/regiaonews.net.br\/2022\/"},{"@type":"ListItem","position":2,"name":"Maior s\u00edmbolo nacional, bandeira do Brasil \u00e9 carregada h\u00e1 3 anos por tenente da Rota: &#8220;Privil\u00e9gio&#8221;"}]},{"@type":"WebSite","@id":"https:\/\/regiaonews.net.br\/2022\/#website","url":"https:\/\/regiaonews.net.br\/2022\/","name":"Regi\u00e3o News","description":"Site de Not\u00edcias de Barretos e regi\u00e3o","publisher":{"@id":"https:\/\/regiaonews.net.br\/2022\/#organization"},"potentialAction":[{"@type":"SearchAction","target":{"@type":"EntryPoint","urlTemplate":"https:\/\/regiaonews.net.br\/2022\/?s={search_term_string}"},"query-input":{"@type":"PropertyValueSpecification","valueRequired":true,"valueName":"search_term_string"}}],"inLanguage":"pt-BR"},{"@type":"Organization","@id":"https:\/\/regiaonews.net.br\/2022\/#organization","name":"Regi\u00e3o News","url":"https:\/\/regiaonews.net.br\/2022\/","logo":{"@type":"ImageObject","inLanguage":"pt-BR","@id":"https:\/\/regiaonews.net.br\/2022\/#\/schema\/logo\/image\/","url":"https:\/\/regiaonews.net.br\/2022\/wp-content\/uploads\/2026\/03\/regiao-13-anos-scaled.jpg","contentUrl":"https:\/\/regiaonews.net.br\/2022\/wp-content\/uploads\/2026\/03\/regiao-13-anos-scaled.jpg","width":2560,"height":635,"caption":"Regi\u00e3o News"},"image":{"@id":"https:\/\/regiaonews.net.br\/2022\/#\/schema\/logo\/image\/"}},{"@type":"Person","@id":"https:\/\/regiaonews.net.br\/2022\/#\/schema\/person\/2d205a608a5aa97ac279d7a5e6d89ad8","name":"Roberto","image":{"@type":"ImageObject","inLanguage":"pt-BR","@id":"https:\/\/secure.gravatar.com\/avatar\/42749d8b712ff9d59ca93dc150494e5b55a44134482993f5baeb97e61b7ecc89?s=96&d=mm&r=g","url":"https:\/\/secure.gravatar.com\/avatar\/42749d8b712ff9d59ca93dc150494e5b55a44134482993f5baeb97e61b7ecc89?s=96&d=mm&r=g","contentUrl":"https:\/\/secure.gravatar.com\/avatar\/42749d8b712ff9d59ca93dc150494e5b55a44134482993f5baeb97e61b7ecc89?s=96&d=mm&r=g","caption":"Roberto"},"url":"https:\/\/regiaonews.net.br\/2022\/author\/roberto\/"}]}},"publishpress_future_action":{"enabled":false,"date":"2026-05-04 05:05:00","action":"change-status","newStatus":"draft","terms":[],"taxonomy":"category","extraData":[]},"publishpress_future_workflow_manual_trigger":{"enabledWorkflows":[]},"_links":{"self":[{"href":"https:\/\/regiaonews.net.br\/2022\/wp-json\/wp\/v2\/posts\/98001","targetHints":{"allow":["GET"]}}],"collection":[{"href":"https:\/\/regiaonews.net.br\/2022\/wp-json\/wp\/v2\/posts"}],"about":[{"href":"https:\/\/regiaonews.net.br\/2022\/wp-json\/wp\/v2\/types\/post"}],"author":[{"embeddable":true,"href":"https:\/\/regiaonews.net.br\/2022\/wp-json\/wp\/v2\/users\/2"}],"replies":[{"embeddable":true,"href":"https:\/\/regiaonews.net.br\/2022\/wp-json\/wp\/v2\/comments?post=98001"}],"version-history":[{"count":2,"href":"https:\/\/regiaonews.net.br\/2022\/wp-json\/wp\/v2\/posts\/98001\/revisions"}],"predecessor-version":[{"id":98004,"href":"https:\/\/regiaonews.net.br\/2022\/wp-json\/wp\/v2\/posts\/98001\/revisions\/98004"}],"wp:featuredmedia":[{"embeddable":true,"href":"https:\/\/regiaonews.net.br\/2022\/wp-json\/wp\/v2\/media\/97979"}],"wp:attachment":[{"href":"https:\/\/regiaonews.net.br\/2022\/wp-json\/wp\/v2\/media?parent=98001"}],"wp:term":[{"taxonomy":"category","embeddable":true,"href":"https:\/\/regiaonews.net.br\/2022\/wp-json\/wp\/v2\/categories?post=98001"},{"taxonomy":"post_tag","embeddable":true,"href":"https:\/\/regiaonews.net.br\/2022\/wp-json\/wp\/v2\/tags?post=98001"}],"curies":[{"name":"wp","href":"https:\/\/api.w.org\/{rel}","templated":true}]}}