{"id":97978,"date":"2023-11-20T14:44:52","date_gmt":"2023-11-20T17:44:52","guid":{"rendered":"https:\/\/regiaonews.net.br\/2022\/?p=97978"},"modified":"2023-11-20T15:41:41","modified_gmt":"2023-11-20T18:41:41","slug":"colina-conta-com-nova-maquina-niveladora","status":"publish","type":"post","link":"https:\/\/regiaonews.net.br\/2022\/2023\/11\/20\/colina-conta-com-nova-maquina-niveladora\/","title":{"rendered":"Colina conta com nova m\u00e1quina niveladora"},"content":{"rendered":"<header class=\"site-header wrapper\" data-font-size=\"\">\n<nav id=\"menu-principal\" class=\"site-nav menu-fixed noPrint\">\n<p style=\"text-align: left;\">\n<\/nav>\n<\/header>\n<section data-font-size=\"\">\n<section class=\"page-content wrapper\">\n<div data-grid=\"spacing\">\n<div data-cell=\"3of4\">\n<section class=\"post\">\n<div class=\"post-content\">\n<article class=\"post-text\">A <strong>Prefeitura Municipal de Colina<\/strong> conta com mais uma m\u00e1quina para compor a frota de ve\u00edculos do munic\u00edpio, que aumenta constantemente. Trata-se de uma <strong>motoniveladora 0 km<\/strong> para auxiliar nos servi\u00e7os de manuten\u00e7\u00e3o de estradas, terraplenagem, servi\u00e7os urbanos, incentivo \u00e0s empresas, propriedades rurais, entre outros.O novo equipamento soma-se \u00e0s m\u00e1quinas que j\u00e1 est\u00e3o nas frentes de trabalho na zona rural, industrial e urbana, prestando relevantes servi\u00e7os \u00e0 empres\u00e1rios, comerciantes, investidores e produtores agroindustriais do munic\u00edpio.Os servi\u00e7os que o munic\u00edpio realiza periodicamente v\u00e3o desde nivelamento do solo, cascalhamento, terraplenagem, elimina\u00e7\u00e3o de buracos provocados pelas chuvas, al\u00e9m de limpeza de cacimbas e travesseiros, que garantem o escoamento das \u00e1guas no per\u00edodo chuvoso.<\/p>\n<p>As a\u00e7\u00f5es t\u00eam como objetivo manter as condi\u00e7\u00f5es de deslocamento para os trabalhadores e as fam\u00edlias que vivem no campo, a circula\u00e7\u00e3o dos ve\u00edculos que fazem o transporte escolar, assim como oferecer condi\u00e7\u00f5es para o escoamento da produ\u00e7\u00e3o agroindustrial.<\/p>\n<p>Tanto o <strong>Prefeito Municipal Dieb Taha<\/strong> quanto o <strong>Vice-prefeito, S\u00e9rgio Campanholi<\/strong> destacam a import\u00e2ncia de fazer um trabalho bem feito e reassaltam que a Administra\u00e7\u00e3o procura trabalhar de forma preventiva, realizando adequa\u00e7\u00f5es que garantem resultados duradouros.<\/p>\n<p>\u201cMais um equipamento de grande import\u00e2ncia para nossos agricultores e empres\u00e1rios rurais, porque sem boas estradas h\u00e1 dificuldade para escoar a produ\u00e7\u00e3o. Essa m\u00e1quina tem excelente tecnologia e vai ajudar muito na manuten\u00e7\u00e3o das estradas\u201d, ressaltou o Vice Campanholi.<\/p>\n<p>\u201cA conserva\u00e7\u00e3o e manuten\u00e7\u00e3o das estradas rurais e vicinais \u00e9 prioridade para nossa Administra\u00e7\u00e3o, pois contribui para a melhoria da qualidade de vida das fam\u00edlias que vivem na zona rural; garante seguran\u00e7a e conforto para os alunos, transportados diariamente, e ainda, representa avan\u00e7os na economia do munic\u00edpio, por permitir o tr\u00e1fego de ve\u00edculos leves e pesados, oferecendo boas condi\u00e7\u00f5es de trafegabilidade para o escoamento da produ\u00e7\u00e3o agroindustrial\u201d, argumentou o Prefeito Dieb.<\/p>\n<\/article>\n<\/div>\n<\/section>\n<\/div>\n<\/div>\n<\/section>\n<\/section>\n","protected":false},"excerpt":{"rendered":"<p>A Prefeitura Municipal de Colina conta com mais uma m\u00e1quina<\/p>\n","protected":false},"author":2,"featured_media":97979,"comment_status":"open","ping_status":"open","sticky":false,"template":"","format":"standard","meta":{"footnotes":""},"categories":[25,5],"tags":[],"class_list":["post-97978","post","type-post","status-publish","format-standard","has-post-thumbnail","hentry","category-cidades","category-colina"],"yoast_head":"<!-- This site is optimized with the Yoast SEO plugin v27.4 - https:\/\/yoast.com\/product\/yoast-seo-wordpress\/ -->\n<title>Colina conta com nova m\u00e1quina niveladora - Regi\u00e3o News<\/title>\n<meta name=\"robots\" content=\"index, follow, max-snippet:-1, max-image-preview:large, max-video-preview:-1\" \/>\n<link rel=\"canonical\" href=\"https:\/\/regiaonews.net.br\/2022\/2023\/11\/20\/colina-conta-com-nova-maquina-niveladora\/\" \/>\n<meta property=\"og:locale\" content=\"pt_BR\" \/>\n<meta property=\"og:type\" content=\"article\" \/>\n<meta property=\"og:title\" content=\"Colina conta com nova m\u00e1quina niveladora - Regi\u00e3o News\" \/>\n<meta property=\"og:description\" content=\"A Prefeitura Municipal de Colina conta com mais uma m\u00e1quina\" \/>\n<meta property=\"og:url\" content=\"https:\/\/regiaonews.net.br\/2022\/2023\/11\/20\/colina-conta-com-nova-maquina-niveladora\/\" \/>\n<meta property=\"og:site_name\" content=\"Regi\u00e3o News\" \/>\n<meta property=\"article:published_time\" content=\"2023-11-20T17:44:52+00:00\" \/>\n<meta property=\"article:modified_time\" content=\"2023-11-20T18:41:41+00:00\" \/>\n<meta property=\"og:image\" content=\"https:\/\/regiaonews.net.br\/2022\/wp-content\/uploads\/2023\/11\/m_62_0_1_17112023164359-1.jpg\" \/>\n\t<meta property=\"og:image:width\" content=\"900\" \/>\n\t<meta property=\"og:image:height\" content=\"598\" \/>\n\t<meta property=\"og:image:type\" content=\"image\/jpeg\" \/>\n<meta name=\"author\" content=\"Roberto\" \/>\n<meta name=\"twitter:card\" content=\"summary_large_image\" \/>\n<meta name=\"twitter:label1\" content=\"Escrito por\" \/>\n\t<meta name=\"twitter:data1\" content=\"Roberto\" \/>\n\t<meta name=\"twitter:label2\" content=\"Est. tempo de leitura\" \/>\n\t<meta name=\"twitter:data2\" content=\"2 minutos\" \/>\n<script type=\"application\/ld+json\" class=\"yoast-schema-graph\">{\"@context\":\"https:\\\/\\\/schema.org\",\"@graph\":[{\"@type\":\"Article\",\"@id\":\"https:\\\/\\\/regiaonews.net.br\\\/2022\\\/2023\\\/11\\\/20\\\/colina-conta-com-nova-maquina-niveladora\\\/#article\",\"isPartOf\":{\"@id\":\"https:\\\/\\\/regiaonews.net.br\\\/2022\\\/2023\\\/11\\\/20\\\/colina-conta-com-nova-maquina-niveladora\\\/\"},\"author\":{\"name\":\"Roberto\",\"@id\":\"https:\\\/\\\/regiaonews.net.br\\\/2022\\\/#\\\/schema\\\/person\\\/2d205a608a5aa97ac279d7a5e6d89ad8\"},\"headline\":\"Colina conta com nova m\u00e1quina niveladora\",\"datePublished\":\"2023-11-20T17:44:52+00:00\",\"dateModified\":\"2023-11-20T18:41:41+00:00\",\"mainEntityOfPage\":{\"@id\":\"https:\\\/\\\/regiaonews.net.br\\\/2022\\\/2023\\\/11\\\/20\\\/colina-conta-com-nova-maquina-niveladora\\\/\"},\"wordCount\":346,\"commentCount\":0,\"publisher\":{\"@id\":\"https:\\\/\\\/regiaonews.net.br\\\/2022\\\/#organization\"},\"image\":{\"@id\":\"https:\\\/\\\/regiaonews.net.br\\\/2022\\\/2023\\\/11\\\/20\\\/colina-conta-com-nova-maquina-niveladora\\\/#primaryimage\"},\"thumbnailUrl\":\"https:\\\/\\\/regiaonews.net.br\\\/2022\\\/wp-content\\\/uploads\\\/2023\\\/11\\\/m_62_0_1_17112023164359-1.jpg\",\"articleSection\":[\"Cidades\",\"Colina\"],\"inLanguage\":\"pt-BR\",\"potentialAction\":[{\"@type\":\"CommentAction\",\"name\":\"Comment\",\"target\":[\"https:\\\/\\\/regiaonews.net.br\\\/2022\\\/2023\\\/11\\\/20\\\/colina-conta-com-nova-maquina-niveladora\\\/#respond\"]}]},{\"@type\":\"WebPage\",\"@id\":\"https:\\\/\\\/regiaonews.net.br\\\/2022\\\/2023\\\/11\\\/20\\\/colina-conta-com-nova-maquina-niveladora\\\/\",\"url\":\"https:\\\/\\\/regiaonews.net.br\\\/2022\\\/2023\\\/11\\\/20\\\/colina-conta-com-nova-maquina-niveladora\\\/\",\"name\":\"Colina conta com nova m\u00e1quina niveladora - Regi\u00e3o News\",\"isPartOf\":{\"@id\":\"https:\\\/\\\/regiaonews.net.br\\\/2022\\\/#website\"},\"primaryImageOfPage\":{\"@id\":\"https:\\\/\\\/regiaonews.net.br\\\/2022\\\/2023\\\/11\\\/20\\\/colina-conta-com-nova-maquina-niveladora\\\/#primaryimage\"},\"image\":{\"@id\":\"https:\\\/\\\/regiaonews.net.br\\\/2022\\\/2023\\\/11\\\/20\\\/colina-conta-com-nova-maquina-niveladora\\\/#primaryimage\"},\"thumbnailUrl\":\"https:\\\/\\\/regiaonews.net.br\\\/2022\\\/wp-content\\\/uploads\\\/2023\\\/11\\\/m_62_0_1_17112023164359-1.jpg\",\"datePublished\":\"2023-11-20T17:44:52+00:00\",\"dateModified\":\"2023-11-20T18:41:41+00:00\",\"breadcrumb\":{\"@id\":\"https:\\\/\\\/regiaonews.net.br\\\/2022\\\/2023\\\/11\\\/20\\\/colina-conta-com-nova-maquina-niveladora\\\/#breadcrumb\"},\"inLanguage\":\"pt-BR\",\"potentialAction\":[{\"@type\":\"ReadAction\",\"target\":[\"https:\\\/\\\/regiaonews.net.br\\\/2022\\\/2023\\\/11\\\/20\\\/colina-conta-com-nova-maquina-niveladora\\\/\"]}]},{\"@type\":\"ImageObject\",\"inLanguage\":\"pt-BR\",\"@id\":\"https:\\\/\\\/regiaonews.net.br\\\/2022\\\/2023\\\/11\\\/20\\\/colina-conta-com-nova-maquina-niveladora\\\/#primaryimage\",\"url\":\"https:\\\/\\\/regiaonews.net.br\\\/2022\\\/wp-content\\\/uploads\\\/2023\\\/11\\\/m_62_0_1_17112023164359-1.jpg\",\"contentUrl\":\"https:\\\/\\\/regiaonews.net.br\\\/2022\\\/wp-content\\\/uploads\\\/2023\\\/11\\\/m_62_0_1_17112023164359-1.jpg\",\"width\":900,\"height\":598},{\"@type\":\"BreadcrumbList\",\"@id\":\"https:\\\/\\\/regiaonews.net.br\\\/2022\\\/2023\\\/11\\\/20\\\/colina-conta-com-nova-maquina-niveladora\\\/#breadcrumb\",\"itemListElement\":[{\"@type\":\"ListItem\",\"position\":1,\"name\":\"In\u00edcio\",\"item\":\"https:\\\/\\\/regiaonews.net.br\\\/2022\\\/\"},{\"@type\":\"ListItem\",\"position\":2,\"name\":\"Colina conta com nova m\u00e1quina niveladora\"}]},{\"@type\":\"WebSite\",\"@id\":\"https:\\\/\\\/regiaonews.net.br\\\/2022\\\/#website\",\"url\":\"https:\\\/\\\/regiaonews.net.br\\\/2022\\\/\",\"name\":\"Regi\u00e3o News\",\"description\":\"Site de Not\u00edcias de Barretos e regi\u00e3o\",\"publisher\":{\"@id\":\"https:\\\/\\\/regiaonews.net.br\\\/2022\\\/#organization\"},\"potentialAction\":[{\"@type\":\"SearchAction\",\"target\":{\"@type\":\"EntryPoint\",\"urlTemplate\":\"https:\\\/\\\/regiaonews.net.br\\\/2022\\\/?s={search_term_string}\"},\"query-input\":{\"@type\":\"PropertyValueSpecification\",\"valueRequired\":true,\"valueName\":\"search_term_string\"}}],\"inLanguage\":\"pt-BR\"},{\"@type\":\"Organization\",\"@id\":\"https:\\\/\\\/regiaonews.net.br\\\/2022\\\/#organization\",\"name\":\"Regi\u00e3o News\",\"url\":\"https:\\\/\\\/regiaonews.net.br\\\/2022\\\/\",\"logo\":{\"@type\":\"ImageObject\",\"inLanguage\":\"pt-BR\",\"@id\":\"https:\\\/\\\/regiaonews.net.br\\\/2022\\\/#\\\/schema\\\/logo\\\/image\\\/\",\"url\":\"https:\\\/\\\/regiaonews.net.br\\\/2022\\\/wp-content\\\/uploads\\\/2026\\\/03\\\/regiao-13-anos-scaled.jpg\",\"contentUrl\":\"https:\\\/\\\/regiaonews.net.br\\\/2022\\\/wp-content\\\/uploads\\\/2026\\\/03\\\/regiao-13-anos-scaled.jpg\",\"width\":2560,\"height\":635,\"caption\":\"Regi\u00e3o News\"},\"image\":{\"@id\":\"https:\\\/\\\/regiaonews.net.br\\\/2022\\\/#\\\/schema\\\/logo\\\/image\\\/\"}},{\"@type\":\"Person\",\"@id\":\"https:\\\/\\\/regiaonews.net.br\\\/2022\\\/#\\\/schema\\\/person\\\/2d205a608a5aa97ac279d7a5e6d89ad8\",\"name\":\"Roberto\",\"image\":{\"@type\":\"ImageObject\",\"inLanguage\":\"pt-BR\",\"@id\":\"https:\\\/\\\/secure.gravatar.com\\\/avatar\\\/42749d8b712ff9d59ca93dc150494e5b55a44134482993f5baeb97e61b7ecc89?s=96&d=mm&r=g\",\"url\":\"https:\\\/\\\/secure.gravatar.com\\\/avatar\\\/42749d8b712ff9d59ca93dc150494e5b55a44134482993f5baeb97e61b7ecc89?s=96&d=mm&r=g\",\"contentUrl\":\"https:\\\/\\\/secure.gravatar.com\\\/avatar\\\/42749d8b712ff9d59ca93dc150494e5b55a44134482993f5baeb97e61b7ecc89?s=96&d=mm&r=g\",\"caption\":\"Roberto\"},\"url\":\"https:\\\/\\\/regiaonews.net.br\\\/2022\\\/author\\\/roberto\\\/\"}]}<\/script>\n<!-- \/ Yoast SEO plugin. -->","yoast_head_json":{"title":"Colina conta com nova m\u00e1quina niveladora - Regi\u00e3o News","robots":{"index":"index","follow":"follow","max-snippet":"max-snippet:-1","max-image-preview":"max-image-preview:large","max-video-preview":"max-video-preview:-1"},"canonical":"https:\/\/regiaonews.net.br\/2022\/2023\/11\/20\/colina-conta-com-nova-maquina-niveladora\/","og_locale":"pt_BR","og_type":"article","og_title":"Colina conta com nova m\u00e1quina niveladora - Regi\u00e3o News","og_description":"A Prefeitura Municipal de Colina conta com mais uma m\u00e1quina","og_url":"https:\/\/regiaonews.net.br\/2022\/2023\/11\/20\/colina-conta-com-nova-maquina-niveladora\/","og_site_name":"Regi\u00e3o News","article_published_time":"2023-11-20T17:44:52+00:00","article_modified_time":"2023-11-20T18:41:41+00:00","og_image":[{"width":900,"height":598,"url":"https:\/\/regiaonews.net.br\/2022\/wp-content\/uploads\/2023\/11\/m_62_0_1_17112023164359-1.jpg","type":"image\/jpeg"}],"author":"Roberto","twitter_card":"summary_large_image","twitter_misc":{"Escrito por":"Roberto","Est. tempo de leitura":"2 minutos"},"schema":{"@context":"https:\/\/schema.org","@graph":[{"@type":"Article","@id":"https:\/\/regiaonews.net.br\/2022\/2023\/11\/20\/colina-conta-com-nova-maquina-niveladora\/#article","isPartOf":{"@id":"https:\/\/regiaonews.net.br\/2022\/2023\/11\/20\/colina-conta-com-nova-maquina-niveladora\/"},"author":{"name":"Roberto","@id":"https:\/\/regiaonews.net.br\/2022\/#\/schema\/person\/2d205a608a5aa97ac279d7a5e6d89ad8"},"headline":"Colina conta com nova m\u00e1quina niveladora","datePublished":"2023-11-20T17:44:52+00:00","dateModified":"2023-11-20T18:41:41+00:00","mainEntityOfPage":{"@id":"https:\/\/regiaonews.net.br\/2022\/2023\/11\/20\/colina-conta-com-nova-maquina-niveladora\/"},"wordCount":346,"commentCount":0,"publisher":{"@id":"https:\/\/regiaonews.net.br\/2022\/#organization"},"image":{"@id":"https:\/\/regiaonews.net.br\/2022\/2023\/11\/20\/colina-conta-com-nova-maquina-niveladora\/#primaryimage"},"thumbnailUrl":"https:\/\/regiaonews.net.br\/2022\/wp-content\/uploads\/2023\/11\/m_62_0_1_17112023164359-1.jpg","articleSection":["Cidades","Colina"],"inLanguage":"pt-BR","potentialAction":[{"@type":"CommentAction","name":"Comment","target":["https:\/\/regiaonews.net.br\/2022\/2023\/11\/20\/colina-conta-com-nova-maquina-niveladora\/#respond"]}]},{"@type":"WebPage","@id":"https:\/\/regiaonews.net.br\/2022\/2023\/11\/20\/colina-conta-com-nova-maquina-niveladora\/","url":"https:\/\/regiaonews.net.br\/2022\/2023\/11\/20\/colina-conta-com-nova-maquina-niveladora\/","name":"Colina conta com nova m\u00e1quina niveladora - Regi\u00e3o News","isPartOf":{"@id":"https:\/\/regiaonews.net.br\/2022\/#website"},"primaryImageOfPage":{"@id":"https:\/\/regiaonews.net.br\/2022\/2023\/11\/20\/colina-conta-com-nova-maquina-niveladora\/#primaryimage"},"image":{"@id":"https:\/\/regiaonews.net.br\/2022\/2023\/11\/20\/colina-conta-com-nova-maquina-niveladora\/#primaryimage"},"thumbnailUrl":"https:\/\/regiaonews.net.br\/2022\/wp-content\/uploads\/2023\/11\/m_62_0_1_17112023164359-1.jpg","datePublished":"2023-11-20T17:44:52+00:00","dateModified":"2023-11-20T18:41:41+00:00","breadcrumb":{"@id":"https:\/\/regiaonews.net.br\/2022\/2023\/11\/20\/colina-conta-com-nova-maquina-niveladora\/#breadcrumb"},"inLanguage":"pt-BR","potentialAction":[{"@type":"ReadAction","target":["https:\/\/regiaonews.net.br\/2022\/2023\/11\/20\/colina-conta-com-nova-maquina-niveladora\/"]}]},{"@type":"ImageObject","inLanguage":"pt-BR","@id":"https:\/\/regiaonews.net.br\/2022\/2023\/11\/20\/colina-conta-com-nova-maquina-niveladora\/#primaryimage","url":"https:\/\/regiaonews.net.br\/2022\/wp-content\/uploads\/2023\/11\/m_62_0_1_17112023164359-1.jpg","contentUrl":"https:\/\/regiaonews.net.br\/2022\/wp-content\/uploads\/2023\/11\/m_62_0_1_17112023164359-1.jpg","width":900,"height":598},{"@type":"BreadcrumbList","@id":"https:\/\/regiaonews.net.br\/2022\/2023\/11\/20\/colina-conta-com-nova-maquina-niveladora\/#breadcrumb","itemListElement":[{"@type":"ListItem","position":1,"name":"In\u00edcio","item":"https:\/\/regiaonews.net.br\/2022\/"},{"@type":"ListItem","position":2,"name":"Colina conta com nova m\u00e1quina niveladora"}]},{"@type":"WebSite","@id":"https:\/\/regiaonews.net.br\/2022\/#website","url":"https:\/\/regiaonews.net.br\/2022\/","name":"Regi\u00e3o News","description":"Site de Not\u00edcias de Barretos e regi\u00e3o","publisher":{"@id":"https:\/\/regiaonews.net.br\/2022\/#organization"},"potentialAction":[{"@type":"SearchAction","target":{"@type":"EntryPoint","urlTemplate":"https:\/\/regiaonews.net.br\/2022\/?s={search_term_string}"},"query-input":{"@type":"PropertyValueSpecification","valueRequired":true,"valueName":"search_term_string"}}],"inLanguage":"pt-BR"},{"@type":"Organization","@id":"https:\/\/regiaonews.net.br\/2022\/#organization","name":"Regi\u00e3o News","url":"https:\/\/regiaonews.net.br\/2022\/","logo":{"@type":"ImageObject","inLanguage":"pt-BR","@id":"https:\/\/regiaonews.net.br\/2022\/#\/schema\/logo\/image\/","url":"https:\/\/regiaonews.net.br\/2022\/wp-content\/uploads\/2026\/03\/regiao-13-anos-scaled.jpg","contentUrl":"https:\/\/regiaonews.net.br\/2022\/wp-content\/uploads\/2026\/03\/regiao-13-anos-scaled.jpg","width":2560,"height":635,"caption":"Regi\u00e3o News"},"image":{"@id":"https:\/\/regiaonews.net.br\/2022\/#\/schema\/logo\/image\/"}},{"@type":"Person","@id":"https:\/\/regiaonews.net.br\/2022\/#\/schema\/person\/2d205a608a5aa97ac279d7a5e6d89ad8","name":"Roberto","image":{"@type":"ImageObject","inLanguage":"pt-BR","@id":"https:\/\/secure.gravatar.com\/avatar\/42749d8b712ff9d59ca93dc150494e5b55a44134482993f5baeb97e61b7ecc89?s=96&d=mm&r=g","url":"https:\/\/secure.gravatar.com\/avatar\/42749d8b712ff9d59ca93dc150494e5b55a44134482993f5baeb97e61b7ecc89?s=96&d=mm&r=g","contentUrl":"https:\/\/secure.gravatar.com\/avatar\/42749d8b712ff9d59ca93dc150494e5b55a44134482993f5baeb97e61b7ecc89?s=96&d=mm&r=g","caption":"Roberto"},"url":"https:\/\/regiaonews.net.br\/2022\/author\/roberto\/"}]}},"publishpress_future_action":{"enabled":false,"date":"2026-05-04 12:40:38","action":"change-status","newStatus":"draft","terms":[],"taxonomy":"category","extraData":[]},"publishpress_future_workflow_manual_trigger":{"enabledWorkflows":[]},"_links":{"self":[{"href":"https:\/\/regiaonews.net.br\/2022\/wp-json\/wp\/v2\/posts\/97978","targetHints":{"allow":["GET"]}}],"collection":[{"href":"https:\/\/regiaonews.net.br\/2022\/wp-json\/wp\/v2\/posts"}],"about":[{"href":"https:\/\/regiaonews.net.br\/2022\/wp-json\/wp\/v2\/types\/post"}],"author":[{"embeddable":true,"href":"https:\/\/regiaonews.net.br\/2022\/wp-json\/wp\/v2\/users\/2"}],"replies":[{"embeddable":true,"href":"https:\/\/regiaonews.net.br\/2022\/wp-json\/wp\/v2\/comments?post=97978"}],"version-history":[{"count":4,"href":"https:\/\/regiaonews.net.br\/2022\/wp-json\/wp\/v2\/posts\/97978\/revisions"}],"predecessor-version":[{"id":97995,"href":"https:\/\/regiaonews.net.br\/2022\/wp-json\/wp\/v2\/posts\/97978\/revisions\/97995"}],"wp:featuredmedia":[{"embeddable":true,"href":"https:\/\/regiaonews.net.br\/2022\/wp-json\/wp\/v2\/media\/97979"}],"wp:attachment":[{"href":"https:\/\/regiaonews.net.br\/2022\/wp-json\/wp\/v2\/media?parent=97978"}],"wp:term":[{"taxonomy":"category","embeddable":true,"href":"https:\/\/regiaonews.net.br\/2022\/wp-json\/wp\/v2\/categories?post=97978"},{"taxonomy":"post_tag","embeddable":true,"href":"https:\/\/regiaonews.net.br\/2022\/wp-json\/wp\/v2\/tags?post=97978"}],"curies":[{"name":"wp","href":"https:\/\/api.w.org\/{rel}","templated":true}]}}