{"id":97971,"date":"2023-11-20T09:15:43","date_gmt":"2023-11-20T12:15:43","guid":{"rendered":"https:\/\/regiaonews.net.br\/2022\/?p=97971"},"modified":"2023-11-20T15:44:02","modified_gmt":"2023-11-20T18:44:02","slug":"dia-da-consciencia-negra-sera-debatido-com-mesa-redonda-no-instituto-federal","status":"publish","type":"post","link":"https:\/\/regiaonews.net.br\/2022\/2023\/11\/20\/dia-da-consciencia-negra-sera-debatido-com-mesa-redonda-no-instituto-federal\/","title":{"rendered":"Dia da Consci\u00eancia Negra ser\u00e1 debatido com mesa redonda no Instituto Federal"},"content":{"rendered":"<p>Deputada estadual, lideran\u00e7as da OAB e comunidade negra estar\u00e3o presente nas discuss\u00f5es<\/p>\n<p>O Campus Barretos do <strong>Instituto Federal de Educa\u00e7\u00e3o, Ci\u00eancia e Tecnologia de S\u00e3o Paulo<\/strong> agendou para o dia 23, \u00e0s 19h, uma mesa redonda aberta ao p\u00fablico que abordar\u00e1 o tema \u201cReflex\u00f5es sobre a condi\u00e7\u00e3o da Pessoa Negra em nossa Sociedade\u201d. O evento ser\u00e1 no Audit\u00f3rio do IFSP campus Barretos, localizado na avenida C-1 n\u00ba 250, no residencial Ide Daher e acontece atrav\u00e9s de parceria com a OAB, COMPPIR e Casa Afro em comemora\u00e7\u00e3o ao <strong>Dia da Consci\u00eancia Negra<\/strong>.<br \/>\nSegundo a dire\u00e7\u00e3o do Instituto Federal e Coordenadoria Municipal de Pol\u00edticas de Promo\u00e7\u00e3o de Igualdade Racial contar\u00e1 com a presen\u00e7a da deputada estadual Tainara Faria (PT), da representante da Comiss\u00e3o da Verdade da OAB Dra. Cristiane Alves Palmeira, da Representante do Conselho Municipal de Igualdade Racial de Barretos, Ana Paula Febatis e da docente do IFSP professora Dra. Claudineia Aparecida Soares.<\/p>\n<p>&nbsp;<\/p>\n<p><a href=\"https:\/\/regiaonews.net.br\/2022\/wp-content\/uploads\/2023\/11\/WhatsApp-Image-2023-11-17-at-12.04.15.jpeg\"><img loading=\"lazy\" decoding=\"async\" class=\"alignnone size-medium wp-image-97972\" src=\"https:\/\/regiaonews.net.br\/2022\/wp-content\/uploads\/2023\/11\/WhatsApp-Image-2023-11-17-at-12.04.15-300x300.jpeg\" alt=\"\" width=\"300\" height=\"300\" srcset=\"https:\/\/regiaonews.net.br\/2022\/wp-content\/uploads\/2023\/11\/WhatsApp-Image-2023-11-17-at-12.04.15-300x300.jpeg 300w, https:\/\/regiaonews.net.br\/2022\/wp-content\/uploads\/2023\/11\/WhatsApp-Image-2023-11-17-at-12.04.15-1024x1024.jpeg 1024w, https:\/\/regiaonews.net.br\/2022\/wp-content\/uploads\/2023\/11\/WhatsApp-Image-2023-11-17-at-12.04.15-150x150.jpeg 150w, https:\/\/regiaonews.net.br\/2022\/wp-content\/uploads\/2023\/11\/WhatsApp-Image-2023-11-17-at-12.04.15-768x768.jpeg 768w, https:\/\/regiaonews.net.br\/2022\/wp-content\/uploads\/2023\/11\/WhatsApp-Image-2023-11-17-at-12.04.15-250x250.jpeg 250w, https:\/\/regiaonews.net.br\/2022\/wp-content\/uploads\/2023\/11\/WhatsApp-Image-2023-11-17-at-12.04.15.jpeg 1080w\" sizes=\"auto, (max-width: 300px) 100vw, 300px\" \/><\/a><\/p>\n","protected":false},"excerpt":{"rendered":"<p>Deputada estadual, lideran\u00e7as da OAB e comunidade negra estar\u00e3o presente<\/p>\n","protected":false},"author":2,"featured_media":3411,"comment_status":"open","ping_status":"open","sticky":false,"template":"","format":"standard","meta":{"footnotes":""},"categories":[14,25],"tags":[],"class_list":["post-97971","post","type-post","status-publish","format-standard","has-post-thumbnail","hentry","category-barretos","category-cidades"],"yoast_head":"<!-- This site is optimized with the Yoast SEO plugin v27.4 - https:\/\/yoast.com\/product\/yoast-seo-wordpress\/ -->\n<title>Dia da Consci\u00eancia Negra ser\u00e1 debatido com mesa redonda no Instituto Federal - Regi\u00e3o News<\/title>\n<meta name=\"robots\" content=\"index, follow, max-snippet:-1, max-image-preview:large, max-video-preview:-1\" \/>\n<link rel=\"canonical\" href=\"https:\/\/regiaonews.net.br\/2022\/2023\/11\/20\/dia-da-consciencia-negra-sera-debatido-com-mesa-redonda-no-instituto-federal\/\" \/>\n<meta property=\"og:locale\" content=\"pt_BR\" \/>\n<meta property=\"og:type\" content=\"article\" \/>\n<meta property=\"og:title\" content=\"Dia da Consci\u00eancia Negra ser\u00e1 debatido com mesa redonda no Instituto Federal - Regi\u00e3o News\" \/>\n<meta property=\"og:description\" content=\"Deputada estadual, lideran\u00e7as da OAB e comunidade negra estar\u00e3o presente\" \/>\n<meta property=\"og:url\" content=\"https:\/\/regiaonews.net.br\/2022\/2023\/11\/20\/dia-da-consciencia-negra-sera-debatido-com-mesa-redonda-no-instituto-federal\/\" \/>\n<meta property=\"og:site_name\" content=\"Regi\u00e3o News\" \/>\n<meta property=\"article:published_time\" content=\"2023-11-20T12:15:43+00:00\" \/>\n<meta property=\"article:modified_time\" content=\"2023-11-20T18:44:02+00:00\" \/>\n<meta property=\"og:image\" content=\"https:\/\/regiaonews.net.br\/2022\/wp-content\/uploads\/2017\/02\/instituto.jpg\" \/>\n\t<meta property=\"og:image:width\" content=\"600\" \/>\n\t<meta property=\"og:image:height\" content=\"432\" \/>\n\t<meta property=\"og:image:type\" content=\"image\/jpeg\" \/>\n<meta name=\"author\" content=\"Roberto\" \/>\n<meta name=\"twitter:card\" content=\"summary_large_image\" \/>\n<meta name=\"twitter:label1\" content=\"Escrito por\" \/>\n\t<meta name=\"twitter:data1\" content=\"Roberto\" \/>\n\t<meta name=\"twitter:label2\" content=\"Est. tempo de leitura\" \/>\n\t<meta name=\"twitter:data2\" content=\"2 minutos\" \/>\n<script type=\"application\/ld+json\" class=\"yoast-schema-graph\">{\"@context\":\"https:\\\/\\\/schema.org\",\"@graph\":[{\"@type\":\"Article\",\"@id\":\"https:\\\/\\\/regiaonews.net.br\\\/2022\\\/2023\\\/11\\\/20\\\/dia-da-consciencia-negra-sera-debatido-com-mesa-redonda-no-instituto-federal\\\/#article\",\"isPartOf\":{\"@id\":\"https:\\\/\\\/regiaonews.net.br\\\/2022\\\/2023\\\/11\\\/20\\\/dia-da-consciencia-negra-sera-debatido-com-mesa-redonda-no-instituto-federal\\\/\"},\"author\":{\"name\":\"Roberto\",\"@id\":\"https:\\\/\\\/regiaonews.net.br\\\/2022\\\/#\\\/schema\\\/person\\\/2d205a608a5aa97ac279d7a5e6d89ad8\"},\"headline\":\"Dia da Consci\u00eancia Negra ser\u00e1 debatido com mesa redonda no Instituto Federal\",\"datePublished\":\"2023-11-20T12:15:43+00:00\",\"dateModified\":\"2023-11-20T18:44:02+00:00\",\"mainEntityOfPage\":{\"@id\":\"https:\\\/\\\/regiaonews.net.br\\\/2022\\\/2023\\\/11\\\/20\\\/dia-da-consciencia-negra-sera-debatido-com-mesa-redonda-no-instituto-federal\\\/\"},\"wordCount\":182,\"commentCount\":0,\"publisher\":{\"@id\":\"https:\\\/\\\/regiaonews.net.br\\\/2022\\\/#organization\"},\"image\":{\"@id\":\"https:\\\/\\\/regiaonews.net.br\\\/2022\\\/2023\\\/11\\\/20\\\/dia-da-consciencia-negra-sera-debatido-com-mesa-redonda-no-instituto-federal\\\/#primaryimage\"},\"thumbnailUrl\":\"https:\\\/\\\/regiaonews.net.br\\\/2022\\\/wp-content\\\/uploads\\\/2017\\\/02\\\/instituto.jpg\",\"articleSection\":[\"Barretos\",\"Cidades\"],\"inLanguage\":\"pt-BR\",\"potentialAction\":[{\"@type\":\"CommentAction\",\"name\":\"Comment\",\"target\":[\"https:\\\/\\\/regiaonews.net.br\\\/2022\\\/2023\\\/11\\\/20\\\/dia-da-consciencia-negra-sera-debatido-com-mesa-redonda-no-instituto-federal\\\/#respond\"]}]},{\"@type\":\"WebPage\",\"@id\":\"https:\\\/\\\/regiaonews.net.br\\\/2022\\\/2023\\\/11\\\/20\\\/dia-da-consciencia-negra-sera-debatido-com-mesa-redonda-no-instituto-federal\\\/\",\"url\":\"https:\\\/\\\/regiaonews.net.br\\\/2022\\\/2023\\\/11\\\/20\\\/dia-da-consciencia-negra-sera-debatido-com-mesa-redonda-no-instituto-federal\\\/\",\"name\":\"Dia da Consci\u00eancia Negra ser\u00e1 debatido com mesa redonda no Instituto Federal - Regi\u00e3o News\",\"isPartOf\":{\"@id\":\"https:\\\/\\\/regiaonews.net.br\\\/2022\\\/#website\"},\"primaryImageOfPage\":{\"@id\":\"https:\\\/\\\/regiaonews.net.br\\\/2022\\\/2023\\\/11\\\/20\\\/dia-da-consciencia-negra-sera-debatido-com-mesa-redonda-no-instituto-federal\\\/#primaryimage\"},\"image\":{\"@id\":\"https:\\\/\\\/regiaonews.net.br\\\/2022\\\/2023\\\/11\\\/20\\\/dia-da-consciencia-negra-sera-debatido-com-mesa-redonda-no-instituto-federal\\\/#primaryimage\"},\"thumbnailUrl\":\"https:\\\/\\\/regiaonews.net.br\\\/2022\\\/wp-content\\\/uploads\\\/2017\\\/02\\\/instituto.jpg\",\"datePublished\":\"2023-11-20T12:15:43+00:00\",\"dateModified\":\"2023-11-20T18:44:02+00:00\",\"breadcrumb\":{\"@id\":\"https:\\\/\\\/regiaonews.net.br\\\/2022\\\/2023\\\/11\\\/20\\\/dia-da-consciencia-negra-sera-debatido-com-mesa-redonda-no-instituto-federal\\\/#breadcrumb\"},\"inLanguage\":\"pt-BR\",\"potentialAction\":[{\"@type\":\"ReadAction\",\"target\":[\"https:\\\/\\\/regiaonews.net.br\\\/2022\\\/2023\\\/11\\\/20\\\/dia-da-consciencia-negra-sera-debatido-com-mesa-redonda-no-instituto-federal\\\/\"]}]},{\"@type\":\"ImageObject\",\"inLanguage\":\"pt-BR\",\"@id\":\"https:\\\/\\\/regiaonews.net.br\\\/2022\\\/2023\\\/11\\\/20\\\/dia-da-consciencia-negra-sera-debatido-com-mesa-redonda-no-instituto-federal\\\/#primaryimage\",\"url\":\"https:\\\/\\\/regiaonews.net.br\\\/2022\\\/wp-content\\\/uploads\\\/2017\\\/02\\\/instituto.jpg\",\"contentUrl\":\"https:\\\/\\\/regiaonews.net.br\\\/2022\\\/wp-content\\\/uploads\\\/2017\\\/02\\\/instituto.jpg\",\"width\":600,\"height\":432},{\"@type\":\"BreadcrumbList\",\"@id\":\"https:\\\/\\\/regiaonews.net.br\\\/2022\\\/2023\\\/11\\\/20\\\/dia-da-consciencia-negra-sera-debatido-com-mesa-redonda-no-instituto-federal\\\/#breadcrumb\",\"itemListElement\":[{\"@type\":\"ListItem\",\"position\":1,\"name\":\"In\u00edcio\",\"item\":\"https:\\\/\\\/regiaonews.net.br\\\/2022\\\/\"},{\"@type\":\"ListItem\",\"position\":2,\"name\":\"Dia da Consci\u00eancia Negra ser\u00e1 debatido com mesa redonda no Instituto Federal\"}]},{\"@type\":\"WebSite\",\"@id\":\"https:\\\/\\\/regiaonews.net.br\\\/2022\\\/#website\",\"url\":\"https:\\\/\\\/regiaonews.net.br\\\/2022\\\/\",\"name\":\"Regi\u00e3o News\",\"description\":\"Site de Not\u00edcias de Barretos e regi\u00e3o\",\"publisher\":{\"@id\":\"https:\\\/\\\/regiaonews.net.br\\\/2022\\\/#organization\"},\"potentialAction\":[{\"@type\":\"SearchAction\",\"target\":{\"@type\":\"EntryPoint\",\"urlTemplate\":\"https:\\\/\\\/regiaonews.net.br\\\/2022\\\/?s={search_term_string}\"},\"query-input\":{\"@type\":\"PropertyValueSpecification\",\"valueRequired\":true,\"valueName\":\"search_term_string\"}}],\"inLanguage\":\"pt-BR\"},{\"@type\":\"Organization\",\"@id\":\"https:\\\/\\\/regiaonews.net.br\\\/2022\\\/#organization\",\"name\":\"Regi\u00e3o News\",\"url\":\"https:\\\/\\\/regiaonews.net.br\\\/2022\\\/\",\"logo\":{\"@type\":\"ImageObject\",\"inLanguage\":\"pt-BR\",\"@id\":\"https:\\\/\\\/regiaonews.net.br\\\/2022\\\/#\\\/schema\\\/logo\\\/image\\\/\",\"url\":\"https:\\\/\\\/regiaonews.net.br\\\/2022\\\/wp-content\\\/uploads\\\/2026\\\/03\\\/regiao-13-anos-scaled.jpg\",\"contentUrl\":\"https:\\\/\\\/regiaonews.net.br\\\/2022\\\/wp-content\\\/uploads\\\/2026\\\/03\\\/regiao-13-anos-scaled.jpg\",\"width\":2560,\"height\":635,\"caption\":\"Regi\u00e3o News\"},\"image\":{\"@id\":\"https:\\\/\\\/regiaonews.net.br\\\/2022\\\/#\\\/schema\\\/logo\\\/image\\\/\"}},{\"@type\":\"Person\",\"@id\":\"https:\\\/\\\/regiaonews.net.br\\\/2022\\\/#\\\/schema\\\/person\\\/2d205a608a5aa97ac279d7a5e6d89ad8\",\"name\":\"Roberto\",\"image\":{\"@type\":\"ImageObject\",\"inLanguage\":\"pt-BR\",\"@id\":\"https:\\\/\\\/secure.gravatar.com\\\/avatar\\\/42749d8b712ff9d59ca93dc150494e5b55a44134482993f5baeb97e61b7ecc89?s=96&d=mm&r=g\",\"url\":\"https:\\\/\\\/secure.gravatar.com\\\/avatar\\\/42749d8b712ff9d59ca93dc150494e5b55a44134482993f5baeb97e61b7ecc89?s=96&d=mm&r=g\",\"contentUrl\":\"https:\\\/\\\/secure.gravatar.com\\\/avatar\\\/42749d8b712ff9d59ca93dc150494e5b55a44134482993f5baeb97e61b7ecc89?s=96&d=mm&r=g\",\"caption\":\"Roberto\"},\"url\":\"https:\\\/\\\/regiaonews.net.br\\\/2022\\\/author\\\/roberto\\\/\"}]}<\/script>\n<!-- \/ Yoast SEO plugin. -->","yoast_head_json":{"title":"Dia da Consci\u00eancia Negra ser\u00e1 debatido com mesa redonda no Instituto Federal - Regi\u00e3o News","robots":{"index":"index","follow":"follow","max-snippet":"max-snippet:-1","max-image-preview":"max-image-preview:large","max-video-preview":"max-video-preview:-1"},"canonical":"https:\/\/regiaonews.net.br\/2022\/2023\/11\/20\/dia-da-consciencia-negra-sera-debatido-com-mesa-redonda-no-instituto-federal\/","og_locale":"pt_BR","og_type":"article","og_title":"Dia da Consci\u00eancia Negra ser\u00e1 debatido com mesa redonda no Instituto Federal - Regi\u00e3o News","og_description":"Deputada estadual, lideran\u00e7as da OAB e comunidade negra estar\u00e3o presente","og_url":"https:\/\/regiaonews.net.br\/2022\/2023\/11\/20\/dia-da-consciencia-negra-sera-debatido-com-mesa-redonda-no-instituto-federal\/","og_site_name":"Regi\u00e3o News","article_published_time":"2023-11-20T12:15:43+00:00","article_modified_time":"2023-11-20T18:44:02+00:00","og_image":[{"width":600,"height":432,"url":"https:\/\/regiaonews.net.br\/2022\/wp-content\/uploads\/2017\/02\/instituto.jpg","type":"image\/jpeg"}],"author":"Roberto","twitter_card":"summary_large_image","twitter_misc":{"Escrito por":"Roberto","Est. tempo de leitura":"2 minutos"},"schema":{"@context":"https:\/\/schema.org","@graph":[{"@type":"Article","@id":"https:\/\/regiaonews.net.br\/2022\/2023\/11\/20\/dia-da-consciencia-negra-sera-debatido-com-mesa-redonda-no-instituto-federal\/#article","isPartOf":{"@id":"https:\/\/regiaonews.net.br\/2022\/2023\/11\/20\/dia-da-consciencia-negra-sera-debatido-com-mesa-redonda-no-instituto-federal\/"},"author":{"name":"Roberto","@id":"https:\/\/regiaonews.net.br\/2022\/#\/schema\/person\/2d205a608a5aa97ac279d7a5e6d89ad8"},"headline":"Dia da Consci\u00eancia Negra ser\u00e1 debatido com mesa redonda no Instituto Federal","datePublished":"2023-11-20T12:15:43+00:00","dateModified":"2023-11-20T18:44:02+00:00","mainEntityOfPage":{"@id":"https:\/\/regiaonews.net.br\/2022\/2023\/11\/20\/dia-da-consciencia-negra-sera-debatido-com-mesa-redonda-no-instituto-federal\/"},"wordCount":182,"commentCount":0,"publisher":{"@id":"https:\/\/regiaonews.net.br\/2022\/#organization"},"image":{"@id":"https:\/\/regiaonews.net.br\/2022\/2023\/11\/20\/dia-da-consciencia-negra-sera-debatido-com-mesa-redonda-no-instituto-federal\/#primaryimage"},"thumbnailUrl":"https:\/\/regiaonews.net.br\/2022\/wp-content\/uploads\/2017\/02\/instituto.jpg","articleSection":["Barretos","Cidades"],"inLanguage":"pt-BR","potentialAction":[{"@type":"CommentAction","name":"Comment","target":["https:\/\/regiaonews.net.br\/2022\/2023\/11\/20\/dia-da-consciencia-negra-sera-debatido-com-mesa-redonda-no-instituto-federal\/#respond"]}]},{"@type":"WebPage","@id":"https:\/\/regiaonews.net.br\/2022\/2023\/11\/20\/dia-da-consciencia-negra-sera-debatido-com-mesa-redonda-no-instituto-federal\/","url":"https:\/\/regiaonews.net.br\/2022\/2023\/11\/20\/dia-da-consciencia-negra-sera-debatido-com-mesa-redonda-no-instituto-federal\/","name":"Dia da Consci\u00eancia Negra ser\u00e1 debatido com mesa redonda no Instituto Federal - Regi\u00e3o News","isPartOf":{"@id":"https:\/\/regiaonews.net.br\/2022\/#website"},"primaryImageOfPage":{"@id":"https:\/\/regiaonews.net.br\/2022\/2023\/11\/20\/dia-da-consciencia-negra-sera-debatido-com-mesa-redonda-no-instituto-federal\/#primaryimage"},"image":{"@id":"https:\/\/regiaonews.net.br\/2022\/2023\/11\/20\/dia-da-consciencia-negra-sera-debatido-com-mesa-redonda-no-instituto-federal\/#primaryimage"},"thumbnailUrl":"https:\/\/regiaonews.net.br\/2022\/wp-content\/uploads\/2017\/02\/instituto.jpg","datePublished":"2023-11-20T12:15:43+00:00","dateModified":"2023-11-20T18:44:02+00:00","breadcrumb":{"@id":"https:\/\/regiaonews.net.br\/2022\/2023\/11\/20\/dia-da-consciencia-negra-sera-debatido-com-mesa-redonda-no-instituto-federal\/#breadcrumb"},"inLanguage":"pt-BR","potentialAction":[{"@type":"ReadAction","target":["https:\/\/regiaonews.net.br\/2022\/2023\/11\/20\/dia-da-consciencia-negra-sera-debatido-com-mesa-redonda-no-instituto-federal\/"]}]},{"@type":"ImageObject","inLanguage":"pt-BR","@id":"https:\/\/regiaonews.net.br\/2022\/2023\/11\/20\/dia-da-consciencia-negra-sera-debatido-com-mesa-redonda-no-instituto-federal\/#primaryimage","url":"https:\/\/regiaonews.net.br\/2022\/wp-content\/uploads\/2017\/02\/instituto.jpg","contentUrl":"https:\/\/regiaonews.net.br\/2022\/wp-content\/uploads\/2017\/02\/instituto.jpg","width":600,"height":432},{"@type":"BreadcrumbList","@id":"https:\/\/regiaonews.net.br\/2022\/2023\/11\/20\/dia-da-consciencia-negra-sera-debatido-com-mesa-redonda-no-instituto-federal\/#breadcrumb","itemListElement":[{"@type":"ListItem","position":1,"name":"In\u00edcio","item":"https:\/\/regiaonews.net.br\/2022\/"},{"@type":"ListItem","position":2,"name":"Dia da Consci\u00eancia Negra ser\u00e1 debatido com mesa redonda no Instituto Federal"}]},{"@type":"WebSite","@id":"https:\/\/regiaonews.net.br\/2022\/#website","url":"https:\/\/regiaonews.net.br\/2022\/","name":"Regi\u00e3o News","description":"Site de Not\u00edcias de Barretos e regi\u00e3o","publisher":{"@id":"https:\/\/regiaonews.net.br\/2022\/#organization"},"potentialAction":[{"@type":"SearchAction","target":{"@type":"EntryPoint","urlTemplate":"https:\/\/regiaonews.net.br\/2022\/?s={search_term_string}"},"query-input":{"@type":"PropertyValueSpecification","valueRequired":true,"valueName":"search_term_string"}}],"inLanguage":"pt-BR"},{"@type":"Organization","@id":"https:\/\/regiaonews.net.br\/2022\/#organization","name":"Regi\u00e3o News","url":"https:\/\/regiaonews.net.br\/2022\/","logo":{"@type":"ImageObject","inLanguage":"pt-BR","@id":"https:\/\/regiaonews.net.br\/2022\/#\/schema\/logo\/image\/","url":"https:\/\/regiaonews.net.br\/2022\/wp-content\/uploads\/2026\/03\/regiao-13-anos-scaled.jpg","contentUrl":"https:\/\/regiaonews.net.br\/2022\/wp-content\/uploads\/2026\/03\/regiao-13-anos-scaled.jpg","width":2560,"height":635,"caption":"Regi\u00e3o News"},"image":{"@id":"https:\/\/regiaonews.net.br\/2022\/#\/schema\/logo\/image\/"}},{"@type":"Person","@id":"https:\/\/regiaonews.net.br\/2022\/#\/schema\/person\/2d205a608a5aa97ac279d7a5e6d89ad8","name":"Roberto","image":{"@type":"ImageObject","inLanguage":"pt-BR","@id":"https:\/\/secure.gravatar.com\/avatar\/42749d8b712ff9d59ca93dc150494e5b55a44134482993f5baeb97e61b7ecc89?s=96&d=mm&r=g","url":"https:\/\/secure.gravatar.com\/avatar\/42749d8b712ff9d59ca93dc150494e5b55a44134482993f5baeb97e61b7ecc89?s=96&d=mm&r=g","contentUrl":"https:\/\/secure.gravatar.com\/avatar\/42749d8b712ff9d59ca93dc150494e5b55a44134482993f5baeb97e61b7ecc89?s=96&d=mm&r=g","caption":"Roberto"},"url":"https:\/\/regiaonews.net.br\/2022\/author\/roberto\/"}]}},"publishpress_future_action":{"enabled":false,"date":"2026-05-04 14:18:25","action":"change-status","newStatus":"draft","terms":[],"taxonomy":"category","extraData":[]},"publishpress_future_workflow_manual_trigger":{"enabledWorkflows":[]},"_links":{"self":[{"href":"https:\/\/regiaonews.net.br\/2022\/wp-json\/wp\/v2\/posts\/97971","targetHints":{"allow":["GET"]}}],"collection":[{"href":"https:\/\/regiaonews.net.br\/2022\/wp-json\/wp\/v2\/posts"}],"about":[{"href":"https:\/\/regiaonews.net.br\/2022\/wp-json\/wp\/v2\/types\/post"}],"author":[{"embeddable":true,"href":"https:\/\/regiaonews.net.br\/2022\/wp-json\/wp\/v2\/users\/2"}],"replies":[{"embeddable":true,"href":"https:\/\/regiaonews.net.br\/2022\/wp-json\/wp\/v2\/comments?post=97971"}],"version-history":[{"count":3,"href":"https:\/\/regiaonews.net.br\/2022\/wp-json\/wp\/v2\/posts\/97971\/revisions"}],"predecessor-version":[{"id":97997,"href":"https:\/\/regiaonews.net.br\/2022\/wp-json\/wp\/v2\/posts\/97971\/revisions\/97997"}],"wp:featuredmedia":[{"embeddable":true,"href":"https:\/\/regiaonews.net.br\/2022\/wp-json\/wp\/v2\/media\/3411"}],"wp:attachment":[{"href":"https:\/\/regiaonews.net.br\/2022\/wp-json\/wp\/v2\/media?parent=97971"}],"wp:term":[{"taxonomy":"category","embeddable":true,"href":"https:\/\/regiaonews.net.br\/2022\/wp-json\/wp\/v2\/categories?post=97971"},{"taxonomy":"post_tag","embeddable":true,"href":"https:\/\/regiaonews.net.br\/2022\/wp-json\/wp\/v2\/tags?post=97971"}],"curies":[{"name":"wp","href":"https:\/\/api.w.org\/{rel}","templated":true}]}}