{"id":97968,"date":"2023-11-19T22:55:36","date_gmt":"2023-11-20T01:55:36","guid":{"rendered":"https:\/\/regiaonews.net.br\/2022\/?p=97968"},"modified":"2023-11-19T22:55:36","modified_gmt":"2023-11-20T01:55:36","slug":"javier-milei-vence-as-eleicoes-argentinas","status":"publish","type":"post","link":"https:\/\/regiaonews.net.br\/2022\/2023\/11\/19\/javier-milei-vence-as-eleicoes-argentinas\/","title":{"rendered":"Javier Milei vence as elei\u00e7\u00f5es argentinas"},"content":{"rendered":"<header class=\"header-static navbar-sticky navbar-light\">\n<nav class=\"navbar\">\n<div class=\"container nav-item dropdown megamenu\">\n<div class=\"offset-1 navbar-brand flex-grow-1\"><\/div>\n<\/div>\n<\/nav>\n<\/header>\n<div class=\"container\"><\/div>\n<div class=\"region region-content\">\n<article class=\"container\">\n<div class=\"row\">\n<div class=\"col-lg-12 mb-3\">\n<div><\/div>\n<div><\/div>\n<div class=\"post-image\"><a href=\"https:\/\/agenciabrasil.ebc.com.br\/internacional\/noticia\/2023-11\/ultradireitista-javier-milei-vence-eleicoes-argentinas#\">\u00a9 REUTERS\/Agustin Marcarian<\/a><\/div>\n<\/div>\n<div class=\"col-lg-12 mb-3\">\n<div class=\"row\">\n<div class=\"col-10 offset-1 animated fadeInDown dealy-1100 alt-font text-center\"><span class=\"badge badge-pill badge-warning\">Internacional<\/span><\/div>\n<\/div>\n<div class=\"row\">\n<div id=\"tts-container\" class=\"col-xl-7 offset-xl-1 col-lg-8 offset-lg-0 col-md-10 offset-md-1 mb-3\"><\/div>\n<\/div>\n<\/div>\n<div class=\"col-xl-7 offset-xl-1 col-lg-8 offset-lg-0 col-md-10 offset-md-1 mb-3\">\n<div class=\"post-item alt-font\">\n<div class=\"post-item-wrap\">\n<p>O candidato de ultradireita Javier Milei ser\u00e1 o futuro presidente da Argentina pelos pr\u00f3ximos quatro anos. Com 98,21% das urnas apuradas, ele est\u00e1 matematicamente eleito com 55,75% dos votos, contra 44,24% do candidato governista e atual ministro da Economia, Sergio Massa.<img decoding=\"async\" src=\"https:\/\/agenciabrasil.ebc.com.br\/ebc.png?id=1567497&amp;o=node\" \/><img decoding=\"async\" src=\"https:\/\/agenciabrasil.ebc.com.br\/ebc.gif?id=1567497&amp;o=node\" \/><\/p>\n<p>Ao\u00a0<a href=\"https:\/\/agenciabrasil.ebc.com.br\/internacional\/noticia\/2023-11\/candidatos-sergio-massa-e-javier-milei-votam-na-argentina\" target=\"_blank\" rel=\"noopener\">votar no in\u00edcio da tarde<\/a>, Milei disse que \u201ctudo o que tinha de ser feito j\u00e1 foi feito\u201d e a hora de as pessoas falarem tinha chegado, \u201capesar da campanha do medo\u201d. O candidato da coaliz\u00e3o La Libertad Avanza disse que o momento era de esperan\u00e7a, para impedir o que chamou de \u201ccontinuidade da decad\u00eancia\u201d.<\/p>\n<p>Economista, Milei se caracteriza por ser um candidato antissistema num pa\u00eds abalado por uma grave crise econ\u00f4mica, onde a infla\u00e7\u00e3o chegou a 142,7% nos 12 meses terminados em outubro. Ele promete dolarizar a economia e extinguir o Banco Central argentino para acabar com a infla\u00e7\u00e3o, mas amenizou outras promessas no segundo turno, prometendo n\u00e3o privatizar a sa\u00fade e as escolas p\u00fablicas.<\/p>\n<p>Al\u00e7ado \u00e0 fama como comentarista econ\u00f4mico em programas de televis\u00e3o, Milei se diz amante de c\u00e3es e, segundo a m\u00eddia argentina, tem v\u00e1rios clones de um cachorro que viveu de 2004 a 2017. Embora tenha se aliado a pol\u00edticos da direita tradicional no segundo turno, como o ex-presidente Mauricio Macri e a candidata derrotada Patricia Bullrich, o candidato vencedor atraiu o voto sobretudo dos mais jovens ao se posicionar contra aos pol\u00edticos tradicionais, que chama de \u201ca casta\u201d.<\/p>\n<p>Durante a campanha, Milei foi comparado a pol\u00edticos antissistema como o ex-presidente norte-americano Donald Trump e o ex-presidente brasileiro Jair Bolsonaro. O futuro presidente argentino define-se como libert\u00e1rio e anarcocapitalista e declarou-se defensor de ideias como a comercializa\u00e7\u00e3o de \u00f3rg\u00e3os e a livre venda de armas. Durante o segundo turno, criticou o Papa Francisco, a quem chamou de comunista.<\/p>\n<p>Brasil<\/p>\n<p>Pelas redes sociais, antes mesmo da confirma\u00e7\u00e3o da vit\u00f3ria de Milei, o presidente Luiz In\u00e1cio Lula da Silva parabenizou as institui\u00e7\u00f5es argentinas pela condu\u00e7\u00e3o do processo eleitoral, bem como ao povo argentino pela participa\u00e7\u00e3o &#8220;de forma ordeira e pac\u00edfica&#8221;.<\/p>\n<p>Ainda sem saber quem seria o vencedor, Lula desejou sorte ao pr\u00f3ximo governo. &#8220;Desejo boa sorte e \u00eaxito ao novo governo. A Argentina \u00e9 um grande pa\u00eds e merece todo o nosso respeito. O Brasil sempre estar\u00e1 \u00e0 disposi\u00e7\u00e3o para trabalhar junto com nossos irm\u00e3os argentinos&#8221;. O presidente brasileiro ainda n\u00e3o se manifestou ap\u00f3s a confirma\u00e7\u00e3o do resultado no pa\u00eds vizinho.<\/p>\n<\/div>\n<\/div>\n<\/div>\n<\/div>\n<\/article>\n<\/div>\n","protected":false},"excerpt":{"rendered":"<p>\u00a9 REUTERS\/Agustin Marcarian Internacional O candidato de ultradireita Javier Milei<\/p>\n","protected":false},"author":2,"featured_media":97969,"comment_status":"open","ping_status":"open","sticky":false,"template":"","format":"standard","meta":{"footnotes":""},"categories":[39,22],"tags":[],"class_list":["post-97968","post","type-post","status-publish","format-standard","has-post-thumbnail","hentry","category-mundo","category-politica"],"yoast_head":"<!-- This site is optimized with the Yoast SEO plugin v27.4 - https:\/\/yoast.com\/product\/yoast-seo-wordpress\/ -->\n<title>Javier Milei vence as elei\u00e7\u00f5es argentinas - Regi\u00e3o News<\/title>\n<meta name=\"robots\" content=\"index, follow, max-snippet:-1, max-image-preview:large, max-video-preview:-1\" \/>\n<link rel=\"canonical\" href=\"https:\/\/regiaonews.net.br\/2022\/2023\/11\/19\/javier-milei-vence-as-eleicoes-argentinas\/\" \/>\n<meta property=\"og:locale\" content=\"pt_BR\" \/>\n<meta property=\"og:type\" content=\"article\" \/>\n<meta property=\"og:title\" content=\"Javier Milei vence as elei\u00e7\u00f5es argentinas - Regi\u00e3o News\" \/>\n<meta property=\"og:description\" content=\"\u00a9 REUTERS\/Agustin Marcarian Internacional O candidato de ultradireita Javier Milei\" \/>\n<meta property=\"og:url\" content=\"https:\/\/regiaonews.net.br\/2022\/2023\/11\/19\/javier-milei-vence-as-eleicoes-argentinas\/\" \/>\n<meta property=\"og:site_name\" content=\"Regi\u00e3o News\" \/>\n<meta property=\"article:published_time\" content=\"2023-11-20T01:55:36+00:00\" \/>\n<meta property=\"og:image\" content=\"https:\/\/regiaonews.net.br\/2022\/wp-content\/uploads\/2023\/11\/2023-11-19t231829z_196697687_rc2fg4a7asw2_rtrmadp_3_argentina-election.jpg\" \/>\n\t<meta property=\"og:image:width\" content=\"1170\" \/>\n\t<meta property=\"og:image:height\" content=\"700\" \/>\n\t<meta property=\"og:image:type\" content=\"image\/jpeg\" \/>\n<meta name=\"author\" content=\"Roberto\" \/>\n<meta name=\"twitter:card\" content=\"summary_large_image\" \/>\n<meta name=\"twitter:label1\" content=\"Escrito por\" \/>\n\t<meta name=\"twitter:data1\" content=\"Roberto\" \/>\n\t<meta name=\"twitter:label2\" content=\"Est. tempo de leitura\" \/>\n\t<meta name=\"twitter:data2\" content=\"3 minutos\" \/>\n<script type=\"application\/ld+json\" class=\"yoast-schema-graph\">{\"@context\":\"https:\\\/\\\/schema.org\",\"@graph\":[{\"@type\":\"Article\",\"@id\":\"https:\\\/\\\/regiaonews.net.br\\\/2022\\\/2023\\\/11\\\/19\\\/javier-milei-vence-as-eleicoes-argentinas\\\/#article\",\"isPartOf\":{\"@id\":\"https:\\\/\\\/regiaonews.net.br\\\/2022\\\/2023\\\/11\\\/19\\\/javier-milei-vence-as-eleicoes-argentinas\\\/\"},\"author\":{\"name\":\"Roberto\",\"@id\":\"https:\\\/\\\/regiaonews.net.br\\\/2022\\\/#\\\/schema\\\/person\\\/2d205a608a5aa97ac279d7a5e6d89ad8\"},\"headline\":\"Javier Milei vence as elei\u00e7\u00f5es argentinas\",\"datePublished\":\"2023-11-20T01:55:36+00:00\",\"mainEntityOfPage\":{\"@id\":\"https:\\\/\\\/regiaonews.net.br\\\/2022\\\/2023\\\/11\\\/19\\\/javier-milei-vence-as-eleicoes-argentinas\\\/\"},\"wordCount\":436,\"commentCount\":0,\"publisher\":{\"@id\":\"https:\\\/\\\/regiaonews.net.br\\\/2022\\\/#organization\"},\"image\":{\"@id\":\"https:\\\/\\\/regiaonews.net.br\\\/2022\\\/2023\\\/11\\\/19\\\/javier-milei-vence-as-eleicoes-argentinas\\\/#primaryimage\"},\"thumbnailUrl\":\"https:\\\/\\\/regiaonews.net.br\\\/2022\\\/wp-content\\\/uploads\\\/2023\\\/11\\\/2023-11-19t231829z_196697687_rc2fg4a7asw2_rtrmadp_3_argentina-election.jpg\",\"articleSection\":[\"Mundo\",\"Pol\u00edtica\"],\"inLanguage\":\"pt-BR\",\"potentialAction\":[{\"@type\":\"CommentAction\",\"name\":\"Comment\",\"target\":[\"https:\\\/\\\/regiaonews.net.br\\\/2022\\\/2023\\\/11\\\/19\\\/javier-milei-vence-as-eleicoes-argentinas\\\/#respond\"]}]},{\"@type\":\"WebPage\",\"@id\":\"https:\\\/\\\/regiaonews.net.br\\\/2022\\\/2023\\\/11\\\/19\\\/javier-milei-vence-as-eleicoes-argentinas\\\/\",\"url\":\"https:\\\/\\\/regiaonews.net.br\\\/2022\\\/2023\\\/11\\\/19\\\/javier-milei-vence-as-eleicoes-argentinas\\\/\",\"name\":\"Javier Milei vence as elei\u00e7\u00f5es argentinas - Regi\u00e3o News\",\"isPartOf\":{\"@id\":\"https:\\\/\\\/regiaonews.net.br\\\/2022\\\/#website\"},\"primaryImageOfPage\":{\"@id\":\"https:\\\/\\\/regiaonews.net.br\\\/2022\\\/2023\\\/11\\\/19\\\/javier-milei-vence-as-eleicoes-argentinas\\\/#primaryimage\"},\"image\":{\"@id\":\"https:\\\/\\\/regiaonews.net.br\\\/2022\\\/2023\\\/11\\\/19\\\/javier-milei-vence-as-eleicoes-argentinas\\\/#primaryimage\"},\"thumbnailUrl\":\"https:\\\/\\\/regiaonews.net.br\\\/2022\\\/wp-content\\\/uploads\\\/2023\\\/11\\\/2023-11-19t231829z_196697687_rc2fg4a7asw2_rtrmadp_3_argentina-election.jpg\",\"datePublished\":\"2023-11-20T01:55:36+00:00\",\"breadcrumb\":{\"@id\":\"https:\\\/\\\/regiaonews.net.br\\\/2022\\\/2023\\\/11\\\/19\\\/javier-milei-vence-as-eleicoes-argentinas\\\/#breadcrumb\"},\"inLanguage\":\"pt-BR\",\"potentialAction\":[{\"@type\":\"ReadAction\",\"target\":[\"https:\\\/\\\/regiaonews.net.br\\\/2022\\\/2023\\\/11\\\/19\\\/javier-milei-vence-as-eleicoes-argentinas\\\/\"]}]},{\"@type\":\"ImageObject\",\"inLanguage\":\"pt-BR\",\"@id\":\"https:\\\/\\\/regiaonews.net.br\\\/2022\\\/2023\\\/11\\\/19\\\/javier-milei-vence-as-eleicoes-argentinas\\\/#primaryimage\",\"url\":\"https:\\\/\\\/regiaonews.net.br\\\/2022\\\/wp-content\\\/uploads\\\/2023\\\/11\\\/2023-11-19t231829z_196697687_rc2fg4a7asw2_rtrmadp_3_argentina-election.jpg\",\"contentUrl\":\"https:\\\/\\\/regiaonews.net.br\\\/2022\\\/wp-content\\\/uploads\\\/2023\\\/11\\\/2023-11-19t231829z_196697687_rc2fg4a7asw2_rtrmadp_3_argentina-election.jpg\",\"width\":1170,\"height\":700},{\"@type\":\"BreadcrumbList\",\"@id\":\"https:\\\/\\\/regiaonews.net.br\\\/2022\\\/2023\\\/11\\\/19\\\/javier-milei-vence-as-eleicoes-argentinas\\\/#breadcrumb\",\"itemListElement\":[{\"@type\":\"ListItem\",\"position\":1,\"name\":\"In\u00edcio\",\"item\":\"https:\\\/\\\/regiaonews.net.br\\\/2022\\\/\"},{\"@type\":\"ListItem\",\"position\":2,\"name\":\"Javier Milei vence as elei\u00e7\u00f5es argentinas\"}]},{\"@type\":\"WebSite\",\"@id\":\"https:\\\/\\\/regiaonews.net.br\\\/2022\\\/#website\",\"url\":\"https:\\\/\\\/regiaonews.net.br\\\/2022\\\/\",\"name\":\"Regi\u00e3o News\",\"description\":\"Site de Not\u00edcias de Barretos e regi\u00e3o\",\"publisher\":{\"@id\":\"https:\\\/\\\/regiaonews.net.br\\\/2022\\\/#organization\"},\"potentialAction\":[{\"@type\":\"SearchAction\",\"target\":{\"@type\":\"EntryPoint\",\"urlTemplate\":\"https:\\\/\\\/regiaonews.net.br\\\/2022\\\/?s={search_term_string}\"},\"query-input\":{\"@type\":\"PropertyValueSpecification\",\"valueRequired\":true,\"valueName\":\"search_term_string\"}}],\"inLanguage\":\"pt-BR\"},{\"@type\":\"Organization\",\"@id\":\"https:\\\/\\\/regiaonews.net.br\\\/2022\\\/#organization\",\"name\":\"Regi\u00e3o News\",\"url\":\"https:\\\/\\\/regiaonews.net.br\\\/2022\\\/\",\"logo\":{\"@type\":\"ImageObject\",\"inLanguage\":\"pt-BR\",\"@id\":\"https:\\\/\\\/regiaonews.net.br\\\/2022\\\/#\\\/schema\\\/logo\\\/image\\\/\",\"url\":\"https:\\\/\\\/regiaonews.net.br\\\/2022\\\/wp-content\\\/uploads\\\/2026\\\/03\\\/regiao-13-anos-scaled.jpg\",\"contentUrl\":\"https:\\\/\\\/regiaonews.net.br\\\/2022\\\/wp-content\\\/uploads\\\/2026\\\/03\\\/regiao-13-anos-scaled.jpg\",\"width\":2560,\"height\":635,\"caption\":\"Regi\u00e3o News\"},\"image\":{\"@id\":\"https:\\\/\\\/regiaonews.net.br\\\/2022\\\/#\\\/schema\\\/logo\\\/image\\\/\"}},{\"@type\":\"Person\",\"@id\":\"https:\\\/\\\/regiaonews.net.br\\\/2022\\\/#\\\/schema\\\/person\\\/2d205a608a5aa97ac279d7a5e6d89ad8\",\"name\":\"Roberto\",\"image\":{\"@type\":\"ImageObject\",\"inLanguage\":\"pt-BR\",\"@id\":\"https:\\\/\\\/secure.gravatar.com\\\/avatar\\\/42749d8b712ff9d59ca93dc150494e5b55a44134482993f5baeb97e61b7ecc89?s=96&d=mm&r=g\",\"url\":\"https:\\\/\\\/secure.gravatar.com\\\/avatar\\\/42749d8b712ff9d59ca93dc150494e5b55a44134482993f5baeb97e61b7ecc89?s=96&d=mm&r=g\",\"contentUrl\":\"https:\\\/\\\/secure.gravatar.com\\\/avatar\\\/42749d8b712ff9d59ca93dc150494e5b55a44134482993f5baeb97e61b7ecc89?s=96&d=mm&r=g\",\"caption\":\"Roberto\"},\"url\":\"https:\\\/\\\/regiaonews.net.br\\\/2022\\\/author\\\/roberto\\\/\"}]}<\/script>\n<!-- \/ Yoast SEO plugin. -->","yoast_head_json":{"title":"Javier Milei vence as elei\u00e7\u00f5es argentinas - Regi\u00e3o News","robots":{"index":"index","follow":"follow","max-snippet":"max-snippet:-1","max-image-preview":"max-image-preview:large","max-video-preview":"max-video-preview:-1"},"canonical":"https:\/\/regiaonews.net.br\/2022\/2023\/11\/19\/javier-milei-vence-as-eleicoes-argentinas\/","og_locale":"pt_BR","og_type":"article","og_title":"Javier Milei vence as elei\u00e7\u00f5es argentinas - Regi\u00e3o News","og_description":"\u00a9 REUTERS\/Agustin Marcarian Internacional O candidato de ultradireita Javier Milei","og_url":"https:\/\/regiaonews.net.br\/2022\/2023\/11\/19\/javier-milei-vence-as-eleicoes-argentinas\/","og_site_name":"Regi\u00e3o News","article_published_time":"2023-11-20T01:55:36+00:00","og_image":[{"width":1170,"height":700,"url":"https:\/\/regiaonews.net.br\/2022\/wp-content\/uploads\/2023\/11\/2023-11-19t231829z_196697687_rc2fg4a7asw2_rtrmadp_3_argentina-election.jpg","type":"image\/jpeg"}],"author":"Roberto","twitter_card":"summary_large_image","twitter_misc":{"Escrito por":"Roberto","Est. tempo de leitura":"3 minutos"},"schema":{"@context":"https:\/\/schema.org","@graph":[{"@type":"Article","@id":"https:\/\/regiaonews.net.br\/2022\/2023\/11\/19\/javier-milei-vence-as-eleicoes-argentinas\/#article","isPartOf":{"@id":"https:\/\/regiaonews.net.br\/2022\/2023\/11\/19\/javier-milei-vence-as-eleicoes-argentinas\/"},"author":{"name":"Roberto","@id":"https:\/\/regiaonews.net.br\/2022\/#\/schema\/person\/2d205a608a5aa97ac279d7a5e6d89ad8"},"headline":"Javier Milei vence as elei\u00e7\u00f5es argentinas","datePublished":"2023-11-20T01:55:36+00:00","mainEntityOfPage":{"@id":"https:\/\/regiaonews.net.br\/2022\/2023\/11\/19\/javier-milei-vence-as-eleicoes-argentinas\/"},"wordCount":436,"commentCount":0,"publisher":{"@id":"https:\/\/regiaonews.net.br\/2022\/#organization"},"image":{"@id":"https:\/\/regiaonews.net.br\/2022\/2023\/11\/19\/javier-milei-vence-as-eleicoes-argentinas\/#primaryimage"},"thumbnailUrl":"https:\/\/regiaonews.net.br\/2022\/wp-content\/uploads\/2023\/11\/2023-11-19t231829z_196697687_rc2fg4a7asw2_rtrmadp_3_argentina-election.jpg","articleSection":["Mundo","Pol\u00edtica"],"inLanguage":"pt-BR","potentialAction":[{"@type":"CommentAction","name":"Comment","target":["https:\/\/regiaonews.net.br\/2022\/2023\/11\/19\/javier-milei-vence-as-eleicoes-argentinas\/#respond"]}]},{"@type":"WebPage","@id":"https:\/\/regiaonews.net.br\/2022\/2023\/11\/19\/javier-milei-vence-as-eleicoes-argentinas\/","url":"https:\/\/regiaonews.net.br\/2022\/2023\/11\/19\/javier-milei-vence-as-eleicoes-argentinas\/","name":"Javier Milei vence as elei\u00e7\u00f5es argentinas - Regi\u00e3o News","isPartOf":{"@id":"https:\/\/regiaonews.net.br\/2022\/#website"},"primaryImageOfPage":{"@id":"https:\/\/regiaonews.net.br\/2022\/2023\/11\/19\/javier-milei-vence-as-eleicoes-argentinas\/#primaryimage"},"image":{"@id":"https:\/\/regiaonews.net.br\/2022\/2023\/11\/19\/javier-milei-vence-as-eleicoes-argentinas\/#primaryimage"},"thumbnailUrl":"https:\/\/regiaonews.net.br\/2022\/wp-content\/uploads\/2023\/11\/2023-11-19t231829z_196697687_rc2fg4a7asw2_rtrmadp_3_argentina-election.jpg","datePublished":"2023-11-20T01:55:36+00:00","breadcrumb":{"@id":"https:\/\/regiaonews.net.br\/2022\/2023\/11\/19\/javier-milei-vence-as-eleicoes-argentinas\/#breadcrumb"},"inLanguage":"pt-BR","potentialAction":[{"@type":"ReadAction","target":["https:\/\/regiaonews.net.br\/2022\/2023\/11\/19\/javier-milei-vence-as-eleicoes-argentinas\/"]}]},{"@type":"ImageObject","inLanguage":"pt-BR","@id":"https:\/\/regiaonews.net.br\/2022\/2023\/11\/19\/javier-milei-vence-as-eleicoes-argentinas\/#primaryimage","url":"https:\/\/regiaonews.net.br\/2022\/wp-content\/uploads\/2023\/11\/2023-11-19t231829z_196697687_rc2fg4a7asw2_rtrmadp_3_argentina-election.jpg","contentUrl":"https:\/\/regiaonews.net.br\/2022\/wp-content\/uploads\/2023\/11\/2023-11-19t231829z_196697687_rc2fg4a7asw2_rtrmadp_3_argentina-election.jpg","width":1170,"height":700},{"@type":"BreadcrumbList","@id":"https:\/\/regiaonews.net.br\/2022\/2023\/11\/19\/javier-milei-vence-as-eleicoes-argentinas\/#breadcrumb","itemListElement":[{"@type":"ListItem","position":1,"name":"In\u00edcio","item":"https:\/\/regiaonews.net.br\/2022\/"},{"@type":"ListItem","position":2,"name":"Javier Milei vence as elei\u00e7\u00f5es argentinas"}]},{"@type":"WebSite","@id":"https:\/\/regiaonews.net.br\/2022\/#website","url":"https:\/\/regiaonews.net.br\/2022\/","name":"Regi\u00e3o News","description":"Site de Not\u00edcias de Barretos e regi\u00e3o","publisher":{"@id":"https:\/\/regiaonews.net.br\/2022\/#organization"},"potentialAction":[{"@type":"SearchAction","target":{"@type":"EntryPoint","urlTemplate":"https:\/\/regiaonews.net.br\/2022\/?s={search_term_string}"},"query-input":{"@type":"PropertyValueSpecification","valueRequired":true,"valueName":"search_term_string"}}],"inLanguage":"pt-BR"},{"@type":"Organization","@id":"https:\/\/regiaonews.net.br\/2022\/#organization","name":"Regi\u00e3o News","url":"https:\/\/regiaonews.net.br\/2022\/","logo":{"@type":"ImageObject","inLanguage":"pt-BR","@id":"https:\/\/regiaonews.net.br\/2022\/#\/schema\/logo\/image\/","url":"https:\/\/regiaonews.net.br\/2022\/wp-content\/uploads\/2026\/03\/regiao-13-anos-scaled.jpg","contentUrl":"https:\/\/regiaonews.net.br\/2022\/wp-content\/uploads\/2026\/03\/regiao-13-anos-scaled.jpg","width":2560,"height":635,"caption":"Regi\u00e3o News"},"image":{"@id":"https:\/\/regiaonews.net.br\/2022\/#\/schema\/logo\/image\/"}},{"@type":"Person","@id":"https:\/\/regiaonews.net.br\/2022\/#\/schema\/person\/2d205a608a5aa97ac279d7a5e6d89ad8","name":"Roberto","image":{"@type":"ImageObject","inLanguage":"pt-BR","@id":"https:\/\/secure.gravatar.com\/avatar\/42749d8b712ff9d59ca93dc150494e5b55a44134482993f5baeb97e61b7ecc89?s=96&d=mm&r=g","url":"https:\/\/secure.gravatar.com\/avatar\/42749d8b712ff9d59ca93dc150494e5b55a44134482993f5baeb97e61b7ecc89?s=96&d=mm&r=g","contentUrl":"https:\/\/secure.gravatar.com\/avatar\/42749d8b712ff9d59ca93dc150494e5b55a44134482993f5baeb97e61b7ecc89?s=96&d=mm&r=g","caption":"Roberto"},"url":"https:\/\/regiaonews.net.br\/2022\/author\/roberto\/"}]}},"publishpress_future_action":{"enabled":false,"date":"2026-05-04 13:01:01","action":"change-status","newStatus":"draft","terms":[],"taxonomy":"category","extraData":[]},"publishpress_future_workflow_manual_trigger":{"enabledWorkflows":[]},"_links":{"self":[{"href":"https:\/\/regiaonews.net.br\/2022\/wp-json\/wp\/v2\/posts\/97968","targetHints":{"allow":["GET"]}}],"collection":[{"href":"https:\/\/regiaonews.net.br\/2022\/wp-json\/wp\/v2\/posts"}],"about":[{"href":"https:\/\/regiaonews.net.br\/2022\/wp-json\/wp\/v2\/types\/post"}],"author":[{"embeddable":true,"href":"https:\/\/regiaonews.net.br\/2022\/wp-json\/wp\/v2\/users\/2"}],"replies":[{"embeddable":true,"href":"https:\/\/regiaonews.net.br\/2022\/wp-json\/wp\/v2\/comments?post=97968"}],"version-history":[{"count":1,"href":"https:\/\/regiaonews.net.br\/2022\/wp-json\/wp\/v2\/posts\/97968\/revisions"}],"predecessor-version":[{"id":97970,"href":"https:\/\/regiaonews.net.br\/2022\/wp-json\/wp\/v2\/posts\/97968\/revisions\/97970"}],"wp:featuredmedia":[{"embeddable":true,"href":"https:\/\/regiaonews.net.br\/2022\/wp-json\/wp\/v2\/media\/97969"}],"wp:attachment":[{"href":"https:\/\/regiaonews.net.br\/2022\/wp-json\/wp\/v2\/media?parent=97968"}],"wp:term":[{"taxonomy":"category","embeddable":true,"href":"https:\/\/regiaonews.net.br\/2022\/wp-json\/wp\/v2\/categories?post=97968"},{"taxonomy":"post_tag","embeddable":true,"href":"https:\/\/regiaonews.net.br\/2022\/wp-json\/wp\/v2\/tags?post=97968"}],"curies":[{"name":"wp","href":"https:\/\/api.w.org\/{rel}","templated":true}]}}