{"id":97936,"date":"2023-11-18T16:35:22","date_gmt":"2023-11-18T19:35:22","guid":{"rendered":"https:\/\/regiaonews.net.br\/2022\/?p=97936"},"modified":"2023-11-18T16:39:56","modified_gmt":"2023-11-18T19:39:56","slug":"hussein-gemha-junior-assume-pela-quinta-vez-presidencia-de-os","status":"publish","type":"post","link":"https:\/\/regiaonews.net.br\/2022\/2023\/11\/18\/hussein-gemha-junior-assume-pela-quinta-vez-presidencia-de-os\/","title":{"rendered":"Hussein Gemha J\u00fanior assume pela quinta vez presid\u00eancia de Os Independentes"},"content":{"rendered":"<p>Cerim\u00f4nia de posse da diretoria da Associa\u00e7\u00e3o aconteceu neste s\u00e1bado, dia 18. Novos s\u00f3cios efetivos tamb\u00e9m foram empossados<\/p>\n<p>A Cerim\u00f4nia de Posse da Gest\u00e3o 2023\/2024 da Associa\u00e7\u00e3o Os Independentes aconteceu neste s\u00e1bado, dia 18, tendo o empres\u00e1rio e pecuarista Hussein Gemha J\u00fanior assumindo pela quinta vez a presid\u00eancia. A chapa \u00fanica foi reeleita por aclama\u00e7\u00e3o em outubro. A solenidade aconteceu no Barretos Park Hotel.<\/p>\n<p>A Diretoria Executiva empossa conta ainda com Em\u00edlio Carlos dos Santos (Kak\u00e1) na 1\u00aa vice-presid\u00eancia, Jeronimo Luiz Muzetti no cargo de 1\u00ba diretor financeiro e Jos\u00e9 Carlos Branco como 1\u00ba secret\u00e1rio.<\/p>\n<p>No Conselho Fiscal assumiram: Calil Sales Aguil como presidente, Walter Ant\u00f4nio de Almeida, secret\u00e1rio, Jairo de Souza Machado J\u00fanior como efetivo, Luciano Marcelo e Fl\u00e1vio Esteves da Silva de suplentes. J\u00e1 a Comiss\u00e3o de \u00c9tica tem como integrantes Luiz Carlos Messias da Silva na presid\u00eancia, Mussa Calil Neto como secret\u00e1rio, Wolinsk Antonio Maruco, Luis Sergio Naves e Luiz Thiago Rodrigues como efetivos, Evaldo Gomes Ferreira e Pedro Muniz Paix\u00e3o como suplentes.<\/p>\n<p>Tamb\u00e9m tomaram posse os demais membros que v\u00e3o compor as diretorias da Gest\u00e3o 2023\/2024, respons\u00e1vel por grandes eventos promovidos pela Associa\u00e7\u00e3o, entre eles, a Festa do Pe\u00e3o de Barretos e o Barretos Motorcycles.<\/p>\n<p>Novos membros e homenagens<br \/>\nOs novos membros de Os Independentes, eleitos na Assembleia Geral Ordin\u00e1ria do dia 10 de setembro, Lucas Miguel Muzeti, Jo\u00e3o Pedro Lima Gemha e Ricardo Reis, o Panchinho, tamb\u00e9m foram empossados como s\u00f3cios efetivos, recebendo a carteirinha oficial da Associa\u00e7\u00e3o.<\/p>\n<p>Durante a cerim\u00f4nia foram homenageados com o t\u00edtulo de Benem\u00e9rito, Claudio Muraska, e com o t\u00edtulo de Honor\u00e1rio o Governador do Estado de S\u00e3o Paulo Tarc\u00edsio Freitas. Ambos foram reconhecidos pelos servi\u00e7os e apoio prestados a Os Independentes.<\/p>\n<p>A solenidade tamb\u00e9m homenageou o fundador de Os Independentes Hor\u00e1cio Tavares de Azevedo, falecido no dia anteriorAl\u00e9m disso, o empres\u00e1rio e um dos fundadores do ent\u00e3o clube Os Independentes e tamb\u00e9m da Festa do Pe\u00e3o, Hor\u00e1cio Tavares de Azevedo falecido no dia anterior (17), foi homenageado com voto de sil\u00eancio.<\/p>\n<p>Presidente ressalta confian\u00e7a<br \/>\nHussein Gemha J\u00fanior entra pela quinta vez na galeria de presidentes de Os Independentes. Ele j\u00e1 presidiu a Associa\u00e7\u00e3o nas gest\u00f5es de 2001, 2016, 2017 e 2022. Membro desde 1983, tamb\u00e9m passou por outros cargos na diretoria incluindo diretor financeiro, secret\u00e1rio, diretor de eventos especiais e esportes.<br \/>\nEm seu quinto mandato, o pecuarista destaca a import\u00e2ncia da confian\u00e7a dos membros da associa\u00e7\u00e3o e o companheirismo para superar os grandes desafios do setor e continua com as diversas miss\u00f5es assumidas por Os Independentes.<br \/>\n\u201cSomos uma associa\u00e7\u00e3o que vai muito al\u00e9m de promover eventos. Temos compromisso em ser pioneiros, abrir caminhos pra todo um setor. E, muito al\u00e9m disso, temos um papel fundamental no desenvolvimento da nossa regi\u00e3o. Isso inclui toda a movimenta\u00e7\u00e3o econ\u00f4mica que se desdobra dos nossos eventos que \u00e9 respons\u00e1vel por gera\u00e7\u00e3o de emprego e renda para milhares de pessoas, fomentando todo o mercado de turismo e diversos outros setores da nossa cidade e arredores. Reitero ainda, o compromisso de Os Independentes com o desenvolvimento social, cumprindo o estatuto da associa\u00e7\u00e3o que tem como um de seus pilares a filantropia. E todas essas miss\u00f5es s\u00f3 conseguimos cumprir com sucesso porque os membros se unem, apoiam e colaboram com a diretoria que assume esta gest\u00e3o\u201d, ressaltou.<\/p>\n<p>Hussein confirma ainda que os pr\u00f3ximos passos de sua gest\u00e3o \u00e9 a continuidade dos trabalhos para fortalecer os eventos sediados no Parque do Pe\u00e3o. \u201cA Festa do Pe\u00e3o \u00e9 nosso maior evento e continua como foco principal. Tanto \u00e9 que j\u00e1 anunciamos, ainda na edi\u00e7\u00e3o de 2023, parte da programa\u00e7\u00e3o de 2024. E temos outros grandes desafios como os 20 anos de Barretos Motorcycles, a 9a edi\u00e7\u00e3o do Insane Sound, a movimenta\u00e7\u00e3o constante do Parque do Pe\u00e3o como atrativo tur\u00edstico &#8211; incluindo eventos parceiros, e a entrega de qualidade de todos os eventos que acontecem sob nossa gest\u00e3o\u201d, continuou.<\/p>\n<p>A Diretoria completa empossada tem os seguintes integrantes:<\/p>\n<p>Presidente: Hussein Gemha J\u00fanior<br \/>\n1\u00ba Vice-Presidente: Em\u00edlio Carlos dos Santos<br \/>\n2\u00ba Vice-Presidente: Paulo Fernando Luiz Buquera<br \/>\n1\u00ba Secret\u00e1rio: Jos\u00e9 Carlos Branco<br \/>\n2\u00ba Secret\u00e1rio: Sim\u00e3o Ant\u00f4nio Marques<br \/>\n1\u00ba Diretor Financeiro: Jeronimo Luiz Muzetti<br \/>\n2\u00ba Diretor Financeiro: Hugo Resende Filho<br \/>\nDiretor Social: Fernando Junqueira Moni<br \/>\nDiretor Cultural: Pedro Miguel Muzetti<br \/>\nDiretor de Rela\u00e7\u00f5es P\u00fablicas: Raphael Gon\u00e7alves Dutra<br \/>\nDiretor de Eventos Especiais: Jaime Pereira J\u00fanior<br \/>\nDiretor de Patrim\u00f4nio: V\u00edtor C\u00e9sar Alves de Almeida<br \/>\nDiretor de Planejamento: Jos\u00e9 Umberto Bampa<br \/>\nDiretor de Esportes: Marcelo Ferreira Ribeiro<br \/>\nDiretor de Rodeio: Marcos Jos\u00e9 Abud Wohnrath<br \/>\nDiretor de Marketing: Durval P\u00e1dua Ferreira Neto<br \/>\nDiretor de Turismo: Marcelo Flosi Oliveira<\/p>\n<p>Departamento Veterin\u00e1ria: Marcos Sampaio de Almeida Prado<br \/>\nDepartamento Jur\u00eddico: Julio Eduardo A. Samara<\/p>\n<p>Diretoria Adjunta<br \/>\nDiretor Adjunto Social: Marcio Ferreira Musse<br \/>\nDiretor Adjunto Cultural: Frederico Faustinoni<br \/>\nDiretor Adjunto Cultural: Murilo Figueiredo dos Santos<br \/>\nDiretor Adjunto de Planejamento: Wilson Chubassi de Aveiro<br \/>\nDiretor Adjunto de Patrim\u00f4nio: Marco Ant\u00f4nio Sim\u00e3o de Lima<br \/>\nDiretor Adjunto de Esportes: Caio Leite<br \/>\nDiretor Adjunto de Eventos Especiais: Rony Munari Trevisani<br \/>\nDiretor Adjunto de Rodeio: Jos\u00e9 Alexandre Silva Paiva<br \/>\nDiretor Adjunto de Marketing: Marcos Murta<br \/>\nDiretor Adjunto de Rela\u00e7\u00f5es P\u00fablicas: Bruno Resende<br \/>\nDiretor Adjunto de turismo: Jos\u00e9 Ricardo Augusto<\/p>\n<p>&nbsp;<\/p>\n","protected":false},"excerpt":{"rendered":"<p>Cerim\u00f4nia de posse da diretoria da Associa\u00e7\u00e3o aconteceu neste s\u00e1bado,<\/p>\n","protected":false},"author":2,"featured_media":97937,"comment_status":"open","ping_status":"open","sticky":false,"template":"","format":"standard","meta":{"footnotes":""},"categories":[14,25,45],"tags":[],"class_list":["post-97936","post","type-post","status-publish","format-standard","has-post-thumbnail","hentry","category-barretos","category-cidades","category-festa-do-peao"],"yoast_head":"<!-- This site is optimized with the Yoast SEO plugin v27.4 - https:\/\/yoast.com\/product\/yoast-seo-wordpress\/ -->\n<title>Hussein Gemha J\u00fanior assume pela quinta vez presid\u00eancia<\/title>\n<meta name=\"robots\" content=\"index, follow, max-snippet:-1, max-image-preview:large, max-video-preview:-1\" \/>\n<link rel=\"canonical\" href=\"https:\/\/regiaonews.net.br\/2022\/2023\/11\/18\/hussein-gemha-junior-assume-pela-quinta-vez-presidencia-de-os\/\" \/>\n<meta property=\"og:locale\" content=\"pt_BR\" \/>\n<meta property=\"og:type\" content=\"article\" \/>\n<meta property=\"og:title\" content=\"Hussein Gemha J\u00fanior assume pela quinta vez presid\u00eancia\" \/>\n<meta property=\"og:description\" content=\"Cerim\u00f4nia de posse da diretoria da Associa\u00e7\u00e3o aconteceu neste s\u00e1bado,\" \/>\n<meta property=\"og:url\" content=\"https:\/\/regiaonews.net.br\/2022\/2023\/11\/18\/hussein-gemha-junior-assume-pela-quinta-vez-presidencia-de-os\/\" \/>\n<meta property=\"og:site_name\" content=\"Regi\u00e3o News\" \/>\n<meta property=\"article:published_time\" content=\"2023-11-18T19:35:22+00:00\" \/>\n<meta property=\"article:modified_time\" content=\"2023-11-18T19:39:56+00:00\" \/>\n<meta property=\"og:image\" content=\"https:\/\/regiaonews.net.br\/2022\/wp-content\/uploads\/2023\/11\/WhatsApp-Image-2023-11-18-at-13.10.35.jpeg\" \/>\n\t<meta property=\"og:image:width\" content=\"1600\" \/>\n\t<meta property=\"og:image:height\" content=\"1200\" \/>\n\t<meta property=\"og:image:type\" content=\"image\/jpeg\" \/>\n<meta name=\"author\" content=\"Roberto\" \/>\n<meta name=\"twitter:card\" content=\"summary_large_image\" \/>\n<meta name=\"twitter:label1\" content=\"Escrito por\" \/>\n\t<meta name=\"twitter:data1\" content=\"Roberto\" \/>\n\t<meta name=\"twitter:label2\" content=\"Est. tempo de leitura\" \/>\n\t<meta name=\"twitter:data2\" content=\"5 minutos\" \/>\n<script type=\"application\/ld+json\" class=\"yoast-schema-graph\">{\"@context\":\"https:\\\/\\\/schema.org\",\"@graph\":[{\"@type\":\"Article\",\"@id\":\"https:\\\/\\\/regiaonews.net.br\\\/2022\\\/2023\\\/11\\\/18\\\/hussein-gemha-junior-assume-pela-quinta-vez-presidencia-de-os\\\/#article\",\"isPartOf\":{\"@id\":\"https:\\\/\\\/regiaonews.net.br\\\/2022\\\/2023\\\/11\\\/18\\\/hussein-gemha-junior-assume-pela-quinta-vez-presidencia-de-os\\\/\"},\"author\":{\"name\":\"Roberto\",\"@id\":\"https:\\\/\\\/regiaonews.net.br\\\/2022\\\/#\\\/schema\\\/person\\\/2d205a608a5aa97ac279d7a5e6d89ad8\"},\"headline\":\"Hussein Gemha J\u00fanior assume pela quinta vez presid\u00eancia de Os Independentes\",\"datePublished\":\"2023-11-18T19:35:22+00:00\",\"dateModified\":\"2023-11-18T19:39:56+00:00\",\"mainEntityOfPage\":{\"@id\":\"https:\\\/\\\/regiaonews.net.br\\\/2022\\\/2023\\\/11\\\/18\\\/hussein-gemha-junior-assume-pela-quinta-vez-presidencia-de-os\\\/\"},\"wordCount\":933,\"commentCount\":0,\"publisher\":{\"@id\":\"https:\\\/\\\/regiaonews.net.br\\\/2022\\\/#organization\"},\"image\":{\"@id\":\"https:\\\/\\\/regiaonews.net.br\\\/2022\\\/2023\\\/11\\\/18\\\/hussein-gemha-junior-assume-pela-quinta-vez-presidencia-de-os\\\/#primaryimage\"},\"thumbnailUrl\":\"https:\\\/\\\/regiaonews.net.br\\\/2022\\\/wp-content\\\/uploads\\\/2023\\\/11\\\/WhatsApp-Image-2023-11-18-at-13.10.35.jpeg\",\"articleSection\":[\"Barretos\",\"Cidades\",\"Festa do Pe\u00e3o\"],\"inLanguage\":\"pt-BR\",\"potentialAction\":[{\"@type\":\"CommentAction\",\"name\":\"Comment\",\"target\":[\"https:\\\/\\\/regiaonews.net.br\\\/2022\\\/2023\\\/11\\\/18\\\/hussein-gemha-junior-assume-pela-quinta-vez-presidencia-de-os\\\/#respond\"]}]},{\"@type\":\"WebPage\",\"@id\":\"https:\\\/\\\/regiaonews.net.br\\\/2022\\\/2023\\\/11\\\/18\\\/hussein-gemha-junior-assume-pela-quinta-vez-presidencia-de-os\\\/\",\"url\":\"https:\\\/\\\/regiaonews.net.br\\\/2022\\\/2023\\\/11\\\/18\\\/hussein-gemha-junior-assume-pela-quinta-vez-presidencia-de-os\\\/\",\"name\":\"Hussein Gemha J\u00fanior assume pela quinta vez presid\u00eancia\",\"isPartOf\":{\"@id\":\"https:\\\/\\\/regiaonews.net.br\\\/2022\\\/#website\"},\"primaryImageOfPage\":{\"@id\":\"https:\\\/\\\/regiaonews.net.br\\\/2022\\\/2023\\\/11\\\/18\\\/hussein-gemha-junior-assume-pela-quinta-vez-presidencia-de-os\\\/#primaryimage\"},\"image\":{\"@id\":\"https:\\\/\\\/regiaonews.net.br\\\/2022\\\/2023\\\/11\\\/18\\\/hussein-gemha-junior-assume-pela-quinta-vez-presidencia-de-os\\\/#primaryimage\"},\"thumbnailUrl\":\"https:\\\/\\\/regiaonews.net.br\\\/2022\\\/wp-content\\\/uploads\\\/2023\\\/11\\\/WhatsApp-Image-2023-11-18-at-13.10.35.jpeg\",\"datePublished\":\"2023-11-18T19:35:22+00:00\",\"dateModified\":\"2023-11-18T19:39:56+00:00\",\"breadcrumb\":{\"@id\":\"https:\\\/\\\/regiaonews.net.br\\\/2022\\\/2023\\\/11\\\/18\\\/hussein-gemha-junior-assume-pela-quinta-vez-presidencia-de-os\\\/#breadcrumb\"},\"inLanguage\":\"pt-BR\",\"potentialAction\":[{\"@type\":\"ReadAction\",\"target\":[\"https:\\\/\\\/regiaonews.net.br\\\/2022\\\/2023\\\/11\\\/18\\\/hussein-gemha-junior-assume-pela-quinta-vez-presidencia-de-os\\\/\"]}]},{\"@type\":\"ImageObject\",\"inLanguage\":\"pt-BR\",\"@id\":\"https:\\\/\\\/regiaonews.net.br\\\/2022\\\/2023\\\/11\\\/18\\\/hussein-gemha-junior-assume-pela-quinta-vez-presidencia-de-os\\\/#primaryimage\",\"url\":\"https:\\\/\\\/regiaonews.net.br\\\/2022\\\/wp-content\\\/uploads\\\/2023\\\/11\\\/WhatsApp-Image-2023-11-18-at-13.10.35.jpeg\",\"contentUrl\":\"https:\\\/\\\/regiaonews.net.br\\\/2022\\\/wp-content\\\/uploads\\\/2023\\\/11\\\/WhatsApp-Image-2023-11-18-at-13.10.35.jpeg\",\"width\":1600,\"height\":1200},{\"@type\":\"BreadcrumbList\",\"@id\":\"https:\\\/\\\/regiaonews.net.br\\\/2022\\\/2023\\\/11\\\/18\\\/hussein-gemha-junior-assume-pela-quinta-vez-presidencia-de-os\\\/#breadcrumb\",\"itemListElement\":[{\"@type\":\"ListItem\",\"position\":1,\"name\":\"In\u00edcio\",\"item\":\"https:\\\/\\\/regiaonews.net.br\\\/2022\\\/\"},{\"@type\":\"ListItem\",\"position\":2,\"name\":\"Hussein Gemha J\u00fanior assume pela quinta vez presid\u00eancia de Os Independentes\"}]},{\"@type\":\"WebSite\",\"@id\":\"https:\\\/\\\/regiaonews.net.br\\\/2022\\\/#website\",\"url\":\"https:\\\/\\\/regiaonews.net.br\\\/2022\\\/\",\"name\":\"Regi\u00e3o News\",\"description\":\"Site de Not\u00edcias de Barretos e regi\u00e3o\",\"publisher\":{\"@id\":\"https:\\\/\\\/regiaonews.net.br\\\/2022\\\/#organization\"},\"potentialAction\":[{\"@type\":\"SearchAction\",\"target\":{\"@type\":\"EntryPoint\",\"urlTemplate\":\"https:\\\/\\\/regiaonews.net.br\\\/2022\\\/?s={search_term_string}\"},\"query-input\":{\"@type\":\"PropertyValueSpecification\",\"valueRequired\":true,\"valueName\":\"search_term_string\"}}],\"inLanguage\":\"pt-BR\"},{\"@type\":\"Organization\",\"@id\":\"https:\\\/\\\/regiaonews.net.br\\\/2022\\\/#organization\",\"name\":\"Regi\u00e3o News\",\"url\":\"https:\\\/\\\/regiaonews.net.br\\\/2022\\\/\",\"logo\":{\"@type\":\"ImageObject\",\"inLanguage\":\"pt-BR\",\"@id\":\"https:\\\/\\\/regiaonews.net.br\\\/2022\\\/#\\\/schema\\\/logo\\\/image\\\/\",\"url\":\"https:\\\/\\\/regiaonews.net.br\\\/2022\\\/wp-content\\\/uploads\\\/2026\\\/03\\\/regiao-13-anos-scaled.jpg\",\"contentUrl\":\"https:\\\/\\\/regiaonews.net.br\\\/2022\\\/wp-content\\\/uploads\\\/2026\\\/03\\\/regiao-13-anos-scaled.jpg\",\"width\":2560,\"height\":635,\"caption\":\"Regi\u00e3o News\"},\"image\":{\"@id\":\"https:\\\/\\\/regiaonews.net.br\\\/2022\\\/#\\\/schema\\\/logo\\\/image\\\/\"}},{\"@type\":\"Person\",\"@id\":\"https:\\\/\\\/regiaonews.net.br\\\/2022\\\/#\\\/schema\\\/person\\\/2d205a608a5aa97ac279d7a5e6d89ad8\",\"name\":\"Roberto\",\"image\":{\"@type\":\"ImageObject\",\"inLanguage\":\"pt-BR\",\"@id\":\"https:\\\/\\\/secure.gravatar.com\\\/avatar\\\/42749d8b712ff9d59ca93dc150494e5b55a44134482993f5baeb97e61b7ecc89?s=96&d=mm&r=g\",\"url\":\"https:\\\/\\\/secure.gravatar.com\\\/avatar\\\/42749d8b712ff9d59ca93dc150494e5b55a44134482993f5baeb97e61b7ecc89?s=96&d=mm&r=g\",\"contentUrl\":\"https:\\\/\\\/secure.gravatar.com\\\/avatar\\\/42749d8b712ff9d59ca93dc150494e5b55a44134482993f5baeb97e61b7ecc89?s=96&d=mm&r=g\",\"caption\":\"Roberto\"},\"url\":\"https:\\\/\\\/regiaonews.net.br\\\/2022\\\/author\\\/roberto\\\/\"}]}<\/script>\n<!-- \/ Yoast SEO plugin. -->","yoast_head_json":{"title":"Hussein Gemha J\u00fanior assume pela quinta vez presid\u00eancia","robots":{"index":"index","follow":"follow","max-snippet":"max-snippet:-1","max-image-preview":"max-image-preview:large","max-video-preview":"max-video-preview:-1"},"canonical":"https:\/\/regiaonews.net.br\/2022\/2023\/11\/18\/hussein-gemha-junior-assume-pela-quinta-vez-presidencia-de-os\/","og_locale":"pt_BR","og_type":"article","og_title":"Hussein Gemha J\u00fanior assume pela quinta vez presid\u00eancia","og_description":"Cerim\u00f4nia de posse da diretoria da Associa\u00e7\u00e3o aconteceu neste s\u00e1bado,","og_url":"https:\/\/regiaonews.net.br\/2022\/2023\/11\/18\/hussein-gemha-junior-assume-pela-quinta-vez-presidencia-de-os\/","og_site_name":"Regi\u00e3o News","article_published_time":"2023-11-18T19:35:22+00:00","article_modified_time":"2023-11-18T19:39:56+00:00","og_image":[{"width":1600,"height":1200,"url":"https:\/\/regiaonews.net.br\/2022\/wp-content\/uploads\/2023\/11\/WhatsApp-Image-2023-11-18-at-13.10.35.jpeg","type":"image\/jpeg"}],"author":"Roberto","twitter_card":"summary_large_image","twitter_misc":{"Escrito por":"Roberto","Est. tempo de leitura":"5 minutos"},"schema":{"@context":"https:\/\/schema.org","@graph":[{"@type":"Article","@id":"https:\/\/regiaonews.net.br\/2022\/2023\/11\/18\/hussein-gemha-junior-assume-pela-quinta-vez-presidencia-de-os\/#article","isPartOf":{"@id":"https:\/\/regiaonews.net.br\/2022\/2023\/11\/18\/hussein-gemha-junior-assume-pela-quinta-vez-presidencia-de-os\/"},"author":{"name":"Roberto","@id":"https:\/\/regiaonews.net.br\/2022\/#\/schema\/person\/2d205a608a5aa97ac279d7a5e6d89ad8"},"headline":"Hussein Gemha J\u00fanior assume pela quinta vez presid\u00eancia de Os Independentes","datePublished":"2023-11-18T19:35:22+00:00","dateModified":"2023-11-18T19:39:56+00:00","mainEntityOfPage":{"@id":"https:\/\/regiaonews.net.br\/2022\/2023\/11\/18\/hussein-gemha-junior-assume-pela-quinta-vez-presidencia-de-os\/"},"wordCount":933,"commentCount":0,"publisher":{"@id":"https:\/\/regiaonews.net.br\/2022\/#organization"},"image":{"@id":"https:\/\/regiaonews.net.br\/2022\/2023\/11\/18\/hussein-gemha-junior-assume-pela-quinta-vez-presidencia-de-os\/#primaryimage"},"thumbnailUrl":"https:\/\/regiaonews.net.br\/2022\/wp-content\/uploads\/2023\/11\/WhatsApp-Image-2023-11-18-at-13.10.35.jpeg","articleSection":["Barretos","Cidades","Festa do Pe\u00e3o"],"inLanguage":"pt-BR","potentialAction":[{"@type":"CommentAction","name":"Comment","target":["https:\/\/regiaonews.net.br\/2022\/2023\/11\/18\/hussein-gemha-junior-assume-pela-quinta-vez-presidencia-de-os\/#respond"]}]},{"@type":"WebPage","@id":"https:\/\/regiaonews.net.br\/2022\/2023\/11\/18\/hussein-gemha-junior-assume-pela-quinta-vez-presidencia-de-os\/","url":"https:\/\/regiaonews.net.br\/2022\/2023\/11\/18\/hussein-gemha-junior-assume-pela-quinta-vez-presidencia-de-os\/","name":"Hussein Gemha J\u00fanior assume pela quinta vez presid\u00eancia","isPartOf":{"@id":"https:\/\/regiaonews.net.br\/2022\/#website"},"primaryImageOfPage":{"@id":"https:\/\/regiaonews.net.br\/2022\/2023\/11\/18\/hussein-gemha-junior-assume-pela-quinta-vez-presidencia-de-os\/#primaryimage"},"image":{"@id":"https:\/\/regiaonews.net.br\/2022\/2023\/11\/18\/hussein-gemha-junior-assume-pela-quinta-vez-presidencia-de-os\/#primaryimage"},"thumbnailUrl":"https:\/\/regiaonews.net.br\/2022\/wp-content\/uploads\/2023\/11\/WhatsApp-Image-2023-11-18-at-13.10.35.jpeg","datePublished":"2023-11-18T19:35:22+00:00","dateModified":"2023-11-18T19:39:56+00:00","breadcrumb":{"@id":"https:\/\/regiaonews.net.br\/2022\/2023\/11\/18\/hussein-gemha-junior-assume-pela-quinta-vez-presidencia-de-os\/#breadcrumb"},"inLanguage":"pt-BR","potentialAction":[{"@type":"ReadAction","target":["https:\/\/regiaonews.net.br\/2022\/2023\/11\/18\/hussein-gemha-junior-assume-pela-quinta-vez-presidencia-de-os\/"]}]},{"@type":"ImageObject","inLanguage":"pt-BR","@id":"https:\/\/regiaonews.net.br\/2022\/2023\/11\/18\/hussein-gemha-junior-assume-pela-quinta-vez-presidencia-de-os\/#primaryimage","url":"https:\/\/regiaonews.net.br\/2022\/wp-content\/uploads\/2023\/11\/WhatsApp-Image-2023-11-18-at-13.10.35.jpeg","contentUrl":"https:\/\/regiaonews.net.br\/2022\/wp-content\/uploads\/2023\/11\/WhatsApp-Image-2023-11-18-at-13.10.35.jpeg","width":1600,"height":1200},{"@type":"BreadcrumbList","@id":"https:\/\/regiaonews.net.br\/2022\/2023\/11\/18\/hussein-gemha-junior-assume-pela-quinta-vez-presidencia-de-os\/#breadcrumb","itemListElement":[{"@type":"ListItem","position":1,"name":"In\u00edcio","item":"https:\/\/regiaonews.net.br\/2022\/"},{"@type":"ListItem","position":2,"name":"Hussein Gemha J\u00fanior assume pela quinta vez presid\u00eancia de Os Independentes"}]},{"@type":"WebSite","@id":"https:\/\/regiaonews.net.br\/2022\/#website","url":"https:\/\/regiaonews.net.br\/2022\/","name":"Regi\u00e3o News","description":"Site de Not\u00edcias de Barretos e regi\u00e3o","publisher":{"@id":"https:\/\/regiaonews.net.br\/2022\/#organization"},"potentialAction":[{"@type":"SearchAction","target":{"@type":"EntryPoint","urlTemplate":"https:\/\/regiaonews.net.br\/2022\/?s={search_term_string}"},"query-input":{"@type":"PropertyValueSpecification","valueRequired":true,"valueName":"search_term_string"}}],"inLanguage":"pt-BR"},{"@type":"Organization","@id":"https:\/\/regiaonews.net.br\/2022\/#organization","name":"Regi\u00e3o News","url":"https:\/\/regiaonews.net.br\/2022\/","logo":{"@type":"ImageObject","inLanguage":"pt-BR","@id":"https:\/\/regiaonews.net.br\/2022\/#\/schema\/logo\/image\/","url":"https:\/\/regiaonews.net.br\/2022\/wp-content\/uploads\/2026\/03\/regiao-13-anos-scaled.jpg","contentUrl":"https:\/\/regiaonews.net.br\/2022\/wp-content\/uploads\/2026\/03\/regiao-13-anos-scaled.jpg","width":2560,"height":635,"caption":"Regi\u00e3o News"},"image":{"@id":"https:\/\/regiaonews.net.br\/2022\/#\/schema\/logo\/image\/"}},{"@type":"Person","@id":"https:\/\/regiaonews.net.br\/2022\/#\/schema\/person\/2d205a608a5aa97ac279d7a5e6d89ad8","name":"Roberto","image":{"@type":"ImageObject","inLanguage":"pt-BR","@id":"https:\/\/secure.gravatar.com\/avatar\/42749d8b712ff9d59ca93dc150494e5b55a44134482993f5baeb97e61b7ecc89?s=96&d=mm&r=g","url":"https:\/\/secure.gravatar.com\/avatar\/42749d8b712ff9d59ca93dc150494e5b55a44134482993f5baeb97e61b7ecc89?s=96&d=mm&r=g","contentUrl":"https:\/\/secure.gravatar.com\/avatar\/42749d8b712ff9d59ca93dc150494e5b55a44134482993f5baeb97e61b7ecc89?s=96&d=mm&r=g","caption":"Roberto"},"url":"https:\/\/regiaonews.net.br\/2022\/author\/roberto\/"}]}},"publishpress_future_action":{"enabled":false,"date":"2026-05-04 10:06:56","action":"change-status","newStatus":"draft","terms":[],"taxonomy":"category","extraData":[]},"publishpress_future_workflow_manual_trigger":{"enabledWorkflows":[]},"_links":{"self":[{"href":"https:\/\/regiaonews.net.br\/2022\/wp-json\/wp\/v2\/posts\/97936","targetHints":{"allow":["GET"]}}],"collection":[{"href":"https:\/\/regiaonews.net.br\/2022\/wp-json\/wp\/v2\/posts"}],"about":[{"href":"https:\/\/regiaonews.net.br\/2022\/wp-json\/wp\/v2\/types\/post"}],"author":[{"embeddable":true,"href":"https:\/\/regiaonews.net.br\/2022\/wp-json\/wp\/v2\/users\/2"}],"replies":[{"embeddable":true,"href":"https:\/\/regiaonews.net.br\/2022\/wp-json\/wp\/v2\/comments?post=97936"}],"version-history":[{"count":3,"href":"https:\/\/regiaonews.net.br\/2022\/wp-json\/wp\/v2\/posts\/97936\/revisions"}],"predecessor-version":[{"id":97940,"href":"https:\/\/regiaonews.net.br\/2022\/wp-json\/wp\/v2\/posts\/97936\/revisions\/97940"}],"wp:featuredmedia":[{"embeddable":true,"href":"https:\/\/regiaonews.net.br\/2022\/wp-json\/wp\/v2\/media\/97937"}],"wp:attachment":[{"href":"https:\/\/regiaonews.net.br\/2022\/wp-json\/wp\/v2\/media?parent=97936"}],"wp:term":[{"taxonomy":"category","embeddable":true,"href":"https:\/\/regiaonews.net.br\/2022\/wp-json\/wp\/v2\/categories?post=97936"},{"taxonomy":"post_tag","embeddable":true,"href":"https:\/\/regiaonews.net.br\/2022\/wp-json\/wp\/v2\/tags?post=97936"}],"curies":[{"name":"wp","href":"https:\/\/api.w.org\/{rel}","templated":true}]}}