{"id":97891,"date":"2023-11-17T19:36:54","date_gmt":"2023-11-17T22:36:54","guid":{"rendered":"https:\/\/regiaonews.net.br\/2022\/?p=97891"},"modified":"2023-11-18T06:38:17","modified_gmt":"2023-11-18T09:38:17","slug":"projeto-para-implantacao-de-distrito-turistico-em-barretos-e-apresentado-para-empresarios-do-segmento","status":"publish","type":"post","link":"https:\/\/regiaonews.net.br\/2022\/2023\/11\/17\/projeto-para-implantacao-de-distrito-turistico-em-barretos-e-apresentado-para-empresarios-do-segmento\/","title":{"rendered":"Projeto para implanta\u00e7\u00e3o de Distrito Tur\u00edstico em Barretos \u00e9 apresentado para empres\u00e1rios do segmento"},"content":{"rendered":"<p>&nbsp;<\/p>\n<p>Administra\u00e7\u00e3o Municipal busca apoio do Governo Estadual para viabiliza\u00e7\u00e3o da iniciativa que ir\u00e1 beneficiar empreendimentos da \u00e1rea e gerar emprego e renda<\/p>\n<p>A Prefeitura da Est\u00e2ncia Tur\u00edstica, em a\u00e7\u00e3o conjunta com as Secretarias Municipais de Turismo e de Desenvolvimento Econ\u00f4mico, apresentou nesta quinta-feira, dia 16, a empres\u00e1rios do segmento o projeto em que pleiteia junto ao Governo do Estado a implementa\u00e7\u00e3o de um Distrito Tur\u00edstico em Barretos. &#8220;O setor ser\u00e1 diretamente beneficiado com os investimentos que nossa cidade receber\u00e1 a partir da iniciativa. Vai ser bom pra todo mundo&#8221;, afirmou a prefeita Paula Lemos.<\/p>\n<p>Juntamente com a chefe do Executivo e os secret\u00e1rios Cuiabano Lima e Thyago Abra\u00e3o, o consultor de Turismo da Setur Barretos, Carlos Alberto Leal Rodrigues, detalhou aos presentes o projeto. Leal destacou que a cria\u00e7\u00e3o dessas \u00e1reas em S\u00e3o Paulo foi prevista por Lei Estadual em 2021 e o estudo realizado destaca o potencial de Barretos para cria\u00e7\u00e3o do Distrito Tur\u00edstico, tal como fluxo tur\u00edstico e voca\u00e7\u00e3o para complexo de lazer e parques tem\u00e1ticos. \u201cA partir da implementa\u00e7\u00e3o do Distrito Tur\u00edstico, os investimentos contar\u00e3o com benef\u00edcios fiscais, haver\u00e1 apoio para verbas para implanta\u00e7\u00e3o e amplia\u00e7\u00e3o dos empreendimentos de trade tur\u00edstico com juros subsidiados, viabilizando maior desenvolvimento do setor em Barretos. Contribui assim tamb\u00e9m para a gera\u00e7\u00e3o de emprego e renda\u201d, destacou.<\/p>\n<p>Estiveram presentes na apresenta\u00e7\u00e3o do projeto o presidente do COMTUR e t\u00e9cnico em Turismo da Setur Barretos, Paulinho 1001, al\u00e9m do chefe de Gabinete da pasta, S\u00e9rgio Rondini; al\u00e9m de empres\u00e1rios do setor hoteleiro e de parques do munic\u00edpio.<\/p>\n<p><a href=\"https:\/\/regiaonews.net.br\/2022\/wp-content\/uploads\/2023\/11\/IMG-20231117-WA0354.jpg\"><img loading=\"lazy\" decoding=\"async\" class=\"alignnone size-medium wp-image-97911\" src=\"https:\/\/regiaonews.net.br\/2022\/wp-content\/uploads\/2023\/11\/IMG-20231117-WA0354-300x216.jpg\" alt=\"\" width=\"300\" height=\"216\" srcset=\"https:\/\/regiaonews.net.br\/2022\/wp-content\/uploads\/2023\/11\/IMG-20231117-WA0354-300x216.jpg 300w, https:\/\/regiaonews.net.br\/2022\/wp-content\/uploads\/2023\/11\/IMG-20231117-WA0354-1024x737.jpg 1024w, https:\/\/regiaonews.net.br\/2022\/wp-content\/uploads\/2023\/11\/IMG-20231117-WA0354-768x553.jpg 768w, https:\/\/regiaonews.net.br\/2022\/wp-content\/uploads\/2023\/11\/IMG-20231117-WA0354-1536x1106.jpg 1536w, https:\/\/regiaonews.net.br\/2022\/wp-content\/uploads\/2023\/11\/IMG-20231117-WA0354-250x180.jpg 250w, https:\/\/regiaonews.net.br\/2022\/wp-content\/uploads\/2023\/11\/IMG-20231117-WA0354.jpg 1600w\" sizes=\"auto, (max-width: 300px) 100vw, 300px\" \/><\/a><\/p>\n","protected":false},"excerpt":{"rendered":"<p>&nbsp; Administra\u00e7\u00e3o Municipal busca apoio do Governo Estadual para viabiliza\u00e7\u00e3o<\/p>\n","protected":false},"author":2,"featured_media":97912,"comment_status":"open","ping_status":"open","sticky":false,"template":"","format":"standard","meta":{"footnotes":""},"categories":[14,25],"tags":[],"class_list":["post-97891","post","type-post","status-publish","format-standard","has-post-thumbnail","hentry","category-barretos","category-cidades"],"yoast_head":"<!-- This site is optimized with the Yoast SEO plugin v27.4 - https:\/\/yoast.com\/product\/yoast-seo-wordpress\/ -->\n<title>Projeto para implanta\u00e7\u00e3o de Distrito Tur\u00edstico em Barretos \u00e9 apresentado para empres\u00e1rios do segmento - Regi\u00e3o News<\/title>\n<meta name=\"robots\" content=\"index, follow, max-snippet:-1, max-image-preview:large, max-video-preview:-1\" \/>\n<link rel=\"canonical\" href=\"https:\/\/regiaonews.net.br\/2022\/2023\/11\/17\/projeto-para-implantacao-de-distrito-turistico-em-barretos-e-apresentado-para-empresarios-do-segmento\/\" \/>\n<meta property=\"og:locale\" content=\"pt_BR\" \/>\n<meta property=\"og:type\" content=\"article\" \/>\n<meta property=\"og:title\" content=\"Projeto para implanta\u00e7\u00e3o de Distrito Tur\u00edstico em Barretos \u00e9 apresentado para empres\u00e1rios do segmento - Regi\u00e3o News\" \/>\n<meta property=\"og:description\" content=\"&nbsp; Administra\u00e7\u00e3o Municipal busca apoio do Governo Estadual para viabiliza\u00e7\u00e3o\" \/>\n<meta property=\"og:url\" content=\"https:\/\/regiaonews.net.br\/2022\/2023\/11\/17\/projeto-para-implantacao-de-distrito-turistico-em-barretos-e-apresentado-para-empresarios-do-segmento\/\" \/>\n<meta property=\"og:site_name\" content=\"Regi\u00e3o News\" \/>\n<meta property=\"article:published_time\" content=\"2023-11-17T22:36:54+00:00\" \/>\n<meta property=\"article:modified_time\" content=\"2023-11-18T09:38:17+00:00\" \/>\n<meta property=\"og:image\" content=\"https:\/\/regiaonews.net.br\/2022\/wp-content\/uploads\/2023\/11\/IMG-20231117-WA0353.jpg\" \/>\n\t<meta property=\"og:image:width\" content=\"1600\" \/>\n\t<meta property=\"og:image:height\" content=\"959\" \/>\n\t<meta property=\"og:image:type\" content=\"image\/jpeg\" \/>\n<meta name=\"author\" content=\"Roberto\" \/>\n<meta name=\"twitter:card\" content=\"summary_large_image\" \/>\n<meta name=\"twitter:label1\" content=\"Escrito por\" \/>\n\t<meta name=\"twitter:data1\" content=\"Roberto\" \/>\n\t<meta name=\"twitter:label2\" content=\"Est. tempo de leitura\" \/>\n\t<meta name=\"twitter:data2\" content=\"2 minutos\" \/>\n<script type=\"application\/ld+json\" class=\"yoast-schema-graph\">{\"@context\":\"https:\\\/\\\/schema.org\",\"@graph\":[{\"@type\":\"Article\",\"@id\":\"https:\\\/\\\/regiaonews.net.br\\\/2022\\\/2023\\\/11\\\/17\\\/projeto-para-implantacao-de-distrito-turistico-em-barretos-e-apresentado-para-empresarios-do-segmento\\\/#article\",\"isPartOf\":{\"@id\":\"https:\\\/\\\/regiaonews.net.br\\\/2022\\\/2023\\\/11\\\/17\\\/projeto-para-implantacao-de-distrito-turistico-em-barretos-e-apresentado-para-empresarios-do-segmento\\\/\"},\"author\":{\"name\":\"Roberto\",\"@id\":\"https:\\\/\\\/regiaonews.net.br\\\/2022\\\/#\\\/schema\\\/person\\\/2d205a608a5aa97ac279d7a5e6d89ad8\"},\"headline\":\"Projeto para implanta\u00e7\u00e3o de Distrito Tur\u00edstico em Barretos \u00e9 apresentado para empres\u00e1rios do segmento\",\"datePublished\":\"2023-11-17T22:36:54+00:00\",\"dateModified\":\"2023-11-18T09:38:17+00:00\",\"mainEntityOfPage\":{\"@id\":\"https:\\\/\\\/regiaonews.net.br\\\/2022\\\/2023\\\/11\\\/17\\\/projeto-para-implantacao-de-distrito-turistico-em-barretos-e-apresentado-para-empresarios-do-segmento\\\/\"},\"wordCount\":302,\"commentCount\":0,\"publisher\":{\"@id\":\"https:\\\/\\\/regiaonews.net.br\\\/2022\\\/#organization\"},\"image\":{\"@id\":\"https:\\\/\\\/regiaonews.net.br\\\/2022\\\/2023\\\/11\\\/17\\\/projeto-para-implantacao-de-distrito-turistico-em-barretos-e-apresentado-para-empresarios-do-segmento\\\/#primaryimage\"},\"thumbnailUrl\":\"https:\\\/\\\/regiaonews.net.br\\\/2022\\\/wp-content\\\/uploads\\\/2023\\\/11\\\/IMG-20231117-WA0353.jpg\",\"articleSection\":[\"Barretos\",\"Cidades\"],\"inLanguage\":\"pt-BR\",\"potentialAction\":[{\"@type\":\"CommentAction\",\"name\":\"Comment\",\"target\":[\"https:\\\/\\\/regiaonews.net.br\\\/2022\\\/2023\\\/11\\\/17\\\/projeto-para-implantacao-de-distrito-turistico-em-barretos-e-apresentado-para-empresarios-do-segmento\\\/#respond\"]}]},{\"@type\":\"WebPage\",\"@id\":\"https:\\\/\\\/regiaonews.net.br\\\/2022\\\/2023\\\/11\\\/17\\\/projeto-para-implantacao-de-distrito-turistico-em-barretos-e-apresentado-para-empresarios-do-segmento\\\/\",\"url\":\"https:\\\/\\\/regiaonews.net.br\\\/2022\\\/2023\\\/11\\\/17\\\/projeto-para-implantacao-de-distrito-turistico-em-barretos-e-apresentado-para-empresarios-do-segmento\\\/\",\"name\":\"Projeto para implanta\u00e7\u00e3o de Distrito Tur\u00edstico em Barretos \u00e9 apresentado para empres\u00e1rios do segmento - Regi\u00e3o News\",\"isPartOf\":{\"@id\":\"https:\\\/\\\/regiaonews.net.br\\\/2022\\\/#website\"},\"primaryImageOfPage\":{\"@id\":\"https:\\\/\\\/regiaonews.net.br\\\/2022\\\/2023\\\/11\\\/17\\\/projeto-para-implantacao-de-distrito-turistico-em-barretos-e-apresentado-para-empresarios-do-segmento\\\/#primaryimage\"},\"image\":{\"@id\":\"https:\\\/\\\/regiaonews.net.br\\\/2022\\\/2023\\\/11\\\/17\\\/projeto-para-implantacao-de-distrito-turistico-em-barretos-e-apresentado-para-empresarios-do-segmento\\\/#primaryimage\"},\"thumbnailUrl\":\"https:\\\/\\\/regiaonews.net.br\\\/2022\\\/wp-content\\\/uploads\\\/2023\\\/11\\\/IMG-20231117-WA0353.jpg\",\"datePublished\":\"2023-11-17T22:36:54+00:00\",\"dateModified\":\"2023-11-18T09:38:17+00:00\",\"breadcrumb\":{\"@id\":\"https:\\\/\\\/regiaonews.net.br\\\/2022\\\/2023\\\/11\\\/17\\\/projeto-para-implantacao-de-distrito-turistico-em-barretos-e-apresentado-para-empresarios-do-segmento\\\/#breadcrumb\"},\"inLanguage\":\"pt-BR\",\"potentialAction\":[{\"@type\":\"ReadAction\",\"target\":[\"https:\\\/\\\/regiaonews.net.br\\\/2022\\\/2023\\\/11\\\/17\\\/projeto-para-implantacao-de-distrito-turistico-em-barretos-e-apresentado-para-empresarios-do-segmento\\\/\"]}]},{\"@type\":\"ImageObject\",\"inLanguage\":\"pt-BR\",\"@id\":\"https:\\\/\\\/regiaonews.net.br\\\/2022\\\/2023\\\/11\\\/17\\\/projeto-para-implantacao-de-distrito-turistico-em-barretos-e-apresentado-para-empresarios-do-segmento\\\/#primaryimage\",\"url\":\"https:\\\/\\\/regiaonews.net.br\\\/2022\\\/wp-content\\\/uploads\\\/2023\\\/11\\\/IMG-20231117-WA0353.jpg\",\"contentUrl\":\"https:\\\/\\\/regiaonews.net.br\\\/2022\\\/wp-content\\\/uploads\\\/2023\\\/11\\\/IMG-20231117-WA0353.jpg\",\"width\":1600,\"height\":959},{\"@type\":\"BreadcrumbList\",\"@id\":\"https:\\\/\\\/regiaonews.net.br\\\/2022\\\/2023\\\/11\\\/17\\\/projeto-para-implantacao-de-distrito-turistico-em-barretos-e-apresentado-para-empresarios-do-segmento\\\/#breadcrumb\",\"itemListElement\":[{\"@type\":\"ListItem\",\"position\":1,\"name\":\"In\u00edcio\",\"item\":\"https:\\\/\\\/regiaonews.net.br\\\/2022\\\/\"},{\"@type\":\"ListItem\",\"position\":2,\"name\":\"Projeto para implanta\u00e7\u00e3o de Distrito Tur\u00edstico em Barretos \u00e9 apresentado para empres\u00e1rios do segmento\"}]},{\"@type\":\"WebSite\",\"@id\":\"https:\\\/\\\/regiaonews.net.br\\\/2022\\\/#website\",\"url\":\"https:\\\/\\\/regiaonews.net.br\\\/2022\\\/\",\"name\":\"Regi\u00e3o News\",\"description\":\"Site de Not\u00edcias de Barretos e regi\u00e3o\",\"publisher\":{\"@id\":\"https:\\\/\\\/regiaonews.net.br\\\/2022\\\/#organization\"},\"potentialAction\":[{\"@type\":\"SearchAction\",\"target\":{\"@type\":\"EntryPoint\",\"urlTemplate\":\"https:\\\/\\\/regiaonews.net.br\\\/2022\\\/?s={search_term_string}\"},\"query-input\":{\"@type\":\"PropertyValueSpecification\",\"valueRequired\":true,\"valueName\":\"search_term_string\"}}],\"inLanguage\":\"pt-BR\"},{\"@type\":\"Organization\",\"@id\":\"https:\\\/\\\/regiaonews.net.br\\\/2022\\\/#organization\",\"name\":\"Regi\u00e3o News\",\"url\":\"https:\\\/\\\/regiaonews.net.br\\\/2022\\\/\",\"logo\":{\"@type\":\"ImageObject\",\"inLanguage\":\"pt-BR\",\"@id\":\"https:\\\/\\\/regiaonews.net.br\\\/2022\\\/#\\\/schema\\\/logo\\\/image\\\/\",\"url\":\"https:\\\/\\\/regiaonews.net.br\\\/2022\\\/wp-content\\\/uploads\\\/2026\\\/03\\\/regiao-13-anos-scaled.jpg\",\"contentUrl\":\"https:\\\/\\\/regiaonews.net.br\\\/2022\\\/wp-content\\\/uploads\\\/2026\\\/03\\\/regiao-13-anos-scaled.jpg\",\"width\":2560,\"height\":635,\"caption\":\"Regi\u00e3o News\"},\"image\":{\"@id\":\"https:\\\/\\\/regiaonews.net.br\\\/2022\\\/#\\\/schema\\\/logo\\\/image\\\/\"}},{\"@type\":\"Person\",\"@id\":\"https:\\\/\\\/regiaonews.net.br\\\/2022\\\/#\\\/schema\\\/person\\\/2d205a608a5aa97ac279d7a5e6d89ad8\",\"name\":\"Roberto\",\"image\":{\"@type\":\"ImageObject\",\"inLanguage\":\"pt-BR\",\"@id\":\"https:\\\/\\\/secure.gravatar.com\\\/avatar\\\/42749d8b712ff9d59ca93dc150494e5b55a44134482993f5baeb97e61b7ecc89?s=96&d=mm&r=g\",\"url\":\"https:\\\/\\\/secure.gravatar.com\\\/avatar\\\/42749d8b712ff9d59ca93dc150494e5b55a44134482993f5baeb97e61b7ecc89?s=96&d=mm&r=g\",\"contentUrl\":\"https:\\\/\\\/secure.gravatar.com\\\/avatar\\\/42749d8b712ff9d59ca93dc150494e5b55a44134482993f5baeb97e61b7ecc89?s=96&d=mm&r=g\",\"caption\":\"Roberto\"},\"url\":\"https:\\\/\\\/regiaonews.net.br\\\/2022\\\/author\\\/roberto\\\/\"}]}<\/script>\n<!-- \/ Yoast SEO plugin. -->","yoast_head_json":{"title":"Projeto para implanta\u00e7\u00e3o de Distrito Tur\u00edstico em Barretos \u00e9 apresentado para empres\u00e1rios do segmento - Regi\u00e3o News","robots":{"index":"index","follow":"follow","max-snippet":"max-snippet:-1","max-image-preview":"max-image-preview:large","max-video-preview":"max-video-preview:-1"},"canonical":"https:\/\/regiaonews.net.br\/2022\/2023\/11\/17\/projeto-para-implantacao-de-distrito-turistico-em-barretos-e-apresentado-para-empresarios-do-segmento\/","og_locale":"pt_BR","og_type":"article","og_title":"Projeto para implanta\u00e7\u00e3o de Distrito Tur\u00edstico em Barretos \u00e9 apresentado para empres\u00e1rios do segmento - Regi\u00e3o News","og_description":"&nbsp; Administra\u00e7\u00e3o Municipal busca apoio do Governo Estadual para viabiliza\u00e7\u00e3o","og_url":"https:\/\/regiaonews.net.br\/2022\/2023\/11\/17\/projeto-para-implantacao-de-distrito-turistico-em-barretos-e-apresentado-para-empresarios-do-segmento\/","og_site_name":"Regi\u00e3o News","article_published_time":"2023-11-17T22:36:54+00:00","article_modified_time":"2023-11-18T09:38:17+00:00","og_image":[{"width":1600,"height":959,"url":"https:\/\/regiaonews.net.br\/2022\/wp-content\/uploads\/2023\/11\/IMG-20231117-WA0353.jpg","type":"image\/jpeg"}],"author":"Roberto","twitter_card":"summary_large_image","twitter_misc":{"Escrito por":"Roberto","Est. tempo de leitura":"2 minutos"},"schema":{"@context":"https:\/\/schema.org","@graph":[{"@type":"Article","@id":"https:\/\/regiaonews.net.br\/2022\/2023\/11\/17\/projeto-para-implantacao-de-distrito-turistico-em-barretos-e-apresentado-para-empresarios-do-segmento\/#article","isPartOf":{"@id":"https:\/\/regiaonews.net.br\/2022\/2023\/11\/17\/projeto-para-implantacao-de-distrito-turistico-em-barretos-e-apresentado-para-empresarios-do-segmento\/"},"author":{"name":"Roberto","@id":"https:\/\/regiaonews.net.br\/2022\/#\/schema\/person\/2d205a608a5aa97ac279d7a5e6d89ad8"},"headline":"Projeto para implanta\u00e7\u00e3o de Distrito Tur\u00edstico em Barretos \u00e9 apresentado para empres\u00e1rios do segmento","datePublished":"2023-11-17T22:36:54+00:00","dateModified":"2023-11-18T09:38:17+00:00","mainEntityOfPage":{"@id":"https:\/\/regiaonews.net.br\/2022\/2023\/11\/17\/projeto-para-implantacao-de-distrito-turistico-em-barretos-e-apresentado-para-empresarios-do-segmento\/"},"wordCount":302,"commentCount":0,"publisher":{"@id":"https:\/\/regiaonews.net.br\/2022\/#organization"},"image":{"@id":"https:\/\/regiaonews.net.br\/2022\/2023\/11\/17\/projeto-para-implantacao-de-distrito-turistico-em-barretos-e-apresentado-para-empresarios-do-segmento\/#primaryimage"},"thumbnailUrl":"https:\/\/regiaonews.net.br\/2022\/wp-content\/uploads\/2023\/11\/IMG-20231117-WA0353.jpg","articleSection":["Barretos","Cidades"],"inLanguage":"pt-BR","potentialAction":[{"@type":"CommentAction","name":"Comment","target":["https:\/\/regiaonews.net.br\/2022\/2023\/11\/17\/projeto-para-implantacao-de-distrito-turistico-em-barretos-e-apresentado-para-empresarios-do-segmento\/#respond"]}]},{"@type":"WebPage","@id":"https:\/\/regiaonews.net.br\/2022\/2023\/11\/17\/projeto-para-implantacao-de-distrito-turistico-em-barretos-e-apresentado-para-empresarios-do-segmento\/","url":"https:\/\/regiaonews.net.br\/2022\/2023\/11\/17\/projeto-para-implantacao-de-distrito-turistico-em-barretos-e-apresentado-para-empresarios-do-segmento\/","name":"Projeto para implanta\u00e7\u00e3o de Distrito Tur\u00edstico em Barretos \u00e9 apresentado para empres\u00e1rios do segmento - Regi\u00e3o News","isPartOf":{"@id":"https:\/\/regiaonews.net.br\/2022\/#website"},"primaryImageOfPage":{"@id":"https:\/\/regiaonews.net.br\/2022\/2023\/11\/17\/projeto-para-implantacao-de-distrito-turistico-em-barretos-e-apresentado-para-empresarios-do-segmento\/#primaryimage"},"image":{"@id":"https:\/\/regiaonews.net.br\/2022\/2023\/11\/17\/projeto-para-implantacao-de-distrito-turistico-em-barretos-e-apresentado-para-empresarios-do-segmento\/#primaryimage"},"thumbnailUrl":"https:\/\/regiaonews.net.br\/2022\/wp-content\/uploads\/2023\/11\/IMG-20231117-WA0353.jpg","datePublished":"2023-11-17T22:36:54+00:00","dateModified":"2023-11-18T09:38:17+00:00","breadcrumb":{"@id":"https:\/\/regiaonews.net.br\/2022\/2023\/11\/17\/projeto-para-implantacao-de-distrito-turistico-em-barretos-e-apresentado-para-empresarios-do-segmento\/#breadcrumb"},"inLanguage":"pt-BR","potentialAction":[{"@type":"ReadAction","target":["https:\/\/regiaonews.net.br\/2022\/2023\/11\/17\/projeto-para-implantacao-de-distrito-turistico-em-barretos-e-apresentado-para-empresarios-do-segmento\/"]}]},{"@type":"ImageObject","inLanguage":"pt-BR","@id":"https:\/\/regiaonews.net.br\/2022\/2023\/11\/17\/projeto-para-implantacao-de-distrito-turistico-em-barretos-e-apresentado-para-empresarios-do-segmento\/#primaryimage","url":"https:\/\/regiaonews.net.br\/2022\/wp-content\/uploads\/2023\/11\/IMG-20231117-WA0353.jpg","contentUrl":"https:\/\/regiaonews.net.br\/2022\/wp-content\/uploads\/2023\/11\/IMG-20231117-WA0353.jpg","width":1600,"height":959},{"@type":"BreadcrumbList","@id":"https:\/\/regiaonews.net.br\/2022\/2023\/11\/17\/projeto-para-implantacao-de-distrito-turistico-em-barretos-e-apresentado-para-empresarios-do-segmento\/#breadcrumb","itemListElement":[{"@type":"ListItem","position":1,"name":"In\u00edcio","item":"https:\/\/regiaonews.net.br\/2022\/"},{"@type":"ListItem","position":2,"name":"Projeto para implanta\u00e7\u00e3o de Distrito Tur\u00edstico em Barretos \u00e9 apresentado para empres\u00e1rios do segmento"}]},{"@type":"WebSite","@id":"https:\/\/regiaonews.net.br\/2022\/#website","url":"https:\/\/regiaonews.net.br\/2022\/","name":"Regi\u00e3o News","description":"Site de Not\u00edcias de Barretos e regi\u00e3o","publisher":{"@id":"https:\/\/regiaonews.net.br\/2022\/#organization"},"potentialAction":[{"@type":"SearchAction","target":{"@type":"EntryPoint","urlTemplate":"https:\/\/regiaonews.net.br\/2022\/?s={search_term_string}"},"query-input":{"@type":"PropertyValueSpecification","valueRequired":true,"valueName":"search_term_string"}}],"inLanguage":"pt-BR"},{"@type":"Organization","@id":"https:\/\/regiaonews.net.br\/2022\/#organization","name":"Regi\u00e3o News","url":"https:\/\/regiaonews.net.br\/2022\/","logo":{"@type":"ImageObject","inLanguage":"pt-BR","@id":"https:\/\/regiaonews.net.br\/2022\/#\/schema\/logo\/image\/","url":"https:\/\/regiaonews.net.br\/2022\/wp-content\/uploads\/2026\/03\/regiao-13-anos-scaled.jpg","contentUrl":"https:\/\/regiaonews.net.br\/2022\/wp-content\/uploads\/2026\/03\/regiao-13-anos-scaled.jpg","width":2560,"height":635,"caption":"Regi\u00e3o News"},"image":{"@id":"https:\/\/regiaonews.net.br\/2022\/#\/schema\/logo\/image\/"}},{"@type":"Person","@id":"https:\/\/regiaonews.net.br\/2022\/#\/schema\/person\/2d205a608a5aa97ac279d7a5e6d89ad8","name":"Roberto","image":{"@type":"ImageObject","inLanguage":"pt-BR","@id":"https:\/\/secure.gravatar.com\/avatar\/42749d8b712ff9d59ca93dc150494e5b55a44134482993f5baeb97e61b7ecc89?s=96&d=mm&r=g","url":"https:\/\/secure.gravatar.com\/avatar\/42749d8b712ff9d59ca93dc150494e5b55a44134482993f5baeb97e61b7ecc89?s=96&d=mm&r=g","contentUrl":"https:\/\/secure.gravatar.com\/avatar\/42749d8b712ff9d59ca93dc150494e5b55a44134482993f5baeb97e61b7ecc89?s=96&d=mm&r=g","caption":"Roberto"},"url":"https:\/\/regiaonews.net.br\/2022\/author\/roberto\/"}]}},"publishpress_future_action":{"enabled":false,"date":"2026-05-04 12:03:39","action":"change-status","newStatus":"draft","terms":[],"taxonomy":"category","extraData":[]},"publishpress_future_workflow_manual_trigger":{"enabledWorkflows":[]},"_links":{"self":[{"href":"https:\/\/regiaonews.net.br\/2022\/wp-json\/wp\/v2\/posts\/97891","targetHints":{"allow":["GET"]}}],"collection":[{"href":"https:\/\/regiaonews.net.br\/2022\/wp-json\/wp\/v2\/posts"}],"about":[{"href":"https:\/\/regiaonews.net.br\/2022\/wp-json\/wp\/v2\/types\/post"}],"author":[{"embeddable":true,"href":"https:\/\/regiaonews.net.br\/2022\/wp-json\/wp\/v2\/users\/2"}],"replies":[{"embeddable":true,"href":"https:\/\/regiaonews.net.br\/2022\/wp-json\/wp\/v2\/comments?post=97891"}],"version-history":[{"count":3,"href":"https:\/\/regiaonews.net.br\/2022\/wp-json\/wp\/v2\/posts\/97891\/revisions"}],"predecessor-version":[{"id":97914,"href":"https:\/\/regiaonews.net.br\/2022\/wp-json\/wp\/v2\/posts\/97891\/revisions\/97914"}],"wp:featuredmedia":[{"embeddable":true,"href":"https:\/\/regiaonews.net.br\/2022\/wp-json\/wp\/v2\/media\/97912"}],"wp:attachment":[{"href":"https:\/\/regiaonews.net.br\/2022\/wp-json\/wp\/v2\/media?parent=97891"}],"wp:term":[{"taxonomy":"category","embeddable":true,"href":"https:\/\/regiaonews.net.br\/2022\/wp-json\/wp\/v2\/categories?post=97891"},{"taxonomy":"post_tag","embeddable":true,"href":"https:\/\/regiaonews.net.br\/2022\/wp-json\/wp\/v2\/tags?post=97891"}],"curies":[{"name":"wp","href":"https:\/\/api.w.org\/{rel}","templated":true}]}}