{"id":97888,"date":"2023-11-17T19:34:45","date_gmt":"2023-11-17T22:34:45","guid":{"rendered":"https:\/\/regiaonews.net.br\/2022\/?p=97888"},"modified":"2023-11-18T06:14:11","modified_gmt":"2023-11-18T09:14:11","slug":"barretos-conquista-selo-prata-de-transparencia-publica-pela-associacao-dos-membros-dos-tribunais-de-contas-do-brasil","status":"publish","type":"post","link":"https:\/\/regiaonews.net.br\/2022\/2023\/11\/17\/barretos-conquista-selo-prata-de-transparencia-publica-pela-associacao-dos-membros-dos-tribunais-de-contas-do-brasil\/","title":{"rendered":"Barretos conquista Selo Prata de Transpar\u00eancia P\u00fablica"},"content":{"rendered":"<p>Est\u00e2ncia Tur\u00edstica est\u00e1 entre os munic\u00edpios melhores avaliados do Estado e atingiu o maior n\u00edvel da regi\u00e3o<\/p>\n<p>O Programa Nacional de Transpar\u00eancia P\u00fablica, desenvolvido pela Associa\u00e7\u00e3o dos Membros dos Tribunais de Contas do Brasil (Atricon), divulgou o n\u00edvel de transpar\u00eancia de cerca de 8 mil portais dos Poderes Executivo, Legislativo e Judici\u00e1rio. O portal de transpar\u00eancia da Prefeitura da Est\u00e2ncia Tur\u00edstica de Barretos foi avaliado com Selo Prata de Transpar\u00eancia, o que significa que para os t\u00e9cnicos dos Tribunais de Contas, o Poder Executivo Municipal atendeu a 100% dos crit\u00e9rios essenciais estabelecidos para o Programa e atingiu n\u00edvel de transpar\u00eancia ativa de 79,67%, bem acima da m\u00e9dia nacional que \u00e9 de 58,13%. \u00c9 a segunda vez consecutiva que o munic\u00edpio ocupa a categoria prata de avalia\u00e7\u00e3o, contudo, com o resultado de 2023 assume o 1\u00ba lugar entre os munic\u00edpios da Regi\u00e3o Administrativa de Barretos e est\u00e1 entre os 5% melhores no Estado de S\u00e3o Paulo. A participa\u00e7\u00e3o nesse programa \u00e9 uma exig\u00eancia do Tribunal de Contas.<br \/>\nDe acordo com o Controlador-Geral do Munic\u00edpio, Paulo Fernando Scannavino, o resultado evidencia o compromisso do governo municipal com a promo\u00e7\u00e3o da transpar\u00eancia p\u00fablica, assim como traduz o trabalho conjunto da Controladoria municipal e das secretarias na a\u00e7\u00e3o de aperfei\u00e7oamento e no atendimento \u00e0s recomenda\u00e7\u00f5es do Tribunal de Contas do Estado de S\u00e3o Paulo. \u201cO bom desempenho do munic\u00edpio pode ser explicado pela postura mais ativa do Controle Interno em rela\u00e7\u00e3o \u00e0s a\u00e7\u00f5es de prevenir, orientar, avaliar e recomendar melhorias a todas as secretarias municipais. Outro ponto importante foi o avan\u00e7o na transforma\u00e7\u00e3o digital em diversas \u00e1reas do munic\u00edpio, mas principalmente com implementa\u00e7\u00f5es e ferramentas como o aplicativo \u201cBarretos Digital\u201d da Ouvidoria, a Carta de Servi\u00e7os no Site, Or\u00e7amento Participativo e Portal de Transpar\u00eancia, lugares que permitem aos cidad\u00e3os apresentarem suas demandas e reivindica\u00e7\u00f5es de maneira oficial, bem como exercer o papel de controle social\u201d, destacou Scannavino.<\/p>\n<p>Aprova\u00e7\u00e3o das contas de 2021<br \/>\nOutra boa not\u00edcia \u00e9 a aprova\u00e7\u00e3o das Contas P\u00fabicas do Executivo referentes ao Exerc\u00edcio de 2021. Barretos obteve o parecer favor\u00e1vel do Tribunal de Contas do Estado de S\u00e3o Paulo (TCESP) por sua execu\u00e7\u00e3o or\u00e7ament\u00e1ria. Em 2017, 2018, 2019 e 2020 as execu\u00e7\u00f5es or\u00e7ament\u00e1rias foram indicadas como desfavor\u00e1veis. O TCESP \u00e9 o \u00f3rg\u00e3o t\u00e9cnico de Controle Externo a fim de embasar as decis\u00f5es do Poder Legislativo.<br \/>\n&#8220;2021 foi um ano muito dif\u00edcil para as secretarias municipais \u2013 respons\u00e1veis pela execu\u00e7\u00e3o or\u00e7ament\u00e1ria &#8211; devido \u00e0 pandemia de Covid-19. T\u00ednhamos um decreto de Calamidade P\u00fablica, a crise sanit\u00e1ria exigia elevadas despesas para combater a Covid-19, ao mesmo tempo que, com a redu\u00e7\u00e3o da atividade econ\u00f4mica, estrangulava as receitas municipais&#8221;, enfatizou Fernando Soares, Secret\u00e1rio Municipal de Finan\u00e7as.<br \/>\nPara a Prefeita Paula Lemos o parecer favor\u00e1vel \u00e9 o resultado de um trabalho s\u00e9rio, baseado na legalidade. &#8220;Mesmo em um contexto de dificuldades, o TCESP reconheceu o grande esfor\u00e7o da gest\u00e3o municipal em enfrentar desafios negligenciados em anos anteriores, como a Cria\u00e7\u00e3o da Controladoria-Geral do Munic\u00edpio e estrutura\u00e7\u00e3o do Controle Interno; a renegocia\u00e7\u00e3o dos parcelamentos da previd\u00eancia de R$ 217 milh\u00f5es; a redu\u00e7\u00e3o de um d\u00e9ficit or\u00e7ament\u00e1rio de 9% no ano anterior para 1% em 2021; o cumprimento das Aplica\u00e7\u00f5es na Manuten\u00e7\u00e3o e Desenvolvimento do Ensino, ap\u00f3s 2 anos sem o cumprimento e a regulariza\u00e7\u00e3o de precat\u00f3rios e Encargos Sociais&#8221;, apontou.<br \/>\nFernando Soares destacou a Cria\u00e7\u00e3o da Controladoria-Geral do Munic\u00edpio e regulamenta\u00e7\u00e3o do Controle Interno como um dos grandes marcos do ano de 2021. &#8220;Inspirado na hist\u00f3ria de Ruy Barbos\u2026<\/p>\n","protected":false},"excerpt":{"rendered":"<p>Est\u00e2ncia Tur\u00edstica est\u00e1 entre os munic\u00edpios melhores avaliados do Estado<\/p>\n","protected":false},"author":2,"featured_media":97892,"comment_status":"open","ping_status":"open","sticky":false,"template":"","format":"standard","meta":{"footnotes":""},"categories":[14,6],"tags":[],"class_list":["post-97888","post","type-post","status-publish","format-standard","has-post-thumbnail","hentry","category-barretos","category-colombia"],"yoast_head":"<!-- This site is optimized with the Yoast SEO plugin v27.4 - https:\/\/yoast.com\/product\/yoast-seo-wordpress\/ -->\n<title>Barretos conquista Selo Prata de Transpar\u00eancia P\u00fablica - Regi\u00e3o News<\/title>\n<meta name=\"robots\" content=\"index, follow, max-snippet:-1, max-image-preview:large, max-video-preview:-1\" \/>\n<link rel=\"canonical\" href=\"https:\/\/regiaonews.net.br\/2022\/2023\/11\/17\/barretos-conquista-selo-prata-de-transparencia-publica-pela-associacao-dos-membros-dos-tribunais-de-contas-do-brasil\/\" \/>\n<meta property=\"og:locale\" content=\"pt_BR\" \/>\n<meta property=\"og:type\" content=\"article\" \/>\n<meta property=\"og:title\" content=\"Barretos conquista Selo Prata de Transpar\u00eancia P\u00fablica - Regi\u00e3o News\" \/>\n<meta property=\"og:description\" content=\"Est\u00e2ncia Tur\u00edstica est\u00e1 entre os munic\u00edpios melhores avaliados do Estado\" \/>\n<meta property=\"og:url\" content=\"https:\/\/regiaonews.net.br\/2022\/2023\/11\/17\/barretos-conquista-selo-prata-de-transparencia-publica-pela-associacao-dos-membros-dos-tribunais-de-contas-do-brasil\/\" \/>\n<meta property=\"og:site_name\" content=\"Regi\u00e3o News\" \/>\n<meta property=\"article:published_time\" content=\"2023-11-17T22:34:45+00:00\" \/>\n<meta property=\"article:modified_time\" content=\"2023-11-18T09:14:11+00:00\" \/>\n<meta property=\"og:image\" content=\"https:\/\/regiaonews.net.br\/2022\/wp-content\/uploads\/2023\/11\/WhatsApp-Image-2023-11-17-at-19.29.25.jpeg\" \/>\n\t<meta property=\"og:image:width\" content=\"1024\" \/>\n\t<meta property=\"og:image:height\" content=\"576\" \/>\n\t<meta property=\"og:image:type\" content=\"image\/jpeg\" \/>\n<meta name=\"author\" content=\"Roberto\" \/>\n<meta name=\"twitter:card\" content=\"summary_large_image\" \/>\n<meta name=\"twitter:label1\" content=\"Escrito por\" \/>\n\t<meta name=\"twitter:data1\" content=\"Roberto\" \/>\n\t<meta name=\"twitter:label2\" content=\"Est. tempo de leitura\" \/>\n\t<meta name=\"twitter:data2\" content=\"4 minutos\" \/>\n<script type=\"application\/ld+json\" class=\"yoast-schema-graph\">{\"@context\":\"https:\\\/\\\/schema.org\",\"@graph\":[{\"@type\":\"Article\",\"@id\":\"https:\\\/\\\/regiaonews.net.br\\\/2022\\\/2023\\\/11\\\/17\\\/barretos-conquista-selo-prata-de-transparencia-publica-pela-associacao-dos-membros-dos-tribunais-de-contas-do-brasil\\\/#article\",\"isPartOf\":{\"@id\":\"https:\\\/\\\/regiaonews.net.br\\\/2022\\\/2023\\\/11\\\/17\\\/barretos-conquista-selo-prata-de-transparencia-publica-pela-associacao-dos-membros-dos-tribunais-de-contas-do-brasil\\\/\"},\"author\":{\"name\":\"Roberto\",\"@id\":\"https:\\\/\\\/regiaonews.net.br\\\/2022\\\/#\\\/schema\\\/person\\\/2d205a608a5aa97ac279d7a5e6d89ad8\"},\"headline\":\"Barretos conquista Selo Prata de Transpar\u00eancia P\u00fablica\",\"datePublished\":\"2023-11-17T22:34:45+00:00\",\"dateModified\":\"2023-11-18T09:14:11+00:00\",\"mainEntityOfPage\":{\"@id\":\"https:\\\/\\\/regiaonews.net.br\\\/2022\\\/2023\\\/11\\\/17\\\/barretos-conquista-selo-prata-de-transparencia-publica-pela-associacao-dos-membros-dos-tribunais-de-contas-do-brasil\\\/\"},\"wordCount\":653,\"commentCount\":0,\"publisher\":{\"@id\":\"https:\\\/\\\/regiaonews.net.br\\\/2022\\\/#organization\"},\"image\":{\"@id\":\"https:\\\/\\\/regiaonews.net.br\\\/2022\\\/2023\\\/11\\\/17\\\/barretos-conquista-selo-prata-de-transparencia-publica-pela-associacao-dos-membros-dos-tribunais-de-contas-do-brasil\\\/#primaryimage\"},\"thumbnailUrl\":\"https:\\\/\\\/regiaonews.net.br\\\/2022\\\/wp-content\\\/uploads\\\/2023\\\/11\\\/WhatsApp-Image-2023-11-17-at-19.29.25.jpeg\",\"articleSection\":[\"Barretos\",\"Col\u00f4mbia\"],\"inLanguage\":\"pt-BR\",\"potentialAction\":[{\"@type\":\"CommentAction\",\"name\":\"Comment\",\"target\":[\"https:\\\/\\\/regiaonews.net.br\\\/2022\\\/2023\\\/11\\\/17\\\/barretos-conquista-selo-prata-de-transparencia-publica-pela-associacao-dos-membros-dos-tribunais-de-contas-do-brasil\\\/#respond\"]}]},{\"@type\":\"WebPage\",\"@id\":\"https:\\\/\\\/regiaonews.net.br\\\/2022\\\/2023\\\/11\\\/17\\\/barretos-conquista-selo-prata-de-transparencia-publica-pela-associacao-dos-membros-dos-tribunais-de-contas-do-brasil\\\/\",\"url\":\"https:\\\/\\\/regiaonews.net.br\\\/2022\\\/2023\\\/11\\\/17\\\/barretos-conquista-selo-prata-de-transparencia-publica-pela-associacao-dos-membros-dos-tribunais-de-contas-do-brasil\\\/\",\"name\":\"Barretos conquista Selo Prata de Transpar\u00eancia P\u00fablica - Regi\u00e3o News\",\"isPartOf\":{\"@id\":\"https:\\\/\\\/regiaonews.net.br\\\/2022\\\/#website\"},\"primaryImageOfPage\":{\"@id\":\"https:\\\/\\\/regiaonews.net.br\\\/2022\\\/2023\\\/11\\\/17\\\/barretos-conquista-selo-prata-de-transparencia-publica-pela-associacao-dos-membros-dos-tribunais-de-contas-do-brasil\\\/#primaryimage\"},\"image\":{\"@id\":\"https:\\\/\\\/regiaonews.net.br\\\/2022\\\/2023\\\/11\\\/17\\\/barretos-conquista-selo-prata-de-transparencia-publica-pela-associacao-dos-membros-dos-tribunais-de-contas-do-brasil\\\/#primaryimage\"},\"thumbnailUrl\":\"https:\\\/\\\/regiaonews.net.br\\\/2022\\\/wp-content\\\/uploads\\\/2023\\\/11\\\/WhatsApp-Image-2023-11-17-at-19.29.25.jpeg\",\"datePublished\":\"2023-11-17T22:34:45+00:00\",\"dateModified\":\"2023-11-18T09:14:11+00:00\",\"breadcrumb\":{\"@id\":\"https:\\\/\\\/regiaonews.net.br\\\/2022\\\/2023\\\/11\\\/17\\\/barretos-conquista-selo-prata-de-transparencia-publica-pela-associacao-dos-membros-dos-tribunais-de-contas-do-brasil\\\/#breadcrumb\"},\"inLanguage\":\"pt-BR\",\"potentialAction\":[{\"@type\":\"ReadAction\",\"target\":[\"https:\\\/\\\/regiaonews.net.br\\\/2022\\\/2023\\\/11\\\/17\\\/barretos-conquista-selo-prata-de-transparencia-publica-pela-associacao-dos-membros-dos-tribunais-de-contas-do-brasil\\\/\"]}]},{\"@type\":\"ImageObject\",\"inLanguage\":\"pt-BR\",\"@id\":\"https:\\\/\\\/regiaonews.net.br\\\/2022\\\/2023\\\/11\\\/17\\\/barretos-conquista-selo-prata-de-transparencia-publica-pela-associacao-dos-membros-dos-tribunais-de-contas-do-brasil\\\/#primaryimage\",\"url\":\"https:\\\/\\\/regiaonews.net.br\\\/2022\\\/wp-content\\\/uploads\\\/2023\\\/11\\\/WhatsApp-Image-2023-11-17-at-19.29.25.jpeg\",\"contentUrl\":\"https:\\\/\\\/regiaonews.net.br\\\/2022\\\/wp-content\\\/uploads\\\/2023\\\/11\\\/WhatsApp-Image-2023-11-17-at-19.29.25.jpeg\",\"width\":1024,\"height\":576},{\"@type\":\"BreadcrumbList\",\"@id\":\"https:\\\/\\\/regiaonews.net.br\\\/2022\\\/2023\\\/11\\\/17\\\/barretos-conquista-selo-prata-de-transparencia-publica-pela-associacao-dos-membros-dos-tribunais-de-contas-do-brasil\\\/#breadcrumb\",\"itemListElement\":[{\"@type\":\"ListItem\",\"position\":1,\"name\":\"In\u00edcio\",\"item\":\"https:\\\/\\\/regiaonews.net.br\\\/2022\\\/\"},{\"@type\":\"ListItem\",\"position\":2,\"name\":\"Barretos conquista Selo Prata de Transpar\u00eancia P\u00fablica\"}]},{\"@type\":\"WebSite\",\"@id\":\"https:\\\/\\\/regiaonews.net.br\\\/2022\\\/#website\",\"url\":\"https:\\\/\\\/regiaonews.net.br\\\/2022\\\/\",\"name\":\"Regi\u00e3o News\",\"description\":\"Site de Not\u00edcias de Barretos e regi\u00e3o\",\"publisher\":{\"@id\":\"https:\\\/\\\/regiaonews.net.br\\\/2022\\\/#organization\"},\"potentialAction\":[{\"@type\":\"SearchAction\",\"target\":{\"@type\":\"EntryPoint\",\"urlTemplate\":\"https:\\\/\\\/regiaonews.net.br\\\/2022\\\/?s={search_term_string}\"},\"query-input\":{\"@type\":\"PropertyValueSpecification\",\"valueRequired\":true,\"valueName\":\"search_term_string\"}}],\"inLanguage\":\"pt-BR\"},{\"@type\":\"Organization\",\"@id\":\"https:\\\/\\\/regiaonews.net.br\\\/2022\\\/#organization\",\"name\":\"Regi\u00e3o News\",\"url\":\"https:\\\/\\\/regiaonews.net.br\\\/2022\\\/\",\"logo\":{\"@type\":\"ImageObject\",\"inLanguage\":\"pt-BR\",\"@id\":\"https:\\\/\\\/regiaonews.net.br\\\/2022\\\/#\\\/schema\\\/logo\\\/image\\\/\",\"url\":\"https:\\\/\\\/regiaonews.net.br\\\/2022\\\/wp-content\\\/uploads\\\/2026\\\/03\\\/regiao-13-anos-scaled.jpg\",\"contentUrl\":\"https:\\\/\\\/regiaonews.net.br\\\/2022\\\/wp-content\\\/uploads\\\/2026\\\/03\\\/regiao-13-anos-scaled.jpg\",\"width\":2560,\"height\":635,\"caption\":\"Regi\u00e3o News\"},\"image\":{\"@id\":\"https:\\\/\\\/regiaonews.net.br\\\/2022\\\/#\\\/schema\\\/logo\\\/image\\\/\"}},{\"@type\":\"Person\",\"@id\":\"https:\\\/\\\/regiaonews.net.br\\\/2022\\\/#\\\/schema\\\/person\\\/2d205a608a5aa97ac279d7a5e6d89ad8\",\"name\":\"Roberto\",\"image\":{\"@type\":\"ImageObject\",\"inLanguage\":\"pt-BR\",\"@id\":\"https:\\\/\\\/secure.gravatar.com\\\/avatar\\\/42749d8b712ff9d59ca93dc150494e5b55a44134482993f5baeb97e61b7ecc89?s=96&d=mm&r=g\",\"url\":\"https:\\\/\\\/secure.gravatar.com\\\/avatar\\\/42749d8b712ff9d59ca93dc150494e5b55a44134482993f5baeb97e61b7ecc89?s=96&d=mm&r=g\",\"contentUrl\":\"https:\\\/\\\/secure.gravatar.com\\\/avatar\\\/42749d8b712ff9d59ca93dc150494e5b55a44134482993f5baeb97e61b7ecc89?s=96&d=mm&r=g\",\"caption\":\"Roberto\"},\"url\":\"https:\\\/\\\/regiaonews.net.br\\\/2022\\\/author\\\/roberto\\\/\"}]}<\/script>\n<!-- \/ Yoast SEO plugin. -->","yoast_head_json":{"title":"Barretos conquista Selo Prata de Transpar\u00eancia P\u00fablica - Regi\u00e3o News","robots":{"index":"index","follow":"follow","max-snippet":"max-snippet:-1","max-image-preview":"max-image-preview:large","max-video-preview":"max-video-preview:-1"},"canonical":"https:\/\/regiaonews.net.br\/2022\/2023\/11\/17\/barretos-conquista-selo-prata-de-transparencia-publica-pela-associacao-dos-membros-dos-tribunais-de-contas-do-brasil\/","og_locale":"pt_BR","og_type":"article","og_title":"Barretos conquista Selo Prata de Transpar\u00eancia P\u00fablica - Regi\u00e3o News","og_description":"Est\u00e2ncia Tur\u00edstica est\u00e1 entre os munic\u00edpios melhores avaliados do Estado","og_url":"https:\/\/regiaonews.net.br\/2022\/2023\/11\/17\/barretos-conquista-selo-prata-de-transparencia-publica-pela-associacao-dos-membros-dos-tribunais-de-contas-do-brasil\/","og_site_name":"Regi\u00e3o News","article_published_time":"2023-11-17T22:34:45+00:00","article_modified_time":"2023-11-18T09:14:11+00:00","og_image":[{"width":1024,"height":576,"url":"https:\/\/regiaonews.net.br\/2022\/wp-content\/uploads\/2023\/11\/WhatsApp-Image-2023-11-17-at-19.29.25.jpeg","type":"image\/jpeg"}],"author":"Roberto","twitter_card":"summary_large_image","twitter_misc":{"Escrito por":"Roberto","Est. tempo de leitura":"4 minutos"},"schema":{"@context":"https:\/\/schema.org","@graph":[{"@type":"Article","@id":"https:\/\/regiaonews.net.br\/2022\/2023\/11\/17\/barretos-conquista-selo-prata-de-transparencia-publica-pela-associacao-dos-membros-dos-tribunais-de-contas-do-brasil\/#article","isPartOf":{"@id":"https:\/\/regiaonews.net.br\/2022\/2023\/11\/17\/barretos-conquista-selo-prata-de-transparencia-publica-pela-associacao-dos-membros-dos-tribunais-de-contas-do-brasil\/"},"author":{"name":"Roberto","@id":"https:\/\/regiaonews.net.br\/2022\/#\/schema\/person\/2d205a608a5aa97ac279d7a5e6d89ad8"},"headline":"Barretos conquista Selo Prata de Transpar\u00eancia P\u00fablica","datePublished":"2023-11-17T22:34:45+00:00","dateModified":"2023-11-18T09:14:11+00:00","mainEntityOfPage":{"@id":"https:\/\/regiaonews.net.br\/2022\/2023\/11\/17\/barretos-conquista-selo-prata-de-transparencia-publica-pela-associacao-dos-membros-dos-tribunais-de-contas-do-brasil\/"},"wordCount":653,"commentCount":0,"publisher":{"@id":"https:\/\/regiaonews.net.br\/2022\/#organization"},"image":{"@id":"https:\/\/regiaonews.net.br\/2022\/2023\/11\/17\/barretos-conquista-selo-prata-de-transparencia-publica-pela-associacao-dos-membros-dos-tribunais-de-contas-do-brasil\/#primaryimage"},"thumbnailUrl":"https:\/\/regiaonews.net.br\/2022\/wp-content\/uploads\/2023\/11\/WhatsApp-Image-2023-11-17-at-19.29.25.jpeg","articleSection":["Barretos","Col\u00f4mbia"],"inLanguage":"pt-BR","potentialAction":[{"@type":"CommentAction","name":"Comment","target":["https:\/\/regiaonews.net.br\/2022\/2023\/11\/17\/barretos-conquista-selo-prata-de-transparencia-publica-pela-associacao-dos-membros-dos-tribunais-de-contas-do-brasil\/#respond"]}]},{"@type":"WebPage","@id":"https:\/\/regiaonews.net.br\/2022\/2023\/11\/17\/barretos-conquista-selo-prata-de-transparencia-publica-pela-associacao-dos-membros-dos-tribunais-de-contas-do-brasil\/","url":"https:\/\/regiaonews.net.br\/2022\/2023\/11\/17\/barretos-conquista-selo-prata-de-transparencia-publica-pela-associacao-dos-membros-dos-tribunais-de-contas-do-brasil\/","name":"Barretos conquista Selo Prata de Transpar\u00eancia P\u00fablica - Regi\u00e3o News","isPartOf":{"@id":"https:\/\/regiaonews.net.br\/2022\/#website"},"primaryImageOfPage":{"@id":"https:\/\/regiaonews.net.br\/2022\/2023\/11\/17\/barretos-conquista-selo-prata-de-transparencia-publica-pela-associacao-dos-membros-dos-tribunais-de-contas-do-brasil\/#primaryimage"},"image":{"@id":"https:\/\/regiaonews.net.br\/2022\/2023\/11\/17\/barretos-conquista-selo-prata-de-transparencia-publica-pela-associacao-dos-membros-dos-tribunais-de-contas-do-brasil\/#primaryimage"},"thumbnailUrl":"https:\/\/regiaonews.net.br\/2022\/wp-content\/uploads\/2023\/11\/WhatsApp-Image-2023-11-17-at-19.29.25.jpeg","datePublished":"2023-11-17T22:34:45+00:00","dateModified":"2023-11-18T09:14:11+00:00","breadcrumb":{"@id":"https:\/\/regiaonews.net.br\/2022\/2023\/11\/17\/barretos-conquista-selo-prata-de-transparencia-publica-pela-associacao-dos-membros-dos-tribunais-de-contas-do-brasil\/#breadcrumb"},"inLanguage":"pt-BR","potentialAction":[{"@type":"ReadAction","target":["https:\/\/regiaonews.net.br\/2022\/2023\/11\/17\/barretos-conquista-selo-prata-de-transparencia-publica-pela-associacao-dos-membros-dos-tribunais-de-contas-do-brasil\/"]}]},{"@type":"ImageObject","inLanguage":"pt-BR","@id":"https:\/\/regiaonews.net.br\/2022\/2023\/11\/17\/barretos-conquista-selo-prata-de-transparencia-publica-pela-associacao-dos-membros-dos-tribunais-de-contas-do-brasil\/#primaryimage","url":"https:\/\/regiaonews.net.br\/2022\/wp-content\/uploads\/2023\/11\/WhatsApp-Image-2023-11-17-at-19.29.25.jpeg","contentUrl":"https:\/\/regiaonews.net.br\/2022\/wp-content\/uploads\/2023\/11\/WhatsApp-Image-2023-11-17-at-19.29.25.jpeg","width":1024,"height":576},{"@type":"BreadcrumbList","@id":"https:\/\/regiaonews.net.br\/2022\/2023\/11\/17\/barretos-conquista-selo-prata-de-transparencia-publica-pela-associacao-dos-membros-dos-tribunais-de-contas-do-brasil\/#breadcrumb","itemListElement":[{"@type":"ListItem","position":1,"name":"In\u00edcio","item":"https:\/\/regiaonews.net.br\/2022\/"},{"@type":"ListItem","position":2,"name":"Barretos conquista Selo Prata de Transpar\u00eancia P\u00fablica"}]},{"@type":"WebSite","@id":"https:\/\/regiaonews.net.br\/2022\/#website","url":"https:\/\/regiaonews.net.br\/2022\/","name":"Regi\u00e3o News","description":"Site de Not\u00edcias de Barretos e regi\u00e3o","publisher":{"@id":"https:\/\/regiaonews.net.br\/2022\/#organization"},"potentialAction":[{"@type":"SearchAction","target":{"@type":"EntryPoint","urlTemplate":"https:\/\/regiaonews.net.br\/2022\/?s={search_term_string}"},"query-input":{"@type":"PropertyValueSpecification","valueRequired":true,"valueName":"search_term_string"}}],"inLanguage":"pt-BR"},{"@type":"Organization","@id":"https:\/\/regiaonews.net.br\/2022\/#organization","name":"Regi\u00e3o News","url":"https:\/\/regiaonews.net.br\/2022\/","logo":{"@type":"ImageObject","inLanguage":"pt-BR","@id":"https:\/\/regiaonews.net.br\/2022\/#\/schema\/logo\/image\/","url":"https:\/\/regiaonews.net.br\/2022\/wp-content\/uploads\/2026\/03\/regiao-13-anos-scaled.jpg","contentUrl":"https:\/\/regiaonews.net.br\/2022\/wp-content\/uploads\/2026\/03\/regiao-13-anos-scaled.jpg","width":2560,"height":635,"caption":"Regi\u00e3o News"},"image":{"@id":"https:\/\/regiaonews.net.br\/2022\/#\/schema\/logo\/image\/"}},{"@type":"Person","@id":"https:\/\/regiaonews.net.br\/2022\/#\/schema\/person\/2d205a608a5aa97ac279d7a5e6d89ad8","name":"Roberto","image":{"@type":"ImageObject","inLanguage":"pt-BR","@id":"https:\/\/secure.gravatar.com\/avatar\/42749d8b712ff9d59ca93dc150494e5b55a44134482993f5baeb97e61b7ecc89?s=96&d=mm&r=g","url":"https:\/\/secure.gravatar.com\/avatar\/42749d8b712ff9d59ca93dc150494e5b55a44134482993f5baeb97e61b7ecc89?s=96&d=mm&r=g","contentUrl":"https:\/\/secure.gravatar.com\/avatar\/42749d8b712ff9d59ca93dc150494e5b55a44134482993f5baeb97e61b7ecc89?s=96&d=mm&r=g","caption":"Roberto"},"url":"https:\/\/regiaonews.net.br\/2022\/author\/roberto\/"}]}},"publishpress_future_action":{"enabled":false,"date":"2026-05-04 13:33:13","action":"change-status","newStatus":"draft","terms":[],"taxonomy":"category","extraData":[]},"publishpress_future_workflow_manual_trigger":{"enabledWorkflows":[]},"_links":{"self":[{"href":"https:\/\/regiaonews.net.br\/2022\/wp-json\/wp\/v2\/posts\/97888","targetHints":{"allow":["GET"]}}],"collection":[{"href":"https:\/\/regiaonews.net.br\/2022\/wp-json\/wp\/v2\/posts"}],"about":[{"href":"https:\/\/regiaonews.net.br\/2022\/wp-json\/wp\/v2\/types\/post"}],"author":[{"embeddable":true,"href":"https:\/\/regiaonews.net.br\/2022\/wp-json\/wp\/v2\/users\/2"}],"replies":[{"embeddable":true,"href":"https:\/\/regiaonews.net.br\/2022\/wp-json\/wp\/v2\/comments?post=97888"}],"version-history":[{"count":3,"href":"https:\/\/regiaonews.net.br\/2022\/wp-json\/wp\/v2\/posts\/97888\/revisions"}],"predecessor-version":[{"id":97906,"href":"https:\/\/regiaonews.net.br\/2022\/wp-json\/wp\/v2\/posts\/97888\/revisions\/97906"}],"wp:featuredmedia":[{"embeddable":true,"href":"https:\/\/regiaonews.net.br\/2022\/wp-json\/wp\/v2\/media\/97892"}],"wp:attachment":[{"href":"https:\/\/regiaonews.net.br\/2022\/wp-json\/wp\/v2\/media?parent=97888"}],"wp:term":[{"taxonomy":"category","embeddable":true,"href":"https:\/\/regiaonews.net.br\/2022\/wp-json\/wp\/v2\/categories?post=97888"},{"taxonomy":"post_tag","embeddable":true,"href":"https:\/\/regiaonews.net.br\/2022\/wp-json\/wp\/v2\/tags?post=97888"}],"curies":[{"name":"wp","href":"https:\/\/api.w.org\/{rel}","templated":true}]}}