{"id":97879,"date":"2023-11-17T17:01:09","date_gmt":"2023-11-17T20:01:09","guid":{"rendered":"https:\/\/regiaonews.net.br\/2022\/?p=97879"},"modified":"2023-11-17T17:01:09","modified_gmt":"2023-11-17T20:01:09","slug":"artista-barretense-valter-corsino-e-inspiracao-para-criancas-em-nova-exposicao-aberta-na-biblioteca-do-unifeb","status":"publish","type":"post","link":"https:\/\/regiaonews.net.br\/2022\/2023\/11\/17\/artista-barretense-valter-corsino-e-inspiracao-para-criancas-em-nova-exposicao-aberta-na-biblioteca-do-unifeb\/","title":{"rendered":"Artista barretense Valter Corsino \u00e9 inspira\u00e7\u00e3o para crian\u00e7as em nova exposi\u00e7\u00e3o aberta na Biblioteca do UNIFEB\u00a0"},"content":{"rendered":"<h3 style=\"text-align: center;\"><b>A mostra integra as atividades do Centro Universit\u00e1rio em alus\u00e3o ao m\u00eas da Consci\u00eancia Negra.<\/b><\/h3>\n<p>At\u00e9 o dia 27 de novembro \u00e9 poss\u00edvel visitar a exposi\u00e7\u00e3o \u201cProjetando a Arte: Crian\u00e7as pintam obras de Valter Corcino\u201d, aberta ao p\u00fablico no Espa\u00e7o Permanente de Artes Visuais da Biblioteca \u201cProf. Roberto Rossi Zuccolo\u201d do UNIFEB (Centro Universit\u00e1rio da Funda\u00e7\u00e3o Educacional de Barretos).<\/p>\n<p>Segundo a coordenadora de projetos e eventos da Casa Afro \u201c\u00c1lvaro de Oliveira\u201d, Ana Paula Ferreira, neste ano surgiu a possibilidade de desenvolver um trabalho art\u00edstico com alunos da rede municipal de ensino como fechamento do projeto de visitas destas crian\u00e7as \u00e0 institui\u00e7\u00e3o. \u201cInicialmente pensamos em trabalhar os nomes de personalidades negras que desempenharam pap\u00e9is importantes na cidade, como Z\u00e9 Fei\u00e7\u00e3o, Dr. Mariano Dias, Luzia Costa Fernandes, Theodosina Ros\u00e1rio Ribeiro, entre outros. E quando sugerimos falar de uma personalidade negra que pud\u00e9ssemos fazer uma homenagem em vida, sugerimos o nome de Valter Corcino, por ser um artista pl\u00e1stico com um trabalho de grande relev\u00e2ncia, inclusive tendo projetado e coordenado a est\u00e1tua do Jerom\u00e3o e o Parque do Pe\u00e3ozinho\u201d, disse.<\/p>\n<p>A homenagem se tornou uma exposi\u00e7\u00e3o em parceria com o UNIFEB, Casa Afro e Escola Municipal Dr. Jo\u00e3o Ferreira Lopes, que reuniu alunos na produ\u00e7\u00e3o de desenhos em alus\u00e3o \u00e0s obras do artista barretense. Ana Paula e Valter Corcino realizaram encontros presenciais com as crian\u00e7as, que inspiraram trabalhos manuais. A professora de artes Silvia Queiroz fez a doa\u00e7\u00e3o das telas para a realiza\u00e7\u00e3o das pinturas, e os alunos do 5\u00b0ano B finalizaram o trabalho usando grafite e guache,<\/p>\n<p>Segundo Ana Paula, al\u00e9m da produ\u00e7\u00e3o das crian\u00e7as, a exposi\u00e7\u00e3o tamb\u00e9m conta com 16 telas de Valter Corcino, pintadas em lona reciclada de caminh\u00e3o, que fazem parte do &#8220;Projeto Viva Barretos!&#8221;, com mais 60 telas produzidas por ele. \u201cUm bom trabalho \u00e9 feito com muitas parcerias e o objetivo da Casa Afro \u00e9 promover experi\u00eancias pedag\u00f3gicas para alunos e professores que fa\u00e7am potencializar compet\u00eancias, habilidades e fomentar o protagonismo, por meio da inspira\u00e7\u00e3o de grandes personalidades negras, que tem excel\u00eancia em suas produ\u00e7\u00f5es. Essas experi\u00eancias promovem mem\u00f3rias que ficar\u00e3o guardadas na mente e no cora\u00e7\u00e3o, pois o espa\u00e7o escolar precisa provocar a integralidade do conhecimento em seus discentes e docentes\u201d, finalizou.<\/p>\n<p>A exposi\u00e7\u00e3o \u201cProjetando a Arte: Crian\u00e7as pintam obras de Valter Corcino\u201d pode ser conferida de segunda a sexta-feira, das 9h \u00e0s 22h, e aos s\u00e1bados, das 9h \u00e0s 12h.<\/p>\n","protected":false},"excerpt":{"rendered":"<p>A mostra integra as atividades do Centro Universit\u00e1rio em alus\u00e3o<\/p>\n","protected":false},"author":2,"featured_media":97880,"comment_status":"open","ping_status":"open","sticky":false,"template":"","format":"standard","meta":{"footnotes":""},"categories":[14,3],"tags":[],"class_list":["post-97879","post","type-post","status-publish","format-standard","has-post-thumbnail","hentry","category-barretos","category-geral"],"yoast_head":"<!-- This site is optimized with the Yoast SEO plugin v27.4 - https:\/\/yoast.com\/product\/yoast-seo-wordpress\/ -->\n<title>Artista barretense Valter Corsino \u00e9 inspira\u00e7\u00e3o para crian\u00e7as em nova exposi\u00e7\u00e3o aberta na Biblioteca do UNIFEB\u00a0 - Regi\u00e3o News<\/title>\n<meta name=\"robots\" content=\"index, follow, max-snippet:-1, max-image-preview:large, max-video-preview:-1\" \/>\n<link rel=\"canonical\" href=\"https:\/\/regiaonews.net.br\/2022\/2023\/11\/17\/artista-barretense-valter-corsino-e-inspiracao-para-criancas-em-nova-exposicao-aberta-na-biblioteca-do-unifeb\/\" \/>\n<meta property=\"og:locale\" content=\"pt_BR\" \/>\n<meta property=\"og:type\" content=\"article\" \/>\n<meta property=\"og:title\" content=\"Artista barretense Valter Corsino \u00e9 inspira\u00e7\u00e3o para crian\u00e7as em nova exposi\u00e7\u00e3o aberta na Biblioteca do UNIFEB\u00a0 - Regi\u00e3o News\" \/>\n<meta property=\"og:description\" content=\"A mostra integra as atividades do Centro Universit\u00e1rio em alus\u00e3o\" \/>\n<meta property=\"og:url\" content=\"https:\/\/regiaonews.net.br\/2022\/2023\/11\/17\/artista-barretense-valter-corsino-e-inspiracao-para-criancas-em-nova-exposicao-aberta-na-biblioteca-do-unifeb\/\" \/>\n<meta property=\"og:site_name\" content=\"Regi\u00e3o News\" \/>\n<meta property=\"article:published_time\" content=\"2023-11-17T20:01:09+00:00\" \/>\n<meta property=\"og:image\" content=\"https:\/\/regiaonews.net.br\/2022\/wp-content\/uploads\/2023\/11\/Exposicao-Biblioteca-scaled.jpg\" \/>\n\t<meta property=\"og:image:width\" content=\"2560\" \/>\n\t<meta property=\"og:image:height\" content=\"1920\" \/>\n\t<meta property=\"og:image:type\" content=\"image\/jpeg\" \/>\n<meta name=\"author\" content=\"Roberto\" \/>\n<meta name=\"twitter:card\" content=\"summary_large_image\" \/>\n<meta name=\"twitter:label1\" content=\"Escrito por\" \/>\n\t<meta name=\"twitter:data1\" content=\"Roberto\" \/>\n\t<meta name=\"twitter:label2\" content=\"Est. tempo de leitura\" \/>\n\t<meta name=\"twitter:data2\" content=\"3 minutos\" \/>\n<script type=\"application\/ld+json\" class=\"yoast-schema-graph\">{\"@context\":\"https:\\\/\\\/schema.org\",\"@graph\":[{\"@type\":\"Article\",\"@id\":\"https:\\\/\\\/regiaonews.net.br\\\/2022\\\/2023\\\/11\\\/17\\\/artista-barretense-valter-corsino-e-inspiracao-para-criancas-em-nova-exposicao-aberta-na-biblioteca-do-unifeb\\\/#article\",\"isPartOf\":{\"@id\":\"https:\\\/\\\/regiaonews.net.br\\\/2022\\\/2023\\\/11\\\/17\\\/artista-barretense-valter-corsino-e-inspiracao-para-criancas-em-nova-exposicao-aberta-na-biblioteca-do-unifeb\\\/\"},\"author\":{\"name\":\"Roberto\",\"@id\":\"https:\\\/\\\/regiaonews.net.br\\\/2022\\\/#\\\/schema\\\/person\\\/2d205a608a5aa97ac279d7a5e6d89ad8\"},\"headline\":\"Artista barretense Valter Corsino \u00e9 inspira\u00e7\u00e3o para crian\u00e7as em nova exposi\u00e7\u00e3o aberta na Biblioteca do UNIFEB\u00a0\",\"datePublished\":\"2023-11-17T20:01:09+00:00\",\"mainEntityOfPage\":{\"@id\":\"https:\\\/\\\/regiaonews.net.br\\\/2022\\\/2023\\\/11\\\/17\\\/artista-barretense-valter-corsino-e-inspiracao-para-criancas-em-nova-exposicao-aberta-na-biblioteca-do-unifeb\\\/\"},\"wordCount\":458,\"commentCount\":0,\"publisher\":{\"@id\":\"https:\\\/\\\/regiaonews.net.br\\\/2022\\\/#organization\"},\"image\":{\"@id\":\"https:\\\/\\\/regiaonews.net.br\\\/2022\\\/2023\\\/11\\\/17\\\/artista-barretense-valter-corsino-e-inspiracao-para-criancas-em-nova-exposicao-aberta-na-biblioteca-do-unifeb\\\/#primaryimage\"},\"thumbnailUrl\":\"https:\\\/\\\/regiaonews.net.br\\\/2022\\\/wp-content\\\/uploads\\\/2023\\\/11\\\/Exposicao-Biblioteca-scaled.jpg\",\"articleSection\":[\"Barretos\",\"Geral\"],\"inLanguage\":\"pt-BR\",\"potentialAction\":[{\"@type\":\"CommentAction\",\"name\":\"Comment\",\"target\":[\"https:\\\/\\\/regiaonews.net.br\\\/2022\\\/2023\\\/11\\\/17\\\/artista-barretense-valter-corsino-e-inspiracao-para-criancas-em-nova-exposicao-aberta-na-biblioteca-do-unifeb\\\/#respond\"]}]},{\"@type\":\"WebPage\",\"@id\":\"https:\\\/\\\/regiaonews.net.br\\\/2022\\\/2023\\\/11\\\/17\\\/artista-barretense-valter-corsino-e-inspiracao-para-criancas-em-nova-exposicao-aberta-na-biblioteca-do-unifeb\\\/\",\"url\":\"https:\\\/\\\/regiaonews.net.br\\\/2022\\\/2023\\\/11\\\/17\\\/artista-barretense-valter-corsino-e-inspiracao-para-criancas-em-nova-exposicao-aberta-na-biblioteca-do-unifeb\\\/\",\"name\":\"Artista barretense Valter Corsino \u00e9 inspira\u00e7\u00e3o para crian\u00e7as em nova exposi\u00e7\u00e3o aberta na Biblioteca do UNIFEB\u00a0 - Regi\u00e3o News\",\"isPartOf\":{\"@id\":\"https:\\\/\\\/regiaonews.net.br\\\/2022\\\/#website\"},\"primaryImageOfPage\":{\"@id\":\"https:\\\/\\\/regiaonews.net.br\\\/2022\\\/2023\\\/11\\\/17\\\/artista-barretense-valter-corsino-e-inspiracao-para-criancas-em-nova-exposicao-aberta-na-biblioteca-do-unifeb\\\/#primaryimage\"},\"image\":{\"@id\":\"https:\\\/\\\/regiaonews.net.br\\\/2022\\\/2023\\\/11\\\/17\\\/artista-barretense-valter-corsino-e-inspiracao-para-criancas-em-nova-exposicao-aberta-na-biblioteca-do-unifeb\\\/#primaryimage\"},\"thumbnailUrl\":\"https:\\\/\\\/regiaonews.net.br\\\/2022\\\/wp-content\\\/uploads\\\/2023\\\/11\\\/Exposicao-Biblioteca-scaled.jpg\",\"datePublished\":\"2023-11-17T20:01:09+00:00\",\"breadcrumb\":{\"@id\":\"https:\\\/\\\/regiaonews.net.br\\\/2022\\\/2023\\\/11\\\/17\\\/artista-barretense-valter-corsino-e-inspiracao-para-criancas-em-nova-exposicao-aberta-na-biblioteca-do-unifeb\\\/#breadcrumb\"},\"inLanguage\":\"pt-BR\",\"potentialAction\":[{\"@type\":\"ReadAction\",\"target\":[\"https:\\\/\\\/regiaonews.net.br\\\/2022\\\/2023\\\/11\\\/17\\\/artista-barretense-valter-corsino-e-inspiracao-para-criancas-em-nova-exposicao-aberta-na-biblioteca-do-unifeb\\\/\"]}]},{\"@type\":\"ImageObject\",\"inLanguage\":\"pt-BR\",\"@id\":\"https:\\\/\\\/regiaonews.net.br\\\/2022\\\/2023\\\/11\\\/17\\\/artista-barretense-valter-corsino-e-inspiracao-para-criancas-em-nova-exposicao-aberta-na-biblioteca-do-unifeb\\\/#primaryimage\",\"url\":\"https:\\\/\\\/regiaonews.net.br\\\/2022\\\/wp-content\\\/uploads\\\/2023\\\/11\\\/Exposicao-Biblioteca-scaled.jpg\",\"contentUrl\":\"https:\\\/\\\/regiaonews.net.br\\\/2022\\\/wp-content\\\/uploads\\\/2023\\\/11\\\/Exposicao-Biblioteca-scaled.jpg\",\"width\":2560,\"height\":1920},{\"@type\":\"BreadcrumbList\",\"@id\":\"https:\\\/\\\/regiaonews.net.br\\\/2022\\\/2023\\\/11\\\/17\\\/artista-barretense-valter-corsino-e-inspiracao-para-criancas-em-nova-exposicao-aberta-na-biblioteca-do-unifeb\\\/#breadcrumb\",\"itemListElement\":[{\"@type\":\"ListItem\",\"position\":1,\"name\":\"In\u00edcio\",\"item\":\"https:\\\/\\\/regiaonews.net.br\\\/2022\\\/\"},{\"@type\":\"ListItem\",\"position\":2,\"name\":\"Artista barretense Valter Corsino \u00e9 inspira\u00e7\u00e3o para crian\u00e7as em nova exposi\u00e7\u00e3o aberta na Biblioteca do UNIFEB\u00a0\"}]},{\"@type\":\"WebSite\",\"@id\":\"https:\\\/\\\/regiaonews.net.br\\\/2022\\\/#website\",\"url\":\"https:\\\/\\\/regiaonews.net.br\\\/2022\\\/\",\"name\":\"Regi\u00e3o News\",\"description\":\"Site de Not\u00edcias de Barretos e regi\u00e3o\",\"publisher\":{\"@id\":\"https:\\\/\\\/regiaonews.net.br\\\/2022\\\/#organization\"},\"potentialAction\":[{\"@type\":\"SearchAction\",\"target\":{\"@type\":\"EntryPoint\",\"urlTemplate\":\"https:\\\/\\\/regiaonews.net.br\\\/2022\\\/?s={search_term_string}\"},\"query-input\":{\"@type\":\"PropertyValueSpecification\",\"valueRequired\":true,\"valueName\":\"search_term_string\"}}],\"inLanguage\":\"pt-BR\"},{\"@type\":\"Organization\",\"@id\":\"https:\\\/\\\/regiaonews.net.br\\\/2022\\\/#organization\",\"name\":\"Regi\u00e3o News\",\"url\":\"https:\\\/\\\/regiaonews.net.br\\\/2022\\\/\",\"logo\":{\"@type\":\"ImageObject\",\"inLanguage\":\"pt-BR\",\"@id\":\"https:\\\/\\\/regiaonews.net.br\\\/2022\\\/#\\\/schema\\\/logo\\\/image\\\/\",\"url\":\"https:\\\/\\\/regiaonews.net.br\\\/2022\\\/wp-content\\\/uploads\\\/2026\\\/03\\\/regiao-13-anos-scaled.jpg\",\"contentUrl\":\"https:\\\/\\\/regiaonews.net.br\\\/2022\\\/wp-content\\\/uploads\\\/2026\\\/03\\\/regiao-13-anos-scaled.jpg\",\"width\":2560,\"height\":635,\"caption\":\"Regi\u00e3o News\"},\"image\":{\"@id\":\"https:\\\/\\\/regiaonews.net.br\\\/2022\\\/#\\\/schema\\\/logo\\\/image\\\/\"}},{\"@type\":\"Person\",\"@id\":\"https:\\\/\\\/regiaonews.net.br\\\/2022\\\/#\\\/schema\\\/person\\\/2d205a608a5aa97ac279d7a5e6d89ad8\",\"name\":\"Roberto\",\"image\":{\"@type\":\"ImageObject\",\"inLanguage\":\"pt-BR\",\"@id\":\"https:\\\/\\\/secure.gravatar.com\\\/avatar\\\/42749d8b712ff9d59ca93dc150494e5b55a44134482993f5baeb97e61b7ecc89?s=96&d=mm&r=g\",\"url\":\"https:\\\/\\\/secure.gravatar.com\\\/avatar\\\/42749d8b712ff9d59ca93dc150494e5b55a44134482993f5baeb97e61b7ecc89?s=96&d=mm&r=g\",\"contentUrl\":\"https:\\\/\\\/secure.gravatar.com\\\/avatar\\\/42749d8b712ff9d59ca93dc150494e5b55a44134482993f5baeb97e61b7ecc89?s=96&d=mm&r=g\",\"caption\":\"Roberto\"},\"url\":\"https:\\\/\\\/regiaonews.net.br\\\/2022\\\/author\\\/roberto\\\/\"}]}<\/script>\n<!-- \/ Yoast SEO plugin. -->","yoast_head_json":{"title":"Artista barretense Valter Corsino \u00e9 inspira\u00e7\u00e3o para crian\u00e7as em nova exposi\u00e7\u00e3o aberta na Biblioteca do UNIFEB\u00a0 - Regi\u00e3o News","robots":{"index":"index","follow":"follow","max-snippet":"max-snippet:-1","max-image-preview":"max-image-preview:large","max-video-preview":"max-video-preview:-1"},"canonical":"https:\/\/regiaonews.net.br\/2022\/2023\/11\/17\/artista-barretense-valter-corsino-e-inspiracao-para-criancas-em-nova-exposicao-aberta-na-biblioteca-do-unifeb\/","og_locale":"pt_BR","og_type":"article","og_title":"Artista barretense Valter Corsino \u00e9 inspira\u00e7\u00e3o para crian\u00e7as em nova exposi\u00e7\u00e3o aberta na Biblioteca do UNIFEB\u00a0 - Regi\u00e3o News","og_description":"A mostra integra as atividades do Centro Universit\u00e1rio em alus\u00e3o","og_url":"https:\/\/regiaonews.net.br\/2022\/2023\/11\/17\/artista-barretense-valter-corsino-e-inspiracao-para-criancas-em-nova-exposicao-aberta-na-biblioteca-do-unifeb\/","og_site_name":"Regi\u00e3o News","article_published_time":"2023-11-17T20:01:09+00:00","og_image":[{"width":2560,"height":1920,"url":"https:\/\/regiaonews.net.br\/2022\/wp-content\/uploads\/2023\/11\/Exposicao-Biblioteca-scaled.jpg","type":"image\/jpeg"}],"author":"Roberto","twitter_card":"summary_large_image","twitter_misc":{"Escrito por":"Roberto","Est. tempo de leitura":"3 minutos"},"schema":{"@context":"https:\/\/schema.org","@graph":[{"@type":"Article","@id":"https:\/\/regiaonews.net.br\/2022\/2023\/11\/17\/artista-barretense-valter-corsino-e-inspiracao-para-criancas-em-nova-exposicao-aberta-na-biblioteca-do-unifeb\/#article","isPartOf":{"@id":"https:\/\/regiaonews.net.br\/2022\/2023\/11\/17\/artista-barretense-valter-corsino-e-inspiracao-para-criancas-em-nova-exposicao-aberta-na-biblioteca-do-unifeb\/"},"author":{"name":"Roberto","@id":"https:\/\/regiaonews.net.br\/2022\/#\/schema\/person\/2d205a608a5aa97ac279d7a5e6d89ad8"},"headline":"Artista barretense Valter Corsino \u00e9 inspira\u00e7\u00e3o para crian\u00e7as em nova exposi\u00e7\u00e3o aberta na Biblioteca do UNIFEB\u00a0","datePublished":"2023-11-17T20:01:09+00:00","mainEntityOfPage":{"@id":"https:\/\/regiaonews.net.br\/2022\/2023\/11\/17\/artista-barretense-valter-corsino-e-inspiracao-para-criancas-em-nova-exposicao-aberta-na-biblioteca-do-unifeb\/"},"wordCount":458,"commentCount":0,"publisher":{"@id":"https:\/\/regiaonews.net.br\/2022\/#organization"},"image":{"@id":"https:\/\/regiaonews.net.br\/2022\/2023\/11\/17\/artista-barretense-valter-corsino-e-inspiracao-para-criancas-em-nova-exposicao-aberta-na-biblioteca-do-unifeb\/#primaryimage"},"thumbnailUrl":"https:\/\/regiaonews.net.br\/2022\/wp-content\/uploads\/2023\/11\/Exposicao-Biblioteca-scaled.jpg","articleSection":["Barretos","Geral"],"inLanguage":"pt-BR","potentialAction":[{"@type":"CommentAction","name":"Comment","target":["https:\/\/regiaonews.net.br\/2022\/2023\/11\/17\/artista-barretense-valter-corsino-e-inspiracao-para-criancas-em-nova-exposicao-aberta-na-biblioteca-do-unifeb\/#respond"]}]},{"@type":"WebPage","@id":"https:\/\/regiaonews.net.br\/2022\/2023\/11\/17\/artista-barretense-valter-corsino-e-inspiracao-para-criancas-em-nova-exposicao-aberta-na-biblioteca-do-unifeb\/","url":"https:\/\/regiaonews.net.br\/2022\/2023\/11\/17\/artista-barretense-valter-corsino-e-inspiracao-para-criancas-em-nova-exposicao-aberta-na-biblioteca-do-unifeb\/","name":"Artista barretense Valter Corsino \u00e9 inspira\u00e7\u00e3o para crian\u00e7as em nova exposi\u00e7\u00e3o aberta na Biblioteca do UNIFEB\u00a0 - Regi\u00e3o News","isPartOf":{"@id":"https:\/\/regiaonews.net.br\/2022\/#website"},"primaryImageOfPage":{"@id":"https:\/\/regiaonews.net.br\/2022\/2023\/11\/17\/artista-barretense-valter-corsino-e-inspiracao-para-criancas-em-nova-exposicao-aberta-na-biblioteca-do-unifeb\/#primaryimage"},"image":{"@id":"https:\/\/regiaonews.net.br\/2022\/2023\/11\/17\/artista-barretense-valter-corsino-e-inspiracao-para-criancas-em-nova-exposicao-aberta-na-biblioteca-do-unifeb\/#primaryimage"},"thumbnailUrl":"https:\/\/regiaonews.net.br\/2022\/wp-content\/uploads\/2023\/11\/Exposicao-Biblioteca-scaled.jpg","datePublished":"2023-11-17T20:01:09+00:00","breadcrumb":{"@id":"https:\/\/regiaonews.net.br\/2022\/2023\/11\/17\/artista-barretense-valter-corsino-e-inspiracao-para-criancas-em-nova-exposicao-aberta-na-biblioteca-do-unifeb\/#breadcrumb"},"inLanguage":"pt-BR","potentialAction":[{"@type":"ReadAction","target":["https:\/\/regiaonews.net.br\/2022\/2023\/11\/17\/artista-barretense-valter-corsino-e-inspiracao-para-criancas-em-nova-exposicao-aberta-na-biblioteca-do-unifeb\/"]}]},{"@type":"ImageObject","inLanguage":"pt-BR","@id":"https:\/\/regiaonews.net.br\/2022\/2023\/11\/17\/artista-barretense-valter-corsino-e-inspiracao-para-criancas-em-nova-exposicao-aberta-na-biblioteca-do-unifeb\/#primaryimage","url":"https:\/\/regiaonews.net.br\/2022\/wp-content\/uploads\/2023\/11\/Exposicao-Biblioteca-scaled.jpg","contentUrl":"https:\/\/regiaonews.net.br\/2022\/wp-content\/uploads\/2023\/11\/Exposicao-Biblioteca-scaled.jpg","width":2560,"height":1920},{"@type":"BreadcrumbList","@id":"https:\/\/regiaonews.net.br\/2022\/2023\/11\/17\/artista-barretense-valter-corsino-e-inspiracao-para-criancas-em-nova-exposicao-aberta-na-biblioteca-do-unifeb\/#breadcrumb","itemListElement":[{"@type":"ListItem","position":1,"name":"In\u00edcio","item":"https:\/\/regiaonews.net.br\/2022\/"},{"@type":"ListItem","position":2,"name":"Artista barretense Valter Corsino \u00e9 inspira\u00e7\u00e3o para crian\u00e7as em nova exposi\u00e7\u00e3o aberta na Biblioteca do UNIFEB\u00a0"}]},{"@type":"WebSite","@id":"https:\/\/regiaonews.net.br\/2022\/#website","url":"https:\/\/regiaonews.net.br\/2022\/","name":"Regi\u00e3o News","description":"Site de Not\u00edcias de Barretos e regi\u00e3o","publisher":{"@id":"https:\/\/regiaonews.net.br\/2022\/#organization"},"potentialAction":[{"@type":"SearchAction","target":{"@type":"EntryPoint","urlTemplate":"https:\/\/regiaonews.net.br\/2022\/?s={search_term_string}"},"query-input":{"@type":"PropertyValueSpecification","valueRequired":true,"valueName":"search_term_string"}}],"inLanguage":"pt-BR"},{"@type":"Organization","@id":"https:\/\/regiaonews.net.br\/2022\/#organization","name":"Regi\u00e3o News","url":"https:\/\/regiaonews.net.br\/2022\/","logo":{"@type":"ImageObject","inLanguage":"pt-BR","@id":"https:\/\/regiaonews.net.br\/2022\/#\/schema\/logo\/image\/","url":"https:\/\/regiaonews.net.br\/2022\/wp-content\/uploads\/2026\/03\/regiao-13-anos-scaled.jpg","contentUrl":"https:\/\/regiaonews.net.br\/2022\/wp-content\/uploads\/2026\/03\/regiao-13-anos-scaled.jpg","width":2560,"height":635,"caption":"Regi\u00e3o News"},"image":{"@id":"https:\/\/regiaonews.net.br\/2022\/#\/schema\/logo\/image\/"}},{"@type":"Person","@id":"https:\/\/regiaonews.net.br\/2022\/#\/schema\/person\/2d205a608a5aa97ac279d7a5e6d89ad8","name":"Roberto","image":{"@type":"ImageObject","inLanguage":"pt-BR","@id":"https:\/\/secure.gravatar.com\/avatar\/42749d8b712ff9d59ca93dc150494e5b55a44134482993f5baeb97e61b7ecc89?s=96&d=mm&r=g","url":"https:\/\/secure.gravatar.com\/avatar\/42749d8b712ff9d59ca93dc150494e5b55a44134482993f5baeb97e61b7ecc89?s=96&d=mm&r=g","contentUrl":"https:\/\/secure.gravatar.com\/avatar\/42749d8b712ff9d59ca93dc150494e5b55a44134482993f5baeb97e61b7ecc89?s=96&d=mm&r=g","caption":"Roberto"},"url":"https:\/\/regiaonews.net.br\/2022\/author\/roberto\/"}]}},"publishpress_future_action":{"enabled":false,"date":"2026-05-04 16:31:54","action":"change-status","newStatus":"draft","terms":[],"taxonomy":"category","extraData":[]},"publishpress_future_workflow_manual_trigger":{"enabledWorkflows":[]},"_links":{"self":[{"href":"https:\/\/regiaonews.net.br\/2022\/wp-json\/wp\/v2\/posts\/97879","targetHints":{"allow":["GET"]}}],"collection":[{"href":"https:\/\/regiaonews.net.br\/2022\/wp-json\/wp\/v2\/posts"}],"about":[{"href":"https:\/\/regiaonews.net.br\/2022\/wp-json\/wp\/v2\/types\/post"}],"author":[{"embeddable":true,"href":"https:\/\/regiaonews.net.br\/2022\/wp-json\/wp\/v2\/users\/2"}],"replies":[{"embeddable":true,"href":"https:\/\/regiaonews.net.br\/2022\/wp-json\/wp\/v2\/comments?post=97879"}],"version-history":[{"count":1,"href":"https:\/\/regiaonews.net.br\/2022\/wp-json\/wp\/v2\/posts\/97879\/revisions"}],"predecessor-version":[{"id":97881,"href":"https:\/\/regiaonews.net.br\/2022\/wp-json\/wp\/v2\/posts\/97879\/revisions\/97881"}],"wp:featuredmedia":[{"embeddable":true,"href":"https:\/\/regiaonews.net.br\/2022\/wp-json\/wp\/v2\/media\/97880"}],"wp:attachment":[{"href":"https:\/\/regiaonews.net.br\/2022\/wp-json\/wp\/v2\/media?parent=97879"}],"wp:term":[{"taxonomy":"category","embeddable":true,"href":"https:\/\/regiaonews.net.br\/2022\/wp-json\/wp\/v2\/categories?post=97879"},{"taxonomy":"post_tag","embeddable":true,"href":"https:\/\/regiaonews.net.br\/2022\/wp-json\/wp\/v2\/tags?post=97879"}],"curies":[{"name":"wp","href":"https:\/\/api.w.org\/{rel}","templated":true}]}}